{"id":3839,"date":"2016-09-07T07:32:03","date_gmt":"2016-09-07T05:32:03","guid":{"rendered":"http:\/\/dev.immobilienbusiness.ch\/?p=3839"},"modified":"2016-09-07T07:32:03","modified_gmt":"2016-09-07T05:32:03","slug":"muensingen-baustart-fuer-zweite-etappe-im-wohnquartier-erlenau","status":"publish","type":"post","link":"https:\/\/www.immobilienbusiness.ch\/it\/residential\/2016-09-07\/muensingen-baustart-fuer-zweite-etappe-im-wohnquartier-erlenau\/","title":{"rendered":"M\u00fcnsingen: Inizio dei lavori per la seconda fase del quartiere residenziale di Erlenau"},"content":{"rendered":"<figure id=\"attachment_3840\" aria-describedby=\"caption-attachment-3840\" style=\"width: 680px\" class=\"wp-caption alignnone\"><img loading=\"lazy\" decoding=\"async\" class=\"size-medium wp-image-3840\" src=\"https:\/\/immobilienbusiness.ch\/wp-content\/uploads\/2016\/12\/M\u00fcnsingen-Baustart-f\u00fcr-zweite-Etappe-im-Wohnquartier-Erlenau-immobilien-business.jpg\" alt=\"Die Nord-Etappe im Wohnquartier Erlenau (Visualisierung: Marti Generalunternehmung AG)\" width=\"680\" height=\"427\" \/><figcaption id=\"caption-attachment-3840\" class=\"wp-caption-text\">Il palco nord nel quartiere residenziale di Erlenau (visualizzazione: Marti Generalunternehmung AG)<\/figcaption><\/figure>\n<p>Un totale di 50 condomini (3,5, 4,5 e 5,5 stanze) e quattro monolocali sono stati costruiti secondo uno standard elevato. Un parcheggio sotterraneo collega i tre edifici; in superficie, il complesso \u00e8 chiuso al traffico.<\/p>\n<p>I condomini sono leggermente sfalsati, con gli appartamenti rivolti a sud. Sul davanti si trovano piazze che consentono l'accesso e il parcheggio dei visitatori e offrono spazio per soffermarsi. Davanti alla zona residenziale a sud c'\u00e8 un'ampia area verde, mentre al passaggio da Erlenauweg a Lindenweg, al centro dei nuovi edifici, \u00e8 stata creata una piazza pubblica di quartiere. Anche la fermata dell'autobus locale di Erlenauweg sar\u00e0 integrata nel progetto.<\/p>\n<p>Il nuovo quartiere di Erlenau si trova a pochi passi dalla stazione ferroviaria di M\u00fcnsingen. (ah)<\/p>","protected":false},"excerpt":{"rendered":"<p>I lavori di costruzione della sezione settentrionale del quartiere residenziale di Erlenau a M\u00fcnsingen inizieranno a settembre. Marti Generalunternehmung AG sta costruendo tre condomini con appartamenti occupati dai proprietari.<\/p>","protected":false},"author":1,"featured_media":3840,"comment_status":"open","ping_status":"open","sticky":false,"template":"","format":"standard","meta":{"_acf_changed":false,"_yoast_wpseo_focuskw":"Wohnquartier Erlenau","_yoast_wpseo_title":"","_yoast_wpseo_metadesc":"Im September erfolgt der Baustart f\u00fcr die Nord-Etappe im Wohnquartier Erlenau in M\u00fcnsingen. Marti Generalunternehmung AG errichtet drei Mehrfamilienh\u00e4user.","_yoast_wpseo_linkdex":71,"pgc_sgb_lightbox_settings":"","footnotes":""},"categories":[986],"tags":[1091,1639,1862],"class_list":["post-3839","post","type-post","status-publish","format-standard","has-post-thumbnail","hentry","category-residential","tag-bern","tag-residential","tag-wohnen"],"acf":[],"yoast_head":"<!-- This site is optimized with the Yoast SEO plugin v27.4 - https:\/\/yoast.com\/product\/yoast-seo-wordpress\/ -->\n<title>M\u00fcnsingen: Baustart f\u00fcr zweite Etappe im Wohnquartier Erlenau - IMMOBILIEN Business<\/title>\n<meta name=\"description\" content=\"Im September erfolgt der Baustart f\u00fcr die Nord-Etappe im Wohnquartier Erlenau in M\u00fcnsingen. Marti Generalunternehmung AG errichtet drei Mehrfamilienh\u00e4user.\" \/>\n<meta name=\"robots\" content=\"index, follow, max-snippet:-1, max-image-preview:large, max-video-preview:-1\" \/>\n<link rel=\"canonical\" href=\"https:\/\/www.immobilienbusiness.ch\/it\/residential\/2016-09-07\/muensingen-baustart-fuer-zweite-etappe-im-wohnquartier-erlenau\/\" \/>\n<meta property=\"og:locale\" content=\"it_IT\" \/>\n<meta property=\"og:type\" content=\"article\" \/>\n<meta property=\"og:title\" content=\"M\u00fcnsingen: Baustart f\u00fcr zweite Etappe im Wohnquartier Erlenau\" \/>\n<meta property=\"og:description\" content=\"Noch im September erfolgt der Baustart f\u00fcr die Nord-Etappe im Wohnquartier Erlenau in M\u00fcnsingen. Die Marti Generalunternehmung AG errichtet drei Mehrfamilienh\u00e4user mit Eigentumswohnungen.\" \/>\n<meta property=\"og:url\" content=\"https:\/\/www.immobilienbusiness.ch\/it\/residential\/2016-09-07\/muensingen-baustart-fuer-zweite-etappe-im-wohnquartier-erlenau\/\" \/>\n<meta property=\"og:site_name\" content=\"IMMOBILIEN Business\" \/>\n<meta property=\"article:publisher\" content=\"https:\/\/www.facebook.com\/immobilienbusiness\/\" \/>\n<meta property=\"article:published_time\" content=\"2016-09-07T05:32:03+00:00\" \/>\n<meta name=\"author\" content=\"Redaktion\" \/>\n<meta name=\"twitter:card\" content=\"summary_large_image\" \/>\n<meta name=\"twitter:image\" content=\"https:\/\/www.immobilienbusiness.ch\/wp-content\/uploads\/2016\/12\/Muensingen-Baustart-fuer-zweite-Etappe-im-Wohnquartier-Erlenau-immobilien-business.jpg\" \/>\n<script type=\"application\/ld+json\" class=\"yoast-schema-graph\">{\"@context\":\"https:\\\/\\\/schema.org\",\"@graph\":[{\"@type\":\"Article\",\"@id\":\"https:\\\/\\\/www.immobilienbusiness.ch\\\/de\\\/residential\\\/2016-09-07\\\/muensingen-baustart-fuer-zweite-etappe-im-wohnquartier-erlenau\\\/#article\",\"isPartOf\":{\"@id\":\"https:\\\/\\\/www.immobilienbusiness.ch\\\/de\\\/residential\\\/2016-09-07\\\/muensingen-baustart-fuer-zweite-etappe-im-wohnquartier-erlenau\\\/\"},\"author\":{\"name\":\"Redaktion\",\"@id\":\"https:\\\/\\\/www.immobilienbusiness.ch\\\/#\\\/schema\\\/person\\\/aa2bace6c5c5aad60102004a50c4eb1c\"},\"headline\":\"M\u00fcnsingen: Baustart f\u00fcr zweite Etappe im Wohnquartier Erlenau\",\"datePublished\":\"2016-09-07T05:32:03+00:00\",\"mainEntityOfPage\":{\"@id\":\"https:\\\/\\\/www.immobilienbusiness.ch\\\/de\\\/residential\\\/2016-09-07\\\/muensingen-baustart-fuer-zweite-etappe-im-wohnquartier-erlenau\\\/\"},\"wordCount\":132,\"commentCount\":0,\"publisher\":{\"@id\":\"https:\\\/\\\/www.immobilienbusiness.ch\\\/#organization\"},\"image\":{\"@id\":\"https:\\\/\\\/www.immobilienbusiness.ch\\\/de\\\/residential\\\/2016-09-07\\\/muensingen-baustart-fuer-zweite-etappe-im-wohnquartier-erlenau\\\/#primaryimage\"},\"thumbnailUrl\":\"https:\\\/\\\/www.immobilienbusiness.ch\\\/wp-content\\\/uploads\\\/2016\\\/12\\\/Muensingen-Baustart-fuer-zweite-Etappe-im-Wohnquartier-Erlenau-immobilien-business.jpg\",\"keywords\":[\"Bern\",\"Residential\",\"Wohnen\"],\"articleSection\":[\"RESIDENTIAL\"],\"inLanguage\":\"it-IT\"},{\"@type\":\"WebPage\",\"@id\":\"https:\\\/\\\/www.immobilienbusiness.ch\\\/de\\\/residential\\\/2016-09-07\\\/muensingen-baustart-fuer-zweite-etappe-im-wohnquartier-erlenau\\\/\",\"url\":\"https:\\\/\\\/www.immobilienbusiness.ch\\\/de\\\/residential\\\/2016-09-07\\\/muensingen-baustart-fuer-zweite-etappe-im-wohnquartier-erlenau\\\/\",\"name\":\"M\u00fcnsingen: Baustart f\u00fcr zweite Etappe im Wohnquartier Erlenau - IMMOBILIEN Business\",\"isPartOf\":{\"@id\":\"https:\\\/\\\/www.immobilienbusiness.ch\\\/#website\"},\"primaryImageOfPage\":{\"@id\":\"https:\\\/\\\/www.immobilienbusiness.ch\\\/de\\\/residential\\\/2016-09-07\\\/muensingen-baustart-fuer-zweite-etappe-im-wohnquartier-erlenau\\\/#primaryimage\"},\"image\":{\"@id\":\"https:\\\/\\\/www.immobilienbusiness.ch\\\/de\\\/residential\\\/2016-09-07\\\/muensingen-baustart-fuer-zweite-etappe-im-wohnquartier-erlenau\\\/#primaryimage\"},\"thumbnailUrl\":\"https:\\\/\\\/www.immobilienbusiness.ch\\\/wp-content\\\/uploads\\\/2016\\\/12\\\/Muensingen-Baustart-fuer-zweite-Etappe-im-Wohnquartier-Erlenau-immobilien-business.jpg\",\"datePublished\":\"2016-09-07T05:32:03+00:00\",\"description\":\"Im September erfolgt der Baustart f\u00fcr die Nord-Etappe im Wohnquartier Erlenau in M\u00fcnsingen. Marti Generalunternehmung AG errichtet drei Mehrfamilienh\u00e4user.\",\"breadcrumb\":{\"@id\":\"https:\\\/\\\/www.immobilienbusiness.ch\\\/de\\\/residential\\\/2016-09-07\\\/muensingen-baustart-fuer-zweite-etappe-im-wohnquartier-erlenau\\\/#breadcrumb\"},\"inLanguage\":\"it-IT\",\"potentialAction\":[{\"@type\":\"ReadAction\",\"target\":[\"https:\\\/\\\/www.immobilienbusiness.ch\\\/de\\\/residential\\\/2016-09-07\\\/muensingen-baustart-fuer-zweite-etappe-im-wohnquartier-erlenau\\\/\"]}]},{\"@type\":\"ImageObject\",\"inLanguage\":\"it-IT\",\"@id\":\"https:\\\/\\\/www.immobilienbusiness.ch\\\/de\\\/residential\\\/2016-09-07\\\/muensingen-baustart-fuer-zweite-etappe-im-wohnquartier-erlenau\\\/#primaryimage\",\"url\":\"https:\\\/\\\/www.immobilienbusiness.ch\\\/wp-content\\\/uploads\\\/2016\\\/12\\\/Muensingen-Baustart-fuer-zweite-Etappe-im-Wohnquartier-Erlenau-immobilien-business.jpg\",\"contentUrl\":\"https:\\\/\\\/www.immobilienbusiness.ch\\\/wp-content\\\/uploads\\\/2016\\\/12\\\/Muensingen-Baustart-fuer-zweite-Etappe-im-Wohnquartier-Erlenau-immobilien-business.jpg\",\"width\":808,\"height\":507,\"caption\":\"Die Nord-Etappe im Wohnquartier Erlenau (Visualisierung: Marti Generalunternehmung AG)\"},{\"@type\":\"BreadcrumbList\",\"@id\":\"https:\\\/\\\/www.immobilienbusiness.ch\\\/de\\\/residential\\\/2016-09-07\\\/muensingen-baustart-fuer-zweite-etappe-im-wohnquartier-erlenau\\\/#breadcrumb\",\"itemListElement\":[{\"@type\":\"ListItem\",\"position\":1,\"name\":\"Home\",\"item\":\"https:\\\/\\\/www.immobilienbusiness.ch\\\/\"},{\"@type\":\"ListItem\",\"position\":2,\"name\":\"M\u00fcnsingen: Baustart f\u00fcr zweite Etappe im Wohnquartier Erlenau\"}]},{\"@type\":\"WebSite\",\"@id\":\"https:\\\/\\\/www.immobilienbusiness.ch\\\/#website\",\"url\":\"https:\\\/\\\/www.immobilienbusiness.ch\\\/\",\"name\":\"IMMOBILIEN Business\",\"description\":\"Unabh\u00e4ngiges Schweizer Wirtschaftsmagazin mit Fokus auf Immobilien, Architektur- und Bau sowie Investment- und Finanzierung.\",\"publisher\":{\"@id\":\"https:\\\/\\\/www.immobilienbusiness.ch\\\/#organization\"},\"potentialAction\":[{\"@type\":\"SearchAction\",\"target\":{\"@type\":\"EntryPoint\",\"urlTemplate\":\"https:\\\/\\\/www.immobilienbusiness.ch\\\/?s={search_term_string}\"},\"query-input\":{\"@type\":\"PropertyValueSpecification\",\"valueRequired\":true,\"valueName\":\"search_term_string\"}}],\"inLanguage\":\"it-IT\"},{\"@type\":\"Organization\",\"@id\":\"https:\\\/\\\/www.immobilienbusiness.ch\\\/#organization\",\"name\":\"IMMOBILIEN Business\",\"url\":\"https:\\\/\\\/www.immobilienbusiness.ch\\\/\",\"logo\":{\"@type\":\"ImageObject\",\"inLanguage\":\"it-IT\",\"@id\":\"https:\\\/\\\/www.immobilienbusiness.ch\\\/#\\\/schema\\\/logo\\\/image\\\/\",\"url\":\"https:\\\/\\\/www.immobilienbusiness.ch\\\/wp-content\\\/uploads\\\/2021\\\/07\\\/logo_ib.png\",\"contentUrl\":\"https:\\\/\\\/www.immobilienbusiness.ch\\\/wp-content\\\/uploads\\\/2021\\\/07\\\/logo_ib.png\",\"width\":800,\"height\":181,\"caption\":\"IMMOBILIEN Business\"},\"image\":{\"@id\":\"https:\\\/\\\/www.immobilienbusiness.ch\\\/#\\\/schema\\\/logo\\\/image\\\/\"},\"sameAs\":[\"https:\\\/\\\/www.facebook.com\\\/immobilienbusiness\\\/\"]},{\"@type\":\"Person\",\"@id\":\"https:\\\/\\\/www.immobilienbusiness.ch\\\/#\\\/schema\\\/person\\\/aa2bace6c5c5aad60102004a50c4eb1c\",\"name\":\"Redaktion\",\"image\":{\"@type\":\"ImageObject\",\"inLanguage\":\"it-IT\",\"@id\":\"https:\\\/\\\/secure.gravatar.com\\\/avatar\\\/ae2f4d718e6c49043e314ce431e7e645d646302a24a5ef5a8bc8e3f5a032e319?s=96&d=mm&r=g\",\"url\":\"https:\\\/\\\/secure.gravatar.com\\\/avatar\\\/ae2f4d718e6c49043e314ce431e7e645d646302a24a5ef5a8bc8e3f5a032e319?s=96&d=mm&r=g\",\"contentUrl\":\"https:\\\/\\\/secure.gravatar.com\\\/avatar\\\/ae2f4d718e6c49043e314ce431e7e645d646302a24a5ef5a8bc8e3f5a032e319?s=96&d=mm&r=g\",\"caption\":\"Redaktion\"},\"sameAs\":[\"http:\\\/\\\/develop.organisator.galledia.ch\"],\"url\":\"https:\\\/\\\/www.immobilienbusiness.ch\\\/it\\\/author\\\/admin\\\/\"}]}<\/script>\n<!-- \/ Yoast SEO plugin. -->","yoast_head_json":{"title":"M\u00fcnsingen: Baustart f\u00fcr zweite Etappe im Wohnquartier Erlenau - IMMOBILIEN Business","description":"Im September erfolgt der Baustart f\u00fcr die Nord-Etappe im Wohnquartier Erlenau in M\u00fcnsingen. Marti Generalunternehmung AG errichtet drei Mehrfamilienh\u00e4user.","robots":{"index":"index","follow":"follow","max-snippet":"max-snippet:-1","max-image-preview":"max-image-preview:large","max-video-preview":"max-video-preview:-1"},"canonical":"https:\/\/www.immobilienbusiness.ch\/it\/residential\/2016-09-07\/muensingen-baustart-fuer-zweite-etappe-im-wohnquartier-erlenau\/","og_locale":"it_IT","og_type":"article","og_title":"M\u00fcnsingen: Baustart f\u00fcr zweite Etappe im Wohnquartier Erlenau","og_description":"Noch im September erfolgt der Baustart f\u00fcr die Nord-Etappe im Wohnquartier Erlenau in M\u00fcnsingen. Die Marti Generalunternehmung AG errichtet drei Mehrfamilienh\u00e4user mit Eigentumswohnungen.","og_url":"https:\/\/www.immobilienbusiness.ch\/it\/residential\/2016-09-07\/muensingen-baustart-fuer-zweite-etappe-im-wohnquartier-erlenau\/","og_site_name":"IMMOBILIEN Business","article_publisher":"https:\/\/www.facebook.com\/immobilienbusiness\/","article_published_time":"2016-09-07T05:32:03+00:00","author":"Redaktion","twitter_card":"summary_large_image","twitter_image":"https:\/\/www.immobilienbusiness.ch\/wp-content\/uploads\/2016\/12\/Muensingen-Baustart-fuer-zweite-Etappe-im-Wohnquartier-Erlenau-immobilien-business.jpg","schema":{"@context":"https:\/\/schema.org","@graph":[{"@type":"Article","@id":"https:\/\/www.immobilienbusiness.ch\/de\/residential\/2016-09-07\/muensingen-baustart-fuer-zweite-etappe-im-wohnquartier-erlenau\/#article","isPartOf":{"@id":"https:\/\/www.immobilienbusiness.ch\/de\/residential\/2016-09-07\/muensingen-baustart-fuer-zweite-etappe-im-wohnquartier-erlenau\/"},"author":{"name":"Redaktion","@id":"https:\/\/www.immobilienbusiness.ch\/#\/schema\/person\/aa2bace6c5c5aad60102004a50c4eb1c"},"headline":"M\u00fcnsingen: Baustart f\u00fcr zweite Etappe im Wohnquartier Erlenau","datePublished":"2016-09-07T05:32:03+00:00","mainEntityOfPage":{"@id":"https:\/\/www.immobilienbusiness.ch\/de\/residential\/2016-09-07\/muensingen-baustart-fuer-zweite-etappe-im-wohnquartier-erlenau\/"},"wordCount":132,"commentCount":0,"publisher":{"@id":"https:\/\/www.immobilienbusiness.ch\/#organization"},"image":{"@id":"https:\/\/www.immobilienbusiness.ch\/de\/residential\/2016-09-07\/muensingen-baustart-fuer-zweite-etappe-im-wohnquartier-erlenau\/#primaryimage"},"thumbnailUrl":"https:\/\/www.immobilienbusiness.ch\/wp-content\/uploads\/2016\/12\/Muensingen-Baustart-fuer-zweite-Etappe-im-Wohnquartier-Erlenau-immobilien-business.jpg","keywords":["Bern","Residential","Wohnen"],"articleSection":["RESIDENTIAL"],"inLanguage":"it-IT"},{"@type":"WebPage","@id":"https:\/\/www.immobilienbusiness.ch\/de\/residential\/2016-09-07\/muensingen-baustart-fuer-zweite-etappe-im-wohnquartier-erlenau\/","url":"https:\/\/www.immobilienbusiness.ch\/de\/residential\/2016-09-07\/muensingen-baustart-fuer-zweite-etappe-im-wohnquartier-erlenau\/","name":"M\u00fcnsingen: Baustart f\u00fcr zweite Etappe im Wohnquartier Erlenau - IMMOBILIEN Business","isPartOf":{"@id":"https:\/\/www.immobilienbusiness.ch\/#website"},"primaryImageOfPage":{"@id":"https:\/\/www.immobilienbusiness.ch\/de\/residential\/2016-09-07\/muensingen-baustart-fuer-zweite-etappe-im-wohnquartier-erlenau\/#primaryimage"},"image":{"@id":"https:\/\/www.immobilienbusiness.ch\/de\/residential\/2016-09-07\/muensingen-baustart-fuer-zweite-etappe-im-wohnquartier-erlenau\/#primaryimage"},"thumbnailUrl":"https:\/\/www.immobilienbusiness.ch\/wp-content\/uploads\/2016\/12\/Muensingen-Baustart-fuer-zweite-Etappe-im-Wohnquartier-Erlenau-immobilien-business.jpg","datePublished":"2016-09-07T05:32:03+00:00","description":"Im September erfolgt der Baustart f\u00fcr die Nord-Etappe im Wohnquartier Erlenau in M\u00fcnsingen. Marti Generalunternehmung AG errichtet drei Mehrfamilienh\u00e4user.","breadcrumb":{"@id":"https:\/\/www.immobilienbusiness.ch\/de\/residential\/2016-09-07\/muensingen-baustart-fuer-zweite-etappe-im-wohnquartier-erlenau\/#breadcrumb"},"inLanguage":"it-IT","potentialAction":[{"@type":"ReadAction","target":["https:\/\/www.immobilienbusiness.ch\/de\/residential\/2016-09-07\/muensingen-baustart-fuer-zweite-etappe-im-wohnquartier-erlenau\/"]}]},{"@type":"ImageObject","inLanguage":"it-IT","@id":"https:\/\/www.immobilienbusiness.ch\/de\/residential\/2016-09-07\/muensingen-baustart-fuer-zweite-etappe-im-wohnquartier-erlenau\/#primaryimage","url":"https:\/\/www.immobilienbusiness.ch\/wp-content\/uploads\/2016\/12\/Muensingen-Baustart-fuer-zweite-Etappe-im-Wohnquartier-Erlenau-immobilien-business.jpg","contentUrl":"https:\/\/www.immobilienbusiness.ch\/wp-content\/uploads\/2016\/12\/Muensingen-Baustart-fuer-zweite-Etappe-im-Wohnquartier-Erlenau-immobilien-business.jpg","width":808,"height":507,"caption":"Die Nord-Etappe im Wohnquartier Erlenau (Visualisierung: Marti Generalunternehmung AG)"},{"@type":"BreadcrumbList","@id":"https:\/\/www.immobilienbusiness.ch\/de\/residential\/2016-09-07\/muensingen-baustart-fuer-zweite-etappe-im-wohnquartier-erlenau\/#breadcrumb","itemListElement":[{"@type":"ListItem","position":1,"name":"Home","item":"https:\/\/www.immobilienbusiness.ch\/"},{"@type":"ListItem","position":2,"name":"M\u00fcnsingen: Baustart f\u00fcr zweite Etappe im Wohnquartier Erlenau"}]},{"@type":"WebSite","@id":"https:\/\/www.immobilienbusiness.ch\/#website","url":"https:\/\/www.immobilienbusiness.ch\/","name":"Affari immobiliari","description":"Rivista economica indipendente svizzera che si concentra sul settore immobiliare, l'architettura e la costruzione, nonch\u00e9 sugli investimenti e i finanziamenti.","publisher":{"@id":"https:\/\/www.immobilienbusiness.ch\/#organization"},"potentialAction":[{"@type":"SearchAction","target":{"@type":"EntryPoint","urlTemplate":"https:\/\/www.immobilienbusiness.ch\/?s={search_term_string}"},"query-input":{"@type":"PropertyValueSpecification","valueRequired":true,"valueName":"search_term_string"}}],"inLanguage":"it-IT"},{"@type":"Organization","@id":"https:\/\/www.immobilienbusiness.ch\/#organization","name":"Affari immobiliari","url":"https:\/\/www.immobilienbusiness.ch\/","logo":{"@type":"ImageObject","inLanguage":"it-IT","@id":"https:\/\/www.immobilienbusiness.ch\/#\/schema\/logo\/image\/","url":"https:\/\/www.immobilienbusiness.ch\/wp-content\/uploads\/2021\/07\/logo_ib.png","contentUrl":"https:\/\/www.immobilienbusiness.ch\/wp-content\/uploads\/2021\/07\/logo_ib.png","width":800,"height":181,"caption":"IMMOBILIEN Business"},"image":{"@id":"https:\/\/www.immobilienbusiness.ch\/#\/schema\/logo\/image\/"},"sameAs":["https:\/\/www.facebook.com\/immobilienbusiness\/"]},{"@type":"Person","@id":"https:\/\/www.immobilienbusiness.ch\/#\/schema\/person\/aa2bace6c5c5aad60102004a50c4eb1c","name":"Editoriale","image":{"@type":"ImageObject","inLanguage":"it-IT","@id":"https:\/\/secure.gravatar.com\/avatar\/ae2f4d718e6c49043e314ce431e7e645d646302a24a5ef5a8bc8e3f5a032e319?s=96&d=mm&r=g","url":"https:\/\/secure.gravatar.com\/avatar\/ae2f4d718e6c49043e314ce431e7e645d646302a24a5ef5a8bc8e3f5a032e319?s=96&d=mm&r=g","contentUrl":"https:\/\/secure.gravatar.com\/avatar\/ae2f4d718e6c49043e314ce431e7e645d646302a24a5ef5a8bc8e3f5a032e319?s=96&d=mm&r=g","caption":"Redaktion"},"sameAs":["http:\/\/develop.organisator.galledia.ch"],"url":"https:\/\/www.immobilienbusiness.ch\/it\/author\/admin\/"}]}},"_links":{"self":[{"href":"https:\/\/www.immobilienbusiness.ch\/it\/wp-json\/wp\/v2\/posts\/3839","targetHints":{"allow":["GET"]}}],"collection":[{"href":"https:\/\/www.immobilienbusiness.ch\/it\/wp-json\/wp\/v2\/posts"}],"about":[{"href":"https:\/\/www.immobilienbusiness.ch\/it\/wp-json\/wp\/v2\/types\/post"}],"author":[{"embeddable":true,"href":"https:\/\/www.immobilienbusiness.ch\/it\/wp-json\/wp\/v2\/users\/1"}],"replies":[{"embeddable":true,"href":"https:\/\/www.immobilienbusiness.ch\/it\/wp-json\/wp\/v2\/comments?post=3839"}],"version-history":[{"count":0,"href":"https:\/\/www.immobilienbusiness.ch\/it\/wp-json\/wp\/v2\/posts\/3839\/revisions"}],"wp:featuredmedia":[{"embeddable":true,"href":"https:\/\/www.immobilienbusiness.ch\/it\/wp-json\/wp\/v2\/media\/3840"}],"wp:attachment":[{"href":"https:\/\/www.immobilienbusiness.ch\/it\/wp-json\/wp\/v2\/media?parent=3839"}],"wp:term":[{"taxonomy":"category","embeddable":true,"href":"https:\/\/www.immobilienbusiness.ch\/it\/wp-json\/wp\/v2\/categories?post=3839"},{"taxonomy":"post_tag","embeddable":true,"href":"https:\/\/www.immobilienbusiness.ch\/it\/wp-json\/wp\/v2\/tags?post=3839"}],"curies":[{"name":"wp","href":"https:\/\/api.w.org\/{rel}","templated":true}]}}