{"id":38300,"date":"2021-09-16T08:20:16","date_gmt":"2021-09-16T06:20:16","guid":{"rendered":"https:\/\/www.immobilienbusiness.ch\/?p=38300"},"modified":"2021-09-16T09:06:54","modified_gmt":"2021-09-16T07:06:54","slug":"swiss-central-city-zukauf-in-winterthur","status":"publish","type":"post","link":"https:\/\/www.immobilienbusiness.ch\/it\/regionen\/2021-09-16\/swiss-central-city-zukauf-in-winterthur\/","title":{"rendered":"Citt\u00e0 centrale svizzera: acquisizione a Winterthur"},"content":{"rendered":"<figure id=\"attachment_38301\" aria-describedby=\"caption-attachment-38301\" style=\"width: 2560px\" class=\"wp-caption alignnone\"><img loading=\"lazy\" decoding=\"async\" class=\"wp-image-38301 size-full\" src=\"https:\/\/www.immobilienbusiness.ch\/wp-content\/uploads\/2021\/09\/Blick_auf_die_Winterthurer_Altstadt-scaled.jpg\" alt=\"\" width=\"2560\" height=\"1708\" srcset=\"https:\/\/www.immobilienbusiness.ch\/wp-content\/uploads\/2021\/09\/Blick_auf_die_Winterthurer_Altstadt-scaled.jpg 2560w, https:\/\/www.immobilienbusiness.ch\/wp-content\/uploads\/2021\/09\/Blick_auf_die_Winterthurer_Altstadt-300x200.jpg 300w, https:\/\/www.immobilienbusiness.ch\/wp-content\/uploads\/2021\/09\/Blick_auf_die_Winterthurer_Altstadt-1024x683.jpg 1024w, https:\/\/www.immobilienbusiness.ch\/wp-content\/uploads\/2021\/09\/Blick_auf_die_Winterthurer_Altstadt-768x512.jpg 768w, https:\/\/www.immobilienbusiness.ch\/wp-content\/uploads\/2021\/09\/Blick_auf_die_Winterthurer_Altstadt-1536x1025.jpg 1536w, https:\/\/www.immobilienbusiness.ch\/wp-content\/uploads\/2021\/09\/Blick_auf_die_Winterthurer_Altstadt-2048x1366.jpg 2048w, https:\/\/www.immobilienbusiness.ch\/wp-content\/uploads\/2021\/09\/Blick_auf_die_Winterthurer_Altstadt-16x12.jpg 16w, https:\/\/www.immobilienbusiness.ch\/wp-content\/uploads\/2021\/09\/Blick_auf_die_Winterthurer_Altstadt-262x175.jpg 262w, https:\/\/www.immobilienbusiness.ch\/wp-content\/uploads\/2021\/09\/Blick_auf_die_Winterthurer_Altstadt-525x350.jpg 525w, https:\/\/www.immobilienbusiness.ch\/wp-content\/uploads\/2021\/09\/Blick_auf_die_Winterthurer_Altstadt-1199x800.jpg 1199w, https:\/\/www.immobilienbusiness.ch\/wp-content\/uploads\/2021\/09\/Blick_auf_die_Winterthurer_Altstadt-920x614.jpg 920w, https:\/\/www.immobilienbusiness.ch\/wp-content\/uploads\/2021\/09\/Blick_auf_die_Winterthurer_Altstadt-1400x934.jpg 1400w\" sizes=\"auto, (max-width: 2560px) 100vw, 2560px\" \/><figcaption id=\"caption-attachment-38301\" class=\"wp-caption-text\">Vista della citt\u00e0 vecchia di Winterthur (Immagine: Joachim Kohler Bremen, CC BY-SA 4.0, Wikimedia Commons)<\/figcaption><\/figure>\n<p>Secondo la societ\u00e0 di fondi Nova Property Fund Management AG, l'immobile \u00e8 situato in posizione centrale nella principale via commerciale di Winterthur ed \u00e8 completamente affittato. Contiene tre appartamenti con circa 350 mq di spazio in affitto, oltre a 1.600 mq di spazio per la vendita al dettaglio, l'ufficio e il magazzino. Il costo totale dell'investimento per l'edificio nuovo sarebbe \"poco pi\u00f9 di 20 milioni di franchi\".<\/p>\n<p>Con l'acquisizione, il portafoglio immobiliare del Swiss Central City Real Estate Fund raggiunge un valore di oltre 425 milioni, e il reddito locativo annuale previsto sale a ben 15 milioni. <em>(ah)<\/em><\/p>","protected":false},"excerpt":{"rendered":"<p>Nova Property Fund Management ha acquistato una propriet\u00e0 a uso misto nella citt\u00e0 vecchia di Winterthur per il fondo immobiliare svizzero Central City. <\/p>","protected":false},"author":3,"featured_media":38301,"comment_status":"closed","ping_status":"closed","sticky":false,"template":"","format":"standard","meta":{"_acf_changed":false,"_yoast_wpseo_focuskw":"Swiss Central","_yoast_wpseo_title":"","_yoast_wpseo_metadesc":"Nova Property Fund Management hat f\u00fcr den Swiss Central City Real Estate Fund eine gemischt genutzte Liegenschaft in der Altstadt von Winterthur gekauft.","_yoast_wpseo_linkdex":44,"pgc_sgb_lightbox_settings":"","footnotes":""},"categories":[985],"tags":[1344,1348,1858],"class_list":["post-38300","post","type-post","status-publish","format-standard","has-post-thumbnail","hentry","category-regionen","tag-immobilienfonds","tag-immobilienkauf","tag-winterthur"],"acf":[],"yoast_head":"<!-- This site is optimized with the Yoast SEO plugin v27.4 - https:\/\/yoast.com\/product\/yoast-seo-wordpress\/ -->\n<title>Swiss Central City: Zukauf in Winterthur - IMMOBILIEN Business<\/title>\n<meta name=\"description\" content=\"Nova Property Fund Management hat f\u00fcr den Swiss Central City Real Estate Fund eine gemischt genutzte Liegenschaft in der Altstadt von Winterthur gekauft.\" \/>\n<meta name=\"robots\" content=\"index, follow, max-snippet:-1, max-image-preview:large, max-video-preview:-1\" \/>\n<link rel=\"canonical\" href=\"https:\/\/www.immobilienbusiness.ch\/it\/regionen\/2021-09-16\/swiss-central-city-zukauf-in-winterthur\/\" \/>\n<meta property=\"og:locale\" content=\"it_IT\" \/>\n<meta property=\"og:type\" content=\"article\" \/>\n<meta property=\"og:title\" content=\"Swiss Central City: Zukauf in Winterthur - IMMOBILIEN Business\" \/>\n<meta property=\"og:description\" content=\"Nova Property Fund Management hat f\u00fcr den Swiss Central City Real Estate Fund eine gemischt genutzte Liegenschaft in der Altstadt von Winterthur gekauft.\" \/>\n<meta property=\"og:url\" content=\"https:\/\/www.immobilienbusiness.ch\/it\/regionen\/2021-09-16\/swiss-central-city-zukauf-in-winterthur\/\" \/>\n<meta property=\"og:site_name\" content=\"IMMOBILIEN Business\" \/>\n<meta property=\"article:publisher\" content=\"https:\/\/www.facebook.com\/immobilienbusiness\/\" \/>\n<meta property=\"article:published_time\" content=\"2021-09-16T06:20:16+00:00\" \/>\n<meta property=\"article:modified_time\" content=\"2021-09-16T07:06:54+00:00\" \/>\n<meta property=\"og:image\" content=\"https:\/\/www.immobilienbusiness.ch\/wp-content\/uploads\/2021\/09\/Blick_auf_die_Winterthurer_Altstadt-scaled.jpg\" \/>\n\t<meta property=\"og:image:width\" content=\"2560\" \/>\n\t<meta property=\"og:image:height\" content=\"1708\" \/>\n\t<meta property=\"og:image:type\" content=\"image\/jpeg\" \/>\n<meta name=\"author\" content=\"anja.hall\" \/>\n<meta name=\"twitter:card\" content=\"summary_large_image\" \/>\n<meta name=\"twitter:image\" content=\"https:\/\/www.immobilienbusiness.ch\/wp-content\/uploads\/2021\/09\/Blick_auf_die_Winterthurer_Altstadt-scaled.jpg\" \/>\n<script type=\"application\/ld+json\" class=\"yoast-schema-graph\">{\"@context\":\"https:\\\/\\\/schema.org\",\"@graph\":[{\"@type\":\"Article\",\"@id\":\"https:\\\/\\\/www.immobilienbusiness.ch\\\/en\\\/regionen\\\/2021-09-16\\\/swiss-central-city-zukauf-in-winterthur\\\/#article\",\"isPartOf\":{\"@id\":\"https:\\\/\\\/www.immobilienbusiness.ch\\\/en\\\/regionen\\\/2021-09-16\\\/swiss-central-city-zukauf-in-winterthur\\\/\"},\"author\":{\"name\":\"anja.hall\",\"@id\":\"https:\\\/\\\/www.immobilienbusiness.ch\\\/#\\\/schema\\\/person\\\/3fc036297b10b9f42d6db5ee932af8c8\"},\"headline\":\"Swiss Central City: Zukauf in Winterthur\",\"datePublished\":\"2021-09-16T06:20:16+00:00\",\"dateModified\":\"2021-09-16T07:06:54+00:00\",\"mainEntityOfPage\":{\"@id\":\"https:\\\/\\\/www.immobilienbusiness.ch\\\/en\\\/regionen\\\/2021-09-16\\\/swiss-central-city-zukauf-in-winterthur\\\/\"},\"wordCount\":124,\"publisher\":{\"@id\":\"https:\\\/\\\/www.immobilienbusiness.ch\\\/#organization\"},\"image\":{\"@id\":\"https:\\\/\\\/www.immobilienbusiness.ch\\\/en\\\/regionen\\\/2021-09-16\\\/swiss-central-city-zukauf-in-winterthur\\\/#primaryimage\"},\"thumbnailUrl\":\"https:\\\/\\\/www.immobilienbusiness.ch\\\/wp-content\\\/uploads\\\/2021\\\/09\\\/Blick_auf_die_Winterthurer_Altstadt-scaled.jpg\",\"keywords\":[\"Immobilienfonds\",\"Immobilienkauf\",\"Winterthur\"],\"articleSection\":[\"REGIONEN\"],\"inLanguage\":\"it-IT\"},{\"@type\":\"WebPage\",\"@id\":\"https:\\\/\\\/www.immobilienbusiness.ch\\\/en\\\/regionen\\\/2021-09-16\\\/swiss-central-city-zukauf-in-winterthur\\\/\",\"url\":\"https:\\\/\\\/www.immobilienbusiness.ch\\\/en\\\/regionen\\\/2021-09-16\\\/swiss-central-city-zukauf-in-winterthur\\\/\",\"name\":\"Swiss Central City: Zukauf in Winterthur - IMMOBILIEN Business\",\"isPartOf\":{\"@id\":\"https:\\\/\\\/www.immobilienbusiness.ch\\\/#website\"},\"primaryImageOfPage\":{\"@id\":\"https:\\\/\\\/www.immobilienbusiness.ch\\\/en\\\/regionen\\\/2021-09-16\\\/swiss-central-city-zukauf-in-winterthur\\\/#primaryimage\"},\"image\":{\"@id\":\"https:\\\/\\\/www.immobilienbusiness.ch\\\/en\\\/regionen\\\/2021-09-16\\\/swiss-central-city-zukauf-in-winterthur\\\/#primaryimage\"},\"thumbnailUrl\":\"https:\\\/\\\/www.immobilienbusiness.ch\\\/wp-content\\\/uploads\\\/2021\\\/09\\\/Blick_auf_die_Winterthurer_Altstadt-scaled.jpg\",\"datePublished\":\"2021-09-16T06:20:16+00:00\",\"dateModified\":\"2021-09-16T07:06:54+00:00\",\"description\":\"Nova Property Fund Management hat f\u00fcr den Swiss Central City Real Estate Fund eine gemischt genutzte Liegenschaft in der Altstadt von Winterthur gekauft.\",\"breadcrumb\":{\"@id\":\"https:\\\/\\\/www.immobilienbusiness.ch\\\/en\\\/regionen\\\/2021-09-16\\\/swiss-central-city-zukauf-in-winterthur\\\/#breadcrumb\"},\"inLanguage\":\"it-IT\",\"potentialAction\":[{\"@type\":\"ReadAction\",\"target\":[\"https:\\\/\\\/www.immobilienbusiness.ch\\\/en\\\/regionen\\\/2021-09-16\\\/swiss-central-city-zukauf-in-winterthur\\\/\"]}]},{\"@type\":\"ImageObject\",\"inLanguage\":\"it-IT\",\"@id\":\"https:\\\/\\\/www.immobilienbusiness.ch\\\/en\\\/regionen\\\/2021-09-16\\\/swiss-central-city-zukauf-in-winterthur\\\/#primaryimage\",\"url\":\"https:\\\/\\\/www.immobilienbusiness.ch\\\/wp-content\\\/uploads\\\/2021\\\/09\\\/Blick_auf_die_Winterthurer_Altstadt-scaled.jpg\",\"contentUrl\":\"https:\\\/\\\/www.immobilienbusiness.ch\\\/wp-content\\\/uploads\\\/2021\\\/09\\\/Blick_auf_die_Winterthurer_Altstadt-scaled.jpg\",\"width\":2560,\"height\":1708,\"caption\":\"Blick auf die Winterthurer Altstadt (Bild: Joachim Kohler Bremen, CC BY-SA 4.0, Wikimedia Commons)\"},{\"@type\":\"BreadcrumbList\",\"@id\":\"https:\\\/\\\/www.immobilienbusiness.ch\\\/en\\\/regionen\\\/2021-09-16\\\/swiss-central-city-zukauf-in-winterthur\\\/#breadcrumb\",\"itemListElement\":[{\"@type\":\"ListItem\",\"position\":1,\"name\":\"Home\",\"item\":\"https:\\\/\\\/www.immobilienbusiness.ch\\\/\"},{\"@type\":\"ListItem\",\"position\":2,\"name\":\"Swiss Central City: Zukauf in Winterthur\"}]},{\"@type\":\"WebSite\",\"@id\":\"https:\\\/\\\/www.immobilienbusiness.ch\\\/#website\",\"url\":\"https:\\\/\\\/www.immobilienbusiness.ch\\\/\",\"name\":\"IMMOBILIEN Business\",\"description\":\"Unabh\u00e4ngiges Schweizer Wirtschaftsmagazin mit Fokus auf Immobilien, Architektur- und Bau sowie Investment- und Finanzierung.\",\"publisher\":{\"@id\":\"https:\\\/\\\/www.immobilienbusiness.ch\\\/#organization\"},\"potentialAction\":[{\"@type\":\"SearchAction\",\"target\":{\"@type\":\"EntryPoint\",\"urlTemplate\":\"https:\\\/\\\/www.immobilienbusiness.ch\\\/?s={search_term_string}\"},\"query-input\":{\"@type\":\"PropertyValueSpecification\",\"valueRequired\":true,\"valueName\":\"search_term_string\"}}],\"inLanguage\":\"it-IT\"},{\"@type\":\"Organization\",\"@id\":\"https:\\\/\\\/www.immobilienbusiness.ch\\\/#organization\",\"name\":\"IMMOBILIEN Business\",\"url\":\"https:\\\/\\\/www.immobilienbusiness.ch\\\/\",\"logo\":{\"@type\":\"ImageObject\",\"inLanguage\":\"it-IT\",\"@id\":\"https:\\\/\\\/www.immobilienbusiness.ch\\\/#\\\/schema\\\/logo\\\/image\\\/\",\"url\":\"https:\\\/\\\/www.immobilienbusiness.ch\\\/wp-content\\\/uploads\\\/2021\\\/07\\\/logo_ib.png\",\"contentUrl\":\"https:\\\/\\\/www.immobilienbusiness.ch\\\/wp-content\\\/uploads\\\/2021\\\/07\\\/logo_ib.png\",\"width\":800,\"height\":181,\"caption\":\"IMMOBILIEN Business\"},\"image\":{\"@id\":\"https:\\\/\\\/www.immobilienbusiness.ch\\\/#\\\/schema\\\/logo\\\/image\\\/\"},\"sameAs\":[\"https:\\\/\\\/www.facebook.com\\\/immobilienbusiness\\\/\"]},{\"@type\":\"Person\",\"@id\":\"https:\\\/\\\/www.immobilienbusiness.ch\\\/#\\\/schema\\\/person\\\/3fc036297b10b9f42d6db5ee932af8c8\",\"name\":\"anja.hall\",\"image\":{\"@type\":\"ImageObject\",\"inLanguage\":\"it-IT\",\"@id\":\"https:\\\/\\\/secure.gravatar.com\\\/avatar\\\/066b5a0d447013502c71a5782f4f3469f03cfe595cc2329fb94652fe47511bfb?s=96&d=mm&r=g\",\"url\":\"https:\\\/\\\/secure.gravatar.com\\\/avatar\\\/066b5a0d447013502c71a5782f4f3469f03cfe595cc2329fb94652fe47511bfb?s=96&d=mm&r=g\",\"contentUrl\":\"https:\\\/\\\/secure.gravatar.com\\\/avatar\\\/066b5a0d447013502c71a5782f4f3469f03cfe595cc2329fb94652fe47511bfb?s=96&d=mm&r=g\",\"caption\":\"anja.hall\"},\"url\":\"https:\\\/\\\/www.immobilienbusiness.ch\\\/it\\\/author\\\/anja-hall\\\/\"}]}<\/script>\n<!-- \/ Yoast SEO plugin. -->","yoast_head_json":{"title":"Swiss Central City: Zukauf in Winterthur - IMMOBILIEN Business","description":"Nova Property Fund Management hat f\u00fcr den Swiss Central City Real Estate Fund eine gemischt genutzte Liegenschaft in der Altstadt von Winterthur gekauft.","robots":{"index":"index","follow":"follow","max-snippet":"max-snippet:-1","max-image-preview":"max-image-preview:large","max-video-preview":"max-video-preview:-1"},"canonical":"https:\/\/www.immobilienbusiness.ch\/it\/regionen\/2021-09-16\/swiss-central-city-zukauf-in-winterthur\/","og_locale":"it_IT","og_type":"article","og_title":"Swiss Central City: Zukauf in Winterthur - IMMOBILIEN Business","og_description":"Nova Property Fund Management hat f\u00fcr den Swiss Central City Real Estate Fund eine gemischt genutzte Liegenschaft in der Altstadt von Winterthur gekauft.","og_url":"https:\/\/www.immobilienbusiness.ch\/it\/regionen\/2021-09-16\/swiss-central-city-zukauf-in-winterthur\/","og_site_name":"IMMOBILIEN Business","article_publisher":"https:\/\/www.facebook.com\/immobilienbusiness\/","article_published_time":"2021-09-16T06:20:16+00:00","article_modified_time":"2021-09-16T07:06:54+00:00","og_image":[{"width":2560,"height":1708,"url":"https:\/\/www.immobilienbusiness.ch\/wp-content\/uploads\/2021\/09\/Blick_auf_die_Winterthurer_Altstadt-scaled.jpg","type":"image\/jpeg"}],"author":"anja.hall","twitter_card":"summary_large_image","twitter_image":"https:\/\/www.immobilienbusiness.ch\/wp-content\/uploads\/2021\/09\/Blick_auf_die_Winterthurer_Altstadt-scaled.jpg","schema":{"@context":"https:\/\/schema.org","@graph":[{"@type":"Article","@id":"https:\/\/www.immobilienbusiness.ch\/en\/regionen\/2021-09-16\/swiss-central-city-zukauf-in-winterthur\/#article","isPartOf":{"@id":"https:\/\/www.immobilienbusiness.ch\/en\/regionen\/2021-09-16\/swiss-central-city-zukauf-in-winterthur\/"},"author":{"name":"anja.hall","@id":"https:\/\/www.immobilienbusiness.ch\/#\/schema\/person\/3fc036297b10b9f42d6db5ee932af8c8"},"headline":"Swiss Central City: Zukauf in Winterthur","datePublished":"2021-09-16T06:20:16+00:00","dateModified":"2021-09-16T07:06:54+00:00","mainEntityOfPage":{"@id":"https:\/\/www.immobilienbusiness.ch\/en\/regionen\/2021-09-16\/swiss-central-city-zukauf-in-winterthur\/"},"wordCount":124,"publisher":{"@id":"https:\/\/www.immobilienbusiness.ch\/#organization"},"image":{"@id":"https:\/\/www.immobilienbusiness.ch\/en\/regionen\/2021-09-16\/swiss-central-city-zukauf-in-winterthur\/#primaryimage"},"thumbnailUrl":"https:\/\/www.immobilienbusiness.ch\/wp-content\/uploads\/2021\/09\/Blick_auf_die_Winterthurer_Altstadt-scaled.jpg","keywords":["Immobilienfonds","Immobilienkauf","Winterthur"],"articleSection":["REGIONEN"],"inLanguage":"it-IT"},{"@type":"WebPage","@id":"https:\/\/www.immobilienbusiness.ch\/en\/regionen\/2021-09-16\/swiss-central-city-zukauf-in-winterthur\/","url":"https:\/\/www.immobilienbusiness.ch\/en\/regionen\/2021-09-16\/swiss-central-city-zukauf-in-winterthur\/","name":"Swiss Central City: Zukauf in Winterthur - IMMOBILIEN Business","isPartOf":{"@id":"https:\/\/www.immobilienbusiness.ch\/#website"},"primaryImageOfPage":{"@id":"https:\/\/www.immobilienbusiness.ch\/en\/regionen\/2021-09-16\/swiss-central-city-zukauf-in-winterthur\/#primaryimage"},"image":{"@id":"https:\/\/www.immobilienbusiness.ch\/en\/regionen\/2021-09-16\/swiss-central-city-zukauf-in-winterthur\/#primaryimage"},"thumbnailUrl":"https:\/\/www.immobilienbusiness.ch\/wp-content\/uploads\/2021\/09\/Blick_auf_die_Winterthurer_Altstadt-scaled.jpg","datePublished":"2021-09-16T06:20:16+00:00","dateModified":"2021-09-16T07:06:54+00:00","description":"Nova Property Fund Management hat f\u00fcr den Swiss Central City Real Estate Fund eine gemischt genutzte Liegenschaft in der Altstadt von Winterthur gekauft.","breadcrumb":{"@id":"https:\/\/www.immobilienbusiness.ch\/en\/regionen\/2021-09-16\/swiss-central-city-zukauf-in-winterthur\/#breadcrumb"},"inLanguage":"it-IT","potentialAction":[{"@type":"ReadAction","target":["https:\/\/www.immobilienbusiness.ch\/en\/regionen\/2021-09-16\/swiss-central-city-zukauf-in-winterthur\/"]}]},{"@type":"ImageObject","inLanguage":"it-IT","@id":"https:\/\/www.immobilienbusiness.ch\/en\/regionen\/2021-09-16\/swiss-central-city-zukauf-in-winterthur\/#primaryimage","url":"https:\/\/www.immobilienbusiness.ch\/wp-content\/uploads\/2021\/09\/Blick_auf_die_Winterthurer_Altstadt-scaled.jpg","contentUrl":"https:\/\/www.immobilienbusiness.ch\/wp-content\/uploads\/2021\/09\/Blick_auf_die_Winterthurer_Altstadt-scaled.jpg","width":2560,"height":1708,"caption":"Blick auf die Winterthurer Altstadt (Bild: Joachim Kohler Bremen, CC BY-SA 4.0, Wikimedia Commons)"},{"@type":"BreadcrumbList","@id":"https:\/\/www.immobilienbusiness.ch\/en\/regionen\/2021-09-16\/swiss-central-city-zukauf-in-winterthur\/#breadcrumb","itemListElement":[{"@type":"ListItem","position":1,"name":"Home","item":"https:\/\/www.immobilienbusiness.ch\/"},{"@type":"ListItem","position":2,"name":"Swiss Central City: Zukauf in Winterthur"}]},{"@type":"WebSite","@id":"https:\/\/www.immobilienbusiness.ch\/#website","url":"https:\/\/www.immobilienbusiness.ch\/","name":"Affari immobiliari","description":"Rivista economica indipendente svizzera che si concentra sul settore immobiliare, l'architettura e la costruzione, nonch\u00e9 sugli investimenti e i finanziamenti.","publisher":{"@id":"https:\/\/www.immobilienbusiness.ch\/#organization"},"potentialAction":[{"@type":"SearchAction","target":{"@type":"EntryPoint","urlTemplate":"https:\/\/www.immobilienbusiness.ch\/?s={search_term_string}"},"query-input":{"@type":"PropertyValueSpecification","valueRequired":true,"valueName":"search_term_string"}}],"inLanguage":"it-IT"},{"@type":"Organization","@id":"https:\/\/www.immobilienbusiness.ch\/#organization","name":"Affari immobiliari","url":"https:\/\/www.immobilienbusiness.ch\/","logo":{"@type":"ImageObject","inLanguage":"it-IT","@id":"https:\/\/www.immobilienbusiness.ch\/#\/schema\/logo\/image\/","url":"https:\/\/www.immobilienbusiness.ch\/wp-content\/uploads\/2021\/07\/logo_ib.png","contentUrl":"https:\/\/www.immobilienbusiness.ch\/wp-content\/uploads\/2021\/07\/logo_ib.png","width":800,"height":181,"caption":"IMMOBILIEN Business"},"image":{"@id":"https:\/\/www.immobilienbusiness.ch\/#\/schema\/logo\/image\/"},"sameAs":["https:\/\/www.facebook.com\/immobilienbusiness\/"]},{"@type":"Person","@id":"https:\/\/www.immobilienbusiness.ch\/#\/schema\/person\/3fc036297b10b9f42d6db5ee932af8c8","name":"anja.hall","image":{"@type":"ImageObject","inLanguage":"it-IT","@id":"https:\/\/secure.gravatar.com\/avatar\/066b5a0d447013502c71a5782f4f3469f03cfe595cc2329fb94652fe47511bfb?s=96&d=mm&r=g","url":"https:\/\/secure.gravatar.com\/avatar\/066b5a0d447013502c71a5782f4f3469f03cfe595cc2329fb94652fe47511bfb?s=96&d=mm&r=g","contentUrl":"https:\/\/secure.gravatar.com\/avatar\/066b5a0d447013502c71a5782f4f3469f03cfe595cc2329fb94652fe47511bfb?s=96&d=mm&r=g","caption":"anja.hall"},"url":"https:\/\/www.immobilienbusiness.ch\/it\/author\/anja-hall\/"}]}},"_links":{"self":[{"href":"https:\/\/www.immobilienbusiness.ch\/it\/wp-json\/wp\/v2\/posts\/38300","targetHints":{"allow":["GET"]}}],"collection":[{"href":"https:\/\/www.immobilienbusiness.ch\/it\/wp-json\/wp\/v2\/posts"}],"about":[{"href":"https:\/\/www.immobilienbusiness.ch\/it\/wp-json\/wp\/v2\/types\/post"}],"author":[{"embeddable":true,"href":"https:\/\/www.immobilienbusiness.ch\/it\/wp-json\/wp\/v2\/users\/3"}],"replies":[{"embeddable":true,"href":"https:\/\/www.immobilienbusiness.ch\/it\/wp-json\/wp\/v2\/comments?post=38300"}],"version-history":[{"count":2,"href":"https:\/\/www.immobilienbusiness.ch\/it\/wp-json\/wp\/v2\/posts\/38300\/revisions"}],"predecessor-version":[{"id":38312,"href":"https:\/\/www.immobilienbusiness.ch\/it\/wp-json\/wp\/v2\/posts\/38300\/revisions\/38312"}],"wp:featuredmedia":[{"embeddable":true,"href":"https:\/\/www.immobilienbusiness.ch\/it\/wp-json\/wp\/v2\/media\/38301"}],"wp:attachment":[{"href":"https:\/\/www.immobilienbusiness.ch\/it\/wp-json\/wp\/v2\/media?parent=38300"}],"wp:term":[{"taxonomy":"category","embeddable":true,"href":"https:\/\/www.immobilienbusiness.ch\/it\/wp-json\/wp\/v2\/categories?post=38300"},{"taxonomy":"post_tag","embeddable":true,"href":"https:\/\/www.immobilienbusiness.ch\/it\/wp-json\/wp\/v2\/tags?post=38300"}],"curies":[{"name":"wp","href":"https:\/\/api.w.org\/{rel}","templated":true}]}}