{"id":38086,"date":"2021-08-24T08:37:58","date_gmt":"2021-08-24T06:37:58","guid":{"rendered":"https:\/\/www.immobilienbusiness.ch\/?p=38086"},"modified":"2021-08-24T08:37:58","modified_gmt":"2021-08-24T06:37:58","slug":"menziken-baustart-fuer-projekt-unity-rueckt-naeher","status":"publish","type":"post","link":"https:\/\/www.immobilienbusiness.ch\/it\/regionen\/2021-08-24\/menziken-baustart-fuer-projekt-unity-rueckt-naeher\/","title":{"rendered":"Menziken: L'inizio della costruzione del progetto \"Unity\" si avvicina"},"content":{"rendered":"<figure id=\"attachment_38087\" aria-describedby=\"caption-attachment-38087\" style=\"width: 1264px\" class=\"wp-caption alignnone\"><img loading=\"lazy\" decoding=\"async\" class=\"wp-image-38087 size-full\" src=\"https:\/\/www.immobilienbusiness.ch\/wp-content\/uploads\/2021\/08\/Unity_Menziken_Vermarktung.jpg\" alt=\"\" width=\"1264\" height=\"843\" srcset=\"https:\/\/www.immobilienbusiness.ch\/wp-content\/uploads\/2021\/08\/Unity_Menziken_Vermarktung.jpg 1264w, https:\/\/www.immobilienbusiness.ch\/wp-content\/uploads\/2021\/08\/Unity_Menziken_Vermarktung-300x200.jpg 300w, https:\/\/www.immobilienbusiness.ch\/wp-content\/uploads\/2021\/08\/Unity_Menziken_Vermarktung-1024x683.jpg 1024w, https:\/\/www.immobilienbusiness.ch\/wp-content\/uploads\/2021\/08\/Unity_Menziken_Vermarktung-768x512.jpg 768w, https:\/\/www.immobilienbusiness.ch\/wp-content\/uploads\/2021\/08\/Unity_Menziken_Vermarktung-16x12.jpg 16w, https:\/\/www.immobilienbusiness.ch\/wp-content\/uploads\/2021\/08\/Unity_Menziken_Vermarktung-262x175.jpg 262w, https:\/\/www.immobilienbusiness.ch\/wp-content\/uploads\/2021\/08\/Unity_Menziken_Vermarktung-525x350.jpg 525w, https:\/\/www.immobilienbusiness.ch\/wp-content\/uploads\/2021\/08\/Unity_Menziken_Vermarktung-1200x800.jpg 1200w, https:\/\/www.immobilienbusiness.ch\/wp-content\/uploads\/2021\/08\/Unity_Menziken_Vermarktung-920x614.jpg 920w\" sizes=\"auto, (max-width: 1264px) 100vw, 1264px\" \/><figcaption id=\"caption-attachment-38087\" class=\"wp-caption-text\">Visualizzazione dello sviluppo di Unity a Menziken (Immagine: Steiner AG)<\/figcaption><\/figure>\n<p>Il permesso di costruzione per lo sviluppo di Unity \u00e8 diventato legalmente vincolante in agosto, quindi i lavori di costruzione possono presto iniziare. Steiner sta costruendo sei edifici di appartamenti con un totale di 47 condomini (da 2,5 a 5,5 stanze). Lo sviluppo avr\u00e0 anche un garage con 51 posti auto. Uno spazio aperto senza traffico sar\u00e0 creato al centro del sito; inoltre, la villa cantonalmente protetta \"Zur Eintracht\", costruita nel 1811\/12, diventer\u00e0 anche parte del nuovo insieme.<\/p>\n<p>Gli appartamenti sono nel segmento dei prezzi bassi, e per questo Steiner dice che sta realizzando lo sviluppo in modo ottimizzato dal punto di vista dei costi. Secondo lo sviluppatore del progetto, questo include finestre uniformi in tutti gli edifici, spazio abitativo ridotto al minimo e stanze umide standardizzate in tutti gli appartamenti. Alle unit\u00e0 residenziali si accede tramite scale e portici indipendenti, alcuni dei quali sono fatti di elementi prefabbricati in cemento. <em>(ah)<\/em><\/p>","protected":false},"excerpt":{"rendered":"<p>La Steiner AG prevede di iniziare a costruire il complesso residenziale Unity a Menziken (AG) alla fine del 2021. I condomini saranno costruiti in sei edifici di appartamenti.<\/p>","protected":false},"author":3,"featured_media":38087,"comment_status":"closed","ping_status":"closed","sticky":false,"template":"","format":"standard","meta":{"_acf_changed":false,"_yoast_wpseo_focuskw":"Menziken","_yoast_wpseo_title":"","_yoast_wpseo_metadesc":"Ende 2021 will die Steiner AG mit dem Bau der Wohn\u00fcberbauung Unity in Menziken (AG) beginnen. Es entstehen Eigentumswohnungen in sechs Mehrfamilienh\u00e4usern.","_yoast_wpseo_linkdex":44,"pgc_sgb_lightbox_settings":"","footnotes":""},"categories":[985],"tags":[1599,1731,1863],"class_list":["post-38086","post","type-post","status-publish","format-standard","has-post-thumbnail","hentry","category-regionen","tag-projekt-in-bau","tag-steiner-ag","tag-wohnimmobilien"],"acf":[],"yoast_head":"<!-- This site is optimized with the Yoast SEO plugin v27.4 - https:\/\/yoast.com\/product\/yoast-seo-wordpress\/ -->\n<title>Menziken: Baustart f\u00fcr Projekt \u00abUnity\u00bb r\u00fcckt n\u00e4her - IMMOBILIEN Business<\/title>\n<meta name=\"description\" content=\"Ende 2021 will die Steiner AG mit dem Bau der Wohn\u00fcberbauung Unity in Menziken (AG) beginnen. Es entstehen Eigentumswohnungen in sechs Mehrfamilienh\u00e4usern.\" \/>\n<meta name=\"robots\" content=\"index, follow, max-snippet:-1, max-image-preview:large, max-video-preview:-1\" \/>\n<link rel=\"canonical\" href=\"https:\/\/www.immobilienbusiness.ch\/it\/regionen\/2021-08-24\/menziken-baustart-fuer-projekt-unity-rueckt-naeher\/\" \/>\n<meta property=\"og:locale\" content=\"it_IT\" \/>\n<meta property=\"og:type\" content=\"article\" \/>\n<meta property=\"og:title\" content=\"Menziken: Baustart f\u00fcr Projekt \u00abUnity\u00bb r\u00fcckt n\u00e4her - IMMOBILIEN Business\" \/>\n<meta property=\"og:description\" content=\"Ende 2021 will die Steiner AG mit dem Bau der Wohn\u00fcberbauung Unity in Menziken (AG) beginnen. Es entstehen Eigentumswohnungen in sechs Mehrfamilienh\u00e4usern.\" \/>\n<meta property=\"og:url\" content=\"https:\/\/www.immobilienbusiness.ch\/it\/regionen\/2021-08-24\/menziken-baustart-fuer-projekt-unity-rueckt-naeher\/\" \/>\n<meta property=\"og:site_name\" content=\"IMMOBILIEN Business\" \/>\n<meta property=\"article:publisher\" content=\"https:\/\/www.facebook.com\/immobilienbusiness\/\" \/>\n<meta property=\"article:published_time\" content=\"2021-08-24T06:37:58+00:00\" \/>\n<meta property=\"og:image\" content=\"https:\/\/www.immobilienbusiness.ch\/wp-content\/uploads\/2021\/08\/Unity_Menziken_Vermarktung.jpg\" \/>\n\t<meta property=\"og:image:width\" content=\"1264\" \/>\n\t<meta property=\"og:image:height\" content=\"843\" \/>\n\t<meta property=\"og:image:type\" content=\"image\/jpeg\" \/>\n<meta name=\"author\" content=\"anja.hall\" \/>\n<meta name=\"twitter:card\" content=\"summary_large_image\" \/>\n<meta name=\"twitter:image\" content=\"https:\/\/www.immobilienbusiness.ch\/wp-content\/uploads\/2021\/08\/Unity_Menziken_Vermarktung.jpg\" \/>\n<script type=\"application\/ld+json\" class=\"yoast-schema-graph\">{\"@context\":\"https:\\\/\\\/schema.org\",\"@graph\":[{\"@type\":\"Article\",\"@id\":\"https:\\\/\\\/www.immobilienbusiness.ch\\\/en\\\/regionen\\\/2021-08-24\\\/menziken-baustart-fuer-projekt-unity-rueckt-naeher\\\/#article\",\"isPartOf\":{\"@id\":\"https:\\\/\\\/www.immobilienbusiness.ch\\\/en\\\/regionen\\\/2021-08-24\\\/menziken-baustart-fuer-projekt-unity-rueckt-naeher\\\/\"},\"author\":{\"name\":\"anja.hall\",\"@id\":\"https:\\\/\\\/www.immobilienbusiness.ch\\\/#\\\/schema\\\/person\\\/3fc036297b10b9f42d6db5ee932af8c8\"},\"headline\":\"Menziken: Baustart f\u00fcr Projekt \u00abUnity\u00bb r\u00fcckt n\u00e4her\",\"datePublished\":\"2021-08-24T06:37:58+00:00\",\"mainEntityOfPage\":{\"@id\":\"https:\\\/\\\/www.immobilienbusiness.ch\\\/en\\\/regionen\\\/2021-08-24\\\/menziken-baustart-fuer-projekt-unity-rueckt-naeher\\\/\"},\"wordCount\":149,\"publisher\":{\"@id\":\"https:\\\/\\\/www.immobilienbusiness.ch\\\/#organization\"},\"image\":{\"@id\":\"https:\\\/\\\/www.immobilienbusiness.ch\\\/en\\\/regionen\\\/2021-08-24\\\/menziken-baustart-fuer-projekt-unity-rueckt-naeher\\\/#primaryimage\"},\"thumbnailUrl\":\"https:\\\/\\\/www.immobilienbusiness.ch\\\/wp-content\\\/uploads\\\/2021\\\/08\\\/Unity_Menziken_Vermarktung.jpg\",\"keywords\":[\"Projekt in Bau\",\"Steiner AG\",\"Wohnimmobilien\"],\"articleSection\":[\"REGIONEN\"],\"inLanguage\":\"it-IT\"},{\"@type\":\"WebPage\",\"@id\":\"https:\\\/\\\/www.immobilienbusiness.ch\\\/en\\\/regionen\\\/2021-08-24\\\/menziken-baustart-fuer-projekt-unity-rueckt-naeher\\\/\",\"url\":\"https:\\\/\\\/www.immobilienbusiness.ch\\\/en\\\/regionen\\\/2021-08-24\\\/menziken-baustart-fuer-projekt-unity-rueckt-naeher\\\/\",\"name\":\"Menziken: Baustart f\u00fcr Projekt \u00abUnity\u00bb r\u00fcckt n\u00e4her - IMMOBILIEN Business\",\"isPartOf\":{\"@id\":\"https:\\\/\\\/www.immobilienbusiness.ch\\\/#website\"},\"primaryImageOfPage\":{\"@id\":\"https:\\\/\\\/www.immobilienbusiness.ch\\\/en\\\/regionen\\\/2021-08-24\\\/menziken-baustart-fuer-projekt-unity-rueckt-naeher\\\/#primaryimage\"},\"image\":{\"@id\":\"https:\\\/\\\/www.immobilienbusiness.ch\\\/en\\\/regionen\\\/2021-08-24\\\/menziken-baustart-fuer-projekt-unity-rueckt-naeher\\\/#primaryimage\"},\"thumbnailUrl\":\"https:\\\/\\\/www.immobilienbusiness.ch\\\/wp-content\\\/uploads\\\/2021\\\/08\\\/Unity_Menziken_Vermarktung.jpg\",\"datePublished\":\"2021-08-24T06:37:58+00:00\",\"description\":\"Ende 2021 will die Steiner AG mit dem Bau der Wohn\u00fcberbauung Unity in Menziken (AG) beginnen. Es entstehen Eigentumswohnungen in sechs Mehrfamilienh\u00e4usern.\",\"breadcrumb\":{\"@id\":\"https:\\\/\\\/www.immobilienbusiness.ch\\\/en\\\/regionen\\\/2021-08-24\\\/menziken-baustart-fuer-projekt-unity-rueckt-naeher\\\/#breadcrumb\"},\"inLanguage\":\"it-IT\",\"potentialAction\":[{\"@type\":\"ReadAction\",\"target\":[\"https:\\\/\\\/www.immobilienbusiness.ch\\\/en\\\/regionen\\\/2021-08-24\\\/menziken-baustart-fuer-projekt-unity-rueckt-naeher\\\/\"]}]},{\"@type\":\"ImageObject\",\"inLanguage\":\"it-IT\",\"@id\":\"https:\\\/\\\/www.immobilienbusiness.ch\\\/en\\\/regionen\\\/2021-08-24\\\/menziken-baustart-fuer-projekt-unity-rueckt-naeher\\\/#primaryimage\",\"url\":\"https:\\\/\\\/www.immobilienbusiness.ch\\\/wp-content\\\/uploads\\\/2021\\\/08\\\/Unity_Menziken_Vermarktung.jpg\",\"contentUrl\":\"https:\\\/\\\/www.immobilienbusiness.ch\\\/wp-content\\\/uploads\\\/2021\\\/08\\\/Unity_Menziken_Vermarktung.jpg\",\"width\":1264,\"height\":843,\"caption\":\"Visualisierung der \u00dcberbauung Unity in Menziken (Bild: Steiner AG)\"},{\"@type\":\"BreadcrumbList\",\"@id\":\"https:\\\/\\\/www.immobilienbusiness.ch\\\/en\\\/regionen\\\/2021-08-24\\\/menziken-baustart-fuer-projekt-unity-rueckt-naeher\\\/#breadcrumb\",\"itemListElement\":[{\"@type\":\"ListItem\",\"position\":1,\"name\":\"Home\",\"item\":\"https:\\\/\\\/www.immobilienbusiness.ch\\\/\"},{\"@type\":\"ListItem\",\"position\":2,\"name\":\"Menziken: Baustart f\u00fcr Projekt \u00abUnity\u00bb r\u00fcckt n\u00e4her\"}]},{\"@type\":\"WebSite\",\"@id\":\"https:\\\/\\\/www.immobilienbusiness.ch\\\/#website\",\"url\":\"https:\\\/\\\/www.immobilienbusiness.ch\\\/\",\"name\":\"IMMOBILIEN Business\",\"description\":\"Unabh\u00e4ngiges Schweizer Wirtschaftsmagazin mit Fokus auf Immobilien, Architektur- und Bau sowie Investment- und Finanzierung.\",\"publisher\":{\"@id\":\"https:\\\/\\\/www.immobilienbusiness.ch\\\/#organization\"},\"potentialAction\":[{\"@type\":\"SearchAction\",\"target\":{\"@type\":\"EntryPoint\",\"urlTemplate\":\"https:\\\/\\\/www.immobilienbusiness.ch\\\/?s={search_term_string}\"},\"query-input\":{\"@type\":\"PropertyValueSpecification\",\"valueRequired\":true,\"valueName\":\"search_term_string\"}}],\"inLanguage\":\"it-IT\"},{\"@type\":\"Organization\",\"@id\":\"https:\\\/\\\/www.immobilienbusiness.ch\\\/#organization\",\"name\":\"IMMOBILIEN Business\",\"url\":\"https:\\\/\\\/www.immobilienbusiness.ch\\\/\",\"logo\":{\"@type\":\"ImageObject\",\"inLanguage\":\"it-IT\",\"@id\":\"https:\\\/\\\/www.immobilienbusiness.ch\\\/#\\\/schema\\\/logo\\\/image\\\/\",\"url\":\"https:\\\/\\\/www.immobilienbusiness.ch\\\/wp-content\\\/uploads\\\/2021\\\/07\\\/logo_ib.png\",\"contentUrl\":\"https:\\\/\\\/www.immobilienbusiness.ch\\\/wp-content\\\/uploads\\\/2021\\\/07\\\/logo_ib.png\",\"width\":800,\"height\":181,\"caption\":\"IMMOBILIEN Business\"},\"image\":{\"@id\":\"https:\\\/\\\/www.immobilienbusiness.ch\\\/#\\\/schema\\\/logo\\\/image\\\/\"},\"sameAs\":[\"https:\\\/\\\/www.facebook.com\\\/immobilienbusiness\\\/\"]},{\"@type\":\"Person\",\"@id\":\"https:\\\/\\\/www.immobilienbusiness.ch\\\/#\\\/schema\\\/person\\\/3fc036297b10b9f42d6db5ee932af8c8\",\"name\":\"anja.hall\",\"image\":{\"@type\":\"ImageObject\",\"inLanguage\":\"it-IT\",\"@id\":\"https:\\\/\\\/secure.gravatar.com\\\/avatar\\\/066b5a0d447013502c71a5782f4f3469f03cfe595cc2329fb94652fe47511bfb?s=96&d=mm&r=g\",\"url\":\"https:\\\/\\\/secure.gravatar.com\\\/avatar\\\/066b5a0d447013502c71a5782f4f3469f03cfe595cc2329fb94652fe47511bfb?s=96&d=mm&r=g\",\"contentUrl\":\"https:\\\/\\\/secure.gravatar.com\\\/avatar\\\/066b5a0d447013502c71a5782f4f3469f03cfe595cc2329fb94652fe47511bfb?s=96&d=mm&r=g\",\"caption\":\"anja.hall\"},\"url\":\"https:\\\/\\\/www.immobilienbusiness.ch\\\/it\\\/author\\\/anja-hall\\\/\"}]}<\/script>\n<!-- \/ Yoast SEO plugin. -->","yoast_head_json":{"title":"Menziken: Baustart f\u00fcr Projekt \u00abUnity\u00bb r\u00fcckt n\u00e4her - IMMOBILIEN Business","description":"La Steiner AG prevede di iniziare a costruire il complesso residenziale Unity a Menziken (AG) alla fine del 2021. I condomini saranno costruiti in sei edifici di appartamenti.","robots":{"index":"index","follow":"follow","max-snippet":"max-snippet:-1","max-image-preview":"max-image-preview:large","max-video-preview":"max-video-preview:-1"},"canonical":"https:\/\/www.immobilienbusiness.ch\/it\/regionen\/2021-08-24\/menziken-baustart-fuer-projekt-unity-rueckt-naeher\/","og_locale":"it_IT","og_type":"article","og_title":"Menziken: Baustart f\u00fcr Projekt \u00abUnity\u00bb r\u00fcckt n\u00e4her - IMMOBILIEN Business","og_description":"Ende 2021 will die Steiner AG mit dem Bau der Wohn\u00fcberbauung Unity in Menziken (AG) beginnen. Es entstehen Eigentumswohnungen in sechs Mehrfamilienh\u00e4usern.","og_url":"https:\/\/www.immobilienbusiness.ch\/it\/regionen\/2021-08-24\/menziken-baustart-fuer-projekt-unity-rueckt-naeher\/","og_site_name":"IMMOBILIEN Business","article_publisher":"https:\/\/www.facebook.com\/immobilienbusiness\/","article_published_time":"2021-08-24T06:37:58+00:00","og_image":[{"width":1264,"height":843,"url":"https:\/\/www.immobilienbusiness.ch\/wp-content\/uploads\/2021\/08\/Unity_Menziken_Vermarktung.jpg","type":"image\/jpeg"}],"author":"anja.hall","twitter_card":"summary_large_image","twitter_image":"https:\/\/www.immobilienbusiness.ch\/wp-content\/uploads\/2021\/08\/Unity_Menziken_Vermarktung.jpg","schema":{"@context":"https:\/\/schema.org","@graph":[{"@type":"Article","@id":"https:\/\/www.immobilienbusiness.ch\/en\/regionen\/2021-08-24\/menziken-baustart-fuer-projekt-unity-rueckt-naeher\/#article","isPartOf":{"@id":"https:\/\/www.immobilienbusiness.ch\/en\/regionen\/2021-08-24\/menziken-baustart-fuer-projekt-unity-rueckt-naeher\/"},"author":{"name":"anja.hall","@id":"https:\/\/www.immobilienbusiness.ch\/#\/schema\/person\/3fc036297b10b9f42d6db5ee932af8c8"},"headline":"Menziken: Baustart f\u00fcr Projekt \u00abUnity\u00bb r\u00fcckt n\u00e4her","datePublished":"2021-08-24T06:37:58+00:00","mainEntityOfPage":{"@id":"https:\/\/www.immobilienbusiness.ch\/en\/regionen\/2021-08-24\/menziken-baustart-fuer-projekt-unity-rueckt-naeher\/"},"wordCount":149,"publisher":{"@id":"https:\/\/www.immobilienbusiness.ch\/#organization"},"image":{"@id":"https:\/\/www.immobilienbusiness.ch\/en\/regionen\/2021-08-24\/menziken-baustart-fuer-projekt-unity-rueckt-naeher\/#primaryimage"},"thumbnailUrl":"https:\/\/www.immobilienbusiness.ch\/wp-content\/uploads\/2021\/08\/Unity_Menziken_Vermarktung.jpg","keywords":["Projekt in Bau","Steiner AG","Wohnimmobilien"],"articleSection":["REGIONEN"],"inLanguage":"it-IT"},{"@type":"WebPage","@id":"https:\/\/www.immobilienbusiness.ch\/en\/regionen\/2021-08-24\/menziken-baustart-fuer-projekt-unity-rueckt-naeher\/","url":"https:\/\/www.immobilienbusiness.ch\/en\/regionen\/2021-08-24\/menziken-baustart-fuer-projekt-unity-rueckt-naeher\/","name":"Menziken: Baustart f\u00fcr Projekt \u00abUnity\u00bb r\u00fcckt n\u00e4her - IMMOBILIEN Business","isPartOf":{"@id":"https:\/\/www.immobilienbusiness.ch\/#website"},"primaryImageOfPage":{"@id":"https:\/\/www.immobilienbusiness.ch\/en\/regionen\/2021-08-24\/menziken-baustart-fuer-projekt-unity-rueckt-naeher\/#primaryimage"},"image":{"@id":"https:\/\/www.immobilienbusiness.ch\/en\/regionen\/2021-08-24\/menziken-baustart-fuer-projekt-unity-rueckt-naeher\/#primaryimage"},"thumbnailUrl":"https:\/\/www.immobilienbusiness.ch\/wp-content\/uploads\/2021\/08\/Unity_Menziken_Vermarktung.jpg","datePublished":"2021-08-24T06:37:58+00:00","description":"La Steiner AG prevede di iniziare a costruire il complesso residenziale Unity a Menziken (AG) alla fine del 2021. I condomini saranno costruiti in sei edifici di appartamenti.","breadcrumb":{"@id":"https:\/\/www.immobilienbusiness.ch\/en\/regionen\/2021-08-24\/menziken-baustart-fuer-projekt-unity-rueckt-naeher\/#breadcrumb"},"inLanguage":"it-IT","potentialAction":[{"@type":"ReadAction","target":["https:\/\/www.immobilienbusiness.ch\/en\/regionen\/2021-08-24\/menziken-baustart-fuer-projekt-unity-rueckt-naeher\/"]}]},{"@type":"ImageObject","inLanguage":"it-IT","@id":"https:\/\/www.immobilienbusiness.ch\/en\/regionen\/2021-08-24\/menziken-baustart-fuer-projekt-unity-rueckt-naeher\/#primaryimage","url":"https:\/\/www.immobilienbusiness.ch\/wp-content\/uploads\/2021\/08\/Unity_Menziken_Vermarktung.jpg","contentUrl":"https:\/\/www.immobilienbusiness.ch\/wp-content\/uploads\/2021\/08\/Unity_Menziken_Vermarktung.jpg","width":1264,"height":843,"caption":"Visualisierung der \u00dcberbauung Unity in Menziken (Bild: Steiner AG)"},{"@type":"BreadcrumbList","@id":"https:\/\/www.immobilienbusiness.ch\/en\/regionen\/2021-08-24\/menziken-baustart-fuer-projekt-unity-rueckt-naeher\/#breadcrumb","itemListElement":[{"@type":"ListItem","position":1,"name":"Home","item":"https:\/\/www.immobilienbusiness.ch\/"},{"@type":"ListItem","position":2,"name":"Menziken: Baustart f\u00fcr Projekt \u00abUnity\u00bb r\u00fcckt n\u00e4her"}]},{"@type":"WebSite","@id":"https:\/\/www.immobilienbusiness.ch\/#website","url":"https:\/\/www.immobilienbusiness.ch\/","name":"Affari immobiliari","description":"Rivista economica indipendente svizzera che si concentra sul settore immobiliare, l'architettura e la costruzione, nonch\u00e9 sugli investimenti e i finanziamenti.","publisher":{"@id":"https:\/\/www.immobilienbusiness.ch\/#organization"},"potentialAction":[{"@type":"SearchAction","target":{"@type":"EntryPoint","urlTemplate":"https:\/\/www.immobilienbusiness.ch\/?s={search_term_string}"},"query-input":{"@type":"PropertyValueSpecification","valueRequired":true,"valueName":"search_term_string"}}],"inLanguage":"it-IT"},{"@type":"Organization","@id":"https:\/\/www.immobilienbusiness.ch\/#organization","name":"Affari immobiliari","url":"https:\/\/www.immobilienbusiness.ch\/","logo":{"@type":"ImageObject","inLanguage":"it-IT","@id":"https:\/\/www.immobilienbusiness.ch\/#\/schema\/logo\/image\/","url":"https:\/\/www.immobilienbusiness.ch\/wp-content\/uploads\/2021\/07\/logo_ib.png","contentUrl":"https:\/\/www.immobilienbusiness.ch\/wp-content\/uploads\/2021\/07\/logo_ib.png","width":800,"height":181,"caption":"IMMOBILIEN Business"},"image":{"@id":"https:\/\/www.immobilienbusiness.ch\/#\/schema\/logo\/image\/"},"sameAs":["https:\/\/www.facebook.com\/immobilienbusiness\/"]},{"@type":"Person","@id":"https:\/\/www.immobilienbusiness.ch\/#\/schema\/person\/3fc036297b10b9f42d6db5ee932af8c8","name":"anja.hall","image":{"@type":"ImageObject","inLanguage":"it-IT","@id":"https:\/\/secure.gravatar.com\/avatar\/066b5a0d447013502c71a5782f4f3469f03cfe595cc2329fb94652fe47511bfb?s=96&d=mm&r=g","url":"https:\/\/secure.gravatar.com\/avatar\/066b5a0d447013502c71a5782f4f3469f03cfe595cc2329fb94652fe47511bfb?s=96&d=mm&r=g","contentUrl":"https:\/\/secure.gravatar.com\/avatar\/066b5a0d447013502c71a5782f4f3469f03cfe595cc2329fb94652fe47511bfb?s=96&d=mm&r=g","caption":"anja.hall"},"url":"https:\/\/www.immobilienbusiness.ch\/it\/author\/anja-hall\/"}]}},"_links":{"self":[{"href":"https:\/\/www.immobilienbusiness.ch\/it\/wp-json\/wp\/v2\/posts\/38086","targetHints":{"allow":["GET"]}}],"collection":[{"href":"https:\/\/www.immobilienbusiness.ch\/it\/wp-json\/wp\/v2\/posts"}],"about":[{"href":"https:\/\/www.immobilienbusiness.ch\/it\/wp-json\/wp\/v2\/types\/post"}],"author":[{"embeddable":true,"href":"https:\/\/www.immobilienbusiness.ch\/it\/wp-json\/wp\/v2\/users\/3"}],"replies":[{"embeddable":true,"href":"https:\/\/www.immobilienbusiness.ch\/it\/wp-json\/wp\/v2\/comments?post=38086"}],"version-history":[{"count":1,"href":"https:\/\/www.immobilienbusiness.ch\/it\/wp-json\/wp\/v2\/posts\/38086\/revisions"}],"predecessor-version":[{"id":38088,"href":"https:\/\/www.immobilienbusiness.ch\/it\/wp-json\/wp\/v2\/posts\/38086\/revisions\/38088"}],"wp:featuredmedia":[{"embeddable":true,"href":"https:\/\/www.immobilienbusiness.ch\/it\/wp-json\/wp\/v2\/media\/38087"}],"wp:attachment":[{"href":"https:\/\/www.immobilienbusiness.ch\/it\/wp-json\/wp\/v2\/media?parent=38086"}],"wp:term":[{"taxonomy":"category","embeddable":true,"href":"https:\/\/www.immobilienbusiness.ch\/it\/wp-json\/wp\/v2\/categories?post=38086"},{"taxonomy":"post_tag","embeddable":true,"href":"https:\/\/www.immobilienbusiness.ch\/it\/wp-json\/wp\/v2\/tags?post=38086"}],"curies":[{"name":"wp","href":"https:\/\/api.w.org\/{rel}","templated":true}]}}