{"id":38031,"date":"2021-08-17T09:19:15","date_gmt":"2021-08-17T07:19:15","guid":{"rendered":"https:\/\/www.immobilienbusiness.ch\/?p=38031"},"modified":"2021-11-15T14:56:36","modified_gmt":"2021-11-15T13:56:36","slug":"procimmo-pscf2-sucht-frisches-geld","status":"publish","type":"post","link":"https:\/\/www.immobilienbusiness.ch\/it\/unternehmen\/2021-08-17\/procimmo-pscf2-sucht-frisches-geld\/","title":{"rendered":"Procimmo: il PSCF2 cerca denaro fresco"},"content":{"rendered":"<figure id=\"attachment_37777\" aria-describedby=\"caption-attachment-37777\" style=\"width: 524px\" class=\"wp-caption alignnone\"><img loading=\"lazy\" decoding=\"async\" class=\"wp-image-37777 size-full\" src=\"https:\/\/www.immobilienbusiness.ch\/wp-content\/uploads\/2021\/07\/IMMOBILIEN-BUSINESS-News-12062020-SF-Sustainable-Swiss-Property-Erfolgreiche-Kapitalerhoehung-c-Pixabay-524x350-1.jpg\" alt=\"\" width=\"524\" height=\"350\" srcset=\"https:\/\/www.immobilienbusiness.ch\/wp-content\/uploads\/2021\/07\/IMMOBILIEN-BUSINESS-News-12062020-SF-Sustainable-Swiss-Property-Erfolgreiche-Kapitalerhoehung-c-Pixabay-524x350-1.jpg 524w, https:\/\/www.immobilienbusiness.ch\/wp-content\/uploads\/2021\/07\/IMMOBILIEN-BUSINESS-News-12062020-SF-Sustainable-Swiss-Property-Erfolgreiche-Kapitalerhoehung-c-Pixabay-524x350-1-300x200.jpg 300w, https:\/\/www.immobilienbusiness.ch\/wp-content\/uploads\/2021\/07\/IMMOBILIEN-BUSINESS-News-12062020-SF-Sustainable-Swiss-Property-Erfolgreiche-Kapitalerhoehung-c-Pixabay-524x350-1-16x12.jpg 16w, https:\/\/www.immobilienbusiness.ch\/wp-content\/uploads\/2021\/07\/IMMOBILIEN-BUSINESS-News-12062020-SF-Sustainable-Swiss-Property-Erfolgreiche-Kapitalerhoehung-c-Pixabay-524x350-1-262x175.jpg 262w\" sizes=\"auto, (max-width: 524px) 100vw, 524px\" \/><figcaption id=\"caption-attachment-37777\" class=\"wp-caption-text\">Procimmo prevede un aumento di capitale per PSCF2 (Immagine: Depositphotos)<\/figcaption><\/figure>\n<p>Secondo l'asset manager Procimmo, un aumento di capitale per il Procimmo Swiss Commercial Fund II (PSCF2) sar\u00e0 effettuato in settembre. Questo dovrebbe consentire ulteriori acquisizioni di propriet\u00e0, far avanzare i progetti di costruzione esistenti e stabilizzare ulteriormente il fondo, tra l'altro riducendo il rapporto di finanziamento del debito.<\/p>\n<p>Il periodo di sottoscrizione \u00e8 previsto dal 16 al 24 settembre, mentre il pagamento avverr\u00e0 il 1\u00b0 ottobre. Procimmo intende fornire ulteriori dettagli con la pubblicazione del prospetto di emissione, prevista per il 10 settembre. <em>(ah)<\/em><\/p>","protected":false},"excerpt":{"rendered":"<p>Procimmo annuncia un aumento di capitale per il fondo immobiliare Procimmo Swiss Commercial Fund II (PSCF2). Il volume dovrebbe essere tra i 40 e i 50 milioni di franchi svizzeri.<\/p>","protected":false},"author":3,"featured_media":37777,"comment_status":"closed","ping_status":"closed","sticky":false,"template":"","format":"standard","meta":{"_acf_changed":false,"_yoast_wpseo_focuskw":"PSCF2","_yoast_wpseo_title":"","_yoast_wpseo_metadesc":"Procimmo k\u00fcndigt f\u00fcr den Immobilienfonds Procimmo Swiss Commercial Fund II (PSCF2) eine Kapitalerh\u00f6hung an. Das Volumen soll bei 40 bis 50 Mio. CHF liegen.","_yoast_wpseo_linkdex":43,"pgc_sgb_lightbox_settings":"","footnotes":""},"categories":[988],"tags":[1344,1412,1597],"class_list":["post-38031","post","type-post","status-publish","format-standard","has-post-thumbnail","hentry","category-unternehmen","tag-immobilienfonds","tag-kapitalerhoehung","tag-procimmo"],"acf":[],"yoast_head":"<!-- This site is optimized with the Yoast SEO plugin v27.4 - https:\/\/yoast.com\/product\/yoast-seo-wordpress\/ -->\n<title>Procimmo: PSCF2 sucht frisches Geld - IMMOBILIEN Business<\/title>\n<meta name=\"description\" content=\"Procimmo k\u00fcndigt f\u00fcr den Immobilienfonds Procimmo Swiss Commercial Fund II (PSCF2) eine Kapitalerh\u00f6hung an. Das Volumen soll bei 40 bis 50 Mio. CHF liegen.\" \/>\n<meta name=\"robots\" content=\"index, follow, max-snippet:-1, max-image-preview:large, max-video-preview:-1\" \/>\n<link rel=\"canonical\" href=\"https:\/\/www.immobilienbusiness.ch\/it\/unternehmen\/2021-08-17\/procimmo-pscf2-sucht-frisches-geld\/\" \/>\n<meta property=\"og:locale\" content=\"it_IT\" \/>\n<meta property=\"og:type\" content=\"article\" \/>\n<meta property=\"og:title\" content=\"Procimmo: PSCF2 sucht frisches Geld - IMMOBILIEN Business\" \/>\n<meta property=\"og:description\" content=\"Procimmo k\u00fcndigt f\u00fcr den Immobilienfonds Procimmo Swiss Commercial Fund II (PSCF2) eine Kapitalerh\u00f6hung an. Das Volumen soll bei 40 bis 50 Mio. CHF liegen.\" \/>\n<meta property=\"og:url\" content=\"https:\/\/www.immobilienbusiness.ch\/it\/unternehmen\/2021-08-17\/procimmo-pscf2-sucht-frisches-geld\/\" \/>\n<meta property=\"og:site_name\" content=\"IMMOBILIEN Business\" \/>\n<meta property=\"article:publisher\" content=\"https:\/\/www.facebook.com\/immobilienbusiness\/\" \/>\n<meta property=\"article:published_time\" content=\"2021-08-17T07:19:15+00:00\" \/>\n<meta property=\"article:modified_time\" content=\"2021-11-15T13:56:36+00:00\" \/>\n<meta property=\"og:image\" content=\"https:\/\/www.immobilienbusiness.ch\/wp-content\/uploads\/2021\/07\/IMMOBILIEN-BUSINESS-News-12062020-SF-Sustainable-Swiss-Property-Erfolgreiche-Kapitalerhoehung-c-Pixabay-524x350-1.jpg\" \/>\n\t<meta property=\"og:image:width\" content=\"524\" \/>\n\t<meta property=\"og:image:height\" content=\"350\" \/>\n\t<meta property=\"og:image:type\" content=\"image\/jpeg\" \/>\n<meta name=\"author\" content=\"anja.hall\" \/>\n<meta name=\"twitter:card\" content=\"summary_large_image\" \/>\n<meta name=\"twitter:image\" content=\"https:\/\/www.immobilienbusiness.ch\/wp-content\/uploads\/2021\/07\/IMMOBILIEN-BUSINESS-News-12062020-SF-Sustainable-Swiss-Property-Erfolgreiche-Kapitalerhoehung-c-Pixabay-524x350-1.jpg\" \/>\n<script type=\"application\/ld+json\" class=\"yoast-schema-graph\">{\"@context\":\"https:\\\/\\\/schema.org\",\"@graph\":[{\"@type\":\"Article\",\"@id\":\"https:\\\/\\\/www.immobilienbusiness.ch\\\/it\\\/unternehmen\\\/2021-08-17\\\/procimmo-pscf2-sucht-frisches-geld\\\/#article\",\"isPartOf\":{\"@id\":\"https:\\\/\\\/www.immobilienbusiness.ch\\\/it\\\/unternehmen\\\/2021-08-17\\\/procimmo-pscf2-sucht-frisches-geld\\\/\"},\"author\":{\"name\":\"anja.hall\",\"@id\":\"https:\\\/\\\/www.immobilienbusiness.ch\\\/#\\\/schema\\\/person\\\/3fc036297b10b9f42d6db5ee932af8c8\"},\"headline\":\"Procimmo: PSCF2 sucht frisches Geld\",\"datePublished\":\"2021-08-17T07:19:15+00:00\",\"dateModified\":\"2021-11-15T13:56:36+00:00\",\"mainEntityOfPage\":{\"@id\":\"https:\\\/\\\/www.immobilienbusiness.ch\\\/it\\\/unternehmen\\\/2021-08-17\\\/procimmo-pscf2-sucht-frisches-geld\\\/\"},\"wordCount\":105,\"publisher\":{\"@id\":\"https:\\\/\\\/www.immobilienbusiness.ch\\\/#organization\"},\"image\":{\"@id\":\"https:\\\/\\\/www.immobilienbusiness.ch\\\/it\\\/unternehmen\\\/2021-08-17\\\/procimmo-pscf2-sucht-frisches-geld\\\/#primaryimage\"},\"thumbnailUrl\":\"https:\\\/\\\/www.immobilienbusiness.ch\\\/wp-content\\\/uploads\\\/2021\\\/07\\\/IMMOBILIEN-BUSINESS-News-12062020-SF-Sustainable-Swiss-Property-Erfolgreiche-Kapitalerhoehung-c-Pixabay-524x350-1.jpg\",\"keywords\":[\"Immobilienfonds\",\"Kapitalerh\u00f6hung\",\"Procimmo\"],\"articleSection\":[\"UNTERNEHMEN\"],\"inLanguage\":\"it-IT\"},{\"@type\":\"WebPage\",\"@id\":\"https:\\\/\\\/www.immobilienbusiness.ch\\\/it\\\/unternehmen\\\/2021-08-17\\\/procimmo-pscf2-sucht-frisches-geld\\\/\",\"url\":\"https:\\\/\\\/www.immobilienbusiness.ch\\\/it\\\/unternehmen\\\/2021-08-17\\\/procimmo-pscf2-sucht-frisches-geld\\\/\",\"name\":\"Procimmo: PSCF2 sucht frisches Geld - IMMOBILIEN Business\",\"isPartOf\":{\"@id\":\"https:\\\/\\\/www.immobilienbusiness.ch\\\/#website\"},\"primaryImageOfPage\":{\"@id\":\"https:\\\/\\\/www.immobilienbusiness.ch\\\/it\\\/unternehmen\\\/2021-08-17\\\/procimmo-pscf2-sucht-frisches-geld\\\/#primaryimage\"},\"image\":{\"@id\":\"https:\\\/\\\/www.immobilienbusiness.ch\\\/it\\\/unternehmen\\\/2021-08-17\\\/procimmo-pscf2-sucht-frisches-geld\\\/#primaryimage\"},\"thumbnailUrl\":\"https:\\\/\\\/www.immobilienbusiness.ch\\\/wp-content\\\/uploads\\\/2021\\\/07\\\/IMMOBILIEN-BUSINESS-News-12062020-SF-Sustainable-Swiss-Property-Erfolgreiche-Kapitalerhoehung-c-Pixabay-524x350-1.jpg\",\"datePublished\":\"2021-08-17T07:19:15+00:00\",\"dateModified\":\"2021-11-15T13:56:36+00:00\",\"description\":\"Procimmo k\u00fcndigt f\u00fcr den Immobilienfonds Procimmo Swiss Commercial Fund II (PSCF2) eine Kapitalerh\u00f6hung an. Das Volumen soll bei 40 bis 50 Mio. CHF liegen.\",\"breadcrumb\":{\"@id\":\"https:\\\/\\\/www.immobilienbusiness.ch\\\/it\\\/unternehmen\\\/2021-08-17\\\/procimmo-pscf2-sucht-frisches-geld\\\/#breadcrumb\"},\"inLanguage\":\"it-IT\",\"potentialAction\":[{\"@type\":\"ReadAction\",\"target\":[\"https:\\\/\\\/www.immobilienbusiness.ch\\\/it\\\/unternehmen\\\/2021-08-17\\\/procimmo-pscf2-sucht-frisches-geld\\\/\"]}]},{\"@type\":\"ImageObject\",\"inLanguage\":\"it-IT\",\"@id\":\"https:\\\/\\\/www.immobilienbusiness.ch\\\/it\\\/unternehmen\\\/2021-08-17\\\/procimmo-pscf2-sucht-frisches-geld\\\/#primaryimage\",\"url\":\"https:\\\/\\\/www.immobilienbusiness.ch\\\/wp-content\\\/uploads\\\/2021\\\/07\\\/IMMOBILIEN-BUSINESS-News-12062020-SF-Sustainable-Swiss-Property-Erfolgreiche-Kapitalerhoehung-c-Pixabay-524x350-1.jpg\",\"contentUrl\":\"https:\\\/\\\/www.immobilienbusiness.ch\\\/wp-content\\\/uploads\\\/2021\\\/07\\\/IMMOBILIEN-BUSINESS-News-12062020-SF-Sustainable-Swiss-Property-Erfolgreiche-Kapitalerhoehung-c-Pixabay-524x350-1.jpg\",\"width\":524,\"height\":350,\"caption\":\"Swiss Life hat mit seinem Fonds REF ESG Swiss Properties letztes Jahr einen Wachstumsschritt vollzogen (Bild: Pixabay)\"},{\"@type\":\"BreadcrumbList\",\"@id\":\"https:\\\/\\\/www.immobilienbusiness.ch\\\/it\\\/unternehmen\\\/2021-08-17\\\/procimmo-pscf2-sucht-frisches-geld\\\/#breadcrumb\",\"itemListElement\":[{\"@type\":\"ListItem\",\"position\":1,\"name\":\"Home\",\"item\":\"https:\\\/\\\/www.immobilienbusiness.ch\\\/\"},{\"@type\":\"ListItem\",\"position\":2,\"name\":\"Procimmo: PSCF2 sucht frisches Geld\"}]},{\"@type\":\"WebSite\",\"@id\":\"https:\\\/\\\/www.immobilienbusiness.ch\\\/#website\",\"url\":\"https:\\\/\\\/www.immobilienbusiness.ch\\\/\",\"name\":\"IMMOBILIEN Business\",\"description\":\"Unabh\u00e4ngiges Schweizer Wirtschaftsmagazin mit Fokus auf Immobilien, Architektur- und Bau sowie Investment- und Finanzierung.\",\"publisher\":{\"@id\":\"https:\\\/\\\/www.immobilienbusiness.ch\\\/#organization\"},\"potentialAction\":[{\"@type\":\"SearchAction\",\"target\":{\"@type\":\"EntryPoint\",\"urlTemplate\":\"https:\\\/\\\/www.immobilienbusiness.ch\\\/?s={search_term_string}\"},\"query-input\":{\"@type\":\"PropertyValueSpecification\",\"valueRequired\":true,\"valueName\":\"search_term_string\"}}],\"inLanguage\":\"it-IT\"},{\"@type\":\"Organization\",\"@id\":\"https:\\\/\\\/www.immobilienbusiness.ch\\\/#organization\",\"name\":\"IMMOBILIEN Business\",\"url\":\"https:\\\/\\\/www.immobilienbusiness.ch\\\/\",\"logo\":{\"@type\":\"ImageObject\",\"inLanguage\":\"it-IT\",\"@id\":\"https:\\\/\\\/www.immobilienbusiness.ch\\\/#\\\/schema\\\/logo\\\/image\\\/\",\"url\":\"https:\\\/\\\/www.immobilienbusiness.ch\\\/wp-content\\\/uploads\\\/2021\\\/07\\\/logo_ib.png\",\"contentUrl\":\"https:\\\/\\\/www.immobilienbusiness.ch\\\/wp-content\\\/uploads\\\/2021\\\/07\\\/logo_ib.png\",\"width\":800,\"height\":181,\"caption\":\"IMMOBILIEN Business\"},\"image\":{\"@id\":\"https:\\\/\\\/www.immobilienbusiness.ch\\\/#\\\/schema\\\/logo\\\/image\\\/\"},\"sameAs\":[\"https:\\\/\\\/www.facebook.com\\\/immobilienbusiness\\\/\"]},{\"@type\":\"Person\",\"@id\":\"https:\\\/\\\/www.immobilienbusiness.ch\\\/#\\\/schema\\\/person\\\/3fc036297b10b9f42d6db5ee932af8c8\",\"name\":\"anja.hall\",\"image\":{\"@type\":\"ImageObject\",\"inLanguage\":\"it-IT\",\"@id\":\"https:\\\/\\\/secure.gravatar.com\\\/avatar\\\/066b5a0d447013502c71a5782f4f3469f03cfe595cc2329fb94652fe47511bfb?s=96&d=mm&r=g\",\"url\":\"https:\\\/\\\/secure.gravatar.com\\\/avatar\\\/066b5a0d447013502c71a5782f4f3469f03cfe595cc2329fb94652fe47511bfb?s=96&d=mm&r=g\",\"contentUrl\":\"https:\\\/\\\/secure.gravatar.com\\\/avatar\\\/066b5a0d447013502c71a5782f4f3469f03cfe595cc2329fb94652fe47511bfb?s=96&d=mm&r=g\",\"caption\":\"anja.hall\"},\"url\":\"https:\\\/\\\/www.immobilienbusiness.ch\\\/it\\\/author\\\/anja-hall\\\/\"}]}<\/script>\n<!-- \/ Yoast SEO plugin. -->","yoast_head_json":{"title":"Procimmo: PSCF2 sucht frisches Geld - IMMOBILIEN Business","description":"Procimmo annuncia un aumento di capitale per il fondo immobiliare Procimmo Swiss Commercial Fund II (PSCF2). Il volume dovrebbe essere tra i 40 e i 50 milioni di franchi svizzeri.","robots":{"index":"index","follow":"follow","max-snippet":"max-snippet:-1","max-image-preview":"max-image-preview:large","max-video-preview":"max-video-preview:-1"},"canonical":"https:\/\/www.immobilienbusiness.ch\/it\/unternehmen\/2021-08-17\/procimmo-pscf2-sucht-frisches-geld\/","og_locale":"it_IT","og_type":"article","og_title":"Procimmo: PSCF2 sucht frisches Geld - IMMOBILIEN Business","og_description":"Procimmo k\u00fcndigt f\u00fcr den Immobilienfonds Procimmo Swiss Commercial Fund II (PSCF2) eine Kapitalerh\u00f6hung an. Das Volumen soll bei 40 bis 50 Mio. CHF liegen.","og_url":"https:\/\/www.immobilienbusiness.ch\/it\/unternehmen\/2021-08-17\/procimmo-pscf2-sucht-frisches-geld\/","og_site_name":"IMMOBILIEN Business","article_publisher":"https:\/\/www.facebook.com\/immobilienbusiness\/","article_published_time":"2021-08-17T07:19:15+00:00","article_modified_time":"2021-11-15T13:56:36+00:00","og_image":[{"width":524,"height":350,"url":"https:\/\/www.immobilienbusiness.ch\/wp-content\/uploads\/2021\/07\/IMMOBILIEN-BUSINESS-News-12062020-SF-Sustainable-Swiss-Property-Erfolgreiche-Kapitalerhoehung-c-Pixabay-524x350-1.jpg","type":"image\/jpeg"}],"author":"anja.hall","twitter_card":"summary_large_image","twitter_image":"https:\/\/www.immobilienbusiness.ch\/wp-content\/uploads\/2021\/07\/IMMOBILIEN-BUSINESS-News-12062020-SF-Sustainable-Swiss-Property-Erfolgreiche-Kapitalerhoehung-c-Pixabay-524x350-1.jpg","schema":{"@context":"https:\/\/schema.org","@graph":[{"@type":"Article","@id":"https:\/\/www.immobilienbusiness.ch\/it\/unternehmen\/2021-08-17\/procimmo-pscf2-sucht-frisches-geld\/#article","isPartOf":{"@id":"https:\/\/www.immobilienbusiness.ch\/it\/unternehmen\/2021-08-17\/procimmo-pscf2-sucht-frisches-geld\/"},"author":{"name":"anja.hall","@id":"https:\/\/www.immobilienbusiness.ch\/#\/schema\/person\/3fc036297b10b9f42d6db5ee932af8c8"},"headline":"Procimmo: PSCF2 sucht frisches Geld","datePublished":"2021-08-17T07:19:15+00:00","dateModified":"2021-11-15T13:56:36+00:00","mainEntityOfPage":{"@id":"https:\/\/www.immobilienbusiness.ch\/it\/unternehmen\/2021-08-17\/procimmo-pscf2-sucht-frisches-geld\/"},"wordCount":105,"publisher":{"@id":"https:\/\/www.immobilienbusiness.ch\/#organization"},"image":{"@id":"https:\/\/www.immobilienbusiness.ch\/it\/unternehmen\/2021-08-17\/procimmo-pscf2-sucht-frisches-geld\/#primaryimage"},"thumbnailUrl":"https:\/\/www.immobilienbusiness.ch\/wp-content\/uploads\/2021\/07\/IMMOBILIEN-BUSINESS-News-12062020-SF-Sustainable-Swiss-Property-Erfolgreiche-Kapitalerhoehung-c-Pixabay-524x350-1.jpg","keywords":["Immobilienfonds","Kapitalerh\u00f6hung","Procimmo"],"articleSection":["UNTERNEHMEN"],"inLanguage":"it-IT"},{"@type":"WebPage","@id":"https:\/\/www.immobilienbusiness.ch\/it\/unternehmen\/2021-08-17\/procimmo-pscf2-sucht-frisches-geld\/","url":"https:\/\/www.immobilienbusiness.ch\/it\/unternehmen\/2021-08-17\/procimmo-pscf2-sucht-frisches-geld\/","name":"Procimmo: PSCF2 sucht frisches Geld - IMMOBILIEN Business","isPartOf":{"@id":"https:\/\/www.immobilienbusiness.ch\/#website"},"primaryImageOfPage":{"@id":"https:\/\/www.immobilienbusiness.ch\/it\/unternehmen\/2021-08-17\/procimmo-pscf2-sucht-frisches-geld\/#primaryimage"},"image":{"@id":"https:\/\/www.immobilienbusiness.ch\/it\/unternehmen\/2021-08-17\/procimmo-pscf2-sucht-frisches-geld\/#primaryimage"},"thumbnailUrl":"https:\/\/www.immobilienbusiness.ch\/wp-content\/uploads\/2021\/07\/IMMOBILIEN-BUSINESS-News-12062020-SF-Sustainable-Swiss-Property-Erfolgreiche-Kapitalerhoehung-c-Pixabay-524x350-1.jpg","datePublished":"2021-08-17T07:19:15+00:00","dateModified":"2021-11-15T13:56:36+00:00","description":"Procimmo annuncia un aumento di capitale per il fondo immobiliare Procimmo Swiss Commercial Fund II (PSCF2). Il volume dovrebbe essere tra i 40 e i 50 milioni di franchi svizzeri.","breadcrumb":{"@id":"https:\/\/www.immobilienbusiness.ch\/it\/unternehmen\/2021-08-17\/procimmo-pscf2-sucht-frisches-geld\/#breadcrumb"},"inLanguage":"it-IT","potentialAction":[{"@type":"ReadAction","target":["https:\/\/www.immobilienbusiness.ch\/it\/unternehmen\/2021-08-17\/procimmo-pscf2-sucht-frisches-geld\/"]}]},{"@type":"ImageObject","inLanguage":"it-IT","@id":"https:\/\/www.immobilienbusiness.ch\/it\/unternehmen\/2021-08-17\/procimmo-pscf2-sucht-frisches-geld\/#primaryimage","url":"https:\/\/www.immobilienbusiness.ch\/wp-content\/uploads\/2021\/07\/IMMOBILIEN-BUSINESS-News-12062020-SF-Sustainable-Swiss-Property-Erfolgreiche-Kapitalerhoehung-c-Pixabay-524x350-1.jpg","contentUrl":"https:\/\/www.immobilienbusiness.ch\/wp-content\/uploads\/2021\/07\/IMMOBILIEN-BUSINESS-News-12062020-SF-Sustainable-Swiss-Property-Erfolgreiche-Kapitalerhoehung-c-Pixabay-524x350-1.jpg","width":524,"height":350,"caption":"Swiss Life hat mit seinem Fonds REF ESG Swiss Properties letztes Jahr einen Wachstumsschritt vollzogen (Bild: Pixabay)"},{"@type":"BreadcrumbList","@id":"https:\/\/www.immobilienbusiness.ch\/it\/unternehmen\/2021-08-17\/procimmo-pscf2-sucht-frisches-geld\/#breadcrumb","itemListElement":[{"@type":"ListItem","position":1,"name":"Home","item":"https:\/\/www.immobilienbusiness.ch\/"},{"@type":"ListItem","position":2,"name":"Procimmo: PSCF2 sucht frisches Geld"}]},{"@type":"WebSite","@id":"https:\/\/www.immobilienbusiness.ch\/#website","url":"https:\/\/www.immobilienbusiness.ch\/","name":"Affari immobiliari","description":"Rivista economica indipendente svizzera che si concentra sul settore immobiliare, l'architettura e la costruzione, nonch\u00e9 sugli investimenti e i finanziamenti.","publisher":{"@id":"https:\/\/www.immobilienbusiness.ch\/#organization"},"potentialAction":[{"@type":"SearchAction","target":{"@type":"EntryPoint","urlTemplate":"https:\/\/www.immobilienbusiness.ch\/?s={search_term_string}"},"query-input":{"@type":"PropertyValueSpecification","valueRequired":true,"valueName":"search_term_string"}}],"inLanguage":"it-IT"},{"@type":"Organization","@id":"https:\/\/www.immobilienbusiness.ch\/#organization","name":"Affari immobiliari","url":"https:\/\/www.immobilienbusiness.ch\/","logo":{"@type":"ImageObject","inLanguage":"it-IT","@id":"https:\/\/www.immobilienbusiness.ch\/#\/schema\/logo\/image\/","url":"https:\/\/www.immobilienbusiness.ch\/wp-content\/uploads\/2021\/07\/logo_ib.png","contentUrl":"https:\/\/www.immobilienbusiness.ch\/wp-content\/uploads\/2021\/07\/logo_ib.png","width":800,"height":181,"caption":"IMMOBILIEN Business"},"image":{"@id":"https:\/\/www.immobilienbusiness.ch\/#\/schema\/logo\/image\/"},"sameAs":["https:\/\/www.facebook.com\/immobilienbusiness\/"]},{"@type":"Person","@id":"https:\/\/www.immobilienbusiness.ch\/#\/schema\/person\/3fc036297b10b9f42d6db5ee932af8c8","name":"anja.hall","image":{"@type":"ImageObject","inLanguage":"it-IT","@id":"https:\/\/secure.gravatar.com\/avatar\/066b5a0d447013502c71a5782f4f3469f03cfe595cc2329fb94652fe47511bfb?s=96&d=mm&r=g","url":"https:\/\/secure.gravatar.com\/avatar\/066b5a0d447013502c71a5782f4f3469f03cfe595cc2329fb94652fe47511bfb?s=96&d=mm&r=g","contentUrl":"https:\/\/secure.gravatar.com\/avatar\/066b5a0d447013502c71a5782f4f3469f03cfe595cc2329fb94652fe47511bfb?s=96&d=mm&r=g","caption":"anja.hall"},"url":"https:\/\/www.immobilienbusiness.ch\/it\/author\/anja-hall\/"}]}},"_links":{"self":[{"href":"https:\/\/www.immobilienbusiness.ch\/it\/wp-json\/wp\/v2\/posts\/38031","targetHints":{"allow":["GET"]}}],"collection":[{"href":"https:\/\/www.immobilienbusiness.ch\/it\/wp-json\/wp\/v2\/posts"}],"about":[{"href":"https:\/\/www.immobilienbusiness.ch\/it\/wp-json\/wp\/v2\/types\/post"}],"author":[{"embeddable":true,"href":"https:\/\/www.immobilienbusiness.ch\/it\/wp-json\/wp\/v2\/users\/3"}],"replies":[{"embeddable":true,"href":"https:\/\/www.immobilienbusiness.ch\/it\/wp-json\/wp\/v2\/comments?post=38031"}],"version-history":[{"count":1,"href":"https:\/\/www.immobilienbusiness.ch\/it\/wp-json\/wp\/v2\/posts\/38031\/revisions"}],"predecessor-version":[{"id":38032,"href":"https:\/\/www.immobilienbusiness.ch\/it\/wp-json\/wp\/v2\/posts\/38031\/revisions\/38032"}],"wp:featuredmedia":[{"embeddable":true,"href":"https:\/\/www.immobilienbusiness.ch\/it\/wp-json\/wp\/v2\/media\/37777"}],"wp:attachment":[{"href":"https:\/\/www.immobilienbusiness.ch\/it\/wp-json\/wp\/v2\/media?parent=38031"}],"wp:term":[{"taxonomy":"category","embeddable":true,"href":"https:\/\/www.immobilienbusiness.ch\/it\/wp-json\/wp\/v2\/categories?post=38031"},{"taxonomy":"post_tag","embeddable":true,"href":"https:\/\/www.immobilienbusiness.ch\/it\/wp-json\/wp\/v2\/tags?post=38031"}],"curies":[{"name":"wp","href":"https:\/\/api.w.org\/{rel}","templated":true}]}}