{"id":37870,"date":"2021-07-27T09:29:54","date_gmt":"2021-07-27T07:29:54","guid":{"rendered":"https:\/\/www.immobilienbusiness.ch\/?p=37870"},"modified":"2021-07-27T09:44:24","modified_gmt":"2021-07-27T07:44:24","slug":"senio-residenz-kapitalerhoehung-im-september","status":"publish","type":"post","link":"https:\/\/www.immobilienbusiness.ch\/it\/unternehmen\/2021-07-27\/senio-residenz-kapitalerhoehung-im-september\/","title":{"rendered":"SenioResidenz: aumento di capitale a settembre"},"content":{"rendered":"<figure id=\"attachment_17062\" aria-describedby=\"caption-attachment-17062\" style=\"width: 300px\" class=\"wp-caption alignnone\"><img loading=\"lazy\" decoding=\"async\" class=\"size-medium wp-image-17062\" src=\"https:\/\/www.immobilienbusiness.ch\/wp-content\/uploads\/2019\/05\/Depositphotos_6211861_s-2015-300x200.jpg\" alt=\"\" width=\"300\" height=\"200\" srcset=\"https:\/\/www.immobilienbusiness.ch\/wp-content\/uploads\/2019\/05\/Depositphotos_6211861_s-2015-300x200.jpg 300w, https:\/\/www.immobilienbusiness.ch\/wp-content\/uploads\/2019\/05\/Depositphotos_6211861_s-2015-16x12.jpg 16w, https:\/\/www.immobilienbusiness.ch\/wp-content\/uploads\/2019\/05\/Depositphotos_6211861_s-2015-263x175.jpg 263w, https:\/\/www.immobilienbusiness.ch\/wp-content\/uploads\/2019\/05\/Depositphotos_6211861_s-2015.jpg 500w\" sizes=\"auto, (max-width: 300px) 100vw, 300px\" \/><figcaption id=\"caption-attachment-17062\" class=\"wp-caption-text\">SenioResidenz annuncia un aumento di capitale per settembre (Immagine: depositphotos)<\/figcaption><\/figure>\n<p>Secondo le proprie informazioni, SenioResidenz AG prevede di effettuare un aumento di capitale ordinario nel periodo dal 13 al 24 settembre 2021, salvaguardando i diritti di sottoscrizione degli azionisti esistenti.<\/p>\n<p>Il rapporto di sottoscrizione sar\u00e0 3:1, vale a dire che tre azioni nominative esistenti danno diritto a sottoscrivere una nuova azione nominativa. L'aumento di capitale creer\u00e0 un massimo di 638.868 nuove azioni nominative (valore nominale CHF 46.10 ciascuna). Il prezzo di emissione deve ancora essere determinato dal consiglio di amministrazione, ha detto la societ\u00e0 immobiliare.<\/p>\n<p>Secondo la dichiarazione, non \u00e8 prevista alcuna negoziazione di diritti. Le nuove azioni non sottoscritte nell'offerta in opzione saranno assegnate a Bank J. Safra Sarasin per un'ulteriore assegnazione agli investitori.<\/p>\n<p>L'aumento di capitale deve essere approvato da un'assemblea generale straordinaria. Questo avverr\u00e0 il 1\u00b0 settembre. Il pagamento delle nuove azioni nominative \u00e8 previsto per il 30 settembre, il primo giorno di negoziazione sul BX Swiss AG \u00e8 previsto per il 1\u00b0 ottobre. <em>(ah)<\/em><\/p>","protected":false},"excerpt":{"rendered":"<p>SenioResidenz AG prevede di effettuare un aumento di capitale a met\u00e0 settembre. Il denaro fresco sar\u00e0 utilizzato per finanziare acquisizioni per il portafoglio immobiliare.<\/p>","protected":false},"author":3,"featured_media":17062,"comment_status":"closed","ping_status":"closed","sticky":false,"template":"","format":"standard","meta":{"_acf_changed":false,"_yoast_wpseo_focuskw":"Senio","_yoast_wpseo_title":"","_yoast_wpseo_metadesc":"Die Senio Residenz AG will Mitte September eine Kapitalerh\u00f6hung durchf\u00fchren. Mit dem frischen Geld sollen Zuk\u00e4ufe finanziert werden.","_yoast_wpseo_linkdex":45,"pgc_sgb_lightbox_settings":"","footnotes":""},"categories":[988],"tags":[1329,1412,1688],"class_list":["post-37870","post","type-post","status-publish","format-standard","has-post-thumbnail","hentry","category-unternehmen","tag-immobilien-ag","tag-kapitalerhoehung","tag-senioresidenz-ag"],"acf":[],"yoast_head":"<!-- This site is optimized with the Yoast SEO plugin v27.5 - https:\/\/yoast.com\/product\/yoast-seo-wordpress\/ -->\n<title>SenioResidenz: Kapitalerh\u00f6hung im September - IMMOBILIEN Business<\/title>\n<meta name=\"description\" content=\"Die Senio Residenz AG will Mitte September eine Kapitalerh\u00f6hung durchf\u00fchren. Mit dem frischen Geld sollen Zuk\u00e4ufe finanziert werden.\" \/>\n<meta name=\"robots\" content=\"index, follow, max-snippet:-1, max-image-preview:large, max-video-preview:-1\" \/>\n<link rel=\"canonical\" href=\"https:\/\/www.immobilienbusiness.ch\/it\/unternehmen\/2021-07-27\/senio-residenz-kapitalerhoehung-im-september\/\" \/>\n<meta property=\"og:locale\" content=\"it_IT\" \/>\n<meta property=\"og:type\" content=\"article\" \/>\n<meta property=\"og:title\" content=\"SenioResidenz: Kapitalerh\u00f6hung im September - IMMOBILIEN Business\" \/>\n<meta property=\"og:description\" content=\"Die Senio Residenz AG will Mitte September eine Kapitalerh\u00f6hung durchf\u00fchren. Mit dem frischen Geld sollen Zuk\u00e4ufe finanziert werden.\" \/>\n<meta property=\"og:url\" content=\"https:\/\/www.immobilienbusiness.ch\/it\/unternehmen\/2021-07-27\/senio-residenz-kapitalerhoehung-im-september\/\" \/>\n<meta property=\"og:site_name\" content=\"IMMOBILIEN Business\" \/>\n<meta property=\"article:publisher\" content=\"https:\/\/www.facebook.com\/immobilienbusiness\/\" \/>\n<meta property=\"article:published_time\" content=\"2021-07-27T07:29:54+00:00\" \/>\n<meta property=\"article:modified_time\" content=\"2021-07-27T07:44:24+00:00\" \/>\n<meta property=\"og:image\" content=\"https:\/\/www.immobilienbusiness.ch\/wp-content\/uploads\/2019\/05\/Depositphotos_6211861_s-2015.jpg\" \/>\n\t<meta property=\"og:image:width\" content=\"500\" \/>\n\t<meta property=\"og:image:height\" content=\"333\" \/>\n\t<meta property=\"og:image:type\" content=\"image\/jpeg\" \/>\n<meta name=\"author\" content=\"anja.hall\" \/>\n<meta name=\"twitter:card\" content=\"summary_large_image\" \/>\n<meta name=\"twitter:image\" content=\"https:\/\/www.immobilienbusiness.ch\/wp-content\/uploads\/2019\/05\/Depositphotos_6211861_s-2015.jpg\" \/>\n<script type=\"application\/ld+json\" class=\"yoast-schema-graph\">{\"@context\":\"https:\\\/\\\/schema.org\",\"@graph\":[{\"@type\":\"Article\",\"@id\":\"https:\\\/\\\/www.immobilienbusiness.ch\\\/de\\\/unternehmen\\\/2021-07-27\\\/senio-residenz-kapitalerhoehung-im-september\\\/#article\",\"isPartOf\":{\"@id\":\"https:\\\/\\\/www.immobilienbusiness.ch\\\/de\\\/unternehmen\\\/2021-07-27\\\/senio-residenz-kapitalerhoehung-im-september\\\/\"},\"author\":{\"name\":\"anja.hall\",\"@id\":\"https:\\\/\\\/www.immobilienbusiness.ch\\\/#\\\/schema\\\/person\\\/3fc036297b10b9f42d6db5ee932af8c8\"},\"headline\":\"SenioResidenz: Kapitalerh\u00f6hung im September\",\"datePublished\":\"2021-07-27T07:29:54+00:00\",\"dateModified\":\"2021-07-27T07:44:24+00:00\",\"mainEntityOfPage\":{\"@id\":\"https:\\\/\\\/www.immobilienbusiness.ch\\\/de\\\/unternehmen\\\/2021-07-27\\\/senio-residenz-kapitalerhoehung-im-september\\\/\"},\"wordCount\":165,\"publisher\":{\"@id\":\"https:\\\/\\\/www.immobilienbusiness.ch\\\/#organization\"},\"image\":{\"@id\":\"https:\\\/\\\/www.immobilienbusiness.ch\\\/de\\\/unternehmen\\\/2021-07-27\\\/senio-residenz-kapitalerhoehung-im-september\\\/#primaryimage\"},\"thumbnailUrl\":\"https:\\\/\\\/www.immobilienbusiness.ch\\\/wp-content\\\/uploads\\\/2019\\\/05\\\/Depositphotos_6211861_s-2015.jpg\",\"keywords\":[\"Immobilien-AG\",\"Kapitalerh\u00f6hung\",\"SenioResidenz AG\"],\"articleSection\":[\"UNTERNEHMEN\"],\"inLanguage\":\"it-IT\"},{\"@type\":\"WebPage\",\"@id\":\"https:\\\/\\\/www.immobilienbusiness.ch\\\/de\\\/unternehmen\\\/2021-07-27\\\/senio-residenz-kapitalerhoehung-im-september\\\/\",\"url\":\"https:\\\/\\\/www.immobilienbusiness.ch\\\/de\\\/unternehmen\\\/2021-07-27\\\/senio-residenz-kapitalerhoehung-im-september\\\/\",\"name\":\"SenioResidenz: Kapitalerh\u00f6hung im September - IMMOBILIEN Business\",\"isPartOf\":{\"@id\":\"https:\\\/\\\/www.immobilienbusiness.ch\\\/#website\"},\"primaryImageOfPage\":{\"@id\":\"https:\\\/\\\/www.immobilienbusiness.ch\\\/de\\\/unternehmen\\\/2021-07-27\\\/senio-residenz-kapitalerhoehung-im-september\\\/#primaryimage\"},\"image\":{\"@id\":\"https:\\\/\\\/www.immobilienbusiness.ch\\\/de\\\/unternehmen\\\/2021-07-27\\\/senio-residenz-kapitalerhoehung-im-september\\\/#primaryimage\"},\"thumbnailUrl\":\"https:\\\/\\\/www.immobilienbusiness.ch\\\/wp-content\\\/uploads\\\/2019\\\/05\\\/Depositphotos_6211861_s-2015.jpg\",\"datePublished\":\"2021-07-27T07:29:54+00:00\",\"dateModified\":\"2021-07-27T07:44:24+00:00\",\"description\":\"Die Senio Residenz AG will Mitte September eine Kapitalerh\u00f6hung durchf\u00fchren. Mit dem frischen Geld sollen Zuk\u00e4ufe finanziert werden.\",\"breadcrumb\":{\"@id\":\"https:\\\/\\\/www.immobilienbusiness.ch\\\/de\\\/unternehmen\\\/2021-07-27\\\/senio-residenz-kapitalerhoehung-im-september\\\/#breadcrumb\"},\"inLanguage\":\"it-IT\",\"potentialAction\":[{\"@type\":\"ReadAction\",\"target\":[\"https:\\\/\\\/www.immobilienbusiness.ch\\\/de\\\/unternehmen\\\/2021-07-27\\\/senio-residenz-kapitalerhoehung-im-september\\\/\"]}]},{\"@type\":\"ImageObject\",\"inLanguage\":\"it-IT\",\"@id\":\"https:\\\/\\\/www.immobilienbusiness.ch\\\/de\\\/unternehmen\\\/2021-07-27\\\/senio-residenz-kapitalerhoehung-im-september\\\/#primaryimage\",\"url\":\"https:\\\/\\\/www.immobilienbusiness.ch\\\/wp-content\\\/uploads\\\/2019\\\/05\\\/Depositphotos_6211861_s-2015.jpg\",\"contentUrl\":\"https:\\\/\\\/www.immobilienbusiness.ch\\\/wp-content\\\/uploads\\\/2019\\\/05\\\/Depositphotos_6211861_s-2015.jpg\",\"width\":500,\"height\":333,\"caption\":\"Offiziell sind Novavest und Senioresidenz erst seit Ende Juni ein Unternehmen. Die Halbjahreszahlen reflektieren die Fusion aber bereits (Bild: Depositphotos)\"},{\"@type\":\"BreadcrumbList\",\"@id\":\"https:\\\/\\\/www.immobilienbusiness.ch\\\/de\\\/unternehmen\\\/2021-07-27\\\/senio-residenz-kapitalerhoehung-im-september\\\/#breadcrumb\",\"itemListElement\":[{\"@type\":\"ListItem\",\"position\":1,\"name\":\"Home\",\"item\":\"https:\\\/\\\/www.immobilienbusiness.ch\\\/\"},{\"@type\":\"ListItem\",\"position\":2,\"name\":\"SenioResidenz: Kapitalerh\u00f6hung im September\"}]},{\"@type\":\"WebSite\",\"@id\":\"https:\\\/\\\/www.immobilienbusiness.ch\\\/#website\",\"url\":\"https:\\\/\\\/www.immobilienbusiness.ch\\\/\",\"name\":\"IMMOBILIEN Business\",\"description\":\"Unabh\u00e4ngiges Schweizer Wirtschaftsmagazin mit Fokus auf Immobilien, Architektur- und Bau sowie Investment- und Finanzierung.\",\"publisher\":{\"@id\":\"https:\\\/\\\/www.immobilienbusiness.ch\\\/#organization\"},\"potentialAction\":[{\"@type\":\"SearchAction\",\"target\":{\"@type\":\"EntryPoint\",\"urlTemplate\":\"https:\\\/\\\/www.immobilienbusiness.ch\\\/?s={search_term_string}\"},\"query-input\":{\"@type\":\"PropertyValueSpecification\",\"valueRequired\":true,\"valueName\":\"search_term_string\"}}],\"inLanguage\":\"it-IT\"},{\"@type\":\"Organization\",\"@id\":\"https:\\\/\\\/www.immobilienbusiness.ch\\\/#organization\",\"name\":\"IMMOBILIEN Business\",\"url\":\"https:\\\/\\\/www.immobilienbusiness.ch\\\/\",\"logo\":{\"@type\":\"ImageObject\",\"inLanguage\":\"it-IT\",\"@id\":\"https:\\\/\\\/www.immobilienbusiness.ch\\\/#\\\/schema\\\/logo\\\/image\\\/\",\"url\":\"https:\\\/\\\/www.immobilienbusiness.ch\\\/wp-content\\\/uploads\\\/2021\\\/07\\\/logo_ib.png\",\"contentUrl\":\"https:\\\/\\\/www.immobilienbusiness.ch\\\/wp-content\\\/uploads\\\/2021\\\/07\\\/logo_ib.png\",\"width\":800,\"height\":181,\"caption\":\"IMMOBILIEN Business\"},\"image\":{\"@id\":\"https:\\\/\\\/www.immobilienbusiness.ch\\\/#\\\/schema\\\/logo\\\/image\\\/\"},\"sameAs\":[\"https:\\\/\\\/www.facebook.com\\\/immobilienbusiness\\\/\"]},{\"@type\":\"Person\",\"@id\":\"https:\\\/\\\/www.immobilienbusiness.ch\\\/#\\\/schema\\\/person\\\/3fc036297b10b9f42d6db5ee932af8c8\",\"name\":\"anja.hall\",\"image\":{\"@type\":\"ImageObject\",\"inLanguage\":\"it-IT\",\"@id\":\"https:\\\/\\\/secure.gravatar.com\\\/avatar\\\/066b5a0d447013502c71a5782f4f3469f03cfe595cc2329fb94652fe47511bfb?s=96&d=mm&r=g\",\"url\":\"https:\\\/\\\/secure.gravatar.com\\\/avatar\\\/066b5a0d447013502c71a5782f4f3469f03cfe595cc2329fb94652fe47511bfb?s=96&d=mm&r=g\",\"contentUrl\":\"https:\\\/\\\/secure.gravatar.com\\\/avatar\\\/066b5a0d447013502c71a5782f4f3469f03cfe595cc2329fb94652fe47511bfb?s=96&d=mm&r=g\",\"caption\":\"anja.hall\"},\"url\":\"https:\\\/\\\/www.immobilienbusiness.ch\\\/it\\\/author\\\/anja-hall\\\/\"}]}<\/script>\n<!-- \/ Yoast SEO plugin. -->","yoast_head_json":{"title":"SenioResidenz: Kapitalerh\u00f6hung im September - IMMOBILIEN Business","description":"Die Senio Residenz AG will Mitte September eine Kapitalerh\u00f6hung durchf\u00fchren. Mit dem frischen Geld sollen Zuk\u00e4ufe finanziert werden.","robots":{"index":"index","follow":"follow","max-snippet":"max-snippet:-1","max-image-preview":"max-image-preview:large","max-video-preview":"max-video-preview:-1"},"canonical":"https:\/\/www.immobilienbusiness.ch\/it\/unternehmen\/2021-07-27\/senio-residenz-kapitalerhoehung-im-september\/","og_locale":"it_IT","og_type":"article","og_title":"SenioResidenz: Kapitalerh\u00f6hung im September - IMMOBILIEN Business","og_description":"Die Senio Residenz AG will Mitte September eine Kapitalerh\u00f6hung durchf\u00fchren. Mit dem frischen Geld sollen Zuk\u00e4ufe finanziert werden.","og_url":"https:\/\/www.immobilienbusiness.ch\/it\/unternehmen\/2021-07-27\/senio-residenz-kapitalerhoehung-im-september\/","og_site_name":"IMMOBILIEN Business","article_publisher":"https:\/\/www.facebook.com\/immobilienbusiness\/","article_published_time":"2021-07-27T07:29:54+00:00","article_modified_time":"2021-07-27T07:44:24+00:00","og_image":[{"width":500,"height":333,"url":"https:\/\/www.immobilienbusiness.ch\/wp-content\/uploads\/2019\/05\/Depositphotos_6211861_s-2015.jpg","type":"image\/jpeg"}],"author":"anja.hall","twitter_card":"summary_large_image","twitter_image":"https:\/\/www.immobilienbusiness.ch\/wp-content\/uploads\/2019\/05\/Depositphotos_6211861_s-2015.jpg","schema":{"@context":"https:\/\/schema.org","@graph":[{"@type":"Article","@id":"https:\/\/www.immobilienbusiness.ch\/de\/unternehmen\/2021-07-27\/senio-residenz-kapitalerhoehung-im-september\/#article","isPartOf":{"@id":"https:\/\/www.immobilienbusiness.ch\/de\/unternehmen\/2021-07-27\/senio-residenz-kapitalerhoehung-im-september\/"},"author":{"name":"anja.hall","@id":"https:\/\/www.immobilienbusiness.ch\/#\/schema\/person\/3fc036297b10b9f42d6db5ee932af8c8"},"headline":"SenioResidenz: Kapitalerh\u00f6hung im September","datePublished":"2021-07-27T07:29:54+00:00","dateModified":"2021-07-27T07:44:24+00:00","mainEntityOfPage":{"@id":"https:\/\/www.immobilienbusiness.ch\/de\/unternehmen\/2021-07-27\/senio-residenz-kapitalerhoehung-im-september\/"},"wordCount":165,"publisher":{"@id":"https:\/\/www.immobilienbusiness.ch\/#organization"},"image":{"@id":"https:\/\/www.immobilienbusiness.ch\/de\/unternehmen\/2021-07-27\/senio-residenz-kapitalerhoehung-im-september\/#primaryimage"},"thumbnailUrl":"https:\/\/www.immobilienbusiness.ch\/wp-content\/uploads\/2019\/05\/Depositphotos_6211861_s-2015.jpg","keywords":["Immobilien-AG","Kapitalerh\u00f6hung","SenioResidenz AG"],"articleSection":["UNTERNEHMEN"],"inLanguage":"it-IT"},{"@type":"WebPage","@id":"https:\/\/www.immobilienbusiness.ch\/de\/unternehmen\/2021-07-27\/senio-residenz-kapitalerhoehung-im-september\/","url":"https:\/\/www.immobilienbusiness.ch\/de\/unternehmen\/2021-07-27\/senio-residenz-kapitalerhoehung-im-september\/","name":"SenioResidenz: Kapitalerh\u00f6hung im September - IMMOBILIEN Business","isPartOf":{"@id":"https:\/\/www.immobilienbusiness.ch\/#website"},"primaryImageOfPage":{"@id":"https:\/\/www.immobilienbusiness.ch\/de\/unternehmen\/2021-07-27\/senio-residenz-kapitalerhoehung-im-september\/#primaryimage"},"image":{"@id":"https:\/\/www.immobilienbusiness.ch\/de\/unternehmen\/2021-07-27\/senio-residenz-kapitalerhoehung-im-september\/#primaryimage"},"thumbnailUrl":"https:\/\/www.immobilienbusiness.ch\/wp-content\/uploads\/2019\/05\/Depositphotos_6211861_s-2015.jpg","datePublished":"2021-07-27T07:29:54+00:00","dateModified":"2021-07-27T07:44:24+00:00","description":"Die Senio Residenz AG will Mitte September eine Kapitalerh\u00f6hung durchf\u00fchren. Mit dem frischen Geld sollen Zuk\u00e4ufe finanziert werden.","breadcrumb":{"@id":"https:\/\/www.immobilienbusiness.ch\/de\/unternehmen\/2021-07-27\/senio-residenz-kapitalerhoehung-im-september\/#breadcrumb"},"inLanguage":"it-IT","potentialAction":[{"@type":"ReadAction","target":["https:\/\/www.immobilienbusiness.ch\/de\/unternehmen\/2021-07-27\/senio-residenz-kapitalerhoehung-im-september\/"]}]},{"@type":"ImageObject","inLanguage":"it-IT","@id":"https:\/\/www.immobilienbusiness.ch\/de\/unternehmen\/2021-07-27\/senio-residenz-kapitalerhoehung-im-september\/#primaryimage","url":"https:\/\/www.immobilienbusiness.ch\/wp-content\/uploads\/2019\/05\/Depositphotos_6211861_s-2015.jpg","contentUrl":"https:\/\/www.immobilienbusiness.ch\/wp-content\/uploads\/2019\/05\/Depositphotos_6211861_s-2015.jpg","width":500,"height":333,"caption":"Offiziell sind Novavest und Senioresidenz erst seit Ende Juni ein Unternehmen. Die Halbjahreszahlen reflektieren die Fusion aber bereits (Bild: Depositphotos)"},{"@type":"BreadcrumbList","@id":"https:\/\/www.immobilienbusiness.ch\/de\/unternehmen\/2021-07-27\/senio-residenz-kapitalerhoehung-im-september\/#breadcrumb","itemListElement":[{"@type":"ListItem","position":1,"name":"Home","item":"https:\/\/www.immobilienbusiness.ch\/"},{"@type":"ListItem","position":2,"name":"SenioResidenz: Kapitalerh\u00f6hung im September"}]},{"@type":"WebSite","@id":"https:\/\/www.immobilienbusiness.ch\/#website","url":"https:\/\/www.immobilienbusiness.ch\/","name":"Affari immobiliari","description":"Rivista economica indipendente svizzera che si concentra sul settore immobiliare, l'architettura e la costruzione, nonch\u00e9 sugli investimenti e i finanziamenti.","publisher":{"@id":"https:\/\/www.immobilienbusiness.ch\/#organization"},"potentialAction":[{"@type":"SearchAction","target":{"@type":"EntryPoint","urlTemplate":"https:\/\/www.immobilienbusiness.ch\/?s={search_term_string}"},"query-input":{"@type":"PropertyValueSpecification","valueRequired":true,"valueName":"search_term_string"}}],"inLanguage":"it-IT"},{"@type":"Organization","@id":"https:\/\/www.immobilienbusiness.ch\/#organization","name":"Affari immobiliari","url":"https:\/\/www.immobilienbusiness.ch\/","logo":{"@type":"ImageObject","inLanguage":"it-IT","@id":"https:\/\/www.immobilienbusiness.ch\/#\/schema\/logo\/image\/","url":"https:\/\/www.immobilienbusiness.ch\/wp-content\/uploads\/2021\/07\/logo_ib.png","contentUrl":"https:\/\/www.immobilienbusiness.ch\/wp-content\/uploads\/2021\/07\/logo_ib.png","width":800,"height":181,"caption":"IMMOBILIEN Business"},"image":{"@id":"https:\/\/www.immobilienbusiness.ch\/#\/schema\/logo\/image\/"},"sameAs":["https:\/\/www.facebook.com\/immobilienbusiness\/"]},{"@type":"Person","@id":"https:\/\/www.immobilienbusiness.ch\/#\/schema\/person\/3fc036297b10b9f42d6db5ee932af8c8","name":"anja.hall","image":{"@type":"ImageObject","inLanguage":"it-IT","@id":"https:\/\/secure.gravatar.com\/avatar\/066b5a0d447013502c71a5782f4f3469f03cfe595cc2329fb94652fe47511bfb?s=96&d=mm&r=g","url":"https:\/\/secure.gravatar.com\/avatar\/066b5a0d447013502c71a5782f4f3469f03cfe595cc2329fb94652fe47511bfb?s=96&d=mm&r=g","contentUrl":"https:\/\/secure.gravatar.com\/avatar\/066b5a0d447013502c71a5782f4f3469f03cfe595cc2329fb94652fe47511bfb?s=96&d=mm&r=g","caption":"anja.hall"},"url":"https:\/\/www.immobilienbusiness.ch\/it\/author\/anja-hall\/"}]}},"_links":{"self":[{"href":"https:\/\/www.immobilienbusiness.ch\/it\/wp-json\/wp\/v2\/posts\/37870","targetHints":{"allow":["GET"]}}],"collection":[{"href":"https:\/\/www.immobilienbusiness.ch\/it\/wp-json\/wp\/v2\/posts"}],"about":[{"href":"https:\/\/www.immobilienbusiness.ch\/it\/wp-json\/wp\/v2\/types\/post"}],"author":[{"embeddable":true,"href":"https:\/\/www.immobilienbusiness.ch\/it\/wp-json\/wp\/v2\/users\/3"}],"replies":[{"embeddable":true,"href":"https:\/\/www.immobilienbusiness.ch\/it\/wp-json\/wp\/v2\/comments?post=37870"}],"version-history":[{"count":2,"href":"https:\/\/www.immobilienbusiness.ch\/it\/wp-json\/wp\/v2\/posts\/37870\/revisions"}],"predecessor-version":[{"id":37872,"href":"https:\/\/www.immobilienbusiness.ch\/it\/wp-json\/wp\/v2\/posts\/37870\/revisions\/37872"}],"wp:featuredmedia":[{"embeddable":true,"href":"https:\/\/www.immobilienbusiness.ch\/it\/wp-json\/wp\/v2\/media\/17062"}],"wp:attachment":[{"href":"https:\/\/www.immobilienbusiness.ch\/it\/wp-json\/wp\/v2\/media?parent=37870"}],"wp:term":[{"taxonomy":"category","embeddable":true,"href":"https:\/\/www.immobilienbusiness.ch\/it\/wp-json\/wp\/v2\/categories?post=37870"},{"taxonomy":"post_tag","embeddable":true,"href":"https:\/\/www.immobilienbusiness.ch\/it\/wp-json\/wp\/v2\/tags?post=37870"}],"curies":[{"name":"wp","href":"https:\/\/api.w.org\/{rel}","templated":true}]}}