{"id":3759,"date":"2016-05-27T10:21:37","date_gmt":"2016-05-27T08:21:37","guid":{"rendered":"http:\/\/dev.immobilienbusiness.ch\/?p=3759"},"modified":"2016-05-27T10:21:37","modified_gmt":"2016-05-27T08:21:37","slug":"westschweiz-bewirbt-sich-um-olympische-winterspiele","status":"publish","type":"post","link":"https:\/\/www.immobilienbusiness.ch\/it\/allgemein\/2016-05-27\/westschweiz-bewirbt-sich-um-olympische-winterspiele\/","title":{"rendered":"La Svizzera occidentale si candida per le Olimpiadi invernali"},"content":{"rendered":"<figure id=\"attachment_3764\" aria-describedby=\"caption-attachment-3764\" style=\"width: 680px\" class=\"wp-caption alignnone\"><img loading=\"lazy\" decoding=\"async\" class=\"size-medium wp-image-3764\" src=\"https:\/\/immobilienbusiness.ch\/wp-content\/uploads\/2016\/12\/Westschweiz-bewirbt-sich-um-Olympische-Winterspiele-immobilien-business.png\" alt=\"Die Westschweiz und Graub\u00fcnden bem\u00fchen sich um die Winterspiele 2026 (Grafik: Pixabay)\" width=\"680\" height=\"356\" srcset=\"https:\/\/www.immobilienbusiness.ch\/wp-content\/uploads\/2016\/12\/Westschweiz-bewirbt-sich-um-Olympische-Winterspiele-immobilien-business.png 1280w, https:\/\/www.immobilienbusiness.ch\/wp-content\/uploads\/2016\/12\/Westschweiz-bewirbt-sich-um-Olympische-Winterspiele-immobilien-business-300x157.png 300w, https:\/\/www.immobilienbusiness.ch\/wp-content\/uploads\/2016\/12\/Westschweiz-bewirbt-sich-um-Olympische-Winterspiele-immobilien-business-1024x537.png 1024w, https:\/\/www.immobilienbusiness.ch\/wp-content\/uploads\/2016\/12\/Westschweiz-bewirbt-sich-um-Olympische-Winterspiele-immobilien-business-768x403.png 768w, https:\/\/www.immobilienbusiness.ch\/wp-content\/uploads\/2016\/12\/Westschweiz-bewirbt-sich-um-Olympische-Winterspiele-immobilien-business-16x8.png 16w, https:\/\/www.immobilienbusiness.ch\/wp-content\/uploads\/2016\/12\/Westschweiz-bewirbt-sich-um-Olympische-Winterspiele-immobilien-business-334x175.png 334w, https:\/\/www.immobilienbusiness.ch\/wp-content\/uploads\/2016\/12\/Westschweiz-bewirbt-sich-um-Olympische-Winterspiele-immobilien-business-668x350.png 668w, https:\/\/www.immobilienbusiness.ch\/wp-content\/uploads\/2016\/12\/Westschweiz-bewirbt-sich-um-Olympische-Winterspiele-immobilien-business-920x482.png 920w\" sizes=\"auto, (max-width: 680px) 100vw, 680px\" \/><figcaption id=\"caption-attachment-3764\" class=\"wp-caption-text\">La Svizzera occidentale e i Grigioni si candidano per i Giochi invernali del 2026 (Grafico: Pixabay)<\/figcaption><\/figure>\n<p>\u00c8 stato ora annunciato che i progetti esistenti dei cantoni Vallese e Vaud vogliono unire le forze per formare una candidatura comune. L'intera Svizzera francese - dai cantoni di Ginevra, Friburgo e Neuch\u00e2tel al Giura e a Berna - parteciper\u00e0. In Vallese, il progetto \u00e8 stato lanciato dal presidente del FC Sion, Christian Constantin. Il progetto Vaud \u00e8 stato avviato dalla Camera di Commercio. La candidatura \u00e8 intitolata \"The Swiss Made Winter Games 2026\".<\/p>\n<p>I Grigioni stanno anche preparando una candidatura per i Giochi invernali del 2026 con il sostegno del Cantone di Zurigo. I promotori devono presentare la loro intenzione di presentare una candidatura all'organizzazione ombrello delle associazioni sportive svizzere, Swiss Olympic, entro il 31 maggio. L'offerta elaborata con la sede deve seguire entro il 15 dicembre.<\/p>\n<p>Finora la Svizzera ha ospitato i Giochi Olimpici invernali due volte: nel 1928 e nel 1948 a St. (ah)<\/p>","protected":false},"excerpt":{"rendered":"<p>Le Olimpiadi invernali del 2026 si terranno in Svizzera. I cantoni Vallese e Vaud stanno preparando un'offerta. Anche i Grigioni vogliono candidarsi ai Giochi con il sostegno del Cantone di Zurigo.<\/p>","protected":false},"author":1,"featured_media":3764,"comment_status":"open","ping_status":"open","sticky":false,"template":"","format":"standard","meta":{"_acf_changed":false,"_yoast_wpseo_focuskw":"Olympische Winterspiele 2026","_yoast_wpseo_title":"Olympische Winterspiele 2026: Westschweiz plant gemeinsame Bewerbung","_yoast_wpseo_metadesc":"Die Westschweiz und Graub\u00fcnden streben die Olympischen Winterspiele 2026 an. Eine grosse Kandidatur mit mehreren Kantonen ist in Vorbereitung.","_yoast_wpseo_linkdex":55,"pgc_sgb_lightbox_settings":"","footnotes":""},"categories":[1],"tags":[1852],"class_list":["post-3759","post","type-post","status-publish","format-standard","has-post-thumbnail","hentry","category-allgemein","tag-west-schweiz"],"acf":[],"yoast_head":"<!-- This site is optimized with the Yoast SEO plugin v27.4 - https:\/\/yoast.com\/product\/yoast-seo-wordpress\/ -->\n<title>Olympische Winterspiele 2026: Westschweiz plant gemeinsame Bewerbung<\/title>\n<meta name=\"description\" content=\"Die Westschweiz und Graub\u00fcnden streben die Olympischen Winterspiele 2026 an. Eine grosse Kandidatur mit mehreren Kantonen ist in Vorbereitung.\" \/>\n<meta name=\"robots\" content=\"index, follow, max-snippet:-1, max-image-preview:large, max-video-preview:-1\" \/>\n<link rel=\"canonical\" href=\"https:\/\/www.immobilienbusiness.ch\/it\/allgemein\/2016-05-27\/westschweiz-bewirbt-sich-um-olympische-winterspiele\/\" \/>\n<meta property=\"og:locale\" content=\"it_IT\" \/>\n<meta property=\"og:type\" content=\"article\" \/>\n<meta property=\"og:title\" content=\"Westschweiz bewirbt sich um Olympische Winterspiele\" \/>\n<meta property=\"og:description\" content=\"Die Olympischen Winterspiele 2026 sollen in die Schweiz kommen. Die Kantone Wallis und Waadt bereiten eine Bewerbung vor. Auch Graub\u00fcnden will sich mit Unterst\u00fctzung des Kantons Z\u00fcrich um die Spiele bem\u00fchen.\" \/>\n<meta property=\"og:url\" content=\"https:\/\/www.immobilienbusiness.ch\/it\/allgemein\/2016-05-27\/westschweiz-bewirbt-sich-um-olympische-winterspiele\/\" \/>\n<meta property=\"og:site_name\" content=\"IMMOBILIEN Business\" \/>\n<meta property=\"article:publisher\" content=\"https:\/\/www.facebook.com\/immobilienbusiness\/\" \/>\n<meta property=\"article:published_time\" content=\"2016-05-27T08:21:37+00:00\" \/>\n<meta name=\"author\" content=\"Redaktion\" \/>\n<meta name=\"twitter:card\" content=\"summary_large_image\" \/>\n<meta name=\"twitter:image\" content=\"https:\/\/www.immobilienbusiness.ch\/wp-content\/uploads\/2016\/12\/Westschweiz-bewirbt-sich-um-Olympische-Winterspiele-immobilien-business.png\" \/>\n<script type=\"application\/ld+json\" class=\"yoast-schema-graph\">{\"@context\":\"https:\\\/\\\/schema.org\",\"@graph\":[{\"@type\":\"Article\",\"@id\":\"https:\\\/\\\/www.immobilienbusiness.ch\\\/en\\\/allgemein\\\/2016-05-27\\\/westschweiz-bewirbt-sich-um-olympische-winterspiele\\\/#article\",\"isPartOf\":{\"@id\":\"https:\\\/\\\/www.immobilienbusiness.ch\\\/en\\\/allgemein\\\/2016-05-27\\\/westschweiz-bewirbt-sich-um-olympische-winterspiele\\\/\"},\"author\":{\"name\":\"Redaktion\",\"@id\":\"https:\\\/\\\/www.immobilienbusiness.ch\\\/#\\\/schema\\\/person\\\/aa2bace6c5c5aad60102004a50c4eb1c\"},\"headline\":\"Westschweiz bewirbt sich um Olympische Winterspiele\",\"datePublished\":\"2016-05-27T08:21:37+00:00\",\"mainEntityOfPage\":{\"@id\":\"https:\\\/\\\/www.immobilienbusiness.ch\\\/en\\\/allgemein\\\/2016-05-27\\\/westschweiz-bewirbt-sich-um-olympische-winterspiele\\\/\"},\"wordCount\":160,\"commentCount\":0,\"publisher\":{\"@id\":\"https:\\\/\\\/www.immobilienbusiness.ch\\\/#organization\"},\"image\":{\"@id\":\"https:\\\/\\\/www.immobilienbusiness.ch\\\/en\\\/allgemein\\\/2016-05-27\\\/westschweiz-bewirbt-sich-um-olympische-winterspiele\\\/#primaryimage\"},\"thumbnailUrl\":\"https:\\\/\\\/www.immobilienbusiness.ch\\\/wp-content\\\/uploads\\\/2016\\\/12\\\/Westschweiz-bewirbt-sich-um-Olympische-Winterspiele-immobilien-business.png\",\"keywords\":[\"West-Schweiz\"],\"articleSection\":[\"Allgemein\"],\"inLanguage\":\"it-IT\"},{\"@type\":\"WebPage\",\"@id\":\"https:\\\/\\\/www.immobilienbusiness.ch\\\/en\\\/allgemein\\\/2016-05-27\\\/westschweiz-bewirbt-sich-um-olympische-winterspiele\\\/\",\"url\":\"https:\\\/\\\/www.immobilienbusiness.ch\\\/en\\\/allgemein\\\/2016-05-27\\\/westschweiz-bewirbt-sich-um-olympische-winterspiele\\\/\",\"name\":\"Olympische Winterspiele 2026: Westschweiz plant gemeinsame Bewerbung\",\"isPartOf\":{\"@id\":\"https:\\\/\\\/www.immobilienbusiness.ch\\\/#website\"},\"primaryImageOfPage\":{\"@id\":\"https:\\\/\\\/www.immobilienbusiness.ch\\\/en\\\/allgemein\\\/2016-05-27\\\/westschweiz-bewirbt-sich-um-olympische-winterspiele\\\/#primaryimage\"},\"image\":{\"@id\":\"https:\\\/\\\/www.immobilienbusiness.ch\\\/en\\\/allgemein\\\/2016-05-27\\\/westschweiz-bewirbt-sich-um-olympische-winterspiele\\\/#primaryimage\"},\"thumbnailUrl\":\"https:\\\/\\\/www.immobilienbusiness.ch\\\/wp-content\\\/uploads\\\/2016\\\/12\\\/Westschweiz-bewirbt-sich-um-Olympische-Winterspiele-immobilien-business.png\",\"datePublished\":\"2016-05-27T08:21:37+00:00\",\"description\":\"Die Westschweiz und Graub\u00fcnden streben die Olympischen Winterspiele 2026 an. Eine grosse Kandidatur mit mehreren Kantonen ist in Vorbereitung.\",\"breadcrumb\":{\"@id\":\"https:\\\/\\\/www.immobilienbusiness.ch\\\/en\\\/allgemein\\\/2016-05-27\\\/westschweiz-bewirbt-sich-um-olympische-winterspiele\\\/#breadcrumb\"},\"inLanguage\":\"it-IT\",\"potentialAction\":[{\"@type\":\"ReadAction\",\"target\":[\"https:\\\/\\\/www.immobilienbusiness.ch\\\/en\\\/allgemein\\\/2016-05-27\\\/westschweiz-bewirbt-sich-um-olympische-winterspiele\\\/\"]}]},{\"@type\":\"ImageObject\",\"inLanguage\":\"it-IT\",\"@id\":\"https:\\\/\\\/www.immobilienbusiness.ch\\\/en\\\/allgemein\\\/2016-05-27\\\/westschweiz-bewirbt-sich-um-olympische-winterspiele\\\/#primaryimage\",\"url\":\"https:\\\/\\\/www.immobilienbusiness.ch\\\/wp-content\\\/uploads\\\/2016\\\/12\\\/Westschweiz-bewirbt-sich-um-Olympische-Winterspiele-immobilien-business.png\",\"contentUrl\":\"https:\\\/\\\/www.immobilienbusiness.ch\\\/wp-content\\\/uploads\\\/2016\\\/12\\\/Westschweiz-bewirbt-sich-um-Olympische-Winterspiele-immobilien-business.png\",\"width\":1280,\"height\":671,\"caption\":\"Die Westschweiz und Graub\u00fcnden bem\u00fchen sich um die Winterspiele 2026 (Grafik: Pixabay)\"},{\"@type\":\"BreadcrumbList\",\"@id\":\"https:\\\/\\\/www.immobilienbusiness.ch\\\/en\\\/allgemein\\\/2016-05-27\\\/westschweiz-bewirbt-sich-um-olympische-winterspiele\\\/#breadcrumb\",\"itemListElement\":[{\"@type\":\"ListItem\",\"position\":1,\"name\":\"Home\",\"item\":\"https:\\\/\\\/www.immobilienbusiness.ch\\\/\"},{\"@type\":\"ListItem\",\"position\":2,\"name\":\"Westschweiz bewirbt sich um Olympische Winterspiele\"}]},{\"@type\":\"WebSite\",\"@id\":\"https:\\\/\\\/www.immobilienbusiness.ch\\\/#website\",\"url\":\"https:\\\/\\\/www.immobilienbusiness.ch\\\/\",\"name\":\"IMMOBILIEN Business\",\"description\":\"Unabh\u00e4ngiges Schweizer Wirtschaftsmagazin mit Fokus auf Immobilien, Architektur- und Bau sowie Investment- und Finanzierung.\",\"publisher\":{\"@id\":\"https:\\\/\\\/www.immobilienbusiness.ch\\\/#organization\"},\"potentialAction\":[{\"@type\":\"SearchAction\",\"target\":{\"@type\":\"EntryPoint\",\"urlTemplate\":\"https:\\\/\\\/www.immobilienbusiness.ch\\\/?s={search_term_string}\"},\"query-input\":{\"@type\":\"PropertyValueSpecification\",\"valueRequired\":true,\"valueName\":\"search_term_string\"}}],\"inLanguage\":\"it-IT\"},{\"@type\":\"Organization\",\"@id\":\"https:\\\/\\\/www.immobilienbusiness.ch\\\/#organization\",\"name\":\"IMMOBILIEN Business\",\"url\":\"https:\\\/\\\/www.immobilienbusiness.ch\\\/\",\"logo\":{\"@type\":\"ImageObject\",\"inLanguage\":\"it-IT\",\"@id\":\"https:\\\/\\\/www.immobilienbusiness.ch\\\/#\\\/schema\\\/logo\\\/image\\\/\",\"url\":\"https:\\\/\\\/www.immobilienbusiness.ch\\\/wp-content\\\/uploads\\\/2021\\\/07\\\/logo_ib.png\",\"contentUrl\":\"https:\\\/\\\/www.immobilienbusiness.ch\\\/wp-content\\\/uploads\\\/2021\\\/07\\\/logo_ib.png\",\"width\":800,\"height\":181,\"caption\":\"IMMOBILIEN Business\"},\"image\":{\"@id\":\"https:\\\/\\\/www.immobilienbusiness.ch\\\/#\\\/schema\\\/logo\\\/image\\\/\"},\"sameAs\":[\"https:\\\/\\\/www.facebook.com\\\/immobilienbusiness\\\/\"]},{\"@type\":\"Person\",\"@id\":\"https:\\\/\\\/www.immobilienbusiness.ch\\\/#\\\/schema\\\/person\\\/aa2bace6c5c5aad60102004a50c4eb1c\",\"name\":\"Redaktion\",\"image\":{\"@type\":\"ImageObject\",\"inLanguage\":\"it-IT\",\"@id\":\"https:\\\/\\\/secure.gravatar.com\\\/avatar\\\/ae2f4d718e6c49043e314ce431e7e645d646302a24a5ef5a8bc8e3f5a032e319?s=96&d=mm&r=g\",\"url\":\"https:\\\/\\\/secure.gravatar.com\\\/avatar\\\/ae2f4d718e6c49043e314ce431e7e645d646302a24a5ef5a8bc8e3f5a032e319?s=96&d=mm&r=g\",\"contentUrl\":\"https:\\\/\\\/secure.gravatar.com\\\/avatar\\\/ae2f4d718e6c49043e314ce431e7e645d646302a24a5ef5a8bc8e3f5a032e319?s=96&d=mm&r=g\",\"caption\":\"Redaktion\"},\"sameAs\":[\"http:\\\/\\\/develop.organisator.galledia.ch\"],\"url\":\"https:\\\/\\\/www.immobilienbusiness.ch\\\/it\\\/author\\\/admin\\\/\"}]}<\/script>\n<!-- \/ Yoast SEO plugin. -->","yoast_head_json":{"title":"Olympische Winterspiele 2026: Westschweiz plant gemeinsame Bewerbung","description":"Die Westschweiz und Graub\u00fcnden streben die Olympischen Winterspiele 2026 an. Eine grosse Kandidatur mit mehreren Kantonen ist in Vorbereitung.","robots":{"index":"index","follow":"follow","max-snippet":"max-snippet:-1","max-image-preview":"max-image-preview:large","max-video-preview":"max-video-preview:-1"},"canonical":"https:\/\/www.immobilienbusiness.ch\/it\/allgemein\/2016-05-27\/westschweiz-bewirbt-sich-um-olympische-winterspiele\/","og_locale":"it_IT","og_type":"article","og_title":"Westschweiz bewirbt sich um Olympische Winterspiele","og_description":"Die Olympischen Winterspiele 2026 sollen in die Schweiz kommen. Die Kantone Wallis und Waadt bereiten eine Bewerbung vor. Auch Graub\u00fcnden will sich mit Unterst\u00fctzung des Kantons Z\u00fcrich um die Spiele bem\u00fchen.","og_url":"https:\/\/www.immobilienbusiness.ch\/it\/allgemein\/2016-05-27\/westschweiz-bewirbt-sich-um-olympische-winterspiele\/","og_site_name":"IMMOBILIEN Business","article_publisher":"https:\/\/www.facebook.com\/immobilienbusiness\/","article_published_time":"2016-05-27T08:21:37+00:00","author":"Redaktion","twitter_card":"summary_large_image","twitter_image":"https:\/\/www.immobilienbusiness.ch\/wp-content\/uploads\/2016\/12\/Westschweiz-bewirbt-sich-um-Olympische-Winterspiele-immobilien-business.png","schema":{"@context":"https:\/\/schema.org","@graph":[{"@type":"Article","@id":"https:\/\/www.immobilienbusiness.ch\/en\/allgemein\/2016-05-27\/westschweiz-bewirbt-sich-um-olympische-winterspiele\/#article","isPartOf":{"@id":"https:\/\/www.immobilienbusiness.ch\/en\/allgemein\/2016-05-27\/westschweiz-bewirbt-sich-um-olympische-winterspiele\/"},"author":{"name":"Redaktion","@id":"https:\/\/www.immobilienbusiness.ch\/#\/schema\/person\/aa2bace6c5c5aad60102004a50c4eb1c"},"headline":"Westschweiz bewirbt sich um Olympische Winterspiele","datePublished":"2016-05-27T08:21:37+00:00","mainEntityOfPage":{"@id":"https:\/\/www.immobilienbusiness.ch\/en\/allgemein\/2016-05-27\/westschweiz-bewirbt-sich-um-olympische-winterspiele\/"},"wordCount":160,"commentCount":0,"publisher":{"@id":"https:\/\/www.immobilienbusiness.ch\/#organization"},"image":{"@id":"https:\/\/www.immobilienbusiness.ch\/en\/allgemein\/2016-05-27\/westschweiz-bewirbt-sich-um-olympische-winterspiele\/#primaryimage"},"thumbnailUrl":"https:\/\/www.immobilienbusiness.ch\/wp-content\/uploads\/2016\/12\/Westschweiz-bewirbt-sich-um-Olympische-Winterspiele-immobilien-business.png","keywords":["West-Schweiz"],"articleSection":["Allgemein"],"inLanguage":"it-IT"},{"@type":"WebPage","@id":"https:\/\/www.immobilienbusiness.ch\/en\/allgemein\/2016-05-27\/westschweiz-bewirbt-sich-um-olympische-winterspiele\/","url":"https:\/\/www.immobilienbusiness.ch\/en\/allgemein\/2016-05-27\/westschweiz-bewirbt-sich-um-olympische-winterspiele\/","name":"Olympische Winterspiele 2026: Westschweiz plant gemeinsame Bewerbung","isPartOf":{"@id":"https:\/\/www.immobilienbusiness.ch\/#website"},"primaryImageOfPage":{"@id":"https:\/\/www.immobilienbusiness.ch\/en\/allgemein\/2016-05-27\/westschweiz-bewirbt-sich-um-olympische-winterspiele\/#primaryimage"},"image":{"@id":"https:\/\/www.immobilienbusiness.ch\/en\/allgemein\/2016-05-27\/westschweiz-bewirbt-sich-um-olympische-winterspiele\/#primaryimage"},"thumbnailUrl":"https:\/\/www.immobilienbusiness.ch\/wp-content\/uploads\/2016\/12\/Westschweiz-bewirbt-sich-um-Olympische-Winterspiele-immobilien-business.png","datePublished":"2016-05-27T08:21:37+00:00","description":"Die Westschweiz und Graub\u00fcnden streben die Olympischen Winterspiele 2026 an. Eine grosse Kandidatur mit mehreren Kantonen ist in Vorbereitung.","breadcrumb":{"@id":"https:\/\/www.immobilienbusiness.ch\/en\/allgemein\/2016-05-27\/westschweiz-bewirbt-sich-um-olympische-winterspiele\/#breadcrumb"},"inLanguage":"it-IT","potentialAction":[{"@type":"ReadAction","target":["https:\/\/www.immobilienbusiness.ch\/en\/allgemein\/2016-05-27\/westschweiz-bewirbt-sich-um-olympische-winterspiele\/"]}]},{"@type":"ImageObject","inLanguage":"it-IT","@id":"https:\/\/www.immobilienbusiness.ch\/en\/allgemein\/2016-05-27\/westschweiz-bewirbt-sich-um-olympische-winterspiele\/#primaryimage","url":"https:\/\/www.immobilienbusiness.ch\/wp-content\/uploads\/2016\/12\/Westschweiz-bewirbt-sich-um-Olympische-Winterspiele-immobilien-business.png","contentUrl":"https:\/\/www.immobilienbusiness.ch\/wp-content\/uploads\/2016\/12\/Westschweiz-bewirbt-sich-um-Olympische-Winterspiele-immobilien-business.png","width":1280,"height":671,"caption":"Die Westschweiz und Graub\u00fcnden bem\u00fchen sich um die Winterspiele 2026 (Grafik: Pixabay)"},{"@type":"BreadcrumbList","@id":"https:\/\/www.immobilienbusiness.ch\/en\/allgemein\/2016-05-27\/westschweiz-bewirbt-sich-um-olympische-winterspiele\/#breadcrumb","itemListElement":[{"@type":"ListItem","position":1,"name":"Home","item":"https:\/\/www.immobilienbusiness.ch\/"},{"@type":"ListItem","position":2,"name":"Westschweiz bewirbt sich um Olympische Winterspiele"}]},{"@type":"WebSite","@id":"https:\/\/www.immobilienbusiness.ch\/#website","url":"https:\/\/www.immobilienbusiness.ch\/","name":"Affari immobiliari","description":"Rivista economica indipendente svizzera che si concentra sul settore immobiliare, l'architettura e la costruzione, nonch\u00e9 sugli investimenti e i finanziamenti.","publisher":{"@id":"https:\/\/www.immobilienbusiness.ch\/#organization"},"potentialAction":[{"@type":"SearchAction","target":{"@type":"EntryPoint","urlTemplate":"https:\/\/www.immobilienbusiness.ch\/?s={search_term_string}"},"query-input":{"@type":"PropertyValueSpecification","valueRequired":true,"valueName":"search_term_string"}}],"inLanguage":"it-IT"},{"@type":"Organization","@id":"https:\/\/www.immobilienbusiness.ch\/#organization","name":"Affari immobiliari","url":"https:\/\/www.immobilienbusiness.ch\/","logo":{"@type":"ImageObject","inLanguage":"it-IT","@id":"https:\/\/www.immobilienbusiness.ch\/#\/schema\/logo\/image\/","url":"https:\/\/www.immobilienbusiness.ch\/wp-content\/uploads\/2021\/07\/logo_ib.png","contentUrl":"https:\/\/www.immobilienbusiness.ch\/wp-content\/uploads\/2021\/07\/logo_ib.png","width":800,"height":181,"caption":"IMMOBILIEN Business"},"image":{"@id":"https:\/\/www.immobilienbusiness.ch\/#\/schema\/logo\/image\/"},"sameAs":["https:\/\/www.facebook.com\/immobilienbusiness\/"]},{"@type":"Person","@id":"https:\/\/www.immobilienbusiness.ch\/#\/schema\/person\/aa2bace6c5c5aad60102004a50c4eb1c","name":"Editoriale","image":{"@type":"ImageObject","inLanguage":"it-IT","@id":"https:\/\/secure.gravatar.com\/avatar\/ae2f4d718e6c49043e314ce431e7e645d646302a24a5ef5a8bc8e3f5a032e319?s=96&d=mm&r=g","url":"https:\/\/secure.gravatar.com\/avatar\/ae2f4d718e6c49043e314ce431e7e645d646302a24a5ef5a8bc8e3f5a032e319?s=96&d=mm&r=g","contentUrl":"https:\/\/secure.gravatar.com\/avatar\/ae2f4d718e6c49043e314ce431e7e645d646302a24a5ef5a8bc8e3f5a032e319?s=96&d=mm&r=g","caption":"Redaktion"},"sameAs":["http:\/\/develop.organisator.galledia.ch"],"url":"https:\/\/www.immobilienbusiness.ch\/it\/author\/admin\/"}]}},"_links":{"self":[{"href":"https:\/\/www.immobilienbusiness.ch\/it\/wp-json\/wp\/v2\/posts\/3759","targetHints":{"allow":["GET"]}}],"collection":[{"href":"https:\/\/www.immobilienbusiness.ch\/it\/wp-json\/wp\/v2\/posts"}],"about":[{"href":"https:\/\/www.immobilienbusiness.ch\/it\/wp-json\/wp\/v2\/types\/post"}],"author":[{"embeddable":true,"href":"https:\/\/www.immobilienbusiness.ch\/it\/wp-json\/wp\/v2\/users\/1"}],"replies":[{"embeddable":true,"href":"https:\/\/www.immobilienbusiness.ch\/it\/wp-json\/wp\/v2\/comments?post=3759"}],"version-history":[{"count":0,"href":"https:\/\/www.immobilienbusiness.ch\/it\/wp-json\/wp\/v2\/posts\/3759\/revisions"}],"wp:featuredmedia":[{"embeddable":true,"href":"https:\/\/www.immobilienbusiness.ch\/it\/wp-json\/wp\/v2\/media\/3764"}],"wp:attachment":[{"href":"https:\/\/www.immobilienbusiness.ch\/it\/wp-json\/wp\/v2\/media?parent=3759"}],"wp:term":[{"taxonomy":"category","embeddable":true,"href":"https:\/\/www.immobilienbusiness.ch\/it\/wp-json\/wp\/v2\/categories?post=3759"},{"taxonomy":"post_tag","embeddable":true,"href":"https:\/\/www.immobilienbusiness.ch\/it\/wp-json\/wp\/v2\/tags?post=3759"}],"curies":[{"name":"wp","href":"https:\/\/api.w.org\/{rel}","templated":true}]}}