{"id":37237,"date":"2017-09-18T08:59:34","date_gmt":"2017-09-18T06:59:34","guid":{"rendered":"https:\/\/www.immobilienbusiness.ch\/?p=9200"},"modified":"2017-09-18T08:59:34","modified_gmt":"2017-09-18T06:59:34","slug":"genf-erstes-citizenm-hotel-in-planung","status":"publish","type":"post","link":"https:\/\/www.immobilienbusiness.ch\/it\/regionen\/2017-09-18\/genf-erstes-citizenm-hotel-in-planung\/","title":{"rendered":"Ginevra: il primo hotel CitizenM in progettazione"},"content":{"rendered":"<figure id=\"attachment_9201\" aria-describedby=\"caption-attachment-9201\" style=\"width: 1872px\" class=\"wp-caption alignnone\"><img loading=\"lazy\" decoding=\"async\" class=\"size-full wp-image-9201\" src=\"https:\/\/www.immobilienbusiness.ch\/wp-content\/uploads\/2017\/09\/IB-News-20170918-PSP-Genf-Rue_Du_marche_6Citizen-M-Hotel.jpg\" alt=\"\" width=\"1872\" height=\"1131\" srcset=\"https:\/\/www.immobilienbusiness.ch\/wp-content\/uploads\/2017\/09\/IB-News-20170918-PSP-Genf-Rue_Du_marche_6Citizen-M-Hotel.jpg 1872w, https:\/\/www.immobilienbusiness.ch\/wp-content\/uploads\/2017\/09\/IB-News-20170918-PSP-Genf-Rue_Du_marche_6Citizen-M-Hotel-300x181.jpg 300w, https:\/\/www.immobilienbusiness.ch\/wp-content\/uploads\/2017\/09\/IB-News-20170918-PSP-Genf-Rue_Du_marche_6Citizen-M-Hotel-1024x619.jpg 1024w, https:\/\/www.immobilienbusiness.ch\/wp-content\/uploads\/2017\/09\/IB-News-20170918-PSP-Genf-Rue_Du_marche_6Citizen-M-Hotel-768x464.jpg 768w, https:\/\/www.immobilienbusiness.ch\/wp-content\/uploads\/2017\/09\/IB-News-20170918-PSP-Genf-Rue_Du_marche_6Citizen-M-Hotel-1536x928.jpg 1536w, https:\/\/www.immobilienbusiness.ch\/wp-content\/uploads\/2017\/09\/IB-News-20170918-PSP-Genf-Rue_Du_marche_6Citizen-M-Hotel-16x10.jpg 16w, https:\/\/www.immobilienbusiness.ch\/wp-content\/uploads\/2017\/09\/IB-News-20170918-PSP-Genf-Rue_Du_marche_6Citizen-M-Hotel-290x175.jpg 290w, https:\/\/www.immobilienbusiness.ch\/wp-content\/uploads\/2017\/09\/IB-News-20170918-PSP-Genf-Rue_Du_marche_6Citizen-M-Hotel-579x350.jpg 579w, https:\/\/www.immobilienbusiness.ch\/wp-content\/uploads\/2017\/09\/IB-News-20170918-PSP-Genf-Rue_Du_marche_6Citizen-M-Hotel-1324x800.jpg 1324w, https:\/\/www.immobilienbusiness.ch\/wp-content\/uploads\/2017\/09\/IB-News-20170918-PSP-Genf-Rue_Du_marche_6Citizen-M-Hotel-920x556.jpg 920w, https:\/\/www.immobilienbusiness.ch\/wp-content\/uploads\/2017\/09\/IB-News-20170918-PSP-Genf-Rue_Du_marche_6Citizen-M-Hotel-1400x846.jpg 1400w\" sizes=\"auto, (max-width: 1872px) 100vw, 1872px\" \/><figcaption id=\"caption-attachment-9201\" class=\"wp-caption-text\">Il primo hotel CitizenM della Svizzera \u00e8 in costruzione in Rue du March\u00e9 40 a Ginevra (Immagine: PSP)<\/figcaption><\/figure>\n<p>L'immobile di Rue du March\u00e9 \u00e8 di propriet\u00e0 di PSP Swiss Property dal luglio 2002. Fino alla fine del 2016, la maggior parte dei locali era utilizzata come uffici. Da allora, l'edificio degli anni '70 \u00e8 stato sottoposto a una profonda ristrutturazione. Secondo PSP, che sta investendo circa 30 milioni di franchi svizzeri nella conversione, i lavori dovrebbero durare fino alla met\u00e0 del 2020.<\/p>\n<p>In stretta collaborazione con CitizenM, \u00e8 stata presa la decisione di riposizionare la propriet\u00e0 con un focus sull'uso alberghiero, scrive la societ\u00e0 immobiliare quotata in borsa. L'ottima posizione e gli eccellenti collegamenti con i mezzi pubblici parlano a favore di un hotel. I restanti spazi in affitto, in parte gi\u00e0 affittati, saranno messi a disposizione come spazi commerciali.<\/p>\n<p>Il gruppo alberghiero \u00e8 gi\u00e0 presente con propriet\u00e0 ad Amsterdam, Glasgow, Londra, Parigi e Rotterdam, oltre che a New York e Taipei. CitizenM festegger\u00e0 la sua prima in Svizzera con la sede di Ginevra.<\/p>","protected":false},"excerpt":{"rendered":"<p>Il gruppo alberghiero internazionale CitizenM aprir\u00e0 nel 2020 un hotel boutique con 144 camere al numero 40 di Rue du March\u00e9 a Ginevra.<\/p>","protected":false},"author":4,"featured_media":9201,"comment_status":"open","ping_status":"open","sticky":false,"template":"","format":"standard","meta":{"_acf_changed":false,"_yoast_wpseo_focuskw":"CitizenM","_yoast_wpseo_title":"","_yoast_wpseo_metadesc":"Die international t\u00e4tige Hotelgruppe CitizenM wird 2020 an der Rue du March\u00e9 40 in Genf ein Boutique-Hotel mit 144 Zimmern er\u00f6ffnen.","_yoast_wpseo_linkdex":69,"pgc_sgb_lightbox_settings":"","footnotes":""},"categories":[985],"tags":[1134,1260,1313,1599,1608,1643,1800],"class_list":["post-37237","post","type-post","status-publish","format-standard","has-post-thumbnail","hentry","category-regionen","tag-citizenm","tag-genf","tag-hotel","tag-projekt-in-bau","tag-psp-swiss-property","tag-retail","tag-umnutzung"],"acf":[],"yoast_head":"<!-- This site is optimized with the Yoast SEO plugin v27.5 - https:\/\/yoast.com\/product\/yoast-seo-wordpress\/ -->\n<title>Genf: Erstes CitizenM-Hotel in Planung - IMMOBILIEN Business<\/title>\n<meta name=\"description\" content=\"Die international t\u00e4tige Hotelgruppe CitizenM wird 2020 an der Rue du March\u00e9 40 in Genf ein Boutique-Hotel mit 144 Zimmern er\u00f6ffnen.\" \/>\n<meta name=\"robots\" content=\"index, follow, max-snippet:-1, max-image-preview:large, max-video-preview:-1\" \/>\n<link rel=\"canonical\" href=\"https:\/\/www.immobilienbusiness.ch\/it\/regionen\/2017-09-18\/genf-erstes-citizenm-hotel-in-planung\/\" \/>\n<meta property=\"og:locale\" content=\"it_IT\" \/>\n<meta property=\"og:type\" content=\"article\" \/>\n<meta property=\"og:title\" content=\"Genf: Erstes CitizenM-Hotel in Planung\" \/>\n<meta property=\"og:description\" content=\"Die international t\u00e4tige Hotelgruppe CitizenM wird 2020 an der Rue du March\u00e9 40 in Genf ein Boutique-Hotel mit 144 Zimmern er\u00f6ffnen.\" \/>\n<meta property=\"og:url\" content=\"https:\/\/www.immobilienbusiness.ch\/it\/regionen\/2017-09-18\/genf-erstes-citizenm-hotel-in-planung\/\" \/>\n<meta property=\"og:site_name\" content=\"IMMOBILIEN Business\" \/>\n<meta property=\"article:publisher\" content=\"https:\/\/www.facebook.com\/immobilienbusiness\/\" \/>\n<meta property=\"article:published_time\" content=\"2017-09-18T06:59:34+00:00\" \/>\n<meta property=\"og:image\" content=\"https:\/\/www.immobilienbusiness.ch\/wp-content\/uploads\/2017\/09\/IB-News-20170918-PSP-Genf-Rue_Du_marche_6Citizen-M-Hotel.jpg\" \/>\n\t<meta property=\"og:image:width\" content=\"1872\" \/>\n\t<meta property=\"og:image:height\" content=\"1131\" \/>\n\t<meta property=\"og:image:type\" content=\"image\/jpeg\" \/>\n<meta name=\"author\" content=\"mathias.rinka\" \/>\n<meta name=\"twitter:card\" content=\"summary_large_image\" \/>\n<meta name=\"twitter:title\" content=\"Genf: Erstes CitizenM-Hotel in Planung\" \/>\n<meta name=\"twitter:description\" content=\"Die international t\u00e4tige Hotelgruppe CitizenM wird 2020 an der Rue du March\u00e9 40 in Genf ein Boutique-Hotel mit 144 Zimmern er\u00f6ffnen.\" \/>\n<script type=\"application\/ld+json\" class=\"yoast-schema-graph\">{\"@context\":\"https:\\\/\\\/schema.org\",\"@graph\":[{\"@type\":\"Article\",\"@id\":\"https:\\\/\\\/www.immobilienbusiness.ch\\\/regionen\\\/2017-09-18\\\/genf-erstes-citizenm-hotel-in-planung\\\/#article\",\"isPartOf\":{\"@id\":\"https:\\\/\\\/www.immobilienbusiness.ch\\\/regionen\\\/2017-09-18\\\/genf-erstes-citizenm-hotel-in-planung\\\/\"},\"author\":{\"name\":\"mathias.rinka\",\"@id\":\"https:\\\/\\\/www.immobilienbusiness.ch\\\/#\\\/schema\\\/person\\\/31be7383261ea656cfe52cad71fdc211\"},\"headline\":\"Genf: Erstes CitizenM-Hotel in Planung\",\"datePublished\":\"2017-09-18T06:59:34+00:00\",\"mainEntityOfPage\":{\"@id\":\"https:\\\/\\\/www.immobilienbusiness.ch\\\/regionen\\\/2017-09-18\\\/genf-erstes-citizenm-hotel-in-planung\\\/\"},\"wordCount\":172,\"commentCount\":0,\"publisher\":{\"@id\":\"https:\\\/\\\/www.immobilienbusiness.ch\\\/#organization\"},\"image\":{\"@id\":\"https:\\\/\\\/www.immobilienbusiness.ch\\\/regionen\\\/2017-09-18\\\/genf-erstes-citizenm-hotel-in-planung\\\/#primaryimage\"},\"thumbnailUrl\":\"https:\\\/\\\/www.immobilienbusiness.ch\\\/wp-content\\\/uploads\\\/2017\\\/09\\\/IB-News-20170918-PSP-Genf-Rue_Du_marche_6Citizen-M-Hotel.jpg\",\"keywords\":[\"CitizenM\",\"Genf\",\"Hotel\",\"Projekt in Bau\",\"PSP Swiss Property\",\"Retail\",\"Umnutzung\"],\"articleSection\":[\"REGIONEN\"],\"inLanguage\":\"it-IT\"},{\"@type\":\"WebPage\",\"@id\":\"https:\\\/\\\/www.immobilienbusiness.ch\\\/regionen\\\/2017-09-18\\\/genf-erstes-citizenm-hotel-in-planung\\\/\",\"url\":\"https:\\\/\\\/www.immobilienbusiness.ch\\\/regionen\\\/2017-09-18\\\/genf-erstes-citizenm-hotel-in-planung\\\/\",\"name\":\"Genf: Erstes CitizenM-Hotel in Planung - IMMOBILIEN Business\",\"isPartOf\":{\"@id\":\"https:\\\/\\\/www.immobilienbusiness.ch\\\/#website\"},\"primaryImageOfPage\":{\"@id\":\"https:\\\/\\\/www.immobilienbusiness.ch\\\/regionen\\\/2017-09-18\\\/genf-erstes-citizenm-hotel-in-planung\\\/#primaryimage\"},\"image\":{\"@id\":\"https:\\\/\\\/www.immobilienbusiness.ch\\\/regionen\\\/2017-09-18\\\/genf-erstes-citizenm-hotel-in-planung\\\/#primaryimage\"},\"thumbnailUrl\":\"https:\\\/\\\/www.immobilienbusiness.ch\\\/wp-content\\\/uploads\\\/2017\\\/09\\\/IB-News-20170918-PSP-Genf-Rue_Du_marche_6Citizen-M-Hotel.jpg\",\"datePublished\":\"2017-09-18T06:59:34+00:00\",\"description\":\"Die international t\u00e4tige Hotelgruppe CitizenM wird 2020 an der Rue du March\u00e9 40 in Genf ein Boutique-Hotel mit 144 Zimmern er\u00f6ffnen.\",\"breadcrumb\":{\"@id\":\"https:\\\/\\\/www.immobilienbusiness.ch\\\/regionen\\\/2017-09-18\\\/genf-erstes-citizenm-hotel-in-planung\\\/#breadcrumb\"},\"inLanguage\":\"it-IT\",\"potentialAction\":[{\"@type\":\"ReadAction\",\"target\":[\"https:\\\/\\\/www.immobilienbusiness.ch\\\/regionen\\\/2017-09-18\\\/genf-erstes-citizenm-hotel-in-planung\\\/\"]}]},{\"@type\":\"ImageObject\",\"inLanguage\":\"it-IT\",\"@id\":\"https:\\\/\\\/www.immobilienbusiness.ch\\\/regionen\\\/2017-09-18\\\/genf-erstes-citizenm-hotel-in-planung\\\/#primaryimage\",\"url\":\"https:\\\/\\\/www.immobilienbusiness.ch\\\/wp-content\\\/uploads\\\/2017\\\/09\\\/IB-News-20170918-PSP-Genf-Rue_Du_marche_6Citizen-M-Hotel.jpg\",\"contentUrl\":\"https:\\\/\\\/www.immobilienbusiness.ch\\\/wp-content\\\/uploads\\\/2017\\\/09\\\/IB-News-20170918-PSP-Genf-Rue_Du_marche_6Citizen-M-Hotel.jpg\",\"width\":1872,\"height\":1131,\"caption\":\"An der Rue du March\u00e9 6 in Genf entsteht das schweizweit erste CitizenM-Hotel (Bild: PSP)\"},{\"@type\":\"BreadcrumbList\",\"@id\":\"https:\\\/\\\/www.immobilienbusiness.ch\\\/regionen\\\/2017-09-18\\\/genf-erstes-citizenm-hotel-in-planung\\\/#breadcrumb\",\"itemListElement\":[{\"@type\":\"ListItem\",\"position\":1,\"name\":\"Home\",\"item\":\"https:\\\/\\\/www.immobilienbusiness.ch\\\/\"},{\"@type\":\"ListItem\",\"position\":2,\"name\":\"Genf: Erstes CitizenM-Hotel in Planung\"}]},{\"@type\":\"WebSite\",\"@id\":\"https:\\\/\\\/www.immobilienbusiness.ch\\\/#website\",\"url\":\"https:\\\/\\\/www.immobilienbusiness.ch\\\/\",\"name\":\"IMMOBILIEN Business\",\"description\":\"Unabh\u00e4ngiges Schweizer Wirtschaftsmagazin mit Fokus auf Immobilien, Architektur- und Bau sowie Investment- und Finanzierung.\",\"publisher\":{\"@id\":\"https:\\\/\\\/www.immobilienbusiness.ch\\\/#organization\"},\"potentialAction\":[{\"@type\":\"SearchAction\",\"target\":{\"@type\":\"EntryPoint\",\"urlTemplate\":\"https:\\\/\\\/www.immobilienbusiness.ch\\\/?s={search_term_string}\"},\"query-input\":{\"@type\":\"PropertyValueSpecification\",\"valueRequired\":true,\"valueName\":\"search_term_string\"}}],\"inLanguage\":\"it-IT\"},{\"@type\":\"Organization\",\"@id\":\"https:\\\/\\\/www.immobilienbusiness.ch\\\/#organization\",\"name\":\"IMMOBILIEN Business\",\"url\":\"https:\\\/\\\/www.immobilienbusiness.ch\\\/\",\"logo\":{\"@type\":\"ImageObject\",\"inLanguage\":\"it-IT\",\"@id\":\"https:\\\/\\\/www.immobilienbusiness.ch\\\/#\\\/schema\\\/logo\\\/image\\\/\",\"url\":\"https:\\\/\\\/www.immobilienbusiness.ch\\\/wp-content\\\/uploads\\\/2021\\\/07\\\/logo_ib.png\",\"contentUrl\":\"https:\\\/\\\/www.immobilienbusiness.ch\\\/wp-content\\\/uploads\\\/2021\\\/07\\\/logo_ib.png\",\"width\":800,\"height\":181,\"caption\":\"IMMOBILIEN Business\"},\"image\":{\"@id\":\"https:\\\/\\\/www.immobilienbusiness.ch\\\/#\\\/schema\\\/logo\\\/image\\\/\"},\"sameAs\":[\"https:\\\/\\\/www.facebook.com\\\/immobilienbusiness\\\/\"]},{\"@type\":\"Person\",\"@id\":\"https:\\\/\\\/www.immobilienbusiness.ch\\\/#\\\/schema\\\/person\\\/31be7383261ea656cfe52cad71fdc211\",\"name\":\"mathias.rinka\",\"image\":{\"@type\":\"ImageObject\",\"inLanguage\":\"it-IT\",\"@id\":\"https:\\\/\\\/secure.gravatar.com\\\/avatar\\\/?s=96&d=mm&r=g\",\"url\":\"https:\\\/\\\/secure.gravatar.com\\\/avatar\\\/?s=96&d=mm&r=g\",\"contentUrl\":\"https:\\\/\\\/secure.gravatar.com\\\/avatar\\\/?s=96&d=mm&r=g\",\"caption\":\"mathias.rinka\"},\"url\":\"https:\\\/\\\/www.immobilienbusiness.ch\\\/it\\\/author\\\/mathias-rinka\\\/\"}]}<\/script>\n<!-- \/ Yoast SEO plugin. -->","yoast_head_json":{"title":"Ginevra: in progetto il primo hotel CitizenM - IMMOBILIEN Business","description":"Il gruppo alberghiero internazionale CitizenM aprir\u00e0 nel 2020 un hotel boutique con 144 camere al numero 40 di Rue du March\u00e9 a Ginevra.","robots":{"index":"index","follow":"follow","max-snippet":"max-snippet:-1","max-image-preview":"max-image-preview:large","max-video-preview":"max-video-preview:-1"},"canonical":"https:\/\/www.immobilienbusiness.ch\/it\/regionen\/2017-09-18\/genf-erstes-citizenm-hotel-in-planung\/","og_locale":"it_IT","og_type":"article","og_title":"Genf: Erstes CitizenM-Hotel in Planung","og_description":"Die international t\u00e4tige Hotelgruppe CitizenM wird 2020 an der Rue du March\u00e9 40 in Genf ein Boutique-Hotel mit 144 Zimmern er\u00f6ffnen.","og_url":"https:\/\/www.immobilienbusiness.ch\/it\/regionen\/2017-09-18\/genf-erstes-citizenm-hotel-in-planung\/","og_site_name":"IMMOBILIEN Business","article_publisher":"https:\/\/www.facebook.com\/immobilienbusiness\/","article_published_time":"2017-09-18T06:59:34+00:00","og_image":[{"width":1872,"height":1131,"url":"https:\/\/www.immobilienbusiness.ch\/wp-content\/uploads\/2017\/09\/IB-News-20170918-PSP-Genf-Rue_Du_marche_6Citizen-M-Hotel.jpg","type":"image\/jpeg"}],"author":"mathias.rinka","twitter_card":"summary_large_image","twitter_title":"Genf: Erstes CitizenM-Hotel in Planung","twitter_description":"Die international t\u00e4tige Hotelgruppe CitizenM wird 2020 an der Rue du March\u00e9 40 in Genf ein Boutique-Hotel mit 144 Zimmern er\u00f6ffnen.","schema":{"@context":"https:\/\/schema.org","@graph":[{"@type":"Article","@id":"https:\/\/www.immobilienbusiness.ch\/regionen\/2017-09-18\/genf-erstes-citizenm-hotel-in-planung\/#article","isPartOf":{"@id":"https:\/\/www.immobilienbusiness.ch\/regionen\/2017-09-18\/genf-erstes-citizenm-hotel-in-planung\/"},"author":{"name":"mathias.rinka","@id":"https:\/\/www.immobilienbusiness.ch\/#\/schema\/person\/31be7383261ea656cfe52cad71fdc211"},"headline":"Genf: Erstes CitizenM-Hotel in Planung","datePublished":"2017-09-18T06:59:34+00:00","mainEntityOfPage":{"@id":"https:\/\/www.immobilienbusiness.ch\/regionen\/2017-09-18\/genf-erstes-citizenm-hotel-in-planung\/"},"wordCount":172,"commentCount":0,"publisher":{"@id":"https:\/\/www.immobilienbusiness.ch\/#organization"},"image":{"@id":"https:\/\/www.immobilienbusiness.ch\/regionen\/2017-09-18\/genf-erstes-citizenm-hotel-in-planung\/#primaryimage"},"thumbnailUrl":"https:\/\/www.immobilienbusiness.ch\/wp-content\/uploads\/2017\/09\/IB-News-20170918-PSP-Genf-Rue_Du_marche_6Citizen-M-Hotel.jpg","keywords":["CitizenM","Genf","Hotel","Projekt in Bau","PSP Swiss Property","Retail","Umnutzung"],"articleSection":["REGIONEN"],"inLanguage":"it-IT"},{"@type":"WebPage","@id":"https:\/\/www.immobilienbusiness.ch\/regionen\/2017-09-18\/genf-erstes-citizenm-hotel-in-planung\/","url":"https:\/\/www.immobilienbusiness.ch\/regionen\/2017-09-18\/genf-erstes-citizenm-hotel-in-planung\/","name":"Ginevra: in progetto il primo hotel CitizenM - IMMOBILIEN Business","isPartOf":{"@id":"https:\/\/www.immobilienbusiness.ch\/#website"},"primaryImageOfPage":{"@id":"https:\/\/www.immobilienbusiness.ch\/regionen\/2017-09-18\/genf-erstes-citizenm-hotel-in-planung\/#primaryimage"},"image":{"@id":"https:\/\/www.immobilienbusiness.ch\/regionen\/2017-09-18\/genf-erstes-citizenm-hotel-in-planung\/#primaryimage"},"thumbnailUrl":"https:\/\/www.immobilienbusiness.ch\/wp-content\/uploads\/2017\/09\/IB-News-20170918-PSP-Genf-Rue_Du_marche_6Citizen-M-Hotel.jpg","datePublished":"2017-09-18T06:59:34+00:00","description":"Il gruppo alberghiero internazionale CitizenM aprir\u00e0 nel 2020 un hotel boutique con 144 camere al numero 40 di Rue du March\u00e9 a Ginevra.","breadcrumb":{"@id":"https:\/\/www.immobilienbusiness.ch\/regionen\/2017-09-18\/genf-erstes-citizenm-hotel-in-planung\/#breadcrumb"},"inLanguage":"it-IT","potentialAction":[{"@type":"ReadAction","target":["https:\/\/www.immobilienbusiness.ch\/regionen\/2017-09-18\/genf-erstes-citizenm-hotel-in-planung\/"]}]},{"@type":"ImageObject","inLanguage":"it-IT","@id":"https:\/\/www.immobilienbusiness.ch\/regionen\/2017-09-18\/genf-erstes-citizenm-hotel-in-planung\/#primaryimage","url":"https:\/\/www.immobilienbusiness.ch\/wp-content\/uploads\/2017\/09\/IB-News-20170918-PSP-Genf-Rue_Du_marche_6Citizen-M-Hotel.jpg","contentUrl":"https:\/\/www.immobilienbusiness.ch\/wp-content\/uploads\/2017\/09\/IB-News-20170918-PSP-Genf-Rue_Du_marche_6Citizen-M-Hotel.jpg","width":1872,"height":1131,"caption":"An der Rue du March\u00e9 6 in Genf entsteht das schweizweit erste CitizenM-Hotel (Bild: PSP)"},{"@type":"BreadcrumbList","@id":"https:\/\/www.immobilienbusiness.ch\/regionen\/2017-09-18\/genf-erstes-citizenm-hotel-in-planung\/#breadcrumb","itemListElement":[{"@type":"ListItem","position":1,"name":"Home","item":"https:\/\/www.immobilienbusiness.ch\/"},{"@type":"ListItem","position":2,"name":"Genf: Erstes CitizenM-Hotel in Planung"}]},{"@type":"WebSite","@id":"https:\/\/www.immobilienbusiness.ch\/#website","url":"https:\/\/www.immobilienbusiness.ch\/","name":"Affari immobiliari","description":"Rivista economica indipendente svizzera che si concentra sul settore immobiliare, l'architettura e la costruzione, nonch\u00e9 sugli investimenti e i finanziamenti.","publisher":{"@id":"https:\/\/www.immobilienbusiness.ch\/#organization"},"potentialAction":[{"@type":"SearchAction","target":{"@type":"EntryPoint","urlTemplate":"https:\/\/www.immobilienbusiness.ch\/?s={search_term_string}"},"query-input":{"@type":"PropertyValueSpecification","valueRequired":true,"valueName":"search_term_string"}}],"inLanguage":"it-IT"},{"@type":"Organization","@id":"https:\/\/www.immobilienbusiness.ch\/#organization","name":"Affari immobiliari","url":"https:\/\/www.immobilienbusiness.ch\/","logo":{"@type":"ImageObject","inLanguage":"it-IT","@id":"https:\/\/www.immobilienbusiness.ch\/#\/schema\/logo\/image\/","url":"https:\/\/www.immobilienbusiness.ch\/wp-content\/uploads\/2021\/07\/logo_ib.png","contentUrl":"https:\/\/www.immobilienbusiness.ch\/wp-content\/uploads\/2021\/07\/logo_ib.png","width":800,"height":181,"caption":"IMMOBILIEN Business"},"image":{"@id":"https:\/\/www.immobilienbusiness.ch\/#\/schema\/logo\/image\/"},"sameAs":["https:\/\/www.facebook.com\/immobilienbusiness\/"]},{"@type":"Person","@id":"https:\/\/www.immobilienbusiness.ch\/#\/schema\/person\/31be7383261ea656cfe52cad71fdc211","name":"mathias.rinka","image":{"@type":"ImageObject","inLanguage":"it-IT","@id":"https:\/\/secure.gravatar.com\/avatar\/?s=96&d=mm&r=g","url":"https:\/\/secure.gravatar.com\/avatar\/?s=96&d=mm&r=g","contentUrl":"https:\/\/secure.gravatar.com\/avatar\/?s=96&d=mm&r=g","caption":"mathias.rinka"},"url":"https:\/\/www.immobilienbusiness.ch\/it\/author\/mathias-rinka\/"}]}},"_links":{"self":[{"href":"https:\/\/www.immobilienbusiness.ch\/it\/wp-json\/wp\/v2\/posts\/37237","targetHints":{"allow":["GET"]}}],"collection":[{"href":"https:\/\/www.immobilienbusiness.ch\/it\/wp-json\/wp\/v2\/posts"}],"about":[{"href":"https:\/\/www.immobilienbusiness.ch\/it\/wp-json\/wp\/v2\/types\/post"}],"author":[{"embeddable":true,"href":"https:\/\/www.immobilienbusiness.ch\/it\/wp-json\/wp\/v2\/users\/4"}],"replies":[{"embeddable":true,"href":"https:\/\/www.immobilienbusiness.ch\/it\/wp-json\/wp\/v2\/comments?post=37237"}],"version-history":[{"count":0,"href":"https:\/\/www.immobilienbusiness.ch\/it\/wp-json\/wp\/v2\/posts\/37237\/revisions"}],"wp:featuredmedia":[{"embeddable":true,"href":"https:\/\/www.immobilienbusiness.ch\/it\/wp-json\/wp\/v2\/media\/9201"}],"wp:attachment":[{"href":"https:\/\/www.immobilienbusiness.ch\/it\/wp-json\/wp\/v2\/media?parent=37237"}],"wp:term":[{"taxonomy":"category","embeddable":true,"href":"https:\/\/www.immobilienbusiness.ch\/it\/wp-json\/wp\/v2\/categories?post=37237"},{"taxonomy":"post_tag","embeddable":true,"href":"https:\/\/www.immobilienbusiness.ch\/it\/wp-json\/wp\/v2\/tags?post=37237"}],"curies":[{"name":"wp","href":"https:\/\/api.w.org\/{rel}","templated":true}]}}