{"id":37235,"date":"2017-08-02T10:02:06","date_gmt":"2017-08-02T08:02:06","guid":{"rendered":"https:\/\/www.immobilienbusiness.ch\/?p=8529"},"modified":"2017-08-02T10:02:06","modified_gmt":"2017-08-02T08:02:06","slug":"aesch-kein-referendum-stoecklin-areal","status":"publish","type":"post","link":"https:\/\/www.immobilienbusiness.ch\/it\/regionen\/2017-08-02\/aesch-kein-referendum-stoecklin-areal\/","title":{"rendered":"Aesch: nessun referendum sul sito di St\u00f6cklin"},"content":{"rendered":"<figure id=\"attachment_8530\" aria-describedby=\"caption-attachment-8530\" style=\"width: 719px\" class=\"wp-caption alignnone\"><img loading=\"lazy\" decoding=\"async\" class=\"size-full wp-image-8530\" src=\"https:\/\/www.immobilienbusiness.ch\/wp-content\/uploads\/2017\/08\/IB-News-02082017-Aesch-Reinach_St\u00f6cklin-Areal_Visualisierung-E2A-Architects.jpg\" alt=\"\" width=\"719\" height=\"480\" \/><figcaption id=\"caption-attachment-8530\" class=\"wp-caption-text\">Il progetto dello studio di architettura zurighese per il sito di St\u00f6cklin sulla Birs (visualizzazione: E2A Architects)<\/figcaption><\/figure>\n<p>Come scrive la \"Basellandschaftliche Zeitung\", Erich Brunner, cittadino di Aesch, non ha dato seguito al suo annuncio di giugno di raccogliere firme contro il progetto. Secondo il giornale locale, non \u00e8 stata presentata all'amministrazione comunale di Aesch (BL) alcuna lista di firme entro il termine stabilito per il piano di quartiere di St\u00f6cklin. Brunner ha criticato i nuovi edifici previsti, alcuni dei quali alti fino a 40 metri, definendoli troppo alti.<\/p>\n<p>Il consiglio dei residenti di Riesch aveva gi\u00e0 approvato il piano di quartiere a febbraio e lo aveva sottoposto al comitato di esperti competente. Il proprietario del sito sulle rive della Birs a Neu-Aesch \u00e8 St\u00f6cklin Logistik AG. Si stanno progettando dieci nuovi edifici in quella zona. Tre dei nuovi edifici avranno dagli undici ai 13 piani.<\/p>\n<p>Secondo i comuni di Aesch e Reinach e il piano di quartiere, sono previste circa 244 unit\u00e0 abitative e circa 18.000 metri quadrati di spazi commerciali e di servizio. Il Consiglio comunale di Aesch ha approvato il piano di quartiere St\u00f6cklin-Areal a met\u00e0 dicembre 2016. L'assemblea comunale deve ancora approvare i piani.<\/p>","protected":false},"excerpt":{"rendered":"<p>Il piano di quartiere St\u00f6cklin-Areal non sar\u00e0 sottoposto al giudizio dei cittadini: l'annunciata raccolta di firme non ha avuto successo.<\/p>","protected":false},"author":4,"featured_media":8530,"comment_status":"open","ping_status":"open","sticky":false,"template":"","format":"standard","meta":{"_acf_changed":false,"_yoast_wpseo_focuskw":"St\u00f6cklin-Areal","_yoast_wpseo_title":"","_yoast_wpseo_metadesc":"Der Quartierplan St\u00f6cklin-Areal kommt nicht vor das Volk \u2013 eine angek\u00fcndigte Unterschriftensammlung in Aesch (BL) war nicht erfolgreich.","_yoast_wpseo_linkdex":69,"pgc_sgb_lightbox_settings":"","footnotes":""},"categories":[985],"tags":[1004,1069,1272,1518,1600,1651,1863],"class_list":["post-37235","post","type-post","status-publish","format-standard","has-post-thumbnail","hentry","category-regionen","tag-aesch","tag-basel","tag-gewerbeimmobilien","tag-neubau","tag-projekt-in-planung","tag-riesch","tag-wohnimmobilien"],"acf":[],"yoast_head":"<!-- This site is optimized with the Yoast SEO plugin v27.4 - https:\/\/yoast.com\/product\/yoast-seo-wordpress\/ -->\n<title>Aesch: Kein Referendum zum St\u00f6cklin-Areal - IMMOBILIEN Business<\/title>\n<meta name=\"description\" content=\"Der Quartierplan St\u00f6cklin-Areal kommt nicht vor das Volk \u2013 eine angek\u00fcndigte Unterschriftensammlung in Aesch (BL) war nicht erfolgreich.\" \/>\n<meta name=\"robots\" content=\"index, follow, max-snippet:-1, max-image-preview:large, max-video-preview:-1\" \/>\n<link rel=\"canonical\" href=\"https:\/\/www.immobilienbusiness.ch\/it\/regionen\/2017-08-02\/aesch-kein-referendum-stoecklin-areal\/\" \/>\n<meta property=\"og:locale\" content=\"it_IT\" \/>\n<meta property=\"og:type\" content=\"article\" \/>\n<meta property=\"og:title\" content=\"Aesch-Reinach: Kein Referendum zum St\u00f6cklin-Areal\" \/>\n<meta property=\"og:description\" content=\"Der Quartierplan St\u00f6cklin-Areal kommt nicht vor das Volk \u2013 eine angek\u00fcndigte Unterschriftensammlung in Aesch (BL) war nicht erfolgreich.\" \/>\n<meta property=\"og:url\" content=\"https:\/\/www.immobilienbusiness.ch\/it\/regionen\/2017-08-02\/aesch-kein-referendum-stoecklin-areal\/\" \/>\n<meta property=\"og:site_name\" content=\"IMMOBILIEN Business\" \/>\n<meta property=\"article:publisher\" content=\"https:\/\/www.facebook.com\/immobilienbusiness\/\" \/>\n<meta property=\"article:published_time\" content=\"2017-08-02T08:02:06+00:00\" \/>\n<meta property=\"og:image\" content=\"https:\/\/www.immobilienbusiness.ch\/wp-content\/uploads\/2017\/08\/IB-News-02082017-Aesch-Reinach_Stoecklin-Areal_Visualisierung-E2A-Architects.jpg\" \/>\n\t<meta property=\"og:image:width\" content=\"719\" \/>\n\t<meta property=\"og:image:height\" content=\"480\" \/>\n\t<meta property=\"og:image:type\" content=\"image\/jpeg\" \/>\n<meta name=\"author\" content=\"mathias.rinka\" \/>\n<meta name=\"twitter:card\" content=\"summary_large_image\" \/>\n<meta name=\"twitter:title\" content=\"Aesch-Reinach: Kein Referendum zum St\u00f6cklin-Areal\" \/>\n<meta name=\"twitter:description\" content=\"Der Quartierplan St\u00f6cklin-Areal kommt nicht vor das Volk \u2013 eine angek\u00fcndigte Unterschriftensammlung in Aesch (BL) war nicht erfolgreich.\" \/>\n<script type=\"application\/ld+json\" class=\"yoast-schema-graph\">{\"@context\":\"https:\\\/\\\/schema.org\",\"@graph\":[{\"@type\":\"Article\",\"@id\":\"https:\\\/\\\/www.immobilienbusiness.ch\\\/en\\\/regionen\\\/2017-08-02\\\/aesch-kein-referendum-stoecklin-areal\\\/#article\",\"isPartOf\":{\"@id\":\"https:\\\/\\\/www.immobilienbusiness.ch\\\/en\\\/regionen\\\/2017-08-02\\\/aesch-kein-referendum-stoecklin-areal\\\/\"},\"author\":{\"name\":\"mathias.rinka\",\"@id\":\"https:\\\/\\\/www.immobilienbusiness.ch\\\/#\\\/schema\\\/person\\\/31be7383261ea656cfe52cad71fdc211\"},\"headline\":\"Aesch: Kein Referendum zum St\u00f6cklin-Areal\",\"datePublished\":\"2017-08-02T08:02:06+00:00\",\"mainEntityOfPage\":{\"@id\":\"https:\\\/\\\/www.immobilienbusiness.ch\\\/en\\\/regionen\\\/2017-08-02\\\/aesch-kein-referendum-stoecklin-areal\\\/\"},\"wordCount\":186,\"commentCount\":0,\"publisher\":{\"@id\":\"https:\\\/\\\/www.immobilienbusiness.ch\\\/#organization\"},\"image\":{\"@id\":\"https:\\\/\\\/www.immobilienbusiness.ch\\\/en\\\/regionen\\\/2017-08-02\\\/aesch-kein-referendum-stoecklin-areal\\\/#primaryimage\"},\"thumbnailUrl\":\"https:\\\/\\\/www.immobilienbusiness.ch\\\/wp-content\\\/uploads\\\/2017\\\/08\\\/IB-News-02082017-Aesch-Reinach_Stoecklin-Areal_Visualisierung-E2A-Architects.jpg\",\"keywords\":[\"Aesch\",\"Basel\",\"Gewerbeimmobilien\",\"Neubau\",\"Projekt in Planung\",\"Riesch\",\"Wohnimmobilien\"],\"articleSection\":[\"REGIONEN\"],\"inLanguage\":\"it-IT\"},{\"@type\":\"WebPage\",\"@id\":\"https:\\\/\\\/www.immobilienbusiness.ch\\\/en\\\/regionen\\\/2017-08-02\\\/aesch-kein-referendum-stoecklin-areal\\\/\",\"url\":\"https:\\\/\\\/www.immobilienbusiness.ch\\\/en\\\/regionen\\\/2017-08-02\\\/aesch-kein-referendum-stoecklin-areal\\\/\",\"name\":\"Aesch: Kein Referendum zum St\u00f6cklin-Areal - IMMOBILIEN Business\",\"isPartOf\":{\"@id\":\"https:\\\/\\\/www.immobilienbusiness.ch\\\/#website\"},\"primaryImageOfPage\":{\"@id\":\"https:\\\/\\\/www.immobilienbusiness.ch\\\/en\\\/regionen\\\/2017-08-02\\\/aesch-kein-referendum-stoecklin-areal\\\/#primaryimage\"},\"image\":{\"@id\":\"https:\\\/\\\/www.immobilienbusiness.ch\\\/en\\\/regionen\\\/2017-08-02\\\/aesch-kein-referendum-stoecklin-areal\\\/#primaryimage\"},\"thumbnailUrl\":\"https:\\\/\\\/www.immobilienbusiness.ch\\\/wp-content\\\/uploads\\\/2017\\\/08\\\/IB-News-02082017-Aesch-Reinach_Stoecklin-Areal_Visualisierung-E2A-Architects.jpg\",\"datePublished\":\"2017-08-02T08:02:06+00:00\",\"description\":\"Der Quartierplan St\u00f6cklin-Areal kommt nicht vor das Volk \u2013 eine angek\u00fcndigte Unterschriftensammlung in Aesch (BL) war nicht erfolgreich.\",\"breadcrumb\":{\"@id\":\"https:\\\/\\\/www.immobilienbusiness.ch\\\/en\\\/regionen\\\/2017-08-02\\\/aesch-kein-referendum-stoecklin-areal\\\/#breadcrumb\"},\"inLanguage\":\"it-IT\",\"potentialAction\":[{\"@type\":\"ReadAction\",\"target\":[\"https:\\\/\\\/www.immobilienbusiness.ch\\\/en\\\/regionen\\\/2017-08-02\\\/aesch-kein-referendum-stoecklin-areal\\\/\"]}]},{\"@type\":\"ImageObject\",\"inLanguage\":\"it-IT\",\"@id\":\"https:\\\/\\\/www.immobilienbusiness.ch\\\/en\\\/regionen\\\/2017-08-02\\\/aesch-kein-referendum-stoecklin-areal\\\/#primaryimage\",\"url\":\"https:\\\/\\\/www.immobilienbusiness.ch\\\/wp-content\\\/uploads\\\/2017\\\/08\\\/IB-News-02082017-Aesch-Reinach_Stoecklin-Areal_Visualisierung-E2A-Architects.jpg\",\"contentUrl\":\"https:\\\/\\\/www.immobilienbusiness.ch\\\/wp-content\\\/uploads\\\/2017\\\/08\\\/IB-News-02082017-Aesch-Reinach_Stoecklin-Areal_Visualisierung-E2A-Architects.jpg\",\"width\":719,\"height\":480,\"caption\":\"Die Pl\u00e4ne des Z\u00fcrcher Architekturb\u00fcros f\u00fcr das St\u00f6cklin-Areal an der Birs (Visualisierung: E2A Architects)\"},{\"@type\":\"BreadcrumbList\",\"@id\":\"https:\\\/\\\/www.immobilienbusiness.ch\\\/en\\\/regionen\\\/2017-08-02\\\/aesch-kein-referendum-stoecklin-areal\\\/#breadcrumb\",\"itemListElement\":[{\"@type\":\"ListItem\",\"position\":1,\"name\":\"Home\",\"item\":\"https:\\\/\\\/www.immobilienbusiness.ch\\\/\"},{\"@type\":\"ListItem\",\"position\":2,\"name\":\"Aesch: Kein Referendum zum St\u00f6cklin-Areal\"}]},{\"@type\":\"WebSite\",\"@id\":\"https:\\\/\\\/www.immobilienbusiness.ch\\\/#website\",\"url\":\"https:\\\/\\\/www.immobilienbusiness.ch\\\/\",\"name\":\"IMMOBILIEN Business\",\"description\":\"Unabh\u00e4ngiges Schweizer Wirtschaftsmagazin mit Fokus auf Immobilien, Architektur- und Bau sowie Investment- und Finanzierung.\",\"publisher\":{\"@id\":\"https:\\\/\\\/www.immobilienbusiness.ch\\\/#organization\"},\"potentialAction\":[{\"@type\":\"SearchAction\",\"target\":{\"@type\":\"EntryPoint\",\"urlTemplate\":\"https:\\\/\\\/www.immobilienbusiness.ch\\\/?s={search_term_string}\"},\"query-input\":{\"@type\":\"PropertyValueSpecification\",\"valueRequired\":true,\"valueName\":\"search_term_string\"}}],\"inLanguage\":\"it-IT\"},{\"@type\":\"Organization\",\"@id\":\"https:\\\/\\\/www.immobilienbusiness.ch\\\/#organization\",\"name\":\"IMMOBILIEN Business\",\"url\":\"https:\\\/\\\/www.immobilienbusiness.ch\\\/\",\"logo\":{\"@type\":\"ImageObject\",\"inLanguage\":\"it-IT\",\"@id\":\"https:\\\/\\\/www.immobilienbusiness.ch\\\/#\\\/schema\\\/logo\\\/image\\\/\",\"url\":\"https:\\\/\\\/www.immobilienbusiness.ch\\\/wp-content\\\/uploads\\\/2021\\\/07\\\/logo_ib.png\",\"contentUrl\":\"https:\\\/\\\/www.immobilienbusiness.ch\\\/wp-content\\\/uploads\\\/2021\\\/07\\\/logo_ib.png\",\"width\":800,\"height\":181,\"caption\":\"IMMOBILIEN Business\"},\"image\":{\"@id\":\"https:\\\/\\\/www.immobilienbusiness.ch\\\/#\\\/schema\\\/logo\\\/image\\\/\"},\"sameAs\":[\"https:\\\/\\\/www.facebook.com\\\/immobilienbusiness\\\/\"]},{\"@type\":\"Person\",\"@id\":\"https:\\\/\\\/www.immobilienbusiness.ch\\\/#\\\/schema\\\/person\\\/31be7383261ea656cfe52cad71fdc211\",\"name\":\"mathias.rinka\",\"image\":{\"@type\":\"ImageObject\",\"inLanguage\":\"it-IT\",\"@id\":\"https:\\\/\\\/secure.gravatar.com\\\/avatar\\\/?s=96&d=mm&r=g\",\"url\":\"https:\\\/\\\/secure.gravatar.com\\\/avatar\\\/?s=96&d=mm&r=g\",\"contentUrl\":\"https:\\\/\\\/secure.gravatar.com\\\/avatar\\\/?s=96&d=mm&r=g\",\"caption\":\"mathias.rinka\"},\"url\":\"https:\\\/\\\/www.immobilienbusiness.ch\\\/it\\\/author\\\/mathias-rinka\\\/\"}]}<\/script>\n<!-- \/ Yoast SEO plugin. -->","yoast_head_json":{"title":"Aesch: Kein Referendum zum St\u00f6cklin-Areal - IMMOBILIEN Business","description":"Der Quartierplan St\u00f6cklin-Areal kommt nicht vor das Volk \u2013 eine angek\u00fcndigte Unterschriftensammlung in Aesch (BL) war nicht erfolgreich.","robots":{"index":"index","follow":"follow","max-snippet":"max-snippet:-1","max-image-preview":"max-image-preview:large","max-video-preview":"max-video-preview:-1"},"canonical":"https:\/\/www.immobilienbusiness.ch\/it\/regionen\/2017-08-02\/aesch-kein-referendum-stoecklin-areal\/","og_locale":"it_IT","og_type":"article","og_title":"Aesch-Reinach: Kein Referendum zum St\u00f6cklin-Areal","og_description":"Der Quartierplan St\u00f6cklin-Areal kommt nicht vor das Volk \u2013 eine angek\u00fcndigte Unterschriftensammlung in Aesch (BL) war nicht erfolgreich.","og_url":"https:\/\/www.immobilienbusiness.ch\/it\/regionen\/2017-08-02\/aesch-kein-referendum-stoecklin-areal\/","og_site_name":"IMMOBILIEN Business","article_publisher":"https:\/\/www.facebook.com\/immobilienbusiness\/","article_published_time":"2017-08-02T08:02:06+00:00","og_image":[{"width":719,"height":480,"url":"https:\/\/www.immobilienbusiness.ch\/wp-content\/uploads\/2017\/08\/IB-News-02082017-Aesch-Reinach_Stoecklin-Areal_Visualisierung-E2A-Architects.jpg","type":"image\/jpeg"}],"author":"mathias.rinka","twitter_card":"summary_large_image","twitter_title":"Aesch-Reinach: Kein Referendum zum St\u00f6cklin-Areal","twitter_description":"Der Quartierplan St\u00f6cklin-Areal kommt nicht vor das Volk \u2013 eine angek\u00fcndigte Unterschriftensammlung in Aesch (BL) war nicht erfolgreich.","schema":{"@context":"https:\/\/schema.org","@graph":[{"@type":"Article","@id":"https:\/\/www.immobilienbusiness.ch\/en\/regionen\/2017-08-02\/aesch-kein-referendum-stoecklin-areal\/#article","isPartOf":{"@id":"https:\/\/www.immobilienbusiness.ch\/en\/regionen\/2017-08-02\/aesch-kein-referendum-stoecklin-areal\/"},"author":{"name":"mathias.rinka","@id":"https:\/\/www.immobilienbusiness.ch\/#\/schema\/person\/31be7383261ea656cfe52cad71fdc211"},"headline":"Aesch: Kein Referendum zum St\u00f6cklin-Areal","datePublished":"2017-08-02T08:02:06+00:00","mainEntityOfPage":{"@id":"https:\/\/www.immobilienbusiness.ch\/en\/regionen\/2017-08-02\/aesch-kein-referendum-stoecklin-areal\/"},"wordCount":186,"commentCount":0,"publisher":{"@id":"https:\/\/www.immobilienbusiness.ch\/#organization"},"image":{"@id":"https:\/\/www.immobilienbusiness.ch\/en\/regionen\/2017-08-02\/aesch-kein-referendum-stoecklin-areal\/#primaryimage"},"thumbnailUrl":"https:\/\/www.immobilienbusiness.ch\/wp-content\/uploads\/2017\/08\/IB-News-02082017-Aesch-Reinach_Stoecklin-Areal_Visualisierung-E2A-Architects.jpg","keywords":["Aesch","Basel","Gewerbeimmobilien","Neubau","Projekt in Planung","Riesch","Wohnimmobilien"],"articleSection":["REGIONEN"],"inLanguage":"it-IT"},{"@type":"WebPage","@id":"https:\/\/www.immobilienbusiness.ch\/en\/regionen\/2017-08-02\/aesch-kein-referendum-stoecklin-areal\/","url":"https:\/\/www.immobilienbusiness.ch\/en\/regionen\/2017-08-02\/aesch-kein-referendum-stoecklin-areal\/","name":"Aesch: Kein Referendum zum St\u00f6cklin-Areal - IMMOBILIEN Business","isPartOf":{"@id":"https:\/\/www.immobilienbusiness.ch\/#website"},"primaryImageOfPage":{"@id":"https:\/\/www.immobilienbusiness.ch\/en\/regionen\/2017-08-02\/aesch-kein-referendum-stoecklin-areal\/#primaryimage"},"image":{"@id":"https:\/\/www.immobilienbusiness.ch\/en\/regionen\/2017-08-02\/aesch-kein-referendum-stoecklin-areal\/#primaryimage"},"thumbnailUrl":"https:\/\/www.immobilienbusiness.ch\/wp-content\/uploads\/2017\/08\/IB-News-02082017-Aesch-Reinach_Stoecklin-Areal_Visualisierung-E2A-Architects.jpg","datePublished":"2017-08-02T08:02:06+00:00","description":"Der Quartierplan St\u00f6cklin-Areal kommt nicht vor das Volk \u2013 eine angek\u00fcndigte Unterschriftensammlung in Aesch (BL) war nicht erfolgreich.","breadcrumb":{"@id":"https:\/\/www.immobilienbusiness.ch\/en\/regionen\/2017-08-02\/aesch-kein-referendum-stoecklin-areal\/#breadcrumb"},"inLanguage":"it-IT","potentialAction":[{"@type":"ReadAction","target":["https:\/\/www.immobilienbusiness.ch\/en\/regionen\/2017-08-02\/aesch-kein-referendum-stoecklin-areal\/"]}]},{"@type":"ImageObject","inLanguage":"it-IT","@id":"https:\/\/www.immobilienbusiness.ch\/en\/regionen\/2017-08-02\/aesch-kein-referendum-stoecklin-areal\/#primaryimage","url":"https:\/\/www.immobilienbusiness.ch\/wp-content\/uploads\/2017\/08\/IB-News-02082017-Aesch-Reinach_Stoecklin-Areal_Visualisierung-E2A-Architects.jpg","contentUrl":"https:\/\/www.immobilienbusiness.ch\/wp-content\/uploads\/2017\/08\/IB-News-02082017-Aesch-Reinach_Stoecklin-Areal_Visualisierung-E2A-Architects.jpg","width":719,"height":480,"caption":"Die Pl\u00e4ne des Z\u00fcrcher Architekturb\u00fcros f\u00fcr das St\u00f6cklin-Areal an der Birs (Visualisierung: E2A Architects)"},{"@type":"BreadcrumbList","@id":"https:\/\/www.immobilienbusiness.ch\/en\/regionen\/2017-08-02\/aesch-kein-referendum-stoecklin-areal\/#breadcrumb","itemListElement":[{"@type":"ListItem","position":1,"name":"Home","item":"https:\/\/www.immobilienbusiness.ch\/"},{"@type":"ListItem","position":2,"name":"Aesch: Kein Referendum zum St\u00f6cklin-Areal"}]},{"@type":"WebSite","@id":"https:\/\/www.immobilienbusiness.ch\/#website","url":"https:\/\/www.immobilienbusiness.ch\/","name":"Affari immobiliari","description":"Rivista economica indipendente svizzera che si concentra sul settore immobiliare, l'architettura e la costruzione, nonch\u00e9 sugli investimenti e i finanziamenti.","publisher":{"@id":"https:\/\/www.immobilienbusiness.ch\/#organization"},"potentialAction":[{"@type":"SearchAction","target":{"@type":"EntryPoint","urlTemplate":"https:\/\/www.immobilienbusiness.ch\/?s={search_term_string}"},"query-input":{"@type":"PropertyValueSpecification","valueRequired":true,"valueName":"search_term_string"}}],"inLanguage":"it-IT"},{"@type":"Organization","@id":"https:\/\/www.immobilienbusiness.ch\/#organization","name":"Affari immobiliari","url":"https:\/\/www.immobilienbusiness.ch\/","logo":{"@type":"ImageObject","inLanguage":"it-IT","@id":"https:\/\/www.immobilienbusiness.ch\/#\/schema\/logo\/image\/","url":"https:\/\/www.immobilienbusiness.ch\/wp-content\/uploads\/2021\/07\/logo_ib.png","contentUrl":"https:\/\/www.immobilienbusiness.ch\/wp-content\/uploads\/2021\/07\/logo_ib.png","width":800,"height":181,"caption":"IMMOBILIEN Business"},"image":{"@id":"https:\/\/www.immobilienbusiness.ch\/#\/schema\/logo\/image\/"},"sameAs":["https:\/\/www.facebook.com\/immobilienbusiness\/"]},{"@type":"Person","@id":"https:\/\/www.immobilienbusiness.ch\/#\/schema\/person\/31be7383261ea656cfe52cad71fdc211","name":"mathias.rinka","image":{"@type":"ImageObject","inLanguage":"it-IT","@id":"https:\/\/secure.gravatar.com\/avatar\/?s=96&d=mm&r=g","url":"https:\/\/secure.gravatar.com\/avatar\/?s=96&d=mm&r=g","contentUrl":"https:\/\/secure.gravatar.com\/avatar\/?s=96&d=mm&r=g","caption":"mathias.rinka"},"url":"https:\/\/www.immobilienbusiness.ch\/it\/author\/mathias-rinka\/"}]}},"_links":{"self":[{"href":"https:\/\/www.immobilienbusiness.ch\/it\/wp-json\/wp\/v2\/posts\/37235","targetHints":{"allow":["GET"]}}],"collection":[{"href":"https:\/\/www.immobilienbusiness.ch\/it\/wp-json\/wp\/v2\/posts"}],"about":[{"href":"https:\/\/www.immobilienbusiness.ch\/it\/wp-json\/wp\/v2\/types\/post"}],"author":[{"embeddable":true,"href":"https:\/\/www.immobilienbusiness.ch\/it\/wp-json\/wp\/v2\/users\/4"}],"replies":[{"embeddable":true,"href":"https:\/\/www.immobilienbusiness.ch\/it\/wp-json\/wp\/v2\/comments?post=37235"}],"version-history":[{"count":0,"href":"https:\/\/www.immobilienbusiness.ch\/it\/wp-json\/wp\/v2\/posts\/37235\/revisions"}],"wp:featuredmedia":[{"embeddable":true,"href":"https:\/\/www.immobilienbusiness.ch\/it\/wp-json\/wp\/v2\/media\/8530"}],"wp:attachment":[{"href":"https:\/\/www.immobilienbusiness.ch\/it\/wp-json\/wp\/v2\/media?parent=37235"}],"wp:term":[{"taxonomy":"category","embeddable":true,"href":"https:\/\/www.immobilienbusiness.ch\/it\/wp-json\/wp\/v2\/categories?post=37235"},{"taxonomy":"post_tag","embeddable":true,"href":"https:\/\/www.immobilienbusiness.ch\/it\/wp-json\/wp\/v2\/tags?post=37235"}],"curies":[{"name":"wp","href":"https:\/\/api.w.org\/{rel}","templated":true}]}}