{"id":3697,"date":"2016-08-29T08:32:04","date_gmt":"2016-08-29T06:32:04","guid":{"rendered":"http:\/\/dev.immobilienbusiness.ch\/?p=3697"},"modified":"2016-08-29T08:32:04","modified_gmt":"2016-08-29T06:32:04","slug":"schweiz-frankreich-und-deutschland-planen-trinationales-wohnquartier","status":"publish","type":"post","link":"https:\/\/www.immobilienbusiness.ch\/it\/residential\/2016-08-29\/schweiz-frankreich-und-deutschland-planen-trinationales-wohnquartier\/","title":{"rendered":"Svizzera, Francia e Germania progettano un quartiere residenziale trinazionale"},"content":{"rendered":"<figure id=\"attachment_3698\" aria-describedby=\"caption-attachment-3698\" style=\"width: 680px\" class=\"wp-caption alignnone\"><img loading=\"lazy\" decoding=\"async\" class=\"size-medium wp-image-3698\" src=\"https:\/\/immobilienbusiness.ch\/wp-content\/uploads\/2016\/12\/Schweiz-Frankreich-und-Deutschland-planen-trinationales-Wohnquartier-immobilien-business.jpg\" alt=\"Entwicklungsvision \u00ab3Land\u00bb (Grafik\/Visualisierung: IBA Basel 2020)\" width=\"680\" height=\"571\" srcset=\"https:\/\/www.immobilienbusiness.ch\/wp-content\/uploads\/2016\/12\/Schweiz-Frankreich-und-Deutschland-planen-trinationales-Wohnquartier-immobilien-business.jpg 2560w, https:\/\/www.immobilienbusiness.ch\/wp-content\/uploads\/2016\/12\/Schweiz-Frankreich-und-Deutschland-planen-trinationales-Wohnquartier-immobilien-business-300x252.jpg 300w, https:\/\/www.immobilienbusiness.ch\/wp-content\/uploads\/2016\/12\/Schweiz-Frankreich-und-Deutschland-planen-trinationales-Wohnquartier-immobilien-business-1024x860.jpg 1024w, https:\/\/www.immobilienbusiness.ch\/wp-content\/uploads\/2016\/12\/Schweiz-Frankreich-und-Deutschland-planen-trinationales-Wohnquartier-immobilien-business-768x645.jpg 768w, https:\/\/www.immobilienbusiness.ch\/wp-content\/uploads\/2016\/12\/Schweiz-Frankreich-und-Deutschland-planen-trinationales-Wohnquartier-immobilien-business-1536x1289.jpg 1536w, https:\/\/www.immobilienbusiness.ch\/wp-content\/uploads\/2016\/12\/Schweiz-Frankreich-und-Deutschland-planen-trinationales-Wohnquartier-immobilien-business-2048x1719.jpg 2048w, https:\/\/www.immobilienbusiness.ch\/wp-content\/uploads\/2016\/12\/Schweiz-Frankreich-und-Deutschland-planen-trinationales-Wohnquartier-immobilien-business-14x12.jpg 14w, https:\/\/www.immobilienbusiness.ch\/wp-content\/uploads\/2016\/12\/Schweiz-Frankreich-und-Deutschland-planen-trinationales-Wohnquartier-immobilien-business-208x175.jpg 208w, https:\/\/www.immobilienbusiness.ch\/wp-content\/uploads\/2016\/12\/Schweiz-Frankreich-und-Deutschland-planen-trinationales-Wohnquartier-immobilien-business-417x350.jpg 417w, https:\/\/www.immobilienbusiness.ch\/wp-content\/uploads\/2016\/12\/Schweiz-Frankreich-und-Deutschland-planen-trinationales-Wohnquartier-immobilien-business-953x800.jpg 953w, https:\/\/www.immobilienbusiness.ch\/wp-content\/uploads\/2016\/12\/Schweiz-Frankreich-und-Deutschland-planen-trinationales-Wohnquartier-immobilien-business-920x772.jpg 920w, https:\/\/www.immobilienbusiness.ch\/wp-content\/uploads\/2016\/12\/Schweiz-Frankreich-und-Deutschland-planen-trinationales-Wohnquartier-immobilien-business-1400x1175.jpg 1400w, https:\/\/www.immobilienbusiness.ch\/wp-content\/uploads\/2016\/12\/Schweiz-Frankreich-und-Deutschland-planen-trinationales-Wohnquartier-immobilien-business-1668x1400.jpg 1668w\" sizes=\"auto, (max-width: 680px) 100vw, 680px\" \/><figcaption id=\"caption-attachment-3698\" class=\"wp-caption-text\">Visione di sviluppo \"3Land\" (grafica\/visualizzazione: IBA Basel 2020)<\/figcaption><\/figure>\n<p>Lo sfondo del progetto \u00e8 il cambiamento strutturale delle aree portuali e industriali lungo il Reno, che apre nuove possibilit\u00e0 di sviluppo urbano. I partner intendono pianificare e coordinare congiuntamente vari progetti su un'area di circa 430 ettari - tra il ponte Palmrain a nord e il ponte Dreirosen a sud - e \"ancorare meglio il Reno come elemento di collegamento nella coscienza collettiva della regione\", secondo quanto riportato in un comunicato stampa. I promotori sperano che il progetto di sviluppo urbano apra nuove potenzialit\u00e0 in modo simile alla HafenCity di Amburgo. I primi piani concreti saranno presentati alla Fiera Internazionale dell'Edilizia (IBA) Basilea 2020.<\/p>\n<p>L'idea dello sviluppo urbano congiunto risale al 2011, quando lo studio olandese MVRDV ha elaborato il masterplan \"Development Vision 3Land\". Nel settembre 2012, Basilea, Weil am Rhein e H\u00fcningen hanno concluso un primo accordo di pianificazione e nel 2013, con il sostegno finanziario dell'UE, hanno commissionato allo studio berlinese LIN il \"Concetto spaziale 3Land\". Pochi giorni fa, i partner hanno concordato come proseguire il processo di pianificazione e sono stati definiti tre punti focali: Ponti\/mobilit\u00e0, paesaggio e usi iniziali. Sono stati inoltre coinvolti due nuovi partner, Saint-Louis e il distretto di L\u00f6rrach. Il gruppo di progetto comprende ora sette autorit\u00e0 locali - le citt\u00e0 di Weil am Rhein, H\u00fcningen e Saint-Louis, il Cantone di Basilea Citt\u00e0, la Communaut\u00e9 d'Agglom\u00e9ration des Trois Fronti\u00e8res, il D\u00e9partement du Haut-Rhin e il distretto di L\u00f6rrach - nonch\u00e9 l'Eurodistretto Trinational Basel (TEB) e l'IBA Basel.<\/p>\n<p>Nei prossimi due anni saranno sviluppati ulteriori principi di base e i primi progetti saranno realizzati a partire dal 2018.<\/p>\n<p>Il concetto di trasporto comprende un nuovo ponte che collega H\u00fcningen e Basilea, nonch\u00e9 un ponte pedonale e ciclabile sull'ingresso del porto che collega Weil e Basilea. Un altro obiettivo \u00e8 quello di realizzare le prime destinazioni d'uso con temi e processi innovativi che guardino al futuro e diano il via a sviluppi strutturali. (ah)<\/p>","protected":false},"excerpt":{"rendered":"<p>Nel triangolo di confine, vicino a Basilea, nascer\u00e0 un quartiere trinazionale con spazi abitativi e posti di lavoro per 20.000 persone. Il grande progetto \"3Land\" ha fatto un passo avanti decisivo: il lavoro sul concetto spaziale \u00e8 stato completato e Saint Louis in Alsazia e il distretto tedesco di L\u00f6rrach sono stati aggiunti come partner del progetto.<\/p>","protected":false},"author":1,"featured_media":3698,"comment_status":"open","ping_status":"open","sticky":false,"template":"","format":"standard","meta":{"_acf_changed":false,"_yoast_wpseo_focuskw":"Trinationales Wohnquartier","_yoast_wpseo_title":"","_yoast_wpseo_metadesc":"Trinationales Wohnquartier: Im Dreil\u00e4ndereck bei Basel soll ein trinationales Quartier mit Wohnraum und Arbeitspl\u00e4tzen f\u00fcr 20.000 Menschen entstehen.","_yoast_wpseo_linkdex":73,"pgc_sgb_lightbox_settings":"","footnotes":""},"categories":[986],"tags":[1069,1601,1639,1862],"class_list":["post-3697","post","type-post","status-publish","format-standard","has-post-thumbnail","hentry","category-residential","tag-basel","tag-projektentwicklung","tag-residential","tag-wohnen"],"acf":[],"yoast_head":"<!-- This site is optimized with the Yoast SEO plugin v27.4 - https:\/\/yoast.com\/product\/yoast-seo-wordpress\/ -->\n<title>Schweiz, Frankreich und Deutschland planen trinationales Wohnquartier - IMMOBILIEN Business<\/title>\n<meta name=\"description\" content=\"Trinationales Wohnquartier: Im Dreil\u00e4ndereck bei Basel soll ein trinationales Quartier mit Wohnraum und Arbeitspl\u00e4tzen f\u00fcr 20.000 Menschen entstehen.\" \/>\n<meta name=\"robots\" content=\"index, follow, max-snippet:-1, max-image-preview:large, max-video-preview:-1\" \/>\n<link rel=\"canonical\" href=\"https:\/\/www.immobilienbusiness.ch\/it\/residential\/2016-08-29\/schweiz-frankreich-und-deutschland-planen-trinationales-wohnquartier\/\" \/>\n<meta property=\"og:locale\" content=\"it_IT\" \/>\n<meta property=\"og:type\" content=\"article\" \/>\n<meta property=\"og:title\" content=\"Schweiz, Frankreich und Deutschland planen trinationales Wohnquartier\" \/>\n<meta property=\"og:description\" content=\"Im Dreil\u00e4ndereck bei Basel soll ein trinationales Quartier mit Wohnraum und Arbeitspl\u00e4tzen f\u00fcr 20.000 Menschen entstehen. Das Grossprojekt \u00ab3Land\u00bb kam nun einen entscheidenden Schritt weiter: Die Arbeiten am Raumkonzept sind abgeschlossen, zudem kamen Saint Louis im Elsass und der deutsche Landkreis L\u00f6rrach als Projektpartner hinzu.\" \/>\n<meta property=\"og:url\" content=\"https:\/\/www.immobilienbusiness.ch\/it\/residential\/2016-08-29\/schweiz-frankreich-und-deutschland-planen-trinationales-wohnquartier\/\" \/>\n<meta property=\"og:site_name\" content=\"IMMOBILIEN Business\" \/>\n<meta property=\"article:publisher\" content=\"https:\/\/www.facebook.com\/immobilienbusiness\/\" \/>\n<meta property=\"article:published_time\" content=\"2016-08-29T06:32:04+00:00\" \/>\n<meta name=\"author\" content=\"Redaktion\" \/>\n<meta name=\"twitter:card\" content=\"summary_large_image\" \/>\n<meta name=\"twitter:image\" content=\"https:\/\/www.immobilienbusiness.ch\/wp-content\/uploads\/2016\/12\/Schweiz-Frankreich-und-Deutschland-planen-trinationales-Wohnquartier-immobilien-business.jpg\" \/>\n<script type=\"application\/ld+json\" class=\"yoast-schema-graph\">{\"@context\":\"https:\\\/\\\/schema.org\",\"@graph\":[{\"@type\":\"Article\",\"@id\":\"https:\\\/\\\/www.immobilienbusiness.ch\\\/fr\\\/residential\\\/2016-08-29\\\/schweiz-frankreich-und-deutschland-planen-trinationales-wohnquartier\\\/#article\",\"isPartOf\":{\"@id\":\"https:\\\/\\\/www.immobilienbusiness.ch\\\/fr\\\/residential\\\/2016-08-29\\\/schweiz-frankreich-und-deutschland-planen-trinationales-wohnquartier\\\/\"},\"author\":{\"name\":\"Redaktion\",\"@id\":\"https:\\\/\\\/www.immobilienbusiness.ch\\\/#\\\/schema\\\/person\\\/aa2bace6c5c5aad60102004a50c4eb1c\"},\"headline\":\"Schweiz, Frankreich und Deutschland planen trinationales Wohnquartier\",\"datePublished\":\"2016-08-29T06:32:04+00:00\",\"mainEntityOfPage\":{\"@id\":\"https:\\\/\\\/www.immobilienbusiness.ch\\\/fr\\\/residential\\\/2016-08-29\\\/schweiz-frankreich-und-deutschland-planen-trinationales-wohnquartier\\\/\"},\"wordCount\":334,\"commentCount\":0,\"publisher\":{\"@id\":\"https:\\\/\\\/www.immobilienbusiness.ch\\\/#organization\"},\"image\":{\"@id\":\"https:\\\/\\\/www.immobilienbusiness.ch\\\/fr\\\/residential\\\/2016-08-29\\\/schweiz-frankreich-und-deutschland-planen-trinationales-wohnquartier\\\/#primaryimage\"},\"thumbnailUrl\":\"https:\\\/\\\/www.immobilienbusiness.ch\\\/wp-content\\\/uploads\\\/2016\\\/12\\\/Schweiz-Frankreich-und-Deutschland-planen-trinationales-Wohnquartier-immobilien-business.jpg\",\"keywords\":[\"Basel\",\"Projektentwicklung\",\"Residential\",\"Wohnen\"],\"articleSection\":[\"RESIDENTIAL\"],\"inLanguage\":\"it-IT\"},{\"@type\":\"WebPage\",\"@id\":\"https:\\\/\\\/www.immobilienbusiness.ch\\\/fr\\\/residential\\\/2016-08-29\\\/schweiz-frankreich-und-deutschland-planen-trinationales-wohnquartier\\\/\",\"url\":\"https:\\\/\\\/www.immobilienbusiness.ch\\\/fr\\\/residential\\\/2016-08-29\\\/schweiz-frankreich-und-deutschland-planen-trinationales-wohnquartier\\\/\",\"name\":\"Schweiz, Frankreich und Deutschland planen trinationales Wohnquartier - IMMOBILIEN Business\",\"isPartOf\":{\"@id\":\"https:\\\/\\\/www.immobilienbusiness.ch\\\/#website\"},\"primaryImageOfPage\":{\"@id\":\"https:\\\/\\\/www.immobilienbusiness.ch\\\/fr\\\/residential\\\/2016-08-29\\\/schweiz-frankreich-und-deutschland-planen-trinationales-wohnquartier\\\/#primaryimage\"},\"image\":{\"@id\":\"https:\\\/\\\/www.immobilienbusiness.ch\\\/fr\\\/residential\\\/2016-08-29\\\/schweiz-frankreich-und-deutschland-planen-trinationales-wohnquartier\\\/#primaryimage\"},\"thumbnailUrl\":\"https:\\\/\\\/www.immobilienbusiness.ch\\\/wp-content\\\/uploads\\\/2016\\\/12\\\/Schweiz-Frankreich-und-Deutschland-planen-trinationales-Wohnquartier-immobilien-business.jpg\",\"datePublished\":\"2016-08-29T06:32:04+00:00\",\"description\":\"Trinationales Wohnquartier: Im Dreil\u00e4ndereck bei Basel soll ein trinationales Quartier mit Wohnraum und Arbeitspl\u00e4tzen f\u00fcr 20.000 Menschen entstehen.\",\"breadcrumb\":{\"@id\":\"https:\\\/\\\/www.immobilienbusiness.ch\\\/fr\\\/residential\\\/2016-08-29\\\/schweiz-frankreich-und-deutschland-planen-trinationales-wohnquartier\\\/#breadcrumb\"},\"inLanguage\":\"it-IT\",\"potentialAction\":[{\"@type\":\"ReadAction\",\"target\":[\"https:\\\/\\\/www.immobilienbusiness.ch\\\/fr\\\/residential\\\/2016-08-29\\\/schweiz-frankreich-und-deutschland-planen-trinationales-wohnquartier\\\/\"]}]},{\"@type\":\"ImageObject\",\"inLanguage\":\"it-IT\",\"@id\":\"https:\\\/\\\/www.immobilienbusiness.ch\\\/fr\\\/residential\\\/2016-08-29\\\/schweiz-frankreich-und-deutschland-planen-trinationales-wohnquartier\\\/#primaryimage\",\"url\":\"https:\\\/\\\/www.immobilienbusiness.ch\\\/wp-content\\\/uploads\\\/2016\\\/12\\\/Schweiz-Frankreich-und-Deutschland-planen-trinationales-Wohnquartier-immobilien-business.jpg\",\"contentUrl\":\"https:\\\/\\\/www.immobilienbusiness.ch\\\/wp-content\\\/uploads\\\/2016\\\/12\\\/Schweiz-Frankreich-und-Deutschland-planen-trinationales-Wohnquartier-immobilien-business.jpg\",\"width\":2560,\"height\":2149,\"caption\":\"Entwicklungsvision \u00ab3Land\u00bb (Grafik\\\/Visualisierung: IBA Basel 2020)\"},{\"@type\":\"BreadcrumbList\",\"@id\":\"https:\\\/\\\/www.immobilienbusiness.ch\\\/fr\\\/residential\\\/2016-08-29\\\/schweiz-frankreich-und-deutschland-planen-trinationales-wohnquartier\\\/#breadcrumb\",\"itemListElement\":[{\"@type\":\"ListItem\",\"position\":1,\"name\":\"Home\",\"item\":\"https:\\\/\\\/www.immobilienbusiness.ch\\\/\"},{\"@type\":\"ListItem\",\"position\":2,\"name\":\"Schweiz, Frankreich und Deutschland planen trinationales Wohnquartier\"}]},{\"@type\":\"WebSite\",\"@id\":\"https:\\\/\\\/www.immobilienbusiness.ch\\\/#website\",\"url\":\"https:\\\/\\\/www.immobilienbusiness.ch\\\/\",\"name\":\"IMMOBILIEN Business\",\"description\":\"Unabh\u00e4ngiges Schweizer Wirtschaftsmagazin mit Fokus auf Immobilien, Architektur- und Bau sowie Investment- und Finanzierung.\",\"publisher\":{\"@id\":\"https:\\\/\\\/www.immobilienbusiness.ch\\\/#organization\"},\"potentialAction\":[{\"@type\":\"SearchAction\",\"target\":{\"@type\":\"EntryPoint\",\"urlTemplate\":\"https:\\\/\\\/www.immobilienbusiness.ch\\\/?s={search_term_string}\"},\"query-input\":{\"@type\":\"PropertyValueSpecification\",\"valueRequired\":true,\"valueName\":\"search_term_string\"}}],\"inLanguage\":\"it-IT\"},{\"@type\":\"Organization\",\"@id\":\"https:\\\/\\\/www.immobilienbusiness.ch\\\/#organization\",\"name\":\"IMMOBILIEN Business\",\"url\":\"https:\\\/\\\/www.immobilienbusiness.ch\\\/\",\"logo\":{\"@type\":\"ImageObject\",\"inLanguage\":\"it-IT\",\"@id\":\"https:\\\/\\\/www.immobilienbusiness.ch\\\/#\\\/schema\\\/logo\\\/image\\\/\",\"url\":\"https:\\\/\\\/www.immobilienbusiness.ch\\\/wp-content\\\/uploads\\\/2021\\\/07\\\/logo_ib.png\",\"contentUrl\":\"https:\\\/\\\/www.immobilienbusiness.ch\\\/wp-content\\\/uploads\\\/2021\\\/07\\\/logo_ib.png\",\"width\":800,\"height\":181,\"caption\":\"IMMOBILIEN Business\"},\"image\":{\"@id\":\"https:\\\/\\\/www.immobilienbusiness.ch\\\/#\\\/schema\\\/logo\\\/image\\\/\"},\"sameAs\":[\"https:\\\/\\\/www.facebook.com\\\/immobilienbusiness\\\/\"]},{\"@type\":\"Person\",\"@id\":\"https:\\\/\\\/www.immobilienbusiness.ch\\\/#\\\/schema\\\/person\\\/aa2bace6c5c5aad60102004a50c4eb1c\",\"name\":\"Redaktion\",\"image\":{\"@type\":\"ImageObject\",\"inLanguage\":\"it-IT\",\"@id\":\"https:\\\/\\\/secure.gravatar.com\\\/avatar\\\/ae2f4d718e6c49043e314ce431e7e645d646302a24a5ef5a8bc8e3f5a032e319?s=96&d=mm&r=g\",\"url\":\"https:\\\/\\\/secure.gravatar.com\\\/avatar\\\/ae2f4d718e6c49043e314ce431e7e645d646302a24a5ef5a8bc8e3f5a032e319?s=96&d=mm&r=g\",\"contentUrl\":\"https:\\\/\\\/secure.gravatar.com\\\/avatar\\\/ae2f4d718e6c49043e314ce431e7e645d646302a24a5ef5a8bc8e3f5a032e319?s=96&d=mm&r=g\",\"caption\":\"Redaktion\"},\"sameAs\":[\"http:\\\/\\\/develop.organisator.galledia.ch\"],\"url\":\"https:\\\/\\\/www.immobilienbusiness.ch\\\/it\\\/author\\\/admin\\\/\"}]}<\/script>\n<!-- \/ Yoast SEO plugin. -->","yoast_head_json":{"title":"Svizzera, Francia e Germania progettano un quartiere residenziale trinazionale - IMMOBILIEN Business","description":"Quartiere residenziale trinazionale: nel triangolo di confine vicino a Basilea verr\u00e0 creato un quartiere trinazionale con spazi abitativi e posti di lavoro per 20.000 persone.","robots":{"index":"index","follow":"follow","max-snippet":"max-snippet:-1","max-image-preview":"max-image-preview:large","max-video-preview":"max-video-preview:-1"},"canonical":"https:\/\/www.immobilienbusiness.ch\/it\/residential\/2016-08-29\/schweiz-frankreich-und-deutschland-planen-trinationales-wohnquartier\/","og_locale":"it_IT","og_type":"article","og_title":"Schweiz, Frankreich und Deutschland planen trinationales Wohnquartier","og_description":"Im Dreil\u00e4ndereck bei Basel soll ein trinationales Quartier mit Wohnraum und Arbeitspl\u00e4tzen f\u00fcr 20.000 Menschen entstehen. Das Grossprojekt \u00ab3Land\u00bb kam nun einen entscheidenden Schritt weiter: Die Arbeiten am Raumkonzept sind abgeschlossen, zudem kamen Saint Louis im Elsass und der deutsche Landkreis L\u00f6rrach als Projektpartner hinzu.","og_url":"https:\/\/www.immobilienbusiness.ch\/it\/residential\/2016-08-29\/schweiz-frankreich-und-deutschland-planen-trinationales-wohnquartier\/","og_site_name":"IMMOBILIEN Business","article_publisher":"https:\/\/www.facebook.com\/immobilienbusiness\/","article_published_time":"2016-08-29T06:32:04+00:00","author":"Redaktion","twitter_card":"summary_large_image","twitter_image":"https:\/\/www.immobilienbusiness.ch\/wp-content\/uploads\/2016\/12\/Schweiz-Frankreich-und-Deutschland-planen-trinationales-Wohnquartier-immobilien-business.jpg","schema":{"@context":"https:\/\/schema.org","@graph":[{"@type":"Article","@id":"https:\/\/www.immobilienbusiness.ch\/fr\/residential\/2016-08-29\/schweiz-frankreich-und-deutschland-planen-trinationales-wohnquartier\/#article","isPartOf":{"@id":"https:\/\/www.immobilienbusiness.ch\/fr\/residential\/2016-08-29\/schweiz-frankreich-und-deutschland-planen-trinationales-wohnquartier\/"},"author":{"name":"Redaktion","@id":"https:\/\/www.immobilienbusiness.ch\/#\/schema\/person\/aa2bace6c5c5aad60102004a50c4eb1c"},"headline":"Schweiz, Frankreich und Deutschland planen trinationales Wohnquartier","datePublished":"2016-08-29T06:32:04+00:00","mainEntityOfPage":{"@id":"https:\/\/www.immobilienbusiness.ch\/fr\/residential\/2016-08-29\/schweiz-frankreich-und-deutschland-planen-trinationales-wohnquartier\/"},"wordCount":334,"commentCount":0,"publisher":{"@id":"https:\/\/www.immobilienbusiness.ch\/#organization"},"image":{"@id":"https:\/\/www.immobilienbusiness.ch\/fr\/residential\/2016-08-29\/schweiz-frankreich-und-deutschland-planen-trinationales-wohnquartier\/#primaryimage"},"thumbnailUrl":"https:\/\/www.immobilienbusiness.ch\/wp-content\/uploads\/2016\/12\/Schweiz-Frankreich-und-Deutschland-planen-trinationales-Wohnquartier-immobilien-business.jpg","keywords":["Basel","Projektentwicklung","Residential","Wohnen"],"articleSection":["RESIDENTIAL"],"inLanguage":"it-IT"},{"@type":"WebPage","@id":"https:\/\/www.immobilienbusiness.ch\/fr\/residential\/2016-08-29\/schweiz-frankreich-und-deutschland-planen-trinationales-wohnquartier\/","url":"https:\/\/www.immobilienbusiness.ch\/fr\/residential\/2016-08-29\/schweiz-frankreich-und-deutschland-planen-trinationales-wohnquartier\/","name":"Svizzera, Francia e Germania progettano un quartiere residenziale trinazionale - IMMOBILIEN Business","isPartOf":{"@id":"https:\/\/www.immobilienbusiness.ch\/#website"},"primaryImageOfPage":{"@id":"https:\/\/www.immobilienbusiness.ch\/fr\/residential\/2016-08-29\/schweiz-frankreich-und-deutschland-planen-trinationales-wohnquartier\/#primaryimage"},"image":{"@id":"https:\/\/www.immobilienbusiness.ch\/fr\/residential\/2016-08-29\/schweiz-frankreich-und-deutschland-planen-trinationales-wohnquartier\/#primaryimage"},"thumbnailUrl":"https:\/\/www.immobilienbusiness.ch\/wp-content\/uploads\/2016\/12\/Schweiz-Frankreich-und-Deutschland-planen-trinationales-Wohnquartier-immobilien-business.jpg","datePublished":"2016-08-29T06:32:04+00:00","description":"Quartiere residenziale trinazionale: nel triangolo di confine vicino a Basilea verr\u00e0 creato un quartiere trinazionale con spazi abitativi e posti di lavoro per 20.000 persone.","breadcrumb":{"@id":"https:\/\/www.immobilienbusiness.ch\/fr\/residential\/2016-08-29\/schweiz-frankreich-und-deutschland-planen-trinationales-wohnquartier\/#breadcrumb"},"inLanguage":"it-IT","potentialAction":[{"@type":"ReadAction","target":["https:\/\/www.immobilienbusiness.ch\/fr\/residential\/2016-08-29\/schweiz-frankreich-und-deutschland-planen-trinationales-wohnquartier\/"]}]},{"@type":"ImageObject","inLanguage":"it-IT","@id":"https:\/\/www.immobilienbusiness.ch\/fr\/residential\/2016-08-29\/schweiz-frankreich-und-deutschland-planen-trinationales-wohnquartier\/#primaryimage","url":"https:\/\/www.immobilienbusiness.ch\/wp-content\/uploads\/2016\/12\/Schweiz-Frankreich-und-Deutschland-planen-trinationales-Wohnquartier-immobilien-business.jpg","contentUrl":"https:\/\/www.immobilienbusiness.ch\/wp-content\/uploads\/2016\/12\/Schweiz-Frankreich-und-Deutschland-planen-trinationales-Wohnquartier-immobilien-business.jpg","width":2560,"height":2149,"caption":"Entwicklungsvision \u00ab3Land\u00bb (Grafik\/Visualisierung: IBA Basel 2020)"},{"@type":"BreadcrumbList","@id":"https:\/\/www.immobilienbusiness.ch\/fr\/residential\/2016-08-29\/schweiz-frankreich-und-deutschland-planen-trinationales-wohnquartier\/#breadcrumb","itemListElement":[{"@type":"ListItem","position":1,"name":"Home","item":"https:\/\/www.immobilienbusiness.ch\/"},{"@type":"ListItem","position":2,"name":"Schweiz, Frankreich und Deutschland planen trinationales Wohnquartier"}]},{"@type":"WebSite","@id":"https:\/\/www.immobilienbusiness.ch\/#website","url":"https:\/\/www.immobilienbusiness.ch\/","name":"Affari immobiliari","description":"Rivista economica indipendente svizzera che si concentra sul settore immobiliare, l'architettura e la costruzione, nonch\u00e9 sugli investimenti e i finanziamenti.","publisher":{"@id":"https:\/\/www.immobilienbusiness.ch\/#organization"},"potentialAction":[{"@type":"SearchAction","target":{"@type":"EntryPoint","urlTemplate":"https:\/\/www.immobilienbusiness.ch\/?s={search_term_string}"},"query-input":{"@type":"PropertyValueSpecification","valueRequired":true,"valueName":"search_term_string"}}],"inLanguage":"it-IT"},{"@type":"Organization","@id":"https:\/\/www.immobilienbusiness.ch\/#organization","name":"Affari immobiliari","url":"https:\/\/www.immobilienbusiness.ch\/","logo":{"@type":"ImageObject","inLanguage":"it-IT","@id":"https:\/\/www.immobilienbusiness.ch\/#\/schema\/logo\/image\/","url":"https:\/\/www.immobilienbusiness.ch\/wp-content\/uploads\/2021\/07\/logo_ib.png","contentUrl":"https:\/\/www.immobilienbusiness.ch\/wp-content\/uploads\/2021\/07\/logo_ib.png","width":800,"height":181,"caption":"IMMOBILIEN Business"},"image":{"@id":"https:\/\/www.immobilienbusiness.ch\/#\/schema\/logo\/image\/"},"sameAs":["https:\/\/www.facebook.com\/immobilienbusiness\/"]},{"@type":"Person","@id":"https:\/\/www.immobilienbusiness.ch\/#\/schema\/person\/aa2bace6c5c5aad60102004a50c4eb1c","name":"Editoriale","image":{"@type":"ImageObject","inLanguage":"it-IT","@id":"https:\/\/secure.gravatar.com\/avatar\/ae2f4d718e6c49043e314ce431e7e645d646302a24a5ef5a8bc8e3f5a032e319?s=96&d=mm&r=g","url":"https:\/\/secure.gravatar.com\/avatar\/ae2f4d718e6c49043e314ce431e7e645d646302a24a5ef5a8bc8e3f5a032e319?s=96&d=mm&r=g","contentUrl":"https:\/\/secure.gravatar.com\/avatar\/ae2f4d718e6c49043e314ce431e7e645d646302a24a5ef5a8bc8e3f5a032e319?s=96&d=mm&r=g","caption":"Redaktion"},"sameAs":["http:\/\/develop.organisator.galledia.ch"],"url":"https:\/\/www.immobilienbusiness.ch\/it\/author\/admin\/"}]}},"_links":{"self":[{"href":"https:\/\/www.immobilienbusiness.ch\/it\/wp-json\/wp\/v2\/posts\/3697","targetHints":{"allow":["GET"]}}],"collection":[{"href":"https:\/\/www.immobilienbusiness.ch\/it\/wp-json\/wp\/v2\/posts"}],"about":[{"href":"https:\/\/www.immobilienbusiness.ch\/it\/wp-json\/wp\/v2\/types\/post"}],"author":[{"embeddable":true,"href":"https:\/\/www.immobilienbusiness.ch\/it\/wp-json\/wp\/v2\/users\/1"}],"replies":[{"embeddable":true,"href":"https:\/\/www.immobilienbusiness.ch\/it\/wp-json\/wp\/v2\/comments?post=3697"}],"version-history":[{"count":0,"href":"https:\/\/www.immobilienbusiness.ch\/it\/wp-json\/wp\/v2\/posts\/3697\/revisions"}],"wp:featuredmedia":[{"embeddable":true,"href":"https:\/\/www.immobilienbusiness.ch\/it\/wp-json\/wp\/v2\/media\/3698"}],"wp:attachment":[{"href":"https:\/\/www.immobilienbusiness.ch\/it\/wp-json\/wp\/v2\/media?parent=3697"}],"wp:term":[{"taxonomy":"category","embeddable":true,"href":"https:\/\/www.immobilienbusiness.ch\/it\/wp-json\/wp\/v2\/categories?post=3697"},{"taxonomy":"post_tag","embeddable":true,"href":"https:\/\/www.immobilienbusiness.ch\/it\/wp-json\/wp\/v2\/tags?post=3697"}],"curies":[{"name":"wp","href":"https:\/\/api.w.org\/{rel}","templated":true}]}}