{"id":3694,"date":"2016-08-26T09:25:27","date_gmt":"2016-08-26T07:25:27","guid":{"rendered":"http:\/\/dev.immobilienbusiness.ch\/?p=3694"},"modified":"2016-08-26T09:25:27","modified_gmt":"2016-08-26T07:25:27","slug":"jll-christian-ulbrich-wird-neuer-ceo","status":"publish","type":"post","link":"https:\/\/www.immobilienbusiness.ch\/it\/allgemein\/2016-08-26\/jll-christian-ulbrich-wird-neuer-ceo\/","title":{"rendered":"JLL: Christian Ulbrich diventa il nuovo CEO"},"content":{"rendered":"<figure id=\"attachment_3695\" aria-describedby=\"caption-attachment-3695\" style=\"width: 680px\" class=\"wp-caption alignnone\"><img loading=\"lazy\" decoding=\"async\" class=\"size-medium wp-image-3695\" src=\"https:\/\/immobilienbusiness.ch\/wp-content\/uploads\/2016\/12\/JLL-Christian-Ulbrich-wird-neuer-CEO-immobilien-business.jpg\" alt=\"Christian Ulbrich, designierter CEO von JLL (Foto: JLL)\" width=\"680\" height=\"491\" srcset=\"https:\/\/www.immobilienbusiness.ch\/wp-content\/uploads\/2016\/12\/JLL-Christian-Ulbrich-wird-neuer-CEO-immobilien-business.jpg 1063w, https:\/\/www.immobilienbusiness.ch\/wp-content\/uploads\/2016\/12\/JLL-Christian-Ulbrich-wird-neuer-CEO-immobilien-business-300x217.jpg 300w, https:\/\/www.immobilienbusiness.ch\/wp-content\/uploads\/2016\/12\/JLL-Christian-Ulbrich-wird-neuer-CEO-immobilien-business-1024x740.jpg 1024w, https:\/\/www.immobilienbusiness.ch\/wp-content\/uploads\/2016\/12\/JLL-Christian-Ulbrich-wird-neuer-CEO-immobilien-business-768x555.jpg 768w, https:\/\/www.immobilienbusiness.ch\/wp-content\/uploads\/2016\/12\/JLL-Christian-Ulbrich-wird-neuer-CEO-immobilien-business-16x12.jpg 16w, https:\/\/www.immobilienbusiness.ch\/wp-content\/uploads\/2016\/12\/JLL-Christian-Ulbrich-wird-neuer-CEO-immobilien-business-242x175.jpg 242w, https:\/\/www.immobilienbusiness.ch\/wp-content\/uploads\/2016\/12\/JLL-Christian-Ulbrich-wird-neuer-CEO-immobilien-business-484x350.jpg 484w, https:\/\/www.immobilienbusiness.ch\/wp-content\/uploads\/2016\/12\/JLL-Christian-Ulbrich-wird-neuer-CEO-immobilien-business-920x665.jpg 920w\" sizes=\"auto, (max-width: 680px) 100vw, 680px\" \/><figcaption id=\"caption-attachment-3695\" class=\"wp-caption-text\">Christian Ulbrich, CEO designato di JLL (Foto: JLL)<\/figcaption><\/figure>\n<p>In qualit\u00e0 di Presidente e CEO, Ulbrich avr\u00e0 la responsabilit\u00e0 esecutiva della direzione strategica e della crescita di JLL. Riferir\u00e0 al Consiglio di amministrazione, di cui \u00e8 membro. Presieder\u00e0 inoltre il Global Executive Board, il massimo comitato di gestione interno di cui \u00e8 stato membro per otto anni.<\/p>\n<p>Ulbrich lavora in JLL dal 2005, inizialmente come Managing Director in Germania e dal 2009 come responsabile della regione EMEA fino alla sua nomina a Presidente. Prima di entrare in JLL, \u00e8 stato CEO di HIH Group, una filiale immobiliare di M.M. Warburg con sede ad Amburgo. \u00c8 membro del Consiglio di sorveglianza di Vonovia SE, la pi\u00f9 grande societ\u00e0 immobiliare residenziale della Germania. Ulbrich si \u00e8 laureato in economia aziendale presso l'Universit\u00e0 di Amburgo.<\/p>\n<p>Per garantire una transizione senza intoppi, l'amministratore delegato uscente Colin Dyer continuer\u00e0 a guidare l'azienda nel settore dei dati, delle informazioni e dell'analisi fino alla fine del 2016. Inoltre, rimarr\u00e0 membro del Consiglio di amministrazione di JLL fino all'Assemblea generale annuale della primavera 2017 e agir\u00e0 come consulente per tutto il 2017, informa JLL.<\/p>\n<p>Sotto la guida di Dyer, JLL ha registrato una forte crescita, soprattutto a livello internazionale. Dal 2004 il fatturato dell'azienda \u00e8 pi\u00f9 che quintuplicato, raggiungendo i sei miliardi di dollari. (ah)<\/p>","protected":false},"excerpt":{"rendered":"<p>Cambio di leadership in JLL: Christian Ulbrich, presidente del fornitore di servizi immobiliari da giugno 2016, assumer\u00e0 anche la carica di amministratore delegato (CEO) a partire dal 1\u00b0 ottobre. Ulbrich succede a Colin Dyer, che andr\u00e0 in pensione alla fine del 2016 e lascer\u00e0 il suo ruolo di CEO di JLL il 30 settembre.<\/p>","protected":false},"author":1,"featured_media":3695,"comment_status":"open","ping_status":"open","sticky":false,"template":"","format":"standard","meta":{"_acf_changed":false,"_yoast_wpseo_focuskw":"Christian Ulbrich","_yoast_wpseo_title":"","_yoast_wpseo_metadesc":"F\u00fchrungswechsel bei JLL: Christian Ulbrich wird mit Wirkung zum 1. Oktober auch die Position des Chief Executive Officer (CEO) \u00fcbernehmen.","_yoast_wpseo_linkdex":91,"pgc_sgb_lightbox_settings":"","footnotes":""},"categories":[1],"tags":[1563,1564],"class_list":["post-3694","post","type-post","status-publish","format-standard","has-post-thumbnail","hentry","category-allgemein","tag-personalia","tag-personalien"],"acf":[],"yoast_head":"<!-- This site is optimized with the Yoast SEO plugin v27.4 - https:\/\/yoast.com\/product\/yoast-seo-wordpress\/ -->\n<title>JLL: Christian Ulbrich wird neuer CEO - IMMOBILIEN Business<\/title>\n<meta name=\"description\" content=\"F\u00fchrungswechsel bei JLL: Christian Ulbrich wird mit Wirkung zum 1. Oktober auch die Position des Chief Executive Officer (CEO) \u00fcbernehmen.\" \/>\n<meta name=\"robots\" content=\"index, follow, max-snippet:-1, max-image-preview:large, max-video-preview:-1\" \/>\n<link rel=\"canonical\" href=\"https:\/\/www.immobilienbusiness.ch\/it\/allgemein\/2016-08-26\/jll-christian-ulbrich-wird-neuer-ceo\/\" \/>\n<meta property=\"og:locale\" content=\"it_IT\" \/>\n<meta property=\"og:type\" content=\"article\" \/>\n<meta property=\"og:title\" content=\"JLL: Christian Ulbrich wird neuer CEO\" \/>\n<meta property=\"og:description\" content=\"F\u00fchrungswechsel bei JLL: Christian Ulbrich, seit Juni 2016 President bei dem Immobiliendienstleister, wird mit Wirkung zum 1. Oktober auch die Position des Chief Executive Officer (CEO) \u00fcbernehmen. Ulbrich tritt in die Nachfolge von Colin Dyer, der Ende 2016 in den Ruhestand gehen und von seiner Funktion als CEO von JLL am 30. September zur\u00fccktreten wird.\" \/>\n<meta property=\"og:url\" content=\"https:\/\/www.immobilienbusiness.ch\/it\/allgemein\/2016-08-26\/jll-christian-ulbrich-wird-neuer-ceo\/\" \/>\n<meta property=\"og:site_name\" content=\"IMMOBILIEN Business\" \/>\n<meta property=\"article:publisher\" content=\"https:\/\/www.facebook.com\/immobilienbusiness\/\" \/>\n<meta property=\"article:published_time\" content=\"2016-08-26T07:25:27+00:00\" \/>\n<meta name=\"author\" content=\"Redaktion\" \/>\n<meta name=\"twitter:card\" content=\"summary_large_image\" \/>\n<meta name=\"twitter:image\" content=\"https:\/\/www.immobilienbusiness.ch\/wp-content\/uploads\/2016\/12\/JLL-Christian-Ulbrich-wird-neuer-CEO-immobilien-business.jpg\" \/>\n<script type=\"application\/ld+json\" class=\"yoast-schema-graph\">{\"@context\":\"https:\\\/\\\/schema.org\",\"@graph\":[{\"@type\":\"Article\",\"@id\":\"https:\\\/\\\/www.immobilienbusiness.ch\\\/it\\\/allgemein\\\/2016-08-26\\\/jll-christian-ulbrich-wird-neuer-ceo\\\/#article\",\"isPartOf\":{\"@id\":\"https:\\\/\\\/www.immobilienbusiness.ch\\\/it\\\/allgemein\\\/2016-08-26\\\/jll-christian-ulbrich-wird-neuer-ceo\\\/\"},\"author\":{\"name\":\"Redaktion\",\"@id\":\"https:\\\/\\\/www.immobilienbusiness.ch\\\/#\\\/schema\\\/person\\\/aa2bace6c5c5aad60102004a50c4eb1c\"},\"headline\":\"JLL: Christian Ulbrich wird neuer CEO\",\"datePublished\":\"2016-08-26T07:25:27+00:00\",\"mainEntityOfPage\":{\"@id\":\"https:\\\/\\\/www.immobilienbusiness.ch\\\/it\\\/allgemein\\\/2016-08-26\\\/jll-christian-ulbrich-wird-neuer-ceo\\\/\"},\"wordCount\":225,\"commentCount\":0,\"publisher\":{\"@id\":\"https:\\\/\\\/www.immobilienbusiness.ch\\\/#organization\"},\"image\":{\"@id\":\"https:\\\/\\\/www.immobilienbusiness.ch\\\/it\\\/allgemein\\\/2016-08-26\\\/jll-christian-ulbrich-wird-neuer-ceo\\\/#primaryimage\"},\"thumbnailUrl\":\"https:\\\/\\\/www.immobilienbusiness.ch\\\/wp-content\\\/uploads\\\/2016\\\/12\\\/JLL-Christian-Ulbrich-wird-neuer-CEO-immobilien-business.jpg\",\"keywords\":[\"Personalia\",\"Personalien\"],\"articleSection\":[\"Allgemein\"],\"inLanguage\":\"it-IT\"},{\"@type\":\"WebPage\",\"@id\":\"https:\\\/\\\/www.immobilienbusiness.ch\\\/it\\\/allgemein\\\/2016-08-26\\\/jll-christian-ulbrich-wird-neuer-ceo\\\/\",\"url\":\"https:\\\/\\\/www.immobilienbusiness.ch\\\/it\\\/allgemein\\\/2016-08-26\\\/jll-christian-ulbrich-wird-neuer-ceo\\\/\",\"name\":\"JLL: Christian Ulbrich wird neuer CEO - IMMOBILIEN Business\",\"isPartOf\":{\"@id\":\"https:\\\/\\\/www.immobilienbusiness.ch\\\/#website\"},\"primaryImageOfPage\":{\"@id\":\"https:\\\/\\\/www.immobilienbusiness.ch\\\/it\\\/allgemein\\\/2016-08-26\\\/jll-christian-ulbrich-wird-neuer-ceo\\\/#primaryimage\"},\"image\":{\"@id\":\"https:\\\/\\\/www.immobilienbusiness.ch\\\/it\\\/allgemein\\\/2016-08-26\\\/jll-christian-ulbrich-wird-neuer-ceo\\\/#primaryimage\"},\"thumbnailUrl\":\"https:\\\/\\\/www.immobilienbusiness.ch\\\/wp-content\\\/uploads\\\/2016\\\/12\\\/JLL-Christian-Ulbrich-wird-neuer-CEO-immobilien-business.jpg\",\"datePublished\":\"2016-08-26T07:25:27+00:00\",\"description\":\"F\u00fchrungswechsel bei JLL: Christian Ulbrich wird mit Wirkung zum 1. Oktober auch die Position des Chief Executive Officer (CEO) \u00fcbernehmen.\",\"breadcrumb\":{\"@id\":\"https:\\\/\\\/www.immobilienbusiness.ch\\\/it\\\/allgemein\\\/2016-08-26\\\/jll-christian-ulbrich-wird-neuer-ceo\\\/#breadcrumb\"},\"inLanguage\":\"it-IT\",\"potentialAction\":[{\"@type\":\"ReadAction\",\"target\":[\"https:\\\/\\\/www.immobilienbusiness.ch\\\/it\\\/allgemein\\\/2016-08-26\\\/jll-christian-ulbrich-wird-neuer-ceo\\\/\"]}]},{\"@type\":\"ImageObject\",\"inLanguage\":\"it-IT\",\"@id\":\"https:\\\/\\\/www.immobilienbusiness.ch\\\/it\\\/allgemein\\\/2016-08-26\\\/jll-christian-ulbrich-wird-neuer-ceo\\\/#primaryimage\",\"url\":\"https:\\\/\\\/www.immobilienbusiness.ch\\\/wp-content\\\/uploads\\\/2016\\\/12\\\/JLL-Christian-Ulbrich-wird-neuer-CEO-immobilien-business.jpg\",\"contentUrl\":\"https:\\\/\\\/www.immobilienbusiness.ch\\\/wp-content\\\/uploads\\\/2016\\\/12\\\/JLL-Christian-Ulbrich-wird-neuer-CEO-immobilien-business.jpg\",\"width\":1063,\"height\":768,\"caption\":\"Christian Ulbrich, designierter CEO von JLL (Foto: JLL)\"},{\"@type\":\"BreadcrumbList\",\"@id\":\"https:\\\/\\\/www.immobilienbusiness.ch\\\/it\\\/allgemein\\\/2016-08-26\\\/jll-christian-ulbrich-wird-neuer-ceo\\\/#breadcrumb\",\"itemListElement\":[{\"@type\":\"ListItem\",\"position\":1,\"name\":\"Home\",\"item\":\"https:\\\/\\\/www.immobilienbusiness.ch\\\/\"},{\"@type\":\"ListItem\",\"position\":2,\"name\":\"JLL: Christian Ulbrich wird neuer CEO\"}]},{\"@type\":\"WebSite\",\"@id\":\"https:\\\/\\\/www.immobilienbusiness.ch\\\/#website\",\"url\":\"https:\\\/\\\/www.immobilienbusiness.ch\\\/\",\"name\":\"IMMOBILIEN Business\",\"description\":\"Unabh\u00e4ngiges Schweizer Wirtschaftsmagazin mit Fokus auf Immobilien, Architektur- und Bau sowie Investment- und Finanzierung.\",\"publisher\":{\"@id\":\"https:\\\/\\\/www.immobilienbusiness.ch\\\/#organization\"},\"potentialAction\":[{\"@type\":\"SearchAction\",\"target\":{\"@type\":\"EntryPoint\",\"urlTemplate\":\"https:\\\/\\\/www.immobilienbusiness.ch\\\/?s={search_term_string}\"},\"query-input\":{\"@type\":\"PropertyValueSpecification\",\"valueRequired\":true,\"valueName\":\"search_term_string\"}}],\"inLanguage\":\"it-IT\"},{\"@type\":\"Organization\",\"@id\":\"https:\\\/\\\/www.immobilienbusiness.ch\\\/#organization\",\"name\":\"IMMOBILIEN Business\",\"url\":\"https:\\\/\\\/www.immobilienbusiness.ch\\\/\",\"logo\":{\"@type\":\"ImageObject\",\"inLanguage\":\"it-IT\",\"@id\":\"https:\\\/\\\/www.immobilienbusiness.ch\\\/#\\\/schema\\\/logo\\\/image\\\/\",\"url\":\"https:\\\/\\\/www.immobilienbusiness.ch\\\/wp-content\\\/uploads\\\/2021\\\/07\\\/logo_ib.png\",\"contentUrl\":\"https:\\\/\\\/www.immobilienbusiness.ch\\\/wp-content\\\/uploads\\\/2021\\\/07\\\/logo_ib.png\",\"width\":800,\"height\":181,\"caption\":\"IMMOBILIEN Business\"},\"image\":{\"@id\":\"https:\\\/\\\/www.immobilienbusiness.ch\\\/#\\\/schema\\\/logo\\\/image\\\/\"},\"sameAs\":[\"https:\\\/\\\/www.facebook.com\\\/immobilienbusiness\\\/\"]},{\"@type\":\"Person\",\"@id\":\"https:\\\/\\\/www.immobilienbusiness.ch\\\/#\\\/schema\\\/person\\\/aa2bace6c5c5aad60102004a50c4eb1c\",\"name\":\"Redaktion\",\"image\":{\"@type\":\"ImageObject\",\"inLanguage\":\"it-IT\",\"@id\":\"https:\\\/\\\/secure.gravatar.com\\\/avatar\\\/ae2f4d718e6c49043e314ce431e7e645d646302a24a5ef5a8bc8e3f5a032e319?s=96&d=mm&r=g\",\"url\":\"https:\\\/\\\/secure.gravatar.com\\\/avatar\\\/ae2f4d718e6c49043e314ce431e7e645d646302a24a5ef5a8bc8e3f5a032e319?s=96&d=mm&r=g\",\"contentUrl\":\"https:\\\/\\\/secure.gravatar.com\\\/avatar\\\/ae2f4d718e6c49043e314ce431e7e645d646302a24a5ef5a8bc8e3f5a032e319?s=96&d=mm&r=g\",\"caption\":\"Redaktion\"},\"sameAs\":[\"http:\\\/\\\/develop.organisator.galledia.ch\"],\"url\":\"https:\\\/\\\/www.immobilienbusiness.ch\\\/it\\\/author\\\/admin\\\/\"}]}<\/script>\n<!-- \/ Yoast SEO plugin. -->","yoast_head_json":{"title":"JLL: Christian Ulbrich wird neuer CEO - IMMOBILIEN Business","description":"F\u00fchrungswechsel bei JLL: Christian Ulbrich wird mit Wirkung zum 1. Oktober auch die Position des Chief Executive Officer (CEO) \u00fcbernehmen.","robots":{"index":"index","follow":"follow","max-snippet":"max-snippet:-1","max-image-preview":"max-image-preview:large","max-video-preview":"max-video-preview:-1"},"canonical":"https:\/\/www.immobilienbusiness.ch\/it\/allgemein\/2016-08-26\/jll-christian-ulbrich-wird-neuer-ceo\/","og_locale":"it_IT","og_type":"article","og_title":"JLL: Christian Ulbrich wird neuer CEO","og_description":"F\u00fchrungswechsel bei JLL: Christian Ulbrich, seit Juni 2016 President bei dem Immobiliendienstleister, wird mit Wirkung zum 1. Oktober auch die Position des Chief Executive Officer (CEO) \u00fcbernehmen. Ulbrich tritt in die Nachfolge von Colin Dyer, der Ende 2016 in den Ruhestand gehen und von seiner Funktion als CEO von JLL am 30. September zur\u00fccktreten wird.","og_url":"https:\/\/www.immobilienbusiness.ch\/it\/allgemein\/2016-08-26\/jll-christian-ulbrich-wird-neuer-ceo\/","og_site_name":"IMMOBILIEN Business","article_publisher":"https:\/\/www.facebook.com\/immobilienbusiness\/","article_published_time":"2016-08-26T07:25:27+00:00","author":"Redaktion","twitter_card":"summary_large_image","twitter_image":"https:\/\/www.immobilienbusiness.ch\/wp-content\/uploads\/2016\/12\/JLL-Christian-Ulbrich-wird-neuer-CEO-immobilien-business.jpg","schema":{"@context":"https:\/\/schema.org","@graph":[{"@type":"Article","@id":"https:\/\/www.immobilienbusiness.ch\/it\/allgemein\/2016-08-26\/jll-christian-ulbrich-wird-neuer-ceo\/#article","isPartOf":{"@id":"https:\/\/www.immobilienbusiness.ch\/it\/allgemein\/2016-08-26\/jll-christian-ulbrich-wird-neuer-ceo\/"},"author":{"name":"Redaktion","@id":"https:\/\/www.immobilienbusiness.ch\/#\/schema\/person\/aa2bace6c5c5aad60102004a50c4eb1c"},"headline":"JLL: Christian Ulbrich wird neuer CEO","datePublished":"2016-08-26T07:25:27+00:00","mainEntityOfPage":{"@id":"https:\/\/www.immobilienbusiness.ch\/it\/allgemein\/2016-08-26\/jll-christian-ulbrich-wird-neuer-ceo\/"},"wordCount":225,"commentCount":0,"publisher":{"@id":"https:\/\/www.immobilienbusiness.ch\/#organization"},"image":{"@id":"https:\/\/www.immobilienbusiness.ch\/it\/allgemein\/2016-08-26\/jll-christian-ulbrich-wird-neuer-ceo\/#primaryimage"},"thumbnailUrl":"https:\/\/www.immobilienbusiness.ch\/wp-content\/uploads\/2016\/12\/JLL-Christian-Ulbrich-wird-neuer-CEO-immobilien-business.jpg","keywords":["Personalia","Personalien"],"articleSection":["Allgemein"],"inLanguage":"it-IT"},{"@type":"WebPage","@id":"https:\/\/www.immobilienbusiness.ch\/it\/allgemein\/2016-08-26\/jll-christian-ulbrich-wird-neuer-ceo\/","url":"https:\/\/www.immobilienbusiness.ch\/it\/allgemein\/2016-08-26\/jll-christian-ulbrich-wird-neuer-ceo\/","name":"JLL: Christian Ulbrich wird neuer CEO - IMMOBILIEN Business","isPartOf":{"@id":"https:\/\/www.immobilienbusiness.ch\/#website"},"primaryImageOfPage":{"@id":"https:\/\/www.immobilienbusiness.ch\/it\/allgemein\/2016-08-26\/jll-christian-ulbrich-wird-neuer-ceo\/#primaryimage"},"image":{"@id":"https:\/\/www.immobilienbusiness.ch\/it\/allgemein\/2016-08-26\/jll-christian-ulbrich-wird-neuer-ceo\/#primaryimage"},"thumbnailUrl":"https:\/\/www.immobilienbusiness.ch\/wp-content\/uploads\/2016\/12\/JLL-Christian-Ulbrich-wird-neuer-CEO-immobilien-business.jpg","datePublished":"2016-08-26T07:25:27+00:00","description":"F\u00fchrungswechsel bei JLL: Christian Ulbrich wird mit Wirkung zum 1. Oktober auch die Position des Chief Executive Officer (CEO) \u00fcbernehmen.","breadcrumb":{"@id":"https:\/\/www.immobilienbusiness.ch\/it\/allgemein\/2016-08-26\/jll-christian-ulbrich-wird-neuer-ceo\/#breadcrumb"},"inLanguage":"it-IT","potentialAction":[{"@type":"ReadAction","target":["https:\/\/www.immobilienbusiness.ch\/it\/allgemein\/2016-08-26\/jll-christian-ulbrich-wird-neuer-ceo\/"]}]},{"@type":"ImageObject","inLanguage":"it-IT","@id":"https:\/\/www.immobilienbusiness.ch\/it\/allgemein\/2016-08-26\/jll-christian-ulbrich-wird-neuer-ceo\/#primaryimage","url":"https:\/\/www.immobilienbusiness.ch\/wp-content\/uploads\/2016\/12\/JLL-Christian-Ulbrich-wird-neuer-CEO-immobilien-business.jpg","contentUrl":"https:\/\/www.immobilienbusiness.ch\/wp-content\/uploads\/2016\/12\/JLL-Christian-Ulbrich-wird-neuer-CEO-immobilien-business.jpg","width":1063,"height":768,"caption":"Christian Ulbrich, designierter CEO von JLL (Foto: JLL)"},{"@type":"BreadcrumbList","@id":"https:\/\/www.immobilienbusiness.ch\/it\/allgemein\/2016-08-26\/jll-christian-ulbrich-wird-neuer-ceo\/#breadcrumb","itemListElement":[{"@type":"ListItem","position":1,"name":"Home","item":"https:\/\/www.immobilienbusiness.ch\/"},{"@type":"ListItem","position":2,"name":"JLL: Christian Ulbrich wird neuer CEO"}]},{"@type":"WebSite","@id":"https:\/\/www.immobilienbusiness.ch\/#website","url":"https:\/\/www.immobilienbusiness.ch\/","name":"Affari immobiliari","description":"Rivista economica indipendente svizzera che si concentra sul settore immobiliare, l'architettura e la costruzione, nonch\u00e9 sugli investimenti e i finanziamenti.","publisher":{"@id":"https:\/\/www.immobilienbusiness.ch\/#organization"},"potentialAction":[{"@type":"SearchAction","target":{"@type":"EntryPoint","urlTemplate":"https:\/\/www.immobilienbusiness.ch\/?s={search_term_string}"},"query-input":{"@type":"PropertyValueSpecification","valueRequired":true,"valueName":"search_term_string"}}],"inLanguage":"it-IT"},{"@type":"Organization","@id":"https:\/\/www.immobilienbusiness.ch\/#organization","name":"Affari immobiliari","url":"https:\/\/www.immobilienbusiness.ch\/","logo":{"@type":"ImageObject","inLanguage":"it-IT","@id":"https:\/\/www.immobilienbusiness.ch\/#\/schema\/logo\/image\/","url":"https:\/\/www.immobilienbusiness.ch\/wp-content\/uploads\/2021\/07\/logo_ib.png","contentUrl":"https:\/\/www.immobilienbusiness.ch\/wp-content\/uploads\/2021\/07\/logo_ib.png","width":800,"height":181,"caption":"IMMOBILIEN Business"},"image":{"@id":"https:\/\/www.immobilienbusiness.ch\/#\/schema\/logo\/image\/"},"sameAs":["https:\/\/www.facebook.com\/immobilienbusiness\/"]},{"@type":"Person","@id":"https:\/\/www.immobilienbusiness.ch\/#\/schema\/person\/aa2bace6c5c5aad60102004a50c4eb1c","name":"Editoriale","image":{"@type":"ImageObject","inLanguage":"it-IT","@id":"https:\/\/secure.gravatar.com\/avatar\/ae2f4d718e6c49043e314ce431e7e645d646302a24a5ef5a8bc8e3f5a032e319?s=96&d=mm&r=g","url":"https:\/\/secure.gravatar.com\/avatar\/ae2f4d718e6c49043e314ce431e7e645d646302a24a5ef5a8bc8e3f5a032e319?s=96&d=mm&r=g","contentUrl":"https:\/\/secure.gravatar.com\/avatar\/ae2f4d718e6c49043e314ce431e7e645d646302a24a5ef5a8bc8e3f5a032e319?s=96&d=mm&r=g","caption":"Redaktion"},"sameAs":["http:\/\/develop.organisator.galledia.ch"],"url":"https:\/\/www.immobilienbusiness.ch\/it\/author\/admin\/"}]}},"_links":{"self":[{"href":"https:\/\/www.immobilienbusiness.ch\/it\/wp-json\/wp\/v2\/posts\/3694","targetHints":{"allow":["GET"]}}],"collection":[{"href":"https:\/\/www.immobilienbusiness.ch\/it\/wp-json\/wp\/v2\/posts"}],"about":[{"href":"https:\/\/www.immobilienbusiness.ch\/it\/wp-json\/wp\/v2\/types\/post"}],"author":[{"embeddable":true,"href":"https:\/\/www.immobilienbusiness.ch\/it\/wp-json\/wp\/v2\/users\/1"}],"replies":[{"embeddable":true,"href":"https:\/\/www.immobilienbusiness.ch\/it\/wp-json\/wp\/v2\/comments?post=3694"}],"version-history":[{"count":0,"href":"https:\/\/www.immobilienbusiness.ch\/it\/wp-json\/wp\/v2\/posts\/3694\/revisions"}],"wp:featuredmedia":[{"embeddable":true,"href":"https:\/\/www.immobilienbusiness.ch\/it\/wp-json\/wp\/v2\/media\/3695"}],"wp:attachment":[{"href":"https:\/\/www.immobilienbusiness.ch\/it\/wp-json\/wp\/v2\/media?parent=3694"}],"wp:term":[{"taxonomy":"category","embeddable":true,"href":"https:\/\/www.immobilienbusiness.ch\/it\/wp-json\/wp\/v2\/categories?post=3694"},{"taxonomy":"post_tag","embeddable":true,"href":"https:\/\/www.immobilienbusiness.ch\/it\/wp-json\/wp\/v2\/tags?post=3694"}],"curies":[{"name":"wp","href":"https:\/\/api.w.org\/{rel}","templated":true}]}}