{"id":3577,"date":"2016-10-26T08:10:47","date_gmt":"2016-10-26T06:10:47","guid":{"rendered":"http:\/\/dev.immobilienbusiness.ch\/?p=3577"},"modified":"2016-10-26T08:10:47","modified_gmt":"2016-10-26T06:10:47","slug":"zuerich-baustart-fuer-siedlung-am-glattbogen","status":"publish","type":"post","link":"https:\/\/www.immobilienbusiness.ch\/it\/regionen\/2016-10-26\/zuerich-baustart-fuer-siedlung-am-glattbogen\/","title":{"rendered":"Zurigo: inizio dei lavori di costruzione del complesso residenziale \"Am Glattbogen"},"content":{"rendered":"<figure id=\"attachment_3580\" aria-describedby=\"caption-attachment-3580\" style=\"width: 680px\" class=\"wp-caption alignnone\"><img loading=\"lazy\" decoding=\"async\" class=\"size-medium wp-image-3580\" src=\"https:\/\/immobilienbusiness.ch\/wp-content\/uploads\/2016\/12\/Z\u00fcrich-Baustart-f\u00fcr-Siedlung-Am-Glattbogen-immobilien-business.jpg\" alt=\"Die neue Siedlung \u00abAm Glattbogen\u00bb (Visualisierung: pool Architekten, Z\u00fcrich)\" width=\"680\" height=\"365\" \/><figcaption id=\"caption-attachment-3580\" class=\"wp-caption-text\">Il nuovo insediamento \"Am Glattbogen\" (visualizzazione: pool Architekten, Zurigo)<\/figcaption><\/figure>\n<p>Nella parte orientale del Glattbogen saranno costruiti 229 appartamenti. Sostituiranno 115 unit\u00e0 abitative esistenti che non soddisfano pi\u00f9 gli standard odierni. I nuovi edifici di quattro e sette piani saranno costruiti secondo lo standard Minergie. L'aumento della densit\u00e0 offrir\u00e0 ai residenti pi\u00f9 spazio abitativo per metro quadro di superficie. Oltre agli appartamenti in affitto, il nuovo edificio avr\u00e0 una doppia scuola materna, un'ampia sala comunitaria e circa 400 metri quadrati di spazio commerciale.<\/p>\n<p>La demolizione della vecchia sovrastruttura sta per essere completata. Dopodich\u00e9 verranno eseguiti i lavori di scavo, in modo che i lavori di costruzione del master possano iniziare a gennaio 2017. I primi appartamenti dovrebbero essere pronti per essere occupati nell'estate 2018.<\/p>\n<p>Il progetto fa parte della strategia di rinnovamento generale dell'ASIG per il quartiere di Dreispitz. (ah)<\/p>","protected":false},"excerpt":{"rendered":"<p>Il 25 ottobre 2016 si \u00e8 tenuta la cerimonia di posa della prima pietra per l'edificio sostitutivo del complesso residenziale \"Am Glattbogen\" a Zurigo-Schwamendingen. Il committente \u00e8 ASIG Wohngenossenschaft e Implenia sta realizzando il progetto, che viene costruito secondo i piani di pool Architekten.<\/p>","protected":false},"author":1,"featured_media":3580,"comment_status":"open","ping_status":"open","sticky":false,"template":"","format":"standard","meta":{"_acf_changed":false,"_yoast_wpseo_focuskw":"Glattbogen","_yoast_wpseo_title":"","_yoast_wpseo_metadesc":"Am 25. Oktober 2016 wurde der Spatenstich f\u00fcr den Ersatzneubau der Siedlung \u00abAm Glattbogen\u00bb in Z\u00fcrich-Schwamendingen gefeiert.","_yoast_wpseo_linkdex":72,"pgc_sgb_lightbox_settings":"","footnotes":""},"categories":[985,986],"tags":[1629,1639,1862,1888],"class_list":["post-3577","post","type-post","status-publish","format-standard","has-post-thumbnail","hentry","category-regionen","category-residential","tag-regionen","tag-residential","tag-wohnen","tag-zuerich"],"acf":[],"yoast_head":"<!-- This site is optimized with the Yoast SEO plugin v27.4 - https:\/\/yoast.com\/product\/yoast-seo-wordpress\/ -->\n<title>Z\u00fcrich: Baustart f\u00fcr Siedlung \u00abAm Glattbogen\u00bb - IMMOBILIEN Business<\/title>\n<meta name=\"description\" content=\"Am 25. Oktober 2016 wurde der Spatenstich f\u00fcr den Ersatzneubau der Siedlung \u00abAm Glattbogen\u00bb in Z\u00fcrich-Schwamendingen gefeiert.\" \/>\n<meta name=\"robots\" content=\"index, follow, max-snippet:-1, max-image-preview:large, max-video-preview:-1\" \/>\n<link rel=\"canonical\" href=\"https:\/\/www.immobilienbusiness.ch\/it\/regionen\/2016-10-26\/zuerich-baustart-fuer-siedlung-am-glattbogen\/\" \/>\n<meta property=\"og:locale\" content=\"it_IT\" \/>\n<meta property=\"og:type\" content=\"article\" \/>\n<meta property=\"og:title\" content=\"Z\u00fcrich: Baustart f\u00fcr Siedlung \u00abAm Glattbogen\u00bb\" \/>\n<meta property=\"og:description\" content=\"Am 25. Oktober 2016 wurde der Spatenstich f\u00fcr den Ersatzneubau der Siedlung \u00abAm Glattbogen\u00bb in Z\u00fcrich-Schwamendingen gefeiert. Bauherrin ist die ASIG Wohngenossenschaft, Implenia realisiert das Vorhaben, das nach Pl\u00e4nen von pool Architekten entsteht.\" \/>\n<meta property=\"og:url\" content=\"https:\/\/www.immobilienbusiness.ch\/it\/regionen\/2016-10-26\/zuerich-baustart-fuer-siedlung-am-glattbogen\/\" \/>\n<meta property=\"og:site_name\" content=\"IMMOBILIEN Business\" \/>\n<meta property=\"article:publisher\" content=\"https:\/\/www.facebook.com\/immobilienbusiness\/\" \/>\n<meta property=\"article:published_time\" content=\"2016-10-26T06:10:47+00:00\" \/>\n<meta name=\"author\" content=\"Redaktion\" \/>\n<meta name=\"twitter:card\" content=\"summary_large_image\" \/>\n<meta name=\"twitter:image\" content=\"https:\/\/www.immobilienbusiness.ch\/wp-content\/uploads\/2016\/12\/Zuerich-Baustart-fuer-Siedlung-Am-Glattbogen-immobilien-business.jpg\" \/>\n<script type=\"application\/ld+json\" class=\"yoast-schema-graph\">{\"@context\":\"https:\\\/\\\/schema.org\",\"@graph\":[{\"@type\":\"Article\",\"@id\":\"https:\\\/\\\/www.immobilienbusiness.ch\\\/regionen\\\/2016-10-26\\\/zuerich-baustart-fuer-siedlung-am-glattbogen\\\/#article\",\"isPartOf\":{\"@id\":\"https:\\\/\\\/www.immobilienbusiness.ch\\\/regionen\\\/2016-10-26\\\/zuerich-baustart-fuer-siedlung-am-glattbogen\\\/\"},\"author\":{\"name\":\"Redaktion\",\"@id\":\"https:\\\/\\\/www.immobilienbusiness.ch\\\/#\\\/schema\\\/person\\\/aa2bace6c5c5aad60102004a50c4eb1c\"},\"headline\":\"Z\u00fcrich: Baustart f\u00fcr Siedlung \u00abAm Glattbogen\u00bb\",\"datePublished\":\"2016-10-26T06:10:47+00:00\",\"mainEntityOfPage\":{\"@id\":\"https:\\\/\\\/www.immobilienbusiness.ch\\\/regionen\\\/2016-10-26\\\/zuerich-baustart-fuer-siedlung-am-glattbogen\\\/\"},\"wordCount\":132,\"commentCount\":0,\"publisher\":{\"@id\":\"https:\\\/\\\/www.immobilienbusiness.ch\\\/#organization\"},\"image\":{\"@id\":\"https:\\\/\\\/www.immobilienbusiness.ch\\\/regionen\\\/2016-10-26\\\/zuerich-baustart-fuer-siedlung-am-glattbogen\\\/#primaryimage\"},\"thumbnailUrl\":\"https:\\\/\\\/www.immobilienbusiness.ch\\\/wp-content\\\/uploads\\\/2016\\\/12\\\/Zuerich-Baustart-fuer-Siedlung-Am-Glattbogen-immobilien-business.jpg\",\"keywords\":[\"Regionen\",\"Residential\",\"Wohnen\",\"Z\u00fcrich\"],\"articleSection\":[\"REGIONEN\",\"RESIDENTIAL\"],\"inLanguage\":\"it-IT\"},{\"@type\":\"WebPage\",\"@id\":\"https:\\\/\\\/www.immobilienbusiness.ch\\\/regionen\\\/2016-10-26\\\/zuerich-baustart-fuer-siedlung-am-glattbogen\\\/\",\"url\":\"https:\\\/\\\/www.immobilienbusiness.ch\\\/regionen\\\/2016-10-26\\\/zuerich-baustart-fuer-siedlung-am-glattbogen\\\/\",\"name\":\"Z\u00fcrich: Baustart f\u00fcr Siedlung \u00abAm Glattbogen\u00bb - IMMOBILIEN Business\",\"isPartOf\":{\"@id\":\"https:\\\/\\\/www.immobilienbusiness.ch\\\/#website\"},\"primaryImageOfPage\":{\"@id\":\"https:\\\/\\\/www.immobilienbusiness.ch\\\/regionen\\\/2016-10-26\\\/zuerich-baustart-fuer-siedlung-am-glattbogen\\\/#primaryimage\"},\"image\":{\"@id\":\"https:\\\/\\\/www.immobilienbusiness.ch\\\/regionen\\\/2016-10-26\\\/zuerich-baustart-fuer-siedlung-am-glattbogen\\\/#primaryimage\"},\"thumbnailUrl\":\"https:\\\/\\\/www.immobilienbusiness.ch\\\/wp-content\\\/uploads\\\/2016\\\/12\\\/Zuerich-Baustart-fuer-Siedlung-Am-Glattbogen-immobilien-business.jpg\",\"datePublished\":\"2016-10-26T06:10:47+00:00\",\"description\":\"Am 25. Oktober 2016 wurde der Spatenstich f\u00fcr den Ersatzneubau der Siedlung \u00abAm Glattbogen\u00bb in Z\u00fcrich-Schwamendingen gefeiert.\",\"breadcrumb\":{\"@id\":\"https:\\\/\\\/www.immobilienbusiness.ch\\\/regionen\\\/2016-10-26\\\/zuerich-baustart-fuer-siedlung-am-glattbogen\\\/#breadcrumb\"},\"inLanguage\":\"it-IT\",\"potentialAction\":[{\"@type\":\"ReadAction\",\"target\":[\"https:\\\/\\\/www.immobilienbusiness.ch\\\/regionen\\\/2016-10-26\\\/zuerich-baustart-fuer-siedlung-am-glattbogen\\\/\"]}]},{\"@type\":\"ImageObject\",\"inLanguage\":\"it-IT\",\"@id\":\"https:\\\/\\\/www.immobilienbusiness.ch\\\/regionen\\\/2016-10-26\\\/zuerich-baustart-fuer-siedlung-am-glattbogen\\\/#primaryimage\",\"url\":\"https:\\\/\\\/www.immobilienbusiness.ch\\\/wp-content\\\/uploads\\\/2016\\\/12\\\/Zuerich-Baustart-fuer-Siedlung-Am-Glattbogen-immobilien-business.jpg\",\"contentUrl\":\"https:\\\/\\\/www.immobilienbusiness.ch\\\/wp-content\\\/uploads\\\/2016\\\/12\\\/Zuerich-Baustart-fuer-Siedlung-Am-Glattbogen-immobilien-business.jpg\",\"width\":1180,\"height\":634,\"caption\":\"Die neue Siedlung \u00abAm Glattbogen\u00bb (Visualisierung: pool Architekten, Z\u00fcrich)\"},{\"@type\":\"BreadcrumbList\",\"@id\":\"https:\\\/\\\/www.immobilienbusiness.ch\\\/regionen\\\/2016-10-26\\\/zuerich-baustart-fuer-siedlung-am-glattbogen\\\/#breadcrumb\",\"itemListElement\":[{\"@type\":\"ListItem\",\"position\":1,\"name\":\"Home\",\"item\":\"https:\\\/\\\/www.immobilienbusiness.ch\\\/\"},{\"@type\":\"ListItem\",\"position\":2,\"name\":\"Z\u00fcrich: Baustart f\u00fcr Siedlung \u00abAm Glattbogen\u00bb\"}]},{\"@type\":\"WebSite\",\"@id\":\"https:\\\/\\\/www.immobilienbusiness.ch\\\/#website\",\"url\":\"https:\\\/\\\/www.immobilienbusiness.ch\\\/\",\"name\":\"IMMOBILIEN Business\",\"description\":\"Unabh\u00e4ngiges Schweizer Wirtschaftsmagazin mit Fokus auf Immobilien, Architektur- und Bau sowie Investment- und Finanzierung.\",\"publisher\":{\"@id\":\"https:\\\/\\\/www.immobilienbusiness.ch\\\/#organization\"},\"potentialAction\":[{\"@type\":\"SearchAction\",\"target\":{\"@type\":\"EntryPoint\",\"urlTemplate\":\"https:\\\/\\\/www.immobilienbusiness.ch\\\/?s={search_term_string}\"},\"query-input\":{\"@type\":\"PropertyValueSpecification\",\"valueRequired\":true,\"valueName\":\"search_term_string\"}}],\"inLanguage\":\"it-IT\"},{\"@type\":\"Organization\",\"@id\":\"https:\\\/\\\/www.immobilienbusiness.ch\\\/#organization\",\"name\":\"IMMOBILIEN Business\",\"url\":\"https:\\\/\\\/www.immobilienbusiness.ch\\\/\",\"logo\":{\"@type\":\"ImageObject\",\"inLanguage\":\"it-IT\",\"@id\":\"https:\\\/\\\/www.immobilienbusiness.ch\\\/#\\\/schema\\\/logo\\\/image\\\/\",\"url\":\"https:\\\/\\\/www.immobilienbusiness.ch\\\/wp-content\\\/uploads\\\/2021\\\/07\\\/logo_ib.png\",\"contentUrl\":\"https:\\\/\\\/www.immobilienbusiness.ch\\\/wp-content\\\/uploads\\\/2021\\\/07\\\/logo_ib.png\",\"width\":800,\"height\":181,\"caption\":\"IMMOBILIEN Business\"},\"image\":{\"@id\":\"https:\\\/\\\/www.immobilienbusiness.ch\\\/#\\\/schema\\\/logo\\\/image\\\/\"},\"sameAs\":[\"https:\\\/\\\/www.facebook.com\\\/immobilienbusiness\\\/\"]},{\"@type\":\"Person\",\"@id\":\"https:\\\/\\\/www.immobilienbusiness.ch\\\/#\\\/schema\\\/person\\\/aa2bace6c5c5aad60102004a50c4eb1c\",\"name\":\"Redaktion\",\"image\":{\"@type\":\"ImageObject\",\"inLanguage\":\"it-IT\",\"@id\":\"https:\\\/\\\/secure.gravatar.com\\\/avatar\\\/ae2f4d718e6c49043e314ce431e7e645d646302a24a5ef5a8bc8e3f5a032e319?s=96&d=mm&r=g\",\"url\":\"https:\\\/\\\/secure.gravatar.com\\\/avatar\\\/ae2f4d718e6c49043e314ce431e7e645d646302a24a5ef5a8bc8e3f5a032e319?s=96&d=mm&r=g\",\"contentUrl\":\"https:\\\/\\\/secure.gravatar.com\\\/avatar\\\/ae2f4d718e6c49043e314ce431e7e645d646302a24a5ef5a8bc8e3f5a032e319?s=96&d=mm&r=g\",\"caption\":\"Redaktion\"},\"sameAs\":[\"http:\\\/\\\/develop.organisator.galledia.ch\"],\"url\":\"https:\\\/\\\/www.immobilienbusiness.ch\\\/it\\\/author\\\/admin\\\/\"}]}<\/script>\n<!-- \/ Yoast SEO plugin. -->","yoast_head_json":{"title":"Zurigo: inizio dei lavori di costruzione del complesso \u00abAm Glattbogen\u00bb - IMMOBILIEN Business","description":"Il 25 ottobre 2016 si \u00e8 tenuta la cerimonia di posa della prima pietra per il nuovo edificio sostitutivo dello sviluppo \u00abAm Glattbogen\u00bb a Zurigo-Schwamendingen.","robots":{"index":"index","follow":"follow","max-snippet":"max-snippet:-1","max-image-preview":"max-image-preview:large","max-video-preview":"max-video-preview:-1"},"canonical":"https:\/\/www.immobilienbusiness.ch\/it\/regionen\/2016-10-26\/zuerich-baustart-fuer-siedlung-am-glattbogen\/","og_locale":"it_IT","og_type":"article","og_title":"Z\u00fcrich: Baustart f\u00fcr Siedlung \u00abAm Glattbogen\u00bb","og_description":"Am 25. Oktober 2016 wurde der Spatenstich f\u00fcr den Ersatzneubau der Siedlung \u00abAm Glattbogen\u00bb in Z\u00fcrich-Schwamendingen gefeiert. Bauherrin ist die ASIG Wohngenossenschaft, Implenia realisiert das Vorhaben, das nach Pl\u00e4nen von pool Architekten entsteht.","og_url":"https:\/\/www.immobilienbusiness.ch\/it\/regionen\/2016-10-26\/zuerich-baustart-fuer-siedlung-am-glattbogen\/","og_site_name":"IMMOBILIEN Business","article_publisher":"https:\/\/www.facebook.com\/immobilienbusiness\/","article_published_time":"2016-10-26T06:10:47+00:00","author":"Redaktion","twitter_card":"summary_large_image","twitter_image":"https:\/\/www.immobilienbusiness.ch\/wp-content\/uploads\/2016\/12\/Zuerich-Baustart-fuer-Siedlung-Am-Glattbogen-immobilien-business.jpg","schema":{"@context":"https:\/\/schema.org","@graph":[{"@type":"Article","@id":"https:\/\/www.immobilienbusiness.ch\/regionen\/2016-10-26\/zuerich-baustart-fuer-siedlung-am-glattbogen\/#article","isPartOf":{"@id":"https:\/\/www.immobilienbusiness.ch\/regionen\/2016-10-26\/zuerich-baustart-fuer-siedlung-am-glattbogen\/"},"author":{"name":"Redaktion","@id":"https:\/\/www.immobilienbusiness.ch\/#\/schema\/person\/aa2bace6c5c5aad60102004a50c4eb1c"},"headline":"Z\u00fcrich: Baustart f\u00fcr Siedlung \u00abAm Glattbogen\u00bb","datePublished":"2016-10-26T06:10:47+00:00","mainEntityOfPage":{"@id":"https:\/\/www.immobilienbusiness.ch\/regionen\/2016-10-26\/zuerich-baustart-fuer-siedlung-am-glattbogen\/"},"wordCount":132,"commentCount":0,"publisher":{"@id":"https:\/\/www.immobilienbusiness.ch\/#organization"},"image":{"@id":"https:\/\/www.immobilienbusiness.ch\/regionen\/2016-10-26\/zuerich-baustart-fuer-siedlung-am-glattbogen\/#primaryimage"},"thumbnailUrl":"https:\/\/www.immobilienbusiness.ch\/wp-content\/uploads\/2016\/12\/Zuerich-Baustart-fuer-Siedlung-Am-Glattbogen-immobilien-business.jpg","keywords":["Regionen","Residential","Wohnen","Z\u00fcrich"],"articleSection":["REGIONEN","RESIDENTIAL"],"inLanguage":"it-IT"},{"@type":"WebPage","@id":"https:\/\/www.immobilienbusiness.ch\/regionen\/2016-10-26\/zuerich-baustart-fuer-siedlung-am-glattbogen\/","url":"https:\/\/www.immobilienbusiness.ch\/regionen\/2016-10-26\/zuerich-baustart-fuer-siedlung-am-glattbogen\/","name":"Zurigo: inizio dei lavori di costruzione del complesso \u00abAm Glattbogen\u00bb - IMMOBILIEN Business","isPartOf":{"@id":"https:\/\/www.immobilienbusiness.ch\/#website"},"primaryImageOfPage":{"@id":"https:\/\/www.immobilienbusiness.ch\/regionen\/2016-10-26\/zuerich-baustart-fuer-siedlung-am-glattbogen\/#primaryimage"},"image":{"@id":"https:\/\/www.immobilienbusiness.ch\/regionen\/2016-10-26\/zuerich-baustart-fuer-siedlung-am-glattbogen\/#primaryimage"},"thumbnailUrl":"https:\/\/www.immobilienbusiness.ch\/wp-content\/uploads\/2016\/12\/Zuerich-Baustart-fuer-Siedlung-Am-Glattbogen-immobilien-business.jpg","datePublished":"2016-10-26T06:10:47+00:00","description":"Il 25 ottobre 2016 si \u00e8 tenuta la cerimonia di posa della prima pietra per il nuovo edificio sostitutivo dello sviluppo \u00abAm Glattbogen\u00bb a Zurigo-Schwamendingen.","breadcrumb":{"@id":"https:\/\/www.immobilienbusiness.ch\/regionen\/2016-10-26\/zuerich-baustart-fuer-siedlung-am-glattbogen\/#breadcrumb"},"inLanguage":"it-IT","potentialAction":[{"@type":"ReadAction","target":["https:\/\/www.immobilienbusiness.ch\/regionen\/2016-10-26\/zuerich-baustart-fuer-siedlung-am-glattbogen\/"]}]},{"@type":"ImageObject","inLanguage":"it-IT","@id":"https:\/\/www.immobilienbusiness.ch\/regionen\/2016-10-26\/zuerich-baustart-fuer-siedlung-am-glattbogen\/#primaryimage","url":"https:\/\/www.immobilienbusiness.ch\/wp-content\/uploads\/2016\/12\/Zuerich-Baustart-fuer-Siedlung-Am-Glattbogen-immobilien-business.jpg","contentUrl":"https:\/\/www.immobilienbusiness.ch\/wp-content\/uploads\/2016\/12\/Zuerich-Baustart-fuer-Siedlung-Am-Glattbogen-immobilien-business.jpg","width":1180,"height":634,"caption":"Die neue Siedlung \u00abAm Glattbogen\u00bb (Visualisierung: pool Architekten, Z\u00fcrich)"},{"@type":"BreadcrumbList","@id":"https:\/\/www.immobilienbusiness.ch\/regionen\/2016-10-26\/zuerich-baustart-fuer-siedlung-am-glattbogen\/#breadcrumb","itemListElement":[{"@type":"ListItem","position":1,"name":"Home","item":"https:\/\/www.immobilienbusiness.ch\/"},{"@type":"ListItem","position":2,"name":"Z\u00fcrich: Baustart f\u00fcr Siedlung \u00abAm Glattbogen\u00bb"}]},{"@type":"WebSite","@id":"https:\/\/www.immobilienbusiness.ch\/#website","url":"https:\/\/www.immobilienbusiness.ch\/","name":"Affari immobiliari","description":"Rivista economica indipendente svizzera che si concentra sul settore immobiliare, l'architettura e la costruzione, nonch\u00e9 sugli investimenti e i finanziamenti.","publisher":{"@id":"https:\/\/www.immobilienbusiness.ch\/#organization"},"potentialAction":[{"@type":"SearchAction","target":{"@type":"EntryPoint","urlTemplate":"https:\/\/www.immobilienbusiness.ch\/?s={search_term_string}"},"query-input":{"@type":"PropertyValueSpecification","valueRequired":true,"valueName":"search_term_string"}}],"inLanguage":"it-IT"},{"@type":"Organization","@id":"https:\/\/www.immobilienbusiness.ch\/#organization","name":"Affari immobiliari","url":"https:\/\/www.immobilienbusiness.ch\/","logo":{"@type":"ImageObject","inLanguage":"it-IT","@id":"https:\/\/www.immobilienbusiness.ch\/#\/schema\/logo\/image\/","url":"https:\/\/www.immobilienbusiness.ch\/wp-content\/uploads\/2021\/07\/logo_ib.png","contentUrl":"https:\/\/www.immobilienbusiness.ch\/wp-content\/uploads\/2021\/07\/logo_ib.png","width":800,"height":181,"caption":"IMMOBILIEN Business"},"image":{"@id":"https:\/\/www.immobilienbusiness.ch\/#\/schema\/logo\/image\/"},"sameAs":["https:\/\/www.facebook.com\/immobilienbusiness\/"]},{"@type":"Person","@id":"https:\/\/www.immobilienbusiness.ch\/#\/schema\/person\/aa2bace6c5c5aad60102004a50c4eb1c","name":"Editoriale","image":{"@type":"ImageObject","inLanguage":"it-IT","@id":"https:\/\/secure.gravatar.com\/avatar\/ae2f4d718e6c49043e314ce431e7e645d646302a24a5ef5a8bc8e3f5a032e319?s=96&d=mm&r=g","url":"https:\/\/secure.gravatar.com\/avatar\/ae2f4d718e6c49043e314ce431e7e645d646302a24a5ef5a8bc8e3f5a032e319?s=96&d=mm&r=g","contentUrl":"https:\/\/secure.gravatar.com\/avatar\/ae2f4d718e6c49043e314ce431e7e645d646302a24a5ef5a8bc8e3f5a032e319?s=96&d=mm&r=g","caption":"Redaktion"},"sameAs":["http:\/\/develop.organisator.galledia.ch"],"url":"https:\/\/www.immobilienbusiness.ch\/it\/author\/admin\/"}]}},"_links":{"self":[{"href":"https:\/\/www.immobilienbusiness.ch\/it\/wp-json\/wp\/v2\/posts\/3577","targetHints":{"allow":["GET"]}}],"collection":[{"href":"https:\/\/www.immobilienbusiness.ch\/it\/wp-json\/wp\/v2\/posts"}],"about":[{"href":"https:\/\/www.immobilienbusiness.ch\/it\/wp-json\/wp\/v2\/types\/post"}],"author":[{"embeddable":true,"href":"https:\/\/www.immobilienbusiness.ch\/it\/wp-json\/wp\/v2\/users\/1"}],"replies":[{"embeddable":true,"href":"https:\/\/www.immobilienbusiness.ch\/it\/wp-json\/wp\/v2\/comments?post=3577"}],"version-history":[{"count":0,"href":"https:\/\/www.immobilienbusiness.ch\/it\/wp-json\/wp\/v2\/posts\/3577\/revisions"}],"wp:featuredmedia":[{"embeddable":true,"href":"https:\/\/www.immobilienbusiness.ch\/it\/wp-json\/wp\/v2\/media\/3580"}],"wp:attachment":[{"href":"https:\/\/www.immobilienbusiness.ch\/it\/wp-json\/wp\/v2\/media?parent=3577"}],"wp:term":[{"taxonomy":"category","embeddable":true,"href":"https:\/\/www.immobilienbusiness.ch\/it\/wp-json\/wp\/v2\/categories?post=3577"},{"taxonomy":"post_tag","embeddable":true,"href":"https:\/\/www.immobilienbusiness.ch\/it\/wp-json\/wp\/v2\/tags?post=3577"}],"curies":[{"name":"wp","href":"https:\/\/api.w.org\/{rel}","templated":true}]}}