{"id":3537,"date":"2016-08-16T08:29:56","date_gmt":"2016-08-16T06:29:56","guid":{"rendered":"http:\/\/dev.immobilienbusiness.ch\/?p=3537"},"modified":"2016-08-16T08:29:56","modified_gmt":"2016-08-16T06:29:56","slug":"horgen-mobimo-projekt-seehallen-kommt-voran","status":"publish","type":"post","link":"https:\/\/www.immobilienbusiness.ch\/it\/regionen\/2016-08-16\/horgen-mobimo-projekt-seehallen-kommt-voran\/","title":{"rendered":"Horgen: il progetto \"Seehallen\" di Mobimo fa progressi"},"content":{"rendered":"<figure id=\"attachment_3539\" aria-describedby=\"caption-attachment-3539\" style=\"width: 680px\" class=\"wp-caption alignnone\"><img loading=\"lazy\" decoding=\"async\" class=\"size-medium wp-image-3539\" src=\"https:\/\/immobilienbusiness.ch\/wp-content\/uploads\/2016\/12\/Horgen-Mobimo-Projekt-Seehallen-kommt-voran-immobilien-business.jpg\" alt=\"Mobimo plant in Horgen ein Gewerbezentrum (Foto: \u00a9 Roland Fischer, Z\u00fcrich (Switzerland), via Wikimedia Commons)\" width=\"680\" height=\"454\" srcset=\"https:\/\/www.immobilienbusiness.ch\/wp-content\/uploads\/2016\/12\/Horgen-Mobimo-Projekt-Seehallen-kommt-voran-immobilien-business.jpg 1024w, https:\/\/www.immobilienbusiness.ch\/wp-content\/uploads\/2016\/12\/Horgen-Mobimo-Projekt-Seehallen-kommt-voran-immobilien-business-300x200.jpg 300w, https:\/\/www.immobilienbusiness.ch\/wp-content\/uploads\/2016\/12\/Horgen-Mobimo-Projekt-Seehallen-kommt-voran-immobilien-business-768x512.jpg 768w, https:\/\/www.immobilienbusiness.ch\/wp-content\/uploads\/2016\/12\/Horgen-Mobimo-Projekt-Seehallen-kommt-voran-immobilien-business-16x12.jpg 16w, https:\/\/www.immobilienbusiness.ch\/wp-content\/uploads\/2016\/12\/Horgen-Mobimo-Projekt-Seehallen-kommt-voran-immobilien-business-262x175.jpg 262w, https:\/\/www.immobilienbusiness.ch\/wp-content\/uploads\/2016\/12\/Horgen-Mobimo-Projekt-Seehallen-kommt-voran-immobilien-business-525x350.jpg 525w, https:\/\/www.immobilienbusiness.ch\/wp-content\/uploads\/2016\/12\/Horgen-Mobimo-Projekt-Seehallen-kommt-voran-immobilien-business-920x614.jpg 920w\" sizes=\"auto, (max-width: 680px) 100vw, 680px\" \/><figcaption id=\"caption-attachment-3539\" class=\"wp-caption-text\">Mobimo sta progettando un centro commerciale a Horgen (Foto: \u00a9 Roland Fischer, Zurigo (Svizzera), via Wikimedia Commons)<\/figcaption><\/figure>\n<p>L'ex fabbrica di due-cinque piani in Seestrasse 83-95, vicino alla stazione ferroviaria di Horgen-See, \u00e8 di propriet\u00e0 della societ\u00e0 immobiliare dal 2005. Dopo che il progetto di un centro di auto d'epoca con albergo \u00e8 andato in fumo, Mobimo vuole ora ospitare negozi, ristoranti, studi e uffici nell'edificio, lungo 130 metri e largo 24. Una portavoce di Mobimo ha dichiarato alla Z\u00fcrichsee-Zeitung che ci sono gi\u00e0 potenziali affittuari di vari settori.<\/p>\n<p>Secondo il bando di gara, il progetto \"Conversione e ristrutturazione dell'edificio commerciale\" comporter\u00e0 la rimozione o la demolizione di pareti nell'edificio della fabbrica e la ristrutturazione di servizi igienici, ascensori e scale, oltre a misure strutturali. \u00c8 previsto un garage con 30 posti auto. Inoltre, il tetto deve essere ricoperto di verde.<\/p>\n<p>Secondo l'autorit\u00e0 edilizia di Horgen, per il progetto sono state richieste diverse decisioni di locazione di edifici. Ci\u00f2 significa che c'\u00e8 la possibilit\u00e0 di fare ricorso contro la licenza edilizia, che il consiglio comunale di Horgen intende rilasciare tra qualche settimana. (ah)<\/p>\n<p>&nbsp;<\/p>","protected":false},"excerpt":{"rendered":"<p>Mobimo sta progettando un centro servizi e commerciale, il \"Seehallen Horgen\", nell'ex fabbrica Grob di Horgen. La relativa gara d'appalto \u00e8 attualmente aperta presso l'autorit\u00e0 edilizia di Horgen e la licenza edilizia dovrebbe essere rilasciata tra qualche settimana.<\/p>","protected":false},"author":1,"featured_media":3539,"comment_status":"open","ping_status":"open","sticky":false,"template":"","format":"standard","meta":{"_acf_changed":false,"_yoast_wpseo_focuskw":"Seehallen","_yoast_wpseo_title":"","_yoast_wpseo_metadesc":"Mobimo plant in Horgen ein Dienstleistungs- und Gewerbezentrum, die \u00abSeehallen Horgen\u00bb. Die entsprechende Ausschreibung liegt dem Bauamt Hor\u00adgen auf.","_yoast_wpseo_linkdex":56,"pgc_sgb_lightbox_settings":"","footnotes":""},"categories":[985],"tags":[1601,1629,1888],"class_list":["post-3537","post","type-post","status-publish","format-standard","has-post-thumbnail","hentry","category-regionen","tag-projektentwicklung","tag-regionen","tag-zuerich"],"acf":[],"yoast_head":"<!-- This site is optimized with the Yoast SEO plugin v27.5 - https:\/\/yoast.com\/product\/yoast-seo-wordpress\/ -->\n<title>Horgen: Mobimo-Projekt \u00abSeehallen\u00bb kommt voran - IMMOBILIEN Business<\/title>\n<meta name=\"description\" content=\"Mobimo plant in Horgen ein Dienstleistungs- und Gewerbezentrum, die \u00abSeehallen Horgen\u00bb. Die entsprechende Ausschreibung liegt dem Bauamt Hor\u00adgen auf.\" \/>\n<meta name=\"robots\" content=\"index, follow, max-snippet:-1, max-image-preview:large, max-video-preview:-1\" \/>\n<link rel=\"canonical\" href=\"https:\/\/www.immobilienbusiness.ch\/it\/regionen\/2016-08-16\/horgen-mobimo-projekt-seehallen-kommt-voran\/\" \/>\n<meta property=\"og:locale\" content=\"it_IT\" \/>\n<meta property=\"og:type\" content=\"article\" \/>\n<meta property=\"og:title\" content=\"Horgen: Mobimo-Projekt \u00abSeehallen\u00bb kommt voran\" \/>\n<meta property=\"og:description\" content=\"Mobimo plant in Horgen in der ehemaligen Grob-Fabrik ein Dienstleistungs- und Gewerbezentrum, die \u00abSeehallen Horgen\u00bb. Derzeit liegt die entsprechende Ausschreibung auf dem Bauamt Hor\u00adgen auf, in wenigen Wochen soll die Baugenehmigung erteilt werden.\" \/>\n<meta property=\"og:url\" content=\"https:\/\/www.immobilienbusiness.ch\/it\/regionen\/2016-08-16\/horgen-mobimo-projekt-seehallen-kommt-voran\/\" \/>\n<meta property=\"og:site_name\" content=\"IMMOBILIEN Business\" \/>\n<meta property=\"article:publisher\" content=\"https:\/\/www.facebook.com\/immobilienbusiness\/\" \/>\n<meta property=\"article:published_time\" content=\"2016-08-16T06:29:56+00:00\" \/>\n<meta name=\"author\" content=\"Redaktion\" \/>\n<meta name=\"twitter:card\" content=\"summary_large_image\" \/>\n<meta name=\"twitter:image\" content=\"https:\/\/www.immobilienbusiness.ch\/wp-content\/uploads\/2016\/12\/Horgen-Mobimo-Projekt-Seehallen-kommt-voran-immobilien-business.jpg\" \/>\n<script type=\"application\/ld+json\" class=\"yoast-schema-graph\">{\"@context\":\"https:\\\/\\\/schema.org\",\"@graph\":[{\"@type\":\"Article\",\"@id\":\"https:\\\/\\\/www.immobilienbusiness.ch\\\/regionen\\\/2016-08-16\\\/horgen-mobimo-projekt-seehallen-kommt-voran\\\/#article\",\"isPartOf\":{\"@id\":\"https:\\\/\\\/www.immobilienbusiness.ch\\\/regionen\\\/2016-08-16\\\/horgen-mobimo-projekt-seehallen-kommt-voran\\\/\"},\"author\":{\"name\":\"Redaktion\",\"@id\":\"https:\\\/\\\/www.immobilienbusiness.ch\\\/#\\\/schema\\\/person\\\/aa2bace6c5c5aad60102004a50c4eb1c\"},\"headline\":\"Horgen: Mobimo-Projekt \u00abSeehallen\u00bb kommt voran\",\"datePublished\":\"2016-08-16T06:29:56+00:00\",\"mainEntityOfPage\":{\"@id\":\"https:\\\/\\\/www.immobilienbusiness.ch\\\/regionen\\\/2016-08-16\\\/horgen-mobimo-projekt-seehallen-kommt-voran\\\/\"},\"wordCount\":184,\"commentCount\":0,\"publisher\":{\"@id\":\"https:\\\/\\\/www.immobilienbusiness.ch\\\/#organization\"},\"image\":{\"@id\":\"https:\\\/\\\/www.immobilienbusiness.ch\\\/regionen\\\/2016-08-16\\\/horgen-mobimo-projekt-seehallen-kommt-voran\\\/#primaryimage\"},\"thumbnailUrl\":\"https:\\\/\\\/www.immobilienbusiness.ch\\\/wp-content\\\/uploads\\\/2016\\\/12\\\/Horgen-Mobimo-Projekt-Seehallen-kommt-voran-immobilien-business.jpg\",\"keywords\":[\"Projektentwicklung\",\"Regionen\",\"Z\u00fcrich\"],\"articleSection\":[\"REGIONEN\"],\"inLanguage\":\"it-IT\"},{\"@type\":\"WebPage\",\"@id\":\"https:\\\/\\\/www.immobilienbusiness.ch\\\/regionen\\\/2016-08-16\\\/horgen-mobimo-projekt-seehallen-kommt-voran\\\/\",\"url\":\"https:\\\/\\\/www.immobilienbusiness.ch\\\/regionen\\\/2016-08-16\\\/horgen-mobimo-projekt-seehallen-kommt-voran\\\/\",\"name\":\"Horgen: Mobimo-Projekt \u00abSeehallen\u00bb kommt voran - IMMOBILIEN Business\",\"isPartOf\":{\"@id\":\"https:\\\/\\\/www.immobilienbusiness.ch\\\/#website\"},\"primaryImageOfPage\":{\"@id\":\"https:\\\/\\\/www.immobilienbusiness.ch\\\/regionen\\\/2016-08-16\\\/horgen-mobimo-projekt-seehallen-kommt-voran\\\/#primaryimage\"},\"image\":{\"@id\":\"https:\\\/\\\/www.immobilienbusiness.ch\\\/regionen\\\/2016-08-16\\\/horgen-mobimo-projekt-seehallen-kommt-voran\\\/#primaryimage\"},\"thumbnailUrl\":\"https:\\\/\\\/www.immobilienbusiness.ch\\\/wp-content\\\/uploads\\\/2016\\\/12\\\/Horgen-Mobimo-Projekt-Seehallen-kommt-voran-immobilien-business.jpg\",\"datePublished\":\"2016-08-16T06:29:56+00:00\",\"description\":\"Mobimo plant in Horgen ein Dienstleistungs- und Gewerbezentrum, die \u00abSeehallen Horgen\u00bb. Die entsprechende Ausschreibung liegt dem Bauamt Hor\u00adgen auf.\",\"breadcrumb\":{\"@id\":\"https:\\\/\\\/www.immobilienbusiness.ch\\\/regionen\\\/2016-08-16\\\/horgen-mobimo-projekt-seehallen-kommt-voran\\\/#breadcrumb\"},\"inLanguage\":\"it-IT\",\"potentialAction\":[{\"@type\":\"ReadAction\",\"target\":[\"https:\\\/\\\/www.immobilienbusiness.ch\\\/regionen\\\/2016-08-16\\\/horgen-mobimo-projekt-seehallen-kommt-voran\\\/\"]}]},{\"@type\":\"ImageObject\",\"inLanguage\":\"it-IT\",\"@id\":\"https:\\\/\\\/www.immobilienbusiness.ch\\\/regionen\\\/2016-08-16\\\/horgen-mobimo-projekt-seehallen-kommt-voran\\\/#primaryimage\",\"url\":\"https:\\\/\\\/www.immobilienbusiness.ch\\\/wp-content\\\/uploads\\\/2016\\\/12\\\/Horgen-Mobimo-Projekt-Seehallen-kommt-voran-immobilien-business.jpg\",\"contentUrl\":\"https:\\\/\\\/www.immobilienbusiness.ch\\\/wp-content\\\/uploads\\\/2016\\\/12\\\/Horgen-Mobimo-Projekt-Seehallen-kommt-voran-immobilien-business.jpg\",\"width\":1024,\"height\":683,\"caption\":\"Mobimo plant in Horgen ein Gewerbezentrum (Foto: \u00a9 Roland Fischer, Z\u00fcrich (Switzerland), via Wikimedia Commons)\"},{\"@type\":\"BreadcrumbList\",\"@id\":\"https:\\\/\\\/www.immobilienbusiness.ch\\\/regionen\\\/2016-08-16\\\/horgen-mobimo-projekt-seehallen-kommt-voran\\\/#breadcrumb\",\"itemListElement\":[{\"@type\":\"ListItem\",\"position\":1,\"name\":\"Home\",\"item\":\"https:\\\/\\\/www.immobilienbusiness.ch\\\/\"},{\"@type\":\"ListItem\",\"position\":2,\"name\":\"Horgen: Mobimo-Projekt \u00abSeehallen\u00bb kommt voran\"}]},{\"@type\":\"WebSite\",\"@id\":\"https:\\\/\\\/www.immobilienbusiness.ch\\\/#website\",\"url\":\"https:\\\/\\\/www.immobilienbusiness.ch\\\/\",\"name\":\"IMMOBILIEN Business\",\"description\":\"Unabh\u00e4ngiges Schweizer Wirtschaftsmagazin mit Fokus auf Immobilien, Architektur- und Bau sowie Investment- und Finanzierung.\",\"publisher\":{\"@id\":\"https:\\\/\\\/www.immobilienbusiness.ch\\\/#organization\"},\"potentialAction\":[{\"@type\":\"SearchAction\",\"target\":{\"@type\":\"EntryPoint\",\"urlTemplate\":\"https:\\\/\\\/www.immobilienbusiness.ch\\\/?s={search_term_string}\"},\"query-input\":{\"@type\":\"PropertyValueSpecification\",\"valueRequired\":true,\"valueName\":\"search_term_string\"}}],\"inLanguage\":\"it-IT\"},{\"@type\":\"Organization\",\"@id\":\"https:\\\/\\\/www.immobilienbusiness.ch\\\/#organization\",\"name\":\"IMMOBILIEN Business\",\"url\":\"https:\\\/\\\/www.immobilienbusiness.ch\\\/\",\"logo\":{\"@type\":\"ImageObject\",\"inLanguage\":\"it-IT\",\"@id\":\"https:\\\/\\\/www.immobilienbusiness.ch\\\/#\\\/schema\\\/logo\\\/image\\\/\",\"url\":\"https:\\\/\\\/www.immobilienbusiness.ch\\\/wp-content\\\/uploads\\\/2021\\\/07\\\/logo_ib.png\",\"contentUrl\":\"https:\\\/\\\/www.immobilienbusiness.ch\\\/wp-content\\\/uploads\\\/2021\\\/07\\\/logo_ib.png\",\"width\":800,\"height\":181,\"caption\":\"IMMOBILIEN Business\"},\"image\":{\"@id\":\"https:\\\/\\\/www.immobilienbusiness.ch\\\/#\\\/schema\\\/logo\\\/image\\\/\"},\"sameAs\":[\"https:\\\/\\\/www.facebook.com\\\/immobilienbusiness\\\/\"]},{\"@type\":\"Person\",\"@id\":\"https:\\\/\\\/www.immobilienbusiness.ch\\\/#\\\/schema\\\/person\\\/aa2bace6c5c5aad60102004a50c4eb1c\",\"name\":\"Redaktion\",\"image\":{\"@type\":\"ImageObject\",\"inLanguage\":\"it-IT\",\"@id\":\"https:\\\/\\\/secure.gravatar.com\\\/avatar\\\/ae2f4d718e6c49043e314ce431e7e645d646302a24a5ef5a8bc8e3f5a032e319?s=96&d=mm&r=g\",\"url\":\"https:\\\/\\\/secure.gravatar.com\\\/avatar\\\/ae2f4d718e6c49043e314ce431e7e645d646302a24a5ef5a8bc8e3f5a032e319?s=96&d=mm&r=g\",\"contentUrl\":\"https:\\\/\\\/secure.gravatar.com\\\/avatar\\\/ae2f4d718e6c49043e314ce431e7e645d646302a24a5ef5a8bc8e3f5a032e319?s=96&d=mm&r=g\",\"caption\":\"Redaktion\"},\"sameAs\":[\"http:\\\/\\\/develop.organisator.galledia.ch\"],\"url\":\"https:\\\/\\\/www.immobilienbusiness.ch\\\/it\\\/author\\\/admin\\\/\"}]}<\/script>\n<!-- \/ Yoast SEO plugin. -->","yoast_head_json":{"title":"Horgen: Mobimo-Projekt \u00abSeehallen\u00bb kommt voran - IMMOBILIEN Business","description":"Mobimo plant in Horgen ein Dienstleistungs- und Gewerbezentrum, die \u00abSeehallen Horgen\u00bb. Die entsprechende Ausschreibung liegt dem Bauamt Hor\u00adgen auf.","robots":{"index":"index","follow":"follow","max-snippet":"max-snippet:-1","max-image-preview":"max-image-preview:large","max-video-preview":"max-video-preview:-1"},"canonical":"https:\/\/www.immobilienbusiness.ch\/it\/regionen\/2016-08-16\/horgen-mobimo-projekt-seehallen-kommt-voran\/","og_locale":"it_IT","og_type":"article","og_title":"Horgen: Mobimo-Projekt \u00abSeehallen\u00bb kommt voran","og_description":"Mobimo plant in Horgen in der ehemaligen Grob-Fabrik ein Dienstleistungs- und Gewerbezentrum, die \u00abSeehallen Horgen\u00bb. Derzeit liegt die entsprechende Ausschreibung auf dem Bauamt Hor\u00adgen auf, in wenigen Wochen soll die Baugenehmigung erteilt werden.","og_url":"https:\/\/www.immobilienbusiness.ch\/it\/regionen\/2016-08-16\/horgen-mobimo-projekt-seehallen-kommt-voran\/","og_site_name":"IMMOBILIEN Business","article_publisher":"https:\/\/www.facebook.com\/immobilienbusiness\/","article_published_time":"2016-08-16T06:29:56+00:00","author":"Redaktion","twitter_card":"summary_large_image","twitter_image":"https:\/\/www.immobilienbusiness.ch\/wp-content\/uploads\/2016\/12\/Horgen-Mobimo-Projekt-Seehallen-kommt-voran-immobilien-business.jpg","schema":{"@context":"https:\/\/schema.org","@graph":[{"@type":"Article","@id":"https:\/\/www.immobilienbusiness.ch\/regionen\/2016-08-16\/horgen-mobimo-projekt-seehallen-kommt-voran\/#article","isPartOf":{"@id":"https:\/\/www.immobilienbusiness.ch\/regionen\/2016-08-16\/horgen-mobimo-projekt-seehallen-kommt-voran\/"},"author":{"name":"Redaktion","@id":"https:\/\/www.immobilienbusiness.ch\/#\/schema\/person\/aa2bace6c5c5aad60102004a50c4eb1c"},"headline":"Horgen: Mobimo-Projekt \u00abSeehallen\u00bb kommt voran","datePublished":"2016-08-16T06:29:56+00:00","mainEntityOfPage":{"@id":"https:\/\/www.immobilienbusiness.ch\/regionen\/2016-08-16\/horgen-mobimo-projekt-seehallen-kommt-voran\/"},"wordCount":184,"commentCount":0,"publisher":{"@id":"https:\/\/www.immobilienbusiness.ch\/#organization"},"image":{"@id":"https:\/\/www.immobilienbusiness.ch\/regionen\/2016-08-16\/horgen-mobimo-projekt-seehallen-kommt-voran\/#primaryimage"},"thumbnailUrl":"https:\/\/www.immobilienbusiness.ch\/wp-content\/uploads\/2016\/12\/Horgen-Mobimo-Projekt-Seehallen-kommt-voran-immobilien-business.jpg","keywords":["Projektentwicklung","Regionen","Z\u00fcrich"],"articleSection":["REGIONEN"],"inLanguage":"it-IT"},{"@type":"WebPage","@id":"https:\/\/www.immobilienbusiness.ch\/regionen\/2016-08-16\/horgen-mobimo-projekt-seehallen-kommt-voran\/","url":"https:\/\/www.immobilienbusiness.ch\/regionen\/2016-08-16\/horgen-mobimo-projekt-seehallen-kommt-voran\/","name":"Horgen: Mobimo-Projekt \u00abSeehallen\u00bb kommt voran - IMMOBILIEN Business","isPartOf":{"@id":"https:\/\/www.immobilienbusiness.ch\/#website"},"primaryImageOfPage":{"@id":"https:\/\/www.immobilienbusiness.ch\/regionen\/2016-08-16\/horgen-mobimo-projekt-seehallen-kommt-voran\/#primaryimage"},"image":{"@id":"https:\/\/www.immobilienbusiness.ch\/regionen\/2016-08-16\/horgen-mobimo-projekt-seehallen-kommt-voran\/#primaryimage"},"thumbnailUrl":"https:\/\/www.immobilienbusiness.ch\/wp-content\/uploads\/2016\/12\/Horgen-Mobimo-Projekt-Seehallen-kommt-voran-immobilien-business.jpg","datePublished":"2016-08-16T06:29:56+00:00","description":"Mobimo plant in Horgen ein Dienstleistungs- und Gewerbezentrum, die \u00abSeehallen Horgen\u00bb. Die entsprechende Ausschreibung liegt dem Bauamt Hor\u00adgen auf.","breadcrumb":{"@id":"https:\/\/www.immobilienbusiness.ch\/regionen\/2016-08-16\/horgen-mobimo-projekt-seehallen-kommt-voran\/#breadcrumb"},"inLanguage":"it-IT","potentialAction":[{"@type":"ReadAction","target":["https:\/\/www.immobilienbusiness.ch\/regionen\/2016-08-16\/horgen-mobimo-projekt-seehallen-kommt-voran\/"]}]},{"@type":"ImageObject","inLanguage":"it-IT","@id":"https:\/\/www.immobilienbusiness.ch\/regionen\/2016-08-16\/horgen-mobimo-projekt-seehallen-kommt-voran\/#primaryimage","url":"https:\/\/www.immobilienbusiness.ch\/wp-content\/uploads\/2016\/12\/Horgen-Mobimo-Projekt-Seehallen-kommt-voran-immobilien-business.jpg","contentUrl":"https:\/\/www.immobilienbusiness.ch\/wp-content\/uploads\/2016\/12\/Horgen-Mobimo-Projekt-Seehallen-kommt-voran-immobilien-business.jpg","width":1024,"height":683,"caption":"Mobimo plant in Horgen ein Gewerbezentrum (Foto: \u00a9 Roland Fischer, Z\u00fcrich (Switzerland), via Wikimedia Commons)"},{"@type":"BreadcrumbList","@id":"https:\/\/www.immobilienbusiness.ch\/regionen\/2016-08-16\/horgen-mobimo-projekt-seehallen-kommt-voran\/#breadcrumb","itemListElement":[{"@type":"ListItem","position":1,"name":"Home","item":"https:\/\/www.immobilienbusiness.ch\/"},{"@type":"ListItem","position":2,"name":"Horgen: Mobimo-Projekt \u00abSeehallen\u00bb kommt voran"}]},{"@type":"WebSite","@id":"https:\/\/www.immobilienbusiness.ch\/#website","url":"https:\/\/www.immobilienbusiness.ch\/","name":"Affari immobiliari","description":"Rivista economica indipendente svizzera che si concentra sul settore immobiliare, l'architettura e la costruzione, nonch\u00e9 sugli investimenti e i finanziamenti.","publisher":{"@id":"https:\/\/www.immobilienbusiness.ch\/#organization"},"potentialAction":[{"@type":"SearchAction","target":{"@type":"EntryPoint","urlTemplate":"https:\/\/www.immobilienbusiness.ch\/?s={search_term_string}"},"query-input":{"@type":"PropertyValueSpecification","valueRequired":true,"valueName":"search_term_string"}}],"inLanguage":"it-IT"},{"@type":"Organization","@id":"https:\/\/www.immobilienbusiness.ch\/#organization","name":"Affari immobiliari","url":"https:\/\/www.immobilienbusiness.ch\/","logo":{"@type":"ImageObject","inLanguage":"it-IT","@id":"https:\/\/www.immobilienbusiness.ch\/#\/schema\/logo\/image\/","url":"https:\/\/www.immobilienbusiness.ch\/wp-content\/uploads\/2021\/07\/logo_ib.png","contentUrl":"https:\/\/www.immobilienbusiness.ch\/wp-content\/uploads\/2021\/07\/logo_ib.png","width":800,"height":181,"caption":"IMMOBILIEN Business"},"image":{"@id":"https:\/\/www.immobilienbusiness.ch\/#\/schema\/logo\/image\/"},"sameAs":["https:\/\/www.facebook.com\/immobilienbusiness\/"]},{"@type":"Person","@id":"https:\/\/www.immobilienbusiness.ch\/#\/schema\/person\/aa2bace6c5c5aad60102004a50c4eb1c","name":"Editoriale","image":{"@type":"ImageObject","inLanguage":"it-IT","@id":"https:\/\/secure.gravatar.com\/avatar\/ae2f4d718e6c49043e314ce431e7e645d646302a24a5ef5a8bc8e3f5a032e319?s=96&d=mm&r=g","url":"https:\/\/secure.gravatar.com\/avatar\/ae2f4d718e6c49043e314ce431e7e645d646302a24a5ef5a8bc8e3f5a032e319?s=96&d=mm&r=g","contentUrl":"https:\/\/secure.gravatar.com\/avatar\/ae2f4d718e6c49043e314ce431e7e645d646302a24a5ef5a8bc8e3f5a032e319?s=96&d=mm&r=g","caption":"Redaktion"},"sameAs":["http:\/\/develop.organisator.galledia.ch"],"url":"https:\/\/www.immobilienbusiness.ch\/it\/author\/admin\/"}]}},"_links":{"self":[{"href":"https:\/\/www.immobilienbusiness.ch\/it\/wp-json\/wp\/v2\/posts\/3537","targetHints":{"allow":["GET"]}}],"collection":[{"href":"https:\/\/www.immobilienbusiness.ch\/it\/wp-json\/wp\/v2\/posts"}],"about":[{"href":"https:\/\/www.immobilienbusiness.ch\/it\/wp-json\/wp\/v2\/types\/post"}],"author":[{"embeddable":true,"href":"https:\/\/www.immobilienbusiness.ch\/it\/wp-json\/wp\/v2\/users\/1"}],"replies":[{"embeddable":true,"href":"https:\/\/www.immobilienbusiness.ch\/it\/wp-json\/wp\/v2\/comments?post=3537"}],"version-history":[{"count":0,"href":"https:\/\/www.immobilienbusiness.ch\/it\/wp-json\/wp\/v2\/posts\/3537\/revisions"}],"wp:featuredmedia":[{"embeddable":true,"href":"https:\/\/www.immobilienbusiness.ch\/it\/wp-json\/wp\/v2\/media\/3539"}],"wp:attachment":[{"href":"https:\/\/www.immobilienbusiness.ch\/it\/wp-json\/wp\/v2\/media?parent=3537"}],"wp:term":[{"taxonomy":"category","embeddable":true,"href":"https:\/\/www.immobilienbusiness.ch\/it\/wp-json\/wp\/v2\/categories?post=3537"},{"taxonomy":"post_tag","embeddable":true,"href":"https:\/\/www.immobilienbusiness.ch\/it\/wp-json\/wp\/v2\/tags?post=3537"}],"curies":[{"name":"wp","href":"https:\/\/api.w.org\/{rel}","templated":true}]}}