{"id":3469,"date":"2016-08-09T09:11:11","date_gmt":"2016-08-09T07:11:11","guid":{"rendered":"http:\/\/dev.immobilienbusiness.ch\/?p=3469"},"modified":"2016-08-09T09:11:11","modified_gmt":"2016-08-09T07:11:11","slug":"moevenpick-olivier-chavy-wird-neuer-ceo","status":"publish","type":"post","link":"https:\/\/www.immobilienbusiness.ch\/it\/allgemein\/2016-08-09\/moevenpick-olivier-chavy-wird-neuer-ceo\/","title":{"rendered":"M\u00f6venpick: Olivier Chavy diventa il nuovo CEO"},"content":{"rendered":"<figure id=\"attachment_3470\" aria-describedby=\"caption-attachment-3470\" style=\"width: 680px\" class=\"wp-caption alignnone\"><img loading=\"lazy\" decoding=\"async\" class=\"size-medium wp-image-3470\" src=\"https:\/\/immobilienbusiness.ch\/wp-content\/uploads\/2016\/12\/M\u00f6venpick-Olivier-Chavy-wird-neuer-CEO-immobilien-business.jpg\" alt=\"Das M\u00f6venpick-Hotel in Lausanne (Foto: \u00a9 M\u00f6venpick Hotels &amp; Resorts)\" width=\"680\" height=\"454\" \/><figcaption id=\"caption-attachment-3470\" class=\"wp-caption-text\">L'hotel M\u00f6venpick di Losanna (Foto: \u00a9 M\u00f6venpick Hotels &amp; Resorts)<\/figcaption><\/figure>\n<p>Chavy, 52 anni, ha 28 anni di esperienza nell'industria dell'ospitalit\u00e0, incluso il ruolo di International Head, Global Brand Performance of Luxury &amp; Lifestyle Brands per Hilton Worldwide. Attualmente \u00e8 presidente e amministratore delegato della Wilson Associates, uno studio di architettura d'interni e design.<\/p>\n<p>Chavy ha un master in amministrazione aziendale, un diploma della ESSEC Business School e una laurea in gestione alberghiera. Ha la cittadinanza americana e francese.<\/p>\n<p>Il suo predecessore in MH&amp;R, Jean-Gabriel P\u00e9r\u00e8s, aveva gi\u00e0 annunciato all'inizio dell'anno che avrebbe lasciato il suo ruolo di CEO. Ha lavorato per l'azienda per 17 anni. (ah)<\/p>","protected":false},"excerpt":{"rendered":"<p>Olivier Chavy wird neuer CEO der M\u00f6venpick Hotels &#038; Resorts. Er \u00fcbernimmt im September 2016 von Jean-Gabriel P\u00e9r\u00e8s.<\/p>","protected":false},"author":1,"featured_media":3470,"comment_status":"open","ping_status":"open","sticky":false,"template":"","format":"standard","meta":{"_acf_changed":false,"_yoast_wpseo_focuskw":"Olivier Chavy","_yoast_wpseo_title":"","_yoast_wpseo_metadesc":"Olivier Chavy wird neuer CEO der M\u00f6venpick Hotels & Resorts. Derzeit ist er Pr\u00e4sident und Chief Executive Officer von Wilson Associates.","_yoast_wpseo_linkdex":59,"pgc_sgb_lightbox_settings":"","footnotes":""},"categories":[1],"tags":[1563],"class_list":["post-3469","post","type-post","status-publish","format-standard","has-post-thumbnail","hentry","category-allgemein","tag-personalia"],"acf":[],"yoast_head":"<!-- This site is optimized with the Yoast SEO plugin v27.5 - https:\/\/yoast.com\/product\/yoast-seo-wordpress\/ -->\n<title>M\u00f6venpick: Olivier Chavy wird neuer CEO - IMMOBILIEN Business<\/title>\n<meta name=\"description\" content=\"Olivier Chavy wird neuer CEO der M\u00f6venpick Hotels &amp; Resorts. Derzeit ist er Pr\u00e4sident und Chief Executive Officer von Wilson Associates.\" \/>\n<meta name=\"robots\" content=\"index, follow, max-snippet:-1, max-image-preview:large, max-video-preview:-1\" \/>\n<link rel=\"canonical\" href=\"https:\/\/www.immobilienbusiness.ch\/it\/allgemein\/2016-08-09\/moevenpick-olivier-chavy-wird-neuer-ceo\/\" \/>\n<meta property=\"og:locale\" content=\"it_IT\" \/>\n<meta property=\"og:type\" content=\"article\" \/>\n<meta property=\"og:title\" content=\"M\u00f6venpick: Olivier Chavy wird neuer CEO\" \/>\n<meta property=\"og:description\" content=\"Olivier Chavy wird neuer CEO der M\u00f6venpick Hotels &amp; Resorts. Er \u00fcbernimmt im September 2016 von Jean-Gabriel P\u00e9r\u00e8s.\" \/>\n<meta property=\"og:url\" content=\"https:\/\/www.immobilienbusiness.ch\/it\/allgemein\/2016-08-09\/moevenpick-olivier-chavy-wird-neuer-ceo\/\" \/>\n<meta property=\"og:site_name\" content=\"IMMOBILIEN Business\" \/>\n<meta property=\"article:publisher\" content=\"https:\/\/www.facebook.com\/immobilienbusiness\/\" \/>\n<meta property=\"article:published_time\" content=\"2016-08-09T07:11:11+00:00\" \/>\n<meta name=\"author\" content=\"Redaktion\" \/>\n<meta name=\"twitter:card\" content=\"summary_large_image\" \/>\n<meta name=\"twitter:image\" content=\"https:\/\/www.immobilienbusiness.ch\/wp-content\/uploads\/2016\/12\/Moevenpick-Olivier-Chavy-wird-neuer-CEO-immobilien-business.jpg\" \/>\n<script type=\"application\/ld+json\" class=\"yoast-schema-graph\">{\"@context\":\"https:\\\/\\\/schema.org\",\"@graph\":[{\"@type\":\"Article\",\"@id\":\"https:\\\/\\\/www.immobilienbusiness.ch\\\/en\\\/allgemein\\\/2016-08-09\\\/moevenpick-olivier-chavy-wird-neuer-ceo\\\/#article\",\"isPartOf\":{\"@id\":\"https:\\\/\\\/www.immobilienbusiness.ch\\\/en\\\/allgemein\\\/2016-08-09\\\/moevenpick-olivier-chavy-wird-neuer-ceo\\\/\"},\"author\":{\"name\":\"Redaktion\",\"@id\":\"https:\\\/\\\/www.immobilienbusiness.ch\\\/#\\\/schema\\\/person\\\/aa2bace6c5c5aad60102004a50c4eb1c\"},\"headline\":\"M\u00f6venpick: Olivier Chavy wird neuer CEO\",\"datePublished\":\"2016-08-09T07:11:11+00:00\",\"mainEntityOfPage\":{\"@id\":\"https:\\\/\\\/www.immobilienbusiness.ch\\\/en\\\/allgemein\\\/2016-08-09\\\/moevenpick-olivier-chavy-wird-neuer-ceo\\\/\"},\"wordCount\":133,\"commentCount\":0,\"publisher\":{\"@id\":\"https:\\\/\\\/www.immobilienbusiness.ch\\\/#organization\"},\"image\":{\"@id\":\"https:\\\/\\\/www.immobilienbusiness.ch\\\/en\\\/allgemein\\\/2016-08-09\\\/moevenpick-olivier-chavy-wird-neuer-ceo\\\/#primaryimage\"},\"thumbnailUrl\":\"https:\\\/\\\/www.immobilienbusiness.ch\\\/wp-content\\\/uploads\\\/2016\\\/12\\\/Moevenpick-Olivier-Chavy-wird-neuer-CEO-immobilien-business.jpg\",\"keywords\":[\"Personalia\"],\"articleSection\":[\"Allgemein\"],\"inLanguage\":\"it-IT\"},{\"@type\":\"WebPage\",\"@id\":\"https:\\\/\\\/www.immobilienbusiness.ch\\\/en\\\/allgemein\\\/2016-08-09\\\/moevenpick-olivier-chavy-wird-neuer-ceo\\\/\",\"url\":\"https:\\\/\\\/www.immobilienbusiness.ch\\\/en\\\/allgemein\\\/2016-08-09\\\/moevenpick-olivier-chavy-wird-neuer-ceo\\\/\",\"name\":\"M\u00f6venpick: Olivier Chavy wird neuer CEO - IMMOBILIEN Business\",\"isPartOf\":{\"@id\":\"https:\\\/\\\/www.immobilienbusiness.ch\\\/#website\"},\"primaryImageOfPage\":{\"@id\":\"https:\\\/\\\/www.immobilienbusiness.ch\\\/en\\\/allgemein\\\/2016-08-09\\\/moevenpick-olivier-chavy-wird-neuer-ceo\\\/#primaryimage\"},\"image\":{\"@id\":\"https:\\\/\\\/www.immobilienbusiness.ch\\\/en\\\/allgemein\\\/2016-08-09\\\/moevenpick-olivier-chavy-wird-neuer-ceo\\\/#primaryimage\"},\"thumbnailUrl\":\"https:\\\/\\\/www.immobilienbusiness.ch\\\/wp-content\\\/uploads\\\/2016\\\/12\\\/Moevenpick-Olivier-Chavy-wird-neuer-CEO-immobilien-business.jpg\",\"datePublished\":\"2016-08-09T07:11:11+00:00\",\"description\":\"Olivier Chavy wird neuer CEO der M\u00f6venpick Hotels & Resorts. Derzeit ist er Pr\u00e4sident und Chief Executive Officer von Wilson Associates.\",\"breadcrumb\":{\"@id\":\"https:\\\/\\\/www.immobilienbusiness.ch\\\/en\\\/allgemein\\\/2016-08-09\\\/moevenpick-olivier-chavy-wird-neuer-ceo\\\/#breadcrumb\"},\"inLanguage\":\"it-IT\",\"potentialAction\":[{\"@type\":\"ReadAction\",\"target\":[\"https:\\\/\\\/www.immobilienbusiness.ch\\\/en\\\/allgemein\\\/2016-08-09\\\/moevenpick-olivier-chavy-wird-neuer-ceo\\\/\"]}]},{\"@type\":\"ImageObject\",\"inLanguage\":\"it-IT\",\"@id\":\"https:\\\/\\\/www.immobilienbusiness.ch\\\/en\\\/allgemein\\\/2016-08-09\\\/moevenpick-olivier-chavy-wird-neuer-ceo\\\/#primaryimage\",\"url\":\"https:\\\/\\\/www.immobilienbusiness.ch\\\/wp-content\\\/uploads\\\/2016\\\/12\\\/Moevenpick-Olivier-Chavy-wird-neuer-CEO-immobilien-business.jpg\",\"contentUrl\":\"https:\\\/\\\/www.immobilienbusiness.ch\\\/wp-content\\\/uploads\\\/2016\\\/12\\\/Moevenpick-Olivier-Chavy-wird-neuer-CEO-immobilien-business.jpg\",\"width\":1348,\"height\":899,\"caption\":\"Das M\u00f6venpick-Hotel in Lausanne (Foto: \u00a9 M\u00f6venpick Hotels & Resorts)\"},{\"@type\":\"BreadcrumbList\",\"@id\":\"https:\\\/\\\/www.immobilienbusiness.ch\\\/en\\\/allgemein\\\/2016-08-09\\\/moevenpick-olivier-chavy-wird-neuer-ceo\\\/#breadcrumb\",\"itemListElement\":[{\"@type\":\"ListItem\",\"position\":1,\"name\":\"Home\",\"item\":\"https:\\\/\\\/www.immobilienbusiness.ch\\\/\"},{\"@type\":\"ListItem\",\"position\":2,\"name\":\"M\u00f6venpick: Olivier Chavy wird neuer CEO\"}]},{\"@type\":\"WebSite\",\"@id\":\"https:\\\/\\\/www.immobilienbusiness.ch\\\/#website\",\"url\":\"https:\\\/\\\/www.immobilienbusiness.ch\\\/\",\"name\":\"IMMOBILIEN Business\",\"description\":\"Unabh\u00e4ngiges Schweizer Wirtschaftsmagazin mit Fokus auf Immobilien, Architektur- und Bau sowie Investment- und Finanzierung.\",\"publisher\":{\"@id\":\"https:\\\/\\\/www.immobilienbusiness.ch\\\/#organization\"},\"potentialAction\":[{\"@type\":\"SearchAction\",\"target\":{\"@type\":\"EntryPoint\",\"urlTemplate\":\"https:\\\/\\\/www.immobilienbusiness.ch\\\/?s={search_term_string}\"},\"query-input\":{\"@type\":\"PropertyValueSpecification\",\"valueRequired\":true,\"valueName\":\"search_term_string\"}}],\"inLanguage\":\"it-IT\"},{\"@type\":\"Organization\",\"@id\":\"https:\\\/\\\/www.immobilienbusiness.ch\\\/#organization\",\"name\":\"IMMOBILIEN Business\",\"url\":\"https:\\\/\\\/www.immobilienbusiness.ch\\\/\",\"logo\":{\"@type\":\"ImageObject\",\"inLanguage\":\"it-IT\",\"@id\":\"https:\\\/\\\/www.immobilienbusiness.ch\\\/#\\\/schema\\\/logo\\\/image\\\/\",\"url\":\"https:\\\/\\\/www.immobilienbusiness.ch\\\/wp-content\\\/uploads\\\/2021\\\/07\\\/logo_ib.png\",\"contentUrl\":\"https:\\\/\\\/www.immobilienbusiness.ch\\\/wp-content\\\/uploads\\\/2021\\\/07\\\/logo_ib.png\",\"width\":800,\"height\":181,\"caption\":\"IMMOBILIEN Business\"},\"image\":{\"@id\":\"https:\\\/\\\/www.immobilienbusiness.ch\\\/#\\\/schema\\\/logo\\\/image\\\/\"},\"sameAs\":[\"https:\\\/\\\/www.facebook.com\\\/immobilienbusiness\\\/\"]},{\"@type\":\"Person\",\"@id\":\"https:\\\/\\\/www.immobilienbusiness.ch\\\/#\\\/schema\\\/person\\\/aa2bace6c5c5aad60102004a50c4eb1c\",\"name\":\"Redaktion\",\"image\":{\"@type\":\"ImageObject\",\"inLanguage\":\"it-IT\",\"@id\":\"https:\\\/\\\/secure.gravatar.com\\\/avatar\\\/ae2f4d718e6c49043e314ce431e7e645d646302a24a5ef5a8bc8e3f5a032e319?s=96&d=mm&r=g\",\"url\":\"https:\\\/\\\/secure.gravatar.com\\\/avatar\\\/ae2f4d718e6c49043e314ce431e7e645d646302a24a5ef5a8bc8e3f5a032e319?s=96&d=mm&r=g\",\"contentUrl\":\"https:\\\/\\\/secure.gravatar.com\\\/avatar\\\/ae2f4d718e6c49043e314ce431e7e645d646302a24a5ef5a8bc8e3f5a032e319?s=96&d=mm&r=g\",\"caption\":\"Redaktion\"},\"sameAs\":[\"http:\\\/\\\/develop.organisator.galledia.ch\"],\"url\":\"https:\\\/\\\/www.immobilienbusiness.ch\\\/it\\\/author\\\/admin\\\/\"}]}<\/script>\n<!-- \/ Yoast SEO plugin. -->","yoast_head_json":{"title":"M\u00f6venpick: Olivier Chavy wird neuer CEO - IMMOBILIEN Business","description":"Olivier Chavy wird neuer CEO der M\u00f6venpick Hotels & Resorts. Derzeit ist er Pr\u00e4sident und Chief Executive Officer von Wilson Associates.","robots":{"index":"index","follow":"follow","max-snippet":"max-snippet:-1","max-image-preview":"max-image-preview:large","max-video-preview":"max-video-preview:-1"},"canonical":"https:\/\/www.immobilienbusiness.ch\/it\/allgemein\/2016-08-09\/moevenpick-olivier-chavy-wird-neuer-ceo\/","og_locale":"it_IT","og_type":"article","og_title":"M\u00f6venpick: Olivier Chavy wird neuer CEO","og_description":"Olivier Chavy wird neuer CEO der M\u00f6venpick Hotels & Resorts. Er \u00fcbernimmt im September 2016 von Jean-Gabriel P\u00e9r\u00e8s.","og_url":"https:\/\/www.immobilienbusiness.ch\/it\/allgemein\/2016-08-09\/moevenpick-olivier-chavy-wird-neuer-ceo\/","og_site_name":"IMMOBILIEN Business","article_publisher":"https:\/\/www.facebook.com\/immobilienbusiness\/","article_published_time":"2016-08-09T07:11:11+00:00","author":"Redaktion","twitter_card":"summary_large_image","twitter_image":"https:\/\/www.immobilienbusiness.ch\/wp-content\/uploads\/2016\/12\/Moevenpick-Olivier-Chavy-wird-neuer-CEO-immobilien-business.jpg","schema":{"@context":"https:\/\/schema.org","@graph":[{"@type":"Article","@id":"https:\/\/www.immobilienbusiness.ch\/en\/allgemein\/2016-08-09\/moevenpick-olivier-chavy-wird-neuer-ceo\/#article","isPartOf":{"@id":"https:\/\/www.immobilienbusiness.ch\/en\/allgemein\/2016-08-09\/moevenpick-olivier-chavy-wird-neuer-ceo\/"},"author":{"name":"Redaktion","@id":"https:\/\/www.immobilienbusiness.ch\/#\/schema\/person\/aa2bace6c5c5aad60102004a50c4eb1c"},"headline":"M\u00f6venpick: Olivier Chavy wird neuer CEO","datePublished":"2016-08-09T07:11:11+00:00","mainEntityOfPage":{"@id":"https:\/\/www.immobilienbusiness.ch\/en\/allgemein\/2016-08-09\/moevenpick-olivier-chavy-wird-neuer-ceo\/"},"wordCount":133,"commentCount":0,"publisher":{"@id":"https:\/\/www.immobilienbusiness.ch\/#organization"},"image":{"@id":"https:\/\/www.immobilienbusiness.ch\/en\/allgemein\/2016-08-09\/moevenpick-olivier-chavy-wird-neuer-ceo\/#primaryimage"},"thumbnailUrl":"https:\/\/www.immobilienbusiness.ch\/wp-content\/uploads\/2016\/12\/Moevenpick-Olivier-Chavy-wird-neuer-CEO-immobilien-business.jpg","keywords":["Personalia"],"articleSection":["Allgemein"],"inLanguage":"it-IT"},{"@type":"WebPage","@id":"https:\/\/www.immobilienbusiness.ch\/en\/allgemein\/2016-08-09\/moevenpick-olivier-chavy-wird-neuer-ceo\/","url":"https:\/\/www.immobilienbusiness.ch\/en\/allgemein\/2016-08-09\/moevenpick-olivier-chavy-wird-neuer-ceo\/","name":"M\u00f6venpick: Olivier Chavy wird neuer CEO - IMMOBILIEN Business","isPartOf":{"@id":"https:\/\/www.immobilienbusiness.ch\/#website"},"primaryImageOfPage":{"@id":"https:\/\/www.immobilienbusiness.ch\/en\/allgemein\/2016-08-09\/moevenpick-olivier-chavy-wird-neuer-ceo\/#primaryimage"},"image":{"@id":"https:\/\/www.immobilienbusiness.ch\/en\/allgemein\/2016-08-09\/moevenpick-olivier-chavy-wird-neuer-ceo\/#primaryimage"},"thumbnailUrl":"https:\/\/www.immobilienbusiness.ch\/wp-content\/uploads\/2016\/12\/Moevenpick-Olivier-Chavy-wird-neuer-CEO-immobilien-business.jpg","datePublished":"2016-08-09T07:11:11+00:00","description":"Olivier Chavy wird neuer CEO der M\u00f6venpick Hotels & Resorts. Derzeit ist er Pr\u00e4sident und Chief Executive Officer von Wilson Associates.","breadcrumb":{"@id":"https:\/\/www.immobilienbusiness.ch\/en\/allgemein\/2016-08-09\/moevenpick-olivier-chavy-wird-neuer-ceo\/#breadcrumb"},"inLanguage":"it-IT","potentialAction":[{"@type":"ReadAction","target":["https:\/\/www.immobilienbusiness.ch\/en\/allgemein\/2016-08-09\/moevenpick-olivier-chavy-wird-neuer-ceo\/"]}]},{"@type":"ImageObject","inLanguage":"it-IT","@id":"https:\/\/www.immobilienbusiness.ch\/en\/allgemein\/2016-08-09\/moevenpick-olivier-chavy-wird-neuer-ceo\/#primaryimage","url":"https:\/\/www.immobilienbusiness.ch\/wp-content\/uploads\/2016\/12\/Moevenpick-Olivier-Chavy-wird-neuer-CEO-immobilien-business.jpg","contentUrl":"https:\/\/www.immobilienbusiness.ch\/wp-content\/uploads\/2016\/12\/Moevenpick-Olivier-Chavy-wird-neuer-CEO-immobilien-business.jpg","width":1348,"height":899,"caption":"Das M\u00f6venpick-Hotel in Lausanne (Foto: \u00a9 M\u00f6venpick Hotels & Resorts)"},{"@type":"BreadcrumbList","@id":"https:\/\/www.immobilienbusiness.ch\/en\/allgemein\/2016-08-09\/moevenpick-olivier-chavy-wird-neuer-ceo\/#breadcrumb","itemListElement":[{"@type":"ListItem","position":1,"name":"Home","item":"https:\/\/www.immobilienbusiness.ch\/"},{"@type":"ListItem","position":2,"name":"M\u00f6venpick: Olivier Chavy wird neuer CEO"}]},{"@type":"WebSite","@id":"https:\/\/www.immobilienbusiness.ch\/#website","url":"https:\/\/www.immobilienbusiness.ch\/","name":"Affari immobiliari","description":"Rivista economica indipendente svizzera che si concentra sul settore immobiliare, l'architettura e la costruzione, nonch\u00e9 sugli investimenti e i finanziamenti.","publisher":{"@id":"https:\/\/www.immobilienbusiness.ch\/#organization"},"potentialAction":[{"@type":"SearchAction","target":{"@type":"EntryPoint","urlTemplate":"https:\/\/www.immobilienbusiness.ch\/?s={search_term_string}"},"query-input":{"@type":"PropertyValueSpecification","valueRequired":true,"valueName":"search_term_string"}}],"inLanguage":"it-IT"},{"@type":"Organization","@id":"https:\/\/www.immobilienbusiness.ch\/#organization","name":"Affari immobiliari","url":"https:\/\/www.immobilienbusiness.ch\/","logo":{"@type":"ImageObject","inLanguage":"it-IT","@id":"https:\/\/www.immobilienbusiness.ch\/#\/schema\/logo\/image\/","url":"https:\/\/www.immobilienbusiness.ch\/wp-content\/uploads\/2021\/07\/logo_ib.png","contentUrl":"https:\/\/www.immobilienbusiness.ch\/wp-content\/uploads\/2021\/07\/logo_ib.png","width":800,"height":181,"caption":"IMMOBILIEN Business"},"image":{"@id":"https:\/\/www.immobilienbusiness.ch\/#\/schema\/logo\/image\/"},"sameAs":["https:\/\/www.facebook.com\/immobilienbusiness\/"]},{"@type":"Person","@id":"https:\/\/www.immobilienbusiness.ch\/#\/schema\/person\/aa2bace6c5c5aad60102004a50c4eb1c","name":"Editoriale","image":{"@type":"ImageObject","inLanguage":"it-IT","@id":"https:\/\/secure.gravatar.com\/avatar\/ae2f4d718e6c49043e314ce431e7e645d646302a24a5ef5a8bc8e3f5a032e319?s=96&d=mm&r=g","url":"https:\/\/secure.gravatar.com\/avatar\/ae2f4d718e6c49043e314ce431e7e645d646302a24a5ef5a8bc8e3f5a032e319?s=96&d=mm&r=g","contentUrl":"https:\/\/secure.gravatar.com\/avatar\/ae2f4d718e6c49043e314ce431e7e645d646302a24a5ef5a8bc8e3f5a032e319?s=96&d=mm&r=g","caption":"Redaktion"},"sameAs":["http:\/\/develop.organisator.galledia.ch"],"url":"https:\/\/www.immobilienbusiness.ch\/it\/author\/admin\/"}]}},"_links":{"self":[{"href":"https:\/\/www.immobilienbusiness.ch\/it\/wp-json\/wp\/v2\/posts\/3469","targetHints":{"allow":["GET"]}}],"collection":[{"href":"https:\/\/www.immobilienbusiness.ch\/it\/wp-json\/wp\/v2\/posts"}],"about":[{"href":"https:\/\/www.immobilienbusiness.ch\/it\/wp-json\/wp\/v2\/types\/post"}],"author":[{"embeddable":true,"href":"https:\/\/www.immobilienbusiness.ch\/it\/wp-json\/wp\/v2\/users\/1"}],"replies":[{"embeddable":true,"href":"https:\/\/www.immobilienbusiness.ch\/it\/wp-json\/wp\/v2\/comments?post=3469"}],"version-history":[{"count":0,"href":"https:\/\/www.immobilienbusiness.ch\/it\/wp-json\/wp\/v2\/posts\/3469\/revisions"}],"wp:featuredmedia":[{"embeddable":true,"href":"https:\/\/www.immobilienbusiness.ch\/it\/wp-json\/wp\/v2\/media\/3470"}],"wp:attachment":[{"href":"https:\/\/www.immobilienbusiness.ch\/it\/wp-json\/wp\/v2\/media?parent=3469"}],"wp:term":[{"taxonomy":"category","embeddable":true,"href":"https:\/\/www.immobilienbusiness.ch\/it\/wp-json\/wp\/v2\/categories?post=3469"},{"taxonomy":"post_tag","embeddable":true,"href":"https:\/\/www.immobilienbusiness.ch\/it\/wp-json\/wp\/v2\/tags?post=3469"}],"curies":[{"name":"wp","href":"https:\/\/api.w.org\/{rel}","templated":true}]}}