{"id":3458,"date":"2016-08-08T08:59:33","date_gmt":"2016-08-08T06:59:33","guid":{"rendered":"http:\/\/dev.immobilienbusiness.ch\/?p=3458"},"modified":"2016-08-08T08:59:33","modified_gmt":"2016-08-08T06:59:33","slug":"zuerich-mehr-einwohner-durch-verdichtung","status":"publish","type":"post","link":"https:\/\/www.immobilienbusiness.ch\/it\/regionen\/2016-08-08\/zuerich-mehr-einwohner-durch-verdichtung\/","title":{"rendered":"Zurigo: pi\u00f9 abitanti grazie alla densificazione"},"content":{"rendered":"<figure id=\"attachment_3459\" aria-describedby=\"caption-attachment-3459\" style=\"width: 543px\" class=\"wp-caption alignnone\"><img loading=\"lazy\" decoding=\"async\" class=\"size-full wp-image-3459\" src=\"https:\/\/immobilienbusiness.ch\/wp-content\/uploads\/2016\/12\/Z\u00fcrich-Mehr-Einwohner-durch-Verdichtung-immobilien-business.jpg\" alt=\"Einwohnerentwicklung 2000\u20132015 im Geb\u00e4udebestand 2000 der Stadt Z\u00fcrich (Grafik: Stadt Z\u00fcrich)\" width=\"543\" height=\"361\" \/><figcaption id=\"caption-attachment-3459\" class=\"wp-caption-text\">Sviluppo della popolazione 2000-2015 nel patrimonio edilizio 2000 della citt\u00e0 di Zurigo (Grafico: Citt\u00e0 di Zurigo)<\/figcaption><\/figure>\n<p>L'entit\u00e0 della densificazione nei progetti di rinnovamento, il cosiddetto grado di densificazione, varia a seconda che si misuri il numero di appartamenti, lo spazio abitativo o il numero di residenti, scrive Statistik Stadt Z\u00fcrich in un comunicato stampa.<\/p>\n<p>Con il 22,8% (+625.000 mq), la superficie residenziale \u00e8 quella che \u00e8 cresciuta di pi\u00f9 nel periodo dal 2000 al 2015, mentre il numero di appartamenti \u00e8 cresciuto molto pi\u00f9 lentamente con il 7,9% (+3.040). Il grado di densificazione \u00e8 del 19 per cento (+13.500 residenti). Gli appartamenti stanno quindi diventando pi\u00f9 grandi nel corso dei rinnovi, ma l'occupazione non riesce a tenere il passo.<\/p>\n<p>Nell'ambito dei progetti di sostituzione degli alloggi, la superficie abitativa \u00e8 aumentata di 406.000 metri quadrati e il numero di abitanti \u00e8 cresciuto di 7.300 unit\u00e0. Per un abitante in pi\u00f9 era necessario l'equivalente di 55 metri quadrati di spazio abitativo.<\/p>\n<p>Secondo l'istituto di statistica, invece, la ristrutturazione di edifici esistenti porta a un diverso tipo di densificazione: per le 6.100 persone in pi\u00f9 negli edifici ristrutturati \u00e8 stato necessario creare un totale di soli 219.000 mq, ovvero 36 mq di spazio abitativo per persona. Questo \u00e8 possibile perch\u00e9 le ristrutturazioni complete di edifici esistenti spesso consentono di ottenere piani migliori per le famiglie pi\u00f9 numerose. Al contrario, le nuove sostituzioni consentono una maggiore densit\u00e0 edilizia, soprattutto su lotti di terreno sottoutilizzati, secondo la Statistik Stadt Z\u00fcrich.<\/p>\n<p>L'effetto di densificazione dovuto al rinnovamento edilizio si riflette in un numero crescente di residenti solo a partire dal 2005 (vedi grafico). Dal 2011 in poi, lo sviluppo \u00e8 diventato pi\u00f9 dinamico grazie alle numerose sostituzioni di abitazioni che sono state completate da allora. (ah)<\/p>","protected":false},"excerpt":{"rendered":"<p>Il rinnovamento edilizio della citt\u00e0 di Zurigo ha portato a una significativa densificazione nell'ultimo decennio, con un corrispondente aumento del numero di abitanti. Secondo la Statistik Stadt Z\u00fcrich, alla fine del 2015 circa 17.700 persone in pi\u00f9 vivevano nell'area della Citt\u00e0 della Limmat che era gi\u00e0 stata costruita con appartamenti nel 2000. Ci\u00f2 corrisponde al 36% della crescita della popolazione nel periodo corrispondente.<\/p>","protected":false},"author":1,"featured_media":3459,"comment_status":"open","ping_status":"open","sticky":false,"template":"","format":"standard","meta":{"_acf_changed":false,"_yoast_wpseo_focuskw":"Verdichtung","_yoast_wpseo_title":"","_yoast_wpseo_metadesc":"Die bauliche Erneuerung in der Stadt Z\u00fcrich hat im letzten Jahrzehnt zu einer deutlichen Verdichtung mit entsprechender Erh\u00f6hung der Einwohnerzahl gef\u00fchrt.","_yoast_wpseo_linkdex":81,"pgc_sgb_lightbox_settings":"","footnotes":""},"categories":[985,986],"tags":[1629,1639,1862,1888],"class_list":["post-3458","post","type-post","status-publish","format-standard","has-post-thumbnail","hentry","category-regionen","category-residential","tag-regionen","tag-residential","tag-wohnen","tag-zuerich"],"acf":[],"yoast_head":"<!-- This site is optimized with the Yoast SEO plugin v27.5 - https:\/\/yoast.com\/product\/yoast-seo-wordpress\/ -->\n<title>Z\u00fcrich: Mehr Einwohner durch Verdichtung - IMMOBILIEN Business<\/title>\n<meta name=\"description\" content=\"Die bauliche Erneuerung in der Stadt Z\u00fcrich hat im letzten Jahrzehnt zu einer deutlichen Verdichtung mit entsprechender Erh\u00f6hung der Einwohnerzahl gef\u00fchrt.\" \/>\n<meta name=\"robots\" content=\"index, follow, max-snippet:-1, max-image-preview:large, max-video-preview:-1\" \/>\n<link rel=\"canonical\" href=\"https:\/\/www.immobilienbusiness.ch\/it\/regionen\/2016-08-08\/zuerich-mehr-einwohner-durch-verdichtung\/\" \/>\n<meta property=\"og:locale\" content=\"it_IT\" \/>\n<meta property=\"og:type\" content=\"article\" \/>\n<meta property=\"og:title\" content=\"Z\u00fcrich: Mehr Einwohner durch Verdichtung\" \/>\n<meta property=\"og:description\" content=\"Die bauliche Erneuerung in der Stadt Z\u00fcrich hat im letzten Jahrzehnt zu einer deutlichen Verdichtung mit entsprechender Erh\u00f6hung der Einwohnerzahl gef\u00fchrt. Wie Statistik Stadt Z\u00fcrich mitteilt, lebten Ende 2015 auf dem bereits im Jahr 2000 mit Wohnungen bebauten Gebiet der Limmatstadt rund 17.700 zus\u00e4tzliche Personen. Das entspricht 36 Prozent des Bev\u00f6lkerungswachstums im entsprechenden Zeitraum.\" \/>\n<meta property=\"og:url\" content=\"https:\/\/www.immobilienbusiness.ch\/it\/regionen\/2016-08-08\/zuerich-mehr-einwohner-durch-verdichtung\/\" \/>\n<meta property=\"og:site_name\" content=\"IMMOBILIEN Business\" \/>\n<meta property=\"article:publisher\" content=\"https:\/\/www.facebook.com\/immobilienbusiness\/\" \/>\n<meta property=\"article:published_time\" content=\"2016-08-08T06:59:33+00:00\" \/>\n<meta name=\"author\" content=\"Redaktion\" \/>\n<meta name=\"twitter:card\" content=\"summary_large_image\" \/>\n<meta name=\"twitter:image\" content=\"https:\/\/www.immobilienbusiness.ch\/wp-content\/uploads\/2016\/12\/Zuerich-Mehr-Einwohner-durch-Verdichtung-immobilien-business.jpg\" \/>\n<script type=\"application\/ld+json\" class=\"yoast-schema-graph\">{\"@context\":\"https:\\\/\\\/schema.org\",\"@graph\":[{\"@type\":\"Article\",\"@id\":\"https:\\\/\\\/www.immobilienbusiness.ch\\\/regionen\\\/2016-08-08\\\/zuerich-mehr-einwohner-durch-verdichtung\\\/#article\",\"isPartOf\":{\"@id\":\"https:\\\/\\\/www.immobilienbusiness.ch\\\/regionen\\\/2016-08-08\\\/zuerich-mehr-einwohner-durch-verdichtung\\\/\"},\"author\":{\"name\":\"Redaktion\",\"@id\":\"https:\\\/\\\/www.immobilienbusiness.ch\\\/#\\\/schema\\\/person\\\/aa2bace6c5c5aad60102004a50c4eb1c\"},\"headline\":\"Z\u00fcrich: Mehr Einwohner durch Verdichtung\",\"datePublished\":\"2016-08-08T06:59:33+00:00\",\"mainEntityOfPage\":{\"@id\":\"https:\\\/\\\/www.immobilienbusiness.ch\\\/regionen\\\/2016-08-08\\\/zuerich-mehr-einwohner-durch-verdichtung\\\/\"},\"wordCount\":239,\"commentCount\":0,\"publisher\":{\"@id\":\"https:\\\/\\\/www.immobilienbusiness.ch\\\/#organization\"},\"image\":{\"@id\":\"https:\\\/\\\/www.immobilienbusiness.ch\\\/regionen\\\/2016-08-08\\\/zuerich-mehr-einwohner-durch-verdichtung\\\/#primaryimage\"},\"thumbnailUrl\":\"https:\\\/\\\/www.immobilienbusiness.ch\\\/wp-content\\\/uploads\\\/2016\\\/12\\\/Zuerich-Mehr-Einwohner-durch-Verdichtung-immobilien-business.jpg\",\"keywords\":[\"Regionen\",\"Residential\",\"Wohnen\",\"Z\u00fcrich\"],\"articleSection\":[\"REGIONEN\",\"RESIDENTIAL\"],\"inLanguage\":\"it-IT\"},{\"@type\":\"WebPage\",\"@id\":\"https:\\\/\\\/www.immobilienbusiness.ch\\\/regionen\\\/2016-08-08\\\/zuerich-mehr-einwohner-durch-verdichtung\\\/\",\"url\":\"https:\\\/\\\/www.immobilienbusiness.ch\\\/regionen\\\/2016-08-08\\\/zuerich-mehr-einwohner-durch-verdichtung\\\/\",\"name\":\"Z\u00fcrich: Mehr Einwohner durch Verdichtung - IMMOBILIEN Business\",\"isPartOf\":{\"@id\":\"https:\\\/\\\/www.immobilienbusiness.ch\\\/#website\"},\"primaryImageOfPage\":{\"@id\":\"https:\\\/\\\/www.immobilienbusiness.ch\\\/regionen\\\/2016-08-08\\\/zuerich-mehr-einwohner-durch-verdichtung\\\/#primaryimage\"},\"image\":{\"@id\":\"https:\\\/\\\/www.immobilienbusiness.ch\\\/regionen\\\/2016-08-08\\\/zuerich-mehr-einwohner-durch-verdichtung\\\/#primaryimage\"},\"thumbnailUrl\":\"https:\\\/\\\/www.immobilienbusiness.ch\\\/wp-content\\\/uploads\\\/2016\\\/12\\\/Zuerich-Mehr-Einwohner-durch-Verdichtung-immobilien-business.jpg\",\"datePublished\":\"2016-08-08T06:59:33+00:00\",\"description\":\"Die bauliche Erneuerung in der Stadt Z\u00fcrich hat im letzten Jahrzehnt zu einer deutlichen Verdichtung mit entsprechender Erh\u00f6hung der Einwohnerzahl gef\u00fchrt.\",\"breadcrumb\":{\"@id\":\"https:\\\/\\\/www.immobilienbusiness.ch\\\/regionen\\\/2016-08-08\\\/zuerich-mehr-einwohner-durch-verdichtung\\\/#breadcrumb\"},\"inLanguage\":\"it-IT\",\"potentialAction\":[{\"@type\":\"ReadAction\",\"target\":[\"https:\\\/\\\/www.immobilienbusiness.ch\\\/regionen\\\/2016-08-08\\\/zuerich-mehr-einwohner-durch-verdichtung\\\/\"]}]},{\"@type\":\"ImageObject\",\"inLanguage\":\"it-IT\",\"@id\":\"https:\\\/\\\/www.immobilienbusiness.ch\\\/regionen\\\/2016-08-08\\\/zuerich-mehr-einwohner-durch-verdichtung\\\/#primaryimage\",\"url\":\"https:\\\/\\\/www.immobilienbusiness.ch\\\/wp-content\\\/uploads\\\/2016\\\/12\\\/Zuerich-Mehr-Einwohner-durch-Verdichtung-immobilien-business.jpg\",\"contentUrl\":\"https:\\\/\\\/www.immobilienbusiness.ch\\\/wp-content\\\/uploads\\\/2016\\\/12\\\/Zuerich-Mehr-Einwohner-durch-Verdichtung-immobilien-business.jpg\",\"width\":543,\"height\":361,\"caption\":\"Einwohnerentwicklung 2000\u20132015 im Geb\u00e4udebestand 2000 der Stadt Z\u00fcrich (Grafik: Stadt Z\u00fcrich)\"},{\"@type\":\"BreadcrumbList\",\"@id\":\"https:\\\/\\\/www.immobilienbusiness.ch\\\/regionen\\\/2016-08-08\\\/zuerich-mehr-einwohner-durch-verdichtung\\\/#breadcrumb\",\"itemListElement\":[{\"@type\":\"ListItem\",\"position\":1,\"name\":\"Home\",\"item\":\"https:\\\/\\\/www.immobilienbusiness.ch\\\/\"},{\"@type\":\"ListItem\",\"position\":2,\"name\":\"Z\u00fcrich: Mehr Einwohner durch Verdichtung\"}]},{\"@type\":\"WebSite\",\"@id\":\"https:\\\/\\\/www.immobilienbusiness.ch\\\/#website\",\"url\":\"https:\\\/\\\/www.immobilienbusiness.ch\\\/\",\"name\":\"IMMOBILIEN Business\",\"description\":\"Unabh\u00e4ngiges Schweizer Wirtschaftsmagazin mit Fokus auf Immobilien, Architektur- und Bau sowie Investment- und Finanzierung.\",\"publisher\":{\"@id\":\"https:\\\/\\\/www.immobilienbusiness.ch\\\/#organization\"},\"potentialAction\":[{\"@type\":\"SearchAction\",\"target\":{\"@type\":\"EntryPoint\",\"urlTemplate\":\"https:\\\/\\\/www.immobilienbusiness.ch\\\/?s={search_term_string}\"},\"query-input\":{\"@type\":\"PropertyValueSpecification\",\"valueRequired\":true,\"valueName\":\"search_term_string\"}}],\"inLanguage\":\"it-IT\"},{\"@type\":\"Organization\",\"@id\":\"https:\\\/\\\/www.immobilienbusiness.ch\\\/#organization\",\"name\":\"IMMOBILIEN Business\",\"url\":\"https:\\\/\\\/www.immobilienbusiness.ch\\\/\",\"logo\":{\"@type\":\"ImageObject\",\"inLanguage\":\"it-IT\",\"@id\":\"https:\\\/\\\/www.immobilienbusiness.ch\\\/#\\\/schema\\\/logo\\\/image\\\/\",\"url\":\"https:\\\/\\\/www.immobilienbusiness.ch\\\/wp-content\\\/uploads\\\/2021\\\/07\\\/logo_ib.png\",\"contentUrl\":\"https:\\\/\\\/www.immobilienbusiness.ch\\\/wp-content\\\/uploads\\\/2021\\\/07\\\/logo_ib.png\",\"width\":800,\"height\":181,\"caption\":\"IMMOBILIEN Business\"},\"image\":{\"@id\":\"https:\\\/\\\/www.immobilienbusiness.ch\\\/#\\\/schema\\\/logo\\\/image\\\/\"},\"sameAs\":[\"https:\\\/\\\/www.facebook.com\\\/immobilienbusiness\\\/\"]},{\"@type\":\"Person\",\"@id\":\"https:\\\/\\\/www.immobilienbusiness.ch\\\/#\\\/schema\\\/person\\\/aa2bace6c5c5aad60102004a50c4eb1c\",\"name\":\"Redaktion\",\"image\":{\"@type\":\"ImageObject\",\"inLanguage\":\"it-IT\",\"@id\":\"https:\\\/\\\/secure.gravatar.com\\\/avatar\\\/ae2f4d718e6c49043e314ce431e7e645d646302a24a5ef5a8bc8e3f5a032e319?s=96&d=mm&r=g\",\"url\":\"https:\\\/\\\/secure.gravatar.com\\\/avatar\\\/ae2f4d718e6c49043e314ce431e7e645d646302a24a5ef5a8bc8e3f5a032e319?s=96&d=mm&r=g\",\"contentUrl\":\"https:\\\/\\\/secure.gravatar.com\\\/avatar\\\/ae2f4d718e6c49043e314ce431e7e645d646302a24a5ef5a8bc8e3f5a032e319?s=96&d=mm&r=g\",\"caption\":\"Redaktion\"},\"sameAs\":[\"http:\\\/\\\/develop.organisator.galledia.ch\"],\"url\":\"https:\\\/\\\/www.immobilienbusiness.ch\\\/it\\\/author\\\/admin\\\/\"}]}<\/script>\n<!-- \/ Yoast SEO plugin. -->","yoast_head_json":{"title":"Z\u00fcrich: Mehr Einwohner durch Verdichtung - IMMOBILIEN Business","description":"Die bauliche Erneuerung in der Stadt Z\u00fcrich hat im letzten Jahrzehnt zu einer deutlichen Verdichtung mit entsprechender Erh\u00f6hung der Einwohnerzahl gef\u00fchrt.","robots":{"index":"index","follow":"follow","max-snippet":"max-snippet:-1","max-image-preview":"max-image-preview:large","max-video-preview":"max-video-preview:-1"},"canonical":"https:\/\/www.immobilienbusiness.ch\/it\/regionen\/2016-08-08\/zuerich-mehr-einwohner-durch-verdichtung\/","og_locale":"it_IT","og_type":"article","og_title":"Z\u00fcrich: Mehr Einwohner durch Verdichtung","og_description":"Die bauliche Erneuerung in der Stadt Z\u00fcrich hat im letzten Jahrzehnt zu einer deutlichen Verdichtung mit entsprechender Erh\u00f6hung der Einwohnerzahl gef\u00fchrt. Wie Statistik Stadt Z\u00fcrich mitteilt, lebten Ende 2015 auf dem bereits im Jahr 2000 mit Wohnungen bebauten Gebiet der Limmatstadt rund 17.700 zus\u00e4tzliche Personen. Das entspricht 36 Prozent des Bev\u00f6lkerungswachstums im entsprechenden Zeitraum.","og_url":"https:\/\/www.immobilienbusiness.ch\/it\/regionen\/2016-08-08\/zuerich-mehr-einwohner-durch-verdichtung\/","og_site_name":"IMMOBILIEN Business","article_publisher":"https:\/\/www.facebook.com\/immobilienbusiness\/","article_published_time":"2016-08-08T06:59:33+00:00","author":"Redaktion","twitter_card":"summary_large_image","twitter_image":"https:\/\/www.immobilienbusiness.ch\/wp-content\/uploads\/2016\/12\/Zuerich-Mehr-Einwohner-durch-Verdichtung-immobilien-business.jpg","schema":{"@context":"https:\/\/schema.org","@graph":[{"@type":"Article","@id":"https:\/\/www.immobilienbusiness.ch\/regionen\/2016-08-08\/zuerich-mehr-einwohner-durch-verdichtung\/#article","isPartOf":{"@id":"https:\/\/www.immobilienbusiness.ch\/regionen\/2016-08-08\/zuerich-mehr-einwohner-durch-verdichtung\/"},"author":{"name":"Redaktion","@id":"https:\/\/www.immobilienbusiness.ch\/#\/schema\/person\/aa2bace6c5c5aad60102004a50c4eb1c"},"headline":"Z\u00fcrich: Mehr Einwohner durch Verdichtung","datePublished":"2016-08-08T06:59:33+00:00","mainEntityOfPage":{"@id":"https:\/\/www.immobilienbusiness.ch\/regionen\/2016-08-08\/zuerich-mehr-einwohner-durch-verdichtung\/"},"wordCount":239,"commentCount":0,"publisher":{"@id":"https:\/\/www.immobilienbusiness.ch\/#organization"},"image":{"@id":"https:\/\/www.immobilienbusiness.ch\/regionen\/2016-08-08\/zuerich-mehr-einwohner-durch-verdichtung\/#primaryimage"},"thumbnailUrl":"https:\/\/www.immobilienbusiness.ch\/wp-content\/uploads\/2016\/12\/Zuerich-Mehr-Einwohner-durch-Verdichtung-immobilien-business.jpg","keywords":["Regionen","Residential","Wohnen","Z\u00fcrich"],"articleSection":["REGIONEN","RESIDENTIAL"],"inLanguage":"it-IT"},{"@type":"WebPage","@id":"https:\/\/www.immobilienbusiness.ch\/regionen\/2016-08-08\/zuerich-mehr-einwohner-durch-verdichtung\/","url":"https:\/\/www.immobilienbusiness.ch\/regionen\/2016-08-08\/zuerich-mehr-einwohner-durch-verdichtung\/","name":"Z\u00fcrich: Mehr Einwohner durch Verdichtung - IMMOBILIEN Business","isPartOf":{"@id":"https:\/\/www.immobilienbusiness.ch\/#website"},"primaryImageOfPage":{"@id":"https:\/\/www.immobilienbusiness.ch\/regionen\/2016-08-08\/zuerich-mehr-einwohner-durch-verdichtung\/#primaryimage"},"image":{"@id":"https:\/\/www.immobilienbusiness.ch\/regionen\/2016-08-08\/zuerich-mehr-einwohner-durch-verdichtung\/#primaryimage"},"thumbnailUrl":"https:\/\/www.immobilienbusiness.ch\/wp-content\/uploads\/2016\/12\/Zuerich-Mehr-Einwohner-durch-Verdichtung-immobilien-business.jpg","datePublished":"2016-08-08T06:59:33+00:00","description":"Die bauliche Erneuerung in der Stadt Z\u00fcrich hat im letzten Jahrzehnt zu einer deutlichen Verdichtung mit entsprechender Erh\u00f6hung der Einwohnerzahl gef\u00fchrt.","breadcrumb":{"@id":"https:\/\/www.immobilienbusiness.ch\/regionen\/2016-08-08\/zuerich-mehr-einwohner-durch-verdichtung\/#breadcrumb"},"inLanguage":"it-IT","potentialAction":[{"@type":"ReadAction","target":["https:\/\/www.immobilienbusiness.ch\/regionen\/2016-08-08\/zuerich-mehr-einwohner-durch-verdichtung\/"]}]},{"@type":"ImageObject","inLanguage":"it-IT","@id":"https:\/\/www.immobilienbusiness.ch\/regionen\/2016-08-08\/zuerich-mehr-einwohner-durch-verdichtung\/#primaryimage","url":"https:\/\/www.immobilienbusiness.ch\/wp-content\/uploads\/2016\/12\/Zuerich-Mehr-Einwohner-durch-Verdichtung-immobilien-business.jpg","contentUrl":"https:\/\/www.immobilienbusiness.ch\/wp-content\/uploads\/2016\/12\/Zuerich-Mehr-Einwohner-durch-Verdichtung-immobilien-business.jpg","width":543,"height":361,"caption":"Einwohnerentwicklung 2000\u20132015 im Geb\u00e4udebestand 2000 der Stadt Z\u00fcrich (Grafik: Stadt Z\u00fcrich)"},{"@type":"BreadcrumbList","@id":"https:\/\/www.immobilienbusiness.ch\/regionen\/2016-08-08\/zuerich-mehr-einwohner-durch-verdichtung\/#breadcrumb","itemListElement":[{"@type":"ListItem","position":1,"name":"Home","item":"https:\/\/www.immobilienbusiness.ch\/"},{"@type":"ListItem","position":2,"name":"Z\u00fcrich: Mehr Einwohner durch Verdichtung"}]},{"@type":"WebSite","@id":"https:\/\/www.immobilienbusiness.ch\/#website","url":"https:\/\/www.immobilienbusiness.ch\/","name":"Affari immobiliari","description":"Rivista economica indipendente svizzera che si concentra sul settore immobiliare, l'architettura e la costruzione, nonch\u00e9 sugli investimenti e i finanziamenti.","publisher":{"@id":"https:\/\/www.immobilienbusiness.ch\/#organization"},"potentialAction":[{"@type":"SearchAction","target":{"@type":"EntryPoint","urlTemplate":"https:\/\/www.immobilienbusiness.ch\/?s={search_term_string}"},"query-input":{"@type":"PropertyValueSpecification","valueRequired":true,"valueName":"search_term_string"}}],"inLanguage":"it-IT"},{"@type":"Organization","@id":"https:\/\/www.immobilienbusiness.ch\/#organization","name":"Affari immobiliari","url":"https:\/\/www.immobilienbusiness.ch\/","logo":{"@type":"ImageObject","inLanguage":"it-IT","@id":"https:\/\/www.immobilienbusiness.ch\/#\/schema\/logo\/image\/","url":"https:\/\/www.immobilienbusiness.ch\/wp-content\/uploads\/2021\/07\/logo_ib.png","contentUrl":"https:\/\/www.immobilienbusiness.ch\/wp-content\/uploads\/2021\/07\/logo_ib.png","width":800,"height":181,"caption":"IMMOBILIEN Business"},"image":{"@id":"https:\/\/www.immobilienbusiness.ch\/#\/schema\/logo\/image\/"},"sameAs":["https:\/\/www.facebook.com\/immobilienbusiness\/"]},{"@type":"Person","@id":"https:\/\/www.immobilienbusiness.ch\/#\/schema\/person\/aa2bace6c5c5aad60102004a50c4eb1c","name":"Editoriale","image":{"@type":"ImageObject","inLanguage":"it-IT","@id":"https:\/\/secure.gravatar.com\/avatar\/ae2f4d718e6c49043e314ce431e7e645d646302a24a5ef5a8bc8e3f5a032e319?s=96&d=mm&r=g","url":"https:\/\/secure.gravatar.com\/avatar\/ae2f4d718e6c49043e314ce431e7e645d646302a24a5ef5a8bc8e3f5a032e319?s=96&d=mm&r=g","contentUrl":"https:\/\/secure.gravatar.com\/avatar\/ae2f4d718e6c49043e314ce431e7e645d646302a24a5ef5a8bc8e3f5a032e319?s=96&d=mm&r=g","caption":"Redaktion"},"sameAs":["http:\/\/develop.organisator.galledia.ch"],"url":"https:\/\/www.immobilienbusiness.ch\/it\/author\/admin\/"}]}},"_links":{"self":[{"href":"https:\/\/www.immobilienbusiness.ch\/it\/wp-json\/wp\/v2\/posts\/3458","targetHints":{"allow":["GET"]}}],"collection":[{"href":"https:\/\/www.immobilienbusiness.ch\/it\/wp-json\/wp\/v2\/posts"}],"about":[{"href":"https:\/\/www.immobilienbusiness.ch\/it\/wp-json\/wp\/v2\/types\/post"}],"author":[{"embeddable":true,"href":"https:\/\/www.immobilienbusiness.ch\/it\/wp-json\/wp\/v2\/users\/1"}],"replies":[{"embeddable":true,"href":"https:\/\/www.immobilienbusiness.ch\/it\/wp-json\/wp\/v2\/comments?post=3458"}],"version-history":[{"count":0,"href":"https:\/\/www.immobilienbusiness.ch\/it\/wp-json\/wp\/v2\/posts\/3458\/revisions"}],"wp:featuredmedia":[{"embeddable":true,"href":"https:\/\/www.immobilienbusiness.ch\/it\/wp-json\/wp\/v2\/media\/3459"}],"wp:attachment":[{"href":"https:\/\/www.immobilienbusiness.ch\/it\/wp-json\/wp\/v2\/media?parent=3458"}],"wp:term":[{"taxonomy":"category","embeddable":true,"href":"https:\/\/www.immobilienbusiness.ch\/it\/wp-json\/wp\/v2\/categories?post=3458"},{"taxonomy":"post_tag","embeddable":true,"href":"https:\/\/www.immobilienbusiness.ch\/it\/wp-json\/wp\/v2\/tags?post=3458"}],"curies":[{"name":"wp","href":"https:\/\/api.w.org\/{rel}","templated":true}]}}