{"id":3394,"date":"2016-08-02T09:13:19","date_gmt":"2016-08-02T07:13:19","guid":{"rendered":"http:\/\/dev.immobilienbusiness.ch\/?p=3394"},"modified":"2016-08-02T09:13:19","modified_gmt":"2016-08-02T07:13:19","slug":"zuerich-neubau-des-landesmuseums-eroeffnet","status":"publish","type":"post","link":"https:\/\/www.immobilienbusiness.ch\/it\/regionen\/2016-08-02\/zuerich-neubau-des-landesmuseums-eroeffnet\/","title":{"rendered":"Zurigo: inaugurato il nuovo edificio del Museo Nazionale"},"content":{"rendered":"<figure id=\"attachment_3395\" aria-describedby=\"caption-attachment-3395\" style=\"width: 680px\" class=\"wp-caption alignnone\"><img loading=\"lazy\" decoding=\"async\" class=\"size-medium wp-image-3395\" src=\"https:\/\/immobilienbusiness.ch\/wp-content\/uploads\/2016\/12\/Z\u00fcrich-Neubau-des-Landesmuseums-er\u00f6ffnet-immobilien-business.jpg\" alt=\"Blick vom Neum\u00fchlequai: Das Landesmuseum Z\u00fcrich (Foto: \u00a9 Roman Keller)\" width=\"680\" height=\"425\" \/><figcaption id=\"caption-attachment-3395\" class=\"wp-caption-text\">Vista dal Neum\u00fchlequai: il Museo Nazionale di Zurigo (Foto: \u00a9 Roman Keller)<\/figcaption><\/figure>\n<p>Il nuovo edificio fornir\u00e0 al Museo di Storia Culturale di Zurigo sale espositive versatili e un'infrastruttura moderna. Con i suoi muri spessi 80 cm, il nuovo edificio \u00e8 uno dei primi musei svizzeri a soddisfare lo standard Minergie-P-Eco. Oltre alle nuove sale espositive, il Museo Nazionale dispone ora anche di un centro studi, di una biblioteca e di strutture per la ristorazione con un totale di 300 posti a sedere all'interno e all'esterno. Il settore pubblico e varie fondazioni hanno investito complessivamente 111 milioni di franchi svizzeri nel progetto.<\/p>\n<p>Il nuovo edificio di Christ &amp; Gantenbein forma un insieme con il vecchio edificio di Gustav Gull: La facciata del nuovo edificio riprende la pietra di tufo della facciata del vecchio edificio, mentre i pavimenti in cemento lucidato del nuovo edificio sono un'interpretazione contemporanea del pavimento in terrazzo del vecchio edificio. L'unione dei due edifici crea un cortile interno che si apre al parco attraverso il ponte del nuovo edificio. (ah)<\/p>","protected":false},"excerpt":{"rendered":"<p>Am Bundesfeier-Wochenende des 1. August wurde der Neubau des Landesmuseums Z\u00fcrich feierlich er\u00f6ffnet. Damit kommt nach rund 15 Jahren Planungs- und Realisationszeit ein Grossprojekt zum Abschluss. Entworfen wurde der Neubau vom Architekturb\u00fcro Christ &#038; Gantenbein, von dem auch der Erweiterungsbau f\u00fcr das Kunstmuseum Basel stammt.<\/p>","protected":false},"author":1,"featured_media":3395,"comment_status":"open","ping_status":"open","sticky":false,"template":"","format":"standard","meta":{"_acf_changed":false,"_yoast_wpseo_focuskw":"Neubau des Landesmuseums","_yoast_wpseo_title":"","_yoast_wpseo_metadesc":"Am Bundesfeier-Wochenende wurde der Neubau des Landesmuseums Z\u00fcrich feierlich er\u00f6ffnet. Damit kommt nach rund 15 Jahren ein Grossprojekt zum Abschluss.","_yoast_wpseo_linkdex":59,"pgc_sgb_lightbox_settings":"","footnotes":""},"categories":[985],"tags":[1629,1888],"class_list":["post-3394","post","type-post","status-publish","format-standard","has-post-thumbnail","hentry","category-regionen","tag-regionen","tag-zuerich"],"acf":[],"yoast_head":"<!-- This site is optimized with the Yoast SEO plugin v27.5 - https:\/\/yoast.com\/product\/yoast-seo-wordpress\/ -->\n<title>Z\u00fcrich: Neubau des Landesmuseums er\u00f6ffnet - IMMOBILIEN Business<\/title>\n<meta name=\"description\" content=\"Am Bundesfeier-Wochenende wurde der Neubau des Landesmuseums Z\u00fcrich feierlich er\u00f6ffnet. Damit kommt nach rund 15 Jahren ein Grossprojekt zum Abschluss.\" \/>\n<meta name=\"robots\" content=\"index, follow, max-snippet:-1, max-image-preview:large, max-video-preview:-1\" \/>\n<link rel=\"canonical\" href=\"https:\/\/www.immobilienbusiness.ch\/it\/regionen\/2016-08-02\/zuerich-neubau-des-landesmuseums-eroeffnet\/\" \/>\n<meta property=\"og:locale\" content=\"it_IT\" \/>\n<meta property=\"og:type\" content=\"article\" \/>\n<meta property=\"og:title\" content=\"Z\u00fcrich: Neubau des Landesmuseums er\u00f6ffnet\" \/>\n<meta property=\"og:description\" content=\"Am Bundesfeier-Wochenende des 1. August wurde der Neubau des Landesmuseums Z\u00fcrich feierlich er\u00f6ffnet. Damit kommt nach rund 15 Jahren Planungs- und Realisationszeit ein Grossprojekt zum Abschluss. Entworfen wurde der Neubau vom Architekturb\u00fcro Christ &amp; Gantenbein, von dem auch der Erweiterungsbau f\u00fcr das Kunstmuseum Basel stammt.\" \/>\n<meta property=\"og:url\" content=\"https:\/\/www.immobilienbusiness.ch\/it\/regionen\/2016-08-02\/zuerich-neubau-des-landesmuseums-eroeffnet\/\" \/>\n<meta property=\"og:site_name\" content=\"IMMOBILIEN Business\" \/>\n<meta property=\"article:publisher\" content=\"https:\/\/www.facebook.com\/immobilienbusiness\/\" \/>\n<meta property=\"article:published_time\" content=\"2016-08-02T07:13:19+00:00\" \/>\n<meta name=\"author\" content=\"Redaktion\" \/>\n<meta name=\"twitter:card\" content=\"summary_large_image\" \/>\n<meta name=\"twitter:image\" content=\"https:\/\/www.immobilienbusiness.ch\/wp-content\/uploads\/2016\/12\/Zuerich-Neubau-des-Landesmuseums-eroeffnet-immobilien-business.jpg\" \/>\n<script type=\"application\/ld+json\" class=\"yoast-schema-graph\">{\"@context\":\"https:\\\/\\\/schema.org\",\"@graph\":[{\"@type\":\"Article\",\"@id\":\"https:\\\/\\\/www.immobilienbusiness.ch\\\/en\\\/regionen\\\/2016-08-02\\\/zuerich-neubau-des-landesmuseums-eroeffnet\\\/#article\",\"isPartOf\":{\"@id\":\"https:\\\/\\\/www.immobilienbusiness.ch\\\/en\\\/regionen\\\/2016-08-02\\\/zuerich-neubau-des-landesmuseums-eroeffnet\\\/\"},\"author\":{\"name\":\"Redaktion\",\"@id\":\"https:\\\/\\\/www.immobilienbusiness.ch\\\/#\\\/schema\\\/person\\\/aa2bace6c5c5aad60102004a50c4eb1c\"},\"headline\":\"Z\u00fcrich: Neubau des Landesmuseums er\u00f6ffnet\",\"datePublished\":\"2016-08-02T07:13:19+00:00\",\"mainEntityOfPage\":{\"@id\":\"https:\\\/\\\/www.immobilienbusiness.ch\\\/en\\\/regionen\\\/2016-08-02\\\/zuerich-neubau-des-landesmuseums-eroeffnet\\\/\"},\"wordCount\":166,\"commentCount\":0,\"publisher\":{\"@id\":\"https:\\\/\\\/www.immobilienbusiness.ch\\\/#organization\"},\"image\":{\"@id\":\"https:\\\/\\\/www.immobilienbusiness.ch\\\/en\\\/regionen\\\/2016-08-02\\\/zuerich-neubau-des-landesmuseums-eroeffnet\\\/#primaryimage\"},\"thumbnailUrl\":\"https:\\\/\\\/www.immobilienbusiness.ch\\\/wp-content\\\/uploads\\\/2016\\\/12\\\/Zuerich-Neubau-des-Landesmuseums-eroeffnet-immobilien-business.jpg\",\"keywords\":[\"Regionen\",\"Z\u00fcrich\"],\"articleSection\":[\"REGIONEN\"],\"inLanguage\":\"it-IT\"},{\"@type\":\"WebPage\",\"@id\":\"https:\\\/\\\/www.immobilienbusiness.ch\\\/en\\\/regionen\\\/2016-08-02\\\/zuerich-neubau-des-landesmuseums-eroeffnet\\\/\",\"url\":\"https:\\\/\\\/www.immobilienbusiness.ch\\\/en\\\/regionen\\\/2016-08-02\\\/zuerich-neubau-des-landesmuseums-eroeffnet\\\/\",\"name\":\"Z\u00fcrich: Neubau des Landesmuseums er\u00f6ffnet - IMMOBILIEN Business\",\"isPartOf\":{\"@id\":\"https:\\\/\\\/www.immobilienbusiness.ch\\\/#website\"},\"primaryImageOfPage\":{\"@id\":\"https:\\\/\\\/www.immobilienbusiness.ch\\\/en\\\/regionen\\\/2016-08-02\\\/zuerich-neubau-des-landesmuseums-eroeffnet\\\/#primaryimage\"},\"image\":{\"@id\":\"https:\\\/\\\/www.immobilienbusiness.ch\\\/en\\\/regionen\\\/2016-08-02\\\/zuerich-neubau-des-landesmuseums-eroeffnet\\\/#primaryimage\"},\"thumbnailUrl\":\"https:\\\/\\\/www.immobilienbusiness.ch\\\/wp-content\\\/uploads\\\/2016\\\/12\\\/Zuerich-Neubau-des-Landesmuseums-eroeffnet-immobilien-business.jpg\",\"datePublished\":\"2016-08-02T07:13:19+00:00\",\"description\":\"Am Bundesfeier-Wochenende wurde der Neubau des Landesmuseums Z\u00fcrich feierlich er\u00f6ffnet. Damit kommt nach rund 15 Jahren ein Grossprojekt zum Abschluss.\",\"breadcrumb\":{\"@id\":\"https:\\\/\\\/www.immobilienbusiness.ch\\\/en\\\/regionen\\\/2016-08-02\\\/zuerich-neubau-des-landesmuseums-eroeffnet\\\/#breadcrumb\"},\"inLanguage\":\"it-IT\",\"potentialAction\":[{\"@type\":\"ReadAction\",\"target\":[\"https:\\\/\\\/www.immobilienbusiness.ch\\\/en\\\/regionen\\\/2016-08-02\\\/zuerich-neubau-des-landesmuseums-eroeffnet\\\/\"]}]},{\"@type\":\"ImageObject\",\"inLanguage\":\"it-IT\",\"@id\":\"https:\\\/\\\/www.immobilienbusiness.ch\\\/en\\\/regionen\\\/2016-08-02\\\/zuerich-neubau-des-landesmuseums-eroeffnet\\\/#primaryimage\",\"url\":\"https:\\\/\\\/www.immobilienbusiness.ch\\\/wp-content\\\/uploads\\\/2016\\\/12\\\/Zuerich-Neubau-des-Landesmuseums-eroeffnet-immobilien-business.jpg\",\"contentUrl\":\"https:\\\/\\\/www.immobilienbusiness.ch\\\/wp-content\\\/uploads\\\/2016\\\/12\\\/Zuerich-Neubau-des-Landesmuseums-eroeffnet-immobilien-business.jpg\",\"width\":2370,\"height\":1481,\"caption\":\"Blick vom Neum\u00fchlequai: Das Landesmuseum Z\u00fcrich (Foto: \u00a9 Roman Keller)\"},{\"@type\":\"BreadcrumbList\",\"@id\":\"https:\\\/\\\/www.immobilienbusiness.ch\\\/en\\\/regionen\\\/2016-08-02\\\/zuerich-neubau-des-landesmuseums-eroeffnet\\\/#breadcrumb\",\"itemListElement\":[{\"@type\":\"ListItem\",\"position\":1,\"name\":\"Home\",\"item\":\"https:\\\/\\\/www.immobilienbusiness.ch\\\/\"},{\"@type\":\"ListItem\",\"position\":2,\"name\":\"Z\u00fcrich: Neubau des Landesmuseums er\u00f6ffnet\"}]},{\"@type\":\"WebSite\",\"@id\":\"https:\\\/\\\/www.immobilienbusiness.ch\\\/#website\",\"url\":\"https:\\\/\\\/www.immobilienbusiness.ch\\\/\",\"name\":\"IMMOBILIEN Business\",\"description\":\"Unabh\u00e4ngiges Schweizer Wirtschaftsmagazin mit Fokus auf Immobilien, Architektur- und Bau sowie Investment- und Finanzierung.\",\"publisher\":{\"@id\":\"https:\\\/\\\/www.immobilienbusiness.ch\\\/#organization\"},\"potentialAction\":[{\"@type\":\"SearchAction\",\"target\":{\"@type\":\"EntryPoint\",\"urlTemplate\":\"https:\\\/\\\/www.immobilienbusiness.ch\\\/?s={search_term_string}\"},\"query-input\":{\"@type\":\"PropertyValueSpecification\",\"valueRequired\":true,\"valueName\":\"search_term_string\"}}],\"inLanguage\":\"it-IT\"},{\"@type\":\"Organization\",\"@id\":\"https:\\\/\\\/www.immobilienbusiness.ch\\\/#organization\",\"name\":\"IMMOBILIEN Business\",\"url\":\"https:\\\/\\\/www.immobilienbusiness.ch\\\/\",\"logo\":{\"@type\":\"ImageObject\",\"inLanguage\":\"it-IT\",\"@id\":\"https:\\\/\\\/www.immobilienbusiness.ch\\\/#\\\/schema\\\/logo\\\/image\\\/\",\"url\":\"https:\\\/\\\/www.immobilienbusiness.ch\\\/wp-content\\\/uploads\\\/2021\\\/07\\\/logo_ib.png\",\"contentUrl\":\"https:\\\/\\\/www.immobilienbusiness.ch\\\/wp-content\\\/uploads\\\/2021\\\/07\\\/logo_ib.png\",\"width\":800,\"height\":181,\"caption\":\"IMMOBILIEN Business\"},\"image\":{\"@id\":\"https:\\\/\\\/www.immobilienbusiness.ch\\\/#\\\/schema\\\/logo\\\/image\\\/\"},\"sameAs\":[\"https:\\\/\\\/www.facebook.com\\\/immobilienbusiness\\\/\"]},{\"@type\":\"Person\",\"@id\":\"https:\\\/\\\/www.immobilienbusiness.ch\\\/#\\\/schema\\\/person\\\/aa2bace6c5c5aad60102004a50c4eb1c\",\"name\":\"Redaktion\",\"image\":{\"@type\":\"ImageObject\",\"inLanguage\":\"it-IT\",\"@id\":\"https:\\\/\\\/secure.gravatar.com\\\/avatar\\\/ae2f4d718e6c49043e314ce431e7e645d646302a24a5ef5a8bc8e3f5a032e319?s=96&d=mm&r=g\",\"url\":\"https:\\\/\\\/secure.gravatar.com\\\/avatar\\\/ae2f4d718e6c49043e314ce431e7e645d646302a24a5ef5a8bc8e3f5a032e319?s=96&d=mm&r=g\",\"contentUrl\":\"https:\\\/\\\/secure.gravatar.com\\\/avatar\\\/ae2f4d718e6c49043e314ce431e7e645d646302a24a5ef5a8bc8e3f5a032e319?s=96&d=mm&r=g\",\"caption\":\"Redaktion\"},\"sameAs\":[\"http:\\\/\\\/develop.organisator.galledia.ch\"],\"url\":\"https:\\\/\\\/www.immobilienbusiness.ch\\\/it\\\/author\\\/admin\\\/\"}]}<\/script>\n<!-- \/ Yoast SEO plugin. -->","yoast_head_json":{"title":"Z\u00fcrich: Neubau des Landesmuseums er\u00f6ffnet - IMMOBILIEN Business","description":"Am Bundesfeier-Wochenende wurde der Neubau des Landesmuseums Z\u00fcrich feierlich er\u00f6ffnet. Damit kommt nach rund 15 Jahren ein Grossprojekt zum Abschluss.","robots":{"index":"index","follow":"follow","max-snippet":"max-snippet:-1","max-image-preview":"max-image-preview:large","max-video-preview":"max-video-preview:-1"},"canonical":"https:\/\/www.immobilienbusiness.ch\/it\/regionen\/2016-08-02\/zuerich-neubau-des-landesmuseums-eroeffnet\/","og_locale":"it_IT","og_type":"article","og_title":"Z\u00fcrich: Neubau des Landesmuseums er\u00f6ffnet","og_description":"Am Bundesfeier-Wochenende des 1. August wurde der Neubau des Landesmuseums Z\u00fcrich feierlich er\u00f6ffnet. Damit kommt nach rund 15 Jahren Planungs- und Realisationszeit ein Grossprojekt zum Abschluss. Entworfen wurde der Neubau vom Architekturb\u00fcro Christ & Gantenbein, von dem auch der Erweiterungsbau f\u00fcr das Kunstmuseum Basel stammt.","og_url":"https:\/\/www.immobilienbusiness.ch\/it\/regionen\/2016-08-02\/zuerich-neubau-des-landesmuseums-eroeffnet\/","og_site_name":"IMMOBILIEN Business","article_publisher":"https:\/\/www.facebook.com\/immobilienbusiness\/","article_published_time":"2016-08-02T07:13:19+00:00","author":"Redaktion","twitter_card":"summary_large_image","twitter_image":"https:\/\/www.immobilienbusiness.ch\/wp-content\/uploads\/2016\/12\/Zuerich-Neubau-des-Landesmuseums-eroeffnet-immobilien-business.jpg","schema":{"@context":"https:\/\/schema.org","@graph":[{"@type":"Article","@id":"https:\/\/www.immobilienbusiness.ch\/en\/regionen\/2016-08-02\/zuerich-neubau-des-landesmuseums-eroeffnet\/#article","isPartOf":{"@id":"https:\/\/www.immobilienbusiness.ch\/en\/regionen\/2016-08-02\/zuerich-neubau-des-landesmuseums-eroeffnet\/"},"author":{"name":"Redaktion","@id":"https:\/\/www.immobilienbusiness.ch\/#\/schema\/person\/aa2bace6c5c5aad60102004a50c4eb1c"},"headline":"Z\u00fcrich: Neubau des Landesmuseums er\u00f6ffnet","datePublished":"2016-08-02T07:13:19+00:00","mainEntityOfPage":{"@id":"https:\/\/www.immobilienbusiness.ch\/en\/regionen\/2016-08-02\/zuerich-neubau-des-landesmuseums-eroeffnet\/"},"wordCount":166,"commentCount":0,"publisher":{"@id":"https:\/\/www.immobilienbusiness.ch\/#organization"},"image":{"@id":"https:\/\/www.immobilienbusiness.ch\/en\/regionen\/2016-08-02\/zuerich-neubau-des-landesmuseums-eroeffnet\/#primaryimage"},"thumbnailUrl":"https:\/\/www.immobilienbusiness.ch\/wp-content\/uploads\/2016\/12\/Zuerich-Neubau-des-Landesmuseums-eroeffnet-immobilien-business.jpg","keywords":["Regionen","Z\u00fcrich"],"articleSection":["REGIONEN"],"inLanguage":"it-IT"},{"@type":"WebPage","@id":"https:\/\/www.immobilienbusiness.ch\/en\/regionen\/2016-08-02\/zuerich-neubau-des-landesmuseums-eroeffnet\/","url":"https:\/\/www.immobilienbusiness.ch\/en\/regionen\/2016-08-02\/zuerich-neubau-des-landesmuseums-eroeffnet\/","name":"Z\u00fcrich: Neubau des Landesmuseums er\u00f6ffnet - IMMOBILIEN Business","isPartOf":{"@id":"https:\/\/www.immobilienbusiness.ch\/#website"},"primaryImageOfPage":{"@id":"https:\/\/www.immobilienbusiness.ch\/en\/regionen\/2016-08-02\/zuerich-neubau-des-landesmuseums-eroeffnet\/#primaryimage"},"image":{"@id":"https:\/\/www.immobilienbusiness.ch\/en\/regionen\/2016-08-02\/zuerich-neubau-des-landesmuseums-eroeffnet\/#primaryimage"},"thumbnailUrl":"https:\/\/www.immobilienbusiness.ch\/wp-content\/uploads\/2016\/12\/Zuerich-Neubau-des-Landesmuseums-eroeffnet-immobilien-business.jpg","datePublished":"2016-08-02T07:13:19+00:00","description":"Am Bundesfeier-Wochenende wurde der Neubau des Landesmuseums Z\u00fcrich feierlich er\u00f6ffnet. Damit kommt nach rund 15 Jahren ein Grossprojekt zum Abschluss.","breadcrumb":{"@id":"https:\/\/www.immobilienbusiness.ch\/en\/regionen\/2016-08-02\/zuerich-neubau-des-landesmuseums-eroeffnet\/#breadcrumb"},"inLanguage":"it-IT","potentialAction":[{"@type":"ReadAction","target":["https:\/\/www.immobilienbusiness.ch\/en\/regionen\/2016-08-02\/zuerich-neubau-des-landesmuseums-eroeffnet\/"]}]},{"@type":"ImageObject","inLanguage":"it-IT","@id":"https:\/\/www.immobilienbusiness.ch\/en\/regionen\/2016-08-02\/zuerich-neubau-des-landesmuseums-eroeffnet\/#primaryimage","url":"https:\/\/www.immobilienbusiness.ch\/wp-content\/uploads\/2016\/12\/Zuerich-Neubau-des-Landesmuseums-eroeffnet-immobilien-business.jpg","contentUrl":"https:\/\/www.immobilienbusiness.ch\/wp-content\/uploads\/2016\/12\/Zuerich-Neubau-des-Landesmuseums-eroeffnet-immobilien-business.jpg","width":2370,"height":1481,"caption":"Blick vom Neum\u00fchlequai: Das Landesmuseum Z\u00fcrich (Foto: \u00a9 Roman Keller)"},{"@type":"BreadcrumbList","@id":"https:\/\/www.immobilienbusiness.ch\/en\/regionen\/2016-08-02\/zuerich-neubau-des-landesmuseums-eroeffnet\/#breadcrumb","itemListElement":[{"@type":"ListItem","position":1,"name":"Home","item":"https:\/\/www.immobilienbusiness.ch\/"},{"@type":"ListItem","position":2,"name":"Z\u00fcrich: Neubau des Landesmuseums er\u00f6ffnet"}]},{"@type":"WebSite","@id":"https:\/\/www.immobilienbusiness.ch\/#website","url":"https:\/\/www.immobilienbusiness.ch\/","name":"Affari immobiliari","description":"Rivista economica indipendente svizzera che si concentra sul settore immobiliare, l'architettura e la costruzione, nonch\u00e9 sugli investimenti e i finanziamenti.","publisher":{"@id":"https:\/\/www.immobilienbusiness.ch\/#organization"},"potentialAction":[{"@type":"SearchAction","target":{"@type":"EntryPoint","urlTemplate":"https:\/\/www.immobilienbusiness.ch\/?s={search_term_string}"},"query-input":{"@type":"PropertyValueSpecification","valueRequired":true,"valueName":"search_term_string"}}],"inLanguage":"it-IT"},{"@type":"Organization","@id":"https:\/\/www.immobilienbusiness.ch\/#organization","name":"Affari immobiliari","url":"https:\/\/www.immobilienbusiness.ch\/","logo":{"@type":"ImageObject","inLanguage":"it-IT","@id":"https:\/\/www.immobilienbusiness.ch\/#\/schema\/logo\/image\/","url":"https:\/\/www.immobilienbusiness.ch\/wp-content\/uploads\/2021\/07\/logo_ib.png","contentUrl":"https:\/\/www.immobilienbusiness.ch\/wp-content\/uploads\/2021\/07\/logo_ib.png","width":800,"height":181,"caption":"IMMOBILIEN Business"},"image":{"@id":"https:\/\/www.immobilienbusiness.ch\/#\/schema\/logo\/image\/"},"sameAs":["https:\/\/www.facebook.com\/immobilienbusiness\/"]},{"@type":"Person","@id":"https:\/\/www.immobilienbusiness.ch\/#\/schema\/person\/aa2bace6c5c5aad60102004a50c4eb1c","name":"Editoriale","image":{"@type":"ImageObject","inLanguage":"it-IT","@id":"https:\/\/secure.gravatar.com\/avatar\/ae2f4d718e6c49043e314ce431e7e645d646302a24a5ef5a8bc8e3f5a032e319?s=96&d=mm&r=g","url":"https:\/\/secure.gravatar.com\/avatar\/ae2f4d718e6c49043e314ce431e7e645d646302a24a5ef5a8bc8e3f5a032e319?s=96&d=mm&r=g","contentUrl":"https:\/\/secure.gravatar.com\/avatar\/ae2f4d718e6c49043e314ce431e7e645d646302a24a5ef5a8bc8e3f5a032e319?s=96&d=mm&r=g","caption":"Redaktion"},"sameAs":["http:\/\/develop.organisator.galledia.ch"],"url":"https:\/\/www.immobilienbusiness.ch\/it\/author\/admin\/"}]}},"_links":{"self":[{"href":"https:\/\/www.immobilienbusiness.ch\/it\/wp-json\/wp\/v2\/posts\/3394","targetHints":{"allow":["GET"]}}],"collection":[{"href":"https:\/\/www.immobilienbusiness.ch\/it\/wp-json\/wp\/v2\/posts"}],"about":[{"href":"https:\/\/www.immobilienbusiness.ch\/it\/wp-json\/wp\/v2\/types\/post"}],"author":[{"embeddable":true,"href":"https:\/\/www.immobilienbusiness.ch\/it\/wp-json\/wp\/v2\/users\/1"}],"replies":[{"embeddable":true,"href":"https:\/\/www.immobilienbusiness.ch\/it\/wp-json\/wp\/v2\/comments?post=3394"}],"version-history":[{"count":0,"href":"https:\/\/www.immobilienbusiness.ch\/it\/wp-json\/wp\/v2\/posts\/3394\/revisions"}],"wp:featuredmedia":[{"embeddable":true,"href":"https:\/\/www.immobilienbusiness.ch\/it\/wp-json\/wp\/v2\/media\/3395"}],"wp:attachment":[{"href":"https:\/\/www.immobilienbusiness.ch\/it\/wp-json\/wp\/v2\/media?parent=3394"}],"wp:term":[{"taxonomy":"category","embeddable":true,"href":"https:\/\/www.immobilienbusiness.ch\/it\/wp-json\/wp\/v2\/categories?post=3394"},{"taxonomy":"post_tag","embeddable":true,"href":"https:\/\/www.immobilienbusiness.ch\/it\/wp-json\/wp\/v2\/tags?post=3394"}],"curies":[{"name":"wp","href":"https:\/\/api.w.org\/{rel}","templated":true}]}}