{"id":3300,"date":"2016-05-23T08:37:06","date_gmt":"2016-05-23T06:37:06","guid":{"rendered":"http:\/\/dev.immobilienbusiness.ch\/?p=3300"},"modified":"2016-05-23T08:37:06","modified_gmt":"2016-05-23T06:37:06","slug":"boersengang-von-investis","status":"publish","type":"post","link":"https:\/\/www.immobilienbusiness.ch\/it\/residential\/2016-05-23\/boersengang-von-investis\/","title":{"rendered":"IPO di Investis?"},"content":{"rendered":"<figure id=\"attachment_3301\" aria-describedby=\"caption-attachment-3301\" style=\"width: 680px\" class=\"wp-caption alignnone\"><img loading=\"lazy\" decoding=\"async\" class=\"size-medium wp-image-3301\" src=\"https:\/\/immobilienbusiness.ch\/wp-content\/uploads\/2016\/12\/B\u00f6rsengang-von-Investis-immobilien-business.jpg\" alt=\"Einem Medienbericht zufolge plant Investis den B\u00f6rsengang (Foto: SIX Swiss Exchange)\" width=\"680\" height=\"446\" \/><figcaption id=\"caption-attachment-3301\" class=\"wp-caption-text\">Secondo i media, Investis sta pianificando un'IPO (Foto: SIX Swiss Exchange)<\/figcaption><\/figure>\n<p><a href=\"http:\/\/www.fuw.ch\/article\/investis-ist-der-naechste-boersenkandidat\/\" target=\"_blank\" data-cke-saved-href=\"http:\/\/www.fuw.ch\/article\/investis-ist-der-naechste-boersenkandidat\/\" rel=\"noopener\">Secondo il rapporto di <em>Finanza ed economia <\/em><\/a>Investis potrebbe annunciare il progetto di IPO nelle prossime settimane. Le banche che sosterranno l'IPO sarebbero gi\u00e0 state incaricate, con il Credit Suisse in testa. La quotazione iniziale sul SIX \u00e8 prevista prima dell'estate, con una capitalizzazione di mercato di oltre 500 milioni di franchi svizzeri.<\/p>\n<p>Fondata nel 1994, Investis Holding AG investe principalmente in immobili residenziali nella regione del Lago di Ginevra. Il gruppo comprende anche societ\u00e0 attive in tutta la Svizzera nel settore dei servizi immobiliari. (ah)<\/p>","protected":false},"excerpt":{"rendered":"<p>Investis Holding, una societ\u00e0 immobiliare con sede nella Svizzera occidentale, sta cercando di quotarsi in borsa, come riporta la rivista finanziaria \"Finanz und Wirtschaft\", citando \"diverse fonti a conoscenza del progetto\".<\/p>","protected":false},"author":1,"featured_media":3301,"comment_status":"open","ping_status":"open","sticky":false,"template":"","format":"standard","meta":{"_acf_changed":false,"_yoast_wpseo_focuskw":"B\u00f6rsengang Investis","_yoast_wpseo_title":"B\u00f6rsengang Investis: Schweizer Immobilienunternehmen plant IPO","_yoast_wpseo_metadesc":"Investis k\u00f6nnte bald an der SIX Swiss Exchange gelistet werden. Der B\u00f6rsengang wird mit einer Marktkapitalisierung von \u00fcber 500 Mio. CHF erwartet.","_yoast_wpseo_linkdex":53,"pgc_sgb_lightbox_settings":"","footnotes":""},"categories":[986,988],"tags":[1639,1807,1852,1862],"class_list":["post-3300","post","type-post","status-publish","format-standard","has-post-thumbnail","hentry","category-residential","category-unternehmen","tag-residential","tag-unternehmen","tag-west-schweiz","tag-wohnen"],"acf":[],"yoast_head":"<!-- This site is optimized with the Yoast SEO plugin v27.5 - https:\/\/yoast.com\/product\/yoast-seo-wordpress\/ -->\n<title>B\u00f6rsengang Investis: Schweizer Immobilienunternehmen plant IPO<\/title>\n<meta name=\"description\" content=\"Investis k\u00f6nnte bald an der SIX Swiss Exchange gelistet werden. Der B\u00f6rsengang wird mit einer Marktkapitalisierung von \u00fcber 500 Mio. CHF erwartet.\" \/>\n<meta name=\"robots\" content=\"index, follow, max-snippet:-1, max-image-preview:large, max-video-preview:-1\" \/>\n<link rel=\"canonical\" href=\"https:\/\/www.immobilienbusiness.ch\/it\/residential\/2016-05-23\/boersengang-von-investis\/\" \/>\n<meta property=\"og:locale\" content=\"it_IT\" \/>\n<meta property=\"og:type\" content=\"article\" \/>\n<meta property=\"og:title\" content=\"B\u00f6rsengang von Investis?\" \/>\n<meta property=\"og:description\" content=\"Die Westschweizer Immobiliengesellschaft Investis Holding strebt an die B\u00f6rse, meldet das Finanzmagazin \u00abFinanz und Wirtschaft\u00bb unter Berufung auf \u00abmehrere mit dem Vorhaben vertraute Quellen\u00bb.\" \/>\n<meta property=\"og:url\" content=\"https:\/\/www.immobilienbusiness.ch\/it\/residential\/2016-05-23\/boersengang-von-investis\/\" \/>\n<meta property=\"og:site_name\" content=\"IMMOBILIEN Business\" \/>\n<meta property=\"article:publisher\" content=\"https:\/\/www.facebook.com\/immobilienbusiness\/\" \/>\n<meta property=\"article:published_time\" content=\"2016-05-23T06:37:06+00:00\" \/>\n<meta name=\"author\" content=\"Redaktion\" \/>\n<meta name=\"twitter:card\" content=\"summary_large_image\" \/>\n<meta name=\"twitter:image\" content=\"https:\/\/www.immobilienbusiness.ch\/wp-content\/uploads\/2016\/12\/Boersengang-von-Investis-immobilien-business.jpg\" \/>\n<script type=\"application\/ld+json\" class=\"yoast-schema-graph\">{\"@context\":\"https:\\\/\\\/schema.org\",\"@graph\":[{\"@type\":\"Article\",\"@id\":\"https:\\\/\\\/www.immobilienbusiness.ch\\\/residential\\\/2016-05-23\\\/boersengang-von-investis\\\/#article\",\"isPartOf\":{\"@id\":\"https:\\\/\\\/www.immobilienbusiness.ch\\\/residential\\\/2016-05-23\\\/boersengang-von-investis\\\/\"},\"author\":{\"name\":\"Redaktion\",\"@id\":\"https:\\\/\\\/www.immobilienbusiness.ch\\\/#\\\/schema\\\/person\\\/aa2bace6c5c5aad60102004a50c4eb1c\"},\"headline\":\"B\u00f6rsengang von Investis?\",\"datePublished\":\"2016-05-23T06:37:06+00:00\",\"mainEntityOfPage\":{\"@id\":\"https:\\\/\\\/www.immobilienbusiness.ch\\\/residential\\\/2016-05-23\\\/boersengang-von-investis\\\/\"},\"wordCount\":114,\"commentCount\":0,\"publisher\":{\"@id\":\"https:\\\/\\\/www.immobilienbusiness.ch\\\/#organization\"},\"image\":{\"@id\":\"https:\\\/\\\/www.immobilienbusiness.ch\\\/residential\\\/2016-05-23\\\/boersengang-von-investis\\\/#primaryimage\"},\"thumbnailUrl\":\"https:\\\/\\\/www.immobilienbusiness.ch\\\/wp-content\\\/uploads\\\/2016\\\/12\\\/Boersengang-von-Investis-immobilien-business.jpg\",\"keywords\":[\"Residential\",\"Unternehmen\",\"West-Schweiz\",\"Wohnen\"],\"articleSection\":[\"RESIDENTIAL\",\"UNTERNEHMEN\"],\"inLanguage\":\"it-IT\"},{\"@type\":\"WebPage\",\"@id\":\"https:\\\/\\\/www.immobilienbusiness.ch\\\/residential\\\/2016-05-23\\\/boersengang-von-investis\\\/\",\"url\":\"https:\\\/\\\/www.immobilienbusiness.ch\\\/residential\\\/2016-05-23\\\/boersengang-von-investis\\\/\",\"name\":\"B\u00f6rsengang Investis: Schweizer Immobilienunternehmen plant IPO\",\"isPartOf\":{\"@id\":\"https:\\\/\\\/www.immobilienbusiness.ch\\\/#website\"},\"primaryImageOfPage\":{\"@id\":\"https:\\\/\\\/www.immobilienbusiness.ch\\\/residential\\\/2016-05-23\\\/boersengang-von-investis\\\/#primaryimage\"},\"image\":{\"@id\":\"https:\\\/\\\/www.immobilienbusiness.ch\\\/residential\\\/2016-05-23\\\/boersengang-von-investis\\\/#primaryimage\"},\"thumbnailUrl\":\"https:\\\/\\\/www.immobilienbusiness.ch\\\/wp-content\\\/uploads\\\/2016\\\/12\\\/Boersengang-von-Investis-immobilien-business.jpg\",\"datePublished\":\"2016-05-23T06:37:06+00:00\",\"description\":\"Investis k\u00f6nnte bald an der SIX Swiss Exchange gelistet werden. Der B\u00f6rsengang wird mit einer Marktkapitalisierung von \u00fcber 500 Mio. CHF erwartet.\",\"breadcrumb\":{\"@id\":\"https:\\\/\\\/www.immobilienbusiness.ch\\\/residential\\\/2016-05-23\\\/boersengang-von-investis\\\/#breadcrumb\"},\"inLanguage\":\"it-IT\",\"potentialAction\":[{\"@type\":\"ReadAction\",\"target\":[\"https:\\\/\\\/www.immobilienbusiness.ch\\\/residential\\\/2016-05-23\\\/boersengang-von-investis\\\/\"]}]},{\"@type\":\"ImageObject\",\"inLanguage\":\"it-IT\",\"@id\":\"https:\\\/\\\/www.immobilienbusiness.ch\\\/residential\\\/2016-05-23\\\/boersengang-von-investis\\\/#primaryimage\",\"url\":\"https:\\\/\\\/www.immobilienbusiness.ch\\\/wp-content\\\/uploads\\\/2016\\\/12\\\/Boersengang-von-Investis-immobilien-business.jpg\",\"contentUrl\":\"https:\\\/\\\/www.immobilienbusiness.ch\\\/wp-content\\\/uploads\\\/2016\\\/12\\\/Boersengang-von-Investis-immobilien-business.jpg\",\"width\":1890,\"height\":1241,\"caption\":\"(Foto: SIX Swiss Exchange)\"},{\"@type\":\"BreadcrumbList\",\"@id\":\"https:\\\/\\\/www.immobilienbusiness.ch\\\/residential\\\/2016-05-23\\\/boersengang-von-investis\\\/#breadcrumb\",\"itemListElement\":[{\"@type\":\"ListItem\",\"position\":1,\"name\":\"Home\",\"item\":\"https:\\\/\\\/www.immobilienbusiness.ch\\\/\"},{\"@type\":\"ListItem\",\"position\":2,\"name\":\"B\u00f6rsengang von Investis?\"}]},{\"@type\":\"WebSite\",\"@id\":\"https:\\\/\\\/www.immobilienbusiness.ch\\\/#website\",\"url\":\"https:\\\/\\\/www.immobilienbusiness.ch\\\/\",\"name\":\"IMMOBILIEN Business\",\"description\":\"Unabh\u00e4ngiges Schweizer Wirtschaftsmagazin mit Fokus auf Immobilien, Architektur- und Bau sowie Investment- und Finanzierung.\",\"publisher\":{\"@id\":\"https:\\\/\\\/www.immobilienbusiness.ch\\\/#organization\"},\"potentialAction\":[{\"@type\":\"SearchAction\",\"target\":{\"@type\":\"EntryPoint\",\"urlTemplate\":\"https:\\\/\\\/www.immobilienbusiness.ch\\\/?s={search_term_string}\"},\"query-input\":{\"@type\":\"PropertyValueSpecification\",\"valueRequired\":true,\"valueName\":\"search_term_string\"}}],\"inLanguage\":\"it-IT\"},{\"@type\":\"Organization\",\"@id\":\"https:\\\/\\\/www.immobilienbusiness.ch\\\/#organization\",\"name\":\"IMMOBILIEN Business\",\"url\":\"https:\\\/\\\/www.immobilienbusiness.ch\\\/\",\"logo\":{\"@type\":\"ImageObject\",\"inLanguage\":\"it-IT\",\"@id\":\"https:\\\/\\\/www.immobilienbusiness.ch\\\/#\\\/schema\\\/logo\\\/image\\\/\",\"url\":\"https:\\\/\\\/www.immobilienbusiness.ch\\\/wp-content\\\/uploads\\\/2021\\\/07\\\/logo_ib.png\",\"contentUrl\":\"https:\\\/\\\/www.immobilienbusiness.ch\\\/wp-content\\\/uploads\\\/2021\\\/07\\\/logo_ib.png\",\"width\":800,\"height\":181,\"caption\":\"IMMOBILIEN Business\"},\"image\":{\"@id\":\"https:\\\/\\\/www.immobilienbusiness.ch\\\/#\\\/schema\\\/logo\\\/image\\\/\"},\"sameAs\":[\"https:\\\/\\\/www.facebook.com\\\/immobilienbusiness\\\/\"]},{\"@type\":\"Person\",\"@id\":\"https:\\\/\\\/www.immobilienbusiness.ch\\\/#\\\/schema\\\/person\\\/aa2bace6c5c5aad60102004a50c4eb1c\",\"name\":\"Redaktion\",\"image\":{\"@type\":\"ImageObject\",\"inLanguage\":\"it-IT\",\"@id\":\"https:\\\/\\\/secure.gravatar.com\\\/avatar\\\/ae2f4d718e6c49043e314ce431e7e645d646302a24a5ef5a8bc8e3f5a032e319?s=96&d=mm&r=g\",\"url\":\"https:\\\/\\\/secure.gravatar.com\\\/avatar\\\/ae2f4d718e6c49043e314ce431e7e645d646302a24a5ef5a8bc8e3f5a032e319?s=96&d=mm&r=g\",\"contentUrl\":\"https:\\\/\\\/secure.gravatar.com\\\/avatar\\\/ae2f4d718e6c49043e314ce431e7e645d646302a24a5ef5a8bc8e3f5a032e319?s=96&d=mm&r=g\",\"caption\":\"Redaktion\"},\"sameAs\":[\"http:\\\/\\\/develop.organisator.galledia.ch\"],\"url\":\"https:\\\/\\\/www.immobilienbusiness.ch\\\/it\\\/author\\\/admin\\\/\"}]}<\/script>\n<!-- \/ Yoast SEO plugin. -->","yoast_head_json":{"title":"B\u00f6rsengang Investis: Schweizer Immobilienunternehmen plant IPO","description":"Investis k\u00f6nnte bald an der SIX Swiss Exchange gelistet werden. Der B\u00f6rsengang wird mit einer Marktkapitalisierung von \u00fcber 500 Mio. CHF erwartet.","robots":{"index":"index","follow":"follow","max-snippet":"max-snippet:-1","max-image-preview":"max-image-preview:large","max-video-preview":"max-video-preview:-1"},"canonical":"https:\/\/www.immobilienbusiness.ch\/it\/residential\/2016-05-23\/boersengang-von-investis\/","og_locale":"it_IT","og_type":"article","og_title":"B\u00f6rsengang von Investis?","og_description":"Die Westschweizer Immobiliengesellschaft Investis Holding strebt an die B\u00f6rse, meldet das Finanzmagazin \u00abFinanz und Wirtschaft\u00bb unter Berufung auf \u00abmehrere mit dem Vorhaben vertraute Quellen\u00bb.","og_url":"https:\/\/www.immobilienbusiness.ch\/it\/residential\/2016-05-23\/boersengang-von-investis\/","og_site_name":"IMMOBILIEN Business","article_publisher":"https:\/\/www.facebook.com\/immobilienbusiness\/","article_published_time":"2016-05-23T06:37:06+00:00","author":"Redaktion","twitter_card":"summary_large_image","twitter_image":"https:\/\/www.immobilienbusiness.ch\/wp-content\/uploads\/2016\/12\/Boersengang-von-Investis-immobilien-business.jpg","schema":{"@context":"https:\/\/schema.org","@graph":[{"@type":"Article","@id":"https:\/\/www.immobilienbusiness.ch\/residential\/2016-05-23\/boersengang-von-investis\/#article","isPartOf":{"@id":"https:\/\/www.immobilienbusiness.ch\/residential\/2016-05-23\/boersengang-von-investis\/"},"author":{"name":"Redaktion","@id":"https:\/\/www.immobilienbusiness.ch\/#\/schema\/person\/aa2bace6c5c5aad60102004a50c4eb1c"},"headline":"B\u00f6rsengang von Investis?","datePublished":"2016-05-23T06:37:06+00:00","mainEntityOfPage":{"@id":"https:\/\/www.immobilienbusiness.ch\/residential\/2016-05-23\/boersengang-von-investis\/"},"wordCount":114,"commentCount":0,"publisher":{"@id":"https:\/\/www.immobilienbusiness.ch\/#organization"},"image":{"@id":"https:\/\/www.immobilienbusiness.ch\/residential\/2016-05-23\/boersengang-von-investis\/#primaryimage"},"thumbnailUrl":"https:\/\/www.immobilienbusiness.ch\/wp-content\/uploads\/2016\/12\/Boersengang-von-Investis-immobilien-business.jpg","keywords":["Residential","Unternehmen","West-Schweiz","Wohnen"],"articleSection":["RESIDENTIAL","UNTERNEHMEN"],"inLanguage":"it-IT"},{"@type":"WebPage","@id":"https:\/\/www.immobilienbusiness.ch\/residential\/2016-05-23\/boersengang-von-investis\/","url":"https:\/\/www.immobilienbusiness.ch\/residential\/2016-05-23\/boersengang-von-investis\/","name":"B\u00f6rsengang Investis: Schweizer Immobilienunternehmen plant IPO","isPartOf":{"@id":"https:\/\/www.immobilienbusiness.ch\/#website"},"primaryImageOfPage":{"@id":"https:\/\/www.immobilienbusiness.ch\/residential\/2016-05-23\/boersengang-von-investis\/#primaryimage"},"image":{"@id":"https:\/\/www.immobilienbusiness.ch\/residential\/2016-05-23\/boersengang-von-investis\/#primaryimage"},"thumbnailUrl":"https:\/\/www.immobilienbusiness.ch\/wp-content\/uploads\/2016\/12\/Boersengang-von-Investis-immobilien-business.jpg","datePublished":"2016-05-23T06:37:06+00:00","description":"Investis k\u00f6nnte bald an der SIX Swiss Exchange gelistet werden. Der B\u00f6rsengang wird mit einer Marktkapitalisierung von \u00fcber 500 Mio. CHF erwartet.","breadcrumb":{"@id":"https:\/\/www.immobilienbusiness.ch\/residential\/2016-05-23\/boersengang-von-investis\/#breadcrumb"},"inLanguage":"it-IT","potentialAction":[{"@type":"ReadAction","target":["https:\/\/www.immobilienbusiness.ch\/residential\/2016-05-23\/boersengang-von-investis\/"]}]},{"@type":"ImageObject","inLanguage":"it-IT","@id":"https:\/\/www.immobilienbusiness.ch\/residential\/2016-05-23\/boersengang-von-investis\/#primaryimage","url":"https:\/\/www.immobilienbusiness.ch\/wp-content\/uploads\/2016\/12\/Boersengang-von-Investis-immobilien-business.jpg","contentUrl":"https:\/\/www.immobilienbusiness.ch\/wp-content\/uploads\/2016\/12\/Boersengang-von-Investis-immobilien-business.jpg","width":1890,"height":1241,"caption":"(Foto: SIX Swiss Exchange)"},{"@type":"BreadcrumbList","@id":"https:\/\/www.immobilienbusiness.ch\/residential\/2016-05-23\/boersengang-von-investis\/#breadcrumb","itemListElement":[{"@type":"ListItem","position":1,"name":"Home","item":"https:\/\/www.immobilienbusiness.ch\/"},{"@type":"ListItem","position":2,"name":"B\u00f6rsengang von Investis?"}]},{"@type":"WebSite","@id":"https:\/\/www.immobilienbusiness.ch\/#website","url":"https:\/\/www.immobilienbusiness.ch\/","name":"Affari immobiliari","description":"Rivista economica indipendente svizzera che si concentra sul settore immobiliare, l'architettura e la costruzione, nonch\u00e9 sugli investimenti e i finanziamenti.","publisher":{"@id":"https:\/\/www.immobilienbusiness.ch\/#organization"},"potentialAction":[{"@type":"SearchAction","target":{"@type":"EntryPoint","urlTemplate":"https:\/\/www.immobilienbusiness.ch\/?s={search_term_string}"},"query-input":{"@type":"PropertyValueSpecification","valueRequired":true,"valueName":"search_term_string"}}],"inLanguage":"it-IT"},{"@type":"Organization","@id":"https:\/\/www.immobilienbusiness.ch\/#organization","name":"Affari immobiliari","url":"https:\/\/www.immobilienbusiness.ch\/","logo":{"@type":"ImageObject","inLanguage":"it-IT","@id":"https:\/\/www.immobilienbusiness.ch\/#\/schema\/logo\/image\/","url":"https:\/\/www.immobilienbusiness.ch\/wp-content\/uploads\/2021\/07\/logo_ib.png","contentUrl":"https:\/\/www.immobilienbusiness.ch\/wp-content\/uploads\/2021\/07\/logo_ib.png","width":800,"height":181,"caption":"IMMOBILIEN Business"},"image":{"@id":"https:\/\/www.immobilienbusiness.ch\/#\/schema\/logo\/image\/"},"sameAs":["https:\/\/www.facebook.com\/immobilienbusiness\/"]},{"@type":"Person","@id":"https:\/\/www.immobilienbusiness.ch\/#\/schema\/person\/aa2bace6c5c5aad60102004a50c4eb1c","name":"Editoriale","image":{"@type":"ImageObject","inLanguage":"it-IT","@id":"https:\/\/secure.gravatar.com\/avatar\/ae2f4d718e6c49043e314ce431e7e645d646302a24a5ef5a8bc8e3f5a032e319?s=96&d=mm&r=g","url":"https:\/\/secure.gravatar.com\/avatar\/ae2f4d718e6c49043e314ce431e7e645d646302a24a5ef5a8bc8e3f5a032e319?s=96&d=mm&r=g","contentUrl":"https:\/\/secure.gravatar.com\/avatar\/ae2f4d718e6c49043e314ce431e7e645d646302a24a5ef5a8bc8e3f5a032e319?s=96&d=mm&r=g","caption":"Redaktion"},"sameAs":["http:\/\/develop.organisator.galledia.ch"],"url":"https:\/\/www.immobilienbusiness.ch\/it\/author\/admin\/"}]}},"_links":{"self":[{"href":"https:\/\/www.immobilienbusiness.ch\/it\/wp-json\/wp\/v2\/posts\/3300","targetHints":{"allow":["GET"]}}],"collection":[{"href":"https:\/\/www.immobilienbusiness.ch\/it\/wp-json\/wp\/v2\/posts"}],"about":[{"href":"https:\/\/www.immobilienbusiness.ch\/it\/wp-json\/wp\/v2\/types\/post"}],"author":[{"embeddable":true,"href":"https:\/\/www.immobilienbusiness.ch\/it\/wp-json\/wp\/v2\/users\/1"}],"replies":[{"embeddable":true,"href":"https:\/\/www.immobilienbusiness.ch\/it\/wp-json\/wp\/v2\/comments?post=3300"}],"version-history":[{"count":0,"href":"https:\/\/www.immobilienbusiness.ch\/it\/wp-json\/wp\/v2\/posts\/3300\/revisions"}],"wp:featuredmedia":[{"embeddable":true,"href":"https:\/\/www.immobilienbusiness.ch\/it\/wp-json\/wp\/v2\/media\/3301"}],"wp:attachment":[{"href":"https:\/\/www.immobilienbusiness.ch\/it\/wp-json\/wp\/v2\/media?parent=3300"}],"wp:term":[{"taxonomy":"category","embeddable":true,"href":"https:\/\/www.immobilienbusiness.ch\/it\/wp-json\/wp\/v2\/categories?post=3300"},{"taxonomy":"post_tag","embeddable":true,"href":"https:\/\/www.immobilienbusiness.ch\/it\/wp-json\/wp\/v2\/tags?post=3300"}],"curies":[{"name":"wp","href":"https:\/\/api.w.org\/{rel}","templated":true}]}}