{"id":3170,"date":"2016-05-17T08:51:13","date_gmt":"2016-05-17T06:51:13","guid":{"rendered":"http:\/\/dev.immobilienbusiness.ch\/?p=3170"},"modified":"2016-05-17T08:51:13","modified_gmt":"2016-05-17T06:51:13","slug":"orascom-rechnet-mit-hohem-verlust-in-q1","status":"publish","type":"post","link":"https:\/\/www.immobilienbusiness.ch\/it\/unternehmen\/2016-05-17\/orascom-rechnet-mit-hohem-verlust-in-q1\/","title":{"rendered":"Orascom prevede un'elevata perdita nel 1\u00b0 trimestre"},"content":{"rendered":"<figure id=\"attachment_3174\" aria-describedby=\"caption-attachment-3174\" style=\"width: 680px\" class=\"wp-caption alignnone\"><img loading=\"lazy\" decoding=\"async\" class=\"size-medium wp-image-3174\" src=\"https:\/\/immobilienbusiness.ch\/wp-content\/uploads\/2016\/12\/Orascom-rechnet-mit-hohem-Verlust-in-Q1-immobilien-business.jpg\" alt=\"Die Orascom-Destination El Gouna (Foto: Orascom Development)\" width=\"680\" height=\"454\" srcset=\"https:\/\/www.immobilienbusiness.ch\/wp-content\/uploads\/2016\/12\/Orascom-rechnet-mit-hohem-Verlust-in-Q1-immobilien-business.jpg 800w, https:\/\/www.immobilienbusiness.ch\/wp-content\/uploads\/2016\/12\/Orascom-rechnet-mit-hohem-Verlust-in-Q1-immobilien-business-300x200.jpg 300w, https:\/\/www.immobilienbusiness.ch\/wp-content\/uploads\/2016\/12\/Orascom-rechnet-mit-hohem-Verlust-in-Q1-immobilien-business-768x513.jpg 768w, https:\/\/www.immobilienbusiness.ch\/wp-content\/uploads\/2016\/12\/Orascom-rechnet-mit-hohem-Verlust-in-Q1-immobilien-business-16x12.jpg 16w, https:\/\/www.immobilienbusiness.ch\/wp-content\/uploads\/2016\/12\/Orascom-rechnet-mit-hohem-Verlust-in-Q1-immobilien-business-262x175.jpg 262w, https:\/\/www.immobilienbusiness.ch\/wp-content\/uploads\/2016\/12\/Orascom-rechnet-mit-hohem-Verlust-in-Q1-immobilien-business-524x350.jpg 524w\" sizes=\"auto, (max-width: 680px) 100vw, 680px\" \/><figcaption id=\"caption-attachment-3174\" class=\"wp-caption-text\">La destinazione Orascom di El Gouna (Foto: Orascom Development)<\/figcaption><\/figure>\n<p>Orascom annuncer\u00e0 i dati finali del primo trimestre il 19 maggio.<\/p>\n<p>Il motivo principale del calo \u00e8 la difficile situazione della maggiore controllata Orascom Hotels and Development (OHD), che sta soffrendo per le continue restrizioni ai viaggi in Egitto. Per quanto riguarda OHD, i ricavi sono diminuiti di circa il 37%, raggiungendo i 284 milioni di EGP. Tuttavia, le entrate immobiliari sono aumentate di quasi il dodici per cento. La societ\u00e0 ha registrato una perdita netta dopo le minoranze di 96,7 milioni rispetto a un utile netto di 52,7 milioni nel primo trimestre del 2015. (ah)<\/p>","protected":false},"excerpt":{"rendered":"<p>Orascom Development Holding (ODH) prevede un calo del fatturato tra il 17 e il 20% e una perdita netta tra i 26 e i 28 milioni di franchi svizzeri per il primo trimestre del 2016. Ci\u00f2 renderebbe la perdita del primo trimestre di quest'anno maggiore rispetto a quella dell'intero anno scorso, quando ODH aveva registrato una perdita di 22,5 milioni.<\/p>","protected":false},"author":1,"featured_media":3174,"comment_status":"open","ping_status":"open","sticky":false,"template":"","format":"standard","meta":{"_acf_changed":false,"_yoast_wpseo_focuskw":"Orascom Verlust","_yoast_wpseo_title":"Orascom Verlust: Quartalszahlen zeigen rote Zahlen","_yoast_wpseo_metadesc":"Neue Zahlen belegen den hohen Verlust von Orascom im ersten Quartal, haupts\u00e4chlich durch die schwierige Lage bei der Tochtergesellschaft OHD.","_yoast_wpseo_linkdex":60,"pgc_sgb_lightbox_settings":"","footnotes":""},"categories":[988],"tags":[1807],"class_list":["post-3170","post","type-post","status-publish","format-standard","has-post-thumbnail","hentry","category-unternehmen","tag-unternehmen"],"acf":[],"yoast_head":"<!-- This site is optimized with the Yoast SEO plugin v27.5 - https:\/\/yoast.com\/product\/yoast-seo-wordpress\/ -->\n<title>Orascom Verlust: Quartalszahlen zeigen rote Zahlen<\/title>\n<meta name=\"description\" content=\"Neue Zahlen belegen den hohen Verlust von Orascom im ersten Quartal, haupts\u00e4chlich durch die schwierige Lage bei der Tochtergesellschaft OHD.\" \/>\n<meta name=\"robots\" content=\"index, follow, max-snippet:-1, max-image-preview:large, max-video-preview:-1\" \/>\n<link rel=\"canonical\" href=\"https:\/\/www.immobilienbusiness.ch\/it\/unternehmen\/2016-05-17\/orascom-rechnet-mit-hohem-verlust-in-q1\/\" \/>\n<meta property=\"og:locale\" content=\"it_IT\" \/>\n<meta property=\"og:type\" content=\"article\" \/>\n<meta property=\"og:title\" content=\"Orascom rechnet mit hohem Verlust in Q1\" \/>\n<meta property=\"og:description\" content=\"Die Orascom Development Holding (ODH) erwartet f\u00fcr das erste Quartal 2016 einen Umsatzr\u00fcckgang zwischen 17 und 20 Prozent und einen Nettoverlust in der Gr\u00f6ssenordnung von 26 bis 28 Millionen CHF. Damit w\u00fcrde der Verlust im ersten Quartal dieses Jahres gr\u00f6sser ausfallen als im gesamten letzten Jahr, als die ODH ein Minus von 22,5 Millionen machte.\" \/>\n<meta property=\"og:url\" content=\"https:\/\/www.immobilienbusiness.ch\/it\/unternehmen\/2016-05-17\/orascom-rechnet-mit-hohem-verlust-in-q1\/\" \/>\n<meta property=\"og:site_name\" content=\"IMMOBILIEN Business\" \/>\n<meta property=\"article:publisher\" content=\"https:\/\/www.facebook.com\/immobilienbusiness\/\" \/>\n<meta property=\"article:published_time\" content=\"2016-05-17T06:51:13+00:00\" \/>\n<meta name=\"author\" content=\"Redaktion\" \/>\n<meta name=\"twitter:card\" content=\"summary_large_image\" \/>\n<meta name=\"twitter:image\" content=\"https:\/\/www.immobilienbusiness.ch\/wp-content\/uploads\/2016\/12\/Orascom-rechnet-mit-hohem-Verlust-in-Q1-immobilien-business.jpg\" \/>\n<script type=\"application\/ld+json\" class=\"yoast-schema-graph\">{\"@context\":\"https:\\\/\\\/schema.org\",\"@graph\":[{\"@type\":\"Article\",\"@id\":\"https:\\\/\\\/www.immobilienbusiness.ch\\\/unternehmen\\\/2016-05-17\\\/orascom-rechnet-mit-hohem-verlust-in-q1\\\/#article\",\"isPartOf\":{\"@id\":\"https:\\\/\\\/www.immobilienbusiness.ch\\\/unternehmen\\\/2016-05-17\\\/orascom-rechnet-mit-hohem-verlust-in-q1\\\/\"},\"author\":{\"name\":\"Redaktion\",\"@id\":\"https:\\\/\\\/www.immobilienbusiness.ch\\\/#\\\/schema\\\/person\\\/aa2bace6c5c5aad60102004a50c4eb1c\"},\"headline\":\"Orascom rechnet mit hohem Verlust in Q1\",\"datePublished\":\"2016-05-17T06:51:13+00:00\",\"mainEntityOfPage\":{\"@id\":\"https:\\\/\\\/www.immobilienbusiness.ch\\\/unternehmen\\\/2016-05-17\\\/orascom-rechnet-mit-hohem-verlust-in-q1\\\/\"},\"wordCount\":109,\"commentCount\":0,\"publisher\":{\"@id\":\"https:\\\/\\\/www.immobilienbusiness.ch\\\/#organization\"},\"image\":{\"@id\":\"https:\\\/\\\/www.immobilienbusiness.ch\\\/unternehmen\\\/2016-05-17\\\/orascom-rechnet-mit-hohem-verlust-in-q1\\\/#primaryimage\"},\"thumbnailUrl\":\"https:\\\/\\\/www.immobilienbusiness.ch\\\/wp-content\\\/uploads\\\/2016\\\/12\\\/Orascom-rechnet-mit-hohem-Verlust-in-Q1-immobilien-business.jpg\",\"keywords\":[\"Unternehmen\"],\"articleSection\":[\"UNTERNEHMEN\"],\"inLanguage\":\"it-IT\"},{\"@type\":\"WebPage\",\"@id\":\"https:\\\/\\\/www.immobilienbusiness.ch\\\/unternehmen\\\/2016-05-17\\\/orascom-rechnet-mit-hohem-verlust-in-q1\\\/\",\"url\":\"https:\\\/\\\/www.immobilienbusiness.ch\\\/unternehmen\\\/2016-05-17\\\/orascom-rechnet-mit-hohem-verlust-in-q1\\\/\",\"name\":\"Orascom Verlust: Quartalszahlen zeigen rote Zahlen\",\"isPartOf\":{\"@id\":\"https:\\\/\\\/www.immobilienbusiness.ch\\\/#website\"},\"primaryImageOfPage\":{\"@id\":\"https:\\\/\\\/www.immobilienbusiness.ch\\\/unternehmen\\\/2016-05-17\\\/orascom-rechnet-mit-hohem-verlust-in-q1\\\/#primaryimage\"},\"image\":{\"@id\":\"https:\\\/\\\/www.immobilienbusiness.ch\\\/unternehmen\\\/2016-05-17\\\/orascom-rechnet-mit-hohem-verlust-in-q1\\\/#primaryimage\"},\"thumbnailUrl\":\"https:\\\/\\\/www.immobilienbusiness.ch\\\/wp-content\\\/uploads\\\/2016\\\/12\\\/Orascom-rechnet-mit-hohem-Verlust-in-Q1-immobilien-business.jpg\",\"datePublished\":\"2016-05-17T06:51:13+00:00\",\"description\":\"Neue Zahlen belegen den hohen Verlust von Orascom im ersten Quartal, haupts\u00e4chlich durch die schwierige Lage bei der Tochtergesellschaft OHD.\",\"breadcrumb\":{\"@id\":\"https:\\\/\\\/www.immobilienbusiness.ch\\\/unternehmen\\\/2016-05-17\\\/orascom-rechnet-mit-hohem-verlust-in-q1\\\/#breadcrumb\"},\"inLanguage\":\"it-IT\",\"potentialAction\":[{\"@type\":\"ReadAction\",\"target\":[\"https:\\\/\\\/www.immobilienbusiness.ch\\\/unternehmen\\\/2016-05-17\\\/orascom-rechnet-mit-hohem-verlust-in-q1\\\/\"]}]},{\"@type\":\"ImageObject\",\"inLanguage\":\"it-IT\",\"@id\":\"https:\\\/\\\/www.immobilienbusiness.ch\\\/unternehmen\\\/2016-05-17\\\/orascom-rechnet-mit-hohem-verlust-in-q1\\\/#primaryimage\",\"url\":\"https:\\\/\\\/www.immobilienbusiness.ch\\\/wp-content\\\/uploads\\\/2016\\\/12\\\/Orascom-rechnet-mit-hohem-Verlust-in-Q1-immobilien-business.jpg\",\"contentUrl\":\"https:\\\/\\\/www.immobilienbusiness.ch\\\/wp-content\\\/uploads\\\/2016\\\/12\\\/Orascom-rechnet-mit-hohem-Verlust-in-Q1-immobilien-business.jpg\",\"width\":800,\"height\":534,\"caption\":\"Die Orascom-Destination El Gouna (Foto: Orascom Development)\"},{\"@type\":\"BreadcrumbList\",\"@id\":\"https:\\\/\\\/www.immobilienbusiness.ch\\\/unternehmen\\\/2016-05-17\\\/orascom-rechnet-mit-hohem-verlust-in-q1\\\/#breadcrumb\",\"itemListElement\":[{\"@type\":\"ListItem\",\"position\":1,\"name\":\"Home\",\"item\":\"https:\\\/\\\/www.immobilienbusiness.ch\\\/\"},{\"@type\":\"ListItem\",\"position\":2,\"name\":\"Orascom rechnet mit hohem Verlust in Q1\"}]},{\"@type\":\"WebSite\",\"@id\":\"https:\\\/\\\/www.immobilienbusiness.ch\\\/#website\",\"url\":\"https:\\\/\\\/www.immobilienbusiness.ch\\\/\",\"name\":\"IMMOBILIEN Business\",\"description\":\"Unabh\u00e4ngiges Schweizer Wirtschaftsmagazin mit Fokus auf Immobilien, Architektur- und Bau sowie Investment- und Finanzierung.\",\"publisher\":{\"@id\":\"https:\\\/\\\/www.immobilienbusiness.ch\\\/#organization\"},\"potentialAction\":[{\"@type\":\"SearchAction\",\"target\":{\"@type\":\"EntryPoint\",\"urlTemplate\":\"https:\\\/\\\/www.immobilienbusiness.ch\\\/?s={search_term_string}\"},\"query-input\":{\"@type\":\"PropertyValueSpecification\",\"valueRequired\":true,\"valueName\":\"search_term_string\"}}],\"inLanguage\":\"it-IT\"},{\"@type\":\"Organization\",\"@id\":\"https:\\\/\\\/www.immobilienbusiness.ch\\\/#organization\",\"name\":\"IMMOBILIEN Business\",\"url\":\"https:\\\/\\\/www.immobilienbusiness.ch\\\/\",\"logo\":{\"@type\":\"ImageObject\",\"inLanguage\":\"it-IT\",\"@id\":\"https:\\\/\\\/www.immobilienbusiness.ch\\\/#\\\/schema\\\/logo\\\/image\\\/\",\"url\":\"https:\\\/\\\/www.immobilienbusiness.ch\\\/wp-content\\\/uploads\\\/2021\\\/07\\\/logo_ib.png\",\"contentUrl\":\"https:\\\/\\\/www.immobilienbusiness.ch\\\/wp-content\\\/uploads\\\/2021\\\/07\\\/logo_ib.png\",\"width\":800,\"height\":181,\"caption\":\"IMMOBILIEN Business\"},\"image\":{\"@id\":\"https:\\\/\\\/www.immobilienbusiness.ch\\\/#\\\/schema\\\/logo\\\/image\\\/\"},\"sameAs\":[\"https:\\\/\\\/www.facebook.com\\\/immobilienbusiness\\\/\"]},{\"@type\":\"Person\",\"@id\":\"https:\\\/\\\/www.immobilienbusiness.ch\\\/#\\\/schema\\\/person\\\/aa2bace6c5c5aad60102004a50c4eb1c\",\"name\":\"Redaktion\",\"image\":{\"@type\":\"ImageObject\",\"inLanguage\":\"it-IT\",\"@id\":\"https:\\\/\\\/secure.gravatar.com\\\/avatar\\\/ae2f4d718e6c49043e314ce431e7e645d646302a24a5ef5a8bc8e3f5a032e319?s=96&d=mm&r=g\",\"url\":\"https:\\\/\\\/secure.gravatar.com\\\/avatar\\\/ae2f4d718e6c49043e314ce431e7e645d646302a24a5ef5a8bc8e3f5a032e319?s=96&d=mm&r=g\",\"contentUrl\":\"https:\\\/\\\/secure.gravatar.com\\\/avatar\\\/ae2f4d718e6c49043e314ce431e7e645d646302a24a5ef5a8bc8e3f5a032e319?s=96&d=mm&r=g\",\"caption\":\"Redaktion\"},\"sameAs\":[\"http:\\\/\\\/develop.organisator.galledia.ch\"],\"url\":\"https:\\\/\\\/www.immobilienbusiness.ch\\\/it\\\/author\\\/admin\\\/\"}]}<\/script>\n<!-- \/ Yoast SEO plugin. -->","yoast_head_json":{"title":"Orascom Verlust: Quartalszahlen zeigen rote Zahlen","description":"Neue Zahlen belegen den hohen Verlust von Orascom im ersten Quartal, haupts\u00e4chlich durch die schwierige Lage bei der Tochtergesellschaft OHD.","robots":{"index":"index","follow":"follow","max-snippet":"max-snippet:-1","max-image-preview":"max-image-preview:large","max-video-preview":"max-video-preview:-1"},"canonical":"https:\/\/www.immobilienbusiness.ch\/it\/unternehmen\/2016-05-17\/orascom-rechnet-mit-hohem-verlust-in-q1\/","og_locale":"it_IT","og_type":"article","og_title":"Orascom rechnet mit hohem Verlust in Q1","og_description":"Die Orascom Development Holding (ODH) erwartet f\u00fcr das erste Quartal 2016 einen Umsatzr\u00fcckgang zwischen 17 und 20 Prozent und einen Nettoverlust in der Gr\u00f6ssenordnung von 26 bis 28 Millionen CHF. Damit w\u00fcrde der Verlust im ersten Quartal dieses Jahres gr\u00f6sser ausfallen als im gesamten letzten Jahr, als die ODH ein Minus von 22,5 Millionen machte.","og_url":"https:\/\/www.immobilienbusiness.ch\/it\/unternehmen\/2016-05-17\/orascom-rechnet-mit-hohem-verlust-in-q1\/","og_site_name":"IMMOBILIEN Business","article_publisher":"https:\/\/www.facebook.com\/immobilienbusiness\/","article_published_time":"2016-05-17T06:51:13+00:00","author":"Redaktion","twitter_card":"summary_large_image","twitter_image":"https:\/\/www.immobilienbusiness.ch\/wp-content\/uploads\/2016\/12\/Orascom-rechnet-mit-hohem-Verlust-in-Q1-immobilien-business.jpg","schema":{"@context":"https:\/\/schema.org","@graph":[{"@type":"Article","@id":"https:\/\/www.immobilienbusiness.ch\/unternehmen\/2016-05-17\/orascom-rechnet-mit-hohem-verlust-in-q1\/#article","isPartOf":{"@id":"https:\/\/www.immobilienbusiness.ch\/unternehmen\/2016-05-17\/orascom-rechnet-mit-hohem-verlust-in-q1\/"},"author":{"name":"Redaktion","@id":"https:\/\/www.immobilienbusiness.ch\/#\/schema\/person\/aa2bace6c5c5aad60102004a50c4eb1c"},"headline":"Orascom rechnet mit hohem Verlust in Q1","datePublished":"2016-05-17T06:51:13+00:00","mainEntityOfPage":{"@id":"https:\/\/www.immobilienbusiness.ch\/unternehmen\/2016-05-17\/orascom-rechnet-mit-hohem-verlust-in-q1\/"},"wordCount":109,"commentCount":0,"publisher":{"@id":"https:\/\/www.immobilienbusiness.ch\/#organization"},"image":{"@id":"https:\/\/www.immobilienbusiness.ch\/unternehmen\/2016-05-17\/orascom-rechnet-mit-hohem-verlust-in-q1\/#primaryimage"},"thumbnailUrl":"https:\/\/www.immobilienbusiness.ch\/wp-content\/uploads\/2016\/12\/Orascom-rechnet-mit-hohem-Verlust-in-Q1-immobilien-business.jpg","keywords":["Unternehmen"],"articleSection":["UNTERNEHMEN"],"inLanguage":"it-IT"},{"@type":"WebPage","@id":"https:\/\/www.immobilienbusiness.ch\/unternehmen\/2016-05-17\/orascom-rechnet-mit-hohem-verlust-in-q1\/","url":"https:\/\/www.immobilienbusiness.ch\/unternehmen\/2016-05-17\/orascom-rechnet-mit-hohem-verlust-in-q1\/","name":"Orascom Verlust: Quartalszahlen zeigen rote Zahlen","isPartOf":{"@id":"https:\/\/www.immobilienbusiness.ch\/#website"},"primaryImageOfPage":{"@id":"https:\/\/www.immobilienbusiness.ch\/unternehmen\/2016-05-17\/orascom-rechnet-mit-hohem-verlust-in-q1\/#primaryimage"},"image":{"@id":"https:\/\/www.immobilienbusiness.ch\/unternehmen\/2016-05-17\/orascom-rechnet-mit-hohem-verlust-in-q1\/#primaryimage"},"thumbnailUrl":"https:\/\/www.immobilienbusiness.ch\/wp-content\/uploads\/2016\/12\/Orascom-rechnet-mit-hohem-Verlust-in-Q1-immobilien-business.jpg","datePublished":"2016-05-17T06:51:13+00:00","description":"Neue Zahlen belegen den hohen Verlust von Orascom im ersten Quartal, haupts\u00e4chlich durch die schwierige Lage bei der Tochtergesellschaft OHD.","breadcrumb":{"@id":"https:\/\/www.immobilienbusiness.ch\/unternehmen\/2016-05-17\/orascom-rechnet-mit-hohem-verlust-in-q1\/#breadcrumb"},"inLanguage":"it-IT","potentialAction":[{"@type":"ReadAction","target":["https:\/\/www.immobilienbusiness.ch\/unternehmen\/2016-05-17\/orascom-rechnet-mit-hohem-verlust-in-q1\/"]}]},{"@type":"ImageObject","inLanguage":"it-IT","@id":"https:\/\/www.immobilienbusiness.ch\/unternehmen\/2016-05-17\/orascom-rechnet-mit-hohem-verlust-in-q1\/#primaryimage","url":"https:\/\/www.immobilienbusiness.ch\/wp-content\/uploads\/2016\/12\/Orascom-rechnet-mit-hohem-Verlust-in-Q1-immobilien-business.jpg","contentUrl":"https:\/\/www.immobilienbusiness.ch\/wp-content\/uploads\/2016\/12\/Orascom-rechnet-mit-hohem-Verlust-in-Q1-immobilien-business.jpg","width":800,"height":534,"caption":"Die Orascom-Destination El Gouna (Foto: Orascom Development)"},{"@type":"BreadcrumbList","@id":"https:\/\/www.immobilienbusiness.ch\/unternehmen\/2016-05-17\/orascom-rechnet-mit-hohem-verlust-in-q1\/#breadcrumb","itemListElement":[{"@type":"ListItem","position":1,"name":"Home","item":"https:\/\/www.immobilienbusiness.ch\/"},{"@type":"ListItem","position":2,"name":"Orascom rechnet mit hohem Verlust in Q1"}]},{"@type":"WebSite","@id":"https:\/\/www.immobilienbusiness.ch\/#website","url":"https:\/\/www.immobilienbusiness.ch\/","name":"Affari immobiliari","description":"Rivista economica indipendente svizzera che si concentra sul settore immobiliare, l'architettura e la costruzione, nonch\u00e9 sugli investimenti e i finanziamenti.","publisher":{"@id":"https:\/\/www.immobilienbusiness.ch\/#organization"},"potentialAction":[{"@type":"SearchAction","target":{"@type":"EntryPoint","urlTemplate":"https:\/\/www.immobilienbusiness.ch\/?s={search_term_string}"},"query-input":{"@type":"PropertyValueSpecification","valueRequired":true,"valueName":"search_term_string"}}],"inLanguage":"it-IT"},{"@type":"Organization","@id":"https:\/\/www.immobilienbusiness.ch\/#organization","name":"Affari immobiliari","url":"https:\/\/www.immobilienbusiness.ch\/","logo":{"@type":"ImageObject","inLanguage":"it-IT","@id":"https:\/\/www.immobilienbusiness.ch\/#\/schema\/logo\/image\/","url":"https:\/\/www.immobilienbusiness.ch\/wp-content\/uploads\/2021\/07\/logo_ib.png","contentUrl":"https:\/\/www.immobilienbusiness.ch\/wp-content\/uploads\/2021\/07\/logo_ib.png","width":800,"height":181,"caption":"IMMOBILIEN Business"},"image":{"@id":"https:\/\/www.immobilienbusiness.ch\/#\/schema\/logo\/image\/"},"sameAs":["https:\/\/www.facebook.com\/immobilienbusiness\/"]},{"@type":"Person","@id":"https:\/\/www.immobilienbusiness.ch\/#\/schema\/person\/aa2bace6c5c5aad60102004a50c4eb1c","name":"Editoriale","image":{"@type":"ImageObject","inLanguage":"it-IT","@id":"https:\/\/secure.gravatar.com\/avatar\/ae2f4d718e6c49043e314ce431e7e645d646302a24a5ef5a8bc8e3f5a032e319?s=96&d=mm&r=g","url":"https:\/\/secure.gravatar.com\/avatar\/ae2f4d718e6c49043e314ce431e7e645d646302a24a5ef5a8bc8e3f5a032e319?s=96&d=mm&r=g","contentUrl":"https:\/\/secure.gravatar.com\/avatar\/ae2f4d718e6c49043e314ce431e7e645d646302a24a5ef5a8bc8e3f5a032e319?s=96&d=mm&r=g","caption":"Redaktion"},"sameAs":["http:\/\/develop.organisator.galledia.ch"],"url":"https:\/\/www.immobilienbusiness.ch\/it\/author\/admin\/"}]}},"_links":{"self":[{"href":"https:\/\/www.immobilienbusiness.ch\/it\/wp-json\/wp\/v2\/posts\/3170","targetHints":{"allow":["GET"]}}],"collection":[{"href":"https:\/\/www.immobilienbusiness.ch\/it\/wp-json\/wp\/v2\/posts"}],"about":[{"href":"https:\/\/www.immobilienbusiness.ch\/it\/wp-json\/wp\/v2\/types\/post"}],"author":[{"embeddable":true,"href":"https:\/\/www.immobilienbusiness.ch\/it\/wp-json\/wp\/v2\/users\/1"}],"replies":[{"embeddable":true,"href":"https:\/\/www.immobilienbusiness.ch\/it\/wp-json\/wp\/v2\/comments?post=3170"}],"version-history":[{"count":0,"href":"https:\/\/www.immobilienbusiness.ch\/it\/wp-json\/wp\/v2\/posts\/3170\/revisions"}],"wp:featuredmedia":[{"embeddable":true,"href":"https:\/\/www.immobilienbusiness.ch\/it\/wp-json\/wp\/v2\/media\/3174"}],"wp:attachment":[{"href":"https:\/\/www.immobilienbusiness.ch\/it\/wp-json\/wp\/v2\/media?parent=3170"}],"wp:term":[{"taxonomy":"category","embeddable":true,"href":"https:\/\/www.immobilienbusiness.ch\/it\/wp-json\/wp\/v2\/categories?post=3170"},{"taxonomy":"post_tag","embeddable":true,"href":"https:\/\/www.immobilienbusiness.ch\/it\/wp-json\/wp\/v2\/tags?post=3170"}],"curies":[{"name":"wp","href":"https:\/\/api.w.org\/{rel}","templated":true}]}}