{"id":3100,"date":"2016-05-12T09:06:40","date_gmt":"2016-05-12T07:06:40","guid":{"rendered":"http:\/\/dev.immobilienbusiness.ch\/?p=3100"},"modified":"2016-05-12T09:06:40","modified_gmt":"2016-05-12T07:06:40","slug":"spatenstich-fuer-sbb-projekt-in-schlieren","status":"publish","type":"post","link":"https:\/\/www.immobilienbusiness.ch\/it\/buero\/2016-05-12\/spatenstich-fuer-sbb-projekt-in-schlieren\/","title":{"rendered":"Cerimonia di posa della prima pietra per il progetto delle FFS a Schlieren"},"content":{"rendered":"<figure id=\"attachment_3105\" aria-describedby=\"caption-attachment-3105\" style=\"width: 680px\" class=\"wp-caption alignnone\"><img loading=\"lazy\" decoding=\"async\" class=\"size-medium wp-image-3105\" src=\"https:\/\/immobilienbusiness.ch\/wp-content\/uploads\/2016\/12\/Spatenstich-f\u00fcr-SBB-Projekt-in-Schlieren-immobilien-business.jpg\" alt=\"Die \u00dcberbauung am Bahnhof Schlieren (Visualisierung: SBB Immobilien)\" width=\"680\" height=\"453\" \/><figcaption id=\"caption-attachment-3105\" class=\"wp-caption-text\">Lo sviluppo della stazione di Schlieren (visualizzazione: FFS Immobilien)<\/figcaption><\/figure>\n<p>A ovest della stazione di Schlieren, un edificio residenziale lungo i binari delimiter\u00e0 la piazza della stazione e la animer\u00e0 in futuro con usi pubblici al piano terra. Ci saranno 30 appartamenti da 2,5 a 4,5 stanze, alcuni con spazi abitativi sovradimensionati, che saranno commercializzati a partire dalla fine del 2017.<\/p>\n<p>L'estremit\u00e0 dell'area della stazione \u00e8 formata da un edificio per uffici con usi commerciali al piano terra, direttamente accanto al sottopassaggio passeggeri ovest.<\/p>\n<p>Questi nuovi edifici colmano il divario urbano tra l'edificio della stazione e gli edifici residenziali adiacenti. L'occupazione degli edifici residenziali e per uffici \u00e8 prevista per la met\u00e0 o la fine del 2018.<\/p>\n<p>Un altro progetto prevede la ristrutturazione dell'edificio storico e classificato della stazione. Inoltre, \u00e8 prevista la costruzione di un padiglione-chiosco che segner\u00e0 l'accesso principale ai treni. Attualmente sono in corso discussioni tra le FFS e la citt\u00e0 di Schlieren. L'inizio dei lavori di ristrutturazione dell'edificio della stazione e del padiglione dei chioschi \u00e8 previsto per la fine del 2018 e l'apertura per l'autunno 2019.<\/p>\n<p>Le FFS investono circa 32 milioni di franchi nella prima fase del progetto \"Am Bahnhof Schlieren\". (ah)<\/p>","protected":false},"excerpt":{"rendered":"<p>L'11 maggio si \u00e8 svolta la cerimonia di inaugurazione dei due nuovi edifici della stazione di Schlieren. Le FFS stanno costruendo una sequenza di tre edifici dal design diverso su un'area di 10.000 metri quadrati.<\/p>","protected":false},"author":1,"featured_media":3105,"comment_status":"open","ping_status":"open","sticky":false,"template":"","format":"standard","meta":{"_acf_changed":false,"_yoast_wpseo_focuskw":"Bahnhof Schlieren","_yoast_wpseo_title":"Bahnhof Schlieren: Neue \u00dcberbauung und Sanierung starten","_yoast_wpseo_metadesc":"In Schlieren entstehen neue Wohn- und B\u00fcrogeb\u00e4ude am Bahnhof, inklusive Sanierung des historischen Bahnhofsgeb\u00e4udes und Kioskpavillon.","_yoast_wpseo_linkdex":48,"pgc_sgb_lightbox_settings":"","footnotes":""},"categories":[983,985,986],"tags":[1118,1601,1629,1639,1862,1888],"class_list":["post-3100","post","type-post","status-publish","format-standard","has-post-thumbnail","hentry","category-buero","category-regionen","category-residential","tag-buero","tag-projektentwicklung","tag-regionen","tag-residential","tag-wohnen","tag-zuerich"],"acf":[],"yoast_head":"<!-- This site is optimized with the Yoast SEO plugin v27.5 - https:\/\/yoast.com\/product\/yoast-seo-wordpress\/ -->\n<title>Bahnhof Schlieren: Neue \u00dcberbauung und Sanierung starten<\/title>\n<meta name=\"description\" content=\"In Schlieren entstehen neue Wohn- und B\u00fcrogeb\u00e4ude am Bahnhof, inklusive Sanierung des historischen Bahnhofsgeb\u00e4udes und Kioskpavillon.\" \/>\n<meta name=\"robots\" content=\"index, follow, max-snippet:-1, max-image-preview:large, max-video-preview:-1\" \/>\n<link rel=\"canonical\" href=\"https:\/\/www.immobilienbusiness.ch\/it\/buero\/2016-05-12\/spatenstich-fuer-sbb-projekt-in-schlieren\/\" \/>\n<meta property=\"og:locale\" content=\"it_IT\" \/>\n<meta property=\"og:type\" content=\"article\" \/>\n<meta property=\"og:title\" content=\"Spatenstich f\u00fcr SBB-Projekt in Schlieren\" \/>\n<meta property=\"og:description\" content=\"Am 11. Mai hat der Spatenstich f\u00fcr zwei Neubauten beim Bahnhof Schlieren stattgefunden. Auf einem 10.000 Quadratmeter grossen Areal errichtet die SBB eine Abfolge von insgesamt drei unterschiedlich gestalteten Geb\u00e4uden.\" \/>\n<meta property=\"og:url\" content=\"https:\/\/www.immobilienbusiness.ch\/it\/buero\/2016-05-12\/spatenstich-fuer-sbb-projekt-in-schlieren\/\" \/>\n<meta property=\"og:site_name\" content=\"IMMOBILIEN Business\" \/>\n<meta property=\"article:publisher\" content=\"https:\/\/www.facebook.com\/immobilienbusiness\/\" \/>\n<meta property=\"article:published_time\" content=\"2016-05-12T07:06:40+00:00\" \/>\n<meta name=\"author\" content=\"Redaktion\" \/>\n<meta name=\"twitter:card\" content=\"summary_large_image\" \/>\n<meta name=\"twitter:image\" content=\"https:\/\/www.immobilienbusiness.ch\/wp-content\/uploads\/2016\/12\/Spatenstich-fuer-SBB-Projekt-in-Schlieren-immobilien-business.jpg\" \/>\n<script type=\"application\/ld+json\" class=\"yoast-schema-graph\">{\"@context\":\"https:\\\/\\\/schema.org\",\"@graph\":[{\"@type\":\"Article\",\"@id\":\"https:\\\/\\\/www.immobilienbusiness.ch\\\/buero\\\/2016-05-12\\\/spatenstich-fuer-sbb-projekt-in-schlieren\\\/#article\",\"isPartOf\":{\"@id\":\"https:\\\/\\\/www.immobilienbusiness.ch\\\/buero\\\/2016-05-12\\\/spatenstich-fuer-sbb-projekt-in-schlieren\\\/\"},\"author\":{\"name\":\"Redaktion\",\"@id\":\"https:\\\/\\\/www.immobilienbusiness.ch\\\/#\\\/schema\\\/person\\\/aa2bace6c5c5aad60102004a50c4eb1c\"},\"headline\":\"Spatenstich f\u00fcr SBB-Projekt in Schlieren\",\"datePublished\":\"2016-05-12T07:06:40+00:00\",\"mainEntityOfPage\":{\"@id\":\"https:\\\/\\\/www.immobilienbusiness.ch\\\/buero\\\/2016-05-12\\\/spatenstich-fuer-sbb-projekt-in-schlieren\\\/\"},\"wordCount\":192,\"commentCount\":0,\"publisher\":{\"@id\":\"https:\\\/\\\/www.immobilienbusiness.ch\\\/#organization\"},\"image\":{\"@id\":\"https:\\\/\\\/www.immobilienbusiness.ch\\\/buero\\\/2016-05-12\\\/spatenstich-fuer-sbb-projekt-in-schlieren\\\/#primaryimage\"},\"thumbnailUrl\":\"https:\\\/\\\/www.immobilienbusiness.ch\\\/wp-content\\\/uploads\\\/2016\\\/12\\\/Spatenstich-fuer-SBB-Projekt-in-Schlieren-immobilien-business.jpg\",\"keywords\":[\"B\u00fcro\",\"Projektentwicklung\",\"Regionen\",\"Residential\",\"Wohnen\",\"Z\u00fcrich\"],\"articleSection\":[\"B\u00dcRO\",\"REGIONEN\",\"RESIDENTIAL\"],\"inLanguage\":\"it-IT\"},{\"@type\":\"WebPage\",\"@id\":\"https:\\\/\\\/www.immobilienbusiness.ch\\\/buero\\\/2016-05-12\\\/spatenstich-fuer-sbb-projekt-in-schlieren\\\/\",\"url\":\"https:\\\/\\\/www.immobilienbusiness.ch\\\/buero\\\/2016-05-12\\\/spatenstich-fuer-sbb-projekt-in-schlieren\\\/\",\"name\":\"Bahnhof Schlieren: Neue \u00dcberbauung und Sanierung starten\",\"isPartOf\":{\"@id\":\"https:\\\/\\\/www.immobilienbusiness.ch\\\/#website\"},\"primaryImageOfPage\":{\"@id\":\"https:\\\/\\\/www.immobilienbusiness.ch\\\/buero\\\/2016-05-12\\\/spatenstich-fuer-sbb-projekt-in-schlieren\\\/#primaryimage\"},\"image\":{\"@id\":\"https:\\\/\\\/www.immobilienbusiness.ch\\\/buero\\\/2016-05-12\\\/spatenstich-fuer-sbb-projekt-in-schlieren\\\/#primaryimage\"},\"thumbnailUrl\":\"https:\\\/\\\/www.immobilienbusiness.ch\\\/wp-content\\\/uploads\\\/2016\\\/12\\\/Spatenstich-fuer-SBB-Projekt-in-Schlieren-immobilien-business.jpg\",\"datePublished\":\"2016-05-12T07:06:40+00:00\",\"description\":\"In Schlieren entstehen neue Wohn- und B\u00fcrogeb\u00e4ude am Bahnhof, inklusive Sanierung des historischen Bahnhofsgeb\u00e4udes und Kioskpavillon.\",\"breadcrumb\":{\"@id\":\"https:\\\/\\\/www.immobilienbusiness.ch\\\/buero\\\/2016-05-12\\\/spatenstich-fuer-sbb-projekt-in-schlieren\\\/#breadcrumb\"},\"inLanguage\":\"it-IT\",\"potentialAction\":[{\"@type\":\"ReadAction\",\"target\":[\"https:\\\/\\\/www.immobilienbusiness.ch\\\/buero\\\/2016-05-12\\\/spatenstich-fuer-sbb-projekt-in-schlieren\\\/\"]}]},{\"@type\":\"ImageObject\",\"inLanguage\":\"it-IT\",\"@id\":\"https:\\\/\\\/www.immobilienbusiness.ch\\\/buero\\\/2016-05-12\\\/spatenstich-fuer-sbb-projekt-in-schlieren\\\/#primaryimage\",\"url\":\"https:\\\/\\\/www.immobilienbusiness.ch\\\/wp-content\\\/uploads\\\/2016\\\/12\\\/Spatenstich-fuer-SBB-Projekt-in-Schlieren-immobilien-business.jpg\",\"contentUrl\":\"https:\\\/\\\/www.immobilienbusiness.ch\\\/wp-content\\\/uploads\\\/2016\\\/12\\\/Spatenstich-fuer-SBB-Projekt-in-Schlieren-immobilien-business.jpg\",\"width\":1280,\"height\":853,\"caption\":\"Die \u00dcberbauung am Bahnhof Schlieren (Visualisierung: SBB Immobilien)\"},{\"@type\":\"BreadcrumbList\",\"@id\":\"https:\\\/\\\/www.immobilienbusiness.ch\\\/buero\\\/2016-05-12\\\/spatenstich-fuer-sbb-projekt-in-schlieren\\\/#breadcrumb\",\"itemListElement\":[{\"@type\":\"ListItem\",\"position\":1,\"name\":\"Home\",\"item\":\"https:\\\/\\\/www.immobilienbusiness.ch\\\/\"},{\"@type\":\"ListItem\",\"position\":2,\"name\":\"Spatenstich f\u00fcr SBB-Projekt in Schlieren\"}]},{\"@type\":\"WebSite\",\"@id\":\"https:\\\/\\\/www.immobilienbusiness.ch\\\/#website\",\"url\":\"https:\\\/\\\/www.immobilienbusiness.ch\\\/\",\"name\":\"IMMOBILIEN Business\",\"description\":\"Unabh\u00e4ngiges Schweizer Wirtschaftsmagazin mit Fokus auf Immobilien, Architektur- und Bau sowie Investment- und Finanzierung.\",\"publisher\":{\"@id\":\"https:\\\/\\\/www.immobilienbusiness.ch\\\/#organization\"},\"potentialAction\":[{\"@type\":\"SearchAction\",\"target\":{\"@type\":\"EntryPoint\",\"urlTemplate\":\"https:\\\/\\\/www.immobilienbusiness.ch\\\/?s={search_term_string}\"},\"query-input\":{\"@type\":\"PropertyValueSpecification\",\"valueRequired\":true,\"valueName\":\"search_term_string\"}}],\"inLanguage\":\"it-IT\"},{\"@type\":\"Organization\",\"@id\":\"https:\\\/\\\/www.immobilienbusiness.ch\\\/#organization\",\"name\":\"IMMOBILIEN Business\",\"url\":\"https:\\\/\\\/www.immobilienbusiness.ch\\\/\",\"logo\":{\"@type\":\"ImageObject\",\"inLanguage\":\"it-IT\",\"@id\":\"https:\\\/\\\/www.immobilienbusiness.ch\\\/#\\\/schema\\\/logo\\\/image\\\/\",\"url\":\"https:\\\/\\\/www.immobilienbusiness.ch\\\/wp-content\\\/uploads\\\/2021\\\/07\\\/logo_ib.png\",\"contentUrl\":\"https:\\\/\\\/www.immobilienbusiness.ch\\\/wp-content\\\/uploads\\\/2021\\\/07\\\/logo_ib.png\",\"width\":800,\"height\":181,\"caption\":\"IMMOBILIEN Business\"},\"image\":{\"@id\":\"https:\\\/\\\/www.immobilienbusiness.ch\\\/#\\\/schema\\\/logo\\\/image\\\/\"},\"sameAs\":[\"https:\\\/\\\/www.facebook.com\\\/immobilienbusiness\\\/\"]},{\"@type\":\"Person\",\"@id\":\"https:\\\/\\\/www.immobilienbusiness.ch\\\/#\\\/schema\\\/person\\\/aa2bace6c5c5aad60102004a50c4eb1c\",\"name\":\"Redaktion\",\"image\":{\"@type\":\"ImageObject\",\"inLanguage\":\"it-IT\",\"@id\":\"https:\\\/\\\/secure.gravatar.com\\\/avatar\\\/ae2f4d718e6c49043e314ce431e7e645d646302a24a5ef5a8bc8e3f5a032e319?s=96&d=mm&r=g\",\"url\":\"https:\\\/\\\/secure.gravatar.com\\\/avatar\\\/ae2f4d718e6c49043e314ce431e7e645d646302a24a5ef5a8bc8e3f5a032e319?s=96&d=mm&r=g\",\"contentUrl\":\"https:\\\/\\\/secure.gravatar.com\\\/avatar\\\/ae2f4d718e6c49043e314ce431e7e645d646302a24a5ef5a8bc8e3f5a032e319?s=96&d=mm&r=g\",\"caption\":\"Redaktion\"},\"sameAs\":[\"http:\\\/\\\/develop.organisator.galledia.ch\"],\"url\":\"https:\\\/\\\/www.immobilienbusiness.ch\\\/it\\\/author\\\/admin\\\/\"}]}<\/script>\n<!-- \/ Yoast SEO plugin. -->","yoast_head_json":{"title":"Bahnhof Schlieren: Neue \u00dcberbauung und Sanierung starten","description":"In Schlieren entstehen neue Wohn- und B\u00fcrogeb\u00e4ude am Bahnhof, inklusive Sanierung des historischen Bahnhofsgeb\u00e4udes und Kioskpavillon.","robots":{"index":"index","follow":"follow","max-snippet":"max-snippet:-1","max-image-preview":"max-image-preview:large","max-video-preview":"max-video-preview:-1"},"canonical":"https:\/\/www.immobilienbusiness.ch\/it\/buero\/2016-05-12\/spatenstich-fuer-sbb-projekt-in-schlieren\/","og_locale":"it_IT","og_type":"article","og_title":"Spatenstich f\u00fcr SBB-Projekt in Schlieren","og_description":"Am 11. Mai hat der Spatenstich f\u00fcr zwei Neubauten beim Bahnhof Schlieren stattgefunden. Auf einem 10.000 Quadratmeter grossen Areal errichtet die SBB eine Abfolge von insgesamt drei unterschiedlich gestalteten Geb\u00e4uden.","og_url":"https:\/\/www.immobilienbusiness.ch\/it\/buero\/2016-05-12\/spatenstich-fuer-sbb-projekt-in-schlieren\/","og_site_name":"IMMOBILIEN Business","article_publisher":"https:\/\/www.facebook.com\/immobilienbusiness\/","article_published_time":"2016-05-12T07:06:40+00:00","author":"Redaktion","twitter_card":"summary_large_image","twitter_image":"https:\/\/www.immobilienbusiness.ch\/wp-content\/uploads\/2016\/12\/Spatenstich-fuer-SBB-Projekt-in-Schlieren-immobilien-business.jpg","schema":{"@context":"https:\/\/schema.org","@graph":[{"@type":"Article","@id":"https:\/\/www.immobilienbusiness.ch\/buero\/2016-05-12\/spatenstich-fuer-sbb-projekt-in-schlieren\/#article","isPartOf":{"@id":"https:\/\/www.immobilienbusiness.ch\/buero\/2016-05-12\/spatenstich-fuer-sbb-projekt-in-schlieren\/"},"author":{"name":"Redaktion","@id":"https:\/\/www.immobilienbusiness.ch\/#\/schema\/person\/aa2bace6c5c5aad60102004a50c4eb1c"},"headline":"Spatenstich f\u00fcr SBB-Projekt in Schlieren","datePublished":"2016-05-12T07:06:40+00:00","mainEntityOfPage":{"@id":"https:\/\/www.immobilienbusiness.ch\/buero\/2016-05-12\/spatenstich-fuer-sbb-projekt-in-schlieren\/"},"wordCount":192,"commentCount":0,"publisher":{"@id":"https:\/\/www.immobilienbusiness.ch\/#organization"},"image":{"@id":"https:\/\/www.immobilienbusiness.ch\/buero\/2016-05-12\/spatenstich-fuer-sbb-projekt-in-schlieren\/#primaryimage"},"thumbnailUrl":"https:\/\/www.immobilienbusiness.ch\/wp-content\/uploads\/2016\/12\/Spatenstich-fuer-SBB-Projekt-in-Schlieren-immobilien-business.jpg","keywords":["B\u00fcro","Projektentwicklung","Regionen","Residential","Wohnen","Z\u00fcrich"],"articleSection":["B\u00dcRO","REGIONEN","RESIDENTIAL"],"inLanguage":"it-IT"},{"@type":"WebPage","@id":"https:\/\/www.immobilienbusiness.ch\/buero\/2016-05-12\/spatenstich-fuer-sbb-projekt-in-schlieren\/","url":"https:\/\/www.immobilienbusiness.ch\/buero\/2016-05-12\/spatenstich-fuer-sbb-projekt-in-schlieren\/","name":"Bahnhof Schlieren: Neue \u00dcberbauung und Sanierung starten","isPartOf":{"@id":"https:\/\/www.immobilienbusiness.ch\/#website"},"primaryImageOfPage":{"@id":"https:\/\/www.immobilienbusiness.ch\/buero\/2016-05-12\/spatenstich-fuer-sbb-projekt-in-schlieren\/#primaryimage"},"image":{"@id":"https:\/\/www.immobilienbusiness.ch\/buero\/2016-05-12\/spatenstich-fuer-sbb-projekt-in-schlieren\/#primaryimage"},"thumbnailUrl":"https:\/\/www.immobilienbusiness.ch\/wp-content\/uploads\/2016\/12\/Spatenstich-fuer-SBB-Projekt-in-Schlieren-immobilien-business.jpg","datePublished":"2016-05-12T07:06:40+00:00","description":"In Schlieren entstehen neue Wohn- und B\u00fcrogeb\u00e4ude am Bahnhof, inklusive Sanierung des historischen Bahnhofsgeb\u00e4udes und Kioskpavillon.","breadcrumb":{"@id":"https:\/\/www.immobilienbusiness.ch\/buero\/2016-05-12\/spatenstich-fuer-sbb-projekt-in-schlieren\/#breadcrumb"},"inLanguage":"it-IT","potentialAction":[{"@type":"ReadAction","target":["https:\/\/www.immobilienbusiness.ch\/buero\/2016-05-12\/spatenstich-fuer-sbb-projekt-in-schlieren\/"]}]},{"@type":"ImageObject","inLanguage":"it-IT","@id":"https:\/\/www.immobilienbusiness.ch\/buero\/2016-05-12\/spatenstich-fuer-sbb-projekt-in-schlieren\/#primaryimage","url":"https:\/\/www.immobilienbusiness.ch\/wp-content\/uploads\/2016\/12\/Spatenstich-fuer-SBB-Projekt-in-Schlieren-immobilien-business.jpg","contentUrl":"https:\/\/www.immobilienbusiness.ch\/wp-content\/uploads\/2016\/12\/Spatenstich-fuer-SBB-Projekt-in-Schlieren-immobilien-business.jpg","width":1280,"height":853,"caption":"Die \u00dcberbauung am Bahnhof Schlieren (Visualisierung: SBB Immobilien)"},{"@type":"BreadcrumbList","@id":"https:\/\/www.immobilienbusiness.ch\/buero\/2016-05-12\/spatenstich-fuer-sbb-projekt-in-schlieren\/#breadcrumb","itemListElement":[{"@type":"ListItem","position":1,"name":"Home","item":"https:\/\/www.immobilienbusiness.ch\/"},{"@type":"ListItem","position":2,"name":"Spatenstich f\u00fcr SBB-Projekt in Schlieren"}]},{"@type":"WebSite","@id":"https:\/\/www.immobilienbusiness.ch\/#website","url":"https:\/\/www.immobilienbusiness.ch\/","name":"Affari immobiliari","description":"Rivista economica indipendente svizzera che si concentra sul settore immobiliare, l'architettura e la costruzione, nonch\u00e9 sugli investimenti e i finanziamenti.","publisher":{"@id":"https:\/\/www.immobilienbusiness.ch\/#organization"},"potentialAction":[{"@type":"SearchAction","target":{"@type":"EntryPoint","urlTemplate":"https:\/\/www.immobilienbusiness.ch\/?s={search_term_string}"},"query-input":{"@type":"PropertyValueSpecification","valueRequired":true,"valueName":"search_term_string"}}],"inLanguage":"it-IT"},{"@type":"Organization","@id":"https:\/\/www.immobilienbusiness.ch\/#organization","name":"Affari immobiliari","url":"https:\/\/www.immobilienbusiness.ch\/","logo":{"@type":"ImageObject","inLanguage":"it-IT","@id":"https:\/\/www.immobilienbusiness.ch\/#\/schema\/logo\/image\/","url":"https:\/\/www.immobilienbusiness.ch\/wp-content\/uploads\/2021\/07\/logo_ib.png","contentUrl":"https:\/\/www.immobilienbusiness.ch\/wp-content\/uploads\/2021\/07\/logo_ib.png","width":800,"height":181,"caption":"IMMOBILIEN Business"},"image":{"@id":"https:\/\/www.immobilienbusiness.ch\/#\/schema\/logo\/image\/"},"sameAs":["https:\/\/www.facebook.com\/immobilienbusiness\/"]},{"@type":"Person","@id":"https:\/\/www.immobilienbusiness.ch\/#\/schema\/person\/aa2bace6c5c5aad60102004a50c4eb1c","name":"Editoriale","image":{"@type":"ImageObject","inLanguage":"it-IT","@id":"https:\/\/secure.gravatar.com\/avatar\/ae2f4d718e6c49043e314ce431e7e645d646302a24a5ef5a8bc8e3f5a032e319?s=96&d=mm&r=g","url":"https:\/\/secure.gravatar.com\/avatar\/ae2f4d718e6c49043e314ce431e7e645d646302a24a5ef5a8bc8e3f5a032e319?s=96&d=mm&r=g","contentUrl":"https:\/\/secure.gravatar.com\/avatar\/ae2f4d718e6c49043e314ce431e7e645d646302a24a5ef5a8bc8e3f5a032e319?s=96&d=mm&r=g","caption":"Redaktion"},"sameAs":["http:\/\/develop.organisator.galledia.ch"],"url":"https:\/\/www.immobilienbusiness.ch\/it\/author\/admin\/"}]}},"_links":{"self":[{"href":"https:\/\/www.immobilienbusiness.ch\/it\/wp-json\/wp\/v2\/posts\/3100","targetHints":{"allow":["GET"]}}],"collection":[{"href":"https:\/\/www.immobilienbusiness.ch\/it\/wp-json\/wp\/v2\/posts"}],"about":[{"href":"https:\/\/www.immobilienbusiness.ch\/it\/wp-json\/wp\/v2\/types\/post"}],"author":[{"embeddable":true,"href":"https:\/\/www.immobilienbusiness.ch\/it\/wp-json\/wp\/v2\/users\/1"}],"replies":[{"embeddable":true,"href":"https:\/\/www.immobilienbusiness.ch\/it\/wp-json\/wp\/v2\/comments?post=3100"}],"version-history":[{"count":0,"href":"https:\/\/www.immobilienbusiness.ch\/it\/wp-json\/wp\/v2\/posts\/3100\/revisions"}],"wp:featuredmedia":[{"embeddable":true,"href":"https:\/\/www.immobilienbusiness.ch\/it\/wp-json\/wp\/v2\/media\/3105"}],"wp:attachment":[{"href":"https:\/\/www.immobilienbusiness.ch\/it\/wp-json\/wp\/v2\/media?parent=3100"}],"wp:term":[{"taxonomy":"category","embeddable":true,"href":"https:\/\/www.immobilienbusiness.ch\/it\/wp-json\/wp\/v2\/categories?post=3100"},{"taxonomy":"post_tag","embeddable":true,"href":"https:\/\/www.immobilienbusiness.ch\/it\/wp-json\/wp\/v2\/tags?post=3100"}],"curies":[{"name":"wp","href":"https:\/\/api.w.org\/{rel}","templated":true}]}}