{"id":3021,"date":"2016-07-01T09:06:39","date_gmt":"2016-07-01T07:06:39","guid":{"rendered":"http:\/\/dev.immobilienbusiness.ch\/?p=3021"},"modified":"2016-07-01T09:06:39","modified_gmt":"2016-07-01T07:06:39","slug":"zuerich-untere-hoeschgasse-wird-zum-museumsviertel","status":"publish","type":"post","link":"https:\/\/www.immobilienbusiness.ch\/it\/regionen\/2016-07-01\/zuerich-untere-hoeschgasse-wird-zum-museumsviertel\/","title":{"rendered":"Zurigo: Untere H\u00f6schgasse diventa il quartiere dei musei"},"content":{"rendered":"<p>&nbsp;<\/p>\n<div id='gallery-1' class='gallery galleryid-3021 gallery-columns-3 gallery-size-thumbnail'><figure class='gallery-item'>\n\t\t\t<div class='gallery-icon landscape'>\n\t\t\t\t<a href='https:\/\/www.immobilienbusiness.ch\/it\/zuerich-untere-hoeschgasse-wird-zum-museumsviertel-1-immobilien-business\/'><img loading=\"lazy\" decoding=\"async\" width=\"150\" height=\"150\" src=\"https:\/\/www.immobilienbusiness.ch\/wp-content\/uploads\/2016\/12\/Zuerich-Untere-Hoeschgasse-wird-zum-Museumsviertel-1-immobilien-business-150x150.jpg\" class=\"attachment-thumbnail size-thumbnail\" alt=\"\" srcset=\"https:\/\/www.immobilienbusiness.ch\/wp-content\/uploads\/2016\/12\/Zuerich-Untere-Hoeschgasse-wird-zum-Museumsviertel-1-immobilien-business-150x150.jpg 150w, https:\/\/www.immobilienbusiness.ch\/wp-content\/uploads\/2016\/12\/Zuerich-Untere-Hoeschgasse-wird-zum-Museumsviertel-1-immobilien-business-250x250.jpg 250w, https:\/\/www.immobilienbusiness.ch\/wp-content\/uploads\/2016\/12\/Zuerich-Untere-Hoeschgasse-wird-zum-Museumsviertel-1-immobilien-business-100x100.jpg 100w\" sizes=\"auto, (max-width: 150px) 100vw, 150px\" \/><\/a>\n\t\t\t<\/div><\/figure><figure class='gallery-item'>\n\t\t\t<div class='gallery-icon landscape'>\n\t\t\t\t<a href='https:\/\/www.immobilienbusiness.ch\/it\/zuerich-untere-hoeschgasse-wird-zum-museumsviertel-2-immobilien-business\/'><img loading=\"lazy\" decoding=\"async\" width=\"150\" height=\"150\" src=\"https:\/\/www.immobilienbusiness.ch\/wp-content\/uploads\/2016\/12\/Zuerich-Untere-Hoeschgasse-wird-zum-Museumsviertel-2-immobilien-business-150x150.jpg\" class=\"attachment-thumbnail size-thumbnail\" alt=\"\" srcset=\"https:\/\/www.immobilienbusiness.ch\/wp-content\/uploads\/2016\/12\/Zuerich-Untere-Hoeschgasse-wird-zum-Museumsviertel-2-immobilien-business-150x150.jpg 150w, https:\/\/www.immobilienbusiness.ch\/wp-content\/uploads\/2016\/12\/Zuerich-Untere-Hoeschgasse-wird-zum-Museumsviertel-2-immobilien-business-250x250.jpg 250w, https:\/\/www.immobilienbusiness.ch\/wp-content\/uploads\/2016\/12\/Zuerich-Untere-Hoeschgasse-wird-zum-Museumsviertel-2-immobilien-business-100x100.jpg 100w\" sizes=\"auto, (max-width: 150px) 100vw, 150px\" \/><\/a>\n\t\t\t<\/div><\/figure><figure class='gallery-item'>\n\t\t\t<div class='gallery-icon landscape'>\n\t\t\t\t<a href='https:\/\/www.immobilienbusiness.ch\/it\/zuerich-untere-hoeschgasse-wird-zum-museumsviertel-3-immobilien-business\/'><img loading=\"lazy\" decoding=\"async\" width=\"150\" height=\"150\" src=\"https:\/\/www.immobilienbusiness.ch\/wp-content\/uploads\/2016\/12\/Zuerich-Untere-Hoeschgasse-wird-zum-Museumsviertel-3-immobilien-business-150x150.jpg\" class=\"attachment-thumbnail size-thumbnail\" alt=\"\" srcset=\"https:\/\/www.immobilienbusiness.ch\/wp-content\/uploads\/2016\/12\/Zuerich-Untere-Hoeschgasse-wird-zum-Museumsviertel-3-immobilien-business-150x150.jpg 150w, https:\/\/www.immobilienbusiness.ch\/wp-content\/uploads\/2016\/12\/Zuerich-Untere-Hoeschgasse-wird-zum-Museumsviertel-3-immobilien-business-250x250.jpg 250w, https:\/\/www.immobilienbusiness.ch\/wp-content\/uploads\/2016\/12\/Zuerich-Untere-Hoeschgasse-wird-zum-Museumsviertel-3-immobilien-business-100x100.jpg 100w\" sizes=\"auto, (max-width: 150px) 100vw, 150px\" \/><\/a>\n\t\t\t<\/div><\/figure>\n\t\t<\/div>\n\n<p>Untere H\u00f6schgasse diventa il quartiere dei musei (visualizzazioni \u00a9 renderwerk)<\/p>\n<p>&nbsp;<\/p>\n<p>La citt\u00e0 di Zurigo ha annunciato che Untere H\u00f6schgasse, a ovest di Bellerivestrasse, diventer\u00e0 una zona di incontro. In futuro, servir\u00e0 come punto di arrivo nel nuovo quartiere dei musei. Ulteriori percorsi miglioreranno l'accesso agli edifici. In tutta l'area di Untere H\u00f6schgasse saranno installati elementi di seduta coordinati e un'illuminazione standardizzata. La ristrutturazione avverr\u00e0 in pi\u00f9 fasi a partire dal 2017, insieme alle riparazioni degli edifici e della strada. Il completamento dei lavori \u00e8 previsto per il 2020.<\/p>\n<p>Il Padiglione Le Corbusier, classificato come monumento storico, sar\u00e0 ampiamente rinnovato tra l'autunno 2017 e la primavera 2019. Il progetto complessivo coster\u00e0 5,4 milioni di franchi svizzeri, compresi gli arredi, i lavori di sistemazione del paesaggio e le riserve.<\/p>\n<p>La citt\u00e0 vuole decidere il futuro utilizzo del Museo Bellerive alla fine del 2016. La citt\u00e0 sta attualmente esaminando nuove destinazioni d'uso per Villa Egli. Il piano pi\u00f9 recente prevedeva la creazione di un hotel e di un ristorante, ma il progetto \u00e8 stato inizialmente abbandonato dalla citt\u00e0 per motivi finanziari e di conservazione.<\/p>\n<p>L'Atelier Hermann Haller continuer\u00e0 a essere gestito come prima. La citt\u00e0 sta cercando un'organizzazione privata per la gestione del Padiglione Le Corbusier a partire dal 2019 e si prevede che pubblicher\u00e0 il relativo bando di gara a met\u00e0 2017. (ah)<\/p>","protected":false},"excerpt":{"rendered":"<p>L'area di Untere H\u00f6schgasse diventer\u00e0 il quartiere dei musei di Zurigo. La citt\u00e0 vuole ridisegnare lo spazio esterno intorno al Museo Bellerive, a Villa Egli, al Pavillon Le Corbusier e all'Atelier Hermann Haller per creare una coerenza visiva e spaziale.<\/p>","protected":false},"author":1,"featured_media":3026,"comment_status":"open","ping_status":"open","sticky":false,"template":"","format":"standard","meta":{"_acf_changed":false,"_yoast_wpseo_focuskw":"Museumsviertel","_yoast_wpseo_title":"","_yoast_wpseo_metadesc":"Das Gebiet der Unteren H\u00f6schgasse soll zu Z\u00fcrichs Museumsviertel werden.","_yoast_wpseo_linkdex":73,"pgc_sgb_lightbox_settings":"","footnotes":""},"categories":[985],"tags":[1629,1888],"class_list":["post-3021","post","type-post","status-publish","format-standard","has-post-thumbnail","hentry","category-regionen","tag-regionen","tag-zuerich"],"acf":[],"yoast_head":"<!-- This site is optimized with the Yoast SEO plugin v27.4 - https:\/\/yoast.com\/product\/yoast-seo-wordpress\/ -->\n<title>Z\u00fcrich: Untere H\u00f6schgasse wird zum Museumsviertel - IMMOBILIEN Business<\/title>\n<meta name=\"description\" content=\"Das Gebiet der Unteren H\u00f6schgasse soll zu Z\u00fcrichs Museumsviertel werden.\" \/>\n<meta name=\"robots\" content=\"index, follow, max-snippet:-1, max-image-preview:large, max-video-preview:-1\" \/>\n<link rel=\"canonical\" href=\"https:\/\/www.immobilienbusiness.ch\/it\/regionen\/2016-07-01\/zuerich-untere-hoeschgasse-wird-zum-museumsviertel\/\" \/>\n<meta property=\"og:locale\" content=\"it_IT\" \/>\n<meta property=\"og:type\" content=\"article\" \/>\n<meta property=\"og:title\" content=\"Z\u00fcrich: Untere H\u00f6schgasse wird zum Museumsviertel\" \/>\n<meta property=\"og:description\" content=\"Das Gebiet der Unteren H\u00f6schgasse soll zu Z\u00fcrichs Museumsviertel werden. Die Stadt will den Aussenraum rund um das Museum Bellerive, die Villa Egli, den Pavillon Le Corbusier und das Atelier Hermann Haller neu gestalten, um eine optische und r\u00e4umliche Zusammengeh\u00f6rigkeit entstehen zu lassen.\" \/>\n<meta property=\"og:url\" content=\"https:\/\/www.immobilienbusiness.ch\/it\/regionen\/2016-07-01\/zuerich-untere-hoeschgasse-wird-zum-museumsviertel\/\" \/>\n<meta property=\"og:site_name\" content=\"IMMOBILIEN Business\" \/>\n<meta property=\"article:publisher\" content=\"https:\/\/www.facebook.com\/immobilienbusiness\/\" \/>\n<meta property=\"article:published_time\" content=\"2016-07-01T07:06:39+00:00\" \/>\n<meta name=\"author\" content=\"Redaktion\" \/>\n<meta name=\"twitter:card\" content=\"summary_large_image\" \/>\n<meta name=\"twitter:image\" content=\"https:\/\/www.immobilienbusiness.ch\/wp-content\/uploads\/2016\/12\/Zuerich-Untere-Hoeschgasse-wird-zum-Museumsviertel-1-immobilien-business.jpg\" \/>\n<script type=\"application\/ld+json\" class=\"yoast-schema-graph\">{\"@context\":\"https:\\\/\\\/schema.org\",\"@graph\":[{\"@type\":\"Article\",\"@id\":\"https:\\\/\\\/www.immobilienbusiness.ch\\\/regionen\\\/2016-07-01\\\/zuerich-untere-hoeschgasse-wird-zum-museumsviertel\\\/#article\",\"isPartOf\":{\"@id\":\"https:\\\/\\\/www.immobilienbusiness.ch\\\/regionen\\\/2016-07-01\\\/zuerich-untere-hoeschgasse-wird-zum-museumsviertel\\\/\"},\"author\":{\"name\":\"Redaktion\",\"@id\":\"https:\\\/\\\/www.immobilienbusiness.ch\\\/#\\\/schema\\\/person\\\/aa2bace6c5c5aad60102004a50c4eb1c\"},\"headline\":\"Z\u00fcrich: Untere H\u00f6schgasse wird zum Museumsviertel\",\"datePublished\":\"2016-07-01T07:06:39+00:00\",\"mainEntityOfPage\":{\"@id\":\"https:\\\/\\\/www.immobilienbusiness.ch\\\/regionen\\\/2016-07-01\\\/zuerich-untere-hoeschgasse-wird-zum-museumsviertel\\\/\"},\"wordCount\":210,\"commentCount\":0,\"publisher\":{\"@id\":\"https:\\\/\\\/www.immobilienbusiness.ch\\\/#organization\"},\"image\":{\"@id\":\"https:\\\/\\\/www.immobilienbusiness.ch\\\/regionen\\\/2016-07-01\\\/zuerich-untere-hoeschgasse-wird-zum-museumsviertel\\\/#primaryimage\"},\"thumbnailUrl\":\"https:\\\/\\\/www.immobilienbusiness.ch\\\/wp-content\\\/uploads\\\/2016\\\/12\\\/Zuerich-Untere-Hoeschgasse-wird-zum-Museumsviertel-1-immobilien-business.jpg\",\"keywords\":[\"Regionen\",\"Z\u00fcrich\"],\"articleSection\":[\"REGIONEN\"],\"inLanguage\":\"it-IT\"},{\"@type\":\"WebPage\",\"@id\":\"https:\\\/\\\/www.immobilienbusiness.ch\\\/regionen\\\/2016-07-01\\\/zuerich-untere-hoeschgasse-wird-zum-museumsviertel\\\/\",\"url\":\"https:\\\/\\\/www.immobilienbusiness.ch\\\/regionen\\\/2016-07-01\\\/zuerich-untere-hoeschgasse-wird-zum-museumsviertel\\\/\",\"name\":\"Z\u00fcrich: Untere H\u00f6schgasse wird zum Museumsviertel - IMMOBILIEN Business\",\"isPartOf\":{\"@id\":\"https:\\\/\\\/www.immobilienbusiness.ch\\\/#website\"},\"primaryImageOfPage\":{\"@id\":\"https:\\\/\\\/www.immobilienbusiness.ch\\\/regionen\\\/2016-07-01\\\/zuerich-untere-hoeschgasse-wird-zum-museumsviertel\\\/#primaryimage\"},\"image\":{\"@id\":\"https:\\\/\\\/www.immobilienbusiness.ch\\\/regionen\\\/2016-07-01\\\/zuerich-untere-hoeschgasse-wird-zum-museumsviertel\\\/#primaryimage\"},\"thumbnailUrl\":\"https:\\\/\\\/www.immobilienbusiness.ch\\\/wp-content\\\/uploads\\\/2016\\\/12\\\/Zuerich-Untere-Hoeschgasse-wird-zum-Museumsviertel-1-immobilien-business.jpg\",\"datePublished\":\"2016-07-01T07:06:39+00:00\",\"description\":\"Das Gebiet der Unteren H\u00f6schgasse soll zu Z\u00fcrichs Museumsviertel werden.\",\"breadcrumb\":{\"@id\":\"https:\\\/\\\/www.immobilienbusiness.ch\\\/regionen\\\/2016-07-01\\\/zuerich-untere-hoeschgasse-wird-zum-museumsviertel\\\/#breadcrumb\"},\"inLanguage\":\"it-IT\",\"potentialAction\":[{\"@type\":\"ReadAction\",\"target\":[\"https:\\\/\\\/www.immobilienbusiness.ch\\\/regionen\\\/2016-07-01\\\/zuerich-untere-hoeschgasse-wird-zum-museumsviertel\\\/\"]}]},{\"@type\":\"ImageObject\",\"inLanguage\":\"it-IT\",\"@id\":\"https:\\\/\\\/www.immobilienbusiness.ch\\\/regionen\\\/2016-07-01\\\/zuerich-untere-hoeschgasse-wird-zum-museumsviertel\\\/#primaryimage\",\"url\":\"https:\\\/\\\/www.immobilienbusiness.ch\\\/wp-content\\\/uploads\\\/2016\\\/12\\\/Zuerich-Untere-Hoeschgasse-wird-zum-Museumsviertel-1-immobilien-business.jpg\",\"contentUrl\":\"https:\\\/\\\/www.immobilienbusiness.ch\\\/wp-content\\\/uploads\\\/2016\\\/12\\\/Zuerich-Untere-Hoeschgasse-wird-zum-Museumsviertel-1-immobilien-business.jpg\",\"width\":2400,\"height\":1600},{\"@type\":\"BreadcrumbList\",\"@id\":\"https:\\\/\\\/www.immobilienbusiness.ch\\\/regionen\\\/2016-07-01\\\/zuerich-untere-hoeschgasse-wird-zum-museumsviertel\\\/#breadcrumb\",\"itemListElement\":[{\"@type\":\"ListItem\",\"position\":1,\"name\":\"Home\",\"item\":\"https:\\\/\\\/www.immobilienbusiness.ch\\\/\"},{\"@type\":\"ListItem\",\"position\":2,\"name\":\"Z\u00fcrich: Untere H\u00f6schgasse wird zum Museumsviertel\"}]},{\"@type\":\"WebSite\",\"@id\":\"https:\\\/\\\/www.immobilienbusiness.ch\\\/#website\",\"url\":\"https:\\\/\\\/www.immobilienbusiness.ch\\\/\",\"name\":\"IMMOBILIEN Business\",\"description\":\"Unabh\u00e4ngiges Schweizer Wirtschaftsmagazin mit Fokus auf Immobilien, Architektur- und Bau sowie Investment- und Finanzierung.\",\"publisher\":{\"@id\":\"https:\\\/\\\/www.immobilienbusiness.ch\\\/#organization\"},\"potentialAction\":[{\"@type\":\"SearchAction\",\"target\":{\"@type\":\"EntryPoint\",\"urlTemplate\":\"https:\\\/\\\/www.immobilienbusiness.ch\\\/?s={search_term_string}\"},\"query-input\":{\"@type\":\"PropertyValueSpecification\",\"valueRequired\":true,\"valueName\":\"search_term_string\"}}],\"inLanguage\":\"it-IT\"},{\"@type\":\"Organization\",\"@id\":\"https:\\\/\\\/www.immobilienbusiness.ch\\\/#organization\",\"name\":\"IMMOBILIEN Business\",\"url\":\"https:\\\/\\\/www.immobilienbusiness.ch\\\/\",\"logo\":{\"@type\":\"ImageObject\",\"inLanguage\":\"it-IT\",\"@id\":\"https:\\\/\\\/www.immobilienbusiness.ch\\\/#\\\/schema\\\/logo\\\/image\\\/\",\"url\":\"https:\\\/\\\/www.immobilienbusiness.ch\\\/wp-content\\\/uploads\\\/2021\\\/07\\\/logo_ib.png\",\"contentUrl\":\"https:\\\/\\\/www.immobilienbusiness.ch\\\/wp-content\\\/uploads\\\/2021\\\/07\\\/logo_ib.png\",\"width\":800,\"height\":181,\"caption\":\"IMMOBILIEN Business\"},\"image\":{\"@id\":\"https:\\\/\\\/www.immobilienbusiness.ch\\\/#\\\/schema\\\/logo\\\/image\\\/\"},\"sameAs\":[\"https:\\\/\\\/www.facebook.com\\\/immobilienbusiness\\\/\"]},{\"@type\":\"Person\",\"@id\":\"https:\\\/\\\/www.immobilienbusiness.ch\\\/#\\\/schema\\\/person\\\/aa2bace6c5c5aad60102004a50c4eb1c\",\"name\":\"Redaktion\",\"image\":{\"@type\":\"ImageObject\",\"inLanguage\":\"it-IT\",\"@id\":\"https:\\\/\\\/secure.gravatar.com\\\/avatar\\\/ae2f4d718e6c49043e314ce431e7e645d646302a24a5ef5a8bc8e3f5a032e319?s=96&d=mm&r=g\",\"url\":\"https:\\\/\\\/secure.gravatar.com\\\/avatar\\\/ae2f4d718e6c49043e314ce431e7e645d646302a24a5ef5a8bc8e3f5a032e319?s=96&d=mm&r=g\",\"contentUrl\":\"https:\\\/\\\/secure.gravatar.com\\\/avatar\\\/ae2f4d718e6c49043e314ce431e7e645d646302a24a5ef5a8bc8e3f5a032e319?s=96&d=mm&r=g\",\"caption\":\"Redaktion\"},\"sameAs\":[\"http:\\\/\\\/develop.organisator.galledia.ch\"],\"url\":\"https:\\\/\\\/www.immobilienbusiness.ch\\\/it\\\/author\\\/admin\\\/\"}]}<\/script>\n<!-- \/ Yoast SEO plugin. -->","yoast_head_json":{"title":"Z\u00fcrich: Untere H\u00f6schgasse wird zum Museumsviertel - IMMOBILIEN Business","description":"Das Gebiet der Unteren H\u00f6schgasse soll zu Z\u00fcrichs Museumsviertel werden.","robots":{"index":"index","follow":"follow","max-snippet":"max-snippet:-1","max-image-preview":"max-image-preview:large","max-video-preview":"max-video-preview:-1"},"canonical":"https:\/\/www.immobilienbusiness.ch\/it\/regionen\/2016-07-01\/zuerich-untere-hoeschgasse-wird-zum-museumsviertel\/","og_locale":"it_IT","og_type":"article","og_title":"Z\u00fcrich: Untere H\u00f6schgasse wird zum Museumsviertel","og_description":"Das Gebiet der Unteren H\u00f6schgasse soll zu Z\u00fcrichs Museumsviertel werden. Die Stadt will den Aussenraum rund um das Museum Bellerive, die Villa Egli, den Pavillon Le Corbusier und das Atelier Hermann Haller neu gestalten, um eine optische und r\u00e4umliche Zusammengeh\u00f6rigkeit entstehen zu lassen.","og_url":"https:\/\/www.immobilienbusiness.ch\/it\/regionen\/2016-07-01\/zuerich-untere-hoeschgasse-wird-zum-museumsviertel\/","og_site_name":"IMMOBILIEN Business","article_publisher":"https:\/\/www.facebook.com\/immobilienbusiness\/","article_published_time":"2016-07-01T07:06:39+00:00","author":"Redaktion","twitter_card":"summary_large_image","twitter_image":"https:\/\/www.immobilienbusiness.ch\/wp-content\/uploads\/2016\/12\/Zuerich-Untere-Hoeschgasse-wird-zum-Museumsviertel-1-immobilien-business.jpg","schema":{"@context":"https:\/\/schema.org","@graph":[{"@type":"Article","@id":"https:\/\/www.immobilienbusiness.ch\/regionen\/2016-07-01\/zuerich-untere-hoeschgasse-wird-zum-museumsviertel\/#article","isPartOf":{"@id":"https:\/\/www.immobilienbusiness.ch\/regionen\/2016-07-01\/zuerich-untere-hoeschgasse-wird-zum-museumsviertel\/"},"author":{"name":"Redaktion","@id":"https:\/\/www.immobilienbusiness.ch\/#\/schema\/person\/aa2bace6c5c5aad60102004a50c4eb1c"},"headline":"Z\u00fcrich: Untere H\u00f6schgasse wird zum Museumsviertel","datePublished":"2016-07-01T07:06:39+00:00","mainEntityOfPage":{"@id":"https:\/\/www.immobilienbusiness.ch\/regionen\/2016-07-01\/zuerich-untere-hoeschgasse-wird-zum-museumsviertel\/"},"wordCount":210,"commentCount":0,"publisher":{"@id":"https:\/\/www.immobilienbusiness.ch\/#organization"},"image":{"@id":"https:\/\/www.immobilienbusiness.ch\/regionen\/2016-07-01\/zuerich-untere-hoeschgasse-wird-zum-museumsviertel\/#primaryimage"},"thumbnailUrl":"https:\/\/www.immobilienbusiness.ch\/wp-content\/uploads\/2016\/12\/Zuerich-Untere-Hoeschgasse-wird-zum-Museumsviertel-1-immobilien-business.jpg","keywords":["Regionen","Z\u00fcrich"],"articleSection":["REGIONEN"],"inLanguage":"it-IT"},{"@type":"WebPage","@id":"https:\/\/www.immobilienbusiness.ch\/regionen\/2016-07-01\/zuerich-untere-hoeschgasse-wird-zum-museumsviertel\/","url":"https:\/\/www.immobilienbusiness.ch\/regionen\/2016-07-01\/zuerich-untere-hoeschgasse-wird-zum-museumsviertel\/","name":"Z\u00fcrich: Untere H\u00f6schgasse wird zum Museumsviertel - IMMOBILIEN Business","isPartOf":{"@id":"https:\/\/www.immobilienbusiness.ch\/#website"},"primaryImageOfPage":{"@id":"https:\/\/www.immobilienbusiness.ch\/regionen\/2016-07-01\/zuerich-untere-hoeschgasse-wird-zum-museumsviertel\/#primaryimage"},"image":{"@id":"https:\/\/www.immobilienbusiness.ch\/regionen\/2016-07-01\/zuerich-untere-hoeschgasse-wird-zum-museumsviertel\/#primaryimage"},"thumbnailUrl":"https:\/\/www.immobilienbusiness.ch\/wp-content\/uploads\/2016\/12\/Zuerich-Untere-Hoeschgasse-wird-zum-Museumsviertel-1-immobilien-business.jpg","datePublished":"2016-07-01T07:06:39+00:00","description":"Das Gebiet der Unteren H\u00f6schgasse soll zu Z\u00fcrichs Museumsviertel werden.","breadcrumb":{"@id":"https:\/\/www.immobilienbusiness.ch\/regionen\/2016-07-01\/zuerich-untere-hoeschgasse-wird-zum-museumsviertel\/#breadcrumb"},"inLanguage":"it-IT","potentialAction":[{"@type":"ReadAction","target":["https:\/\/www.immobilienbusiness.ch\/regionen\/2016-07-01\/zuerich-untere-hoeschgasse-wird-zum-museumsviertel\/"]}]},{"@type":"ImageObject","inLanguage":"it-IT","@id":"https:\/\/www.immobilienbusiness.ch\/regionen\/2016-07-01\/zuerich-untere-hoeschgasse-wird-zum-museumsviertel\/#primaryimage","url":"https:\/\/www.immobilienbusiness.ch\/wp-content\/uploads\/2016\/12\/Zuerich-Untere-Hoeschgasse-wird-zum-Museumsviertel-1-immobilien-business.jpg","contentUrl":"https:\/\/www.immobilienbusiness.ch\/wp-content\/uploads\/2016\/12\/Zuerich-Untere-Hoeschgasse-wird-zum-Museumsviertel-1-immobilien-business.jpg","width":2400,"height":1600},{"@type":"BreadcrumbList","@id":"https:\/\/www.immobilienbusiness.ch\/regionen\/2016-07-01\/zuerich-untere-hoeschgasse-wird-zum-museumsviertel\/#breadcrumb","itemListElement":[{"@type":"ListItem","position":1,"name":"Home","item":"https:\/\/www.immobilienbusiness.ch\/"},{"@type":"ListItem","position":2,"name":"Z\u00fcrich: Untere H\u00f6schgasse wird zum Museumsviertel"}]},{"@type":"WebSite","@id":"https:\/\/www.immobilienbusiness.ch\/#website","url":"https:\/\/www.immobilienbusiness.ch\/","name":"Affari immobiliari","description":"Rivista economica indipendente svizzera che si concentra sul settore immobiliare, l'architettura e la costruzione, nonch\u00e9 sugli investimenti e i finanziamenti.","publisher":{"@id":"https:\/\/www.immobilienbusiness.ch\/#organization"},"potentialAction":[{"@type":"SearchAction","target":{"@type":"EntryPoint","urlTemplate":"https:\/\/www.immobilienbusiness.ch\/?s={search_term_string}"},"query-input":{"@type":"PropertyValueSpecification","valueRequired":true,"valueName":"search_term_string"}}],"inLanguage":"it-IT"},{"@type":"Organization","@id":"https:\/\/www.immobilienbusiness.ch\/#organization","name":"Affari immobiliari","url":"https:\/\/www.immobilienbusiness.ch\/","logo":{"@type":"ImageObject","inLanguage":"it-IT","@id":"https:\/\/www.immobilienbusiness.ch\/#\/schema\/logo\/image\/","url":"https:\/\/www.immobilienbusiness.ch\/wp-content\/uploads\/2021\/07\/logo_ib.png","contentUrl":"https:\/\/www.immobilienbusiness.ch\/wp-content\/uploads\/2021\/07\/logo_ib.png","width":800,"height":181,"caption":"IMMOBILIEN Business"},"image":{"@id":"https:\/\/www.immobilienbusiness.ch\/#\/schema\/logo\/image\/"},"sameAs":["https:\/\/www.facebook.com\/immobilienbusiness\/"]},{"@type":"Person","@id":"https:\/\/www.immobilienbusiness.ch\/#\/schema\/person\/aa2bace6c5c5aad60102004a50c4eb1c","name":"Editoriale","image":{"@type":"ImageObject","inLanguage":"it-IT","@id":"https:\/\/secure.gravatar.com\/avatar\/ae2f4d718e6c49043e314ce431e7e645d646302a24a5ef5a8bc8e3f5a032e319?s=96&d=mm&r=g","url":"https:\/\/secure.gravatar.com\/avatar\/ae2f4d718e6c49043e314ce431e7e645d646302a24a5ef5a8bc8e3f5a032e319?s=96&d=mm&r=g","contentUrl":"https:\/\/secure.gravatar.com\/avatar\/ae2f4d718e6c49043e314ce431e7e645d646302a24a5ef5a8bc8e3f5a032e319?s=96&d=mm&r=g","caption":"Redaktion"},"sameAs":["http:\/\/develop.organisator.galledia.ch"],"url":"https:\/\/www.immobilienbusiness.ch\/it\/author\/admin\/"}]}},"_links":{"self":[{"href":"https:\/\/www.immobilienbusiness.ch\/it\/wp-json\/wp\/v2\/posts\/3021","targetHints":{"allow":["GET"]}}],"collection":[{"href":"https:\/\/www.immobilienbusiness.ch\/it\/wp-json\/wp\/v2\/posts"}],"about":[{"href":"https:\/\/www.immobilienbusiness.ch\/it\/wp-json\/wp\/v2\/types\/post"}],"author":[{"embeddable":true,"href":"https:\/\/www.immobilienbusiness.ch\/it\/wp-json\/wp\/v2\/users\/1"}],"replies":[{"embeddable":true,"href":"https:\/\/www.immobilienbusiness.ch\/it\/wp-json\/wp\/v2\/comments?post=3021"}],"version-history":[{"count":0,"href":"https:\/\/www.immobilienbusiness.ch\/it\/wp-json\/wp\/v2\/posts\/3021\/revisions"}],"wp:featuredmedia":[{"embeddable":true,"href":"https:\/\/www.immobilienbusiness.ch\/it\/wp-json\/wp\/v2\/media\/3026"}],"wp:attachment":[{"href":"https:\/\/www.immobilienbusiness.ch\/it\/wp-json\/wp\/v2\/media?parent=3021"}],"wp:term":[{"taxonomy":"category","embeddable":true,"href":"https:\/\/www.immobilienbusiness.ch\/it\/wp-json\/wp\/v2\/categories?post=3021"},{"taxonomy":"post_tag","embeddable":true,"href":"https:\/\/www.immobilienbusiness.ch\/it\/wp-json\/wp\/v2\/tags?post=3021"}],"curies":[{"name":"wp","href":"https:\/\/api.w.org\/{rel}","templated":true}]}}