{"id":292,"date":"2015-07-31T08:26:39","date_gmt":"2015-07-31T06:26:39","guid":{"rendered":"http:\/\/dev.immobilienbusiness.ch\/?p=292"},"modified":"2015-07-31T08:26:39","modified_gmt":"2015-07-31T06:26:39","slug":"baubeginn-fuer-erweiterung-des-kunsthaus-zuerich","status":"publish","type":"post","link":"https:\/\/www.immobilienbusiness.ch\/it\/regionen\/2015-07-31\/baubeginn-fuer-erweiterung-des-kunsthaus-zuerich\/","title":{"rendered":"Inizio della costruzione dell'ampliamento della Kunsthaus Z\u00fcrich"},"content":{"rendered":"<figure id=\"attachment_4555\" aria-describedby=\"caption-attachment-4555\" style=\"width: 528px\" class=\"wp-caption alignnone\"><img loading=\"lazy\" decoding=\"async\" class=\"wp-image-4555 size-full\" src=\"https:\/\/immobilienbusiness.ch\/wp-content\/uploads\/2015\/07\/Baubeginn-f\u00fcr-Erweiterung-des-Kunsthaus-Z\u00fcrich-immobilien-business.jpg\" width=\"528\" height=\"281\" \/><figcaption id=\"caption-attachment-4555\" class=\"wp-caption-text\">Estensione Kunsthaus Zurigo. Vista da Zeltweg \/ angolo di R\u00e4mistrasse attraverso Heimplatz al nuovo ingresso principale. \u00a9 David Chipperfield Architects 2015<\/figcaption><\/figure>\n<p>Il permesso di costruzione \u00e8 stato rilasciato nella primavera di quest'anno - dopo un'interruzione di due anni a causa dei ricorsi. I proprietari dell'edificio sono la citt\u00e0 di Zurigo, la Z\u00fcrcher Kunstgesellschaft e la Stiftung Z\u00fcrcher Kunsthaus, uniti nella Einfache Gesellschaft Kunsthaus-Erweiterung (EGKE).<\/p>\n<p>La superficie totale del Kunsthaus sar\u00e0 quasi raddoppiata. 5.040 mq dell'estensione sono riservati all'arte. Progettato da David Chipperfield Architects, il cuboide inondato di luce ospiter\u00e0 arte dagli anni '60 in poi, la collezione E.G. B\u00fchrle con il suo focus sull'arte francese del 19\u00b0 secolo, e mostre temporanee di medie dimensioni. Dal 2020, 700-800 opere della collezione del Kunsthaus saranno in esposizione permanente.<\/p>\n<p>Si tratta del 20 per cento dell'intera collezione di dipinti e sculture; oggi solo il dieci per cento pu\u00f2 essere esposto. Insieme all'edificio esistente, si sta creando il pi\u00f9 grande museo d'arte della Svizzera. La presentazione dell'arte continua anche all'esterno dell'edificio di ampliamento: sul suo lato nord si sta creando il Giardino dell'Arte, che come spazio aperto pubblico crea un collegamento con la vecchia scuola cantonale, l'universit\u00e0 e il Politecnico.<\/p>\n<p>L'ampliamento del Kunsthaus sar\u00e0 finanziato con contributi di 88 milioni di franchi ciascuno dalla Z\u00fcrcher Kunstgesellschaft (ZKG) e dalla citt\u00e0 di Zurigo. Il cantone contribuisce con 30 milioni di franchi dal fondo della lotteria. Inoltre, il cantone concede alla Stiftung Z\u00fcrcher Kunsthaus (SZK) un diritto di costruzione permanente e senza interessi sulla propriet\u00e0 di Heimplatz Nord. Il contributo totale di 206 milioni di franchi si basa sui costi target di 180 milioni di franchi e sulle riserve. (ah)<\/p>","protected":false},"excerpt":{"rendered":"<p>Dal 3 agosto, il cantiere sar\u00e0 allestito sul sito dell'ampliamento della Kunsthaus Z\u00fcrich sulla Heimplatz di Zurigo. Il progetto del team di architetti di David Chipperfield entra cos\u00ec nella fase di realizzazione. L'apertura dell'edificio \u00e8 prevista per il 2020.<\/p>","protected":false},"author":1,"featured_media":4555,"comment_status":"open","ping_status":"open","sticky":false,"template":"","format":"standard","meta":{"_acf_changed":false,"_yoast_wpseo_focuskw":"Kunsthaus Z\u00fcrich Erweiterung","_yoast_wpseo_title":"Kunsthaus Z\u00fcrich Erweiterung: Grosses Kunstmuseum entsteht","_yoast_wpseo_metadesc":"Angesichts steigender Nachfrage wird das Kunsthaus Z\u00fcrich durch den Erweiterungsbau nahezu verdoppelt. Neue Kunstsammlung ab 2020 sichtbar.","_yoast_wpseo_linkdex":80,"pgc_sgb_lightbox_settings":"","footnotes":""},"categories":[985],"tags":[1629,1714,1888],"class_list":["post-292","post","type-post","status-publish","format-standard","has-post-thumbnail","hentry","category-regionen","tag-regionen","tag-spezial-immobilien","tag-zuerich"],"acf":[],"yoast_head":"<!-- This site is optimized with the Yoast SEO plugin v27.4 - https:\/\/yoast.com\/product\/yoast-seo-wordpress\/ -->\n<title>Kunsthaus Z\u00fcrich Erweiterung: Grosses Kunstmuseum entsteht<\/title>\n<meta name=\"description\" content=\"Angesichts steigender Nachfrage wird das Kunsthaus Z\u00fcrich durch den Erweiterungsbau nahezu verdoppelt. Neue Kunstsammlung ab 2020 sichtbar.\" \/>\n<meta name=\"robots\" content=\"index, follow, max-snippet:-1, max-image-preview:large, max-video-preview:-1\" \/>\n<link rel=\"canonical\" href=\"https:\/\/www.immobilienbusiness.ch\/it\/regionen\/2015-07-31\/baubeginn-fuer-erweiterung-des-kunsthaus-zuerich\/\" \/>\n<meta property=\"og:locale\" content=\"it_IT\" \/>\n<meta property=\"og:type\" content=\"article\" \/>\n<meta property=\"og:title\" content=\"Baubeginn f\u00fcr Erweiterung des Kunsthaus Z\u00fcrich\" \/>\n<meta property=\"og:description\" content=\"Ab dem 3. August wird die Baustelle auf dem Areal des Erweiterungsbaus f\u00fcr das Kunsthaus Z\u00fcrich am Heimplatz in Z\u00fcrich eingerichtet. Das Projekt des Architektenteams um David Chipperfield tritt damit in die Realisierungsphase. Die Er\u00f6ffnung des Baus ist f\u00fcr 2020 vorgesehen.\" \/>\n<meta property=\"og:url\" content=\"https:\/\/www.immobilienbusiness.ch\/it\/regionen\/2015-07-31\/baubeginn-fuer-erweiterung-des-kunsthaus-zuerich\/\" \/>\n<meta property=\"og:site_name\" content=\"IMMOBILIEN Business\" \/>\n<meta property=\"article:publisher\" content=\"https:\/\/www.facebook.com\/immobilienbusiness\/\" \/>\n<meta property=\"article:published_time\" content=\"2015-07-31T06:26:39+00:00\" \/>\n<meta name=\"author\" content=\"Redaktion\" \/>\n<meta name=\"twitter:card\" content=\"summary_large_image\" \/>\n<meta name=\"twitter:image\" content=\"https:\/\/www.immobilienbusiness.ch\/wp-content\/uploads\/2015\/07\/Baubeginn-fuer-Erweiterung-des-Kunsthaus-Zuerich-immobilien-business.jpg\" \/>\n<script type=\"application\/ld+json\" class=\"yoast-schema-graph\">{\"@context\":\"https:\\\/\\\/schema.org\",\"@graph\":[{\"@type\":\"Article\",\"@id\":\"https:\\\/\\\/www.immobilienbusiness.ch\\\/regionen\\\/2015-07-31\\\/baubeginn-fuer-erweiterung-des-kunsthaus-zuerich\\\/#article\",\"isPartOf\":{\"@id\":\"https:\\\/\\\/www.immobilienbusiness.ch\\\/regionen\\\/2015-07-31\\\/baubeginn-fuer-erweiterung-des-kunsthaus-zuerich\\\/\"},\"author\":{\"name\":\"Redaktion\",\"@id\":\"https:\\\/\\\/www.immobilienbusiness.ch\\\/#\\\/schema\\\/person\\\/aa2bace6c5c5aad60102004a50c4eb1c\"},\"headline\":\"Baubeginn f\u00fcr Erweiterung des Kunsthaus Z\u00fcrich\",\"datePublished\":\"2015-07-31T06:26:39+00:00\",\"mainEntityOfPage\":{\"@id\":\"https:\\\/\\\/www.immobilienbusiness.ch\\\/regionen\\\/2015-07-31\\\/baubeginn-fuer-erweiterung-des-kunsthaus-zuerich\\\/\"},\"wordCount\":274,\"commentCount\":0,\"publisher\":{\"@id\":\"https:\\\/\\\/www.immobilienbusiness.ch\\\/#organization\"},\"image\":{\"@id\":\"https:\\\/\\\/www.immobilienbusiness.ch\\\/regionen\\\/2015-07-31\\\/baubeginn-fuer-erweiterung-des-kunsthaus-zuerich\\\/#primaryimage\"},\"thumbnailUrl\":\"https:\\\/\\\/www.immobilienbusiness.ch\\\/wp-content\\\/uploads\\\/2015\\\/07\\\/Baubeginn-fuer-Erweiterung-des-Kunsthaus-Zuerich-immobilien-business.jpg\",\"keywords\":[\"Regionen\",\"Spezial Immobilien\",\"Z\u00fcrich\"],\"articleSection\":[\"REGIONEN\"],\"inLanguage\":\"it-IT\"},{\"@type\":\"WebPage\",\"@id\":\"https:\\\/\\\/www.immobilienbusiness.ch\\\/regionen\\\/2015-07-31\\\/baubeginn-fuer-erweiterung-des-kunsthaus-zuerich\\\/\",\"url\":\"https:\\\/\\\/www.immobilienbusiness.ch\\\/regionen\\\/2015-07-31\\\/baubeginn-fuer-erweiterung-des-kunsthaus-zuerich\\\/\",\"name\":\"Kunsthaus Z\u00fcrich Erweiterung: Grosses Kunstmuseum entsteht\",\"isPartOf\":{\"@id\":\"https:\\\/\\\/www.immobilienbusiness.ch\\\/#website\"},\"primaryImageOfPage\":{\"@id\":\"https:\\\/\\\/www.immobilienbusiness.ch\\\/regionen\\\/2015-07-31\\\/baubeginn-fuer-erweiterung-des-kunsthaus-zuerich\\\/#primaryimage\"},\"image\":{\"@id\":\"https:\\\/\\\/www.immobilienbusiness.ch\\\/regionen\\\/2015-07-31\\\/baubeginn-fuer-erweiterung-des-kunsthaus-zuerich\\\/#primaryimage\"},\"thumbnailUrl\":\"https:\\\/\\\/www.immobilienbusiness.ch\\\/wp-content\\\/uploads\\\/2015\\\/07\\\/Baubeginn-fuer-Erweiterung-des-Kunsthaus-Zuerich-immobilien-business.jpg\",\"datePublished\":\"2015-07-31T06:26:39+00:00\",\"description\":\"Angesichts steigender Nachfrage wird das Kunsthaus Z\u00fcrich durch den Erweiterungsbau nahezu verdoppelt. Neue Kunstsammlung ab 2020 sichtbar.\",\"breadcrumb\":{\"@id\":\"https:\\\/\\\/www.immobilienbusiness.ch\\\/regionen\\\/2015-07-31\\\/baubeginn-fuer-erweiterung-des-kunsthaus-zuerich\\\/#breadcrumb\"},\"inLanguage\":\"it-IT\",\"potentialAction\":[{\"@type\":\"ReadAction\",\"target\":[\"https:\\\/\\\/www.immobilienbusiness.ch\\\/regionen\\\/2015-07-31\\\/baubeginn-fuer-erweiterung-des-kunsthaus-zuerich\\\/\"]}]},{\"@type\":\"ImageObject\",\"inLanguage\":\"it-IT\",\"@id\":\"https:\\\/\\\/www.immobilienbusiness.ch\\\/regionen\\\/2015-07-31\\\/baubeginn-fuer-erweiterung-des-kunsthaus-zuerich\\\/#primaryimage\",\"url\":\"https:\\\/\\\/www.immobilienbusiness.ch\\\/wp-content\\\/uploads\\\/2015\\\/07\\\/Baubeginn-fuer-Erweiterung-des-Kunsthaus-Zuerich-immobilien-business.jpg\",\"contentUrl\":\"https:\\\/\\\/www.immobilienbusiness.ch\\\/wp-content\\\/uploads\\\/2015\\\/07\\\/Baubeginn-fuer-Erweiterung-des-Kunsthaus-Zuerich-immobilien-business.jpg\",\"width\":528,\"height\":281,\"caption\":\"Erweiterung Kunsthaus Z\u00fcrich. Blick vom Zeltweg \\\/ Ecke R\u00e4mistrasse \u00fcber den Heimplatz auf den neuen Haupteingang. \u00a9 David Chipperfield Architects 2015\"},{\"@type\":\"BreadcrumbList\",\"@id\":\"https:\\\/\\\/www.immobilienbusiness.ch\\\/regionen\\\/2015-07-31\\\/baubeginn-fuer-erweiterung-des-kunsthaus-zuerich\\\/#breadcrumb\",\"itemListElement\":[{\"@type\":\"ListItem\",\"position\":1,\"name\":\"Home\",\"item\":\"https:\\\/\\\/www.immobilienbusiness.ch\\\/\"},{\"@type\":\"ListItem\",\"position\":2,\"name\":\"Baubeginn f\u00fcr Erweiterung des Kunsthaus Z\u00fcrich\"}]},{\"@type\":\"WebSite\",\"@id\":\"https:\\\/\\\/www.immobilienbusiness.ch\\\/#website\",\"url\":\"https:\\\/\\\/www.immobilienbusiness.ch\\\/\",\"name\":\"IMMOBILIEN Business\",\"description\":\"Unabh\u00e4ngiges Schweizer Wirtschaftsmagazin mit Fokus auf Immobilien, Architektur- und Bau sowie Investment- und Finanzierung.\",\"publisher\":{\"@id\":\"https:\\\/\\\/www.immobilienbusiness.ch\\\/#organization\"},\"potentialAction\":[{\"@type\":\"SearchAction\",\"target\":{\"@type\":\"EntryPoint\",\"urlTemplate\":\"https:\\\/\\\/www.immobilienbusiness.ch\\\/?s={search_term_string}\"},\"query-input\":{\"@type\":\"PropertyValueSpecification\",\"valueRequired\":true,\"valueName\":\"search_term_string\"}}],\"inLanguage\":\"it-IT\"},{\"@type\":\"Organization\",\"@id\":\"https:\\\/\\\/www.immobilienbusiness.ch\\\/#organization\",\"name\":\"IMMOBILIEN Business\",\"url\":\"https:\\\/\\\/www.immobilienbusiness.ch\\\/\",\"logo\":{\"@type\":\"ImageObject\",\"inLanguage\":\"it-IT\",\"@id\":\"https:\\\/\\\/www.immobilienbusiness.ch\\\/#\\\/schema\\\/logo\\\/image\\\/\",\"url\":\"https:\\\/\\\/www.immobilienbusiness.ch\\\/wp-content\\\/uploads\\\/2021\\\/07\\\/logo_ib.png\",\"contentUrl\":\"https:\\\/\\\/www.immobilienbusiness.ch\\\/wp-content\\\/uploads\\\/2021\\\/07\\\/logo_ib.png\",\"width\":800,\"height\":181,\"caption\":\"IMMOBILIEN Business\"},\"image\":{\"@id\":\"https:\\\/\\\/www.immobilienbusiness.ch\\\/#\\\/schema\\\/logo\\\/image\\\/\"},\"sameAs\":[\"https:\\\/\\\/www.facebook.com\\\/immobilienbusiness\\\/\"]},{\"@type\":\"Person\",\"@id\":\"https:\\\/\\\/www.immobilienbusiness.ch\\\/#\\\/schema\\\/person\\\/aa2bace6c5c5aad60102004a50c4eb1c\",\"name\":\"Redaktion\",\"image\":{\"@type\":\"ImageObject\",\"inLanguage\":\"it-IT\",\"@id\":\"https:\\\/\\\/secure.gravatar.com\\\/avatar\\\/ae2f4d718e6c49043e314ce431e7e645d646302a24a5ef5a8bc8e3f5a032e319?s=96&d=mm&r=g\",\"url\":\"https:\\\/\\\/secure.gravatar.com\\\/avatar\\\/ae2f4d718e6c49043e314ce431e7e645d646302a24a5ef5a8bc8e3f5a032e319?s=96&d=mm&r=g\",\"contentUrl\":\"https:\\\/\\\/secure.gravatar.com\\\/avatar\\\/ae2f4d718e6c49043e314ce431e7e645d646302a24a5ef5a8bc8e3f5a032e319?s=96&d=mm&r=g\",\"caption\":\"Redaktion\"},\"sameAs\":[\"http:\\\/\\\/develop.organisator.galledia.ch\"],\"url\":\"https:\\\/\\\/www.immobilienbusiness.ch\\\/it\\\/author\\\/admin\\\/\"}]}<\/script>\n<!-- \/ Yoast SEO plugin. -->","yoast_head_json":{"title":"Kunsthaus Z\u00fcrich Erweiterung: Grosses Kunstmuseum entsteht","description":"Angesichts steigender Nachfrage wird das Kunsthaus Z\u00fcrich durch den Erweiterungsbau nahezu verdoppelt. Neue Kunstsammlung ab 2020 sichtbar.","robots":{"index":"index","follow":"follow","max-snippet":"max-snippet:-1","max-image-preview":"max-image-preview:large","max-video-preview":"max-video-preview:-1"},"canonical":"https:\/\/www.immobilienbusiness.ch\/it\/regionen\/2015-07-31\/baubeginn-fuer-erweiterung-des-kunsthaus-zuerich\/","og_locale":"it_IT","og_type":"article","og_title":"Baubeginn f\u00fcr Erweiterung des Kunsthaus Z\u00fcrich","og_description":"Ab dem 3. August wird die Baustelle auf dem Areal des Erweiterungsbaus f\u00fcr das Kunsthaus Z\u00fcrich am Heimplatz in Z\u00fcrich eingerichtet. Das Projekt des Architektenteams um David Chipperfield tritt damit in die Realisierungsphase. Die Er\u00f6ffnung des Baus ist f\u00fcr 2020 vorgesehen.","og_url":"https:\/\/www.immobilienbusiness.ch\/it\/regionen\/2015-07-31\/baubeginn-fuer-erweiterung-des-kunsthaus-zuerich\/","og_site_name":"IMMOBILIEN Business","article_publisher":"https:\/\/www.facebook.com\/immobilienbusiness\/","article_published_time":"2015-07-31T06:26:39+00:00","author":"Redaktion","twitter_card":"summary_large_image","twitter_image":"https:\/\/www.immobilienbusiness.ch\/wp-content\/uploads\/2015\/07\/Baubeginn-fuer-Erweiterung-des-Kunsthaus-Zuerich-immobilien-business.jpg","schema":{"@context":"https:\/\/schema.org","@graph":[{"@type":"Article","@id":"https:\/\/www.immobilienbusiness.ch\/regionen\/2015-07-31\/baubeginn-fuer-erweiterung-des-kunsthaus-zuerich\/#article","isPartOf":{"@id":"https:\/\/www.immobilienbusiness.ch\/regionen\/2015-07-31\/baubeginn-fuer-erweiterung-des-kunsthaus-zuerich\/"},"author":{"name":"Redaktion","@id":"https:\/\/www.immobilienbusiness.ch\/#\/schema\/person\/aa2bace6c5c5aad60102004a50c4eb1c"},"headline":"Baubeginn f\u00fcr Erweiterung des Kunsthaus Z\u00fcrich","datePublished":"2015-07-31T06:26:39+00:00","mainEntityOfPage":{"@id":"https:\/\/www.immobilienbusiness.ch\/regionen\/2015-07-31\/baubeginn-fuer-erweiterung-des-kunsthaus-zuerich\/"},"wordCount":274,"commentCount":0,"publisher":{"@id":"https:\/\/www.immobilienbusiness.ch\/#organization"},"image":{"@id":"https:\/\/www.immobilienbusiness.ch\/regionen\/2015-07-31\/baubeginn-fuer-erweiterung-des-kunsthaus-zuerich\/#primaryimage"},"thumbnailUrl":"https:\/\/www.immobilienbusiness.ch\/wp-content\/uploads\/2015\/07\/Baubeginn-fuer-Erweiterung-des-Kunsthaus-Zuerich-immobilien-business.jpg","keywords":["Regionen","Spezial Immobilien","Z\u00fcrich"],"articleSection":["REGIONEN"],"inLanguage":"it-IT"},{"@type":"WebPage","@id":"https:\/\/www.immobilienbusiness.ch\/regionen\/2015-07-31\/baubeginn-fuer-erweiterung-des-kunsthaus-zuerich\/","url":"https:\/\/www.immobilienbusiness.ch\/regionen\/2015-07-31\/baubeginn-fuer-erweiterung-des-kunsthaus-zuerich\/","name":"Kunsthaus Z\u00fcrich Erweiterung: Grosses Kunstmuseum entsteht","isPartOf":{"@id":"https:\/\/www.immobilienbusiness.ch\/#website"},"primaryImageOfPage":{"@id":"https:\/\/www.immobilienbusiness.ch\/regionen\/2015-07-31\/baubeginn-fuer-erweiterung-des-kunsthaus-zuerich\/#primaryimage"},"image":{"@id":"https:\/\/www.immobilienbusiness.ch\/regionen\/2015-07-31\/baubeginn-fuer-erweiterung-des-kunsthaus-zuerich\/#primaryimage"},"thumbnailUrl":"https:\/\/www.immobilienbusiness.ch\/wp-content\/uploads\/2015\/07\/Baubeginn-fuer-Erweiterung-des-Kunsthaus-Zuerich-immobilien-business.jpg","datePublished":"2015-07-31T06:26:39+00:00","description":"Angesichts steigender Nachfrage wird das Kunsthaus Z\u00fcrich durch den Erweiterungsbau nahezu verdoppelt. Neue Kunstsammlung ab 2020 sichtbar.","breadcrumb":{"@id":"https:\/\/www.immobilienbusiness.ch\/regionen\/2015-07-31\/baubeginn-fuer-erweiterung-des-kunsthaus-zuerich\/#breadcrumb"},"inLanguage":"it-IT","potentialAction":[{"@type":"ReadAction","target":["https:\/\/www.immobilienbusiness.ch\/regionen\/2015-07-31\/baubeginn-fuer-erweiterung-des-kunsthaus-zuerich\/"]}]},{"@type":"ImageObject","inLanguage":"it-IT","@id":"https:\/\/www.immobilienbusiness.ch\/regionen\/2015-07-31\/baubeginn-fuer-erweiterung-des-kunsthaus-zuerich\/#primaryimage","url":"https:\/\/www.immobilienbusiness.ch\/wp-content\/uploads\/2015\/07\/Baubeginn-fuer-Erweiterung-des-Kunsthaus-Zuerich-immobilien-business.jpg","contentUrl":"https:\/\/www.immobilienbusiness.ch\/wp-content\/uploads\/2015\/07\/Baubeginn-fuer-Erweiterung-des-Kunsthaus-Zuerich-immobilien-business.jpg","width":528,"height":281,"caption":"Erweiterung Kunsthaus Z\u00fcrich. Blick vom Zeltweg \/ Ecke R\u00e4mistrasse \u00fcber den Heimplatz auf den neuen Haupteingang. \u00a9 David Chipperfield Architects 2015"},{"@type":"BreadcrumbList","@id":"https:\/\/www.immobilienbusiness.ch\/regionen\/2015-07-31\/baubeginn-fuer-erweiterung-des-kunsthaus-zuerich\/#breadcrumb","itemListElement":[{"@type":"ListItem","position":1,"name":"Home","item":"https:\/\/www.immobilienbusiness.ch\/"},{"@type":"ListItem","position":2,"name":"Baubeginn f\u00fcr Erweiterung des Kunsthaus Z\u00fcrich"}]},{"@type":"WebSite","@id":"https:\/\/www.immobilienbusiness.ch\/#website","url":"https:\/\/www.immobilienbusiness.ch\/","name":"Affari immobiliari","description":"Rivista economica indipendente svizzera che si concentra sul settore immobiliare, l'architettura e la costruzione, nonch\u00e9 sugli investimenti e i finanziamenti.","publisher":{"@id":"https:\/\/www.immobilienbusiness.ch\/#organization"},"potentialAction":[{"@type":"SearchAction","target":{"@type":"EntryPoint","urlTemplate":"https:\/\/www.immobilienbusiness.ch\/?s={search_term_string}"},"query-input":{"@type":"PropertyValueSpecification","valueRequired":true,"valueName":"search_term_string"}}],"inLanguage":"it-IT"},{"@type":"Organization","@id":"https:\/\/www.immobilienbusiness.ch\/#organization","name":"Affari immobiliari","url":"https:\/\/www.immobilienbusiness.ch\/","logo":{"@type":"ImageObject","inLanguage":"it-IT","@id":"https:\/\/www.immobilienbusiness.ch\/#\/schema\/logo\/image\/","url":"https:\/\/www.immobilienbusiness.ch\/wp-content\/uploads\/2021\/07\/logo_ib.png","contentUrl":"https:\/\/www.immobilienbusiness.ch\/wp-content\/uploads\/2021\/07\/logo_ib.png","width":800,"height":181,"caption":"IMMOBILIEN Business"},"image":{"@id":"https:\/\/www.immobilienbusiness.ch\/#\/schema\/logo\/image\/"},"sameAs":["https:\/\/www.facebook.com\/immobilienbusiness\/"]},{"@type":"Person","@id":"https:\/\/www.immobilienbusiness.ch\/#\/schema\/person\/aa2bace6c5c5aad60102004a50c4eb1c","name":"Editoriale","image":{"@type":"ImageObject","inLanguage":"it-IT","@id":"https:\/\/secure.gravatar.com\/avatar\/ae2f4d718e6c49043e314ce431e7e645d646302a24a5ef5a8bc8e3f5a032e319?s=96&d=mm&r=g","url":"https:\/\/secure.gravatar.com\/avatar\/ae2f4d718e6c49043e314ce431e7e645d646302a24a5ef5a8bc8e3f5a032e319?s=96&d=mm&r=g","contentUrl":"https:\/\/secure.gravatar.com\/avatar\/ae2f4d718e6c49043e314ce431e7e645d646302a24a5ef5a8bc8e3f5a032e319?s=96&d=mm&r=g","caption":"Redaktion"},"sameAs":["http:\/\/develop.organisator.galledia.ch"],"url":"https:\/\/www.immobilienbusiness.ch\/it\/author\/admin\/"}]}},"_links":{"self":[{"href":"https:\/\/www.immobilienbusiness.ch\/it\/wp-json\/wp\/v2\/posts\/292","targetHints":{"allow":["GET"]}}],"collection":[{"href":"https:\/\/www.immobilienbusiness.ch\/it\/wp-json\/wp\/v2\/posts"}],"about":[{"href":"https:\/\/www.immobilienbusiness.ch\/it\/wp-json\/wp\/v2\/types\/post"}],"author":[{"embeddable":true,"href":"https:\/\/www.immobilienbusiness.ch\/it\/wp-json\/wp\/v2\/users\/1"}],"replies":[{"embeddable":true,"href":"https:\/\/www.immobilienbusiness.ch\/it\/wp-json\/wp\/v2\/comments?post=292"}],"version-history":[{"count":0,"href":"https:\/\/www.immobilienbusiness.ch\/it\/wp-json\/wp\/v2\/posts\/292\/revisions"}],"wp:featuredmedia":[{"embeddable":true,"href":"https:\/\/www.immobilienbusiness.ch\/it\/wp-json\/wp\/v2\/media\/4555"}],"wp:attachment":[{"href":"https:\/\/www.immobilienbusiness.ch\/it\/wp-json\/wp\/v2\/media?parent=292"}],"wp:term":[{"taxonomy":"category","embeddable":true,"href":"https:\/\/www.immobilienbusiness.ch\/it\/wp-json\/wp\/v2\/categories?post=292"},{"taxonomy":"post_tag","embeddable":true,"href":"https:\/\/www.immobilienbusiness.ch\/it\/wp-json\/wp\/v2\/tags?post=292"}],"curies":[{"name":"wp","href":"https:\/\/api.w.org\/{rel}","templated":true}]}}