{"id":2864,"date":"2016-04-13T08:18:44","date_gmt":"2016-04-13T06:18:44","guid":{"rendered":"http:\/\/dev.immobilienbusiness.ch\/?p=2864"},"modified":"2016-04-13T08:18:44","modified_gmt":"2016-04-13T06:18:44","slug":"zahl-der-logiernaechte-im-februar-gesunken","status":"publish","type":"post","link":"https:\/\/www.immobilienbusiness.ch\/it\/allgemein\/2016-04-13\/zahl-der-logiernaechte-im-februar-gesunken\/","title":{"rendered":"Numero di pernottamenti in calo a febbraio"},"content":{"rendered":"<figure id=\"attachment_2865\" aria-describedby=\"caption-attachment-2865\" style=\"width: 680px\" class=\"wp-caption alignnone\"><img loading=\"lazy\" decoding=\"async\" class=\"size-medium wp-image-2865\" src=\"https:\/\/immobilienbusiness.ch\/wp-content\/uploads\/2016\/12\/Zahl-der-Logiern\u00e4chte-im-Februar-gesunken-immobilien-business.jpg\" alt=\"Die Zahl der Logiern\u00e4chte in Schweizer Hotels ist im Februar gesunken (\u00a9 Foto hotelleriesuisse - Alain D. Boillat)\" width=\"680\" height=\"451\" \/><figcaption id=\"caption-attachment-2865\" class=\"wp-caption-text\">Il numero di pernottamenti negli alberghi svizzeri \u00e8 diminuito a febbraio (\u00a9 Foto hotelleriesuisse - Alain D. Boillat)<\/figcaption><\/figure>\n<p>Il numero di pernottamenti \u00e8 diminuito maggiormente nell'Oberland bernese (-7,4%), seguito da Basilea (-6,8%), Vallese (-4,7%), Regione di Friburgo (-3,8%) e Grigioni (-2,7%). L'aumento maggiore \u00e8 stato registrato nella regione di Argovia (+11,5%). Anche la regione del Lago di Ginevra (+7,7%) e la regione di Zurigo (+3,4%) hanno registrato una crescita.<\/p>\n<p>Secondo Hotelleriesuisse, il calo degli ospiti cinesi nella stagione invernale a partire da dicembre \u00e8 impressionante. L'associazione cita come possibili motivi il raffreddamento dell'economia cinese, le nuove norme per il rilascio dei visti e la paura di attacchi terroristici. Il numero di pernottamenti degli ospiti europei \u00e8 diminuito del 7,2% a febbraio. Il numero di ospiti provenienti da Paesi Bassi (-23,1%), Lussemburgo (-19,0%), Belgio (-13,0%) e Germania (-9,4%) \u00e8 diminuito a un tasso superiore alla media. Al contrario, i dati italiani (+1,2%) e britannici (+1,7%) hanno avuto un andamento positivo. (ah)<\/p>\n<p>&nbsp;<\/p>","protected":false},"excerpt":{"rendered":"<p>A causa dell'assenza di turisti stranieri, a febbraio il numero di pernottamenti in Svizzera \u00e8 diminuito dell'1,3%. Secondo l'associazione di categoria Hotelleriesuisse, per la prima volta negli alberghi svizzeri ci sono stati pi\u00f9 ospiti svizzeri che stranieri rispetto all'alta stagione.<\/p>","protected":false},"author":1,"featured_media":2865,"comment_status":"open","ping_status":"open","sticky":false,"template":"","format":"standard","meta":{"_acf_changed":false,"_yoast_wpseo_focuskw":"Logiern\u00e4chte","_yoast_wpseo_title":"","_yoast_wpseo_metadesc":"Weil die ausl\u00e4ndischen Touristen ausgeblieben sind, ist die Zahl der Logiern\u00e4chte in der Schweiz im Februar um 1,3 Prozent gesunken.","_yoast_wpseo_linkdex":71,"pgc_sgb_lightbox_settings":"","footnotes":""},"categories":[1],"tags":[1317,1472],"class_list":["post-2864","post","type-post","status-publish","format-standard","has-post-thumbnail","hentry","category-allgemein","tag-hotels","tag-maerkte"],"acf":[],"yoast_head":"<!-- This site is optimized with the Yoast SEO plugin v27.4 - https:\/\/yoast.com\/product\/yoast-seo-wordpress\/ -->\n<title>Zahl der Logiern\u00e4chte im Februar gesunken - IMMOBILIEN Business<\/title>\n<meta name=\"description\" content=\"Weil die ausl\u00e4ndischen Touristen ausgeblieben sind, ist die Zahl der Logiern\u00e4chte in der Schweiz im Februar um 1,3 Prozent gesunken.\" \/>\n<meta name=\"robots\" content=\"index, follow, max-snippet:-1, max-image-preview:large, max-video-preview:-1\" \/>\n<link rel=\"canonical\" href=\"https:\/\/www.immobilienbusiness.ch\/it\/allgemein\/2016-04-13\/zahl-der-logiernaechte-im-februar-gesunken\/\" \/>\n<meta property=\"og:locale\" content=\"it_IT\" \/>\n<meta property=\"og:type\" content=\"article\" \/>\n<meta property=\"og:title\" content=\"Zahl der Logiern\u00e4chte im Februar gesunken\" \/>\n<meta property=\"og:description\" content=\"Weil die ausl\u00e4ndischen Touristen ausgeblieben sind, ist die Zahl der Logiern\u00e4chte in der Schweiz im Februar um 1,3 Prozent gesunken. Erstmals waren nach Angaben des Branchenverbands Hotelleriesuisse mehr Schweizer als ausl\u00e4ndische G\u00e4ste als in der Hochsaison in Schweizer Hotels.\" \/>\n<meta property=\"og:url\" content=\"https:\/\/www.immobilienbusiness.ch\/it\/allgemein\/2016-04-13\/zahl-der-logiernaechte-im-februar-gesunken\/\" \/>\n<meta property=\"og:site_name\" content=\"IMMOBILIEN Business\" \/>\n<meta property=\"article:publisher\" content=\"https:\/\/www.facebook.com\/immobilienbusiness\/\" \/>\n<meta property=\"article:published_time\" content=\"2016-04-13T06:18:44+00:00\" \/>\n<meta name=\"author\" content=\"Redaktion\" \/>\n<meta name=\"twitter:card\" content=\"summary_large_image\" \/>\n<meta name=\"twitter:image\" content=\"https:\/\/www.immobilienbusiness.ch\/wp-content\/uploads\/2016\/12\/Zahl-der-Logiernaechte-im-Februar-gesunken-immobilien-business.jpg\" \/>\n<script type=\"application\/ld+json\" class=\"yoast-schema-graph\">{\"@context\":\"https:\\\/\\\/schema.org\",\"@graph\":[{\"@type\":\"Article\",\"@id\":\"https:\\\/\\\/www.immobilienbusiness.ch\\\/allgemein\\\/2016-04-13\\\/zahl-der-logiernaechte-im-februar-gesunken\\\/#article\",\"isPartOf\":{\"@id\":\"https:\\\/\\\/www.immobilienbusiness.ch\\\/allgemein\\\/2016-04-13\\\/zahl-der-logiernaechte-im-februar-gesunken\\\/\"},\"author\":{\"name\":\"Redaktion\",\"@id\":\"https:\\\/\\\/www.immobilienbusiness.ch\\\/#\\\/schema\\\/person\\\/aa2bace6c5c5aad60102004a50c4eb1c\"},\"headline\":\"Zahl der Logiern\u00e4chte im Februar gesunken\",\"datePublished\":\"2016-04-13T06:18:44+00:00\",\"mainEntityOfPage\":{\"@id\":\"https:\\\/\\\/www.immobilienbusiness.ch\\\/allgemein\\\/2016-04-13\\\/zahl-der-logiernaechte-im-februar-gesunken\\\/\"},\"wordCount\":161,\"commentCount\":0,\"publisher\":{\"@id\":\"https:\\\/\\\/www.immobilienbusiness.ch\\\/#organization\"},\"image\":{\"@id\":\"https:\\\/\\\/www.immobilienbusiness.ch\\\/allgemein\\\/2016-04-13\\\/zahl-der-logiernaechte-im-februar-gesunken\\\/#primaryimage\"},\"thumbnailUrl\":\"https:\\\/\\\/www.immobilienbusiness.ch\\\/wp-content\\\/uploads\\\/2016\\\/12\\\/Zahl-der-Logiernaechte-im-Februar-gesunken-immobilien-business.jpg\",\"keywords\":[\"Hotels\",\"M\u00e4rkte\"],\"articleSection\":[\"Allgemein\"],\"inLanguage\":\"it-IT\"},{\"@type\":\"WebPage\",\"@id\":\"https:\\\/\\\/www.immobilienbusiness.ch\\\/allgemein\\\/2016-04-13\\\/zahl-der-logiernaechte-im-februar-gesunken\\\/\",\"url\":\"https:\\\/\\\/www.immobilienbusiness.ch\\\/allgemein\\\/2016-04-13\\\/zahl-der-logiernaechte-im-februar-gesunken\\\/\",\"name\":\"Zahl der Logiern\u00e4chte im Februar gesunken - IMMOBILIEN Business\",\"isPartOf\":{\"@id\":\"https:\\\/\\\/www.immobilienbusiness.ch\\\/#website\"},\"primaryImageOfPage\":{\"@id\":\"https:\\\/\\\/www.immobilienbusiness.ch\\\/allgemein\\\/2016-04-13\\\/zahl-der-logiernaechte-im-februar-gesunken\\\/#primaryimage\"},\"image\":{\"@id\":\"https:\\\/\\\/www.immobilienbusiness.ch\\\/allgemein\\\/2016-04-13\\\/zahl-der-logiernaechte-im-februar-gesunken\\\/#primaryimage\"},\"thumbnailUrl\":\"https:\\\/\\\/www.immobilienbusiness.ch\\\/wp-content\\\/uploads\\\/2016\\\/12\\\/Zahl-der-Logiernaechte-im-Februar-gesunken-immobilien-business.jpg\",\"datePublished\":\"2016-04-13T06:18:44+00:00\",\"description\":\"Weil die ausl\u00e4ndischen Touristen ausgeblieben sind, ist die Zahl der Logiern\u00e4chte in der Schweiz im Februar um 1,3 Prozent gesunken.\",\"breadcrumb\":{\"@id\":\"https:\\\/\\\/www.immobilienbusiness.ch\\\/allgemein\\\/2016-04-13\\\/zahl-der-logiernaechte-im-februar-gesunken\\\/#breadcrumb\"},\"inLanguage\":\"it-IT\",\"potentialAction\":[{\"@type\":\"ReadAction\",\"target\":[\"https:\\\/\\\/www.immobilienbusiness.ch\\\/allgemein\\\/2016-04-13\\\/zahl-der-logiernaechte-im-februar-gesunken\\\/\"]}]},{\"@type\":\"ImageObject\",\"inLanguage\":\"it-IT\",\"@id\":\"https:\\\/\\\/www.immobilienbusiness.ch\\\/allgemein\\\/2016-04-13\\\/zahl-der-logiernaechte-im-februar-gesunken\\\/#primaryimage\",\"url\":\"https:\\\/\\\/www.immobilienbusiness.ch\\\/wp-content\\\/uploads\\\/2016\\\/12\\\/Zahl-der-Logiernaechte-im-Februar-gesunken-immobilien-business.jpg\",\"contentUrl\":\"https:\\\/\\\/www.immobilienbusiness.ch\\\/wp-content\\\/uploads\\\/2016\\\/12\\\/Zahl-der-Logiernaechte-im-Februar-gesunken-immobilien-business.jpg\",\"width\":1104,\"height\":733,\"caption\":\"Die Zahl der Logiern\u00e4chte in Schweizer Hotels ist im Februar gesunken (\u00a9 Foto hotelleriesuisse - Alain D. Boillat)\"},{\"@type\":\"BreadcrumbList\",\"@id\":\"https:\\\/\\\/www.immobilienbusiness.ch\\\/allgemein\\\/2016-04-13\\\/zahl-der-logiernaechte-im-februar-gesunken\\\/#breadcrumb\",\"itemListElement\":[{\"@type\":\"ListItem\",\"position\":1,\"name\":\"Home\",\"item\":\"https:\\\/\\\/www.immobilienbusiness.ch\\\/\"},{\"@type\":\"ListItem\",\"position\":2,\"name\":\"Zahl der Logiern\u00e4chte im Februar gesunken\"}]},{\"@type\":\"WebSite\",\"@id\":\"https:\\\/\\\/www.immobilienbusiness.ch\\\/#website\",\"url\":\"https:\\\/\\\/www.immobilienbusiness.ch\\\/\",\"name\":\"IMMOBILIEN Business\",\"description\":\"Unabh\u00e4ngiges Schweizer Wirtschaftsmagazin mit Fokus auf Immobilien, Architektur- und Bau sowie Investment- und Finanzierung.\",\"publisher\":{\"@id\":\"https:\\\/\\\/www.immobilienbusiness.ch\\\/#organization\"},\"potentialAction\":[{\"@type\":\"SearchAction\",\"target\":{\"@type\":\"EntryPoint\",\"urlTemplate\":\"https:\\\/\\\/www.immobilienbusiness.ch\\\/?s={search_term_string}\"},\"query-input\":{\"@type\":\"PropertyValueSpecification\",\"valueRequired\":true,\"valueName\":\"search_term_string\"}}],\"inLanguage\":\"it-IT\"},{\"@type\":\"Organization\",\"@id\":\"https:\\\/\\\/www.immobilienbusiness.ch\\\/#organization\",\"name\":\"IMMOBILIEN Business\",\"url\":\"https:\\\/\\\/www.immobilienbusiness.ch\\\/\",\"logo\":{\"@type\":\"ImageObject\",\"inLanguage\":\"it-IT\",\"@id\":\"https:\\\/\\\/www.immobilienbusiness.ch\\\/#\\\/schema\\\/logo\\\/image\\\/\",\"url\":\"https:\\\/\\\/www.immobilienbusiness.ch\\\/wp-content\\\/uploads\\\/2021\\\/07\\\/logo_ib.png\",\"contentUrl\":\"https:\\\/\\\/www.immobilienbusiness.ch\\\/wp-content\\\/uploads\\\/2021\\\/07\\\/logo_ib.png\",\"width\":800,\"height\":181,\"caption\":\"IMMOBILIEN Business\"},\"image\":{\"@id\":\"https:\\\/\\\/www.immobilienbusiness.ch\\\/#\\\/schema\\\/logo\\\/image\\\/\"},\"sameAs\":[\"https:\\\/\\\/www.facebook.com\\\/immobilienbusiness\\\/\"]},{\"@type\":\"Person\",\"@id\":\"https:\\\/\\\/www.immobilienbusiness.ch\\\/#\\\/schema\\\/person\\\/aa2bace6c5c5aad60102004a50c4eb1c\",\"name\":\"Redaktion\",\"image\":{\"@type\":\"ImageObject\",\"inLanguage\":\"it-IT\",\"@id\":\"https:\\\/\\\/secure.gravatar.com\\\/avatar\\\/ae2f4d718e6c49043e314ce431e7e645d646302a24a5ef5a8bc8e3f5a032e319?s=96&d=mm&r=g\",\"url\":\"https:\\\/\\\/secure.gravatar.com\\\/avatar\\\/ae2f4d718e6c49043e314ce431e7e645d646302a24a5ef5a8bc8e3f5a032e319?s=96&d=mm&r=g\",\"contentUrl\":\"https:\\\/\\\/secure.gravatar.com\\\/avatar\\\/ae2f4d718e6c49043e314ce431e7e645d646302a24a5ef5a8bc8e3f5a032e319?s=96&d=mm&r=g\",\"caption\":\"Redaktion\"},\"sameAs\":[\"http:\\\/\\\/develop.organisator.galledia.ch\"],\"url\":\"https:\\\/\\\/www.immobilienbusiness.ch\\\/it\\\/author\\\/admin\\\/\"}]}<\/script>\n<!-- \/ Yoast SEO plugin. -->","yoast_head_json":{"title":"Zahl der Logiern\u00e4chte im Februar gesunken - IMMOBILIEN Business","description":"Weil die ausl\u00e4ndischen Touristen ausgeblieben sind, ist die Zahl der Logiern\u00e4chte in der Schweiz im Februar um 1,3 Prozent gesunken.","robots":{"index":"index","follow":"follow","max-snippet":"max-snippet:-1","max-image-preview":"max-image-preview:large","max-video-preview":"max-video-preview:-1"},"canonical":"https:\/\/www.immobilienbusiness.ch\/it\/allgemein\/2016-04-13\/zahl-der-logiernaechte-im-februar-gesunken\/","og_locale":"it_IT","og_type":"article","og_title":"Zahl der Logiern\u00e4chte im Februar gesunken","og_description":"Weil die ausl\u00e4ndischen Touristen ausgeblieben sind, ist die Zahl der Logiern\u00e4chte in der Schweiz im Februar um 1,3 Prozent gesunken. Erstmals waren nach Angaben des Branchenverbands Hotelleriesuisse mehr Schweizer als ausl\u00e4ndische G\u00e4ste als in der Hochsaison in Schweizer Hotels.","og_url":"https:\/\/www.immobilienbusiness.ch\/it\/allgemein\/2016-04-13\/zahl-der-logiernaechte-im-februar-gesunken\/","og_site_name":"IMMOBILIEN Business","article_publisher":"https:\/\/www.facebook.com\/immobilienbusiness\/","article_published_time":"2016-04-13T06:18:44+00:00","author":"Redaktion","twitter_card":"summary_large_image","twitter_image":"https:\/\/www.immobilienbusiness.ch\/wp-content\/uploads\/2016\/12\/Zahl-der-Logiernaechte-im-Februar-gesunken-immobilien-business.jpg","schema":{"@context":"https:\/\/schema.org","@graph":[{"@type":"Article","@id":"https:\/\/www.immobilienbusiness.ch\/allgemein\/2016-04-13\/zahl-der-logiernaechte-im-februar-gesunken\/#article","isPartOf":{"@id":"https:\/\/www.immobilienbusiness.ch\/allgemein\/2016-04-13\/zahl-der-logiernaechte-im-februar-gesunken\/"},"author":{"name":"Redaktion","@id":"https:\/\/www.immobilienbusiness.ch\/#\/schema\/person\/aa2bace6c5c5aad60102004a50c4eb1c"},"headline":"Zahl der Logiern\u00e4chte im Februar gesunken","datePublished":"2016-04-13T06:18:44+00:00","mainEntityOfPage":{"@id":"https:\/\/www.immobilienbusiness.ch\/allgemein\/2016-04-13\/zahl-der-logiernaechte-im-februar-gesunken\/"},"wordCount":161,"commentCount":0,"publisher":{"@id":"https:\/\/www.immobilienbusiness.ch\/#organization"},"image":{"@id":"https:\/\/www.immobilienbusiness.ch\/allgemein\/2016-04-13\/zahl-der-logiernaechte-im-februar-gesunken\/#primaryimage"},"thumbnailUrl":"https:\/\/www.immobilienbusiness.ch\/wp-content\/uploads\/2016\/12\/Zahl-der-Logiernaechte-im-Februar-gesunken-immobilien-business.jpg","keywords":["Hotels","M\u00e4rkte"],"articleSection":["Allgemein"],"inLanguage":"it-IT"},{"@type":"WebPage","@id":"https:\/\/www.immobilienbusiness.ch\/allgemein\/2016-04-13\/zahl-der-logiernaechte-im-februar-gesunken\/","url":"https:\/\/www.immobilienbusiness.ch\/allgemein\/2016-04-13\/zahl-der-logiernaechte-im-februar-gesunken\/","name":"Zahl der Logiern\u00e4chte im Februar gesunken - IMMOBILIEN Business","isPartOf":{"@id":"https:\/\/www.immobilienbusiness.ch\/#website"},"primaryImageOfPage":{"@id":"https:\/\/www.immobilienbusiness.ch\/allgemein\/2016-04-13\/zahl-der-logiernaechte-im-februar-gesunken\/#primaryimage"},"image":{"@id":"https:\/\/www.immobilienbusiness.ch\/allgemein\/2016-04-13\/zahl-der-logiernaechte-im-februar-gesunken\/#primaryimage"},"thumbnailUrl":"https:\/\/www.immobilienbusiness.ch\/wp-content\/uploads\/2016\/12\/Zahl-der-Logiernaechte-im-Februar-gesunken-immobilien-business.jpg","datePublished":"2016-04-13T06:18:44+00:00","description":"Weil die ausl\u00e4ndischen Touristen ausgeblieben sind, ist die Zahl der Logiern\u00e4chte in der Schweiz im Februar um 1,3 Prozent gesunken.","breadcrumb":{"@id":"https:\/\/www.immobilienbusiness.ch\/allgemein\/2016-04-13\/zahl-der-logiernaechte-im-februar-gesunken\/#breadcrumb"},"inLanguage":"it-IT","potentialAction":[{"@type":"ReadAction","target":["https:\/\/www.immobilienbusiness.ch\/allgemein\/2016-04-13\/zahl-der-logiernaechte-im-februar-gesunken\/"]}]},{"@type":"ImageObject","inLanguage":"it-IT","@id":"https:\/\/www.immobilienbusiness.ch\/allgemein\/2016-04-13\/zahl-der-logiernaechte-im-februar-gesunken\/#primaryimage","url":"https:\/\/www.immobilienbusiness.ch\/wp-content\/uploads\/2016\/12\/Zahl-der-Logiernaechte-im-Februar-gesunken-immobilien-business.jpg","contentUrl":"https:\/\/www.immobilienbusiness.ch\/wp-content\/uploads\/2016\/12\/Zahl-der-Logiernaechte-im-Februar-gesunken-immobilien-business.jpg","width":1104,"height":733,"caption":"Die Zahl der Logiern\u00e4chte in Schweizer Hotels ist im Februar gesunken (\u00a9 Foto hotelleriesuisse - Alain D. Boillat)"},{"@type":"BreadcrumbList","@id":"https:\/\/www.immobilienbusiness.ch\/allgemein\/2016-04-13\/zahl-der-logiernaechte-im-februar-gesunken\/#breadcrumb","itemListElement":[{"@type":"ListItem","position":1,"name":"Home","item":"https:\/\/www.immobilienbusiness.ch\/"},{"@type":"ListItem","position":2,"name":"Zahl der Logiern\u00e4chte im Februar gesunken"}]},{"@type":"WebSite","@id":"https:\/\/www.immobilienbusiness.ch\/#website","url":"https:\/\/www.immobilienbusiness.ch\/","name":"Affari immobiliari","description":"Rivista economica indipendente svizzera che si concentra sul settore immobiliare, l'architettura e la costruzione, nonch\u00e9 sugli investimenti e i finanziamenti.","publisher":{"@id":"https:\/\/www.immobilienbusiness.ch\/#organization"},"potentialAction":[{"@type":"SearchAction","target":{"@type":"EntryPoint","urlTemplate":"https:\/\/www.immobilienbusiness.ch\/?s={search_term_string}"},"query-input":{"@type":"PropertyValueSpecification","valueRequired":true,"valueName":"search_term_string"}}],"inLanguage":"it-IT"},{"@type":"Organization","@id":"https:\/\/www.immobilienbusiness.ch\/#organization","name":"Affari immobiliari","url":"https:\/\/www.immobilienbusiness.ch\/","logo":{"@type":"ImageObject","inLanguage":"it-IT","@id":"https:\/\/www.immobilienbusiness.ch\/#\/schema\/logo\/image\/","url":"https:\/\/www.immobilienbusiness.ch\/wp-content\/uploads\/2021\/07\/logo_ib.png","contentUrl":"https:\/\/www.immobilienbusiness.ch\/wp-content\/uploads\/2021\/07\/logo_ib.png","width":800,"height":181,"caption":"IMMOBILIEN Business"},"image":{"@id":"https:\/\/www.immobilienbusiness.ch\/#\/schema\/logo\/image\/"},"sameAs":["https:\/\/www.facebook.com\/immobilienbusiness\/"]},{"@type":"Person","@id":"https:\/\/www.immobilienbusiness.ch\/#\/schema\/person\/aa2bace6c5c5aad60102004a50c4eb1c","name":"Editoriale","image":{"@type":"ImageObject","inLanguage":"it-IT","@id":"https:\/\/secure.gravatar.com\/avatar\/ae2f4d718e6c49043e314ce431e7e645d646302a24a5ef5a8bc8e3f5a032e319?s=96&d=mm&r=g","url":"https:\/\/secure.gravatar.com\/avatar\/ae2f4d718e6c49043e314ce431e7e645d646302a24a5ef5a8bc8e3f5a032e319?s=96&d=mm&r=g","contentUrl":"https:\/\/secure.gravatar.com\/avatar\/ae2f4d718e6c49043e314ce431e7e645d646302a24a5ef5a8bc8e3f5a032e319?s=96&d=mm&r=g","caption":"Redaktion"},"sameAs":["http:\/\/develop.organisator.galledia.ch"],"url":"https:\/\/www.immobilienbusiness.ch\/it\/author\/admin\/"}]}},"_links":{"self":[{"href":"https:\/\/www.immobilienbusiness.ch\/it\/wp-json\/wp\/v2\/posts\/2864","targetHints":{"allow":["GET"]}}],"collection":[{"href":"https:\/\/www.immobilienbusiness.ch\/it\/wp-json\/wp\/v2\/posts"}],"about":[{"href":"https:\/\/www.immobilienbusiness.ch\/it\/wp-json\/wp\/v2\/types\/post"}],"author":[{"embeddable":true,"href":"https:\/\/www.immobilienbusiness.ch\/it\/wp-json\/wp\/v2\/users\/1"}],"replies":[{"embeddable":true,"href":"https:\/\/www.immobilienbusiness.ch\/it\/wp-json\/wp\/v2\/comments?post=2864"}],"version-history":[{"count":0,"href":"https:\/\/www.immobilienbusiness.ch\/it\/wp-json\/wp\/v2\/posts\/2864\/revisions"}],"wp:featuredmedia":[{"embeddable":true,"href":"https:\/\/www.immobilienbusiness.ch\/it\/wp-json\/wp\/v2\/media\/2865"}],"wp:attachment":[{"href":"https:\/\/www.immobilienbusiness.ch\/it\/wp-json\/wp\/v2\/media?parent=2864"}],"wp:term":[{"taxonomy":"category","embeddable":true,"href":"https:\/\/www.immobilienbusiness.ch\/it\/wp-json\/wp\/v2\/categories?post=2864"},{"taxonomy":"post_tag","embeddable":true,"href":"https:\/\/www.immobilienbusiness.ch\/it\/wp-json\/wp\/v2\/tags?post=2864"}],"curies":[{"name":"wp","href":"https:\/\/api.w.org\/{rel}","templated":true}]}}