{"id":2645,"date":"2016-03-21T08:37:03","date_gmt":"2016-03-21T07:37:03","guid":{"rendered":"http:\/\/dev.immobilienbusiness.ch\/?p=2645"},"modified":"2016-03-21T08:37:03","modified_gmt":"2016-03-21T07:37:03","slug":"emmen-center-wird-fuer-50-millionen-saniert","status":"publish","type":"post","link":"https:\/\/www.immobilienbusiness.ch\/it\/retail\/2016-03-21\/emmen-center-wird-fuer-50-millionen-saniert\/","title":{"rendered":"L'Emmen Center sar\u00e0 rinnovato per 50 milioni"},"content":{"rendered":"<figure id=\"attachment_2646\" aria-describedby=\"caption-attachment-2646\" style=\"width: 680px\" class=\"wp-caption alignnone\"><img loading=\"lazy\" decoding=\"async\" class=\"size-medium wp-image-2646\" src=\"https:\/\/immobilienbusiness.ch\/wp-content\/uploads\/2016\/12\/Emmen-Center-wird-f\u00fcr-50-Millionen-saniert-immobilien-business.jpg\" alt=\"Neue Parkhausfassade Emmen Center (Foto: Emmen Center)\" width=\"680\" height=\"250\" \/><figcaption id=\"caption-attachment-2646\" class=\"wp-caption-text\">Facciata del nuovo parcheggio dell'Emmen Center (Foto: Emmen Center)<\/figcaption><\/figure>\n<p>Secondo il Gruppo Maus-Fr\u00e8res, a cui appartiene il Centro Emmen, sono gi\u00e0 stati rilasciati i relativi permessi di costruzione. I costi del progetto per il proprietario ammontano a oltre 35 milioni di franchi svizzeri, a cui si aggiungono gli investimenti degli inquilini per l'ampliamento dei negozi, pari a oltre 15 milioni di franchi svizzeri. La maggior parte dei lavori interni ed esterni sar\u00e0 completata entro Pasqua 2017.<\/p>\n<p>Con la ristrutturazione, l'Emmen Center sta anche adattando il suo mix di affittuari e vuole lasciare un segno ancora pi\u00f9 forte nel settore della moda e della bellezza in futuro. Entro il 2017, diversi punti vendita saranno completamente rinnovati e\/o trasferiti all'interno del centro. Tuttavia, il numero di negozi specializzati rimarr\u00e0 di oltre 80 unit\u00e0.<\/p>\n<p>Gi\u00e0 nel 2015 sono stati rinnovati e convertiti pi\u00f9 di 10.000 mq di spazio di vendita, tra cui H&amp;M che ha modernizzato il suo negozio e lo ha ampliato di 600 mq di spazio di vendita. Con l'ulteriore integrazione del concetto H&amp;M Home, \u00e8 stato creato il flagship store H&amp;M nella Svizzera centrale. Dall'autunno 2016, la casa di moda spagnola Zara offrir\u00e0 anche moda per donna, uomo e bambino su 2.000 mq di spazio di vendita su due piani. L'Emmen Center \u00e8 la prima sede di Zara nell'area di Lucerna.<\/p>\n<p>L'Emmen Center appartiene al Gruppo Maus-Fr\u00e8res, che possiede anche le catene di grandi magazzini Manor, Jumbo Baumarkt e Athleticum e undici centri commerciali in tutta la Svizzera. (ah)<\/p>","protected":false},"excerpt":{"rendered":"<p>L'Emmen Center di Emmenbr\u00fccke sar\u00e0 ristrutturato per un costo di oltre 50 milioni di franchi. In particolare, l'architettura degli anni '70 sar\u00e0 modernizzata e le facciate saranno rinnovate e ridisegnate. La facciata ridisegnata del parcheggio diventer\u00e0 il nuovo punto di riferimento del centro di Emmen.<\/p>","protected":false},"author":1,"featured_media":2646,"comment_status":"open","ping_status":"open","sticky":false,"template":"","format":"standard","meta":{"_acf_changed":false,"_yoast_wpseo_focuskw":"Emmen Center Sanierung","_yoast_wpseo_title":"Emmen Center Sanierung: 50 Millionen Investition f\u00fcr Modernisierung","_yoast_wpseo_metadesc":"Das Emmen Center wird f\u00fcr \u00fcber 35 Millionen CHF saniert, mit Fokus auf Fashion und Beauty, inklusive Zara-Store im Grossraum Luzern.","_yoast_wpseo_linkdex":67,"pgc_sgb_lightbox_settings":"","footnotes":""},"categories":[987],"tags":[1459,1643],"class_list":["post-2645","post","type-post","status-publish","format-standard","has-post-thumbnail","hentry","category-retail","tag-luzern","tag-retail"],"acf":[],"yoast_head":"<!-- This site is optimized with the Yoast SEO plugin v27.4 - https:\/\/yoast.com\/product\/yoast-seo-wordpress\/ -->\n<title>Emmen Center Sanierung: 50 Millionen Investition f\u00fcr Modernisierung<\/title>\n<meta name=\"description\" content=\"Das Emmen Center wird f\u00fcr \u00fcber 35 Millionen CHF saniert, mit Fokus auf Fashion und Beauty, inklusive Zara-Store im Grossraum Luzern.\" \/>\n<meta name=\"robots\" content=\"index, follow, max-snippet:-1, max-image-preview:large, max-video-preview:-1\" \/>\n<link rel=\"canonical\" href=\"https:\/\/www.immobilienbusiness.ch\/it\/retail\/2016-03-21\/emmen-center-wird-fuer-50-millionen-saniert\/\" \/>\n<meta property=\"og:locale\" content=\"it_IT\" \/>\n<meta property=\"og:type\" content=\"article\" \/>\n<meta property=\"og:title\" content=\"Emmen Center wird f\u00fcr 50 Millionen saniert\" \/>\n<meta property=\"og:description\" content=\"Das Emmen Center in Emmenbr\u00fccke soll f\u00fcr \u00fcber 50 Millionen CHF saniert werden. Insbesondere die Architektur aus den 70er-Jahren wird modernisiert, die Fassaden werden saniert und neu gestaltet. Neues Wahrzeichen des Emmen Center soll die umgestaltete Parkhausfassade werden.\" \/>\n<meta property=\"og:url\" content=\"https:\/\/www.immobilienbusiness.ch\/it\/retail\/2016-03-21\/emmen-center-wird-fuer-50-millionen-saniert\/\" \/>\n<meta property=\"og:site_name\" content=\"IMMOBILIEN Business\" \/>\n<meta property=\"article:publisher\" content=\"https:\/\/www.facebook.com\/immobilienbusiness\/\" \/>\n<meta property=\"article:published_time\" content=\"2016-03-21T07:37:03+00:00\" \/>\n<meta name=\"author\" content=\"Redaktion\" \/>\n<meta name=\"twitter:card\" content=\"summary_large_image\" \/>\n<meta name=\"twitter:image\" content=\"https:\/\/www.immobilienbusiness.ch\/wp-content\/uploads\/2016\/12\/Emmen-Center-wird-fuer-50-Millionen-saniert-immobilien-business.jpg\" \/>\n<script type=\"application\/ld+json\" class=\"yoast-schema-graph\">{\"@context\":\"https:\\\/\\\/schema.org\",\"@graph\":[{\"@type\":\"Article\",\"@id\":\"https:\\\/\\\/www.immobilienbusiness.ch\\\/en\\\/retail\\\/2016-03-21\\\/emmen-center-wird-fuer-50-millionen-saniert\\\/#article\",\"isPartOf\":{\"@id\":\"https:\\\/\\\/www.immobilienbusiness.ch\\\/en\\\/retail\\\/2016-03-21\\\/emmen-center-wird-fuer-50-millionen-saniert\\\/\"},\"author\":{\"name\":\"Redaktion\",\"@id\":\"https:\\\/\\\/www.immobilienbusiness.ch\\\/#\\\/schema\\\/person\\\/aa2bace6c5c5aad60102004a50c4eb1c\"},\"headline\":\"Emmen Center wird f\u00fcr 50 Millionen saniert\",\"datePublished\":\"2016-03-21T07:37:03+00:00\",\"mainEntityOfPage\":{\"@id\":\"https:\\\/\\\/www.immobilienbusiness.ch\\\/en\\\/retail\\\/2016-03-21\\\/emmen-center-wird-fuer-50-millionen-saniert\\\/\"},\"wordCount\":231,\"commentCount\":0,\"publisher\":{\"@id\":\"https:\\\/\\\/www.immobilienbusiness.ch\\\/#organization\"},\"image\":{\"@id\":\"https:\\\/\\\/www.immobilienbusiness.ch\\\/en\\\/retail\\\/2016-03-21\\\/emmen-center-wird-fuer-50-millionen-saniert\\\/#primaryimage\"},\"thumbnailUrl\":\"https:\\\/\\\/www.immobilienbusiness.ch\\\/wp-content\\\/uploads\\\/2016\\\/12\\\/Emmen-Center-wird-fuer-50-Millionen-saniert-immobilien-business.jpg\",\"keywords\":[\"Luzern\",\"Retail\"],\"articleSection\":[\"RETAIL\"],\"inLanguage\":\"it-IT\"},{\"@type\":\"WebPage\",\"@id\":\"https:\\\/\\\/www.immobilienbusiness.ch\\\/en\\\/retail\\\/2016-03-21\\\/emmen-center-wird-fuer-50-millionen-saniert\\\/\",\"url\":\"https:\\\/\\\/www.immobilienbusiness.ch\\\/en\\\/retail\\\/2016-03-21\\\/emmen-center-wird-fuer-50-millionen-saniert\\\/\",\"name\":\"Emmen Center Sanierung: 50 Millionen Investition f\u00fcr Modernisierung\",\"isPartOf\":{\"@id\":\"https:\\\/\\\/www.immobilienbusiness.ch\\\/#website\"},\"primaryImageOfPage\":{\"@id\":\"https:\\\/\\\/www.immobilienbusiness.ch\\\/en\\\/retail\\\/2016-03-21\\\/emmen-center-wird-fuer-50-millionen-saniert\\\/#primaryimage\"},\"image\":{\"@id\":\"https:\\\/\\\/www.immobilienbusiness.ch\\\/en\\\/retail\\\/2016-03-21\\\/emmen-center-wird-fuer-50-millionen-saniert\\\/#primaryimage\"},\"thumbnailUrl\":\"https:\\\/\\\/www.immobilienbusiness.ch\\\/wp-content\\\/uploads\\\/2016\\\/12\\\/Emmen-Center-wird-fuer-50-Millionen-saniert-immobilien-business.jpg\",\"datePublished\":\"2016-03-21T07:37:03+00:00\",\"description\":\"Das Emmen Center wird f\u00fcr \u00fcber 35 Millionen CHF saniert, mit Fokus auf Fashion und Beauty, inklusive Zara-Store im Grossraum Luzern.\",\"breadcrumb\":{\"@id\":\"https:\\\/\\\/www.immobilienbusiness.ch\\\/en\\\/retail\\\/2016-03-21\\\/emmen-center-wird-fuer-50-millionen-saniert\\\/#breadcrumb\"},\"inLanguage\":\"it-IT\",\"potentialAction\":[{\"@type\":\"ReadAction\",\"target\":[\"https:\\\/\\\/www.immobilienbusiness.ch\\\/en\\\/retail\\\/2016-03-21\\\/emmen-center-wird-fuer-50-millionen-saniert\\\/\"]}]},{\"@type\":\"ImageObject\",\"inLanguage\":\"it-IT\",\"@id\":\"https:\\\/\\\/www.immobilienbusiness.ch\\\/en\\\/retail\\\/2016-03-21\\\/emmen-center-wird-fuer-50-millionen-saniert\\\/#primaryimage\",\"url\":\"https:\\\/\\\/www.immobilienbusiness.ch\\\/wp-content\\\/uploads\\\/2016\\\/12\\\/Emmen-Center-wird-fuer-50-Millionen-saniert-immobilien-business.jpg\",\"contentUrl\":\"https:\\\/\\\/www.immobilienbusiness.ch\\\/wp-content\\\/uploads\\\/2016\\\/12\\\/Emmen-Center-wird-fuer-50-Millionen-saniert-immobilien-business.jpg\",\"width\":2560,\"height\":942,\"caption\":\"Neue Parkhausfassade Emmen Center (Foto: Emmen Center)\"},{\"@type\":\"BreadcrumbList\",\"@id\":\"https:\\\/\\\/www.immobilienbusiness.ch\\\/en\\\/retail\\\/2016-03-21\\\/emmen-center-wird-fuer-50-millionen-saniert\\\/#breadcrumb\",\"itemListElement\":[{\"@type\":\"ListItem\",\"position\":1,\"name\":\"Home\",\"item\":\"https:\\\/\\\/www.immobilienbusiness.ch\\\/\"},{\"@type\":\"ListItem\",\"position\":2,\"name\":\"Emmen Center wird f\u00fcr 50 Millionen saniert\"}]},{\"@type\":\"WebSite\",\"@id\":\"https:\\\/\\\/www.immobilienbusiness.ch\\\/#website\",\"url\":\"https:\\\/\\\/www.immobilienbusiness.ch\\\/\",\"name\":\"IMMOBILIEN Business\",\"description\":\"Unabh\u00e4ngiges Schweizer Wirtschaftsmagazin mit Fokus auf Immobilien, Architektur- und Bau sowie Investment- und Finanzierung.\",\"publisher\":{\"@id\":\"https:\\\/\\\/www.immobilienbusiness.ch\\\/#organization\"},\"potentialAction\":[{\"@type\":\"SearchAction\",\"target\":{\"@type\":\"EntryPoint\",\"urlTemplate\":\"https:\\\/\\\/www.immobilienbusiness.ch\\\/?s={search_term_string}\"},\"query-input\":{\"@type\":\"PropertyValueSpecification\",\"valueRequired\":true,\"valueName\":\"search_term_string\"}}],\"inLanguage\":\"it-IT\"},{\"@type\":\"Organization\",\"@id\":\"https:\\\/\\\/www.immobilienbusiness.ch\\\/#organization\",\"name\":\"IMMOBILIEN Business\",\"url\":\"https:\\\/\\\/www.immobilienbusiness.ch\\\/\",\"logo\":{\"@type\":\"ImageObject\",\"inLanguage\":\"it-IT\",\"@id\":\"https:\\\/\\\/www.immobilienbusiness.ch\\\/#\\\/schema\\\/logo\\\/image\\\/\",\"url\":\"https:\\\/\\\/www.immobilienbusiness.ch\\\/wp-content\\\/uploads\\\/2021\\\/07\\\/logo_ib.png\",\"contentUrl\":\"https:\\\/\\\/www.immobilienbusiness.ch\\\/wp-content\\\/uploads\\\/2021\\\/07\\\/logo_ib.png\",\"width\":800,\"height\":181,\"caption\":\"IMMOBILIEN Business\"},\"image\":{\"@id\":\"https:\\\/\\\/www.immobilienbusiness.ch\\\/#\\\/schema\\\/logo\\\/image\\\/\"},\"sameAs\":[\"https:\\\/\\\/www.facebook.com\\\/immobilienbusiness\\\/\"]},{\"@type\":\"Person\",\"@id\":\"https:\\\/\\\/www.immobilienbusiness.ch\\\/#\\\/schema\\\/person\\\/aa2bace6c5c5aad60102004a50c4eb1c\",\"name\":\"Redaktion\",\"image\":{\"@type\":\"ImageObject\",\"inLanguage\":\"it-IT\",\"@id\":\"https:\\\/\\\/secure.gravatar.com\\\/avatar\\\/ae2f4d718e6c49043e314ce431e7e645d646302a24a5ef5a8bc8e3f5a032e319?s=96&d=mm&r=g\",\"url\":\"https:\\\/\\\/secure.gravatar.com\\\/avatar\\\/ae2f4d718e6c49043e314ce431e7e645d646302a24a5ef5a8bc8e3f5a032e319?s=96&d=mm&r=g\",\"contentUrl\":\"https:\\\/\\\/secure.gravatar.com\\\/avatar\\\/ae2f4d718e6c49043e314ce431e7e645d646302a24a5ef5a8bc8e3f5a032e319?s=96&d=mm&r=g\",\"caption\":\"Redaktion\"},\"sameAs\":[\"http:\\\/\\\/develop.organisator.galledia.ch\"],\"url\":\"https:\\\/\\\/www.immobilienbusiness.ch\\\/it\\\/author\\\/admin\\\/\"}]}<\/script>\n<!-- \/ Yoast SEO plugin. -->","yoast_head_json":{"title":"Emmen Center Sanierung: 50 Millionen Investition f\u00fcr Modernisierung","description":"Das Emmen Center wird f\u00fcr \u00fcber 35 Millionen CHF saniert, mit Fokus auf Fashion und Beauty, inklusive Zara-Store im Grossraum Luzern.","robots":{"index":"index","follow":"follow","max-snippet":"max-snippet:-1","max-image-preview":"max-image-preview:large","max-video-preview":"max-video-preview:-1"},"canonical":"https:\/\/www.immobilienbusiness.ch\/it\/retail\/2016-03-21\/emmen-center-wird-fuer-50-millionen-saniert\/","og_locale":"it_IT","og_type":"article","og_title":"Emmen Center wird f\u00fcr 50 Millionen saniert","og_description":"Das Emmen Center in Emmenbr\u00fccke soll f\u00fcr \u00fcber 50 Millionen CHF saniert werden. Insbesondere die Architektur aus den 70er-Jahren wird modernisiert, die Fassaden werden saniert und neu gestaltet. Neues Wahrzeichen des Emmen Center soll die umgestaltete Parkhausfassade werden.","og_url":"https:\/\/www.immobilienbusiness.ch\/it\/retail\/2016-03-21\/emmen-center-wird-fuer-50-millionen-saniert\/","og_site_name":"IMMOBILIEN Business","article_publisher":"https:\/\/www.facebook.com\/immobilienbusiness\/","article_published_time":"2016-03-21T07:37:03+00:00","author":"Redaktion","twitter_card":"summary_large_image","twitter_image":"https:\/\/www.immobilienbusiness.ch\/wp-content\/uploads\/2016\/12\/Emmen-Center-wird-fuer-50-Millionen-saniert-immobilien-business.jpg","schema":{"@context":"https:\/\/schema.org","@graph":[{"@type":"Article","@id":"https:\/\/www.immobilienbusiness.ch\/en\/retail\/2016-03-21\/emmen-center-wird-fuer-50-millionen-saniert\/#article","isPartOf":{"@id":"https:\/\/www.immobilienbusiness.ch\/en\/retail\/2016-03-21\/emmen-center-wird-fuer-50-millionen-saniert\/"},"author":{"name":"Redaktion","@id":"https:\/\/www.immobilienbusiness.ch\/#\/schema\/person\/aa2bace6c5c5aad60102004a50c4eb1c"},"headline":"Emmen Center wird f\u00fcr 50 Millionen saniert","datePublished":"2016-03-21T07:37:03+00:00","mainEntityOfPage":{"@id":"https:\/\/www.immobilienbusiness.ch\/en\/retail\/2016-03-21\/emmen-center-wird-fuer-50-millionen-saniert\/"},"wordCount":231,"commentCount":0,"publisher":{"@id":"https:\/\/www.immobilienbusiness.ch\/#organization"},"image":{"@id":"https:\/\/www.immobilienbusiness.ch\/en\/retail\/2016-03-21\/emmen-center-wird-fuer-50-millionen-saniert\/#primaryimage"},"thumbnailUrl":"https:\/\/www.immobilienbusiness.ch\/wp-content\/uploads\/2016\/12\/Emmen-Center-wird-fuer-50-Millionen-saniert-immobilien-business.jpg","keywords":["Luzern","Retail"],"articleSection":["RETAIL"],"inLanguage":"it-IT"},{"@type":"WebPage","@id":"https:\/\/www.immobilienbusiness.ch\/en\/retail\/2016-03-21\/emmen-center-wird-fuer-50-millionen-saniert\/","url":"https:\/\/www.immobilienbusiness.ch\/en\/retail\/2016-03-21\/emmen-center-wird-fuer-50-millionen-saniert\/","name":"Emmen Center Sanierung: 50 Millionen Investition f\u00fcr Modernisierung","isPartOf":{"@id":"https:\/\/www.immobilienbusiness.ch\/#website"},"primaryImageOfPage":{"@id":"https:\/\/www.immobilienbusiness.ch\/en\/retail\/2016-03-21\/emmen-center-wird-fuer-50-millionen-saniert\/#primaryimage"},"image":{"@id":"https:\/\/www.immobilienbusiness.ch\/en\/retail\/2016-03-21\/emmen-center-wird-fuer-50-millionen-saniert\/#primaryimage"},"thumbnailUrl":"https:\/\/www.immobilienbusiness.ch\/wp-content\/uploads\/2016\/12\/Emmen-Center-wird-fuer-50-Millionen-saniert-immobilien-business.jpg","datePublished":"2016-03-21T07:37:03+00:00","description":"Das Emmen Center wird f\u00fcr \u00fcber 35 Millionen CHF saniert, mit Fokus auf Fashion und Beauty, inklusive Zara-Store im Grossraum Luzern.","breadcrumb":{"@id":"https:\/\/www.immobilienbusiness.ch\/en\/retail\/2016-03-21\/emmen-center-wird-fuer-50-millionen-saniert\/#breadcrumb"},"inLanguage":"it-IT","potentialAction":[{"@type":"ReadAction","target":["https:\/\/www.immobilienbusiness.ch\/en\/retail\/2016-03-21\/emmen-center-wird-fuer-50-millionen-saniert\/"]}]},{"@type":"ImageObject","inLanguage":"it-IT","@id":"https:\/\/www.immobilienbusiness.ch\/en\/retail\/2016-03-21\/emmen-center-wird-fuer-50-millionen-saniert\/#primaryimage","url":"https:\/\/www.immobilienbusiness.ch\/wp-content\/uploads\/2016\/12\/Emmen-Center-wird-fuer-50-Millionen-saniert-immobilien-business.jpg","contentUrl":"https:\/\/www.immobilienbusiness.ch\/wp-content\/uploads\/2016\/12\/Emmen-Center-wird-fuer-50-Millionen-saniert-immobilien-business.jpg","width":2560,"height":942,"caption":"Neue Parkhausfassade Emmen Center (Foto: Emmen Center)"},{"@type":"BreadcrumbList","@id":"https:\/\/www.immobilienbusiness.ch\/en\/retail\/2016-03-21\/emmen-center-wird-fuer-50-millionen-saniert\/#breadcrumb","itemListElement":[{"@type":"ListItem","position":1,"name":"Home","item":"https:\/\/www.immobilienbusiness.ch\/"},{"@type":"ListItem","position":2,"name":"Emmen Center wird f\u00fcr 50 Millionen saniert"}]},{"@type":"WebSite","@id":"https:\/\/www.immobilienbusiness.ch\/#website","url":"https:\/\/www.immobilienbusiness.ch\/","name":"Affari immobiliari","description":"Rivista economica indipendente svizzera che si concentra sul settore immobiliare, l'architettura e la costruzione, nonch\u00e9 sugli investimenti e i finanziamenti.","publisher":{"@id":"https:\/\/www.immobilienbusiness.ch\/#organization"},"potentialAction":[{"@type":"SearchAction","target":{"@type":"EntryPoint","urlTemplate":"https:\/\/www.immobilienbusiness.ch\/?s={search_term_string}"},"query-input":{"@type":"PropertyValueSpecification","valueRequired":true,"valueName":"search_term_string"}}],"inLanguage":"it-IT"},{"@type":"Organization","@id":"https:\/\/www.immobilienbusiness.ch\/#organization","name":"Affari immobiliari","url":"https:\/\/www.immobilienbusiness.ch\/","logo":{"@type":"ImageObject","inLanguage":"it-IT","@id":"https:\/\/www.immobilienbusiness.ch\/#\/schema\/logo\/image\/","url":"https:\/\/www.immobilienbusiness.ch\/wp-content\/uploads\/2021\/07\/logo_ib.png","contentUrl":"https:\/\/www.immobilienbusiness.ch\/wp-content\/uploads\/2021\/07\/logo_ib.png","width":800,"height":181,"caption":"IMMOBILIEN Business"},"image":{"@id":"https:\/\/www.immobilienbusiness.ch\/#\/schema\/logo\/image\/"},"sameAs":["https:\/\/www.facebook.com\/immobilienbusiness\/"]},{"@type":"Person","@id":"https:\/\/www.immobilienbusiness.ch\/#\/schema\/person\/aa2bace6c5c5aad60102004a50c4eb1c","name":"Editoriale","image":{"@type":"ImageObject","inLanguage":"it-IT","@id":"https:\/\/secure.gravatar.com\/avatar\/ae2f4d718e6c49043e314ce431e7e645d646302a24a5ef5a8bc8e3f5a032e319?s=96&d=mm&r=g","url":"https:\/\/secure.gravatar.com\/avatar\/ae2f4d718e6c49043e314ce431e7e645d646302a24a5ef5a8bc8e3f5a032e319?s=96&d=mm&r=g","contentUrl":"https:\/\/secure.gravatar.com\/avatar\/ae2f4d718e6c49043e314ce431e7e645d646302a24a5ef5a8bc8e3f5a032e319?s=96&d=mm&r=g","caption":"Redaktion"},"sameAs":["http:\/\/develop.organisator.galledia.ch"],"url":"https:\/\/www.immobilienbusiness.ch\/it\/author\/admin\/"}]}},"_links":{"self":[{"href":"https:\/\/www.immobilienbusiness.ch\/it\/wp-json\/wp\/v2\/posts\/2645","targetHints":{"allow":["GET"]}}],"collection":[{"href":"https:\/\/www.immobilienbusiness.ch\/it\/wp-json\/wp\/v2\/posts"}],"about":[{"href":"https:\/\/www.immobilienbusiness.ch\/it\/wp-json\/wp\/v2\/types\/post"}],"author":[{"embeddable":true,"href":"https:\/\/www.immobilienbusiness.ch\/it\/wp-json\/wp\/v2\/users\/1"}],"replies":[{"embeddable":true,"href":"https:\/\/www.immobilienbusiness.ch\/it\/wp-json\/wp\/v2\/comments?post=2645"}],"version-history":[{"count":0,"href":"https:\/\/www.immobilienbusiness.ch\/it\/wp-json\/wp\/v2\/posts\/2645\/revisions"}],"wp:featuredmedia":[{"embeddable":true,"href":"https:\/\/www.immobilienbusiness.ch\/it\/wp-json\/wp\/v2\/media\/2646"}],"wp:attachment":[{"href":"https:\/\/www.immobilienbusiness.ch\/it\/wp-json\/wp\/v2\/media?parent=2645"}],"wp:term":[{"taxonomy":"category","embeddable":true,"href":"https:\/\/www.immobilienbusiness.ch\/it\/wp-json\/wp\/v2\/categories?post=2645"},{"taxonomy":"post_tag","embeddable":true,"href":"https:\/\/www.immobilienbusiness.ch\/it\/wp-json\/wp\/v2\/tags?post=2645"}],"curies":[{"name":"wp","href":"https:\/\/api.w.org\/{rel}","templated":true}]}}