{"id":2639,"date":"2016-03-18T10:04:40","date_gmt":"2016-03-18T09:04:40","guid":{"rendered":"http:\/\/dev.immobilienbusiness.ch\/?p=2639"},"modified":"2016-03-18T10:04:40","modified_gmt":"2016-03-18T09:04:40","slug":"vitra-design-museum-eroeffnet-schaudepot","status":"publish","type":"post","link":"https:\/\/www.immobilienbusiness.ch\/it\/unternehmen\/2016-03-18\/vitra-design-museum-eroeffnet-schaudepot\/","title":{"rendered":"Il Vitra Design Museum apre un deposito espositivo"},"content":{"rendered":"<figure id=\"attachment_2640\" aria-describedby=\"caption-attachment-2640\" style=\"width: 302px\" class=\"wp-caption alignnone\"><img loading=\"lazy\" decoding=\"async\" class=\"size-full wp-image-2640\" src=\"https:\/\/immobilienbusiness.ch\/wp-content\/uploads\/2016\/12\/Vitra-Design-Museum-er\u00f6ffnet-Schaudepot-immobilien-business.jpg\" alt=\"Au\u00dfenansicht des Vitra Schaudepot, Herzog &amp; de Meuron, 2015 (Foto: \u00a9 Vitra Design Museum, Julien Lanoo)\" width=\"302\" height=\"218\" \/><figcaption id=\"caption-attachment-2640\" class=\"wp-caption-text\">Vista esterna del Vitra Schaudepot, Herzog &amp; de Meuron, 2015 (Foto: \u00a9 Vitra Design Museum, Julien Lanoo)<\/figcaption><\/figure>\n<p>Nel deposito espositivo, il Vitra Design Museum presenter\u00e0 al pubblico gli oggetti chiave della sua vasta collezione su una superficie di 1.600 metri quadrati, integrata da un nuovo caff\u00e8 e da un negozio.<\/p>\n<p>La collezione del Vitra Design Museum comprende un totale di circa 7.000 mobili, oltre 1.000 lampade, numerosi archivi e le propriet\u00e0 di designer come Charles &amp; Ray Eames, Verner Panton e Alexander Girard. Sebbene l'edificio principale del museo sia stato originariamente progettato da Frank Gehry nel 1989 come edificio per le collezioni, il museo vi presenta ora grandi mostre temporanee. La collezione del museo non \u00e8 ancora stata esposta in modo permanente.<\/p>\n<p>Lo studio di architettura Herzog &amp; de Meuron di Basilea ha ora realizzato un nuovo edificio per il museo in cui la collezione viene esposta e comunicata. Al centro dello Schaudepot si trova un'esposizione permanente di oltre 400 pezzi chiave del design di mobili moderni dal 1800 a oggi. Gli oggetti esposti comprendono i primi mobili in legno curvato, le icone del modernismo classico di Le Corbusier, Alvar Aalto e Gerrit Rietveld, ma anche oggetti in plastica colorata dell'era pop e gli ultimi progetti della stampante 3D. (ah)<\/p>","protected":false},"excerpt":{"rendered":"<p>Am 3. Juni 2016 wird auf dem Vitra Campus ein neues Geb\u00e4ude er\u00f6ffnet: das Vitra Schaudepot, entworfen von den Basler Architekten Herzog &#038; de Meuron. Mit dem Schaudepot entsteht nach Vitra-Angaben eine der weltweit gr\u00f6ssten Dauerausstellungen und Forschungsst\u00e4tten zum modernen M\u00f6beldesign.<\/p>","protected":false},"author":1,"featured_media":2640,"comment_status":"open","ping_status":"open","sticky":false,"template":"","format":"standard","meta":{"_acf_changed":false,"_yoast_wpseo_focuskw":"Schaudepot","_yoast_wpseo_title":"","_yoast_wpseo_metadesc":"Am 3. Juni 2016 wird auf dem Vitra Campus ein neues Geb\u00e4ude er\u00f6ffnet: das Vitra Schaudepot, entworfen von den Basler Architekten Herzog & de Meuron.","_yoast_wpseo_linkdex":76,"pgc_sgb_lightbox_settings":"","footnotes":""},"categories":[988],"tags":[1052,1714],"class_list":["post-2639","post","type-post","status-publish","format-standard","has-post-thumbnail","hentry","category-unternehmen","tag-ausland","tag-spezial-immobilien"],"acf":[],"yoast_head":"<!-- This site is optimized with the Yoast SEO plugin v27.5 - https:\/\/yoast.com\/product\/yoast-seo-wordpress\/ -->\n<title>Vitra Design Museum er\u00f6ffnet Schaudepot - IMMOBILIEN Business<\/title>\n<meta name=\"description\" content=\"Am 3. Juni 2016 wird auf dem Vitra Campus ein neues Geb\u00e4ude er\u00f6ffnet: das Vitra Schaudepot, entworfen von den Basler Architekten Herzog &amp; de Meuron.\" \/>\n<meta name=\"robots\" content=\"index, follow, max-snippet:-1, max-image-preview:large, max-video-preview:-1\" \/>\n<link rel=\"canonical\" href=\"https:\/\/www.immobilienbusiness.ch\/it\/unternehmen\/2016-03-18\/vitra-design-museum-eroeffnet-schaudepot\/\" \/>\n<meta property=\"og:locale\" content=\"it_IT\" \/>\n<meta property=\"og:type\" content=\"article\" \/>\n<meta property=\"og:title\" content=\"Vitra Design Museum er\u00f6ffnet Schaudepot\" \/>\n<meta property=\"og:description\" content=\"Am 3. Juni 2016 wird auf dem Vitra Campus ein neues Geb\u00e4ude er\u00f6ffnet: das Vitra Schaudepot, entworfen von den Basler Architekten Herzog &amp; de Meuron. Mit dem Schaudepot entsteht nach Vitra-Angaben eine der weltweit gr\u00f6ssten Dauerausstellungen und Forschungsst\u00e4tten zum modernen M\u00f6beldesign.\" \/>\n<meta property=\"og:url\" content=\"https:\/\/www.immobilienbusiness.ch\/it\/unternehmen\/2016-03-18\/vitra-design-museum-eroeffnet-schaudepot\/\" \/>\n<meta property=\"og:site_name\" content=\"IMMOBILIEN Business\" \/>\n<meta property=\"article:publisher\" content=\"https:\/\/www.facebook.com\/immobilienbusiness\/\" \/>\n<meta property=\"article:published_time\" content=\"2016-03-18T09:04:40+00:00\" \/>\n<meta name=\"author\" content=\"Redaktion\" \/>\n<meta name=\"twitter:card\" content=\"summary_large_image\" \/>\n<meta name=\"twitter:image\" content=\"https:\/\/www.immobilienbusiness.ch\/wp-content\/uploads\/2016\/12\/Vitra-Design-Museum-eroeffnet-Schaudepot-immobilien-business.jpg\" \/>\n<script type=\"application\/ld+json\" class=\"yoast-schema-graph\">{\"@context\":\"https:\\\/\\\/schema.org\",\"@graph\":[{\"@type\":\"Article\",\"@id\":\"https:\\\/\\\/www.immobilienbusiness.ch\\\/unternehmen\\\/2016-03-18\\\/vitra-design-museum-eroeffnet-schaudepot\\\/#article\",\"isPartOf\":{\"@id\":\"https:\\\/\\\/www.immobilienbusiness.ch\\\/unternehmen\\\/2016-03-18\\\/vitra-design-museum-eroeffnet-schaudepot\\\/\"},\"author\":{\"name\":\"Redaktion\",\"@id\":\"https:\\\/\\\/www.immobilienbusiness.ch\\\/#\\\/schema\\\/person\\\/aa2bace6c5c5aad60102004a50c4eb1c\"},\"headline\":\"Vitra Design Museum er\u00f6ffnet Schaudepot\",\"datePublished\":\"2016-03-18T09:04:40+00:00\",\"mainEntityOfPage\":{\"@id\":\"https:\\\/\\\/www.immobilienbusiness.ch\\\/unternehmen\\\/2016-03-18\\\/vitra-design-museum-eroeffnet-schaudepot\\\/\"},\"wordCount\":202,\"commentCount\":0,\"publisher\":{\"@id\":\"https:\\\/\\\/www.immobilienbusiness.ch\\\/#organization\"},\"image\":{\"@id\":\"https:\\\/\\\/www.immobilienbusiness.ch\\\/unternehmen\\\/2016-03-18\\\/vitra-design-museum-eroeffnet-schaudepot\\\/#primaryimage\"},\"thumbnailUrl\":\"https:\\\/\\\/www.immobilienbusiness.ch\\\/wp-content\\\/uploads\\\/2016\\\/12\\\/Vitra-Design-Museum-eroeffnet-Schaudepot-immobilien-business.jpg\",\"keywords\":[\"Ausland\",\"Spezial Immobilien\"],\"articleSection\":[\"UNTERNEHMEN\"],\"inLanguage\":\"it-IT\"},{\"@type\":\"WebPage\",\"@id\":\"https:\\\/\\\/www.immobilienbusiness.ch\\\/unternehmen\\\/2016-03-18\\\/vitra-design-museum-eroeffnet-schaudepot\\\/\",\"url\":\"https:\\\/\\\/www.immobilienbusiness.ch\\\/unternehmen\\\/2016-03-18\\\/vitra-design-museum-eroeffnet-schaudepot\\\/\",\"name\":\"Vitra Design Museum er\u00f6ffnet Schaudepot - IMMOBILIEN Business\",\"isPartOf\":{\"@id\":\"https:\\\/\\\/www.immobilienbusiness.ch\\\/#website\"},\"primaryImageOfPage\":{\"@id\":\"https:\\\/\\\/www.immobilienbusiness.ch\\\/unternehmen\\\/2016-03-18\\\/vitra-design-museum-eroeffnet-schaudepot\\\/#primaryimage\"},\"image\":{\"@id\":\"https:\\\/\\\/www.immobilienbusiness.ch\\\/unternehmen\\\/2016-03-18\\\/vitra-design-museum-eroeffnet-schaudepot\\\/#primaryimage\"},\"thumbnailUrl\":\"https:\\\/\\\/www.immobilienbusiness.ch\\\/wp-content\\\/uploads\\\/2016\\\/12\\\/Vitra-Design-Museum-eroeffnet-Schaudepot-immobilien-business.jpg\",\"datePublished\":\"2016-03-18T09:04:40+00:00\",\"description\":\"Am 3. Juni 2016 wird auf dem Vitra Campus ein neues Geb\u00e4ude er\u00f6ffnet: das Vitra Schaudepot, entworfen von den Basler Architekten Herzog & de Meuron.\",\"breadcrumb\":{\"@id\":\"https:\\\/\\\/www.immobilienbusiness.ch\\\/unternehmen\\\/2016-03-18\\\/vitra-design-museum-eroeffnet-schaudepot\\\/#breadcrumb\"},\"inLanguage\":\"it-IT\",\"potentialAction\":[{\"@type\":\"ReadAction\",\"target\":[\"https:\\\/\\\/www.immobilienbusiness.ch\\\/unternehmen\\\/2016-03-18\\\/vitra-design-museum-eroeffnet-schaudepot\\\/\"]}]},{\"@type\":\"ImageObject\",\"inLanguage\":\"it-IT\",\"@id\":\"https:\\\/\\\/www.immobilienbusiness.ch\\\/unternehmen\\\/2016-03-18\\\/vitra-design-museum-eroeffnet-schaudepot\\\/#primaryimage\",\"url\":\"https:\\\/\\\/www.immobilienbusiness.ch\\\/wp-content\\\/uploads\\\/2016\\\/12\\\/Vitra-Design-Museum-eroeffnet-Schaudepot-immobilien-business.jpg\",\"contentUrl\":\"https:\\\/\\\/www.immobilienbusiness.ch\\\/wp-content\\\/uploads\\\/2016\\\/12\\\/Vitra-Design-Museum-eroeffnet-Schaudepot-immobilien-business.jpg\",\"width\":302,\"height\":218,\"caption\":\"Au\u00dfenansicht des Vitra Schaudepot, Herzog & de Meuron, 2015 (Foto: \u00a9 Vitra Design Museum, Julien Lanoo)\"},{\"@type\":\"BreadcrumbList\",\"@id\":\"https:\\\/\\\/www.immobilienbusiness.ch\\\/unternehmen\\\/2016-03-18\\\/vitra-design-museum-eroeffnet-schaudepot\\\/#breadcrumb\",\"itemListElement\":[{\"@type\":\"ListItem\",\"position\":1,\"name\":\"Home\",\"item\":\"https:\\\/\\\/www.immobilienbusiness.ch\\\/\"},{\"@type\":\"ListItem\",\"position\":2,\"name\":\"Vitra Design Museum er\u00f6ffnet Schaudepot\"}]},{\"@type\":\"WebSite\",\"@id\":\"https:\\\/\\\/www.immobilienbusiness.ch\\\/#website\",\"url\":\"https:\\\/\\\/www.immobilienbusiness.ch\\\/\",\"name\":\"IMMOBILIEN Business\",\"description\":\"Unabh\u00e4ngiges Schweizer Wirtschaftsmagazin mit Fokus auf Immobilien, Architektur- und Bau sowie Investment- und Finanzierung.\",\"publisher\":{\"@id\":\"https:\\\/\\\/www.immobilienbusiness.ch\\\/#organization\"},\"potentialAction\":[{\"@type\":\"SearchAction\",\"target\":{\"@type\":\"EntryPoint\",\"urlTemplate\":\"https:\\\/\\\/www.immobilienbusiness.ch\\\/?s={search_term_string}\"},\"query-input\":{\"@type\":\"PropertyValueSpecification\",\"valueRequired\":true,\"valueName\":\"search_term_string\"}}],\"inLanguage\":\"it-IT\"},{\"@type\":\"Organization\",\"@id\":\"https:\\\/\\\/www.immobilienbusiness.ch\\\/#organization\",\"name\":\"IMMOBILIEN Business\",\"url\":\"https:\\\/\\\/www.immobilienbusiness.ch\\\/\",\"logo\":{\"@type\":\"ImageObject\",\"inLanguage\":\"it-IT\",\"@id\":\"https:\\\/\\\/www.immobilienbusiness.ch\\\/#\\\/schema\\\/logo\\\/image\\\/\",\"url\":\"https:\\\/\\\/www.immobilienbusiness.ch\\\/wp-content\\\/uploads\\\/2021\\\/07\\\/logo_ib.png\",\"contentUrl\":\"https:\\\/\\\/www.immobilienbusiness.ch\\\/wp-content\\\/uploads\\\/2021\\\/07\\\/logo_ib.png\",\"width\":800,\"height\":181,\"caption\":\"IMMOBILIEN Business\"},\"image\":{\"@id\":\"https:\\\/\\\/www.immobilienbusiness.ch\\\/#\\\/schema\\\/logo\\\/image\\\/\"},\"sameAs\":[\"https:\\\/\\\/www.facebook.com\\\/immobilienbusiness\\\/\"]},{\"@type\":\"Person\",\"@id\":\"https:\\\/\\\/www.immobilienbusiness.ch\\\/#\\\/schema\\\/person\\\/aa2bace6c5c5aad60102004a50c4eb1c\",\"name\":\"Redaktion\",\"image\":{\"@type\":\"ImageObject\",\"inLanguage\":\"it-IT\",\"@id\":\"https:\\\/\\\/secure.gravatar.com\\\/avatar\\\/ae2f4d718e6c49043e314ce431e7e645d646302a24a5ef5a8bc8e3f5a032e319?s=96&d=mm&r=g\",\"url\":\"https:\\\/\\\/secure.gravatar.com\\\/avatar\\\/ae2f4d718e6c49043e314ce431e7e645d646302a24a5ef5a8bc8e3f5a032e319?s=96&d=mm&r=g\",\"contentUrl\":\"https:\\\/\\\/secure.gravatar.com\\\/avatar\\\/ae2f4d718e6c49043e314ce431e7e645d646302a24a5ef5a8bc8e3f5a032e319?s=96&d=mm&r=g\",\"caption\":\"Redaktion\"},\"sameAs\":[\"http:\\\/\\\/develop.organisator.galledia.ch\"],\"url\":\"https:\\\/\\\/www.immobilienbusiness.ch\\\/it\\\/author\\\/admin\\\/\"}]}<\/script>\n<!-- \/ Yoast SEO plugin. -->","yoast_head_json":{"title":"Vitra Design Museum er\u00f6ffnet Schaudepot - IMMOBILIEN Business","description":"Am 3. Juni 2016 wird auf dem Vitra Campus ein neues Geb\u00e4ude er\u00f6ffnet: das Vitra Schaudepot, entworfen von den Basler Architekten Herzog & de Meuron.","robots":{"index":"index","follow":"follow","max-snippet":"max-snippet:-1","max-image-preview":"max-image-preview:large","max-video-preview":"max-video-preview:-1"},"canonical":"https:\/\/www.immobilienbusiness.ch\/it\/unternehmen\/2016-03-18\/vitra-design-museum-eroeffnet-schaudepot\/","og_locale":"it_IT","og_type":"article","og_title":"Vitra Design Museum er\u00f6ffnet Schaudepot","og_description":"Am 3. Juni 2016 wird auf dem Vitra Campus ein neues Geb\u00e4ude er\u00f6ffnet: das Vitra Schaudepot, entworfen von den Basler Architekten Herzog & de Meuron. Mit dem Schaudepot entsteht nach Vitra-Angaben eine der weltweit gr\u00f6ssten Dauerausstellungen und Forschungsst\u00e4tten zum modernen M\u00f6beldesign.","og_url":"https:\/\/www.immobilienbusiness.ch\/it\/unternehmen\/2016-03-18\/vitra-design-museum-eroeffnet-schaudepot\/","og_site_name":"IMMOBILIEN Business","article_publisher":"https:\/\/www.facebook.com\/immobilienbusiness\/","article_published_time":"2016-03-18T09:04:40+00:00","author":"Redaktion","twitter_card":"summary_large_image","twitter_image":"https:\/\/www.immobilienbusiness.ch\/wp-content\/uploads\/2016\/12\/Vitra-Design-Museum-eroeffnet-Schaudepot-immobilien-business.jpg","schema":{"@context":"https:\/\/schema.org","@graph":[{"@type":"Article","@id":"https:\/\/www.immobilienbusiness.ch\/unternehmen\/2016-03-18\/vitra-design-museum-eroeffnet-schaudepot\/#article","isPartOf":{"@id":"https:\/\/www.immobilienbusiness.ch\/unternehmen\/2016-03-18\/vitra-design-museum-eroeffnet-schaudepot\/"},"author":{"name":"Redaktion","@id":"https:\/\/www.immobilienbusiness.ch\/#\/schema\/person\/aa2bace6c5c5aad60102004a50c4eb1c"},"headline":"Vitra Design Museum er\u00f6ffnet Schaudepot","datePublished":"2016-03-18T09:04:40+00:00","mainEntityOfPage":{"@id":"https:\/\/www.immobilienbusiness.ch\/unternehmen\/2016-03-18\/vitra-design-museum-eroeffnet-schaudepot\/"},"wordCount":202,"commentCount":0,"publisher":{"@id":"https:\/\/www.immobilienbusiness.ch\/#organization"},"image":{"@id":"https:\/\/www.immobilienbusiness.ch\/unternehmen\/2016-03-18\/vitra-design-museum-eroeffnet-schaudepot\/#primaryimage"},"thumbnailUrl":"https:\/\/www.immobilienbusiness.ch\/wp-content\/uploads\/2016\/12\/Vitra-Design-Museum-eroeffnet-Schaudepot-immobilien-business.jpg","keywords":["Ausland","Spezial Immobilien"],"articleSection":["UNTERNEHMEN"],"inLanguage":"it-IT"},{"@type":"WebPage","@id":"https:\/\/www.immobilienbusiness.ch\/unternehmen\/2016-03-18\/vitra-design-museum-eroeffnet-schaudepot\/","url":"https:\/\/www.immobilienbusiness.ch\/unternehmen\/2016-03-18\/vitra-design-museum-eroeffnet-schaudepot\/","name":"Vitra Design Museum er\u00f6ffnet Schaudepot - IMMOBILIEN Business","isPartOf":{"@id":"https:\/\/www.immobilienbusiness.ch\/#website"},"primaryImageOfPage":{"@id":"https:\/\/www.immobilienbusiness.ch\/unternehmen\/2016-03-18\/vitra-design-museum-eroeffnet-schaudepot\/#primaryimage"},"image":{"@id":"https:\/\/www.immobilienbusiness.ch\/unternehmen\/2016-03-18\/vitra-design-museum-eroeffnet-schaudepot\/#primaryimage"},"thumbnailUrl":"https:\/\/www.immobilienbusiness.ch\/wp-content\/uploads\/2016\/12\/Vitra-Design-Museum-eroeffnet-Schaudepot-immobilien-business.jpg","datePublished":"2016-03-18T09:04:40+00:00","description":"Am 3. Juni 2016 wird auf dem Vitra Campus ein neues Geb\u00e4ude er\u00f6ffnet: das Vitra Schaudepot, entworfen von den Basler Architekten Herzog & de Meuron.","breadcrumb":{"@id":"https:\/\/www.immobilienbusiness.ch\/unternehmen\/2016-03-18\/vitra-design-museum-eroeffnet-schaudepot\/#breadcrumb"},"inLanguage":"it-IT","potentialAction":[{"@type":"ReadAction","target":["https:\/\/www.immobilienbusiness.ch\/unternehmen\/2016-03-18\/vitra-design-museum-eroeffnet-schaudepot\/"]}]},{"@type":"ImageObject","inLanguage":"it-IT","@id":"https:\/\/www.immobilienbusiness.ch\/unternehmen\/2016-03-18\/vitra-design-museum-eroeffnet-schaudepot\/#primaryimage","url":"https:\/\/www.immobilienbusiness.ch\/wp-content\/uploads\/2016\/12\/Vitra-Design-Museum-eroeffnet-Schaudepot-immobilien-business.jpg","contentUrl":"https:\/\/www.immobilienbusiness.ch\/wp-content\/uploads\/2016\/12\/Vitra-Design-Museum-eroeffnet-Schaudepot-immobilien-business.jpg","width":302,"height":218,"caption":"Au\u00dfenansicht des Vitra Schaudepot, Herzog & de Meuron, 2015 (Foto: \u00a9 Vitra Design Museum, Julien Lanoo)"},{"@type":"BreadcrumbList","@id":"https:\/\/www.immobilienbusiness.ch\/unternehmen\/2016-03-18\/vitra-design-museum-eroeffnet-schaudepot\/#breadcrumb","itemListElement":[{"@type":"ListItem","position":1,"name":"Home","item":"https:\/\/www.immobilienbusiness.ch\/"},{"@type":"ListItem","position":2,"name":"Vitra Design Museum er\u00f6ffnet Schaudepot"}]},{"@type":"WebSite","@id":"https:\/\/www.immobilienbusiness.ch\/#website","url":"https:\/\/www.immobilienbusiness.ch\/","name":"Affari immobiliari","description":"Rivista economica indipendente svizzera che si concentra sul settore immobiliare, l'architettura e la costruzione, nonch\u00e9 sugli investimenti e i finanziamenti.","publisher":{"@id":"https:\/\/www.immobilienbusiness.ch\/#organization"},"potentialAction":[{"@type":"SearchAction","target":{"@type":"EntryPoint","urlTemplate":"https:\/\/www.immobilienbusiness.ch\/?s={search_term_string}"},"query-input":{"@type":"PropertyValueSpecification","valueRequired":true,"valueName":"search_term_string"}}],"inLanguage":"it-IT"},{"@type":"Organization","@id":"https:\/\/www.immobilienbusiness.ch\/#organization","name":"Affari immobiliari","url":"https:\/\/www.immobilienbusiness.ch\/","logo":{"@type":"ImageObject","inLanguage":"it-IT","@id":"https:\/\/www.immobilienbusiness.ch\/#\/schema\/logo\/image\/","url":"https:\/\/www.immobilienbusiness.ch\/wp-content\/uploads\/2021\/07\/logo_ib.png","contentUrl":"https:\/\/www.immobilienbusiness.ch\/wp-content\/uploads\/2021\/07\/logo_ib.png","width":800,"height":181,"caption":"IMMOBILIEN Business"},"image":{"@id":"https:\/\/www.immobilienbusiness.ch\/#\/schema\/logo\/image\/"},"sameAs":["https:\/\/www.facebook.com\/immobilienbusiness\/"]},{"@type":"Person","@id":"https:\/\/www.immobilienbusiness.ch\/#\/schema\/person\/aa2bace6c5c5aad60102004a50c4eb1c","name":"Editoriale","image":{"@type":"ImageObject","inLanguage":"it-IT","@id":"https:\/\/secure.gravatar.com\/avatar\/ae2f4d718e6c49043e314ce431e7e645d646302a24a5ef5a8bc8e3f5a032e319?s=96&d=mm&r=g","url":"https:\/\/secure.gravatar.com\/avatar\/ae2f4d718e6c49043e314ce431e7e645d646302a24a5ef5a8bc8e3f5a032e319?s=96&d=mm&r=g","contentUrl":"https:\/\/secure.gravatar.com\/avatar\/ae2f4d718e6c49043e314ce431e7e645d646302a24a5ef5a8bc8e3f5a032e319?s=96&d=mm&r=g","caption":"Redaktion"},"sameAs":["http:\/\/develop.organisator.galledia.ch"],"url":"https:\/\/www.immobilienbusiness.ch\/it\/author\/admin\/"}]}},"_links":{"self":[{"href":"https:\/\/www.immobilienbusiness.ch\/it\/wp-json\/wp\/v2\/posts\/2639","targetHints":{"allow":["GET"]}}],"collection":[{"href":"https:\/\/www.immobilienbusiness.ch\/it\/wp-json\/wp\/v2\/posts"}],"about":[{"href":"https:\/\/www.immobilienbusiness.ch\/it\/wp-json\/wp\/v2\/types\/post"}],"author":[{"embeddable":true,"href":"https:\/\/www.immobilienbusiness.ch\/it\/wp-json\/wp\/v2\/users\/1"}],"replies":[{"embeddable":true,"href":"https:\/\/www.immobilienbusiness.ch\/it\/wp-json\/wp\/v2\/comments?post=2639"}],"version-history":[{"count":0,"href":"https:\/\/www.immobilienbusiness.ch\/it\/wp-json\/wp\/v2\/posts\/2639\/revisions"}],"wp:featuredmedia":[{"embeddable":true,"href":"https:\/\/www.immobilienbusiness.ch\/it\/wp-json\/wp\/v2\/media\/2640"}],"wp:attachment":[{"href":"https:\/\/www.immobilienbusiness.ch\/it\/wp-json\/wp\/v2\/media?parent=2639"}],"wp:term":[{"taxonomy":"category","embeddable":true,"href":"https:\/\/www.immobilienbusiness.ch\/it\/wp-json\/wp\/v2\/categories?post=2639"},{"taxonomy":"post_tag","embeddable":true,"href":"https:\/\/www.immobilienbusiness.ch\/it\/wp-json\/wp\/v2\/tags?post=2639"}],"curies":[{"name":"wp","href":"https:\/\/api.w.org\/{rel}","templated":true}]}}