{"id":2607,"date":"2016-03-16T08:55:25","date_gmt":"2016-03-16T07:55:25","guid":{"rendered":"http:\/\/dev.immobilienbusiness.ch\/?p=2607"},"modified":"2016-03-16T08:55:25","modified_gmt":"2016-03-16T07:55:25","slug":"stuehleruecken-bei-der-afiaa","status":"publish","type":"post","link":"https:\/\/www.immobilienbusiness.ch\/it\/unternehmen\/2016-03-16\/stuehleruecken-bei-der-afiaa\/","title":{"rendered":"Cambio di sedia all'AFIAA"},"content":{"rendered":"<figure id=\"attachment_2608\" aria-describedby=\"caption-attachment-2608\" style=\"width: 680px\" class=\"wp-caption alignnone\"><img loading=\"lazy\" decoding=\"async\" class=\"size-medium wp-image-2608\" src=\"https:\/\/immobilienbusiness.ch\/wp-content\/uploads\/2016\/12\/St\u00fchler\u00fccken-bei-der-AFIAA-immobilien-business.jpg\" alt=\"Personelle Ver\u00e4nderungen in AFIAA-Stiftungsrat und bei der Avadis Immobilien AG (Bild: Pixabay)\" width=\"680\" height=\"455\" \/><figcaption id=\"caption-attachment-2608\" class=\"wp-caption-text\">Cambiamenti di personale nel Consiglio di Fondazione AFIAA e in Avadis Immobilien AG (Immagine: Pixabay)<\/figcaption><\/figure>\n<p>L'AFIAA aveva deciso una cooperazione strategica con Avadis nel settembre 2014. In questo contesto, la gestione dell'AFIAA, che in precedenza era sotto il controllo del Consiglio della Fondazione AFIAA, \u00e8 stata trasferita ad Avadis Immobilien AG, una filiale di nuova costituzione di Avadis.<\/p>\n<p>Secondo AFIAA e Avadis, la partnership ha portato i primi successi, ma sono emerse anche idee diverse sulla struttura, scrivono le societ\u00e0 in un comunicato. Il Consiglio di fondazione ha poi ripreso la questione e, dopo aver esaminato varie opzioni di cooperazione, ha confermato a grande maggioranza la partnership con Avadis.<\/p>\n<p>Il Prof. Dr. Peter Forstmoser, presidente del Consiglio di fondazione, non ha appoggiato questa decisione e si \u00e8 quindi dimesso con effetto dall'assemblea straordinaria degli investitori del 14 marzo 2016. Il Consiglio di fondazione ha eletto Andreas F. V\u00f6geli, socio dello studio legale Niederer Kraft &amp; Frey, come nuovo Presidente. V\u00f6geli \u00e8 avvocato e specialista in diritto edilizio e immobiliare e ha conseguito un Master in Real Estate (CUREM). \u00c8 Fellow della Royal Institution of Chartered Surveyors (RICS) e membro dell'Urban Land Institute (ULI).<\/p>\n<p><strong>Stephan Kloess nuovo CEO di Avadis Immobilien<\/strong><\/p>\n<p>Allo stesso tempo, il consiglio di amministrazione di Avadis Immobilien AG ha nominato un nuovo comitato esecutivo. Questo passo si \u00e8 reso necessario anche a causa di diverse idee strategiche, secondo la dichiarazione. Il dottor Stephan Kloess ha assunto ad interim la direzione operativa in qualit\u00e0 di CEO, mentre Norbert Grimm ha lasciato l'azienda.<\/p>\n<p>Kloess vanta 20 anni di esperienza nel mercato degli investimenti immobiliari, tra cui la creazione di organizzazioni immobiliari per investitori istituzionali, il supporto di transazioni e la ristrutturazione di portafogli istituzionali. Altri membri del Comitato direttivo sono Ulrich Kaluscha, responsabile delle acquisizioni, Bardo Magel, responsabile globale della gestione di Aset e il direttore finanziario Reto Schnabel. (ah)<\/p>","protected":false},"excerpt":{"rendered":"<p>Presso la Fondazione AFIAA per gli investimenti immobiliari all'estero \u00e8 stata messa alla prova la collaborazione avviata con Avadis nel 2014. La cooperazione continuer\u00e0, ma ci sono stati alcuni cambiamenti nel personale del Consiglio esecutivo e del Consiglio di fondazione.<\/p>","protected":false},"author":1,"featured_media":2608,"comment_status":"open","ping_status":"open","sticky":false,"template":"","format":"standard","meta":{"_acf_changed":false,"_yoast_wpseo_focuskw":"AFIAA","_yoast_wpseo_title":"","_yoast_wpseo_metadesc":"Bei der AFIAA Anlagestiftung f\u00fcr Immobilienanlagen im Ausland wurde die 2014 eingegangene Kooperation mit der Avadis auf den Pr\u00fcfstand gestellt.","_yoast_wpseo_linkdex":86,"pgc_sgb_lightbox_settings":"","footnotes":""},"categories":[988],"tags":[1564,1807],"class_list":["post-2607","post","type-post","status-publish","format-standard","has-post-thumbnail","hentry","category-unternehmen","tag-personalien","tag-unternehmen"],"acf":[],"yoast_head":"<!-- This site is optimized with the Yoast SEO plugin v27.4 - https:\/\/yoast.com\/product\/yoast-seo-wordpress\/ -->\n<title>St\u00fchler\u00fccken bei der AFIAA - IMMOBILIEN Business<\/title>\n<meta name=\"description\" content=\"Bei der AFIAA Anlagestiftung f\u00fcr Immobilienanlagen im Ausland wurde die 2014 eingegangene Kooperation mit der Avadis auf den Pr\u00fcfstand gestellt.\" \/>\n<meta name=\"robots\" content=\"index, follow, max-snippet:-1, max-image-preview:large, max-video-preview:-1\" \/>\n<link rel=\"canonical\" href=\"https:\/\/www.immobilienbusiness.ch\/it\/unternehmen\/2016-03-16\/stuehleruecken-bei-der-afiaa\/\" \/>\n<meta property=\"og:locale\" content=\"it_IT\" \/>\n<meta property=\"og:type\" content=\"article\" \/>\n<meta property=\"og:title\" content=\"St\u00fchler\u00fccken bei der AFIAA\" \/>\n<meta property=\"og:description\" content=\"Bei der AFIAA Anlagestiftung f\u00fcr Immobilienanlagen im Ausland wurde die 2014 eingegangene Kooperation mit der Avadis auf den Pr\u00fcfstand gestellt. Die Zusammenarbeit wird fortgef\u00fchrt, aber es kam zu einigen personellen Ver\u00e4nderungen in Gesch\u00e4ftsleitung und Stiftungsrat.\" \/>\n<meta property=\"og:url\" content=\"https:\/\/www.immobilienbusiness.ch\/it\/unternehmen\/2016-03-16\/stuehleruecken-bei-der-afiaa\/\" \/>\n<meta property=\"og:site_name\" content=\"IMMOBILIEN Business\" \/>\n<meta property=\"article:publisher\" content=\"https:\/\/www.facebook.com\/immobilienbusiness\/\" \/>\n<meta property=\"article:published_time\" content=\"2016-03-16T07:55:25+00:00\" \/>\n<meta name=\"author\" content=\"Redaktion\" \/>\n<meta name=\"twitter:card\" content=\"summary_large_image\" \/>\n<meta name=\"twitter:image\" content=\"https:\/\/www.immobilienbusiness.ch\/wp-content\/uploads\/2016\/12\/Stuehleruecken-bei-der-AFIAA-immobilien-business.jpg\" \/>\n<script type=\"application\/ld+json\" class=\"yoast-schema-graph\">{\"@context\":\"https:\\\/\\\/schema.org\",\"@graph\":[{\"@type\":\"Article\",\"@id\":\"https:\\\/\\\/www.immobilienbusiness.ch\\\/unternehmen\\\/2016-03-16\\\/stuehleruecken-bei-der-afiaa\\\/#article\",\"isPartOf\":{\"@id\":\"https:\\\/\\\/www.immobilienbusiness.ch\\\/unternehmen\\\/2016-03-16\\\/stuehleruecken-bei-der-afiaa\\\/\"},\"author\":{\"name\":\"Redaktion\",\"@id\":\"https:\\\/\\\/www.immobilienbusiness.ch\\\/#\\\/schema\\\/person\\\/aa2bace6c5c5aad60102004a50c4eb1c\"},\"headline\":\"St\u00fchler\u00fccken bei der AFIAA\",\"datePublished\":\"2016-03-16T07:55:25+00:00\",\"mainEntityOfPage\":{\"@id\":\"https:\\\/\\\/www.immobilienbusiness.ch\\\/unternehmen\\\/2016-03-16\\\/stuehleruecken-bei-der-afiaa\\\/\"},\"wordCount\":312,\"commentCount\":0,\"publisher\":{\"@id\":\"https:\\\/\\\/www.immobilienbusiness.ch\\\/#organization\"},\"image\":{\"@id\":\"https:\\\/\\\/www.immobilienbusiness.ch\\\/unternehmen\\\/2016-03-16\\\/stuehleruecken-bei-der-afiaa\\\/#primaryimage\"},\"thumbnailUrl\":\"https:\\\/\\\/www.immobilienbusiness.ch\\\/wp-content\\\/uploads\\\/2016\\\/12\\\/Stuehleruecken-bei-der-AFIAA-immobilien-business.jpg\",\"keywords\":[\"Personalien\",\"Unternehmen\"],\"articleSection\":[\"UNTERNEHMEN\"],\"inLanguage\":\"it-IT\"},{\"@type\":\"WebPage\",\"@id\":\"https:\\\/\\\/www.immobilienbusiness.ch\\\/unternehmen\\\/2016-03-16\\\/stuehleruecken-bei-der-afiaa\\\/\",\"url\":\"https:\\\/\\\/www.immobilienbusiness.ch\\\/unternehmen\\\/2016-03-16\\\/stuehleruecken-bei-der-afiaa\\\/\",\"name\":\"St\u00fchler\u00fccken bei der AFIAA - IMMOBILIEN Business\",\"isPartOf\":{\"@id\":\"https:\\\/\\\/www.immobilienbusiness.ch\\\/#website\"},\"primaryImageOfPage\":{\"@id\":\"https:\\\/\\\/www.immobilienbusiness.ch\\\/unternehmen\\\/2016-03-16\\\/stuehleruecken-bei-der-afiaa\\\/#primaryimage\"},\"image\":{\"@id\":\"https:\\\/\\\/www.immobilienbusiness.ch\\\/unternehmen\\\/2016-03-16\\\/stuehleruecken-bei-der-afiaa\\\/#primaryimage\"},\"thumbnailUrl\":\"https:\\\/\\\/www.immobilienbusiness.ch\\\/wp-content\\\/uploads\\\/2016\\\/12\\\/Stuehleruecken-bei-der-AFIAA-immobilien-business.jpg\",\"datePublished\":\"2016-03-16T07:55:25+00:00\",\"description\":\"Bei der AFIAA Anlagestiftung f\u00fcr Immobilienanlagen im Ausland wurde die 2014 eingegangene Kooperation mit der Avadis auf den Pr\u00fcfstand gestellt.\",\"breadcrumb\":{\"@id\":\"https:\\\/\\\/www.immobilienbusiness.ch\\\/unternehmen\\\/2016-03-16\\\/stuehleruecken-bei-der-afiaa\\\/#breadcrumb\"},\"inLanguage\":\"it-IT\",\"potentialAction\":[{\"@type\":\"ReadAction\",\"target\":[\"https:\\\/\\\/www.immobilienbusiness.ch\\\/unternehmen\\\/2016-03-16\\\/stuehleruecken-bei-der-afiaa\\\/\"]}]},{\"@type\":\"ImageObject\",\"inLanguage\":\"it-IT\",\"@id\":\"https:\\\/\\\/www.immobilienbusiness.ch\\\/unternehmen\\\/2016-03-16\\\/stuehleruecken-bei-der-afiaa\\\/#primaryimage\",\"url\":\"https:\\\/\\\/www.immobilienbusiness.ch\\\/wp-content\\\/uploads\\\/2016\\\/12\\\/Stuehleruecken-bei-der-AFIAA-immobilien-business.jpg\",\"contentUrl\":\"https:\\\/\\\/www.immobilienbusiness.ch\\\/wp-content\\\/uploads\\\/2016\\\/12\\\/Stuehleruecken-bei-der-AFIAA-immobilien-business.jpg\",\"width\":1280,\"height\":856,\"caption\":\"Personelle Ver\u00e4nderungen in AFIAA-Stiftungsrat und bei der Avadis Immobilien AG (Bild: Pixabay)\"},{\"@type\":\"BreadcrumbList\",\"@id\":\"https:\\\/\\\/www.immobilienbusiness.ch\\\/unternehmen\\\/2016-03-16\\\/stuehleruecken-bei-der-afiaa\\\/#breadcrumb\",\"itemListElement\":[{\"@type\":\"ListItem\",\"position\":1,\"name\":\"Home\",\"item\":\"https:\\\/\\\/www.immobilienbusiness.ch\\\/\"},{\"@type\":\"ListItem\",\"position\":2,\"name\":\"St\u00fchler\u00fccken bei der AFIAA\"}]},{\"@type\":\"WebSite\",\"@id\":\"https:\\\/\\\/www.immobilienbusiness.ch\\\/#website\",\"url\":\"https:\\\/\\\/www.immobilienbusiness.ch\\\/\",\"name\":\"IMMOBILIEN Business\",\"description\":\"Unabh\u00e4ngiges Schweizer Wirtschaftsmagazin mit Fokus auf Immobilien, Architektur- und Bau sowie Investment- und Finanzierung.\",\"publisher\":{\"@id\":\"https:\\\/\\\/www.immobilienbusiness.ch\\\/#organization\"},\"potentialAction\":[{\"@type\":\"SearchAction\",\"target\":{\"@type\":\"EntryPoint\",\"urlTemplate\":\"https:\\\/\\\/www.immobilienbusiness.ch\\\/?s={search_term_string}\"},\"query-input\":{\"@type\":\"PropertyValueSpecification\",\"valueRequired\":true,\"valueName\":\"search_term_string\"}}],\"inLanguage\":\"it-IT\"},{\"@type\":\"Organization\",\"@id\":\"https:\\\/\\\/www.immobilienbusiness.ch\\\/#organization\",\"name\":\"IMMOBILIEN Business\",\"url\":\"https:\\\/\\\/www.immobilienbusiness.ch\\\/\",\"logo\":{\"@type\":\"ImageObject\",\"inLanguage\":\"it-IT\",\"@id\":\"https:\\\/\\\/www.immobilienbusiness.ch\\\/#\\\/schema\\\/logo\\\/image\\\/\",\"url\":\"https:\\\/\\\/www.immobilienbusiness.ch\\\/wp-content\\\/uploads\\\/2021\\\/07\\\/logo_ib.png\",\"contentUrl\":\"https:\\\/\\\/www.immobilienbusiness.ch\\\/wp-content\\\/uploads\\\/2021\\\/07\\\/logo_ib.png\",\"width\":800,\"height\":181,\"caption\":\"IMMOBILIEN Business\"},\"image\":{\"@id\":\"https:\\\/\\\/www.immobilienbusiness.ch\\\/#\\\/schema\\\/logo\\\/image\\\/\"},\"sameAs\":[\"https:\\\/\\\/www.facebook.com\\\/immobilienbusiness\\\/\"]},{\"@type\":\"Person\",\"@id\":\"https:\\\/\\\/www.immobilienbusiness.ch\\\/#\\\/schema\\\/person\\\/aa2bace6c5c5aad60102004a50c4eb1c\",\"name\":\"Redaktion\",\"image\":{\"@type\":\"ImageObject\",\"inLanguage\":\"it-IT\",\"@id\":\"https:\\\/\\\/secure.gravatar.com\\\/avatar\\\/ae2f4d718e6c49043e314ce431e7e645d646302a24a5ef5a8bc8e3f5a032e319?s=96&d=mm&r=g\",\"url\":\"https:\\\/\\\/secure.gravatar.com\\\/avatar\\\/ae2f4d718e6c49043e314ce431e7e645d646302a24a5ef5a8bc8e3f5a032e319?s=96&d=mm&r=g\",\"contentUrl\":\"https:\\\/\\\/secure.gravatar.com\\\/avatar\\\/ae2f4d718e6c49043e314ce431e7e645d646302a24a5ef5a8bc8e3f5a032e319?s=96&d=mm&r=g\",\"caption\":\"Redaktion\"},\"sameAs\":[\"http:\\\/\\\/develop.organisator.galledia.ch\"],\"url\":\"https:\\\/\\\/www.immobilienbusiness.ch\\\/it\\\/author\\\/admin\\\/\"}]}<\/script>\n<!-- \/ Yoast SEO plugin. -->","yoast_head_json":{"title":"St\u00fchler\u00fccken bei der AFIAA - IMMOBILIEN Business","description":"Bei der AFIAA Anlagestiftung f\u00fcr Immobilienanlagen im Ausland wurde die 2014 eingegangene Kooperation mit der Avadis auf den Pr\u00fcfstand gestellt.","robots":{"index":"index","follow":"follow","max-snippet":"max-snippet:-1","max-image-preview":"max-image-preview:large","max-video-preview":"max-video-preview:-1"},"canonical":"https:\/\/www.immobilienbusiness.ch\/it\/unternehmen\/2016-03-16\/stuehleruecken-bei-der-afiaa\/","og_locale":"it_IT","og_type":"article","og_title":"St\u00fchler\u00fccken bei der AFIAA","og_description":"Bei der AFIAA Anlagestiftung f\u00fcr Immobilienanlagen im Ausland wurde die 2014 eingegangene Kooperation mit der Avadis auf den Pr\u00fcfstand gestellt. Die Zusammenarbeit wird fortgef\u00fchrt, aber es kam zu einigen personellen Ver\u00e4nderungen in Gesch\u00e4ftsleitung und Stiftungsrat.","og_url":"https:\/\/www.immobilienbusiness.ch\/it\/unternehmen\/2016-03-16\/stuehleruecken-bei-der-afiaa\/","og_site_name":"IMMOBILIEN Business","article_publisher":"https:\/\/www.facebook.com\/immobilienbusiness\/","article_published_time":"2016-03-16T07:55:25+00:00","author":"Redaktion","twitter_card":"summary_large_image","twitter_image":"https:\/\/www.immobilienbusiness.ch\/wp-content\/uploads\/2016\/12\/Stuehleruecken-bei-der-AFIAA-immobilien-business.jpg","schema":{"@context":"https:\/\/schema.org","@graph":[{"@type":"Article","@id":"https:\/\/www.immobilienbusiness.ch\/unternehmen\/2016-03-16\/stuehleruecken-bei-der-afiaa\/#article","isPartOf":{"@id":"https:\/\/www.immobilienbusiness.ch\/unternehmen\/2016-03-16\/stuehleruecken-bei-der-afiaa\/"},"author":{"name":"Redaktion","@id":"https:\/\/www.immobilienbusiness.ch\/#\/schema\/person\/aa2bace6c5c5aad60102004a50c4eb1c"},"headline":"St\u00fchler\u00fccken bei der AFIAA","datePublished":"2016-03-16T07:55:25+00:00","mainEntityOfPage":{"@id":"https:\/\/www.immobilienbusiness.ch\/unternehmen\/2016-03-16\/stuehleruecken-bei-der-afiaa\/"},"wordCount":312,"commentCount":0,"publisher":{"@id":"https:\/\/www.immobilienbusiness.ch\/#organization"},"image":{"@id":"https:\/\/www.immobilienbusiness.ch\/unternehmen\/2016-03-16\/stuehleruecken-bei-der-afiaa\/#primaryimage"},"thumbnailUrl":"https:\/\/www.immobilienbusiness.ch\/wp-content\/uploads\/2016\/12\/Stuehleruecken-bei-der-AFIAA-immobilien-business.jpg","keywords":["Personalien","Unternehmen"],"articleSection":["UNTERNEHMEN"],"inLanguage":"it-IT"},{"@type":"WebPage","@id":"https:\/\/www.immobilienbusiness.ch\/unternehmen\/2016-03-16\/stuehleruecken-bei-der-afiaa\/","url":"https:\/\/www.immobilienbusiness.ch\/unternehmen\/2016-03-16\/stuehleruecken-bei-der-afiaa\/","name":"St\u00fchler\u00fccken bei der AFIAA - IMMOBILIEN Business","isPartOf":{"@id":"https:\/\/www.immobilienbusiness.ch\/#website"},"primaryImageOfPage":{"@id":"https:\/\/www.immobilienbusiness.ch\/unternehmen\/2016-03-16\/stuehleruecken-bei-der-afiaa\/#primaryimage"},"image":{"@id":"https:\/\/www.immobilienbusiness.ch\/unternehmen\/2016-03-16\/stuehleruecken-bei-der-afiaa\/#primaryimage"},"thumbnailUrl":"https:\/\/www.immobilienbusiness.ch\/wp-content\/uploads\/2016\/12\/Stuehleruecken-bei-der-AFIAA-immobilien-business.jpg","datePublished":"2016-03-16T07:55:25+00:00","description":"Bei der AFIAA Anlagestiftung f\u00fcr Immobilienanlagen im Ausland wurde die 2014 eingegangene Kooperation mit der Avadis auf den Pr\u00fcfstand gestellt.","breadcrumb":{"@id":"https:\/\/www.immobilienbusiness.ch\/unternehmen\/2016-03-16\/stuehleruecken-bei-der-afiaa\/#breadcrumb"},"inLanguage":"it-IT","potentialAction":[{"@type":"ReadAction","target":["https:\/\/www.immobilienbusiness.ch\/unternehmen\/2016-03-16\/stuehleruecken-bei-der-afiaa\/"]}]},{"@type":"ImageObject","inLanguage":"it-IT","@id":"https:\/\/www.immobilienbusiness.ch\/unternehmen\/2016-03-16\/stuehleruecken-bei-der-afiaa\/#primaryimage","url":"https:\/\/www.immobilienbusiness.ch\/wp-content\/uploads\/2016\/12\/Stuehleruecken-bei-der-AFIAA-immobilien-business.jpg","contentUrl":"https:\/\/www.immobilienbusiness.ch\/wp-content\/uploads\/2016\/12\/Stuehleruecken-bei-der-AFIAA-immobilien-business.jpg","width":1280,"height":856,"caption":"Personelle Ver\u00e4nderungen in AFIAA-Stiftungsrat und bei der Avadis Immobilien AG (Bild: Pixabay)"},{"@type":"BreadcrumbList","@id":"https:\/\/www.immobilienbusiness.ch\/unternehmen\/2016-03-16\/stuehleruecken-bei-der-afiaa\/#breadcrumb","itemListElement":[{"@type":"ListItem","position":1,"name":"Home","item":"https:\/\/www.immobilienbusiness.ch\/"},{"@type":"ListItem","position":2,"name":"St\u00fchler\u00fccken bei der AFIAA"}]},{"@type":"WebSite","@id":"https:\/\/www.immobilienbusiness.ch\/#website","url":"https:\/\/www.immobilienbusiness.ch\/","name":"Affari immobiliari","description":"Rivista economica indipendente svizzera che si concentra sul settore immobiliare, l'architettura e la costruzione, nonch\u00e9 sugli investimenti e i finanziamenti.","publisher":{"@id":"https:\/\/www.immobilienbusiness.ch\/#organization"},"potentialAction":[{"@type":"SearchAction","target":{"@type":"EntryPoint","urlTemplate":"https:\/\/www.immobilienbusiness.ch\/?s={search_term_string}"},"query-input":{"@type":"PropertyValueSpecification","valueRequired":true,"valueName":"search_term_string"}}],"inLanguage":"it-IT"},{"@type":"Organization","@id":"https:\/\/www.immobilienbusiness.ch\/#organization","name":"Affari immobiliari","url":"https:\/\/www.immobilienbusiness.ch\/","logo":{"@type":"ImageObject","inLanguage":"it-IT","@id":"https:\/\/www.immobilienbusiness.ch\/#\/schema\/logo\/image\/","url":"https:\/\/www.immobilienbusiness.ch\/wp-content\/uploads\/2021\/07\/logo_ib.png","contentUrl":"https:\/\/www.immobilienbusiness.ch\/wp-content\/uploads\/2021\/07\/logo_ib.png","width":800,"height":181,"caption":"IMMOBILIEN Business"},"image":{"@id":"https:\/\/www.immobilienbusiness.ch\/#\/schema\/logo\/image\/"},"sameAs":["https:\/\/www.facebook.com\/immobilienbusiness\/"]},{"@type":"Person","@id":"https:\/\/www.immobilienbusiness.ch\/#\/schema\/person\/aa2bace6c5c5aad60102004a50c4eb1c","name":"Editoriale","image":{"@type":"ImageObject","inLanguage":"it-IT","@id":"https:\/\/secure.gravatar.com\/avatar\/ae2f4d718e6c49043e314ce431e7e645d646302a24a5ef5a8bc8e3f5a032e319?s=96&d=mm&r=g","url":"https:\/\/secure.gravatar.com\/avatar\/ae2f4d718e6c49043e314ce431e7e645d646302a24a5ef5a8bc8e3f5a032e319?s=96&d=mm&r=g","contentUrl":"https:\/\/secure.gravatar.com\/avatar\/ae2f4d718e6c49043e314ce431e7e645d646302a24a5ef5a8bc8e3f5a032e319?s=96&d=mm&r=g","caption":"Redaktion"},"sameAs":["http:\/\/develop.organisator.galledia.ch"],"url":"https:\/\/www.immobilienbusiness.ch\/it\/author\/admin\/"}]}},"_links":{"self":[{"href":"https:\/\/www.immobilienbusiness.ch\/it\/wp-json\/wp\/v2\/posts\/2607","targetHints":{"allow":["GET"]}}],"collection":[{"href":"https:\/\/www.immobilienbusiness.ch\/it\/wp-json\/wp\/v2\/posts"}],"about":[{"href":"https:\/\/www.immobilienbusiness.ch\/it\/wp-json\/wp\/v2\/types\/post"}],"author":[{"embeddable":true,"href":"https:\/\/www.immobilienbusiness.ch\/it\/wp-json\/wp\/v2\/users\/1"}],"replies":[{"embeddable":true,"href":"https:\/\/www.immobilienbusiness.ch\/it\/wp-json\/wp\/v2\/comments?post=2607"}],"version-history":[{"count":0,"href":"https:\/\/www.immobilienbusiness.ch\/it\/wp-json\/wp\/v2\/posts\/2607\/revisions"}],"wp:featuredmedia":[{"embeddable":true,"href":"https:\/\/www.immobilienbusiness.ch\/it\/wp-json\/wp\/v2\/media\/2608"}],"wp:attachment":[{"href":"https:\/\/www.immobilienbusiness.ch\/it\/wp-json\/wp\/v2\/media?parent=2607"}],"wp:term":[{"taxonomy":"category","embeddable":true,"href":"https:\/\/www.immobilienbusiness.ch\/it\/wp-json\/wp\/v2\/categories?post=2607"},{"taxonomy":"post_tag","embeddable":true,"href":"https:\/\/www.immobilienbusiness.ch\/it\/wp-json\/wp\/v2\/tags?post=2607"}],"curies":[{"name":"wp","href":"https:\/\/api.w.org\/{rel}","templated":true}]}}