{"id":2577,"date":"2016-03-11T09:10:55","date_gmt":"2016-03-11T08:10:55","guid":{"rendered":"http:\/\/dev.immobilienbusiness.ch\/?p=2577"},"modified":"2016-03-11T09:10:55","modified_gmt":"2016-03-11T08:10:55","slug":"letzter-handelstag-der-drei-aktien","status":"publish","type":"post","link":"https:\/\/www.immobilienbusiness.ch\/it\/unternehmen\/2016-03-11\/letzter-handelstag-der-drei-aktien\/","title":{"rendered":"Ultimo giorno di negoziazione delle azioni DREI"},"content":{"rendered":"<figure id=\"attachment_2578\" aria-describedby=\"caption-attachment-2578\" style=\"width: 680px\" class=\"wp-caption alignnone\"><img loading=\"lazy\" decoding=\"async\" class=\"size-medium wp-image-2578\" src=\"https:\/\/immobilienbusiness.ch\/wp-content\/uploads\/2016\/12\/Letzter-Handelstag-der-DREI-Aktien-immobilien-business.jpg\" alt=\"Am 11.3.2016 werden die Aktien der DREI letztmalig an der Berner B\u00f6rse gehandelt (Foto: Pixabay)\" width=\"680\" height=\"480\" srcset=\"https:\/\/www.immobilienbusiness.ch\/wp-content\/uploads\/2016\/12\/Letzter-Handelstag-der-DREI-Aktien-immobilien-business.jpg 1280w, https:\/\/www.immobilienbusiness.ch\/wp-content\/uploads\/2016\/12\/Letzter-Handelstag-der-DREI-Aktien-immobilien-business-300x212.jpg 300w, https:\/\/www.immobilienbusiness.ch\/wp-content\/uploads\/2016\/12\/Letzter-Handelstag-der-DREI-Aktien-immobilien-business-1024x723.jpg 1024w, https:\/\/www.immobilienbusiness.ch\/wp-content\/uploads\/2016\/12\/Letzter-Handelstag-der-DREI-Aktien-immobilien-business-768x542.jpg 768w, https:\/\/www.immobilienbusiness.ch\/wp-content\/uploads\/2016\/12\/Letzter-Handelstag-der-DREI-Aktien-immobilien-business-16x12.jpg 16w, https:\/\/www.immobilienbusiness.ch\/wp-content\/uploads\/2016\/12\/Letzter-Handelstag-der-DREI-Aktien-immobilien-business-248x175.jpg 248w, https:\/\/www.immobilienbusiness.ch\/wp-content\/uploads\/2016\/12\/Letzter-Handelstag-der-DREI-Aktien-immobilien-business-496x350.jpg 496w, https:\/\/www.immobilienbusiness.ch\/wp-content\/uploads\/2016\/12\/Letzter-Handelstag-der-DREI-Aktien-immobilien-business-1133x800.jpg 1133w, https:\/\/www.immobilienbusiness.ch\/wp-content\/uploads\/2016\/12\/Letzter-Handelstag-der-DREI-Aktien-immobilien-business-920x650.jpg 920w\" sizes=\"auto, (max-width: 680px) 100vw, 680px\" \/><figcaption id=\"caption-attachment-2578\" class=\"wp-caption-text\">L'11 marzo 2016, le azioni DREI saranno negoziate per l'ultima volta alla Borsa di Berna (Foto: Pixabay)<\/figcaption><\/figure>\n<p>Lo sfondo del ritiro dalla borsa \u00e8 l'acquisizione di DREI da parte di Mobimo lo scorso anno. Nel novembre 2015, Mobimo deteneva circa il 90% delle azioni di DREI. Il Consiglio di amministrazione di DREI ha quindi deciso di richiedere il delisting della societ\u00e0 dalla Borsa di Berna. La Borsa di Berna ha approvato la richiesta di delisting. (ah)<\/p>","protected":false},"excerpt":{"rendered":"<p>Oggi, venerd\u00ec 11 marzo 2016, \u00e8 l'ultimo giorno di negoziazione delle azioni di Dual Real Estate Investment AG (DREI) sulla Borsa di Berna. Da luned\u00ec 14 marzo 2016, le azioni saranno negoziate fuori borsa tramite la piattaforma eKMU-X della Z\u00fcrcher Kantonalbank.<\/p>","protected":false},"author":1,"featured_media":2578,"comment_status":"open","ping_status":"open","sticky":false,"template":"","format":"standard","meta":{"_acf_changed":false,"_yoast_wpseo_focuskw":"Aktien DREI","_yoast_wpseo_title":"Aktien DREI: Letzter Handelstag an der Berner B\u00f6rse","_yoast_wpseo_metadesc":"Angesichts des B\u00f6rsenr\u00fcckzugs der DREI durch Mobimo markiert der letzte Handelstag an der Berner B\u00f6rse einen bedeutenden Meilenstein.","_yoast_wpseo_linkdex":48,"pgc_sgb_lightbox_settings":"","footnotes":""},"categories":[988],"tags":[1807],"class_list":["post-2577","post","type-post","status-publish","format-standard","has-post-thumbnail","hentry","category-unternehmen","tag-unternehmen"],"acf":[],"yoast_head":"<!-- This site is optimized with the Yoast SEO plugin v27.4 - https:\/\/yoast.com\/product\/yoast-seo-wordpress\/ -->\n<title>Aktien DREI: Letzter Handelstag an der Berner B\u00f6rse<\/title>\n<meta name=\"description\" content=\"Angesichts des B\u00f6rsenr\u00fcckzugs der DREI durch Mobimo markiert der letzte Handelstag an der Berner B\u00f6rse einen bedeutenden Meilenstein.\" \/>\n<meta name=\"robots\" content=\"index, follow, max-snippet:-1, max-image-preview:large, max-video-preview:-1\" \/>\n<link rel=\"canonical\" href=\"https:\/\/www.immobilienbusiness.ch\/it\/unternehmen\/2016-03-11\/letzter-handelstag-der-drei-aktien\/\" \/>\n<meta property=\"og:locale\" content=\"it_IT\" \/>\n<meta property=\"og:type\" content=\"article\" \/>\n<meta property=\"og:title\" content=\"Letzter Handelstag der DREI-Aktien\" \/>\n<meta property=\"og:description\" content=\"Am heutigen Freitag, 11. M\u00e4rz 2016, ist der letzte Handelstag f\u00fcr die Aktien der Dual Real Estate Investment AG (DREI) an der Berne eXchange. Ab Montag, 14. M\u00e4rz 2016, wird die Aktie ausserb\u00f6rslich \u00fcber die Plattform eKMU-X der Z\u00fcrcher Kantonalbank gehandelt.\" \/>\n<meta property=\"og:url\" content=\"https:\/\/www.immobilienbusiness.ch\/it\/unternehmen\/2016-03-11\/letzter-handelstag-der-drei-aktien\/\" \/>\n<meta property=\"og:site_name\" content=\"IMMOBILIEN Business\" \/>\n<meta property=\"article:publisher\" content=\"https:\/\/www.facebook.com\/immobilienbusiness\/\" \/>\n<meta property=\"article:published_time\" content=\"2016-03-11T08:10:55+00:00\" \/>\n<meta name=\"author\" content=\"Redaktion\" \/>\n<meta name=\"twitter:card\" content=\"summary_large_image\" \/>\n<meta name=\"twitter:image\" content=\"https:\/\/www.immobilienbusiness.ch\/wp-content\/uploads\/2016\/12\/Letzter-Handelstag-der-DREI-Aktien-immobilien-business.jpg\" \/>\n<script type=\"application\/ld+json\" class=\"yoast-schema-graph\">{\"@context\":\"https:\\\/\\\/schema.org\",\"@graph\":[{\"@type\":\"Article\",\"@id\":\"https:\\\/\\\/www.immobilienbusiness.ch\\\/en\\\/unternehmen\\\/2016-03-11\\\/letzter-handelstag-der-drei-aktien\\\/#article\",\"isPartOf\":{\"@id\":\"https:\\\/\\\/www.immobilienbusiness.ch\\\/en\\\/unternehmen\\\/2016-03-11\\\/letzter-handelstag-der-drei-aktien\\\/\"},\"author\":{\"name\":\"Redaktion\",\"@id\":\"https:\\\/\\\/www.immobilienbusiness.ch\\\/#\\\/schema\\\/person\\\/aa2bace6c5c5aad60102004a50c4eb1c\"},\"headline\":\"Letzter Handelstag der DREI-Aktien\",\"datePublished\":\"2016-03-11T08:10:55+00:00\",\"mainEntityOfPage\":{\"@id\":\"https:\\\/\\\/www.immobilienbusiness.ch\\\/en\\\/unternehmen\\\/2016-03-11\\\/letzter-handelstag-der-drei-aktien\\\/\"},\"wordCount\":79,\"commentCount\":0,\"publisher\":{\"@id\":\"https:\\\/\\\/www.immobilienbusiness.ch\\\/#organization\"},\"image\":{\"@id\":\"https:\\\/\\\/www.immobilienbusiness.ch\\\/en\\\/unternehmen\\\/2016-03-11\\\/letzter-handelstag-der-drei-aktien\\\/#primaryimage\"},\"thumbnailUrl\":\"https:\\\/\\\/www.immobilienbusiness.ch\\\/wp-content\\\/uploads\\\/2016\\\/12\\\/Letzter-Handelstag-der-DREI-Aktien-immobilien-business.jpg\",\"keywords\":[\"Unternehmen\"],\"articleSection\":[\"UNTERNEHMEN\"],\"inLanguage\":\"it-IT\"},{\"@type\":\"WebPage\",\"@id\":\"https:\\\/\\\/www.immobilienbusiness.ch\\\/en\\\/unternehmen\\\/2016-03-11\\\/letzter-handelstag-der-drei-aktien\\\/\",\"url\":\"https:\\\/\\\/www.immobilienbusiness.ch\\\/en\\\/unternehmen\\\/2016-03-11\\\/letzter-handelstag-der-drei-aktien\\\/\",\"name\":\"Aktien DREI: Letzter Handelstag an der Berner B\u00f6rse\",\"isPartOf\":{\"@id\":\"https:\\\/\\\/www.immobilienbusiness.ch\\\/#website\"},\"primaryImageOfPage\":{\"@id\":\"https:\\\/\\\/www.immobilienbusiness.ch\\\/en\\\/unternehmen\\\/2016-03-11\\\/letzter-handelstag-der-drei-aktien\\\/#primaryimage\"},\"image\":{\"@id\":\"https:\\\/\\\/www.immobilienbusiness.ch\\\/en\\\/unternehmen\\\/2016-03-11\\\/letzter-handelstag-der-drei-aktien\\\/#primaryimage\"},\"thumbnailUrl\":\"https:\\\/\\\/www.immobilienbusiness.ch\\\/wp-content\\\/uploads\\\/2016\\\/12\\\/Letzter-Handelstag-der-DREI-Aktien-immobilien-business.jpg\",\"datePublished\":\"2016-03-11T08:10:55+00:00\",\"description\":\"Angesichts des B\u00f6rsenr\u00fcckzugs der DREI durch Mobimo markiert der letzte Handelstag an der Berner B\u00f6rse einen bedeutenden Meilenstein.\",\"breadcrumb\":{\"@id\":\"https:\\\/\\\/www.immobilienbusiness.ch\\\/en\\\/unternehmen\\\/2016-03-11\\\/letzter-handelstag-der-drei-aktien\\\/#breadcrumb\"},\"inLanguage\":\"it-IT\",\"potentialAction\":[{\"@type\":\"ReadAction\",\"target\":[\"https:\\\/\\\/www.immobilienbusiness.ch\\\/en\\\/unternehmen\\\/2016-03-11\\\/letzter-handelstag-der-drei-aktien\\\/\"]}]},{\"@type\":\"ImageObject\",\"inLanguage\":\"it-IT\",\"@id\":\"https:\\\/\\\/www.immobilienbusiness.ch\\\/en\\\/unternehmen\\\/2016-03-11\\\/letzter-handelstag-der-drei-aktien\\\/#primaryimage\",\"url\":\"https:\\\/\\\/www.immobilienbusiness.ch\\\/wp-content\\\/uploads\\\/2016\\\/12\\\/Letzter-Handelstag-der-DREI-Aktien-immobilien-business.jpg\",\"contentUrl\":\"https:\\\/\\\/www.immobilienbusiness.ch\\\/wp-content\\\/uploads\\\/2016\\\/12\\\/Letzter-Handelstag-der-DREI-Aktien-immobilien-business.jpg\",\"width\":1280,\"height\":904,\"caption\":\"Am 11.3.2016 werden die Aktien der DREI letztmalig an der Berner B\u00f6rse gehandelt (Foto: Pixabay)\"},{\"@type\":\"BreadcrumbList\",\"@id\":\"https:\\\/\\\/www.immobilienbusiness.ch\\\/en\\\/unternehmen\\\/2016-03-11\\\/letzter-handelstag-der-drei-aktien\\\/#breadcrumb\",\"itemListElement\":[{\"@type\":\"ListItem\",\"position\":1,\"name\":\"Home\",\"item\":\"https:\\\/\\\/www.immobilienbusiness.ch\\\/\"},{\"@type\":\"ListItem\",\"position\":2,\"name\":\"Letzter Handelstag der DREI-Aktien\"}]},{\"@type\":\"WebSite\",\"@id\":\"https:\\\/\\\/www.immobilienbusiness.ch\\\/#website\",\"url\":\"https:\\\/\\\/www.immobilienbusiness.ch\\\/\",\"name\":\"IMMOBILIEN Business\",\"description\":\"Unabh\u00e4ngiges Schweizer Wirtschaftsmagazin mit Fokus auf Immobilien, Architektur- und Bau sowie Investment- und Finanzierung.\",\"publisher\":{\"@id\":\"https:\\\/\\\/www.immobilienbusiness.ch\\\/#organization\"},\"potentialAction\":[{\"@type\":\"SearchAction\",\"target\":{\"@type\":\"EntryPoint\",\"urlTemplate\":\"https:\\\/\\\/www.immobilienbusiness.ch\\\/?s={search_term_string}\"},\"query-input\":{\"@type\":\"PropertyValueSpecification\",\"valueRequired\":true,\"valueName\":\"search_term_string\"}}],\"inLanguage\":\"it-IT\"},{\"@type\":\"Organization\",\"@id\":\"https:\\\/\\\/www.immobilienbusiness.ch\\\/#organization\",\"name\":\"IMMOBILIEN Business\",\"url\":\"https:\\\/\\\/www.immobilienbusiness.ch\\\/\",\"logo\":{\"@type\":\"ImageObject\",\"inLanguage\":\"it-IT\",\"@id\":\"https:\\\/\\\/www.immobilienbusiness.ch\\\/#\\\/schema\\\/logo\\\/image\\\/\",\"url\":\"https:\\\/\\\/www.immobilienbusiness.ch\\\/wp-content\\\/uploads\\\/2021\\\/07\\\/logo_ib.png\",\"contentUrl\":\"https:\\\/\\\/www.immobilienbusiness.ch\\\/wp-content\\\/uploads\\\/2021\\\/07\\\/logo_ib.png\",\"width\":800,\"height\":181,\"caption\":\"IMMOBILIEN Business\"},\"image\":{\"@id\":\"https:\\\/\\\/www.immobilienbusiness.ch\\\/#\\\/schema\\\/logo\\\/image\\\/\"},\"sameAs\":[\"https:\\\/\\\/www.facebook.com\\\/immobilienbusiness\\\/\"]},{\"@type\":\"Person\",\"@id\":\"https:\\\/\\\/www.immobilienbusiness.ch\\\/#\\\/schema\\\/person\\\/aa2bace6c5c5aad60102004a50c4eb1c\",\"name\":\"Redaktion\",\"image\":{\"@type\":\"ImageObject\",\"inLanguage\":\"it-IT\",\"@id\":\"https:\\\/\\\/secure.gravatar.com\\\/avatar\\\/ae2f4d718e6c49043e314ce431e7e645d646302a24a5ef5a8bc8e3f5a032e319?s=96&d=mm&r=g\",\"url\":\"https:\\\/\\\/secure.gravatar.com\\\/avatar\\\/ae2f4d718e6c49043e314ce431e7e645d646302a24a5ef5a8bc8e3f5a032e319?s=96&d=mm&r=g\",\"contentUrl\":\"https:\\\/\\\/secure.gravatar.com\\\/avatar\\\/ae2f4d718e6c49043e314ce431e7e645d646302a24a5ef5a8bc8e3f5a032e319?s=96&d=mm&r=g\",\"caption\":\"Redaktion\"},\"sameAs\":[\"http:\\\/\\\/develop.organisator.galledia.ch\"],\"url\":\"https:\\\/\\\/www.immobilienbusiness.ch\\\/it\\\/author\\\/admin\\\/\"}]}<\/script>\n<!-- \/ Yoast SEO plugin. -->","yoast_head_json":{"title":"Aktien DREI: Letzter Handelstag an der Berner B\u00f6rse","description":"Angesichts des B\u00f6rsenr\u00fcckzugs der DREI durch Mobimo markiert der letzte Handelstag an der Berner B\u00f6rse einen bedeutenden Meilenstein.","robots":{"index":"index","follow":"follow","max-snippet":"max-snippet:-1","max-image-preview":"max-image-preview:large","max-video-preview":"max-video-preview:-1"},"canonical":"https:\/\/www.immobilienbusiness.ch\/it\/unternehmen\/2016-03-11\/letzter-handelstag-der-drei-aktien\/","og_locale":"it_IT","og_type":"article","og_title":"Letzter Handelstag der DREI-Aktien","og_description":"Am heutigen Freitag, 11. M\u00e4rz 2016, ist der letzte Handelstag f\u00fcr die Aktien der Dual Real Estate Investment AG (DREI) an der Berne eXchange. Ab Montag, 14. M\u00e4rz 2016, wird die Aktie ausserb\u00f6rslich \u00fcber die Plattform eKMU-X der Z\u00fcrcher Kantonalbank gehandelt.","og_url":"https:\/\/www.immobilienbusiness.ch\/it\/unternehmen\/2016-03-11\/letzter-handelstag-der-drei-aktien\/","og_site_name":"IMMOBILIEN Business","article_publisher":"https:\/\/www.facebook.com\/immobilienbusiness\/","article_published_time":"2016-03-11T08:10:55+00:00","author":"Redaktion","twitter_card":"summary_large_image","twitter_image":"https:\/\/www.immobilienbusiness.ch\/wp-content\/uploads\/2016\/12\/Letzter-Handelstag-der-DREI-Aktien-immobilien-business.jpg","schema":{"@context":"https:\/\/schema.org","@graph":[{"@type":"Article","@id":"https:\/\/www.immobilienbusiness.ch\/en\/unternehmen\/2016-03-11\/letzter-handelstag-der-drei-aktien\/#article","isPartOf":{"@id":"https:\/\/www.immobilienbusiness.ch\/en\/unternehmen\/2016-03-11\/letzter-handelstag-der-drei-aktien\/"},"author":{"name":"Redaktion","@id":"https:\/\/www.immobilienbusiness.ch\/#\/schema\/person\/aa2bace6c5c5aad60102004a50c4eb1c"},"headline":"Letzter Handelstag der DREI-Aktien","datePublished":"2016-03-11T08:10:55+00:00","mainEntityOfPage":{"@id":"https:\/\/www.immobilienbusiness.ch\/en\/unternehmen\/2016-03-11\/letzter-handelstag-der-drei-aktien\/"},"wordCount":79,"commentCount":0,"publisher":{"@id":"https:\/\/www.immobilienbusiness.ch\/#organization"},"image":{"@id":"https:\/\/www.immobilienbusiness.ch\/en\/unternehmen\/2016-03-11\/letzter-handelstag-der-drei-aktien\/#primaryimage"},"thumbnailUrl":"https:\/\/www.immobilienbusiness.ch\/wp-content\/uploads\/2016\/12\/Letzter-Handelstag-der-DREI-Aktien-immobilien-business.jpg","keywords":["Unternehmen"],"articleSection":["UNTERNEHMEN"],"inLanguage":"it-IT"},{"@type":"WebPage","@id":"https:\/\/www.immobilienbusiness.ch\/en\/unternehmen\/2016-03-11\/letzter-handelstag-der-drei-aktien\/","url":"https:\/\/www.immobilienbusiness.ch\/en\/unternehmen\/2016-03-11\/letzter-handelstag-der-drei-aktien\/","name":"Aktien DREI: Letzter Handelstag an der Berner B\u00f6rse","isPartOf":{"@id":"https:\/\/www.immobilienbusiness.ch\/#website"},"primaryImageOfPage":{"@id":"https:\/\/www.immobilienbusiness.ch\/en\/unternehmen\/2016-03-11\/letzter-handelstag-der-drei-aktien\/#primaryimage"},"image":{"@id":"https:\/\/www.immobilienbusiness.ch\/en\/unternehmen\/2016-03-11\/letzter-handelstag-der-drei-aktien\/#primaryimage"},"thumbnailUrl":"https:\/\/www.immobilienbusiness.ch\/wp-content\/uploads\/2016\/12\/Letzter-Handelstag-der-DREI-Aktien-immobilien-business.jpg","datePublished":"2016-03-11T08:10:55+00:00","description":"Angesichts des B\u00f6rsenr\u00fcckzugs der DREI durch Mobimo markiert der letzte Handelstag an der Berner B\u00f6rse einen bedeutenden Meilenstein.","breadcrumb":{"@id":"https:\/\/www.immobilienbusiness.ch\/en\/unternehmen\/2016-03-11\/letzter-handelstag-der-drei-aktien\/#breadcrumb"},"inLanguage":"it-IT","potentialAction":[{"@type":"ReadAction","target":["https:\/\/www.immobilienbusiness.ch\/en\/unternehmen\/2016-03-11\/letzter-handelstag-der-drei-aktien\/"]}]},{"@type":"ImageObject","inLanguage":"it-IT","@id":"https:\/\/www.immobilienbusiness.ch\/en\/unternehmen\/2016-03-11\/letzter-handelstag-der-drei-aktien\/#primaryimage","url":"https:\/\/www.immobilienbusiness.ch\/wp-content\/uploads\/2016\/12\/Letzter-Handelstag-der-DREI-Aktien-immobilien-business.jpg","contentUrl":"https:\/\/www.immobilienbusiness.ch\/wp-content\/uploads\/2016\/12\/Letzter-Handelstag-der-DREI-Aktien-immobilien-business.jpg","width":1280,"height":904,"caption":"Am 11.3.2016 werden die Aktien der DREI letztmalig an der Berner B\u00f6rse gehandelt (Foto: Pixabay)"},{"@type":"BreadcrumbList","@id":"https:\/\/www.immobilienbusiness.ch\/en\/unternehmen\/2016-03-11\/letzter-handelstag-der-drei-aktien\/#breadcrumb","itemListElement":[{"@type":"ListItem","position":1,"name":"Home","item":"https:\/\/www.immobilienbusiness.ch\/"},{"@type":"ListItem","position":2,"name":"Letzter Handelstag der DREI-Aktien"}]},{"@type":"WebSite","@id":"https:\/\/www.immobilienbusiness.ch\/#website","url":"https:\/\/www.immobilienbusiness.ch\/","name":"Affari immobiliari","description":"Rivista economica indipendente svizzera che si concentra sul settore immobiliare, l'architettura e la costruzione, nonch\u00e9 sugli investimenti e i finanziamenti.","publisher":{"@id":"https:\/\/www.immobilienbusiness.ch\/#organization"},"potentialAction":[{"@type":"SearchAction","target":{"@type":"EntryPoint","urlTemplate":"https:\/\/www.immobilienbusiness.ch\/?s={search_term_string}"},"query-input":{"@type":"PropertyValueSpecification","valueRequired":true,"valueName":"search_term_string"}}],"inLanguage":"it-IT"},{"@type":"Organization","@id":"https:\/\/www.immobilienbusiness.ch\/#organization","name":"Affari immobiliari","url":"https:\/\/www.immobilienbusiness.ch\/","logo":{"@type":"ImageObject","inLanguage":"it-IT","@id":"https:\/\/www.immobilienbusiness.ch\/#\/schema\/logo\/image\/","url":"https:\/\/www.immobilienbusiness.ch\/wp-content\/uploads\/2021\/07\/logo_ib.png","contentUrl":"https:\/\/www.immobilienbusiness.ch\/wp-content\/uploads\/2021\/07\/logo_ib.png","width":800,"height":181,"caption":"IMMOBILIEN Business"},"image":{"@id":"https:\/\/www.immobilienbusiness.ch\/#\/schema\/logo\/image\/"},"sameAs":["https:\/\/www.facebook.com\/immobilienbusiness\/"]},{"@type":"Person","@id":"https:\/\/www.immobilienbusiness.ch\/#\/schema\/person\/aa2bace6c5c5aad60102004a50c4eb1c","name":"Editoriale","image":{"@type":"ImageObject","inLanguage":"it-IT","@id":"https:\/\/secure.gravatar.com\/avatar\/ae2f4d718e6c49043e314ce431e7e645d646302a24a5ef5a8bc8e3f5a032e319?s=96&d=mm&r=g","url":"https:\/\/secure.gravatar.com\/avatar\/ae2f4d718e6c49043e314ce431e7e645d646302a24a5ef5a8bc8e3f5a032e319?s=96&d=mm&r=g","contentUrl":"https:\/\/secure.gravatar.com\/avatar\/ae2f4d718e6c49043e314ce431e7e645d646302a24a5ef5a8bc8e3f5a032e319?s=96&d=mm&r=g","caption":"Redaktion"},"sameAs":["http:\/\/develop.organisator.galledia.ch"],"url":"https:\/\/www.immobilienbusiness.ch\/it\/author\/admin\/"}]}},"_links":{"self":[{"href":"https:\/\/www.immobilienbusiness.ch\/it\/wp-json\/wp\/v2\/posts\/2577","targetHints":{"allow":["GET"]}}],"collection":[{"href":"https:\/\/www.immobilienbusiness.ch\/it\/wp-json\/wp\/v2\/posts"}],"about":[{"href":"https:\/\/www.immobilienbusiness.ch\/it\/wp-json\/wp\/v2\/types\/post"}],"author":[{"embeddable":true,"href":"https:\/\/www.immobilienbusiness.ch\/it\/wp-json\/wp\/v2\/users\/1"}],"replies":[{"embeddable":true,"href":"https:\/\/www.immobilienbusiness.ch\/it\/wp-json\/wp\/v2\/comments?post=2577"}],"version-history":[{"count":0,"href":"https:\/\/www.immobilienbusiness.ch\/it\/wp-json\/wp\/v2\/posts\/2577\/revisions"}],"wp:featuredmedia":[{"embeddable":true,"href":"https:\/\/www.immobilienbusiness.ch\/it\/wp-json\/wp\/v2\/media\/2578"}],"wp:attachment":[{"href":"https:\/\/www.immobilienbusiness.ch\/it\/wp-json\/wp\/v2\/media?parent=2577"}],"wp:term":[{"taxonomy":"category","embeddable":true,"href":"https:\/\/www.immobilienbusiness.ch\/it\/wp-json\/wp\/v2\/categories?post=2577"},{"taxonomy":"post_tag","embeddable":true,"href":"https:\/\/www.immobilienbusiness.ch\/it\/wp-json\/wp\/v2\/tags?post=2577"}],"curies":[{"name":"wp","href":"https:\/\/api.w.org\/{rel}","templated":true}]}}