{"id":2484,"date":"2016-03-09T08:08:44","date_gmt":"2016-03-09T07:08:44","guid":{"rendered":"http:\/\/dev.immobilienbusiness.ch\/?p=2484"},"modified":"2016-03-09T08:08:44","modified_gmt":"2016-03-09T07:08:44","slug":"john-taylor-expandiert-in-gstaad","status":"publish","type":"post","link":"https:\/\/www.immobilienbusiness.ch\/it\/residential\/2016-03-09\/john-taylor-expandiert-in-gstaad\/","title":{"rendered":"John Taylor si espande a Gstaad"},"content":{"rendered":"<figure id=\"attachment_2485\" aria-describedby=\"caption-attachment-2485\" style=\"width: 680px\" class=\"wp-caption alignnone\"><img loading=\"lazy\" decoding=\"async\" class=\"size-medium wp-image-2485\" src=\"https:\/\/immobilienbusiness.ch\/wp-content\/uploads\/2016\/12\/John-Taylor-expandiert-in-Gstaad-immobilien-business.jpg\" alt=\"An der Gstaader Promenade hat John Taylor eine Agentur er\u00f6ffnet (Bild: \u00a9 Gstaad Saanenland Tourismus)\" width=\"680\" height=\"425\" srcset=\"https:\/\/www.immobilienbusiness.ch\/wp-content\/uploads\/2016\/12\/John-Taylor-expandiert-in-Gstaad-immobilien-business.jpg 1920w, https:\/\/www.immobilienbusiness.ch\/wp-content\/uploads\/2016\/12\/John-Taylor-expandiert-in-Gstaad-immobilien-business-300x188.jpg 300w, https:\/\/www.immobilienbusiness.ch\/wp-content\/uploads\/2016\/12\/John-Taylor-expandiert-in-Gstaad-immobilien-business-1024x640.jpg 1024w, https:\/\/www.immobilienbusiness.ch\/wp-content\/uploads\/2016\/12\/John-Taylor-expandiert-in-Gstaad-immobilien-business-768x480.jpg 768w, https:\/\/www.immobilienbusiness.ch\/wp-content\/uploads\/2016\/12\/John-Taylor-expandiert-in-Gstaad-immobilien-business-1536x960.jpg 1536w, https:\/\/www.immobilienbusiness.ch\/wp-content\/uploads\/2016\/12\/John-Taylor-expandiert-in-Gstaad-immobilien-business-16x10.jpg 16w, https:\/\/www.immobilienbusiness.ch\/wp-content\/uploads\/2016\/12\/John-Taylor-expandiert-in-Gstaad-immobilien-business-280x175.jpg 280w, https:\/\/www.immobilienbusiness.ch\/wp-content\/uploads\/2016\/12\/John-Taylor-expandiert-in-Gstaad-immobilien-business-560x350.jpg 560w, https:\/\/www.immobilienbusiness.ch\/wp-content\/uploads\/2016\/12\/John-Taylor-expandiert-in-Gstaad-immobilien-business-1280x800.jpg 1280w, https:\/\/www.immobilienbusiness.ch\/wp-content\/uploads\/2016\/12\/John-Taylor-expandiert-in-Gstaad-immobilien-business-920x575.jpg 920w, https:\/\/www.immobilienbusiness.ch\/wp-content\/uploads\/2016\/12\/John-Taylor-expandiert-in-Gstaad-immobilien-business-1400x875.jpg 1400w\" sizes=\"auto, (max-width: 680px) 100vw, 680px\" \/><figcaption id=\"caption-attachment-2485\" class=\"wp-caption-text\">John Taylor ha aperto un'agenzia sulla Promenade di Gstaad (Foto: \u00a9 Gstaad Saanenland Tourismus)<\/figcaption><\/figure>\n<p>Manoutchehr Khanlari, business manager della partecipazione, dice a proposito della localit\u00e0 di Gstaad: \"Gli interessati di varia provenienza, soprattutto da Francia, Inghilterra, Belgio, Italia, ma anche da Stati Uniti, Medio Oriente o Russia, hanno il desiderio esplicito di entrare in possesso di appartamenti o chalet tipici. Gli istituti internazionali rinomati gi\u00e0 esistenti, come Le Rosey e le scuole JFK, costituiscono un ulteriore argomento per le famiglie con bambini che vogliono stabilirsi qui.\"<\/p>\n<p>\"Investire in immobili a Gstaad si \u00e8 dimostrato a prova di valore per oltre 60 anni\", aggiunge David McCrimmon, amministratore delegato partecipante. I prezzi sono aumentati continuamente, dice, e oggi raggiungono i 65.000 CHF\/mq nel quartiere Oberbort con i Grandhotels Alpina e Gstaad Palace, per esempio. Secondo lui, le tariffe medie sono comprese tra 30.000 e 35.000 CHF\/mq, che corrispondono a un prezzo medio di transazione di cinque-sette milioni di CHF.<\/p>\n<p>Secondo Teresa Astorina, presidente di VIP Real Estate AG, titolare della licenza John Taylor Suisse, il marchio John Taylor verr\u00e0 ampliato in tutta la Svizzera, soprattutto nelle \"destinazioni pi\u00f9 popolari di una clientela esclusiva e internazionale\".<\/p>\n<p>Il Gruppo John Taylor \u00e8 stato fondato da John Taylor a Cannes nel 1864 e rilevato dal Gruppo Pastor nel 1996. La rete comprende 20 agenzie in undici Paesi. In Svizzera, John Taylor \u00e8 attivo non solo a Gstaad ma anche a Ginevra. (ah)<\/p>","protected":false},"excerpt":{"rendered":"<p>Il John Taylor Group ha aperto una nuova agenzia in Viktoriastrasse 3, nel cuore della Promenade di Gstaad. L'azienda \u00e8 attiva nel segmento degli immobili di lusso con transazioni, locazioni, gestione patrimoniale e immobili commerciali.<\/p>","protected":false},"author":1,"featured_media":2485,"comment_status":"open","ping_status":"open","sticky":false,"template":"","format":"standard","meta":{"_acf_changed":false,"_yoast_wpseo_focuskw":"Immobilien Gstaad","_yoast_wpseo_title":"Immobilien Gstaad: John Taylor expandiert in Top-Lage","_yoast_wpseo_metadesc":"Angesichts steigender Nachfrage w\u00e4chst das Interesse an Immobilien in Gstaad, mit Preisen bis zu 65.000 CHF pro Quadratmeter, sagt Experten.","_yoast_wpseo_linkdex":67,"pgc_sgb_lightbox_settings":"","footnotes":""},"categories":[986],"tags":[1205,1639,1862],"class_list":["post-2484","post","type-post","status-publish","format-standard","has-post-thumbnail","hentry","category-residential","tag-espace-mittelland","tag-residential","tag-wohnen"],"acf":[],"yoast_head":"<!-- This site is optimized with the Yoast SEO plugin v27.5 - https:\/\/yoast.com\/product\/yoast-seo-wordpress\/ -->\n<title>Immobilien Gstaad: John Taylor expandiert in Top-Lage<\/title>\n<meta name=\"description\" content=\"Angesichts steigender Nachfrage w\u00e4chst das Interesse an Immobilien in Gstaad, mit Preisen bis zu 65.000 CHF pro Quadratmeter, sagt Experten.\" \/>\n<meta name=\"robots\" content=\"index, follow, max-snippet:-1, max-image-preview:large, max-video-preview:-1\" \/>\n<link rel=\"canonical\" href=\"https:\/\/www.immobilienbusiness.ch\/it\/residential\/2016-03-09\/john-taylor-expandiert-in-gstaad\/\" \/>\n<meta property=\"og:locale\" content=\"it_IT\" \/>\n<meta property=\"og:type\" content=\"article\" \/>\n<meta property=\"og:title\" content=\"John Taylor expandiert in Gstaad\" \/>\n<meta property=\"og:description\" content=\"Die John Taylor Gruppe hat an der Viktoriastrasse 3, im Herzen der Gstaader Promenade, eine neue Agentur er\u00f6ffnet. Das Unternehmen ist im Segment der Luxusimmobilien bei Transaktionen, Vermietungen, in der Verm\u00f6gensverwaltung und im Bereich Gesch\u00e4ftsimmobilien aktiv.\" \/>\n<meta property=\"og:url\" content=\"https:\/\/www.immobilienbusiness.ch\/it\/residential\/2016-03-09\/john-taylor-expandiert-in-gstaad\/\" \/>\n<meta property=\"og:site_name\" content=\"IMMOBILIEN Business\" \/>\n<meta property=\"article:publisher\" content=\"https:\/\/www.facebook.com\/immobilienbusiness\/\" \/>\n<meta property=\"article:published_time\" content=\"2016-03-09T07:08:44+00:00\" \/>\n<meta name=\"author\" content=\"Redaktion\" \/>\n<meta name=\"twitter:card\" content=\"summary_large_image\" \/>\n<meta name=\"twitter:image\" content=\"https:\/\/www.immobilienbusiness.ch\/wp-content\/uploads\/2016\/12\/John-Taylor-expandiert-in-Gstaad-immobilien-business.jpg\" \/>\n<script type=\"application\/ld+json\" class=\"yoast-schema-graph\">{\"@context\":\"https:\\\/\\\/schema.org\",\"@graph\":[{\"@type\":\"Article\",\"@id\":\"https:\\\/\\\/www.immobilienbusiness.ch\\\/residential\\\/2016-03-09\\\/john-taylor-expandiert-in-gstaad\\\/#article\",\"isPartOf\":{\"@id\":\"https:\\\/\\\/www.immobilienbusiness.ch\\\/residential\\\/2016-03-09\\\/john-taylor-expandiert-in-gstaad\\\/\"},\"author\":{\"name\":\"Redaktion\",\"@id\":\"https:\\\/\\\/www.immobilienbusiness.ch\\\/#\\\/schema\\\/person\\\/aa2bace6c5c5aad60102004a50c4eb1c\"},\"headline\":\"John Taylor expandiert in Gstaad\",\"datePublished\":\"2016-03-09T07:08:44+00:00\",\"mainEntityOfPage\":{\"@id\":\"https:\\\/\\\/www.immobilienbusiness.ch\\\/residential\\\/2016-03-09\\\/john-taylor-expandiert-in-gstaad\\\/\"},\"wordCount\":235,\"commentCount\":0,\"publisher\":{\"@id\":\"https:\\\/\\\/www.immobilienbusiness.ch\\\/#organization\"},\"image\":{\"@id\":\"https:\\\/\\\/www.immobilienbusiness.ch\\\/residential\\\/2016-03-09\\\/john-taylor-expandiert-in-gstaad\\\/#primaryimage\"},\"thumbnailUrl\":\"https:\\\/\\\/www.immobilienbusiness.ch\\\/wp-content\\\/uploads\\\/2016\\\/12\\\/John-Taylor-expandiert-in-Gstaad-immobilien-business.jpg\",\"keywords\":[\"Espace Mittelland\",\"Residential\",\"Wohnen\"],\"articleSection\":[\"RESIDENTIAL\"],\"inLanguage\":\"it-IT\"},{\"@type\":\"WebPage\",\"@id\":\"https:\\\/\\\/www.immobilienbusiness.ch\\\/residential\\\/2016-03-09\\\/john-taylor-expandiert-in-gstaad\\\/\",\"url\":\"https:\\\/\\\/www.immobilienbusiness.ch\\\/residential\\\/2016-03-09\\\/john-taylor-expandiert-in-gstaad\\\/\",\"name\":\"Immobilien Gstaad: John Taylor expandiert in Top-Lage\",\"isPartOf\":{\"@id\":\"https:\\\/\\\/www.immobilienbusiness.ch\\\/#website\"},\"primaryImageOfPage\":{\"@id\":\"https:\\\/\\\/www.immobilienbusiness.ch\\\/residential\\\/2016-03-09\\\/john-taylor-expandiert-in-gstaad\\\/#primaryimage\"},\"image\":{\"@id\":\"https:\\\/\\\/www.immobilienbusiness.ch\\\/residential\\\/2016-03-09\\\/john-taylor-expandiert-in-gstaad\\\/#primaryimage\"},\"thumbnailUrl\":\"https:\\\/\\\/www.immobilienbusiness.ch\\\/wp-content\\\/uploads\\\/2016\\\/12\\\/John-Taylor-expandiert-in-Gstaad-immobilien-business.jpg\",\"datePublished\":\"2016-03-09T07:08:44+00:00\",\"description\":\"Angesichts steigender Nachfrage w\u00e4chst das Interesse an Immobilien in Gstaad, mit Preisen bis zu 65.000 CHF pro Quadratmeter, sagt Experten.\",\"breadcrumb\":{\"@id\":\"https:\\\/\\\/www.immobilienbusiness.ch\\\/residential\\\/2016-03-09\\\/john-taylor-expandiert-in-gstaad\\\/#breadcrumb\"},\"inLanguage\":\"it-IT\",\"potentialAction\":[{\"@type\":\"ReadAction\",\"target\":[\"https:\\\/\\\/www.immobilienbusiness.ch\\\/residential\\\/2016-03-09\\\/john-taylor-expandiert-in-gstaad\\\/\"]}]},{\"@type\":\"ImageObject\",\"inLanguage\":\"it-IT\",\"@id\":\"https:\\\/\\\/www.immobilienbusiness.ch\\\/residential\\\/2016-03-09\\\/john-taylor-expandiert-in-gstaad\\\/#primaryimage\",\"url\":\"https:\\\/\\\/www.immobilienbusiness.ch\\\/wp-content\\\/uploads\\\/2016\\\/12\\\/John-Taylor-expandiert-in-Gstaad-immobilien-business.jpg\",\"contentUrl\":\"https:\\\/\\\/www.immobilienbusiness.ch\\\/wp-content\\\/uploads\\\/2016\\\/12\\\/John-Taylor-expandiert-in-Gstaad-immobilien-business.jpg\",\"width\":1920,\"height\":1200,\"caption\":\"An der Gstaader Promenade hat John Taylor eine Agentur er\u00f6ffnet (Bild: \u00a9 Gstaad Saanenland Tourismus)\"},{\"@type\":\"BreadcrumbList\",\"@id\":\"https:\\\/\\\/www.immobilienbusiness.ch\\\/residential\\\/2016-03-09\\\/john-taylor-expandiert-in-gstaad\\\/#breadcrumb\",\"itemListElement\":[{\"@type\":\"ListItem\",\"position\":1,\"name\":\"Home\",\"item\":\"https:\\\/\\\/www.immobilienbusiness.ch\\\/\"},{\"@type\":\"ListItem\",\"position\":2,\"name\":\"John Taylor expandiert in Gstaad\"}]},{\"@type\":\"WebSite\",\"@id\":\"https:\\\/\\\/www.immobilienbusiness.ch\\\/#website\",\"url\":\"https:\\\/\\\/www.immobilienbusiness.ch\\\/\",\"name\":\"IMMOBILIEN Business\",\"description\":\"Unabh\u00e4ngiges Schweizer Wirtschaftsmagazin mit Fokus auf Immobilien, Architektur- und Bau sowie Investment- und Finanzierung.\",\"publisher\":{\"@id\":\"https:\\\/\\\/www.immobilienbusiness.ch\\\/#organization\"},\"potentialAction\":[{\"@type\":\"SearchAction\",\"target\":{\"@type\":\"EntryPoint\",\"urlTemplate\":\"https:\\\/\\\/www.immobilienbusiness.ch\\\/?s={search_term_string}\"},\"query-input\":{\"@type\":\"PropertyValueSpecification\",\"valueRequired\":true,\"valueName\":\"search_term_string\"}}],\"inLanguage\":\"it-IT\"},{\"@type\":\"Organization\",\"@id\":\"https:\\\/\\\/www.immobilienbusiness.ch\\\/#organization\",\"name\":\"IMMOBILIEN Business\",\"url\":\"https:\\\/\\\/www.immobilienbusiness.ch\\\/\",\"logo\":{\"@type\":\"ImageObject\",\"inLanguage\":\"it-IT\",\"@id\":\"https:\\\/\\\/www.immobilienbusiness.ch\\\/#\\\/schema\\\/logo\\\/image\\\/\",\"url\":\"https:\\\/\\\/www.immobilienbusiness.ch\\\/wp-content\\\/uploads\\\/2021\\\/07\\\/logo_ib.png\",\"contentUrl\":\"https:\\\/\\\/www.immobilienbusiness.ch\\\/wp-content\\\/uploads\\\/2021\\\/07\\\/logo_ib.png\",\"width\":800,\"height\":181,\"caption\":\"IMMOBILIEN Business\"},\"image\":{\"@id\":\"https:\\\/\\\/www.immobilienbusiness.ch\\\/#\\\/schema\\\/logo\\\/image\\\/\"},\"sameAs\":[\"https:\\\/\\\/www.facebook.com\\\/immobilienbusiness\\\/\"]},{\"@type\":\"Person\",\"@id\":\"https:\\\/\\\/www.immobilienbusiness.ch\\\/#\\\/schema\\\/person\\\/aa2bace6c5c5aad60102004a50c4eb1c\",\"name\":\"Redaktion\",\"image\":{\"@type\":\"ImageObject\",\"inLanguage\":\"it-IT\",\"@id\":\"https:\\\/\\\/secure.gravatar.com\\\/avatar\\\/ae2f4d718e6c49043e314ce431e7e645d646302a24a5ef5a8bc8e3f5a032e319?s=96&d=mm&r=g\",\"url\":\"https:\\\/\\\/secure.gravatar.com\\\/avatar\\\/ae2f4d718e6c49043e314ce431e7e645d646302a24a5ef5a8bc8e3f5a032e319?s=96&d=mm&r=g\",\"contentUrl\":\"https:\\\/\\\/secure.gravatar.com\\\/avatar\\\/ae2f4d718e6c49043e314ce431e7e645d646302a24a5ef5a8bc8e3f5a032e319?s=96&d=mm&r=g\",\"caption\":\"Redaktion\"},\"sameAs\":[\"http:\\\/\\\/develop.organisator.galledia.ch\"],\"url\":\"https:\\\/\\\/www.immobilienbusiness.ch\\\/it\\\/author\\\/admin\\\/\"}]}<\/script>\n<!-- \/ Yoast SEO plugin. -->","yoast_head_json":{"title":"Immobilien Gstaad: John Taylor expandiert in Top-Lage","description":"Angesichts steigender Nachfrage w\u00e4chst das Interesse an Immobilien in Gstaad, mit Preisen bis zu 65.000 CHF pro Quadratmeter, sagt Experten.","robots":{"index":"index","follow":"follow","max-snippet":"max-snippet:-1","max-image-preview":"max-image-preview:large","max-video-preview":"max-video-preview:-1"},"canonical":"https:\/\/www.immobilienbusiness.ch\/it\/residential\/2016-03-09\/john-taylor-expandiert-in-gstaad\/","og_locale":"it_IT","og_type":"article","og_title":"John Taylor expandiert in Gstaad","og_description":"Die John Taylor Gruppe hat an der Viktoriastrasse 3, im Herzen der Gstaader Promenade, eine neue Agentur er\u00f6ffnet. Das Unternehmen ist im Segment der Luxusimmobilien bei Transaktionen, Vermietungen, in der Verm\u00f6gensverwaltung und im Bereich Gesch\u00e4ftsimmobilien aktiv.","og_url":"https:\/\/www.immobilienbusiness.ch\/it\/residential\/2016-03-09\/john-taylor-expandiert-in-gstaad\/","og_site_name":"IMMOBILIEN Business","article_publisher":"https:\/\/www.facebook.com\/immobilienbusiness\/","article_published_time":"2016-03-09T07:08:44+00:00","author":"Redaktion","twitter_card":"summary_large_image","twitter_image":"https:\/\/www.immobilienbusiness.ch\/wp-content\/uploads\/2016\/12\/John-Taylor-expandiert-in-Gstaad-immobilien-business.jpg","schema":{"@context":"https:\/\/schema.org","@graph":[{"@type":"Article","@id":"https:\/\/www.immobilienbusiness.ch\/residential\/2016-03-09\/john-taylor-expandiert-in-gstaad\/#article","isPartOf":{"@id":"https:\/\/www.immobilienbusiness.ch\/residential\/2016-03-09\/john-taylor-expandiert-in-gstaad\/"},"author":{"name":"Redaktion","@id":"https:\/\/www.immobilienbusiness.ch\/#\/schema\/person\/aa2bace6c5c5aad60102004a50c4eb1c"},"headline":"John Taylor expandiert in Gstaad","datePublished":"2016-03-09T07:08:44+00:00","mainEntityOfPage":{"@id":"https:\/\/www.immobilienbusiness.ch\/residential\/2016-03-09\/john-taylor-expandiert-in-gstaad\/"},"wordCount":235,"commentCount":0,"publisher":{"@id":"https:\/\/www.immobilienbusiness.ch\/#organization"},"image":{"@id":"https:\/\/www.immobilienbusiness.ch\/residential\/2016-03-09\/john-taylor-expandiert-in-gstaad\/#primaryimage"},"thumbnailUrl":"https:\/\/www.immobilienbusiness.ch\/wp-content\/uploads\/2016\/12\/John-Taylor-expandiert-in-Gstaad-immobilien-business.jpg","keywords":["Espace Mittelland","Residential","Wohnen"],"articleSection":["RESIDENTIAL"],"inLanguage":"it-IT"},{"@type":"WebPage","@id":"https:\/\/www.immobilienbusiness.ch\/residential\/2016-03-09\/john-taylor-expandiert-in-gstaad\/","url":"https:\/\/www.immobilienbusiness.ch\/residential\/2016-03-09\/john-taylor-expandiert-in-gstaad\/","name":"Immobilien Gstaad: John Taylor expandiert in Top-Lage","isPartOf":{"@id":"https:\/\/www.immobilienbusiness.ch\/#website"},"primaryImageOfPage":{"@id":"https:\/\/www.immobilienbusiness.ch\/residential\/2016-03-09\/john-taylor-expandiert-in-gstaad\/#primaryimage"},"image":{"@id":"https:\/\/www.immobilienbusiness.ch\/residential\/2016-03-09\/john-taylor-expandiert-in-gstaad\/#primaryimage"},"thumbnailUrl":"https:\/\/www.immobilienbusiness.ch\/wp-content\/uploads\/2016\/12\/John-Taylor-expandiert-in-Gstaad-immobilien-business.jpg","datePublished":"2016-03-09T07:08:44+00:00","description":"Angesichts steigender Nachfrage w\u00e4chst das Interesse an Immobilien in Gstaad, mit Preisen bis zu 65.000 CHF pro Quadratmeter, sagt Experten.","breadcrumb":{"@id":"https:\/\/www.immobilienbusiness.ch\/residential\/2016-03-09\/john-taylor-expandiert-in-gstaad\/#breadcrumb"},"inLanguage":"it-IT","potentialAction":[{"@type":"ReadAction","target":["https:\/\/www.immobilienbusiness.ch\/residential\/2016-03-09\/john-taylor-expandiert-in-gstaad\/"]}]},{"@type":"ImageObject","inLanguage":"it-IT","@id":"https:\/\/www.immobilienbusiness.ch\/residential\/2016-03-09\/john-taylor-expandiert-in-gstaad\/#primaryimage","url":"https:\/\/www.immobilienbusiness.ch\/wp-content\/uploads\/2016\/12\/John-Taylor-expandiert-in-Gstaad-immobilien-business.jpg","contentUrl":"https:\/\/www.immobilienbusiness.ch\/wp-content\/uploads\/2016\/12\/John-Taylor-expandiert-in-Gstaad-immobilien-business.jpg","width":1920,"height":1200,"caption":"An der Gstaader Promenade hat John Taylor eine Agentur er\u00f6ffnet (Bild: \u00a9 Gstaad Saanenland Tourismus)"},{"@type":"BreadcrumbList","@id":"https:\/\/www.immobilienbusiness.ch\/residential\/2016-03-09\/john-taylor-expandiert-in-gstaad\/#breadcrumb","itemListElement":[{"@type":"ListItem","position":1,"name":"Home","item":"https:\/\/www.immobilienbusiness.ch\/"},{"@type":"ListItem","position":2,"name":"John Taylor expandiert in Gstaad"}]},{"@type":"WebSite","@id":"https:\/\/www.immobilienbusiness.ch\/#website","url":"https:\/\/www.immobilienbusiness.ch\/","name":"Affari immobiliari","description":"Rivista economica indipendente svizzera che si concentra sul settore immobiliare, l'architettura e la costruzione, nonch\u00e9 sugli investimenti e i finanziamenti.","publisher":{"@id":"https:\/\/www.immobilienbusiness.ch\/#organization"},"potentialAction":[{"@type":"SearchAction","target":{"@type":"EntryPoint","urlTemplate":"https:\/\/www.immobilienbusiness.ch\/?s={search_term_string}"},"query-input":{"@type":"PropertyValueSpecification","valueRequired":true,"valueName":"search_term_string"}}],"inLanguage":"it-IT"},{"@type":"Organization","@id":"https:\/\/www.immobilienbusiness.ch\/#organization","name":"Affari immobiliari","url":"https:\/\/www.immobilienbusiness.ch\/","logo":{"@type":"ImageObject","inLanguage":"it-IT","@id":"https:\/\/www.immobilienbusiness.ch\/#\/schema\/logo\/image\/","url":"https:\/\/www.immobilienbusiness.ch\/wp-content\/uploads\/2021\/07\/logo_ib.png","contentUrl":"https:\/\/www.immobilienbusiness.ch\/wp-content\/uploads\/2021\/07\/logo_ib.png","width":800,"height":181,"caption":"IMMOBILIEN Business"},"image":{"@id":"https:\/\/www.immobilienbusiness.ch\/#\/schema\/logo\/image\/"},"sameAs":["https:\/\/www.facebook.com\/immobilienbusiness\/"]},{"@type":"Person","@id":"https:\/\/www.immobilienbusiness.ch\/#\/schema\/person\/aa2bace6c5c5aad60102004a50c4eb1c","name":"Editoriale","image":{"@type":"ImageObject","inLanguage":"it-IT","@id":"https:\/\/secure.gravatar.com\/avatar\/ae2f4d718e6c49043e314ce431e7e645d646302a24a5ef5a8bc8e3f5a032e319?s=96&d=mm&r=g","url":"https:\/\/secure.gravatar.com\/avatar\/ae2f4d718e6c49043e314ce431e7e645d646302a24a5ef5a8bc8e3f5a032e319?s=96&d=mm&r=g","contentUrl":"https:\/\/secure.gravatar.com\/avatar\/ae2f4d718e6c49043e314ce431e7e645d646302a24a5ef5a8bc8e3f5a032e319?s=96&d=mm&r=g","caption":"Redaktion"},"sameAs":["http:\/\/develop.organisator.galledia.ch"],"url":"https:\/\/www.immobilienbusiness.ch\/it\/author\/admin\/"}]}},"_links":{"self":[{"href":"https:\/\/www.immobilienbusiness.ch\/it\/wp-json\/wp\/v2\/posts\/2484","targetHints":{"allow":["GET"]}}],"collection":[{"href":"https:\/\/www.immobilienbusiness.ch\/it\/wp-json\/wp\/v2\/posts"}],"about":[{"href":"https:\/\/www.immobilienbusiness.ch\/it\/wp-json\/wp\/v2\/types\/post"}],"author":[{"embeddable":true,"href":"https:\/\/www.immobilienbusiness.ch\/it\/wp-json\/wp\/v2\/users\/1"}],"replies":[{"embeddable":true,"href":"https:\/\/www.immobilienbusiness.ch\/it\/wp-json\/wp\/v2\/comments?post=2484"}],"version-history":[{"count":0,"href":"https:\/\/www.immobilienbusiness.ch\/it\/wp-json\/wp\/v2\/posts\/2484\/revisions"}],"wp:featuredmedia":[{"embeddable":true,"href":"https:\/\/www.immobilienbusiness.ch\/it\/wp-json\/wp\/v2\/media\/2485"}],"wp:attachment":[{"href":"https:\/\/www.immobilienbusiness.ch\/it\/wp-json\/wp\/v2\/media?parent=2484"}],"wp:term":[{"taxonomy":"category","embeddable":true,"href":"https:\/\/www.immobilienbusiness.ch\/it\/wp-json\/wp\/v2\/categories?post=2484"},{"taxonomy":"post_tag","embeddable":true,"href":"https:\/\/www.immobilienbusiness.ch\/it\/wp-json\/wp\/v2\/tags?post=2484"}],"curies":[{"name":"wp","href":"https:\/\/api.w.org\/{rel}","templated":true}]}}