{"id":24731,"date":"2021-07-14T09:44:08","date_gmt":"2021-07-14T07:44:08","guid":{"rendered":"https:\/\/www.immobilienbusiness.ch\/?p=24731"},"modified":"2021-07-14T09:44:08","modified_gmt":"2021-07-14T07:44:08","slug":"hans-peter-domanig-mit-neuem-taetigkeitsfeld","status":"publish","type":"post","link":"https:\/\/www.immobilienbusiness.ch\/it\/unternehmen\/2021-07-14\/hans-peter-domanig-mit-neuem-taetigkeitsfeld\/","title":{"rendered":"Hans-Peter Domanig con un nuovo campo di attivit\u00e0"},"content":{"rendered":"<figure id=\"attachment_24745\" aria-describedby=\"caption-attachment-24745\" style=\"width: 753px\" class=\"wp-caption alignnone\"><img loading=\"lazy\" decoding=\"async\" class=\"wp-image-24745\" src=\"https:\/\/www.immobilienbusiness.ch\/wp-content\/uploads\/2021\/07\/Hans-Peter_Domanig-e1626246895879.jpg\" alt=\"\" width=\"753\" height=\"601\" srcset=\"https:\/\/www.immobilienbusiness.ch\/wp-content\/uploads\/2021\/07\/Hans-Peter_Domanig-e1626246895879.jpg 425w, https:\/\/www.immobilienbusiness.ch\/wp-content\/uploads\/2021\/07\/Hans-Peter_Domanig-e1626246895879-300x239.jpg 300w, https:\/\/www.immobilienbusiness.ch\/wp-content\/uploads\/2021\/07\/Hans-Peter_Domanig-e1626246895879-16x12.jpg 16w, https:\/\/www.immobilienbusiness.ch\/wp-content\/uploads\/2021\/07\/Hans-Peter_Domanig-e1626246895879-219x175.jpg 219w\" sizes=\"auto, (max-width: 753px) 100vw, 753px\" \/><figcaption id=\"caption-attachment-24745\" class=\"wp-caption-text\">Hans-Peter Domanig<\/figcaption><\/figure>\n<p>Secondo Hans-Peter Domanig, l'attenzione si concentra su opzioni in cui pu\u00f2 contribuire con la sua esperienza pluriennale nel settore edile e immobiliare, il suo background in amministrazione aziendale e la sua vasta rete.<\/p>\n<blockquote><p>\"Come membro del consiglio di amministrazione, vorrei contribuire ai processi decisionali e stabilire un percorso che supporti lo sviluppo sostenibile delle aziende nell'interesse dei loro stakeholder\".<\/p><\/blockquote>\n<p>In questo modo, ha detto, potrebbe beneficiare delle sue precedenti attivit\u00e0 operative estese, che includono in particolare il suo lavoro come CEO di Implenia Real Estate AG e come membro del comitato esecutivo del gruppo di Implenia AG dal 1994 al 2010. In qualit\u00e0 di membro del Consiglio di amministrazione, Domanig ha ricoperto incarichi, tra l'altro, presso Olmero AG (membro fondatore) a Zurigo, Meili Unternehmungen AG a Zollikon e Cablex AG a Berna; siede inoltre nei Consigli di amministrazione delle aziende familiari Birchmeier Holding AG a D\u00f6ttingen e Hauser Holding AG a Freienbach. Un annuncio di un ulteriore mandato del consiglio di amministrazione seguir\u00e0 a breve, secondo Domanig. Tra i suoi<\/p>\n<p>Tra le sue attivit\u00e0 collaterali, Domanig \u00e8 stato membro del consiglio dell'Associazione degli appaltatori generali svizzeri (VSGU) dal 1999 al 2013 (compresi gli ultimi cinque anni come presidente) e dell'organizzazione mantello dell'economia svizzera \"Swiss economiesuisse\" dal 2009 al 2014. Dal 2014, Domanig \u00e8 membro dell'Advisory Board (D-BAUG) del Politecnico di Zurigo. (bw)<\/p>","protected":false},"excerpt":{"rendered":"<p>Dopo aver lasciato il Gruppo Priora, per il quale \u00e8 stato rispettivamente CEO e Presidente del Consiglio di Amministrazione dal 2010 al giugno 2021, Hans-Peter Domanig ha deciso di concentrare il suo futuro professionale sui mandati come membro indipendente e autonomo del Consiglio di Amministrazione.<\/p>","protected":false},"author":8,"featured_media":24745,"comment_status":"closed","ping_status":"open","sticky":false,"template":"","format":"standard","meta":{"_acf_changed":false,"_yoast_wpseo_focuskw":"Domanig","_yoast_wpseo_title":"","_yoast_wpseo_metadesc":"Nach seinem Ausscheiden aus der Priora-Gruppe, f\u00fcr die er von 2010 bis im Juni 2021 als CEO bzw. Verwaltungsratspr\u00e4sident t\u00e4tig war, hat sich Hans-Peter Domanig entschieden, seine berufliche Zukunft auf Mandate als selbst\u00e4ndiger und unabh\u00e4ngiger Verwaltungsrat auszurichten.","_yoast_wpseo_linkdex":53,"pgc_sgb_lightbox_settings":"","footnotes":""},"categories":[988],"tags":[1563,1834],"class_list":["post-24731","post","type-post","status-publish","format-standard","has-post-thumbnail","hentry","category-unternehmen","tag-personalia","tag-verwaltungsrat"],"acf":[],"yoast_head":"<!-- This site is optimized with the Yoast SEO plugin v27.5 - https:\/\/yoast.com\/product\/yoast-seo-wordpress\/ -->\n<title>Hans-Peter Domanig mit neuem T\u00e4tigkeitsfeld - IMMOBILIEN Business<\/title>\n<meta name=\"description\" content=\"Nach seinem Ausscheiden aus der Priora-Gruppe, f\u00fcr die er von 2010 bis im Juni 2021 als CEO bzw. Verwaltungsratspr\u00e4sident t\u00e4tig war, hat sich Hans-Peter Domanig entschieden, seine berufliche Zukunft auf Mandate als selbst\u00e4ndiger und unabh\u00e4ngiger Verwaltungsrat auszurichten.\" \/>\n<meta name=\"robots\" content=\"index, follow, max-snippet:-1, max-image-preview:large, max-video-preview:-1\" \/>\n<link rel=\"canonical\" href=\"https:\/\/www.immobilienbusiness.ch\/it\/unternehmen\/2021-07-14\/hans-peter-domanig-mit-neuem-taetigkeitsfeld\/\" \/>\n<meta property=\"og:locale\" content=\"it_IT\" \/>\n<meta property=\"og:type\" content=\"article\" \/>\n<meta property=\"og:title\" content=\"Hans-Peter Domanig mit neuem T\u00e4tigkeitsfeld - IMMOBILIEN Business\" \/>\n<meta property=\"og:description\" content=\"Nach seinem Ausscheiden aus der Priora-Gruppe, f\u00fcr die er von 2010 bis im Juni 2021 als CEO bzw. Verwaltungsratspr\u00e4sident t\u00e4tig war, hat sich Hans-Peter Domanig entschieden, seine berufliche Zukunft auf Mandate als selbst\u00e4ndiger und unabh\u00e4ngiger Verwaltungsrat auszurichten.\" \/>\n<meta property=\"og:url\" content=\"https:\/\/www.immobilienbusiness.ch\/it\/unternehmen\/2021-07-14\/hans-peter-domanig-mit-neuem-taetigkeitsfeld\/\" \/>\n<meta property=\"og:site_name\" content=\"IMMOBILIEN Business\" \/>\n<meta property=\"article:publisher\" content=\"https:\/\/www.facebook.com\/immobilienbusiness\/\" \/>\n<meta property=\"article:published_time\" content=\"2021-07-14T07:44:08+00:00\" \/>\n<meta property=\"og:image\" content=\"https:\/\/www.immobilienbusiness.ch\/wp-content\/uploads\/2021\/07\/Hans-Peter_Domanig-e1626246895879.jpg\" \/>\n\t<meta property=\"og:image:width\" content=\"425\" \/>\n\t<meta property=\"og:image:height\" content=\"339\" \/>\n\t<meta property=\"og:image:type\" content=\"image\/jpeg\" \/>\n<meta name=\"author\" content=\"birgitt.wuest\" \/>\n<meta name=\"twitter:card\" content=\"summary_large_image\" \/>\n<script type=\"application\/ld+json\" class=\"yoast-schema-graph\">{\"@context\":\"https:\\\/\\\/schema.org\",\"@graph\":[{\"@type\":\"Article\",\"@id\":\"https:\\\/\\\/www.immobilienbusiness.ch\\\/de\\\/unternehmen\\\/2021-07-14\\\/hans-peter-domanig-mit-neuem-taetigkeitsfeld\\\/#article\",\"isPartOf\":{\"@id\":\"https:\\\/\\\/www.immobilienbusiness.ch\\\/de\\\/unternehmen\\\/2021-07-14\\\/hans-peter-domanig-mit-neuem-taetigkeitsfeld\\\/\"},\"author\":{\"name\":\"birgitt.wuest\",\"@id\":\"https:\\\/\\\/www.immobilienbusiness.ch\\\/#\\\/schema\\\/person\\\/9071de3b430793052e78768378adb039\"},\"headline\":\"Hans-Peter Domanig mit neuem T\u00e4tigkeitsfeld\",\"datePublished\":\"2021-07-14T07:44:08+00:00\",\"mainEntityOfPage\":{\"@id\":\"https:\\\/\\\/www.immobilienbusiness.ch\\\/de\\\/unternehmen\\\/2021-07-14\\\/hans-peter-domanig-mit-neuem-taetigkeitsfeld\\\/\"},\"wordCount\":218,\"publisher\":{\"@id\":\"https:\\\/\\\/www.immobilienbusiness.ch\\\/#organization\"},\"image\":{\"@id\":\"https:\\\/\\\/www.immobilienbusiness.ch\\\/de\\\/unternehmen\\\/2021-07-14\\\/hans-peter-domanig-mit-neuem-taetigkeitsfeld\\\/#primaryimage\"},\"thumbnailUrl\":\"https:\\\/\\\/www.immobilienbusiness.ch\\\/wp-content\\\/uploads\\\/2021\\\/07\\\/Hans-Peter_Domanig-e1626246895879.jpg\",\"keywords\":[\"Personalia\",\"Verwaltungsrat\"],\"articleSection\":[\"UNTERNEHMEN\"],\"inLanguage\":\"it-IT\"},{\"@type\":\"WebPage\",\"@id\":\"https:\\\/\\\/www.immobilienbusiness.ch\\\/de\\\/unternehmen\\\/2021-07-14\\\/hans-peter-domanig-mit-neuem-taetigkeitsfeld\\\/\",\"url\":\"https:\\\/\\\/www.immobilienbusiness.ch\\\/de\\\/unternehmen\\\/2021-07-14\\\/hans-peter-domanig-mit-neuem-taetigkeitsfeld\\\/\",\"name\":\"Hans-Peter Domanig mit neuem T\u00e4tigkeitsfeld - IMMOBILIEN Business\",\"isPartOf\":{\"@id\":\"https:\\\/\\\/www.immobilienbusiness.ch\\\/#website\"},\"primaryImageOfPage\":{\"@id\":\"https:\\\/\\\/www.immobilienbusiness.ch\\\/de\\\/unternehmen\\\/2021-07-14\\\/hans-peter-domanig-mit-neuem-taetigkeitsfeld\\\/#primaryimage\"},\"image\":{\"@id\":\"https:\\\/\\\/www.immobilienbusiness.ch\\\/de\\\/unternehmen\\\/2021-07-14\\\/hans-peter-domanig-mit-neuem-taetigkeitsfeld\\\/#primaryimage\"},\"thumbnailUrl\":\"https:\\\/\\\/www.immobilienbusiness.ch\\\/wp-content\\\/uploads\\\/2021\\\/07\\\/Hans-Peter_Domanig-e1626246895879.jpg\",\"datePublished\":\"2021-07-14T07:44:08+00:00\",\"description\":\"Nach seinem Ausscheiden aus der Priora-Gruppe, f\u00fcr die er von 2010 bis im Juni 2021 als CEO bzw. Verwaltungsratspr\u00e4sident t\u00e4tig war, hat sich Hans-Peter Domanig entschieden, seine berufliche Zukunft auf Mandate als selbst\u00e4ndiger und unabh\u00e4ngiger Verwaltungsrat auszurichten.\",\"breadcrumb\":{\"@id\":\"https:\\\/\\\/www.immobilienbusiness.ch\\\/de\\\/unternehmen\\\/2021-07-14\\\/hans-peter-domanig-mit-neuem-taetigkeitsfeld\\\/#breadcrumb\"},\"inLanguage\":\"it-IT\",\"potentialAction\":[{\"@type\":\"ReadAction\",\"target\":[\"https:\\\/\\\/www.immobilienbusiness.ch\\\/de\\\/unternehmen\\\/2021-07-14\\\/hans-peter-domanig-mit-neuem-taetigkeitsfeld\\\/\"]}]},{\"@type\":\"ImageObject\",\"inLanguage\":\"it-IT\",\"@id\":\"https:\\\/\\\/www.immobilienbusiness.ch\\\/de\\\/unternehmen\\\/2021-07-14\\\/hans-peter-domanig-mit-neuem-taetigkeitsfeld\\\/#primaryimage\",\"url\":\"https:\\\/\\\/www.immobilienbusiness.ch\\\/wp-content\\\/uploads\\\/2021\\\/07\\\/Hans-Peter_Domanig-e1626246895879.jpg\",\"contentUrl\":\"https:\\\/\\\/www.immobilienbusiness.ch\\\/wp-content\\\/uploads\\\/2021\\\/07\\\/Hans-Peter_Domanig-e1626246895879.jpg\",\"width\":425,\"height\":339,\"caption\":\"Hans-Peter Domanig\"},{\"@type\":\"BreadcrumbList\",\"@id\":\"https:\\\/\\\/www.immobilienbusiness.ch\\\/de\\\/unternehmen\\\/2021-07-14\\\/hans-peter-domanig-mit-neuem-taetigkeitsfeld\\\/#breadcrumb\",\"itemListElement\":[{\"@type\":\"ListItem\",\"position\":1,\"name\":\"Home\",\"item\":\"https:\\\/\\\/www.immobilienbusiness.ch\\\/\"},{\"@type\":\"ListItem\",\"position\":2,\"name\":\"Hans-Peter Domanig mit neuem T\u00e4tigkeitsfeld\"}]},{\"@type\":\"WebSite\",\"@id\":\"https:\\\/\\\/www.immobilienbusiness.ch\\\/#website\",\"url\":\"https:\\\/\\\/www.immobilienbusiness.ch\\\/\",\"name\":\"IMMOBILIEN Business\",\"description\":\"Unabh\u00e4ngiges Schweizer Wirtschaftsmagazin mit Fokus auf Immobilien, Architektur- und Bau sowie Investment- und Finanzierung.\",\"publisher\":{\"@id\":\"https:\\\/\\\/www.immobilienbusiness.ch\\\/#organization\"},\"potentialAction\":[{\"@type\":\"SearchAction\",\"target\":{\"@type\":\"EntryPoint\",\"urlTemplate\":\"https:\\\/\\\/www.immobilienbusiness.ch\\\/?s={search_term_string}\"},\"query-input\":{\"@type\":\"PropertyValueSpecification\",\"valueRequired\":true,\"valueName\":\"search_term_string\"}}],\"inLanguage\":\"it-IT\"},{\"@type\":\"Organization\",\"@id\":\"https:\\\/\\\/www.immobilienbusiness.ch\\\/#organization\",\"name\":\"IMMOBILIEN Business\",\"url\":\"https:\\\/\\\/www.immobilienbusiness.ch\\\/\",\"logo\":{\"@type\":\"ImageObject\",\"inLanguage\":\"it-IT\",\"@id\":\"https:\\\/\\\/www.immobilienbusiness.ch\\\/#\\\/schema\\\/logo\\\/image\\\/\",\"url\":\"https:\\\/\\\/www.immobilienbusiness.ch\\\/wp-content\\\/uploads\\\/2021\\\/07\\\/logo_ib.png\",\"contentUrl\":\"https:\\\/\\\/www.immobilienbusiness.ch\\\/wp-content\\\/uploads\\\/2021\\\/07\\\/logo_ib.png\",\"width\":800,\"height\":181,\"caption\":\"IMMOBILIEN Business\"},\"image\":{\"@id\":\"https:\\\/\\\/www.immobilienbusiness.ch\\\/#\\\/schema\\\/logo\\\/image\\\/\"},\"sameAs\":[\"https:\\\/\\\/www.facebook.com\\\/immobilienbusiness\\\/\"]},{\"@type\":\"Person\",\"@id\":\"https:\\\/\\\/www.immobilienbusiness.ch\\\/#\\\/schema\\\/person\\\/9071de3b430793052e78768378adb039\",\"name\":\"birgitt.wuest\",\"image\":{\"@type\":\"ImageObject\",\"inLanguage\":\"it-IT\",\"@id\":\"https:\\\/\\\/secure.gravatar.com\\\/avatar\\\/938f7e46a2aa35420af239a36e5ed08a1034598c7d4a6d4dccff5f20b49eefca?s=96&d=mm&r=g\",\"url\":\"https:\\\/\\\/secure.gravatar.com\\\/avatar\\\/938f7e46a2aa35420af239a36e5ed08a1034598c7d4a6d4dccff5f20b49eefca?s=96&d=mm&r=g\",\"contentUrl\":\"https:\\\/\\\/secure.gravatar.com\\\/avatar\\\/938f7e46a2aa35420af239a36e5ed08a1034598c7d4a6d4dccff5f20b49eefca?s=96&d=mm&r=g\",\"caption\":\"birgitt.wuest\"},\"url\":\"https:\\\/\\\/www.immobilienbusiness.ch\\\/it\\\/author\\\/birgitt-wuest\\\/\"}]}<\/script>\n<!-- \/ Yoast SEO plugin. -->","yoast_head_json":{"title":"Hans-Peter Domanig mit neuem T\u00e4tigkeitsfeld - IMMOBILIEN Business","description":"Dopo aver lasciato il Gruppo Priora, per il quale \u00e8 stato rispettivamente CEO e Presidente del Consiglio di Amministrazione dal 2010 al giugno 2021, Hans-Peter Domanig ha deciso di concentrare il suo futuro professionale sui mandati come membro indipendente e autonomo del Consiglio di Amministrazione.","robots":{"index":"index","follow":"follow","max-snippet":"max-snippet:-1","max-image-preview":"max-image-preview:large","max-video-preview":"max-video-preview:-1"},"canonical":"https:\/\/www.immobilienbusiness.ch\/it\/unternehmen\/2021-07-14\/hans-peter-domanig-mit-neuem-taetigkeitsfeld\/","og_locale":"it_IT","og_type":"article","og_title":"Hans-Peter Domanig mit neuem T\u00e4tigkeitsfeld - IMMOBILIEN Business","og_description":"Nach seinem Ausscheiden aus der Priora-Gruppe, f\u00fcr die er von 2010 bis im Juni 2021 als CEO bzw. Verwaltungsratspr\u00e4sident t\u00e4tig war, hat sich Hans-Peter Domanig entschieden, seine berufliche Zukunft auf Mandate als selbst\u00e4ndiger und unabh\u00e4ngiger Verwaltungsrat auszurichten.","og_url":"https:\/\/www.immobilienbusiness.ch\/it\/unternehmen\/2021-07-14\/hans-peter-domanig-mit-neuem-taetigkeitsfeld\/","og_site_name":"IMMOBILIEN Business","article_publisher":"https:\/\/www.facebook.com\/immobilienbusiness\/","article_published_time":"2021-07-14T07:44:08+00:00","og_image":[{"width":425,"height":339,"url":"https:\/\/www.immobilienbusiness.ch\/wp-content\/uploads\/2021\/07\/Hans-Peter_Domanig-e1626246895879.jpg","type":"image\/jpeg"}],"author":"birgitt.wuest","twitter_card":"summary_large_image","schema":{"@context":"https:\/\/schema.org","@graph":[{"@type":"Article","@id":"https:\/\/www.immobilienbusiness.ch\/de\/unternehmen\/2021-07-14\/hans-peter-domanig-mit-neuem-taetigkeitsfeld\/#article","isPartOf":{"@id":"https:\/\/www.immobilienbusiness.ch\/de\/unternehmen\/2021-07-14\/hans-peter-domanig-mit-neuem-taetigkeitsfeld\/"},"author":{"name":"birgitt.wuest","@id":"https:\/\/www.immobilienbusiness.ch\/#\/schema\/person\/9071de3b430793052e78768378adb039"},"headline":"Hans-Peter Domanig mit neuem T\u00e4tigkeitsfeld","datePublished":"2021-07-14T07:44:08+00:00","mainEntityOfPage":{"@id":"https:\/\/www.immobilienbusiness.ch\/de\/unternehmen\/2021-07-14\/hans-peter-domanig-mit-neuem-taetigkeitsfeld\/"},"wordCount":218,"publisher":{"@id":"https:\/\/www.immobilienbusiness.ch\/#organization"},"image":{"@id":"https:\/\/www.immobilienbusiness.ch\/de\/unternehmen\/2021-07-14\/hans-peter-domanig-mit-neuem-taetigkeitsfeld\/#primaryimage"},"thumbnailUrl":"https:\/\/www.immobilienbusiness.ch\/wp-content\/uploads\/2021\/07\/Hans-Peter_Domanig-e1626246895879.jpg","keywords":["Personalia","Verwaltungsrat"],"articleSection":["UNTERNEHMEN"],"inLanguage":"it-IT"},{"@type":"WebPage","@id":"https:\/\/www.immobilienbusiness.ch\/de\/unternehmen\/2021-07-14\/hans-peter-domanig-mit-neuem-taetigkeitsfeld\/","url":"https:\/\/www.immobilienbusiness.ch\/de\/unternehmen\/2021-07-14\/hans-peter-domanig-mit-neuem-taetigkeitsfeld\/","name":"Hans-Peter Domanig mit neuem T\u00e4tigkeitsfeld - IMMOBILIEN Business","isPartOf":{"@id":"https:\/\/www.immobilienbusiness.ch\/#website"},"primaryImageOfPage":{"@id":"https:\/\/www.immobilienbusiness.ch\/de\/unternehmen\/2021-07-14\/hans-peter-domanig-mit-neuem-taetigkeitsfeld\/#primaryimage"},"image":{"@id":"https:\/\/www.immobilienbusiness.ch\/de\/unternehmen\/2021-07-14\/hans-peter-domanig-mit-neuem-taetigkeitsfeld\/#primaryimage"},"thumbnailUrl":"https:\/\/www.immobilienbusiness.ch\/wp-content\/uploads\/2021\/07\/Hans-Peter_Domanig-e1626246895879.jpg","datePublished":"2021-07-14T07:44:08+00:00","description":"Dopo aver lasciato il Gruppo Priora, per il quale \u00e8 stato rispettivamente CEO e Presidente del Consiglio di Amministrazione dal 2010 al giugno 2021, Hans-Peter Domanig ha deciso di concentrare il suo futuro professionale sui mandati come membro indipendente e autonomo del Consiglio di Amministrazione.","breadcrumb":{"@id":"https:\/\/www.immobilienbusiness.ch\/de\/unternehmen\/2021-07-14\/hans-peter-domanig-mit-neuem-taetigkeitsfeld\/#breadcrumb"},"inLanguage":"it-IT","potentialAction":[{"@type":"ReadAction","target":["https:\/\/www.immobilienbusiness.ch\/de\/unternehmen\/2021-07-14\/hans-peter-domanig-mit-neuem-taetigkeitsfeld\/"]}]},{"@type":"ImageObject","inLanguage":"it-IT","@id":"https:\/\/www.immobilienbusiness.ch\/de\/unternehmen\/2021-07-14\/hans-peter-domanig-mit-neuem-taetigkeitsfeld\/#primaryimage","url":"https:\/\/www.immobilienbusiness.ch\/wp-content\/uploads\/2021\/07\/Hans-Peter_Domanig-e1626246895879.jpg","contentUrl":"https:\/\/www.immobilienbusiness.ch\/wp-content\/uploads\/2021\/07\/Hans-Peter_Domanig-e1626246895879.jpg","width":425,"height":339,"caption":"Hans-Peter Domanig"},{"@type":"BreadcrumbList","@id":"https:\/\/www.immobilienbusiness.ch\/de\/unternehmen\/2021-07-14\/hans-peter-domanig-mit-neuem-taetigkeitsfeld\/#breadcrumb","itemListElement":[{"@type":"ListItem","position":1,"name":"Home","item":"https:\/\/www.immobilienbusiness.ch\/"},{"@type":"ListItem","position":2,"name":"Hans-Peter Domanig mit neuem T\u00e4tigkeitsfeld"}]},{"@type":"WebSite","@id":"https:\/\/www.immobilienbusiness.ch\/#website","url":"https:\/\/www.immobilienbusiness.ch\/","name":"Affari immobiliari","description":"Rivista economica indipendente svizzera che si concentra sul settore immobiliare, l'architettura e la costruzione, nonch\u00e9 sugli investimenti e i finanziamenti.","publisher":{"@id":"https:\/\/www.immobilienbusiness.ch\/#organization"},"potentialAction":[{"@type":"SearchAction","target":{"@type":"EntryPoint","urlTemplate":"https:\/\/www.immobilienbusiness.ch\/?s={search_term_string}"},"query-input":{"@type":"PropertyValueSpecification","valueRequired":true,"valueName":"search_term_string"}}],"inLanguage":"it-IT"},{"@type":"Organization","@id":"https:\/\/www.immobilienbusiness.ch\/#organization","name":"Affari immobiliari","url":"https:\/\/www.immobilienbusiness.ch\/","logo":{"@type":"ImageObject","inLanguage":"it-IT","@id":"https:\/\/www.immobilienbusiness.ch\/#\/schema\/logo\/image\/","url":"https:\/\/www.immobilienbusiness.ch\/wp-content\/uploads\/2021\/07\/logo_ib.png","contentUrl":"https:\/\/www.immobilienbusiness.ch\/wp-content\/uploads\/2021\/07\/logo_ib.png","width":800,"height":181,"caption":"IMMOBILIEN Business"},"image":{"@id":"https:\/\/www.immobilienbusiness.ch\/#\/schema\/logo\/image\/"},"sameAs":["https:\/\/www.facebook.com\/immobilienbusiness\/"]},{"@type":"Person","@id":"https:\/\/www.immobilienbusiness.ch\/#\/schema\/person\/9071de3b430793052e78768378adb039","name":"birgitt.wuest","image":{"@type":"ImageObject","inLanguage":"it-IT","@id":"https:\/\/secure.gravatar.com\/avatar\/938f7e46a2aa35420af239a36e5ed08a1034598c7d4a6d4dccff5f20b49eefca?s=96&d=mm&r=g","url":"https:\/\/secure.gravatar.com\/avatar\/938f7e46a2aa35420af239a36e5ed08a1034598c7d4a6d4dccff5f20b49eefca?s=96&d=mm&r=g","contentUrl":"https:\/\/secure.gravatar.com\/avatar\/938f7e46a2aa35420af239a36e5ed08a1034598c7d4a6d4dccff5f20b49eefca?s=96&d=mm&r=g","caption":"birgitt.wuest"},"url":"https:\/\/www.immobilienbusiness.ch\/it\/author\/birgitt-wuest\/"}]}},"_links":{"self":[{"href":"https:\/\/www.immobilienbusiness.ch\/it\/wp-json\/wp\/v2\/posts\/24731","targetHints":{"allow":["GET"]}}],"collection":[{"href":"https:\/\/www.immobilienbusiness.ch\/it\/wp-json\/wp\/v2\/posts"}],"about":[{"href":"https:\/\/www.immobilienbusiness.ch\/it\/wp-json\/wp\/v2\/types\/post"}],"author":[{"embeddable":true,"href":"https:\/\/www.immobilienbusiness.ch\/it\/wp-json\/wp\/v2\/users\/8"}],"replies":[{"embeddable":true,"href":"https:\/\/www.immobilienbusiness.ch\/it\/wp-json\/wp\/v2\/comments?post=24731"}],"version-history":[{"count":0,"href":"https:\/\/www.immobilienbusiness.ch\/it\/wp-json\/wp\/v2\/posts\/24731\/revisions"}],"wp:featuredmedia":[{"embeddable":true,"href":"https:\/\/www.immobilienbusiness.ch\/it\/wp-json\/wp\/v2\/media\/24745"}],"wp:attachment":[{"href":"https:\/\/www.immobilienbusiness.ch\/it\/wp-json\/wp\/v2\/media?parent=24731"}],"wp:term":[{"taxonomy":"category","embeddable":true,"href":"https:\/\/www.immobilienbusiness.ch\/it\/wp-json\/wp\/v2\/categories?post=24731"},{"taxonomy":"post_tag","embeddable":true,"href":"https:\/\/www.immobilienbusiness.ch\/it\/wp-json\/wp\/v2\/tags?post=24731"}],"curies":[{"name":"wp","href":"https:\/\/api.w.org\/{rel}","templated":true}]}}