{"id":24670,"date":"2021-07-08T09:41:05","date_gmt":"2021-07-08T07:41:05","guid":{"rendered":"https:\/\/www.immobilienbusiness.ch\/?p=24670"},"modified":"2021-07-08T09:41:05","modified_gmt":"2021-07-08T07:41:05","slug":"neuer-vorsitzender-fuer-uli-schweiz","status":"publish","type":"post","link":"https:\/\/www.immobilienbusiness.ch\/it\/unternehmen\/2021-07-08\/neuer-vorsitzender-fuer-uli-schweiz\/","title":{"rendered":"Nuovo presidente di ULI Svizzera"},"content":{"rendered":"<figure id=\"attachment_24671\" aria-describedby=\"caption-attachment-24671\" style=\"width: 680px\" class=\"wp-caption alignnone\"><img loading=\"lazy\" decoding=\"async\" class=\"size-medium wp-image-24671\" src=\"https:\/\/www.immobilienbusiness.ch\/wp-content\/uploads\/2021\/07\/J\u00fcrgen-Marc-Volm-\u00a9-Teativbude-Basel.jpg\" alt=\"\" width=\"680\" height=\"453\" \/><figcaption id=\"caption-attachment-24671\" class=\"wp-caption-text\">J\u00fcrgen Marc Volm (Immagine: Thomas Rauch @Kreativbude Basel)<\/figcaption><\/figure>\n<p>Il professor J\u00fcrgen Marc Volm ha iniziato il suo mandato biennale il 1\u00b0 luglio. Succede a Birgit Werner MRICS, CEO di Indevise Group, che ha guidato ULI Svizzera dal 2016. Werner continuer\u00e0 a svolgere un ruolo attivo nel Comitato esecutivo di ULI Svizzera e come ULI Global Governing Trustee, afferma il network.<\/p>\n<p>Volm \u00e8 considerato un esperto del settore immobiliare con esperienza nella gestione e nello sviluppo di progetti internazionali.\u00a0 <a href=\"https:\/\/www.immobilienbusiness.ch\/it\/partnerzugang-bei-pom-consulting\/\">Prima di entrare in Pom+ Consulting, \u00e8 stato responsabile dello sviluppo di Drees &amp; Sommer in Svizzera.<\/a> Inoltre, \u00e8 professore di gestione di progetti internazionali presso l'Universit\u00e0 di Scienze Applicate di Stoccarda (HFT). Volm afferma che, in qualit\u00e0 di presidente, vuole anche contribuire all'attuale dibattito ESG, soprattutto in relazione alle aree dell'economia circolare e della responsabilit\u00e0 sociale. Inoltre, ha dichiarato che il suo obiettivo \u00e8 quello di introdurre l'ULI UrbanPlan nelle scuole e nelle universit\u00e0 svizzere - un programma progettato per fornire a studenti e alunni conoscenze sul tema della rigenerazione urbana. \u00c8 previsto anche un programma per i soci di et\u00e0 compresa tra i 35 e i 45 anni, per mettere in contatto la prossima generazione di leader della regione DACH.<\/p>\n<p>L'ULI \u00e8 considerata la pi\u00f9 antica e grande rete di professionisti del settore immobiliare, con oltre 45.000 membri in tutto il mondo e pi\u00f9 di 4.000 in Europa. In Svizzera, comprende oltre 100 operatori immobiliari del settore pubblico e privato. La sezione svizzera \u00e8 stata fondata nel 2014 e da allora sono stati organizzati oltre 30 eventi con pi\u00f9 di 1.000 partecipanti. Inoltre, \u00e8 attivo un gruppo Young Leader per i soci di et\u00e0 inferiore ai 35 anni. <em>(ah)<\/em><\/p>","protected":false},"excerpt":{"rendered":"<p>L'Urban Land Institute (ULI) ha nominato J\u00fcrgen Marc Volm, partner e membro del consiglio di amministrazione di Pom+ Consulting, presidente di ULI Svizzera.<\/p>","protected":false},"author":3,"featured_media":24671,"comment_status":"closed","ping_status":"open","sticky":false,"template":"","format":"standard","meta":{"_acf_changed":false,"_yoast_wpseo_focuskw":"Volm","_yoast_wpseo_title":"","_yoast_wpseo_metadesc":"Das Urban Land Institute (ULI) hat J\u00fcrgen Marc Volm, Partner und Vorstandsmitglied bei Pom+ Consulting, zum Vorsitzenden des ULI Schweiz ernannt.","_yoast_wpseo_linkdex":66,"pgc_sgb_lightbox_settings":"","footnotes":""},"categories":[988],"tags":[1563,1823],"class_list":["post-24670","post","type-post","status-publish","format-standard","has-post-thumbnail","hentry","category-unternehmen","tag-personalia","tag-verbaende"],"acf":[],"yoast_head":"<!-- This site is optimized with the Yoast SEO plugin v27.4 - https:\/\/yoast.com\/product\/yoast-seo-wordpress\/ -->\n<title>Neuer Vorsitzender f\u00fcr ULI Schweiz - IMMOBILIEN Business<\/title>\n<meta name=\"description\" content=\"Das Urban Land Institute (ULI) hat J\u00fcrgen Marc Volm, Partner und Vorstandsmitglied bei Pom+ Consulting, zum Vorsitzenden des ULI Schweiz ernannt.\" \/>\n<meta name=\"robots\" content=\"index, follow, max-snippet:-1, max-image-preview:large, max-video-preview:-1\" \/>\n<link rel=\"canonical\" href=\"https:\/\/www.immobilienbusiness.ch\/it\/unternehmen\/2021-07-08\/neuer-vorsitzender-fuer-uli-schweiz\/\" \/>\n<meta property=\"og:locale\" content=\"it_IT\" \/>\n<meta property=\"og:type\" content=\"article\" \/>\n<meta property=\"og:title\" content=\"Neuer Vorsitzender f\u00fcr ULI Schweiz - IMMOBILIEN Business\" \/>\n<meta property=\"og:description\" content=\"Das Urban Land Institute (ULI) hat J\u00fcrgen Marc Volm, Partner und Vorstandsmitglied bei Pom+ Consulting, zum Vorsitzenden des ULI Schweiz ernannt.\" \/>\n<meta property=\"og:url\" content=\"https:\/\/www.immobilienbusiness.ch\/it\/unternehmen\/2021-07-08\/neuer-vorsitzender-fuer-uli-schweiz\/\" \/>\n<meta property=\"og:site_name\" content=\"IMMOBILIEN Business\" \/>\n<meta property=\"article:publisher\" content=\"https:\/\/www.facebook.com\/immobilienbusiness\/\" \/>\n<meta property=\"article:published_time\" content=\"2021-07-08T07:41:05+00:00\" \/>\n<meta property=\"og:image\" content=\"https:\/\/www.immobilienbusiness.ch\/wp-content\/uploads\/2021\/07\/Juergen-Marc-Volm-\u00a9-Teativbude-Basel-1024x683.jpg\" \/>\n\t<meta property=\"og:image:width\" content=\"1024\" \/>\n\t<meta property=\"og:image:height\" content=\"683\" \/>\n\t<meta property=\"og:image:type\" content=\"image\/jpeg\" \/>\n<meta name=\"author\" content=\"anja.hall\" \/>\n<meta name=\"twitter:card\" content=\"summary_large_image\" \/>\n<meta name=\"twitter:image\" content=\"https:\/\/www.immobilienbusiness.ch\/wp-content\/uploads\/2021\/07\/Juergen-Marc-Volm-\u00a9-Teativbude-Basel.jpg\" \/>\n<script type=\"application\/ld+json\" class=\"yoast-schema-graph\">{\"@context\":\"https:\\\/\\\/schema.org\",\"@graph\":[{\"@type\":\"Article\",\"@id\":\"https:\\\/\\\/www.immobilienbusiness.ch\\\/de\\\/unternehmen\\\/2021-07-08\\\/neuer-vorsitzender-fuer-uli-schweiz\\\/#article\",\"isPartOf\":{\"@id\":\"https:\\\/\\\/www.immobilienbusiness.ch\\\/de\\\/unternehmen\\\/2021-07-08\\\/neuer-vorsitzender-fuer-uli-schweiz\\\/\"},\"author\":{\"name\":\"anja.hall\",\"@id\":\"https:\\\/\\\/www.immobilienbusiness.ch\\\/#\\\/schema\\\/person\\\/3fc036297b10b9f42d6db5ee932af8c8\"},\"headline\":\"Neuer Vorsitzender f\u00fcr ULI Schweiz\",\"datePublished\":\"2021-07-08T07:41:05+00:00\",\"mainEntityOfPage\":{\"@id\":\"https:\\\/\\\/www.immobilienbusiness.ch\\\/de\\\/unternehmen\\\/2021-07-08\\\/neuer-vorsitzender-fuer-uli-schweiz\\\/\"},\"wordCount\":267,\"publisher\":{\"@id\":\"https:\\\/\\\/www.immobilienbusiness.ch\\\/#organization\"},\"image\":{\"@id\":\"https:\\\/\\\/www.immobilienbusiness.ch\\\/de\\\/unternehmen\\\/2021-07-08\\\/neuer-vorsitzender-fuer-uli-schweiz\\\/#primaryimage\"},\"thumbnailUrl\":\"https:\\\/\\\/www.immobilienbusiness.ch\\\/wp-content\\\/uploads\\\/2021\\\/07\\\/Juergen-Marc-Volm-\u00a9-Teativbude-Basel.jpg\",\"keywords\":[\"Personalia\",\"Verb\u00e4nde\"],\"articleSection\":[\"UNTERNEHMEN\"],\"inLanguage\":\"it-IT\"},{\"@type\":\"WebPage\",\"@id\":\"https:\\\/\\\/www.immobilienbusiness.ch\\\/de\\\/unternehmen\\\/2021-07-08\\\/neuer-vorsitzender-fuer-uli-schweiz\\\/\",\"url\":\"https:\\\/\\\/www.immobilienbusiness.ch\\\/de\\\/unternehmen\\\/2021-07-08\\\/neuer-vorsitzender-fuer-uli-schweiz\\\/\",\"name\":\"Neuer Vorsitzender f\u00fcr ULI Schweiz - IMMOBILIEN Business\",\"isPartOf\":{\"@id\":\"https:\\\/\\\/www.immobilienbusiness.ch\\\/#website\"},\"primaryImageOfPage\":{\"@id\":\"https:\\\/\\\/www.immobilienbusiness.ch\\\/de\\\/unternehmen\\\/2021-07-08\\\/neuer-vorsitzender-fuer-uli-schweiz\\\/#primaryimage\"},\"image\":{\"@id\":\"https:\\\/\\\/www.immobilienbusiness.ch\\\/de\\\/unternehmen\\\/2021-07-08\\\/neuer-vorsitzender-fuer-uli-schweiz\\\/#primaryimage\"},\"thumbnailUrl\":\"https:\\\/\\\/www.immobilienbusiness.ch\\\/wp-content\\\/uploads\\\/2021\\\/07\\\/Juergen-Marc-Volm-\u00a9-Teativbude-Basel.jpg\",\"datePublished\":\"2021-07-08T07:41:05+00:00\",\"description\":\"Das Urban Land Institute (ULI) hat J\u00fcrgen Marc Volm, Partner und Vorstandsmitglied bei Pom+ Consulting, zum Vorsitzenden des ULI Schweiz ernannt.\",\"breadcrumb\":{\"@id\":\"https:\\\/\\\/www.immobilienbusiness.ch\\\/de\\\/unternehmen\\\/2021-07-08\\\/neuer-vorsitzender-fuer-uli-schweiz\\\/#breadcrumb\"},\"inLanguage\":\"it-IT\",\"potentialAction\":[{\"@type\":\"ReadAction\",\"target\":[\"https:\\\/\\\/www.immobilienbusiness.ch\\\/de\\\/unternehmen\\\/2021-07-08\\\/neuer-vorsitzender-fuer-uli-schweiz\\\/\"]}]},{\"@type\":\"ImageObject\",\"inLanguage\":\"it-IT\",\"@id\":\"https:\\\/\\\/www.immobilienbusiness.ch\\\/de\\\/unternehmen\\\/2021-07-08\\\/neuer-vorsitzender-fuer-uli-schweiz\\\/#primaryimage\",\"url\":\"https:\\\/\\\/www.immobilienbusiness.ch\\\/wp-content\\\/uploads\\\/2021\\\/07\\\/Juergen-Marc-Volm-\u00a9-Teativbude-Basel.jpg\",\"contentUrl\":\"https:\\\/\\\/www.immobilienbusiness.ch\\\/wp-content\\\/uploads\\\/2021\\\/07\\\/Juergen-Marc-Volm-\u00a9-Teativbude-Basel.jpg\",\"width\":2560,\"height\":1707,\"caption\":\"J\u00fcrgen Marc Volm (Bild: Thomas Rauch @Kreativbude Basel)\"},{\"@type\":\"BreadcrumbList\",\"@id\":\"https:\\\/\\\/www.immobilienbusiness.ch\\\/de\\\/unternehmen\\\/2021-07-08\\\/neuer-vorsitzender-fuer-uli-schweiz\\\/#breadcrumb\",\"itemListElement\":[{\"@type\":\"ListItem\",\"position\":1,\"name\":\"Home\",\"item\":\"https:\\\/\\\/www.immobilienbusiness.ch\\\/\"},{\"@type\":\"ListItem\",\"position\":2,\"name\":\"Neuer Vorsitzender f\u00fcr ULI Schweiz\"}]},{\"@type\":\"WebSite\",\"@id\":\"https:\\\/\\\/www.immobilienbusiness.ch\\\/#website\",\"url\":\"https:\\\/\\\/www.immobilienbusiness.ch\\\/\",\"name\":\"IMMOBILIEN Business\",\"description\":\"Unabh\u00e4ngiges Schweizer Wirtschaftsmagazin mit Fokus auf Immobilien, Architektur- und Bau sowie Investment- und Finanzierung.\",\"publisher\":{\"@id\":\"https:\\\/\\\/www.immobilienbusiness.ch\\\/#organization\"},\"potentialAction\":[{\"@type\":\"SearchAction\",\"target\":{\"@type\":\"EntryPoint\",\"urlTemplate\":\"https:\\\/\\\/www.immobilienbusiness.ch\\\/?s={search_term_string}\"},\"query-input\":{\"@type\":\"PropertyValueSpecification\",\"valueRequired\":true,\"valueName\":\"search_term_string\"}}],\"inLanguage\":\"it-IT\"},{\"@type\":\"Organization\",\"@id\":\"https:\\\/\\\/www.immobilienbusiness.ch\\\/#organization\",\"name\":\"IMMOBILIEN Business\",\"url\":\"https:\\\/\\\/www.immobilienbusiness.ch\\\/\",\"logo\":{\"@type\":\"ImageObject\",\"inLanguage\":\"it-IT\",\"@id\":\"https:\\\/\\\/www.immobilienbusiness.ch\\\/#\\\/schema\\\/logo\\\/image\\\/\",\"url\":\"https:\\\/\\\/www.immobilienbusiness.ch\\\/wp-content\\\/uploads\\\/2021\\\/07\\\/logo_ib.png\",\"contentUrl\":\"https:\\\/\\\/www.immobilienbusiness.ch\\\/wp-content\\\/uploads\\\/2021\\\/07\\\/logo_ib.png\",\"width\":800,\"height\":181,\"caption\":\"IMMOBILIEN Business\"},\"image\":{\"@id\":\"https:\\\/\\\/www.immobilienbusiness.ch\\\/#\\\/schema\\\/logo\\\/image\\\/\"},\"sameAs\":[\"https:\\\/\\\/www.facebook.com\\\/immobilienbusiness\\\/\"]},{\"@type\":\"Person\",\"@id\":\"https:\\\/\\\/www.immobilienbusiness.ch\\\/#\\\/schema\\\/person\\\/3fc036297b10b9f42d6db5ee932af8c8\",\"name\":\"anja.hall\",\"image\":{\"@type\":\"ImageObject\",\"inLanguage\":\"it-IT\",\"@id\":\"https:\\\/\\\/secure.gravatar.com\\\/avatar\\\/066b5a0d447013502c71a5782f4f3469f03cfe595cc2329fb94652fe47511bfb?s=96&d=mm&r=g\",\"url\":\"https:\\\/\\\/secure.gravatar.com\\\/avatar\\\/066b5a0d447013502c71a5782f4f3469f03cfe595cc2329fb94652fe47511bfb?s=96&d=mm&r=g\",\"contentUrl\":\"https:\\\/\\\/secure.gravatar.com\\\/avatar\\\/066b5a0d447013502c71a5782f4f3469f03cfe595cc2329fb94652fe47511bfb?s=96&d=mm&r=g\",\"caption\":\"anja.hall\"},\"url\":\"https:\\\/\\\/www.immobilienbusiness.ch\\\/it\\\/author\\\/anja-hall\\\/\"}]}<\/script>\n<!-- \/ Yoast SEO plugin. -->","yoast_head_json":{"title":"Neuer Vorsitzender f\u00fcr ULI Schweiz - IMMOBILIEN Business","description":"L'Urban Land Institute (ULI) ha nominato J\u00fcrgen Marc Volm, partner e membro del consiglio di amministrazione di Pom+ Consulting, presidente di ULI Svizzera.","robots":{"index":"index","follow":"follow","max-snippet":"max-snippet:-1","max-image-preview":"max-image-preview:large","max-video-preview":"max-video-preview:-1"},"canonical":"https:\/\/www.immobilienbusiness.ch\/it\/unternehmen\/2021-07-08\/neuer-vorsitzender-fuer-uli-schweiz\/","og_locale":"it_IT","og_type":"article","og_title":"Neuer Vorsitzender f\u00fcr ULI Schweiz - IMMOBILIEN Business","og_description":"Das Urban Land Institute (ULI) hat J\u00fcrgen Marc Volm, Partner und Vorstandsmitglied bei Pom+ Consulting, zum Vorsitzenden des ULI Schweiz ernannt.","og_url":"https:\/\/www.immobilienbusiness.ch\/it\/unternehmen\/2021-07-08\/neuer-vorsitzender-fuer-uli-schweiz\/","og_site_name":"IMMOBILIEN Business","article_publisher":"https:\/\/www.facebook.com\/immobilienbusiness\/","article_published_time":"2021-07-08T07:41:05+00:00","og_image":[{"width":1024,"height":683,"url":"https:\/\/www.immobilienbusiness.ch\/wp-content\/uploads\/2021\/07\/Juergen-Marc-Volm-\u00a9-Teativbude-Basel-1024x683.jpg","type":"image\/jpeg"}],"author":"anja.hall","twitter_card":"summary_large_image","twitter_image":"https:\/\/www.immobilienbusiness.ch\/wp-content\/uploads\/2021\/07\/Juergen-Marc-Volm-\u00a9-Teativbude-Basel.jpg","schema":{"@context":"https:\/\/schema.org","@graph":[{"@type":"Article","@id":"https:\/\/www.immobilienbusiness.ch\/de\/unternehmen\/2021-07-08\/neuer-vorsitzender-fuer-uli-schweiz\/#article","isPartOf":{"@id":"https:\/\/www.immobilienbusiness.ch\/de\/unternehmen\/2021-07-08\/neuer-vorsitzender-fuer-uli-schweiz\/"},"author":{"name":"anja.hall","@id":"https:\/\/www.immobilienbusiness.ch\/#\/schema\/person\/3fc036297b10b9f42d6db5ee932af8c8"},"headline":"Neuer Vorsitzender f\u00fcr ULI Schweiz","datePublished":"2021-07-08T07:41:05+00:00","mainEntityOfPage":{"@id":"https:\/\/www.immobilienbusiness.ch\/de\/unternehmen\/2021-07-08\/neuer-vorsitzender-fuer-uli-schweiz\/"},"wordCount":267,"publisher":{"@id":"https:\/\/www.immobilienbusiness.ch\/#organization"},"image":{"@id":"https:\/\/www.immobilienbusiness.ch\/de\/unternehmen\/2021-07-08\/neuer-vorsitzender-fuer-uli-schweiz\/#primaryimage"},"thumbnailUrl":"https:\/\/www.immobilienbusiness.ch\/wp-content\/uploads\/2021\/07\/Juergen-Marc-Volm-\u00a9-Teativbude-Basel.jpg","keywords":["Personalia","Verb\u00e4nde"],"articleSection":["UNTERNEHMEN"],"inLanguage":"it-IT"},{"@type":"WebPage","@id":"https:\/\/www.immobilienbusiness.ch\/de\/unternehmen\/2021-07-08\/neuer-vorsitzender-fuer-uli-schweiz\/","url":"https:\/\/www.immobilienbusiness.ch\/de\/unternehmen\/2021-07-08\/neuer-vorsitzender-fuer-uli-schweiz\/","name":"Neuer Vorsitzender f\u00fcr ULI Schweiz - IMMOBILIEN Business","isPartOf":{"@id":"https:\/\/www.immobilienbusiness.ch\/#website"},"primaryImageOfPage":{"@id":"https:\/\/www.immobilienbusiness.ch\/de\/unternehmen\/2021-07-08\/neuer-vorsitzender-fuer-uli-schweiz\/#primaryimage"},"image":{"@id":"https:\/\/www.immobilienbusiness.ch\/de\/unternehmen\/2021-07-08\/neuer-vorsitzender-fuer-uli-schweiz\/#primaryimage"},"thumbnailUrl":"https:\/\/www.immobilienbusiness.ch\/wp-content\/uploads\/2021\/07\/Juergen-Marc-Volm-\u00a9-Teativbude-Basel.jpg","datePublished":"2021-07-08T07:41:05+00:00","description":"L'Urban Land Institute (ULI) ha nominato J\u00fcrgen Marc Volm, partner e membro del consiglio di amministrazione di Pom+ Consulting, presidente di ULI Svizzera.","breadcrumb":{"@id":"https:\/\/www.immobilienbusiness.ch\/de\/unternehmen\/2021-07-08\/neuer-vorsitzender-fuer-uli-schweiz\/#breadcrumb"},"inLanguage":"it-IT","potentialAction":[{"@type":"ReadAction","target":["https:\/\/www.immobilienbusiness.ch\/de\/unternehmen\/2021-07-08\/neuer-vorsitzender-fuer-uli-schweiz\/"]}]},{"@type":"ImageObject","inLanguage":"it-IT","@id":"https:\/\/www.immobilienbusiness.ch\/de\/unternehmen\/2021-07-08\/neuer-vorsitzender-fuer-uli-schweiz\/#primaryimage","url":"https:\/\/www.immobilienbusiness.ch\/wp-content\/uploads\/2021\/07\/Juergen-Marc-Volm-\u00a9-Teativbude-Basel.jpg","contentUrl":"https:\/\/www.immobilienbusiness.ch\/wp-content\/uploads\/2021\/07\/Juergen-Marc-Volm-\u00a9-Teativbude-Basel.jpg","width":2560,"height":1707,"caption":"J\u00fcrgen Marc Volm (Bild: Thomas Rauch @Kreativbude Basel)"},{"@type":"BreadcrumbList","@id":"https:\/\/www.immobilienbusiness.ch\/de\/unternehmen\/2021-07-08\/neuer-vorsitzender-fuer-uli-schweiz\/#breadcrumb","itemListElement":[{"@type":"ListItem","position":1,"name":"Home","item":"https:\/\/www.immobilienbusiness.ch\/"},{"@type":"ListItem","position":2,"name":"Neuer Vorsitzender f\u00fcr ULI Schweiz"}]},{"@type":"WebSite","@id":"https:\/\/www.immobilienbusiness.ch\/#website","url":"https:\/\/www.immobilienbusiness.ch\/","name":"Affari immobiliari","description":"Rivista economica indipendente svizzera che si concentra sul settore immobiliare, l'architettura e la costruzione, nonch\u00e9 sugli investimenti e i finanziamenti.","publisher":{"@id":"https:\/\/www.immobilienbusiness.ch\/#organization"},"potentialAction":[{"@type":"SearchAction","target":{"@type":"EntryPoint","urlTemplate":"https:\/\/www.immobilienbusiness.ch\/?s={search_term_string}"},"query-input":{"@type":"PropertyValueSpecification","valueRequired":true,"valueName":"search_term_string"}}],"inLanguage":"it-IT"},{"@type":"Organization","@id":"https:\/\/www.immobilienbusiness.ch\/#organization","name":"Affari immobiliari","url":"https:\/\/www.immobilienbusiness.ch\/","logo":{"@type":"ImageObject","inLanguage":"it-IT","@id":"https:\/\/www.immobilienbusiness.ch\/#\/schema\/logo\/image\/","url":"https:\/\/www.immobilienbusiness.ch\/wp-content\/uploads\/2021\/07\/logo_ib.png","contentUrl":"https:\/\/www.immobilienbusiness.ch\/wp-content\/uploads\/2021\/07\/logo_ib.png","width":800,"height":181,"caption":"IMMOBILIEN Business"},"image":{"@id":"https:\/\/www.immobilienbusiness.ch\/#\/schema\/logo\/image\/"},"sameAs":["https:\/\/www.facebook.com\/immobilienbusiness\/"]},{"@type":"Person","@id":"https:\/\/www.immobilienbusiness.ch\/#\/schema\/person\/3fc036297b10b9f42d6db5ee932af8c8","name":"anja.hall","image":{"@type":"ImageObject","inLanguage":"it-IT","@id":"https:\/\/secure.gravatar.com\/avatar\/066b5a0d447013502c71a5782f4f3469f03cfe595cc2329fb94652fe47511bfb?s=96&d=mm&r=g","url":"https:\/\/secure.gravatar.com\/avatar\/066b5a0d447013502c71a5782f4f3469f03cfe595cc2329fb94652fe47511bfb?s=96&d=mm&r=g","contentUrl":"https:\/\/secure.gravatar.com\/avatar\/066b5a0d447013502c71a5782f4f3469f03cfe595cc2329fb94652fe47511bfb?s=96&d=mm&r=g","caption":"anja.hall"},"url":"https:\/\/www.immobilienbusiness.ch\/it\/author\/anja-hall\/"}]}},"_links":{"self":[{"href":"https:\/\/www.immobilienbusiness.ch\/it\/wp-json\/wp\/v2\/posts\/24670","targetHints":{"allow":["GET"]}}],"collection":[{"href":"https:\/\/www.immobilienbusiness.ch\/it\/wp-json\/wp\/v2\/posts"}],"about":[{"href":"https:\/\/www.immobilienbusiness.ch\/it\/wp-json\/wp\/v2\/types\/post"}],"author":[{"embeddable":true,"href":"https:\/\/www.immobilienbusiness.ch\/it\/wp-json\/wp\/v2\/users\/3"}],"replies":[{"embeddable":true,"href":"https:\/\/www.immobilienbusiness.ch\/it\/wp-json\/wp\/v2\/comments?post=24670"}],"version-history":[{"count":0,"href":"https:\/\/www.immobilienbusiness.ch\/it\/wp-json\/wp\/v2\/posts\/24670\/revisions"}],"wp:featuredmedia":[{"embeddable":true,"href":"https:\/\/www.immobilienbusiness.ch\/it\/wp-json\/wp\/v2\/media\/24671"}],"wp:attachment":[{"href":"https:\/\/www.immobilienbusiness.ch\/it\/wp-json\/wp\/v2\/media?parent=24670"}],"wp:term":[{"taxonomy":"category","embeddable":true,"href":"https:\/\/www.immobilienbusiness.ch\/it\/wp-json\/wp\/v2\/categories?post=24670"},{"taxonomy":"post_tag","embeddable":true,"href":"https:\/\/www.immobilienbusiness.ch\/it\/wp-json\/wp\/v2\/tags?post=24670"}],"curies":[{"name":"wp","href":"https:\/\/api.w.org\/{rel}","templated":true}]}}