{"id":24621,"date":"2021-07-05T08:08:12","date_gmt":"2021-07-05T06:08:12","guid":{"rendered":"https:\/\/www.immobilienbusiness.ch\/?p=24621"},"modified":"2023-08-09T19:08:31","modified_gmt":"2023-08-09T17:08:31","slug":"eiffage-suisse-beruft-neuen-leiter-der-projektentwicklung","status":"publish","type":"post","link":"https:\/\/www.immobilienbusiness.ch\/it\/unternehmen\/2021-07-05\/eiffage-suisse-beruft-neuen-leiter-der-projektentwicklung\/","title":{"rendered":"Eiffage Suisse nomina il nuovo capo dello sviluppo dei progetti"},"content":{"rendered":"<figure id=\"attachment_24622\" aria-describedby=\"caption-attachment-24622\" style=\"width: 300px\" class=\"wp-caption alignnone\"><img loading=\"lazy\" decoding=\"async\" class=\"wp-image-24622 size-medium\" src=\"https:\/\/www.immobilienbusiness.ch\/wp-content\/uploads\/2021\/07\/Manfred_Meury_EiffageSuisse-300x200.jpg\" alt=\"Eiffage Suisse\" width=\"300\" height=\"200\" srcset=\"https:\/\/www.immobilienbusiness.ch\/wp-content\/uploads\/2021\/07\/Manfred_Meury_EiffageSuisse-300x200.jpg 300w, https:\/\/www.immobilienbusiness.ch\/wp-content\/uploads\/2021\/07\/Manfred_Meury_EiffageSuisse-1024x683.jpg 1024w, https:\/\/www.immobilienbusiness.ch\/wp-content\/uploads\/2021\/07\/Manfred_Meury_EiffageSuisse-768x512.jpg 768w, https:\/\/www.immobilienbusiness.ch\/wp-content\/uploads\/2021\/07\/Manfred_Meury_EiffageSuisse-1536x1024.jpg 1536w, https:\/\/www.immobilienbusiness.ch\/wp-content\/uploads\/2021\/07\/Manfred_Meury_EiffageSuisse-2048x1365.jpg 2048w, https:\/\/www.immobilienbusiness.ch\/wp-content\/uploads\/2021\/07\/Manfred_Meury_EiffageSuisse-16x12.jpg 16w, https:\/\/www.immobilienbusiness.ch\/wp-content\/uploads\/2021\/07\/Manfred_Meury_EiffageSuisse-263x175.jpg 263w, https:\/\/www.immobilienbusiness.ch\/wp-content\/uploads\/2021\/07\/Manfred_Meury_EiffageSuisse-525x350.jpg 525w, https:\/\/www.immobilienbusiness.ch\/wp-content\/uploads\/2021\/07\/Manfred_Meury_EiffageSuisse-1200x800.jpg 1200w, https:\/\/www.immobilienbusiness.ch\/wp-content\/uploads\/2021\/07\/Manfred_Meury_EiffageSuisse-920x613.jpg 920w, https:\/\/www.immobilienbusiness.ch\/wp-content\/uploads\/2021\/07\/Manfred_Meury_EiffageSuisse-1400x933.jpg 1400w\" sizes=\"auto, (max-width: 300px) 100vw, 300px\" \/><figcaption id=\"caption-attachment-24622\" class=\"wp-caption-text\">Manfred Meury (Immagine: Eiffage Suisse)<\/figcaption><\/figure>\n<p>Eiffage Suisse ha assegnato la posizione vacante di responsabile dello sviluppo dei progetti a partire dal 1\u00b0 luglio 2021 a Manfred Meury, precedente responsabile dell'ufficio di Basilea. Secondo Raffael Brogna, CEO dell'impresa di costruzioni, uno dei vantaggi della nomina interna \u00e8 che Meury conosce molto bene le strutture, le procedure e i processi dell'azienda e ha gi\u00e0 sviluppato e implementato progetti di grande successo in passato.<\/p>\n<p>A partire dal 1\u00b0 settembre, Eiffage Suisse fonder\u00e0 anche le sedi di Basilea, Berna e Friburgo per formare la \"Regione Centrale\". Peter T\u00f6ngi, gi\u00e0 responsabile dell'ufficio di Berna, assumer\u00e0 la gestione di questa regione. L'impresa di costruzioni si aspetta \"molte sinergie positive\" dalla fusione, afferma Brogna. <em>(ah)<\/em><\/p>","protected":false},"excerpt":{"rendered":"<p>Manfred Meury \u00e8 il nuovo responsabile dello sviluppo dei progetti di Eiffage Suisse. In precedenza \u00e8 stato responsabile dell'ufficio di Basilea.<\/p>","protected":false},"author":3,"featured_media":24622,"comment_status":"closed","ping_status":"closed","sticky":false,"template":"","format":"standard","meta":{"_acf_changed":false,"_yoast_wpseo_focuskw":"Eiffage Suisse","_yoast_wpseo_title":"","_yoast_wpseo_metadesc":"Manfred Meury ist neuer Leiter der Projektentwicklung bei Eiffage Suisse. Er leitete bislang die Basler Gesch\u00e4ftsstelle.","_yoast_wpseo_linkdex":48,"pgc_sgb_lightbox_settings":"","footnotes":""},"categories":[988],"tags":[1183,1563],"class_list":["post-24621","post","type-post","status-publish","format-standard","has-post-thumbnail","hentry","category-unternehmen","tag-eiffage-suisse","tag-personalia"],"acf":[],"yoast_head":"<!-- This site is optimized with the Yoast SEO plugin v27.4 - https:\/\/yoast.com\/product\/yoast-seo-wordpress\/ -->\n<title>Eiffage Suisse beruft neuen Leiter der Projektentwicklung - IMMOBILIEN Business<\/title>\n<meta name=\"description\" content=\"Manfred Meury ist neuer Leiter der Projektentwicklung bei Eiffage Suisse. Er leitete bislang die Basler Gesch\u00e4ftsstelle.\" \/>\n<meta name=\"robots\" content=\"index, follow, max-snippet:-1, max-image-preview:large, max-video-preview:-1\" \/>\n<link rel=\"canonical\" href=\"https:\/\/www.immobilienbusiness.ch\/it\/unternehmen\/2021-07-05\/eiffage-suisse-beruft-neuen-leiter-der-projektentwicklung\/\" \/>\n<meta property=\"og:locale\" content=\"it_IT\" \/>\n<meta property=\"og:type\" content=\"article\" \/>\n<meta property=\"og:title\" content=\"Eiffage Suisse beruft neuen Leiter der Projektentwicklung - IMMOBILIEN Business\" \/>\n<meta property=\"og:description\" content=\"Manfred Meury ist neuer Leiter der Projektentwicklung bei Eiffage Suisse. Er leitete bislang die Basler Gesch\u00e4ftsstelle.\" \/>\n<meta property=\"og:url\" content=\"https:\/\/www.immobilienbusiness.ch\/it\/unternehmen\/2021-07-05\/eiffage-suisse-beruft-neuen-leiter-der-projektentwicklung\/\" \/>\n<meta property=\"og:site_name\" content=\"IMMOBILIEN Business\" \/>\n<meta property=\"article:publisher\" content=\"https:\/\/www.facebook.com\/immobilienbusiness\/\" \/>\n<meta property=\"article:published_time\" content=\"2021-07-05T06:08:12+00:00\" \/>\n<meta property=\"article:modified_time\" content=\"2023-08-09T17:08:31+00:00\" \/>\n<meta property=\"og:image\" content=\"https:\/\/www.immobilienbusiness.ch\/wp-content\/uploads\/2021\/07\/Manfred_Meury_EiffageSuisse.jpg\" \/>\n\t<meta property=\"og:image:width\" content=\"2560\" \/>\n\t<meta property=\"og:image:height\" content=\"1707\" \/>\n\t<meta property=\"og:image:type\" content=\"image\/jpeg\" \/>\n<meta name=\"author\" content=\"anja.hall\" \/>\n<meta name=\"twitter:card\" content=\"summary_large_image\" \/>\n<meta name=\"twitter:image\" content=\"https:\/\/www.immobilienbusiness.ch\/wp-content\/uploads\/2021\/07\/Manfred_Meury_EiffageSuisse.jpg\" \/>\n<script type=\"application\/ld+json\" class=\"yoast-schema-graph\">{\"@context\":\"https:\\\/\\\/schema.org\",\"@graph\":[{\"@type\":\"Article\",\"@id\":\"https:\\\/\\\/www.immobilienbusiness.ch\\\/de\\\/unternehmen\\\/2021-07-05\\\/eiffage-suisse-beruft-neuen-leiter-der-projektentwicklung\\\/#article\",\"isPartOf\":{\"@id\":\"https:\\\/\\\/www.immobilienbusiness.ch\\\/de\\\/unternehmen\\\/2021-07-05\\\/eiffage-suisse-beruft-neuen-leiter-der-projektentwicklung\\\/\"},\"author\":{\"name\":\"anja.hall\",\"@id\":\"https:\\\/\\\/www.immobilienbusiness.ch\\\/#\\\/schema\\\/person\\\/3fc036297b10b9f42d6db5ee932af8c8\"},\"headline\":\"Eiffage Suisse beruft neuen Leiter der Projektentwicklung\",\"datePublished\":\"2021-07-05T06:08:12+00:00\",\"dateModified\":\"2023-08-09T17:08:31+00:00\",\"mainEntityOfPage\":{\"@id\":\"https:\\\/\\\/www.immobilienbusiness.ch\\\/de\\\/unternehmen\\\/2021-07-05\\\/eiffage-suisse-beruft-neuen-leiter-der-projektentwicklung\\\/\"},\"wordCount\":125,\"publisher\":{\"@id\":\"https:\\\/\\\/www.immobilienbusiness.ch\\\/#organization\"},\"image\":{\"@id\":\"https:\\\/\\\/www.immobilienbusiness.ch\\\/de\\\/unternehmen\\\/2021-07-05\\\/eiffage-suisse-beruft-neuen-leiter-der-projektentwicklung\\\/#primaryimage\"},\"thumbnailUrl\":\"https:\\\/\\\/www.immobilienbusiness.ch\\\/wp-content\\\/uploads\\\/2021\\\/07\\\/Manfred_Meury_EiffageSuisse.jpg\",\"keywords\":[\"Eiffage Suisse\",\"Personalia\"],\"articleSection\":[\"UNTERNEHMEN\"],\"inLanguage\":\"it-IT\"},{\"@type\":\"WebPage\",\"@id\":\"https:\\\/\\\/www.immobilienbusiness.ch\\\/de\\\/unternehmen\\\/2021-07-05\\\/eiffage-suisse-beruft-neuen-leiter-der-projektentwicklung\\\/\",\"url\":\"https:\\\/\\\/www.immobilienbusiness.ch\\\/de\\\/unternehmen\\\/2021-07-05\\\/eiffage-suisse-beruft-neuen-leiter-der-projektentwicklung\\\/\",\"name\":\"Eiffage Suisse beruft neuen Leiter der Projektentwicklung - IMMOBILIEN Business\",\"isPartOf\":{\"@id\":\"https:\\\/\\\/www.immobilienbusiness.ch\\\/#website\"},\"primaryImageOfPage\":{\"@id\":\"https:\\\/\\\/www.immobilienbusiness.ch\\\/de\\\/unternehmen\\\/2021-07-05\\\/eiffage-suisse-beruft-neuen-leiter-der-projektentwicklung\\\/#primaryimage\"},\"image\":{\"@id\":\"https:\\\/\\\/www.immobilienbusiness.ch\\\/de\\\/unternehmen\\\/2021-07-05\\\/eiffage-suisse-beruft-neuen-leiter-der-projektentwicklung\\\/#primaryimage\"},\"thumbnailUrl\":\"https:\\\/\\\/www.immobilienbusiness.ch\\\/wp-content\\\/uploads\\\/2021\\\/07\\\/Manfred_Meury_EiffageSuisse.jpg\",\"datePublished\":\"2021-07-05T06:08:12+00:00\",\"dateModified\":\"2023-08-09T17:08:31+00:00\",\"description\":\"Manfred Meury ist neuer Leiter der Projektentwicklung bei Eiffage Suisse. Er leitete bislang die Basler Gesch\u00e4ftsstelle.\",\"breadcrumb\":{\"@id\":\"https:\\\/\\\/www.immobilienbusiness.ch\\\/de\\\/unternehmen\\\/2021-07-05\\\/eiffage-suisse-beruft-neuen-leiter-der-projektentwicklung\\\/#breadcrumb\"},\"inLanguage\":\"it-IT\",\"potentialAction\":[{\"@type\":\"ReadAction\",\"target\":[\"https:\\\/\\\/www.immobilienbusiness.ch\\\/de\\\/unternehmen\\\/2021-07-05\\\/eiffage-suisse-beruft-neuen-leiter-der-projektentwicklung\\\/\"]}]},{\"@type\":\"ImageObject\",\"inLanguage\":\"it-IT\",\"@id\":\"https:\\\/\\\/www.immobilienbusiness.ch\\\/de\\\/unternehmen\\\/2021-07-05\\\/eiffage-suisse-beruft-neuen-leiter-der-projektentwicklung\\\/#primaryimage\",\"url\":\"https:\\\/\\\/www.immobilienbusiness.ch\\\/wp-content\\\/uploads\\\/2021\\\/07\\\/Manfred_Meury_EiffageSuisse.jpg\",\"contentUrl\":\"https:\\\/\\\/www.immobilienbusiness.ch\\\/wp-content\\\/uploads\\\/2021\\\/07\\\/Manfred_Meury_EiffageSuisse.jpg\",\"width\":2560,\"height\":1707,\"caption\":\"Manfred Meury (Bild: Eiffage Suisse)\"},{\"@type\":\"BreadcrumbList\",\"@id\":\"https:\\\/\\\/www.immobilienbusiness.ch\\\/de\\\/unternehmen\\\/2021-07-05\\\/eiffage-suisse-beruft-neuen-leiter-der-projektentwicklung\\\/#breadcrumb\",\"itemListElement\":[{\"@type\":\"ListItem\",\"position\":1,\"name\":\"Home\",\"item\":\"https:\\\/\\\/www.immobilienbusiness.ch\\\/\"},{\"@type\":\"ListItem\",\"position\":2,\"name\":\"Eiffage Suisse beruft neuen Leiter der Projektentwicklung\"}]},{\"@type\":\"WebSite\",\"@id\":\"https:\\\/\\\/www.immobilienbusiness.ch\\\/#website\",\"url\":\"https:\\\/\\\/www.immobilienbusiness.ch\\\/\",\"name\":\"IMMOBILIEN Business\",\"description\":\"Unabh\u00e4ngiges Schweizer Wirtschaftsmagazin mit Fokus auf Immobilien, Architektur- und Bau sowie Investment- und Finanzierung.\",\"publisher\":{\"@id\":\"https:\\\/\\\/www.immobilienbusiness.ch\\\/#organization\"},\"potentialAction\":[{\"@type\":\"SearchAction\",\"target\":{\"@type\":\"EntryPoint\",\"urlTemplate\":\"https:\\\/\\\/www.immobilienbusiness.ch\\\/?s={search_term_string}\"},\"query-input\":{\"@type\":\"PropertyValueSpecification\",\"valueRequired\":true,\"valueName\":\"search_term_string\"}}],\"inLanguage\":\"it-IT\"},{\"@type\":\"Organization\",\"@id\":\"https:\\\/\\\/www.immobilienbusiness.ch\\\/#organization\",\"name\":\"IMMOBILIEN Business\",\"url\":\"https:\\\/\\\/www.immobilienbusiness.ch\\\/\",\"logo\":{\"@type\":\"ImageObject\",\"inLanguage\":\"it-IT\",\"@id\":\"https:\\\/\\\/www.immobilienbusiness.ch\\\/#\\\/schema\\\/logo\\\/image\\\/\",\"url\":\"https:\\\/\\\/www.immobilienbusiness.ch\\\/wp-content\\\/uploads\\\/2021\\\/07\\\/logo_ib.png\",\"contentUrl\":\"https:\\\/\\\/www.immobilienbusiness.ch\\\/wp-content\\\/uploads\\\/2021\\\/07\\\/logo_ib.png\",\"width\":800,\"height\":181,\"caption\":\"IMMOBILIEN Business\"},\"image\":{\"@id\":\"https:\\\/\\\/www.immobilienbusiness.ch\\\/#\\\/schema\\\/logo\\\/image\\\/\"},\"sameAs\":[\"https:\\\/\\\/www.facebook.com\\\/immobilienbusiness\\\/\"]},{\"@type\":\"Person\",\"@id\":\"https:\\\/\\\/www.immobilienbusiness.ch\\\/#\\\/schema\\\/person\\\/3fc036297b10b9f42d6db5ee932af8c8\",\"name\":\"anja.hall\",\"image\":{\"@type\":\"ImageObject\",\"inLanguage\":\"it-IT\",\"@id\":\"https:\\\/\\\/secure.gravatar.com\\\/avatar\\\/066b5a0d447013502c71a5782f4f3469f03cfe595cc2329fb94652fe47511bfb?s=96&d=mm&r=g\",\"url\":\"https:\\\/\\\/secure.gravatar.com\\\/avatar\\\/066b5a0d447013502c71a5782f4f3469f03cfe595cc2329fb94652fe47511bfb?s=96&d=mm&r=g\",\"contentUrl\":\"https:\\\/\\\/secure.gravatar.com\\\/avatar\\\/066b5a0d447013502c71a5782f4f3469f03cfe595cc2329fb94652fe47511bfb?s=96&d=mm&r=g\",\"caption\":\"anja.hall\"},\"url\":\"https:\\\/\\\/www.immobilienbusiness.ch\\\/it\\\/author\\\/anja-hall\\\/\"}]}<\/script>\n<!-- \/ Yoast SEO plugin. -->","yoast_head_json":{"title":"Eiffage Suisse beruft neuen Leiter der Projektentwicklung - IMMOBILIEN Business","description":"Manfred Meury \u00e8 il nuovo responsabile dello sviluppo dei progetti di Eiffage Suisse. In precedenza \u00e8 stato responsabile dell'ufficio di Basilea.","robots":{"index":"index","follow":"follow","max-snippet":"max-snippet:-1","max-image-preview":"max-image-preview:large","max-video-preview":"max-video-preview:-1"},"canonical":"https:\/\/www.immobilienbusiness.ch\/it\/unternehmen\/2021-07-05\/eiffage-suisse-beruft-neuen-leiter-der-projektentwicklung\/","og_locale":"it_IT","og_type":"article","og_title":"Eiffage Suisse beruft neuen Leiter der Projektentwicklung - IMMOBILIEN Business","og_description":"Manfred Meury ist neuer Leiter der Projektentwicklung bei Eiffage Suisse. Er leitete bislang die Basler Gesch\u00e4ftsstelle.","og_url":"https:\/\/www.immobilienbusiness.ch\/it\/unternehmen\/2021-07-05\/eiffage-suisse-beruft-neuen-leiter-der-projektentwicklung\/","og_site_name":"IMMOBILIEN Business","article_publisher":"https:\/\/www.facebook.com\/immobilienbusiness\/","article_published_time":"2021-07-05T06:08:12+00:00","article_modified_time":"2023-08-09T17:08:31+00:00","og_image":[{"width":2560,"height":1707,"url":"https:\/\/www.immobilienbusiness.ch\/wp-content\/uploads\/2021\/07\/Manfred_Meury_EiffageSuisse.jpg","type":"image\/jpeg"}],"author":"anja.hall","twitter_card":"summary_large_image","twitter_image":"https:\/\/www.immobilienbusiness.ch\/wp-content\/uploads\/2021\/07\/Manfred_Meury_EiffageSuisse.jpg","schema":{"@context":"https:\/\/schema.org","@graph":[{"@type":"Article","@id":"https:\/\/www.immobilienbusiness.ch\/de\/unternehmen\/2021-07-05\/eiffage-suisse-beruft-neuen-leiter-der-projektentwicklung\/#article","isPartOf":{"@id":"https:\/\/www.immobilienbusiness.ch\/de\/unternehmen\/2021-07-05\/eiffage-suisse-beruft-neuen-leiter-der-projektentwicklung\/"},"author":{"name":"anja.hall","@id":"https:\/\/www.immobilienbusiness.ch\/#\/schema\/person\/3fc036297b10b9f42d6db5ee932af8c8"},"headline":"Eiffage Suisse beruft neuen Leiter der Projektentwicklung","datePublished":"2021-07-05T06:08:12+00:00","dateModified":"2023-08-09T17:08:31+00:00","mainEntityOfPage":{"@id":"https:\/\/www.immobilienbusiness.ch\/de\/unternehmen\/2021-07-05\/eiffage-suisse-beruft-neuen-leiter-der-projektentwicklung\/"},"wordCount":125,"publisher":{"@id":"https:\/\/www.immobilienbusiness.ch\/#organization"},"image":{"@id":"https:\/\/www.immobilienbusiness.ch\/de\/unternehmen\/2021-07-05\/eiffage-suisse-beruft-neuen-leiter-der-projektentwicklung\/#primaryimage"},"thumbnailUrl":"https:\/\/www.immobilienbusiness.ch\/wp-content\/uploads\/2021\/07\/Manfred_Meury_EiffageSuisse.jpg","keywords":["Eiffage Suisse","Personalia"],"articleSection":["UNTERNEHMEN"],"inLanguage":"it-IT"},{"@type":"WebPage","@id":"https:\/\/www.immobilienbusiness.ch\/de\/unternehmen\/2021-07-05\/eiffage-suisse-beruft-neuen-leiter-der-projektentwicklung\/","url":"https:\/\/www.immobilienbusiness.ch\/de\/unternehmen\/2021-07-05\/eiffage-suisse-beruft-neuen-leiter-der-projektentwicklung\/","name":"Eiffage Suisse beruft neuen Leiter der Projektentwicklung - IMMOBILIEN Business","isPartOf":{"@id":"https:\/\/www.immobilienbusiness.ch\/#website"},"primaryImageOfPage":{"@id":"https:\/\/www.immobilienbusiness.ch\/de\/unternehmen\/2021-07-05\/eiffage-suisse-beruft-neuen-leiter-der-projektentwicklung\/#primaryimage"},"image":{"@id":"https:\/\/www.immobilienbusiness.ch\/de\/unternehmen\/2021-07-05\/eiffage-suisse-beruft-neuen-leiter-der-projektentwicklung\/#primaryimage"},"thumbnailUrl":"https:\/\/www.immobilienbusiness.ch\/wp-content\/uploads\/2021\/07\/Manfred_Meury_EiffageSuisse.jpg","datePublished":"2021-07-05T06:08:12+00:00","dateModified":"2023-08-09T17:08:31+00:00","description":"Manfred Meury \u00e8 il nuovo responsabile dello sviluppo dei progetti di Eiffage Suisse. In precedenza \u00e8 stato responsabile dell'ufficio di Basilea.","breadcrumb":{"@id":"https:\/\/www.immobilienbusiness.ch\/de\/unternehmen\/2021-07-05\/eiffage-suisse-beruft-neuen-leiter-der-projektentwicklung\/#breadcrumb"},"inLanguage":"it-IT","potentialAction":[{"@type":"ReadAction","target":["https:\/\/www.immobilienbusiness.ch\/de\/unternehmen\/2021-07-05\/eiffage-suisse-beruft-neuen-leiter-der-projektentwicklung\/"]}]},{"@type":"ImageObject","inLanguage":"it-IT","@id":"https:\/\/www.immobilienbusiness.ch\/de\/unternehmen\/2021-07-05\/eiffage-suisse-beruft-neuen-leiter-der-projektentwicklung\/#primaryimage","url":"https:\/\/www.immobilienbusiness.ch\/wp-content\/uploads\/2021\/07\/Manfred_Meury_EiffageSuisse.jpg","contentUrl":"https:\/\/www.immobilienbusiness.ch\/wp-content\/uploads\/2021\/07\/Manfred_Meury_EiffageSuisse.jpg","width":2560,"height":1707,"caption":"Manfred Meury (Bild: Eiffage Suisse)"},{"@type":"BreadcrumbList","@id":"https:\/\/www.immobilienbusiness.ch\/de\/unternehmen\/2021-07-05\/eiffage-suisse-beruft-neuen-leiter-der-projektentwicklung\/#breadcrumb","itemListElement":[{"@type":"ListItem","position":1,"name":"Home","item":"https:\/\/www.immobilienbusiness.ch\/"},{"@type":"ListItem","position":2,"name":"Eiffage Suisse beruft neuen Leiter der Projektentwicklung"}]},{"@type":"WebSite","@id":"https:\/\/www.immobilienbusiness.ch\/#website","url":"https:\/\/www.immobilienbusiness.ch\/","name":"Affari immobiliari","description":"Rivista economica indipendente svizzera che si concentra sul settore immobiliare, l'architettura e la costruzione, nonch\u00e9 sugli investimenti e i finanziamenti.","publisher":{"@id":"https:\/\/www.immobilienbusiness.ch\/#organization"},"potentialAction":[{"@type":"SearchAction","target":{"@type":"EntryPoint","urlTemplate":"https:\/\/www.immobilienbusiness.ch\/?s={search_term_string}"},"query-input":{"@type":"PropertyValueSpecification","valueRequired":true,"valueName":"search_term_string"}}],"inLanguage":"it-IT"},{"@type":"Organization","@id":"https:\/\/www.immobilienbusiness.ch\/#organization","name":"Affari immobiliari","url":"https:\/\/www.immobilienbusiness.ch\/","logo":{"@type":"ImageObject","inLanguage":"it-IT","@id":"https:\/\/www.immobilienbusiness.ch\/#\/schema\/logo\/image\/","url":"https:\/\/www.immobilienbusiness.ch\/wp-content\/uploads\/2021\/07\/logo_ib.png","contentUrl":"https:\/\/www.immobilienbusiness.ch\/wp-content\/uploads\/2021\/07\/logo_ib.png","width":800,"height":181,"caption":"IMMOBILIEN Business"},"image":{"@id":"https:\/\/www.immobilienbusiness.ch\/#\/schema\/logo\/image\/"},"sameAs":["https:\/\/www.facebook.com\/immobilienbusiness\/"]},{"@type":"Person","@id":"https:\/\/www.immobilienbusiness.ch\/#\/schema\/person\/3fc036297b10b9f42d6db5ee932af8c8","name":"anja.hall","image":{"@type":"ImageObject","inLanguage":"it-IT","@id":"https:\/\/secure.gravatar.com\/avatar\/066b5a0d447013502c71a5782f4f3469f03cfe595cc2329fb94652fe47511bfb?s=96&d=mm&r=g","url":"https:\/\/secure.gravatar.com\/avatar\/066b5a0d447013502c71a5782f4f3469f03cfe595cc2329fb94652fe47511bfb?s=96&d=mm&r=g","contentUrl":"https:\/\/secure.gravatar.com\/avatar\/066b5a0d447013502c71a5782f4f3469f03cfe595cc2329fb94652fe47511bfb?s=96&d=mm&r=g","caption":"anja.hall"},"url":"https:\/\/www.immobilienbusiness.ch\/it\/author\/anja-hall\/"}]}},"_links":{"self":[{"href":"https:\/\/www.immobilienbusiness.ch\/it\/wp-json\/wp\/v2\/posts\/24621","targetHints":{"allow":["GET"]}}],"collection":[{"href":"https:\/\/www.immobilienbusiness.ch\/it\/wp-json\/wp\/v2\/posts"}],"about":[{"href":"https:\/\/www.immobilienbusiness.ch\/it\/wp-json\/wp\/v2\/types\/post"}],"author":[{"embeddable":true,"href":"https:\/\/www.immobilienbusiness.ch\/it\/wp-json\/wp\/v2\/users\/3"}],"replies":[{"embeddable":true,"href":"https:\/\/www.immobilienbusiness.ch\/it\/wp-json\/wp\/v2\/comments?post=24621"}],"version-history":[{"count":1,"href":"https:\/\/www.immobilienbusiness.ch\/it\/wp-json\/wp\/v2\/posts\/24621\/revisions"}],"predecessor-version":[{"id":51677,"href":"https:\/\/www.immobilienbusiness.ch\/it\/wp-json\/wp\/v2\/posts\/24621\/revisions\/51677"}],"wp:featuredmedia":[{"embeddable":true,"href":"https:\/\/www.immobilienbusiness.ch\/it\/wp-json\/wp\/v2\/media\/24622"}],"wp:attachment":[{"href":"https:\/\/www.immobilienbusiness.ch\/it\/wp-json\/wp\/v2\/media?parent=24621"}],"wp:term":[{"taxonomy":"category","embeddable":true,"href":"https:\/\/www.immobilienbusiness.ch\/it\/wp-json\/wp\/v2\/categories?post=24621"},{"taxonomy":"post_tag","embeddable":true,"href":"https:\/\/www.immobilienbusiness.ch\/it\/wp-json\/wp\/v2\/tags?post=24621"}],"curies":[{"name":"wp","href":"https:\/\/api.w.org\/{rel}","templated":true}]}}