{"id":24486,"date":"2021-06-21T08:41:11","date_gmt":"2021-06-21T06:41:11","guid":{"rendered":"https:\/\/www.immobilienbusiness.ch\/?p=24486"},"modified":"2021-06-21T08:41:11","modified_gmt":"2021-06-21T06:41:11","slug":"zwei-wohnhochhaeuser-fuer-das-papieri-areal-in-cham","status":"publish","type":"post","link":"https:\/\/www.immobilienbusiness.ch\/it\/regionen\/2021-06-21\/zwei-wohnhochhaeuser-fuer-das-papieri-areal-in-cham\/","title":{"rendered":"Due grattacieli residenziali per il sito Papieri a Cham"},"content":{"rendered":"<figure id=\"attachment_24487\" aria-describedby=\"caption-attachment-24487\" style=\"width: 680px\" class=\"wp-caption alignnone\"><img loading=\"lazy\" decoding=\"async\" class=\"size-medium wp-image-24487\" src=\"https:\/\/www.immobilienbusiness.ch\/wp-content\/uploads\/2021\/06\/Papieri_Arealgrafik_Etappe1-2.jpg\" alt=\"\" width=\"680\" height=\"453\" srcset=\"https:\/\/www.immobilienbusiness.ch\/wp-content\/uploads\/2021\/06\/Papieri_Arealgrafik_Etappe1-2.jpg 2263w, https:\/\/www.immobilienbusiness.ch\/wp-content\/uploads\/2021\/06\/Papieri_Arealgrafik_Etappe1-2-300x200.jpg 300w, https:\/\/www.immobilienbusiness.ch\/wp-content\/uploads\/2021\/06\/Papieri_Arealgrafik_Etappe1-2-1024x683.jpg 1024w, https:\/\/www.immobilienbusiness.ch\/wp-content\/uploads\/2021\/06\/Papieri_Arealgrafik_Etappe1-2-768x512.jpg 768w, https:\/\/www.immobilienbusiness.ch\/wp-content\/uploads\/2021\/06\/Papieri_Arealgrafik_Etappe1-2-1536x1024.jpg 1536w, https:\/\/www.immobilienbusiness.ch\/wp-content\/uploads\/2021\/06\/Papieri_Arealgrafik_Etappe1-2-2048x1366.jpg 2048w, https:\/\/www.immobilienbusiness.ch\/wp-content\/uploads\/2021\/06\/Papieri_Arealgrafik_Etappe1-2-16x12.jpg 16w, https:\/\/www.immobilienbusiness.ch\/wp-content\/uploads\/2021\/06\/Papieri_Arealgrafik_Etappe1-2-262x175.jpg 262w, https:\/\/www.immobilienbusiness.ch\/wp-content\/uploads\/2021\/06\/Papieri_Arealgrafik_Etappe1-2-525x350.jpg 525w, https:\/\/www.immobilienbusiness.ch\/wp-content\/uploads\/2021\/06\/Papieri_Arealgrafik_Etappe1-2-1200x800.jpg 1200w, https:\/\/www.immobilienbusiness.ch\/wp-content\/uploads\/2021\/06\/Papieri_Arealgrafik_Etappe1-2-920x613.jpg 920w, https:\/\/www.immobilienbusiness.ch\/wp-content\/uploads\/2021\/06\/Papieri_Arealgrafik_Etappe1-2-1400x934.jpg 1400w\" sizes=\"auto, (max-width: 680px) 100vw, 680px\" \/><figcaption id=\"caption-attachment-24487\" class=\"wp-caption-text\">Il sito Papieri (Immagine: Cham Group)<\/figcaption><\/figure>\n<p>I due grattacieli residenziali che il gruppo Cham vuole affrontare sono i progetti nelle aree di costruzione I e K nel centro del sito Papieri.  Lo studio Huggenbergerfries Architekten di Zurigo (area di costruzione I) e lo studio Konstrukt di Lucerna (area di costruzione K) hanno progettato gli edifici.<\/p>\n<p>Secondo il gruppo Cham, i due grattacieli residenziali comprenderanno un totale di 61 condomini e 36 appartamenti in affitto (da 2,5 a 5,5 stanze) e 62 micro-appartamenti, che saranno affittati come micro-appartamenti arredati a medio e lungo termine. Uno spazio commerciale per il pubblico \u00e8 previsto per i piani terra, e uno dei pi\u00f9 grandi asili del comune di Cham dovrebbe aprire nell'estate del 2024. Un operatore della regione \u00e8 gi\u00e0 stato trovato per questo, aggiunge il gruppo Cham. Tra gli edifici sar\u00e0 creata la Siloplatz, che \u00e8 destinata a diventare un'attraente area ricreativa sul sito.<\/p>\n<p>I documenti di pianificazione per le due domande di costruzione sono attualmente aperti al pubblico. L'inizio della costruzione \u00e8 previsto per l'estate del 2022, e gli edifici residenziali dovrebbero essere pronti per l'occupazione due anni dopo. Inoltre, i lavori strutturali della prima fase di costruzione dovrebbero essere completati nell'autunno di quest'anno. <em>(ah)<\/em><\/p>","protected":false},"excerpt":{"rendered":"<p>Due grattacieli residenziali e un edificio commerciale sono previsti per il sito Papieri a Cham come parte della seconda fase di costruzione. Le domande di costruzione per gli edifici residenziali sono state presentate.<\/p>","protected":false},"author":3,"featured_media":24487,"comment_status":"closed","ping_status":"open","sticky":false,"template":"","format":"standard","meta":{"_acf_changed":false,"_yoast_wpseo_focuskw":"Papieri","_yoast_wpseo_title":"","_yoast_wpseo_metadesc":"Auf dem Papieri-Areal in Cham sind im Rahmen der zweiten Bauetappe zwei Wohnhochh\u00e4user sowie ein gewerblich genutzter Bau geplant.","_yoast_wpseo_linkdex":46,"pgc_sgb_lightbox_settings":"","footnotes":""},"categories":[985],"tags":[1127,1128,1600,1863],"class_list":["post-24486","post","type-post","status-publish","format-standard","has-post-thumbnail","hentry","category-regionen","tag-cham","tag-cham-group","tag-projekt-in-planung","tag-wohnimmobilien"],"acf":[],"yoast_head":"<!-- This site is optimized with the Yoast SEO plugin v27.5 - https:\/\/yoast.com\/product\/yoast-seo-wordpress\/ -->\n<title>Zwei Wohnhochh\u00e4user f\u00fcr das Papieri-Areal in Cham - IMMOBILIEN Business<\/title>\n<meta name=\"description\" content=\"Auf dem Papieri-Areal in Cham sind im Rahmen der zweiten Bauetappe zwei Wohnhochh\u00e4user sowie ein gewerblich genutzter Bau geplant.\" \/>\n<meta name=\"robots\" content=\"index, follow, max-snippet:-1, max-image-preview:large, max-video-preview:-1\" \/>\n<link rel=\"canonical\" href=\"https:\/\/www.immobilienbusiness.ch\/it\/regionen\/2021-06-21\/zwei-wohnhochhaeuser-fuer-das-papieri-areal-in-cham\/\" \/>\n<meta property=\"og:locale\" content=\"it_IT\" \/>\n<meta property=\"og:type\" content=\"article\" \/>\n<meta property=\"og:title\" content=\"Zwei Wohnhochh\u00e4user f\u00fcr das Papieri-Areal in Cham - IMMOBILIEN Business\" \/>\n<meta property=\"og:description\" content=\"Auf dem Papieri-Areal in Cham sind im Rahmen der zweiten Bauetappe zwei Wohnhochh\u00e4user sowie ein gewerblich genutzter Bau geplant.\" \/>\n<meta property=\"og:url\" content=\"https:\/\/www.immobilienbusiness.ch\/it\/regionen\/2021-06-21\/zwei-wohnhochhaeuser-fuer-das-papieri-areal-in-cham\/\" \/>\n<meta property=\"og:site_name\" content=\"IMMOBILIEN Business\" \/>\n<meta property=\"article:publisher\" content=\"https:\/\/www.facebook.com\/immobilienbusiness\/\" \/>\n<meta property=\"article:published_time\" content=\"2021-06-21T06:41:11+00:00\" \/>\n<meta property=\"og:image\" content=\"https:\/\/www.immobilienbusiness.ch\/wp-content\/uploads\/2021\/06\/Papieri_Arealgrafik_Etappe1-2.jpg\" \/>\n\t<meta property=\"og:image:width\" content=\"2263\" \/>\n\t<meta property=\"og:image:height\" content=\"1509\" \/>\n\t<meta property=\"og:image:type\" content=\"image\/jpeg\" \/>\n<meta name=\"author\" content=\"anja.hall\" \/>\n<meta name=\"twitter:card\" content=\"summary_large_image\" \/>\n<meta name=\"twitter:image\" content=\"https:\/\/www.immobilienbusiness.ch\/wp-content\/uploads\/2021\/06\/Papieri_Arealgrafik_Etappe1-2.jpg\" \/>\n<script type=\"application\/ld+json\" class=\"yoast-schema-graph\">{\"@context\":\"https:\\\/\\\/schema.org\",\"@graph\":[{\"@type\":\"Article\",\"@id\":\"https:\\\/\\\/www.immobilienbusiness.ch\\\/regionen\\\/2021-06-21\\\/zwei-wohnhochhaeuser-fuer-das-papieri-areal-in-cham\\\/#article\",\"isPartOf\":{\"@id\":\"https:\\\/\\\/www.immobilienbusiness.ch\\\/regionen\\\/2021-06-21\\\/zwei-wohnhochhaeuser-fuer-das-papieri-areal-in-cham\\\/\"},\"author\":{\"name\":\"anja.hall\",\"@id\":\"https:\\\/\\\/www.immobilienbusiness.ch\\\/#\\\/schema\\\/person\\\/3fc036297b10b9f42d6db5ee932af8c8\"},\"headline\":\"Zwei Wohnhochh\u00e4user f\u00fcr das Papieri-Areal in Cham\",\"datePublished\":\"2021-06-21T06:41:11+00:00\",\"mainEntityOfPage\":{\"@id\":\"https:\\\/\\\/www.immobilienbusiness.ch\\\/regionen\\\/2021-06-21\\\/zwei-wohnhochhaeuser-fuer-das-papieri-areal-in-cham\\\/\"},\"wordCount\":195,\"publisher\":{\"@id\":\"https:\\\/\\\/www.immobilienbusiness.ch\\\/#organization\"},\"image\":{\"@id\":\"https:\\\/\\\/www.immobilienbusiness.ch\\\/regionen\\\/2021-06-21\\\/zwei-wohnhochhaeuser-fuer-das-papieri-areal-in-cham\\\/#primaryimage\"},\"thumbnailUrl\":\"https:\\\/\\\/www.immobilienbusiness.ch\\\/wp-content\\\/uploads\\\/2021\\\/06\\\/Papieri_Arealgrafik_Etappe1-2.jpg\",\"keywords\":[\"Cham\",\"Cham Group\",\"Projekt in Planung\",\"Wohnimmobilien\"],\"articleSection\":[\"REGIONEN\"],\"inLanguage\":\"it-IT\"},{\"@type\":\"WebPage\",\"@id\":\"https:\\\/\\\/www.immobilienbusiness.ch\\\/regionen\\\/2021-06-21\\\/zwei-wohnhochhaeuser-fuer-das-papieri-areal-in-cham\\\/\",\"url\":\"https:\\\/\\\/www.immobilienbusiness.ch\\\/regionen\\\/2021-06-21\\\/zwei-wohnhochhaeuser-fuer-das-papieri-areal-in-cham\\\/\",\"name\":\"Zwei Wohnhochh\u00e4user f\u00fcr das Papieri-Areal in Cham - IMMOBILIEN Business\",\"isPartOf\":{\"@id\":\"https:\\\/\\\/www.immobilienbusiness.ch\\\/#website\"},\"primaryImageOfPage\":{\"@id\":\"https:\\\/\\\/www.immobilienbusiness.ch\\\/regionen\\\/2021-06-21\\\/zwei-wohnhochhaeuser-fuer-das-papieri-areal-in-cham\\\/#primaryimage\"},\"image\":{\"@id\":\"https:\\\/\\\/www.immobilienbusiness.ch\\\/regionen\\\/2021-06-21\\\/zwei-wohnhochhaeuser-fuer-das-papieri-areal-in-cham\\\/#primaryimage\"},\"thumbnailUrl\":\"https:\\\/\\\/www.immobilienbusiness.ch\\\/wp-content\\\/uploads\\\/2021\\\/06\\\/Papieri_Arealgrafik_Etappe1-2.jpg\",\"datePublished\":\"2021-06-21T06:41:11+00:00\",\"description\":\"Auf dem Papieri-Areal in Cham sind im Rahmen der zweiten Bauetappe zwei Wohnhochh\u00e4user sowie ein gewerblich genutzter Bau geplant.\",\"breadcrumb\":{\"@id\":\"https:\\\/\\\/www.immobilienbusiness.ch\\\/regionen\\\/2021-06-21\\\/zwei-wohnhochhaeuser-fuer-das-papieri-areal-in-cham\\\/#breadcrumb\"},\"inLanguage\":\"it-IT\",\"potentialAction\":[{\"@type\":\"ReadAction\",\"target\":[\"https:\\\/\\\/www.immobilienbusiness.ch\\\/regionen\\\/2021-06-21\\\/zwei-wohnhochhaeuser-fuer-das-papieri-areal-in-cham\\\/\"]}]},{\"@type\":\"ImageObject\",\"inLanguage\":\"it-IT\",\"@id\":\"https:\\\/\\\/www.immobilienbusiness.ch\\\/regionen\\\/2021-06-21\\\/zwei-wohnhochhaeuser-fuer-das-papieri-areal-in-cham\\\/#primaryimage\",\"url\":\"https:\\\/\\\/www.immobilienbusiness.ch\\\/wp-content\\\/uploads\\\/2021\\\/06\\\/Papieri_Arealgrafik_Etappe1-2.jpg\",\"contentUrl\":\"https:\\\/\\\/www.immobilienbusiness.ch\\\/wp-content\\\/uploads\\\/2021\\\/06\\\/Papieri_Arealgrafik_Etappe1-2.jpg\",\"width\":2263,\"height\":1509,\"caption\":\"Das Papieri-Areal (Bild: Cham Group)\"},{\"@type\":\"BreadcrumbList\",\"@id\":\"https:\\\/\\\/www.immobilienbusiness.ch\\\/regionen\\\/2021-06-21\\\/zwei-wohnhochhaeuser-fuer-das-papieri-areal-in-cham\\\/#breadcrumb\",\"itemListElement\":[{\"@type\":\"ListItem\",\"position\":1,\"name\":\"Home\",\"item\":\"https:\\\/\\\/www.immobilienbusiness.ch\\\/\"},{\"@type\":\"ListItem\",\"position\":2,\"name\":\"Zwei Wohnhochh\u00e4user f\u00fcr das Papieri-Areal in Cham\"}]},{\"@type\":\"WebSite\",\"@id\":\"https:\\\/\\\/www.immobilienbusiness.ch\\\/#website\",\"url\":\"https:\\\/\\\/www.immobilienbusiness.ch\\\/\",\"name\":\"IMMOBILIEN Business\",\"description\":\"Unabh\u00e4ngiges Schweizer Wirtschaftsmagazin mit Fokus auf Immobilien, Architektur- und Bau sowie Investment- und Finanzierung.\",\"publisher\":{\"@id\":\"https:\\\/\\\/www.immobilienbusiness.ch\\\/#organization\"},\"potentialAction\":[{\"@type\":\"SearchAction\",\"target\":{\"@type\":\"EntryPoint\",\"urlTemplate\":\"https:\\\/\\\/www.immobilienbusiness.ch\\\/?s={search_term_string}\"},\"query-input\":{\"@type\":\"PropertyValueSpecification\",\"valueRequired\":true,\"valueName\":\"search_term_string\"}}],\"inLanguage\":\"it-IT\"},{\"@type\":\"Organization\",\"@id\":\"https:\\\/\\\/www.immobilienbusiness.ch\\\/#organization\",\"name\":\"IMMOBILIEN Business\",\"url\":\"https:\\\/\\\/www.immobilienbusiness.ch\\\/\",\"logo\":{\"@type\":\"ImageObject\",\"inLanguage\":\"it-IT\",\"@id\":\"https:\\\/\\\/www.immobilienbusiness.ch\\\/#\\\/schema\\\/logo\\\/image\\\/\",\"url\":\"https:\\\/\\\/www.immobilienbusiness.ch\\\/wp-content\\\/uploads\\\/2021\\\/07\\\/logo_ib.png\",\"contentUrl\":\"https:\\\/\\\/www.immobilienbusiness.ch\\\/wp-content\\\/uploads\\\/2021\\\/07\\\/logo_ib.png\",\"width\":800,\"height\":181,\"caption\":\"IMMOBILIEN Business\"},\"image\":{\"@id\":\"https:\\\/\\\/www.immobilienbusiness.ch\\\/#\\\/schema\\\/logo\\\/image\\\/\"},\"sameAs\":[\"https:\\\/\\\/www.facebook.com\\\/immobilienbusiness\\\/\"]},{\"@type\":\"Person\",\"@id\":\"https:\\\/\\\/www.immobilienbusiness.ch\\\/#\\\/schema\\\/person\\\/3fc036297b10b9f42d6db5ee932af8c8\",\"name\":\"anja.hall\",\"image\":{\"@type\":\"ImageObject\",\"inLanguage\":\"it-IT\",\"@id\":\"https:\\\/\\\/secure.gravatar.com\\\/avatar\\\/066b5a0d447013502c71a5782f4f3469f03cfe595cc2329fb94652fe47511bfb?s=96&d=mm&r=g\",\"url\":\"https:\\\/\\\/secure.gravatar.com\\\/avatar\\\/066b5a0d447013502c71a5782f4f3469f03cfe595cc2329fb94652fe47511bfb?s=96&d=mm&r=g\",\"contentUrl\":\"https:\\\/\\\/secure.gravatar.com\\\/avatar\\\/066b5a0d447013502c71a5782f4f3469f03cfe595cc2329fb94652fe47511bfb?s=96&d=mm&r=g\",\"caption\":\"anja.hall\"},\"url\":\"https:\\\/\\\/www.immobilienbusiness.ch\\\/it\\\/author\\\/anja-hall\\\/\"}]}<\/script>\n<!-- \/ Yoast SEO plugin. -->","yoast_head_json":{"title":"Zwei Wohnhochh\u00e4user f\u00fcr das Papieri-Areal in Cham - IMMOBILIEN Business","description":"Auf dem Papieri-Areal in Cham sind im Rahmen der zweiten Bauetappe zwei Wohnhochh\u00e4user sowie ein gewerblich genutzter Bau geplant.","robots":{"index":"index","follow":"follow","max-snippet":"max-snippet:-1","max-image-preview":"max-image-preview:large","max-video-preview":"max-video-preview:-1"},"canonical":"https:\/\/www.immobilienbusiness.ch\/it\/regionen\/2021-06-21\/zwei-wohnhochhaeuser-fuer-das-papieri-areal-in-cham\/","og_locale":"it_IT","og_type":"article","og_title":"Zwei Wohnhochh\u00e4user f\u00fcr das Papieri-Areal in Cham - IMMOBILIEN Business","og_description":"Auf dem Papieri-Areal in Cham sind im Rahmen der zweiten Bauetappe zwei Wohnhochh\u00e4user sowie ein gewerblich genutzter Bau geplant.","og_url":"https:\/\/www.immobilienbusiness.ch\/it\/regionen\/2021-06-21\/zwei-wohnhochhaeuser-fuer-das-papieri-areal-in-cham\/","og_site_name":"IMMOBILIEN Business","article_publisher":"https:\/\/www.facebook.com\/immobilienbusiness\/","article_published_time":"2021-06-21T06:41:11+00:00","og_image":[{"width":2263,"height":1509,"url":"https:\/\/www.immobilienbusiness.ch\/wp-content\/uploads\/2021\/06\/Papieri_Arealgrafik_Etappe1-2.jpg","type":"image\/jpeg"}],"author":"anja.hall","twitter_card":"summary_large_image","twitter_image":"https:\/\/www.immobilienbusiness.ch\/wp-content\/uploads\/2021\/06\/Papieri_Arealgrafik_Etappe1-2.jpg","schema":{"@context":"https:\/\/schema.org","@graph":[{"@type":"Article","@id":"https:\/\/www.immobilienbusiness.ch\/regionen\/2021-06-21\/zwei-wohnhochhaeuser-fuer-das-papieri-areal-in-cham\/#article","isPartOf":{"@id":"https:\/\/www.immobilienbusiness.ch\/regionen\/2021-06-21\/zwei-wohnhochhaeuser-fuer-das-papieri-areal-in-cham\/"},"author":{"name":"anja.hall","@id":"https:\/\/www.immobilienbusiness.ch\/#\/schema\/person\/3fc036297b10b9f42d6db5ee932af8c8"},"headline":"Zwei Wohnhochh\u00e4user f\u00fcr das Papieri-Areal in Cham","datePublished":"2021-06-21T06:41:11+00:00","mainEntityOfPage":{"@id":"https:\/\/www.immobilienbusiness.ch\/regionen\/2021-06-21\/zwei-wohnhochhaeuser-fuer-das-papieri-areal-in-cham\/"},"wordCount":195,"publisher":{"@id":"https:\/\/www.immobilienbusiness.ch\/#organization"},"image":{"@id":"https:\/\/www.immobilienbusiness.ch\/regionen\/2021-06-21\/zwei-wohnhochhaeuser-fuer-das-papieri-areal-in-cham\/#primaryimage"},"thumbnailUrl":"https:\/\/www.immobilienbusiness.ch\/wp-content\/uploads\/2021\/06\/Papieri_Arealgrafik_Etappe1-2.jpg","keywords":["Cham","Cham Group","Projekt in Planung","Wohnimmobilien"],"articleSection":["REGIONEN"],"inLanguage":"it-IT"},{"@type":"WebPage","@id":"https:\/\/www.immobilienbusiness.ch\/regionen\/2021-06-21\/zwei-wohnhochhaeuser-fuer-das-papieri-areal-in-cham\/","url":"https:\/\/www.immobilienbusiness.ch\/regionen\/2021-06-21\/zwei-wohnhochhaeuser-fuer-das-papieri-areal-in-cham\/","name":"Zwei Wohnhochh\u00e4user f\u00fcr das Papieri-Areal in Cham - IMMOBILIEN Business","isPartOf":{"@id":"https:\/\/www.immobilienbusiness.ch\/#website"},"primaryImageOfPage":{"@id":"https:\/\/www.immobilienbusiness.ch\/regionen\/2021-06-21\/zwei-wohnhochhaeuser-fuer-das-papieri-areal-in-cham\/#primaryimage"},"image":{"@id":"https:\/\/www.immobilienbusiness.ch\/regionen\/2021-06-21\/zwei-wohnhochhaeuser-fuer-das-papieri-areal-in-cham\/#primaryimage"},"thumbnailUrl":"https:\/\/www.immobilienbusiness.ch\/wp-content\/uploads\/2021\/06\/Papieri_Arealgrafik_Etappe1-2.jpg","datePublished":"2021-06-21T06:41:11+00:00","description":"Auf dem Papieri-Areal in Cham sind im Rahmen der zweiten Bauetappe zwei Wohnhochh\u00e4user sowie ein gewerblich genutzter Bau geplant.","breadcrumb":{"@id":"https:\/\/www.immobilienbusiness.ch\/regionen\/2021-06-21\/zwei-wohnhochhaeuser-fuer-das-papieri-areal-in-cham\/#breadcrumb"},"inLanguage":"it-IT","potentialAction":[{"@type":"ReadAction","target":["https:\/\/www.immobilienbusiness.ch\/regionen\/2021-06-21\/zwei-wohnhochhaeuser-fuer-das-papieri-areal-in-cham\/"]}]},{"@type":"ImageObject","inLanguage":"it-IT","@id":"https:\/\/www.immobilienbusiness.ch\/regionen\/2021-06-21\/zwei-wohnhochhaeuser-fuer-das-papieri-areal-in-cham\/#primaryimage","url":"https:\/\/www.immobilienbusiness.ch\/wp-content\/uploads\/2021\/06\/Papieri_Arealgrafik_Etappe1-2.jpg","contentUrl":"https:\/\/www.immobilienbusiness.ch\/wp-content\/uploads\/2021\/06\/Papieri_Arealgrafik_Etappe1-2.jpg","width":2263,"height":1509,"caption":"Das Papieri-Areal (Bild: Cham Group)"},{"@type":"BreadcrumbList","@id":"https:\/\/www.immobilienbusiness.ch\/regionen\/2021-06-21\/zwei-wohnhochhaeuser-fuer-das-papieri-areal-in-cham\/#breadcrumb","itemListElement":[{"@type":"ListItem","position":1,"name":"Home","item":"https:\/\/www.immobilienbusiness.ch\/"},{"@type":"ListItem","position":2,"name":"Zwei Wohnhochh\u00e4user f\u00fcr das Papieri-Areal in Cham"}]},{"@type":"WebSite","@id":"https:\/\/www.immobilienbusiness.ch\/#website","url":"https:\/\/www.immobilienbusiness.ch\/","name":"Affari immobiliari","description":"Rivista economica indipendente svizzera che si concentra sul settore immobiliare, l'architettura e la costruzione, nonch\u00e9 sugli investimenti e i finanziamenti.","publisher":{"@id":"https:\/\/www.immobilienbusiness.ch\/#organization"},"potentialAction":[{"@type":"SearchAction","target":{"@type":"EntryPoint","urlTemplate":"https:\/\/www.immobilienbusiness.ch\/?s={search_term_string}"},"query-input":{"@type":"PropertyValueSpecification","valueRequired":true,"valueName":"search_term_string"}}],"inLanguage":"it-IT"},{"@type":"Organization","@id":"https:\/\/www.immobilienbusiness.ch\/#organization","name":"Affari immobiliari","url":"https:\/\/www.immobilienbusiness.ch\/","logo":{"@type":"ImageObject","inLanguage":"it-IT","@id":"https:\/\/www.immobilienbusiness.ch\/#\/schema\/logo\/image\/","url":"https:\/\/www.immobilienbusiness.ch\/wp-content\/uploads\/2021\/07\/logo_ib.png","contentUrl":"https:\/\/www.immobilienbusiness.ch\/wp-content\/uploads\/2021\/07\/logo_ib.png","width":800,"height":181,"caption":"IMMOBILIEN Business"},"image":{"@id":"https:\/\/www.immobilienbusiness.ch\/#\/schema\/logo\/image\/"},"sameAs":["https:\/\/www.facebook.com\/immobilienbusiness\/"]},{"@type":"Person","@id":"https:\/\/www.immobilienbusiness.ch\/#\/schema\/person\/3fc036297b10b9f42d6db5ee932af8c8","name":"anja.hall","image":{"@type":"ImageObject","inLanguage":"it-IT","@id":"https:\/\/secure.gravatar.com\/avatar\/066b5a0d447013502c71a5782f4f3469f03cfe595cc2329fb94652fe47511bfb?s=96&d=mm&r=g","url":"https:\/\/secure.gravatar.com\/avatar\/066b5a0d447013502c71a5782f4f3469f03cfe595cc2329fb94652fe47511bfb?s=96&d=mm&r=g","contentUrl":"https:\/\/secure.gravatar.com\/avatar\/066b5a0d447013502c71a5782f4f3469f03cfe595cc2329fb94652fe47511bfb?s=96&d=mm&r=g","caption":"anja.hall"},"url":"https:\/\/www.immobilienbusiness.ch\/it\/author\/anja-hall\/"}]}},"_links":{"self":[{"href":"https:\/\/www.immobilienbusiness.ch\/it\/wp-json\/wp\/v2\/posts\/24486","targetHints":{"allow":["GET"]}}],"collection":[{"href":"https:\/\/www.immobilienbusiness.ch\/it\/wp-json\/wp\/v2\/posts"}],"about":[{"href":"https:\/\/www.immobilienbusiness.ch\/it\/wp-json\/wp\/v2\/types\/post"}],"author":[{"embeddable":true,"href":"https:\/\/www.immobilienbusiness.ch\/it\/wp-json\/wp\/v2\/users\/3"}],"replies":[{"embeddable":true,"href":"https:\/\/www.immobilienbusiness.ch\/it\/wp-json\/wp\/v2\/comments?post=24486"}],"version-history":[{"count":0,"href":"https:\/\/www.immobilienbusiness.ch\/it\/wp-json\/wp\/v2\/posts\/24486\/revisions"}],"wp:featuredmedia":[{"embeddable":true,"href":"https:\/\/www.immobilienbusiness.ch\/it\/wp-json\/wp\/v2\/media\/24487"}],"wp:attachment":[{"href":"https:\/\/www.immobilienbusiness.ch\/it\/wp-json\/wp\/v2\/media?parent=24486"}],"wp:term":[{"taxonomy":"category","embeddable":true,"href":"https:\/\/www.immobilienbusiness.ch\/it\/wp-json\/wp\/v2\/categories?post=24486"},{"taxonomy":"post_tag","embeddable":true,"href":"https:\/\/www.immobilienbusiness.ch\/it\/wp-json\/wp\/v2\/tags?post=24486"}],"curies":[{"name":"wp","href":"https:\/\/api.w.org\/{rel}","templated":true}]}}