{"id":24455,"date":"2021-06-17T08:48:38","date_gmt":"2021-06-17T06:48:38","guid":{"rendered":"https:\/\/www.immobilienbusiness.ch\/?p=24455"},"modified":"2021-06-17T08:48:38","modified_gmt":"2021-06-17T06:48:38","slug":"cs-1a-immo-pk-soll-an-die-boerse","status":"publish","type":"post","link":"https:\/\/www.immobilienbusiness.ch\/it\/unternehmen\/2021-06-17\/cs-1a-immo-pk-soll-an-die-boerse\/","title":{"rendered":"CS 1a Immo PK per andare in pubblico"},"content":{"rendered":"<figure id=\"attachment_8281\" aria-describedby=\"caption-attachment-8281\" style=\"width: 624px\" class=\"wp-caption alignnone\"><img loading=\"lazy\" decoding=\"async\" class=\"size-full wp-image-8281\" src=\"https:\/\/www.immobilienbusiness.ch\/wp-content\/uploads\/2017\/07\/Immobilien-Business-News-20170710-Dekotierung-Pax-Anlage-AG-c-Alexmit-\u2013-depositphotos.jpg\" alt=\"\" width=\"624\" height=\"392\" srcset=\"https:\/\/www.immobilienbusiness.ch\/wp-content\/uploads\/2017\/07\/Immobilien-Business-News-20170710-Dekotierung-Pax-Anlage-AG-c-Alexmit-\u2013-depositphotos.jpg 624w, https:\/\/www.immobilienbusiness.ch\/wp-content\/uploads\/2017\/07\/Immobilien-Business-News-20170710-Dekotierung-Pax-Anlage-AG-c-Alexmit-\u2013-depositphotos-300x188.jpg 300w, https:\/\/www.immobilienbusiness.ch\/wp-content\/uploads\/2017\/07\/Immobilien-Business-News-20170710-Dekotierung-Pax-Anlage-AG-c-Alexmit-\u2013-depositphotos-16x10.jpg 16w, https:\/\/www.immobilienbusiness.ch\/wp-content\/uploads\/2017\/07\/Immobilien-Business-News-20170710-Dekotierung-Pax-Anlage-AG-c-Alexmit-\u2013-depositphotos-279x175.jpg 279w, https:\/\/www.immobilienbusiness.ch\/wp-content\/uploads\/2017\/07\/Immobilien-Business-News-20170710-Dekotierung-Pax-Anlage-AG-c-Alexmit-\u2013-depositphotos-557x350.jpg 557w\" sizes=\"auto, (max-width: 624px) 100vw, 624px\" \/><figcaption id=\"caption-attachment-8281\" class=\"wp-caption-text\">Il fondo immobiliare CS 1a Immo PK sar\u00e0 quotato in borsa in futuro (Immagine: Alexmit - depositphotos)<\/figcaption><\/figure>\n<p>Negli ultimi mesi, la direzione del fondo ha esaminato se l'attuale negoziazione over-the-counter del Credit Suisse 1a Immo PK soddisfa ancora le esigenze dei clienti, ha annunciato Credit Suisse Asset Management. Oltre alla quotazione del fondo, che alla fine \u00e8 stata decisa, sono state considerate anche la conversione in un fondo immobiliare basato sul NAV e il mantenimento dello status quo.<\/p>\n<p>I primi passi per adattare la struttura del fondo sono stati avviati, continua il comunicato. A condizione che vengano concesse tutte le autorizzazioni necessarie, l'ampliamento del gruppo di investitori a investitori non qualificati e la quotazione alla SIX Swiss Exchange sono previsti per il secondo trimestre del 2022.<\/p>\n<p>Secondo il rapporto semestrale di CS 1a Immo PK (al 31 marzo 2021), il reddito da locazione del fondo \u00e8 aumentato di 2,7% e il reddito netto di 4,6% rispetto all'anno precedente. Il rapporto di distribuzione sar\u00e0 fissato a meno di 100% nell'anno finanziario in corso, ha annunciato la gestione del fondo. Nell'anno precedente, era 118,2%. <em>(ah)<\/em><\/p>","protected":false},"excerpt":{"rendered":"<p>Il Credit Suisse 1a Immo PK sar\u00e0 quotato in futuro alla SIX Swiss Exchange. La quotazione \u00e8 prevista per il secondo trimestre del 2022.<\/p>","protected":false},"author":3,"featured_media":8281,"comment_status":"closed","ping_status":"open","sticky":false,"template":"","format":"standard","meta":{"_acf_changed":false,"_yoast_wpseo_focuskw":"1a Immo PK","_yoast_wpseo_title":"","_yoast_wpseo_metadesc":"Der Credit Suisse 1a Immo PK soll in Zukunft an der SIX Swiss Exchange gelistet werden. Die Kotierung ist f\u00fcr das zweite Quartal 2022 geplant.","_yoast_wpseo_linkdex":56,"pgc_sgb_lightbox_settings":"","footnotes":""},"categories":[988],"tags":[1108,1146,1344],"class_list":["post-24455","post","type-post","status-publish","format-standard","has-post-thumbnail","hentry","category-unternehmen","tag-boersengang","tag-credit-suisse","tag-immobilienfonds"],"acf":[],"yoast_head":"<!-- This site is optimized with the Yoast SEO plugin v27.4 - https:\/\/yoast.com\/product\/yoast-seo-wordpress\/ -->\n<title>CS 1a Immo PK soll an die B\u00f6rse - IMMOBILIEN Business<\/title>\n<meta name=\"description\" content=\"Der Credit Suisse 1a Immo PK soll in Zukunft an der SIX Swiss Exchange gelistet werden. Die Kotierung ist f\u00fcr das zweite Quartal 2022 geplant.\" \/>\n<meta name=\"robots\" content=\"index, follow, max-snippet:-1, max-image-preview:large, max-video-preview:-1\" \/>\n<link rel=\"canonical\" href=\"https:\/\/www.immobilienbusiness.ch\/it\/unternehmen\/2021-06-17\/cs-1a-immo-pk-soll-an-die-boerse\/\" \/>\n<meta property=\"og:locale\" content=\"it_IT\" \/>\n<meta property=\"og:type\" content=\"article\" \/>\n<meta property=\"og:title\" content=\"CS 1a Immo PK soll an die B\u00f6rse - IMMOBILIEN Business\" \/>\n<meta property=\"og:description\" content=\"Der Credit Suisse 1a Immo PK soll in Zukunft an der SIX Swiss Exchange gelistet werden. Die Kotierung ist f\u00fcr das zweite Quartal 2022 geplant.\" \/>\n<meta property=\"og:url\" content=\"https:\/\/www.immobilienbusiness.ch\/it\/unternehmen\/2021-06-17\/cs-1a-immo-pk-soll-an-die-boerse\/\" \/>\n<meta property=\"og:site_name\" content=\"IMMOBILIEN Business\" \/>\n<meta property=\"article:publisher\" content=\"https:\/\/www.facebook.com\/immobilienbusiness\/\" \/>\n<meta property=\"article:published_time\" content=\"2021-06-17T06:48:38+00:00\" \/>\n<meta property=\"og:image\" content=\"https:\/\/www.immobilienbusiness.ch\/wp-content\/uploads\/2017\/07\/Immobilien-Business-News-20170710-Dekotierung-Pax-Anlage-AG-c-Alexmit-\u2013-depositphotos.jpg\" \/>\n\t<meta property=\"og:image:width\" content=\"624\" \/>\n\t<meta property=\"og:image:height\" content=\"392\" \/>\n\t<meta property=\"og:image:type\" content=\"image\/jpeg\" \/>\n<meta name=\"author\" content=\"anja.hall\" \/>\n<meta name=\"twitter:card\" content=\"summary_large_image\" \/>\n<meta name=\"twitter:image\" content=\"https:\/\/www.immobilienbusiness.ch\/wp-content\/uploads\/2017\/07\/Immobilien-Business-News-20170710-Dekotierung-Pax-Anlage-AG-c-Alexmit-\u2013-depositphotos.jpg\" \/>\n<script type=\"application\/ld+json\" class=\"yoast-schema-graph\">{\"@context\":\"https:\\\/\\\/schema.org\",\"@graph\":[{\"@type\":\"Article\",\"@id\":\"https:\\\/\\\/www.immobilienbusiness.ch\\\/en\\\/unternehmen\\\/2021-06-17\\\/cs-1a-immo-pk-soll-an-die-boerse\\\/#article\",\"isPartOf\":{\"@id\":\"https:\\\/\\\/www.immobilienbusiness.ch\\\/en\\\/unternehmen\\\/2021-06-17\\\/cs-1a-immo-pk-soll-an-die-boerse\\\/\"},\"author\":{\"name\":\"anja.hall\",\"@id\":\"https:\\\/\\\/www.immobilienbusiness.ch\\\/#\\\/schema\\\/person\\\/3fc036297b10b9f42d6db5ee932af8c8\"},\"headline\":\"CS 1a Immo PK soll an die B\u00f6rse\",\"datePublished\":\"2021-06-17T06:48:38+00:00\",\"mainEntityOfPage\":{\"@id\":\"https:\\\/\\\/www.immobilienbusiness.ch\\\/en\\\/unternehmen\\\/2021-06-17\\\/cs-1a-immo-pk-soll-an-die-boerse\\\/\"},\"wordCount\":188,\"publisher\":{\"@id\":\"https:\\\/\\\/www.immobilienbusiness.ch\\\/#organization\"},\"image\":{\"@id\":\"https:\\\/\\\/www.immobilienbusiness.ch\\\/en\\\/unternehmen\\\/2021-06-17\\\/cs-1a-immo-pk-soll-an-die-boerse\\\/#primaryimage\"},\"thumbnailUrl\":\"https:\\\/\\\/www.immobilienbusiness.ch\\\/wp-content\\\/uploads\\\/2017\\\/07\\\/Immobilien-Business-News-20170710-Dekotierung-Pax-Anlage-AG-c-Alexmit-\u2013-depositphotos.jpg\",\"keywords\":[\"B\u00f6rsengang\",\"Credit Suisse\",\"Immobilienfonds\"],\"articleSection\":[\"UNTERNEHMEN\"],\"inLanguage\":\"it-IT\"},{\"@type\":\"WebPage\",\"@id\":\"https:\\\/\\\/www.immobilienbusiness.ch\\\/en\\\/unternehmen\\\/2021-06-17\\\/cs-1a-immo-pk-soll-an-die-boerse\\\/\",\"url\":\"https:\\\/\\\/www.immobilienbusiness.ch\\\/en\\\/unternehmen\\\/2021-06-17\\\/cs-1a-immo-pk-soll-an-die-boerse\\\/\",\"name\":\"CS 1a Immo PK soll an die B\u00f6rse - IMMOBILIEN Business\",\"isPartOf\":{\"@id\":\"https:\\\/\\\/www.immobilienbusiness.ch\\\/#website\"},\"primaryImageOfPage\":{\"@id\":\"https:\\\/\\\/www.immobilienbusiness.ch\\\/en\\\/unternehmen\\\/2021-06-17\\\/cs-1a-immo-pk-soll-an-die-boerse\\\/#primaryimage\"},\"image\":{\"@id\":\"https:\\\/\\\/www.immobilienbusiness.ch\\\/en\\\/unternehmen\\\/2021-06-17\\\/cs-1a-immo-pk-soll-an-die-boerse\\\/#primaryimage\"},\"thumbnailUrl\":\"https:\\\/\\\/www.immobilienbusiness.ch\\\/wp-content\\\/uploads\\\/2017\\\/07\\\/Immobilien-Business-News-20170710-Dekotierung-Pax-Anlage-AG-c-Alexmit-\u2013-depositphotos.jpg\",\"datePublished\":\"2021-06-17T06:48:38+00:00\",\"description\":\"Der Credit Suisse 1a Immo PK soll in Zukunft an der SIX Swiss Exchange gelistet werden. Die Kotierung ist f\u00fcr das zweite Quartal 2022 geplant.\",\"breadcrumb\":{\"@id\":\"https:\\\/\\\/www.immobilienbusiness.ch\\\/en\\\/unternehmen\\\/2021-06-17\\\/cs-1a-immo-pk-soll-an-die-boerse\\\/#breadcrumb\"},\"inLanguage\":\"it-IT\",\"potentialAction\":[{\"@type\":\"ReadAction\",\"target\":[\"https:\\\/\\\/www.immobilienbusiness.ch\\\/en\\\/unternehmen\\\/2021-06-17\\\/cs-1a-immo-pk-soll-an-die-boerse\\\/\"]}]},{\"@type\":\"ImageObject\",\"inLanguage\":\"it-IT\",\"@id\":\"https:\\\/\\\/www.immobilienbusiness.ch\\\/en\\\/unternehmen\\\/2021-06-17\\\/cs-1a-immo-pk-soll-an-die-boerse\\\/#primaryimage\",\"url\":\"https:\\\/\\\/www.immobilienbusiness.ch\\\/wp-content\\\/uploads\\\/2017\\\/07\\\/Immobilien-Business-News-20170710-Dekotierung-Pax-Anlage-AG-c-Alexmit-\u2013-depositphotos.jpg\",\"contentUrl\":\"https:\\\/\\\/www.immobilienbusiness.ch\\\/wp-content\\\/uploads\\\/2017\\\/07\\\/Immobilien-Business-News-20170710-Dekotierung-Pax-Anlage-AG-c-Alexmit-\u2013-depositphotos.jpg\",\"width\":624,\"height\":392,\"caption\":\"Ecoreal hat ein Quartalsupdate f\u00fcr seine beiden Anlagegruppen vorgelegt (Bild: Alexmit \u2013 depositphotos)\"},{\"@type\":\"BreadcrumbList\",\"@id\":\"https:\\\/\\\/www.immobilienbusiness.ch\\\/en\\\/unternehmen\\\/2021-06-17\\\/cs-1a-immo-pk-soll-an-die-boerse\\\/#breadcrumb\",\"itemListElement\":[{\"@type\":\"ListItem\",\"position\":1,\"name\":\"Home\",\"item\":\"https:\\\/\\\/www.immobilienbusiness.ch\\\/\"},{\"@type\":\"ListItem\",\"position\":2,\"name\":\"CS 1a Immo PK soll an die B\u00f6rse\"}]},{\"@type\":\"WebSite\",\"@id\":\"https:\\\/\\\/www.immobilienbusiness.ch\\\/#website\",\"url\":\"https:\\\/\\\/www.immobilienbusiness.ch\\\/\",\"name\":\"IMMOBILIEN Business\",\"description\":\"Unabh\u00e4ngiges Schweizer Wirtschaftsmagazin mit Fokus auf Immobilien, Architektur- und Bau sowie Investment- und Finanzierung.\",\"publisher\":{\"@id\":\"https:\\\/\\\/www.immobilienbusiness.ch\\\/#organization\"},\"potentialAction\":[{\"@type\":\"SearchAction\",\"target\":{\"@type\":\"EntryPoint\",\"urlTemplate\":\"https:\\\/\\\/www.immobilienbusiness.ch\\\/?s={search_term_string}\"},\"query-input\":{\"@type\":\"PropertyValueSpecification\",\"valueRequired\":true,\"valueName\":\"search_term_string\"}}],\"inLanguage\":\"it-IT\"},{\"@type\":\"Organization\",\"@id\":\"https:\\\/\\\/www.immobilienbusiness.ch\\\/#organization\",\"name\":\"IMMOBILIEN Business\",\"url\":\"https:\\\/\\\/www.immobilienbusiness.ch\\\/\",\"logo\":{\"@type\":\"ImageObject\",\"inLanguage\":\"it-IT\",\"@id\":\"https:\\\/\\\/www.immobilienbusiness.ch\\\/#\\\/schema\\\/logo\\\/image\\\/\",\"url\":\"https:\\\/\\\/www.immobilienbusiness.ch\\\/wp-content\\\/uploads\\\/2021\\\/07\\\/logo_ib.png\",\"contentUrl\":\"https:\\\/\\\/www.immobilienbusiness.ch\\\/wp-content\\\/uploads\\\/2021\\\/07\\\/logo_ib.png\",\"width\":800,\"height\":181,\"caption\":\"IMMOBILIEN Business\"},\"image\":{\"@id\":\"https:\\\/\\\/www.immobilienbusiness.ch\\\/#\\\/schema\\\/logo\\\/image\\\/\"},\"sameAs\":[\"https:\\\/\\\/www.facebook.com\\\/immobilienbusiness\\\/\"]},{\"@type\":\"Person\",\"@id\":\"https:\\\/\\\/www.immobilienbusiness.ch\\\/#\\\/schema\\\/person\\\/3fc036297b10b9f42d6db5ee932af8c8\",\"name\":\"anja.hall\",\"image\":{\"@type\":\"ImageObject\",\"inLanguage\":\"it-IT\",\"@id\":\"https:\\\/\\\/secure.gravatar.com\\\/avatar\\\/066b5a0d447013502c71a5782f4f3469f03cfe595cc2329fb94652fe47511bfb?s=96&d=mm&r=g\",\"url\":\"https:\\\/\\\/secure.gravatar.com\\\/avatar\\\/066b5a0d447013502c71a5782f4f3469f03cfe595cc2329fb94652fe47511bfb?s=96&d=mm&r=g\",\"contentUrl\":\"https:\\\/\\\/secure.gravatar.com\\\/avatar\\\/066b5a0d447013502c71a5782f4f3469f03cfe595cc2329fb94652fe47511bfb?s=96&d=mm&r=g\",\"caption\":\"anja.hall\"},\"url\":\"https:\\\/\\\/www.immobilienbusiness.ch\\\/it\\\/author\\\/anja-hall\\\/\"}]}<\/script>\n<!-- \/ Yoast SEO plugin. -->","yoast_head_json":{"title":"CS 1a Immo PK si quoter\u00e0 in borsa - IMMOBILIEN Business","description":"Il Credit Suisse 1a Immo PK sar\u00e0 quotato in futuro alla SIX Swiss Exchange. La quotazione \u00e8 prevista per il secondo trimestre del 2022.","robots":{"index":"index","follow":"follow","max-snippet":"max-snippet:-1","max-image-preview":"max-image-preview:large","max-video-preview":"max-video-preview:-1"},"canonical":"https:\/\/www.immobilienbusiness.ch\/it\/unternehmen\/2021-06-17\/cs-1a-immo-pk-soll-an-die-boerse\/","og_locale":"it_IT","og_type":"article","og_title":"CS 1a Immo PK soll an die B\u00f6rse - IMMOBILIEN Business","og_description":"Der Credit Suisse 1a Immo PK soll in Zukunft an der SIX Swiss Exchange gelistet werden. Die Kotierung ist f\u00fcr das zweite Quartal 2022 geplant.","og_url":"https:\/\/www.immobilienbusiness.ch\/it\/unternehmen\/2021-06-17\/cs-1a-immo-pk-soll-an-die-boerse\/","og_site_name":"IMMOBILIEN Business","article_publisher":"https:\/\/www.facebook.com\/immobilienbusiness\/","article_published_time":"2021-06-17T06:48:38+00:00","og_image":[{"width":624,"height":392,"url":"https:\/\/www.immobilienbusiness.ch\/wp-content\/uploads\/2017\/07\/Immobilien-Business-News-20170710-Dekotierung-Pax-Anlage-AG-c-Alexmit-\u2013-depositphotos.jpg","type":"image\/jpeg"}],"author":"anja.hall","twitter_card":"summary_large_image","twitter_image":"https:\/\/www.immobilienbusiness.ch\/wp-content\/uploads\/2017\/07\/Immobilien-Business-News-20170710-Dekotierung-Pax-Anlage-AG-c-Alexmit-\u2013-depositphotos.jpg","schema":{"@context":"https:\/\/schema.org","@graph":[{"@type":"Article","@id":"https:\/\/www.immobilienbusiness.ch\/en\/unternehmen\/2021-06-17\/cs-1a-immo-pk-soll-an-die-boerse\/#article","isPartOf":{"@id":"https:\/\/www.immobilienbusiness.ch\/en\/unternehmen\/2021-06-17\/cs-1a-immo-pk-soll-an-die-boerse\/"},"author":{"name":"anja.hall","@id":"https:\/\/www.immobilienbusiness.ch\/#\/schema\/person\/3fc036297b10b9f42d6db5ee932af8c8"},"headline":"CS 1a Immo PK soll an die B\u00f6rse","datePublished":"2021-06-17T06:48:38+00:00","mainEntityOfPage":{"@id":"https:\/\/www.immobilienbusiness.ch\/en\/unternehmen\/2021-06-17\/cs-1a-immo-pk-soll-an-die-boerse\/"},"wordCount":188,"publisher":{"@id":"https:\/\/www.immobilienbusiness.ch\/#organization"},"image":{"@id":"https:\/\/www.immobilienbusiness.ch\/en\/unternehmen\/2021-06-17\/cs-1a-immo-pk-soll-an-die-boerse\/#primaryimage"},"thumbnailUrl":"https:\/\/www.immobilienbusiness.ch\/wp-content\/uploads\/2017\/07\/Immobilien-Business-News-20170710-Dekotierung-Pax-Anlage-AG-c-Alexmit-\u2013-depositphotos.jpg","keywords":["B\u00f6rsengang","Credit Suisse","Immobilienfonds"],"articleSection":["UNTERNEHMEN"],"inLanguage":"it-IT"},{"@type":"WebPage","@id":"https:\/\/www.immobilienbusiness.ch\/en\/unternehmen\/2021-06-17\/cs-1a-immo-pk-soll-an-die-boerse\/","url":"https:\/\/www.immobilienbusiness.ch\/en\/unternehmen\/2021-06-17\/cs-1a-immo-pk-soll-an-die-boerse\/","name":"CS 1a Immo PK si quoter\u00e0 in borsa - IMMOBILIEN Business","isPartOf":{"@id":"https:\/\/www.immobilienbusiness.ch\/#website"},"primaryImageOfPage":{"@id":"https:\/\/www.immobilienbusiness.ch\/en\/unternehmen\/2021-06-17\/cs-1a-immo-pk-soll-an-die-boerse\/#primaryimage"},"image":{"@id":"https:\/\/www.immobilienbusiness.ch\/en\/unternehmen\/2021-06-17\/cs-1a-immo-pk-soll-an-die-boerse\/#primaryimage"},"thumbnailUrl":"https:\/\/www.immobilienbusiness.ch\/wp-content\/uploads\/2017\/07\/Immobilien-Business-News-20170710-Dekotierung-Pax-Anlage-AG-c-Alexmit-\u2013-depositphotos.jpg","datePublished":"2021-06-17T06:48:38+00:00","description":"Il Credit Suisse 1a Immo PK sar\u00e0 quotato in futuro alla SIX Swiss Exchange. La quotazione \u00e8 prevista per il secondo trimestre del 2022.","breadcrumb":{"@id":"https:\/\/www.immobilienbusiness.ch\/en\/unternehmen\/2021-06-17\/cs-1a-immo-pk-soll-an-die-boerse\/#breadcrumb"},"inLanguage":"it-IT","potentialAction":[{"@type":"ReadAction","target":["https:\/\/www.immobilienbusiness.ch\/en\/unternehmen\/2021-06-17\/cs-1a-immo-pk-soll-an-die-boerse\/"]}]},{"@type":"ImageObject","inLanguage":"it-IT","@id":"https:\/\/www.immobilienbusiness.ch\/en\/unternehmen\/2021-06-17\/cs-1a-immo-pk-soll-an-die-boerse\/#primaryimage","url":"https:\/\/www.immobilienbusiness.ch\/wp-content\/uploads\/2017\/07\/Immobilien-Business-News-20170710-Dekotierung-Pax-Anlage-AG-c-Alexmit-\u2013-depositphotos.jpg","contentUrl":"https:\/\/www.immobilienbusiness.ch\/wp-content\/uploads\/2017\/07\/Immobilien-Business-News-20170710-Dekotierung-Pax-Anlage-AG-c-Alexmit-\u2013-depositphotos.jpg","width":624,"height":392,"caption":"Ecoreal hat ein Quartalsupdate f\u00fcr seine beiden Anlagegruppen vorgelegt (Bild: Alexmit \u2013 depositphotos)"},{"@type":"BreadcrumbList","@id":"https:\/\/www.immobilienbusiness.ch\/en\/unternehmen\/2021-06-17\/cs-1a-immo-pk-soll-an-die-boerse\/#breadcrumb","itemListElement":[{"@type":"ListItem","position":1,"name":"Home","item":"https:\/\/www.immobilienbusiness.ch\/"},{"@type":"ListItem","position":2,"name":"CS 1a Immo PK soll an die B\u00f6rse"}]},{"@type":"WebSite","@id":"https:\/\/www.immobilienbusiness.ch\/#website","url":"https:\/\/www.immobilienbusiness.ch\/","name":"Affari immobiliari","description":"Rivista economica indipendente svizzera che si concentra sul settore immobiliare, l'architettura e la costruzione, nonch\u00e9 sugli investimenti e i finanziamenti.","publisher":{"@id":"https:\/\/www.immobilienbusiness.ch\/#organization"},"potentialAction":[{"@type":"SearchAction","target":{"@type":"EntryPoint","urlTemplate":"https:\/\/www.immobilienbusiness.ch\/?s={search_term_string}"},"query-input":{"@type":"PropertyValueSpecification","valueRequired":true,"valueName":"search_term_string"}}],"inLanguage":"it-IT"},{"@type":"Organization","@id":"https:\/\/www.immobilienbusiness.ch\/#organization","name":"Affari immobiliari","url":"https:\/\/www.immobilienbusiness.ch\/","logo":{"@type":"ImageObject","inLanguage":"it-IT","@id":"https:\/\/www.immobilienbusiness.ch\/#\/schema\/logo\/image\/","url":"https:\/\/www.immobilienbusiness.ch\/wp-content\/uploads\/2021\/07\/logo_ib.png","contentUrl":"https:\/\/www.immobilienbusiness.ch\/wp-content\/uploads\/2021\/07\/logo_ib.png","width":800,"height":181,"caption":"IMMOBILIEN Business"},"image":{"@id":"https:\/\/www.immobilienbusiness.ch\/#\/schema\/logo\/image\/"},"sameAs":["https:\/\/www.facebook.com\/immobilienbusiness\/"]},{"@type":"Person","@id":"https:\/\/www.immobilienbusiness.ch\/#\/schema\/person\/3fc036297b10b9f42d6db5ee932af8c8","name":"anja.hall","image":{"@type":"ImageObject","inLanguage":"it-IT","@id":"https:\/\/secure.gravatar.com\/avatar\/066b5a0d447013502c71a5782f4f3469f03cfe595cc2329fb94652fe47511bfb?s=96&d=mm&r=g","url":"https:\/\/secure.gravatar.com\/avatar\/066b5a0d447013502c71a5782f4f3469f03cfe595cc2329fb94652fe47511bfb?s=96&d=mm&r=g","contentUrl":"https:\/\/secure.gravatar.com\/avatar\/066b5a0d447013502c71a5782f4f3469f03cfe595cc2329fb94652fe47511bfb?s=96&d=mm&r=g","caption":"anja.hall"},"url":"https:\/\/www.immobilienbusiness.ch\/it\/author\/anja-hall\/"}]}},"_links":{"self":[{"href":"https:\/\/www.immobilienbusiness.ch\/it\/wp-json\/wp\/v2\/posts\/24455","targetHints":{"allow":["GET"]}}],"collection":[{"href":"https:\/\/www.immobilienbusiness.ch\/it\/wp-json\/wp\/v2\/posts"}],"about":[{"href":"https:\/\/www.immobilienbusiness.ch\/it\/wp-json\/wp\/v2\/types\/post"}],"author":[{"embeddable":true,"href":"https:\/\/www.immobilienbusiness.ch\/it\/wp-json\/wp\/v2\/users\/3"}],"replies":[{"embeddable":true,"href":"https:\/\/www.immobilienbusiness.ch\/it\/wp-json\/wp\/v2\/comments?post=24455"}],"version-history":[{"count":0,"href":"https:\/\/www.immobilienbusiness.ch\/it\/wp-json\/wp\/v2\/posts\/24455\/revisions"}],"wp:featuredmedia":[{"embeddable":true,"href":"https:\/\/www.immobilienbusiness.ch\/it\/wp-json\/wp\/v2\/media\/8281"}],"wp:attachment":[{"href":"https:\/\/www.immobilienbusiness.ch\/it\/wp-json\/wp\/v2\/media?parent=24455"}],"wp:term":[{"taxonomy":"category","embeddable":true,"href":"https:\/\/www.immobilienbusiness.ch\/it\/wp-json\/wp\/v2\/categories?post=24455"},{"taxonomy":"post_tag","embeddable":true,"href":"https:\/\/www.immobilienbusiness.ch\/it\/wp-json\/wp\/v2\/tags?post=24455"}],"curies":[{"name":"wp","href":"https:\/\/api.w.org\/{rel}","templated":true}]}}