{"id":24278,"date":"2021-05-28T08:34:30","date_gmt":"2021-05-28T06:34:30","guid":{"rendered":"https:\/\/www.immobilienbusiness.ch\/?p=24278"},"modified":"2021-05-28T08:34:30","modified_gmt":"2021-05-28T06:34:30","slug":"genf-baubeginn-fuer-cote-parc-in-sicht","status":"publish","type":"post","link":"https:\/\/www.immobilienbusiness.ch\/it\/regionen\/2021-05-28\/genf-baubeginn-fuer-cote-parc-in-sicht\/","title":{"rendered":"Ginevra: inizio della costruzione del C\u00f4t\u00e9 Parc in vista"},"content":{"rendered":"<figure id=\"attachment_24279\" aria-describedby=\"caption-attachment-24279\" style=\"width: 680px\" class=\"wp-caption alignnone\"><img loading=\"lazy\" decoding=\"async\" class=\"size-medium wp-image-24279\" src=\"https:\/\/www.immobilienbusiness.ch\/wp-content\/uploads\/2021\/05\/Coteparc1.193345.jpg\" alt=\"\" width=\"680\" height=\"453\" srcset=\"https:\/\/www.immobilienbusiness.ch\/wp-content\/uploads\/2021\/05\/Coteparc1.193345.jpg 1200w, https:\/\/www.immobilienbusiness.ch\/wp-content\/uploads\/2021\/05\/Coteparc1.193345-300x200.jpg 300w, https:\/\/www.immobilienbusiness.ch\/wp-content\/uploads\/2021\/05\/Coteparc1.193345-1024x683.jpg 1024w, https:\/\/www.immobilienbusiness.ch\/wp-content\/uploads\/2021\/05\/Coteparc1.193345-768x512.jpg 768w, https:\/\/www.immobilienbusiness.ch\/wp-content\/uploads\/2021\/05\/Coteparc1.193345-16x12.jpg 16w, https:\/\/www.immobilienbusiness.ch\/wp-content\/uploads\/2021\/05\/Coteparc1.193345-263x175.jpg 263w, https:\/\/www.immobilienbusiness.ch\/wp-content\/uploads\/2021\/05\/Coteparc1.193345-525x350.jpg 525w, https:\/\/www.immobilienbusiness.ch\/wp-content\/uploads\/2021\/05\/Coteparc1.193345-920x613.jpg 920w\" sizes=\"auto, (max-width: 680px) 100vw, 680px\" \/><figcaption id=\"caption-attachment-24279\" class=\"wp-caption-text\">Lo sviluppo del C\u00f4t\u00e9 Parc a Ginevra (Foto: zVg La Fonci\u00e8re)<\/figcaption><\/figure>\n<p>Cinque edifici con 216 appartamenti in affitto a prezzi accessibili e un aparthotel saranno costruiti sui diritti di costruzione ancora liberi del MRPS; inoltre, una propriet\u00e0 esistente sar\u00e0 rialzata. I permessi di costruzione sono legalmente vincolanti, dice l'investitore La Fonci\u00e8re.<\/p>\n<p>Il progetto, che assicura il futuro a lungo termine di MRPS, aumenta il valore del portafoglio immobiliare del fondo di circa 8%. Per il finanziamento, La Fonci\u00e8re aveva effettuato un aumento di capitale di 100 milioni di franchi svizzeri nel marzo 2020, che \u00e8 stato interamente sottoscritto nonostante il contesto borsistico turbolento dell'epoca.<em> (bw)<\/em><\/p>","protected":false},"excerpt":{"rendered":"<p>Nel quartiere Petit-Saconnex di Ginevra, sta per iniziare la costruzione di C\u00f4t\u00e9 Parc, un progetto di MRPS Maison de Retraite du Petit-Saconnex, Losinger-Marazzi e La Fonci\u00e8re.<\/p>","protected":false},"author":3,"featured_media":24279,"comment_status":"closed","ping_status":"open","sticky":false,"template":"","format":"standard","meta":{"_acf_changed":false,"_yoast_wpseo_focuskw":"C\u00f4t\u00e9 Parc","_yoast_wpseo_title":"","_yoast_wpseo_metadesc":"Im Genfer Quartier Petit-Saconnex r\u00fcckt der Baustart f\u00fcr C\u00f4t\u00e9 Parc n\u00e4her, eine \u00dcberbauung mit mehr als 200 Wohnungen.","_yoast_wpseo_linkdex":43,"pgc_sgb_lightbox_settings":"","footnotes":""},"categories":[985],"tags":[1260,1313,1599,1863],"class_list":["post-24278","post","type-post","status-publish","format-standard","has-post-thumbnail","hentry","category-regionen","tag-genf","tag-hotel","tag-projekt-in-bau","tag-wohnimmobilien"],"acf":[],"yoast_head":"<!-- This site is optimized with the Yoast SEO plugin v27.4 - https:\/\/yoast.com\/product\/yoast-seo-wordpress\/ -->\n<title>Genf: Baubeginn f\u00fcr C\u00f4t\u00e9 Parc in Sicht - IMMOBILIEN Business<\/title>\n<meta name=\"description\" content=\"Im Genfer Quartier Petit-Saconnex r\u00fcckt der Baustart f\u00fcr C\u00f4t\u00e9 Parc n\u00e4her, eine \u00dcberbauung mit mehr als 200 Wohnungen.\" \/>\n<meta name=\"robots\" content=\"index, follow, max-snippet:-1, max-image-preview:large, max-video-preview:-1\" \/>\n<link rel=\"canonical\" href=\"https:\/\/www.immobilienbusiness.ch\/it\/regionen\/2021-05-28\/genf-baubeginn-fuer-cote-parc-in-sicht\/\" \/>\n<meta property=\"og:locale\" content=\"it_IT\" \/>\n<meta property=\"og:type\" content=\"article\" \/>\n<meta property=\"og:title\" content=\"Genf: Baubeginn f\u00fcr C\u00f4t\u00e9 Parc in Sicht - IMMOBILIEN Business\" \/>\n<meta property=\"og:description\" content=\"Im Genfer Quartier Petit-Saconnex r\u00fcckt der Baustart f\u00fcr C\u00f4t\u00e9 Parc n\u00e4her, eine \u00dcberbauung mit mehr als 200 Wohnungen.\" \/>\n<meta property=\"og:url\" content=\"https:\/\/www.immobilienbusiness.ch\/it\/regionen\/2021-05-28\/genf-baubeginn-fuer-cote-parc-in-sicht\/\" \/>\n<meta property=\"og:site_name\" content=\"IMMOBILIEN Business\" \/>\n<meta property=\"article:publisher\" content=\"https:\/\/www.facebook.com\/immobilienbusiness\/\" \/>\n<meta property=\"article:published_time\" content=\"2021-05-28T06:34:30+00:00\" \/>\n<meta property=\"og:image\" content=\"https:\/\/www.immobilienbusiness.ch\/wp-content\/uploads\/2021\/05\/Coteparc1.193345.jpg\" \/>\n\t<meta property=\"og:image:width\" content=\"1200\" \/>\n\t<meta property=\"og:image:height\" content=\"800\" \/>\n\t<meta property=\"og:image:type\" content=\"image\/jpeg\" \/>\n<meta name=\"author\" content=\"anja.hall\" \/>\n<meta name=\"twitter:card\" content=\"summary_large_image\" \/>\n<meta name=\"twitter:image\" content=\"https:\/\/www.immobilienbusiness.ch\/wp-content\/uploads\/2021\/05\/Coteparc1.193345.jpg\" \/>\n<script type=\"application\/ld+json\" class=\"yoast-schema-graph\">{\"@context\":\"https:\\\/\\\/schema.org\",\"@graph\":[{\"@type\":\"Article\",\"@id\":\"https:\\\/\\\/www.immobilienbusiness.ch\\\/regionen\\\/2021-05-28\\\/genf-baubeginn-fuer-cote-parc-in-sicht\\\/#article\",\"isPartOf\":{\"@id\":\"https:\\\/\\\/www.immobilienbusiness.ch\\\/regionen\\\/2021-05-28\\\/genf-baubeginn-fuer-cote-parc-in-sicht\\\/\"},\"author\":{\"name\":\"anja.hall\",\"@id\":\"https:\\\/\\\/www.immobilienbusiness.ch\\\/#\\\/schema\\\/person\\\/3fc036297b10b9f42d6db5ee932af8c8\"},\"headline\":\"Genf: Baubeginn f\u00fcr C\u00f4t\u00e9 Parc in Sicht\",\"datePublished\":\"2021-05-28T06:34:30+00:00\",\"mainEntityOfPage\":{\"@id\":\"https:\\\/\\\/www.immobilienbusiness.ch\\\/regionen\\\/2021-05-28\\\/genf-baubeginn-fuer-cote-parc-in-sicht\\\/\"},\"wordCount\":112,\"publisher\":{\"@id\":\"https:\\\/\\\/www.immobilienbusiness.ch\\\/#organization\"},\"image\":{\"@id\":\"https:\\\/\\\/www.immobilienbusiness.ch\\\/regionen\\\/2021-05-28\\\/genf-baubeginn-fuer-cote-parc-in-sicht\\\/#primaryimage\"},\"thumbnailUrl\":\"https:\\\/\\\/www.immobilienbusiness.ch\\\/wp-content\\\/uploads\\\/2021\\\/05\\\/Coteparc1.193345.jpg\",\"keywords\":[\"Genf\",\"Hotel\",\"Projekt in Bau\",\"Wohnimmobilien\"],\"articleSection\":[\"REGIONEN\"],\"inLanguage\":\"it-IT\"},{\"@type\":\"WebPage\",\"@id\":\"https:\\\/\\\/www.immobilienbusiness.ch\\\/regionen\\\/2021-05-28\\\/genf-baubeginn-fuer-cote-parc-in-sicht\\\/\",\"url\":\"https:\\\/\\\/www.immobilienbusiness.ch\\\/regionen\\\/2021-05-28\\\/genf-baubeginn-fuer-cote-parc-in-sicht\\\/\",\"name\":\"Genf: Baubeginn f\u00fcr C\u00f4t\u00e9 Parc in Sicht - IMMOBILIEN Business\",\"isPartOf\":{\"@id\":\"https:\\\/\\\/www.immobilienbusiness.ch\\\/#website\"},\"primaryImageOfPage\":{\"@id\":\"https:\\\/\\\/www.immobilienbusiness.ch\\\/regionen\\\/2021-05-28\\\/genf-baubeginn-fuer-cote-parc-in-sicht\\\/#primaryimage\"},\"image\":{\"@id\":\"https:\\\/\\\/www.immobilienbusiness.ch\\\/regionen\\\/2021-05-28\\\/genf-baubeginn-fuer-cote-parc-in-sicht\\\/#primaryimage\"},\"thumbnailUrl\":\"https:\\\/\\\/www.immobilienbusiness.ch\\\/wp-content\\\/uploads\\\/2021\\\/05\\\/Coteparc1.193345.jpg\",\"datePublished\":\"2021-05-28T06:34:30+00:00\",\"description\":\"Im Genfer Quartier Petit-Saconnex r\u00fcckt der Baustart f\u00fcr C\u00f4t\u00e9 Parc n\u00e4her, eine \u00dcberbauung mit mehr als 200 Wohnungen.\",\"breadcrumb\":{\"@id\":\"https:\\\/\\\/www.immobilienbusiness.ch\\\/regionen\\\/2021-05-28\\\/genf-baubeginn-fuer-cote-parc-in-sicht\\\/#breadcrumb\"},\"inLanguage\":\"it-IT\",\"potentialAction\":[{\"@type\":\"ReadAction\",\"target\":[\"https:\\\/\\\/www.immobilienbusiness.ch\\\/regionen\\\/2021-05-28\\\/genf-baubeginn-fuer-cote-parc-in-sicht\\\/\"]}]},{\"@type\":\"ImageObject\",\"inLanguage\":\"it-IT\",\"@id\":\"https:\\\/\\\/www.immobilienbusiness.ch\\\/regionen\\\/2021-05-28\\\/genf-baubeginn-fuer-cote-parc-in-sicht\\\/#primaryimage\",\"url\":\"https:\\\/\\\/www.immobilienbusiness.ch\\\/wp-content\\\/uploads\\\/2021\\\/05\\\/Coteparc1.193345.jpg\",\"contentUrl\":\"https:\\\/\\\/www.immobilienbusiness.ch\\\/wp-content\\\/uploads\\\/2021\\\/05\\\/Coteparc1.193345.jpg\",\"width\":1200,\"height\":800,\"caption\":\"Die \u00dcberbauung Cot\u00e9 Parc im Kanton Genf, ein k\u00fcrzlich abgeschlossenes Bauprojekte des Fonds (Bild: zVg La Fonci\u00e8re)\"},{\"@type\":\"BreadcrumbList\",\"@id\":\"https:\\\/\\\/www.immobilienbusiness.ch\\\/regionen\\\/2021-05-28\\\/genf-baubeginn-fuer-cote-parc-in-sicht\\\/#breadcrumb\",\"itemListElement\":[{\"@type\":\"ListItem\",\"position\":1,\"name\":\"Home\",\"item\":\"https:\\\/\\\/www.immobilienbusiness.ch\\\/\"},{\"@type\":\"ListItem\",\"position\":2,\"name\":\"Genf: Baubeginn f\u00fcr C\u00f4t\u00e9 Parc in Sicht\"}]},{\"@type\":\"WebSite\",\"@id\":\"https:\\\/\\\/www.immobilienbusiness.ch\\\/#website\",\"url\":\"https:\\\/\\\/www.immobilienbusiness.ch\\\/\",\"name\":\"IMMOBILIEN Business\",\"description\":\"Unabh\u00e4ngiges Schweizer Wirtschaftsmagazin mit Fokus auf Immobilien, Architektur- und Bau sowie Investment- und Finanzierung.\",\"publisher\":{\"@id\":\"https:\\\/\\\/www.immobilienbusiness.ch\\\/#organization\"},\"potentialAction\":[{\"@type\":\"SearchAction\",\"target\":{\"@type\":\"EntryPoint\",\"urlTemplate\":\"https:\\\/\\\/www.immobilienbusiness.ch\\\/?s={search_term_string}\"},\"query-input\":{\"@type\":\"PropertyValueSpecification\",\"valueRequired\":true,\"valueName\":\"search_term_string\"}}],\"inLanguage\":\"it-IT\"},{\"@type\":\"Organization\",\"@id\":\"https:\\\/\\\/www.immobilienbusiness.ch\\\/#organization\",\"name\":\"IMMOBILIEN Business\",\"url\":\"https:\\\/\\\/www.immobilienbusiness.ch\\\/\",\"logo\":{\"@type\":\"ImageObject\",\"inLanguage\":\"it-IT\",\"@id\":\"https:\\\/\\\/www.immobilienbusiness.ch\\\/#\\\/schema\\\/logo\\\/image\\\/\",\"url\":\"https:\\\/\\\/www.immobilienbusiness.ch\\\/wp-content\\\/uploads\\\/2021\\\/07\\\/logo_ib.png\",\"contentUrl\":\"https:\\\/\\\/www.immobilienbusiness.ch\\\/wp-content\\\/uploads\\\/2021\\\/07\\\/logo_ib.png\",\"width\":800,\"height\":181,\"caption\":\"IMMOBILIEN Business\"},\"image\":{\"@id\":\"https:\\\/\\\/www.immobilienbusiness.ch\\\/#\\\/schema\\\/logo\\\/image\\\/\"},\"sameAs\":[\"https:\\\/\\\/www.facebook.com\\\/immobilienbusiness\\\/\"]},{\"@type\":\"Person\",\"@id\":\"https:\\\/\\\/www.immobilienbusiness.ch\\\/#\\\/schema\\\/person\\\/3fc036297b10b9f42d6db5ee932af8c8\",\"name\":\"anja.hall\",\"image\":{\"@type\":\"ImageObject\",\"inLanguage\":\"it-IT\",\"@id\":\"https:\\\/\\\/secure.gravatar.com\\\/avatar\\\/066b5a0d447013502c71a5782f4f3469f03cfe595cc2329fb94652fe47511bfb?s=96&d=mm&r=g\",\"url\":\"https:\\\/\\\/secure.gravatar.com\\\/avatar\\\/066b5a0d447013502c71a5782f4f3469f03cfe595cc2329fb94652fe47511bfb?s=96&d=mm&r=g\",\"contentUrl\":\"https:\\\/\\\/secure.gravatar.com\\\/avatar\\\/066b5a0d447013502c71a5782f4f3469f03cfe595cc2329fb94652fe47511bfb?s=96&d=mm&r=g\",\"caption\":\"anja.hall\"},\"url\":\"https:\\\/\\\/www.immobilienbusiness.ch\\\/it\\\/author\\\/anja-hall\\\/\"}]}<\/script>\n<!-- \/ Yoast SEO plugin. -->","yoast_head_json":{"title":"Ginevra: in vista l'inizio della costruzione del C\u00f4t\u00e9 Parc - IMMOBILIEN Business","description":"Im Genfer Quartier Petit-Saconnex r\u00fcckt der Baustart f\u00fcr C\u00f4t\u00e9 Parc n\u00e4her, eine \u00dcberbauung mit mehr als 200 Wohnungen.","robots":{"index":"index","follow":"follow","max-snippet":"max-snippet:-1","max-image-preview":"max-image-preview:large","max-video-preview":"max-video-preview:-1"},"canonical":"https:\/\/www.immobilienbusiness.ch\/it\/regionen\/2021-05-28\/genf-baubeginn-fuer-cote-parc-in-sicht\/","og_locale":"it_IT","og_type":"article","og_title":"Genf: Baubeginn f\u00fcr C\u00f4t\u00e9 Parc in Sicht - IMMOBILIEN Business","og_description":"Im Genfer Quartier Petit-Saconnex r\u00fcckt der Baustart f\u00fcr C\u00f4t\u00e9 Parc n\u00e4her, eine \u00dcberbauung mit mehr als 200 Wohnungen.","og_url":"https:\/\/www.immobilienbusiness.ch\/it\/regionen\/2021-05-28\/genf-baubeginn-fuer-cote-parc-in-sicht\/","og_site_name":"IMMOBILIEN Business","article_publisher":"https:\/\/www.facebook.com\/immobilienbusiness\/","article_published_time":"2021-05-28T06:34:30+00:00","og_image":[{"width":1200,"height":800,"url":"https:\/\/www.immobilienbusiness.ch\/wp-content\/uploads\/2021\/05\/Coteparc1.193345.jpg","type":"image\/jpeg"}],"author":"anja.hall","twitter_card":"summary_large_image","twitter_image":"https:\/\/www.immobilienbusiness.ch\/wp-content\/uploads\/2021\/05\/Coteparc1.193345.jpg","schema":{"@context":"https:\/\/schema.org","@graph":[{"@type":"Article","@id":"https:\/\/www.immobilienbusiness.ch\/regionen\/2021-05-28\/genf-baubeginn-fuer-cote-parc-in-sicht\/#article","isPartOf":{"@id":"https:\/\/www.immobilienbusiness.ch\/regionen\/2021-05-28\/genf-baubeginn-fuer-cote-parc-in-sicht\/"},"author":{"name":"anja.hall","@id":"https:\/\/www.immobilienbusiness.ch\/#\/schema\/person\/3fc036297b10b9f42d6db5ee932af8c8"},"headline":"Genf: Baubeginn f\u00fcr C\u00f4t\u00e9 Parc in Sicht","datePublished":"2021-05-28T06:34:30+00:00","mainEntityOfPage":{"@id":"https:\/\/www.immobilienbusiness.ch\/regionen\/2021-05-28\/genf-baubeginn-fuer-cote-parc-in-sicht\/"},"wordCount":112,"publisher":{"@id":"https:\/\/www.immobilienbusiness.ch\/#organization"},"image":{"@id":"https:\/\/www.immobilienbusiness.ch\/regionen\/2021-05-28\/genf-baubeginn-fuer-cote-parc-in-sicht\/#primaryimage"},"thumbnailUrl":"https:\/\/www.immobilienbusiness.ch\/wp-content\/uploads\/2021\/05\/Coteparc1.193345.jpg","keywords":["Genf","Hotel","Projekt in Bau","Wohnimmobilien"],"articleSection":["REGIONEN"],"inLanguage":"it-IT"},{"@type":"WebPage","@id":"https:\/\/www.immobilienbusiness.ch\/regionen\/2021-05-28\/genf-baubeginn-fuer-cote-parc-in-sicht\/","url":"https:\/\/www.immobilienbusiness.ch\/regionen\/2021-05-28\/genf-baubeginn-fuer-cote-parc-in-sicht\/","name":"Ginevra: in vista l'inizio della costruzione del C\u00f4t\u00e9 Parc - IMMOBILIEN Business","isPartOf":{"@id":"https:\/\/www.immobilienbusiness.ch\/#website"},"primaryImageOfPage":{"@id":"https:\/\/www.immobilienbusiness.ch\/regionen\/2021-05-28\/genf-baubeginn-fuer-cote-parc-in-sicht\/#primaryimage"},"image":{"@id":"https:\/\/www.immobilienbusiness.ch\/regionen\/2021-05-28\/genf-baubeginn-fuer-cote-parc-in-sicht\/#primaryimage"},"thumbnailUrl":"https:\/\/www.immobilienbusiness.ch\/wp-content\/uploads\/2021\/05\/Coteparc1.193345.jpg","datePublished":"2021-05-28T06:34:30+00:00","description":"Im Genfer Quartier Petit-Saconnex r\u00fcckt der Baustart f\u00fcr C\u00f4t\u00e9 Parc n\u00e4her, eine \u00dcberbauung mit mehr als 200 Wohnungen.","breadcrumb":{"@id":"https:\/\/www.immobilienbusiness.ch\/regionen\/2021-05-28\/genf-baubeginn-fuer-cote-parc-in-sicht\/#breadcrumb"},"inLanguage":"it-IT","potentialAction":[{"@type":"ReadAction","target":["https:\/\/www.immobilienbusiness.ch\/regionen\/2021-05-28\/genf-baubeginn-fuer-cote-parc-in-sicht\/"]}]},{"@type":"ImageObject","inLanguage":"it-IT","@id":"https:\/\/www.immobilienbusiness.ch\/regionen\/2021-05-28\/genf-baubeginn-fuer-cote-parc-in-sicht\/#primaryimage","url":"https:\/\/www.immobilienbusiness.ch\/wp-content\/uploads\/2021\/05\/Coteparc1.193345.jpg","contentUrl":"https:\/\/www.immobilienbusiness.ch\/wp-content\/uploads\/2021\/05\/Coteparc1.193345.jpg","width":1200,"height":800,"caption":"Die \u00dcberbauung Cot\u00e9 Parc im Kanton Genf, ein k\u00fcrzlich abgeschlossenes Bauprojekte des Fonds (Bild: zVg La Fonci\u00e8re)"},{"@type":"BreadcrumbList","@id":"https:\/\/www.immobilienbusiness.ch\/regionen\/2021-05-28\/genf-baubeginn-fuer-cote-parc-in-sicht\/#breadcrumb","itemListElement":[{"@type":"ListItem","position":1,"name":"Home","item":"https:\/\/www.immobilienbusiness.ch\/"},{"@type":"ListItem","position":2,"name":"Genf: Baubeginn f\u00fcr C\u00f4t\u00e9 Parc in Sicht"}]},{"@type":"WebSite","@id":"https:\/\/www.immobilienbusiness.ch\/#website","url":"https:\/\/www.immobilienbusiness.ch\/","name":"Affari immobiliari","description":"Rivista economica indipendente svizzera che si concentra sul settore immobiliare, l'architettura e la costruzione, nonch\u00e9 sugli investimenti e i finanziamenti.","publisher":{"@id":"https:\/\/www.immobilienbusiness.ch\/#organization"},"potentialAction":[{"@type":"SearchAction","target":{"@type":"EntryPoint","urlTemplate":"https:\/\/www.immobilienbusiness.ch\/?s={search_term_string}"},"query-input":{"@type":"PropertyValueSpecification","valueRequired":true,"valueName":"search_term_string"}}],"inLanguage":"it-IT"},{"@type":"Organization","@id":"https:\/\/www.immobilienbusiness.ch\/#organization","name":"Affari immobiliari","url":"https:\/\/www.immobilienbusiness.ch\/","logo":{"@type":"ImageObject","inLanguage":"it-IT","@id":"https:\/\/www.immobilienbusiness.ch\/#\/schema\/logo\/image\/","url":"https:\/\/www.immobilienbusiness.ch\/wp-content\/uploads\/2021\/07\/logo_ib.png","contentUrl":"https:\/\/www.immobilienbusiness.ch\/wp-content\/uploads\/2021\/07\/logo_ib.png","width":800,"height":181,"caption":"IMMOBILIEN Business"},"image":{"@id":"https:\/\/www.immobilienbusiness.ch\/#\/schema\/logo\/image\/"},"sameAs":["https:\/\/www.facebook.com\/immobilienbusiness\/"]},{"@type":"Person","@id":"https:\/\/www.immobilienbusiness.ch\/#\/schema\/person\/3fc036297b10b9f42d6db5ee932af8c8","name":"anja.hall","image":{"@type":"ImageObject","inLanguage":"it-IT","@id":"https:\/\/secure.gravatar.com\/avatar\/066b5a0d447013502c71a5782f4f3469f03cfe595cc2329fb94652fe47511bfb?s=96&d=mm&r=g","url":"https:\/\/secure.gravatar.com\/avatar\/066b5a0d447013502c71a5782f4f3469f03cfe595cc2329fb94652fe47511bfb?s=96&d=mm&r=g","contentUrl":"https:\/\/secure.gravatar.com\/avatar\/066b5a0d447013502c71a5782f4f3469f03cfe595cc2329fb94652fe47511bfb?s=96&d=mm&r=g","caption":"anja.hall"},"url":"https:\/\/www.immobilienbusiness.ch\/it\/author\/anja-hall\/"}]}},"_links":{"self":[{"href":"https:\/\/www.immobilienbusiness.ch\/it\/wp-json\/wp\/v2\/posts\/24278","targetHints":{"allow":["GET"]}}],"collection":[{"href":"https:\/\/www.immobilienbusiness.ch\/it\/wp-json\/wp\/v2\/posts"}],"about":[{"href":"https:\/\/www.immobilienbusiness.ch\/it\/wp-json\/wp\/v2\/types\/post"}],"author":[{"embeddable":true,"href":"https:\/\/www.immobilienbusiness.ch\/it\/wp-json\/wp\/v2\/users\/3"}],"replies":[{"embeddable":true,"href":"https:\/\/www.immobilienbusiness.ch\/it\/wp-json\/wp\/v2\/comments?post=24278"}],"version-history":[{"count":0,"href":"https:\/\/www.immobilienbusiness.ch\/it\/wp-json\/wp\/v2\/posts\/24278\/revisions"}],"wp:featuredmedia":[{"embeddable":true,"href":"https:\/\/www.immobilienbusiness.ch\/it\/wp-json\/wp\/v2\/media\/24279"}],"wp:attachment":[{"href":"https:\/\/www.immobilienbusiness.ch\/it\/wp-json\/wp\/v2\/media?parent=24278"}],"wp:term":[{"taxonomy":"category","embeddable":true,"href":"https:\/\/www.immobilienbusiness.ch\/it\/wp-json\/wp\/v2\/categories?post=24278"},{"taxonomy":"post_tag","embeddable":true,"href":"https:\/\/www.immobilienbusiness.ch\/it\/wp-json\/wp\/v2\/tags?post=24278"}],"curies":[{"name":"wp","href":"https:\/\/api.w.org\/{rel}","templated":true}]}}