{"id":2427,"date":"2016-03-02T10:20:38","date_gmt":"2016-03-02T09:20:38","guid":{"rendered":"http:\/\/dev.immobilienbusiness.ch\/?p=2427"},"modified":"2016-03-02T10:20:38","modified_gmt":"2016-03-02T09:20:38","slug":"solothurn-migros-wird-mieterin-auf-dem-oeufi-areal","status":"publish","type":"post","link":"https:\/\/www.immobilienbusiness.ch\/it\/buero\/2016-03-02\/solothurn-migros-wird-mieterin-auf-dem-oeufi-areal\/","title":{"rendered":"Soletta: Migros diventa affittuario del sito \u00d6ufi"},"content":{"rendered":"<figure id=\"attachment_2429\" aria-describedby=\"caption-attachment-2429\" style=\"width: 680px\" class=\"wp-caption alignnone\"><img loading=\"lazy\" decoding=\"async\" class=\"size-medium wp-image-2429\" src=\"https:\/\/immobilienbusiness.ch\/wp-content\/uploads\/2016\/12\/Solothurn-Migros-wird-Mieterin-auf-dem-\u00d6ufi-Areal-immobilien-business.jpg\" alt=\"Das neue Retail-, Dienstleistungs- und B\u00fcro-Center der Sasolim AG an der Bielstrasse in Solothurn (Bild: Privera AG)\" width=\"680\" height=\"308\" \/><figcaption id=\"caption-attachment-2429\" class=\"wp-caption-text\">Il nuovo centro commerciale, servizi e uffici di Sasolim AG nella Bielstrasse di Soletta (Immagine: Privera AG)<\/figcaption><\/figure>\n<p>Il sito di 10.000 metri quadrati di \u00d6ufi si trova all'angolo tra Bielstrasse e Fabrikstrasse ed \u00e8 stato ben sviluppato dopo la costruzione della Westtangente nel 2008. Con il progetto \"Bielstrasse 80\", al posto degli attuali grandi capannoni di produzione verr\u00e0 realizzato un nuovo edificio moderno con spazi per la vendita al dettaglio, i servizi e gli uffici. Secondo un comunicato stampa, dopo \"intense trattative\", Privera AG \u00e8 riuscita ad aggiudicarsi la cooperativa Migros Aare come locatario.<\/p>\n<p>Per il Dr. Raoul Stampfli, Presidente del Consiglio di Amministrazione di Sasolim AG, questo conferma l'attrattiva della location: \"I locatari che cercano presenza e frequenza sono nel posto giusto con noi, perch\u00e9 siamo situati nella rotatoria pi\u00f9 trafficata della regione\". La vicinanza ai pendolari \u00e8 un vantaggio da non sottovalutare\".<\/p>\n<p>Oltre a un supermercato Migros, nel progetto di Soletta aprir\u00e0 un centro fitness FlowerPower. Secondo Privera, sono disponibili altri spazi per fornitori di servizi e\/o negozi specializzati, nonch\u00e9 per uffici. Sono in corso trattative con potenziali locatari, tra cui Denner. (mr)<\/p>","protected":false},"excerpt":{"rendered":"<p>Sasolim AG sta pianificando un nuovo e moderno progetto edilizio sul sito di \u00d6ufi a Soletta. Sono previsti spazi per la vendita al dettaglio, servizi e uffici vicino alla citt\u00e0. Privera AG sar\u00e0 responsabile della futura gestione del centro.<\/p>","protected":false},"author":1,"featured_media":2429,"comment_status":"open","ping_status":"open","sticky":false,"template":"","format":"standard","meta":{"_acf_changed":false,"_yoast_wpseo_focuskw":"\u00d6ufi-Areal Solothurn","_yoast_wpseo_title":"\u00d6ufi-Areal Solothurn: Migros wird neue Mieterin","_yoast_wpseo_metadesc":"Angesichts der neuen Nutzung des \u00d6ufi-Areals in Solothurn best\u00e4tigt sich die Standortattraktivit\u00e4t f\u00fcr Retail und Dienstleistungen.","_yoast_wpseo_linkdex":61,"pgc_sgb_lightbox_settings":"","footnotes":""},"categories":[983,987],"tags":[1118,1205,1643],"class_list":["post-2427","post","type-post","status-publish","format-standard","has-post-thumbnail","hentry","category-buero","category-retail","tag-buero","tag-espace-mittelland","tag-retail"],"acf":[],"yoast_head":"<!-- This site is optimized with the Yoast SEO plugin v27.4 - https:\/\/yoast.com\/product\/yoast-seo-wordpress\/ -->\n<title>\u00d6ufi-Areal Solothurn: Migros wird neue Mieterin<\/title>\n<meta name=\"description\" content=\"Angesichts der neuen Nutzung des \u00d6ufi-Areals in Solothurn best\u00e4tigt sich die Standortattraktivit\u00e4t f\u00fcr Retail und Dienstleistungen.\" \/>\n<meta name=\"robots\" content=\"index, follow, max-snippet:-1, max-image-preview:large, max-video-preview:-1\" \/>\n<link rel=\"canonical\" href=\"https:\/\/www.immobilienbusiness.ch\/it\/buero\/2016-03-02\/solothurn-migros-wird-mieterin-auf-dem-oeufi-areal\/\" \/>\n<meta property=\"og:locale\" content=\"it_IT\" \/>\n<meta property=\"og:type\" content=\"article\" \/>\n<meta property=\"og:title\" content=\"Solothurn: Migros wird Mieterin auf dem \u00d6ufi-Areal\" \/>\n<meta property=\"og:description\" content=\"Auf dem \u00d6ufi-Areal in Solothurn plant die Sasolim AG ein modernes Neubauprojekt. Vorgesehen sind Retail-, Dienstleistungs- und B\u00fcrofl\u00e4chen in Stadtn\u00e4he. F\u00fcr das k\u00fcnftige Center-Management wird die Privera AG zust\u00e4ndig sein.\" \/>\n<meta property=\"og:url\" content=\"https:\/\/www.immobilienbusiness.ch\/it\/buero\/2016-03-02\/solothurn-migros-wird-mieterin-auf-dem-oeufi-areal\/\" \/>\n<meta property=\"og:site_name\" content=\"IMMOBILIEN Business\" \/>\n<meta property=\"article:publisher\" content=\"https:\/\/www.facebook.com\/immobilienbusiness\/\" \/>\n<meta property=\"article:published_time\" content=\"2016-03-02T09:20:38+00:00\" \/>\n<meta name=\"author\" content=\"Redaktion\" \/>\n<meta name=\"twitter:card\" content=\"summary_large_image\" \/>\n<meta name=\"twitter:image\" content=\"https:\/\/www.immobilienbusiness.ch\/wp-content\/uploads\/2016\/12\/Solothurn-Migros-wird-Mieterin-auf-dem-Oeufi-Areal-immobilien-business.jpg\" \/>\n<script type=\"application\/ld+json\" class=\"yoast-schema-graph\">{\"@context\":\"https:\\\/\\\/schema.org\",\"@graph\":[{\"@type\":\"Article\",\"@id\":\"https:\\\/\\\/www.immobilienbusiness.ch\\\/buero\\\/2016-03-02\\\/solothurn-migros-wird-mieterin-auf-dem-oeufi-areal\\\/#article\",\"isPartOf\":{\"@id\":\"https:\\\/\\\/www.immobilienbusiness.ch\\\/buero\\\/2016-03-02\\\/solothurn-migros-wird-mieterin-auf-dem-oeufi-areal\\\/\"},\"author\":{\"name\":\"Redaktion\",\"@id\":\"https:\\\/\\\/www.immobilienbusiness.ch\\\/#\\\/schema\\\/person\\\/aa2bace6c5c5aad60102004a50c4eb1c\"},\"headline\":\"Solothurn: Migros wird Mieterin auf dem \u00d6ufi-Areal\",\"datePublished\":\"2016-03-02T09:20:38+00:00\",\"mainEntityOfPage\":{\"@id\":\"https:\\\/\\\/www.immobilienbusiness.ch\\\/buero\\\/2016-03-02\\\/solothurn-migros-wird-mieterin-auf-dem-oeufi-areal\\\/\"},\"wordCount\":198,\"commentCount\":0,\"publisher\":{\"@id\":\"https:\\\/\\\/www.immobilienbusiness.ch\\\/#organization\"},\"image\":{\"@id\":\"https:\\\/\\\/www.immobilienbusiness.ch\\\/buero\\\/2016-03-02\\\/solothurn-migros-wird-mieterin-auf-dem-oeufi-areal\\\/#primaryimage\"},\"thumbnailUrl\":\"https:\\\/\\\/www.immobilienbusiness.ch\\\/wp-content\\\/uploads\\\/2016\\\/12\\\/Solothurn-Migros-wird-Mieterin-auf-dem-Oeufi-Areal-immobilien-business.jpg\",\"keywords\":[\"B\u00fcro\",\"Espace Mittelland\",\"Retail\"],\"articleSection\":[\"B\u00dcRO\",\"RETAIL\"],\"inLanguage\":\"it-IT\"},{\"@type\":\"WebPage\",\"@id\":\"https:\\\/\\\/www.immobilienbusiness.ch\\\/buero\\\/2016-03-02\\\/solothurn-migros-wird-mieterin-auf-dem-oeufi-areal\\\/\",\"url\":\"https:\\\/\\\/www.immobilienbusiness.ch\\\/buero\\\/2016-03-02\\\/solothurn-migros-wird-mieterin-auf-dem-oeufi-areal\\\/\",\"name\":\"\u00d6ufi-Areal Solothurn: Migros wird neue Mieterin\",\"isPartOf\":{\"@id\":\"https:\\\/\\\/www.immobilienbusiness.ch\\\/#website\"},\"primaryImageOfPage\":{\"@id\":\"https:\\\/\\\/www.immobilienbusiness.ch\\\/buero\\\/2016-03-02\\\/solothurn-migros-wird-mieterin-auf-dem-oeufi-areal\\\/#primaryimage\"},\"image\":{\"@id\":\"https:\\\/\\\/www.immobilienbusiness.ch\\\/buero\\\/2016-03-02\\\/solothurn-migros-wird-mieterin-auf-dem-oeufi-areal\\\/#primaryimage\"},\"thumbnailUrl\":\"https:\\\/\\\/www.immobilienbusiness.ch\\\/wp-content\\\/uploads\\\/2016\\\/12\\\/Solothurn-Migros-wird-Mieterin-auf-dem-Oeufi-Areal-immobilien-business.jpg\",\"datePublished\":\"2016-03-02T09:20:38+00:00\",\"description\":\"Angesichts der neuen Nutzung des \u00d6ufi-Areals in Solothurn best\u00e4tigt sich die Standortattraktivit\u00e4t f\u00fcr Retail und Dienstleistungen.\",\"breadcrumb\":{\"@id\":\"https:\\\/\\\/www.immobilienbusiness.ch\\\/buero\\\/2016-03-02\\\/solothurn-migros-wird-mieterin-auf-dem-oeufi-areal\\\/#breadcrumb\"},\"inLanguage\":\"it-IT\",\"potentialAction\":[{\"@type\":\"ReadAction\",\"target\":[\"https:\\\/\\\/www.immobilienbusiness.ch\\\/buero\\\/2016-03-02\\\/solothurn-migros-wird-mieterin-auf-dem-oeufi-areal\\\/\"]}]},{\"@type\":\"ImageObject\",\"inLanguage\":\"it-IT\",\"@id\":\"https:\\\/\\\/www.immobilienbusiness.ch\\\/buero\\\/2016-03-02\\\/solothurn-migros-wird-mieterin-auf-dem-oeufi-areal\\\/#primaryimage\",\"url\":\"https:\\\/\\\/www.immobilienbusiness.ch\\\/wp-content\\\/uploads\\\/2016\\\/12\\\/Solothurn-Migros-wird-Mieterin-auf-dem-Oeufi-Areal-immobilien-business.jpg\",\"contentUrl\":\"https:\\\/\\\/www.immobilienbusiness.ch\\\/wp-content\\\/uploads\\\/2016\\\/12\\\/Solothurn-Migros-wird-Mieterin-auf-dem-Oeufi-Areal-immobilien-business.jpg\",\"width\":2560,\"height\":1159,\"caption\":\"Das neue Retail-, Dienstleistungs- und B\u00fcro-Center der Sasolim AG an der Bielstrasse in Solothurn (Bild: Privera AG)\"},{\"@type\":\"BreadcrumbList\",\"@id\":\"https:\\\/\\\/www.immobilienbusiness.ch\\\/buero\\\/2016-03-02\\\/solothurn-migros-wird-mieterin-auf-dem-oeufi-areal\\\/#breadcrumb\",\"itemListElement\":[{\"@type\":\"ListItem\",\"position\":1,\"name\":\"Home\",\"item\":\"https:\\\/\\\/www.immobilienbusiness.ch\\\/\"},{\"@type\":\"ListItem\",\"position\":2,\"name\":\"Solothurn: Migros wird Mieterin auf dem \u00d6ufi-Areal\"}]},{\"@type\":\"WebSite\",\"@id\":\"https:\\\/\\\/www.immobilienbusiness.ch\\\/#website\",\"url\":\"https:\\\/\\\/www.immobilienbusiness.ch\\\/\",\"name\":\"IMMOBILIEN Business\",\"description\":\"Unabh\u00e4ngiges Schweizer Wirtschaftsmagazin mit Fokus auf Immobilien, Architektur- und Bau sowie Investment- und Finanzierung.\",\"publisher\":{\"@id\":\"https:\\\/\\\/www.immobilienbusiness.ch\\\/#organization\"},\"potentialAction\":[{\"@type\":\"SearchAction\",\"target\":{\"@type\":\"EntryPoint\",\"urlTemplate\":\"https:\\\/\\\/www.immobilienbusiness.ch\\\/?s={search_term_string}\"},\"query-input\":{\"@type\":\"PropertyValueSpecification\",\"valueRequired\":true,\"valueName\":\"search_term_string\"}}],\"inLanguage\":\"it-IT\"},{\"@type\":\"Organization\",\"@id\":\"https:\\\/\\\/www.immobilienbusiness.ch\\\/#organization\",\"name\":\"IMMOBILIEN Business\",\"url\":\"https:\\\/\\\/www.immobilienbusiness.ch\\\/\",\"logo\":{\"@type\":\"ImageObject\",\"inLanguage\":\"it-IT\",\"@id\":\"https:\\\/\\\/www.immobilienbusiness.ch\\\/#\\\/schema\\\/logo\\\/image\\\/\",\"url\":\"https:\\\/\\\/www.immobilienbusiness.ch\\\/wp-content\\\/uploads\\\/2021\\\/07\\\/logo_ib.png\",\"contentUrl\":\"https:\\\/\\\/www.immobilienbusiness.ch\\\/wp-content\\\/uploads\\\/2021\\\/07\\\/logo_ib.png\",\"width\":800,\"height\":181,\"caption\":\"IMMOBILIEN Business\"},\"image\":{\"@id\":\"https:\\\/\\\/www.immobilienbusiness.ch\\\/#\\\/schema\\\/logo\\\/image\\\/\"},\"sameAs\":[\"https:\\\/\\\/www.facebook.com\\\/immobilienbusiness\\\/\"]},{\"@type\":\"Person\",\"@id\":\"https:\\\/\\\/www.immobilienbusiness.ch\\\/#\\\/schema\\\/person\\\/aa2bace6c5c5aad60102004a50c4eb1c\",\"name\":\"Redaktion\",\"image\":{\"@type\":\"ImageObject\",\"inLanguage\":\"it-IT\",\"@id\":\"https:\\\/\\\/secure.gravatar.com\\\/avatar\\\/ae2f4d718e6c49043e314ce431e7e645d646302a24a5ef5a8bc8e3f5a032e319?s=96&d=mm&r=g\",\"url\":\"https:\\\/\\\/secure.gravatar.com\\\/avatar\\\/ae2f4d718e6c49043e314ce431e7e645d646302a24a5ef5a8bc8e3f5a032e319?s=96&d=mm&r=g\",\"contentUrl\":\"https:\\\/\\\/secure.gravatar.com\\\/avatar\\\/ae2f4d718e6c49043e314ce431e7e645d646302a24a5ef5a8bc8e3f5a032e319?s=96&d=mm&r=g\",\"caption\":\"Redaktion\"},\"sameAs\":[\"http:\\\/\\\/develop.organisator.galledia.ch\"],\"url\":\"https:\\\/\\\/www.immobilienbusiness.ch\\\/it\\\/author\\\/admin\\\/\"}]}<\/script>\n<!-- \/ Yoast SEO plugin. -->","yoast_head_json":{"title":"\u00d6ufi-Areal Solothurn: Migros wird neue Mieterin","description":"Angesichts der neuen Nutzung des \u00d6ufi-Areals in Solothurn best\u00e4tigt sich die Standortattraktivit\u00e4t f\u00fcr Retail und Dienstleistungen.","robots":{"index":"index","follow":"follow","max-snippet":"max-snippet:-1","max-image-preview":"max-image-preview:large","max-video-preview":"max-video-preview:-1"},"canonical":"https:\/\/www.immobilienbusiness.ch\/it\/buero\/2016-03-02\/solothurn-migros-wird-mieterin-auf-dem-oeufi-areal\/","og_locale":"it_IT","og_type":"article","og_title":"Solothurn: Migros wird Mieterin auf dem \u00d6ufi-Areal","og_description":"Auf dem \u00d6ufi-Areal in Solothurn plant die Sasolim AG ein modernes Neubauprojekt. Vorgesehen sind Retail-, Dienstleistungs- und B\u00fcrofl\u00e4chen in Stadtn\u00e4he. F\u00fcr das k\u00fcnftige Center-Management wird die Privera AG zust\u00e4ndig sein.","og_url":"https:\/\/www.immobilienbusiness.ch\/it\/buero\/2016-03-02\/solothurn-migros-wird-mieterin-auf-dem-oeufi-areal\/","og_site_name":"IMMOBILIEN Business","article_publisher":"https:\/\/www.facebook.com\/immobilienbusiness\/","article_published_time":"2016-03-02T09:20:38+00:00","author":"Redaktion","twitter_card":"summary_large_image","twitter_image":"https:\/\/www.immobilienbusiness.ch\/wp-content\/uploads\/2016\/12\/Solothurn-Migros-wird-Mieterin-auf-dem-Oeufi-Areal-immobilien-business.jpg","schema":{"@context":"https:\/\/schema.org","@graph":[{"@type":"Article","@id":"https:\/\/www.immobilienbusiness.ch\/buero\/2016-03-02\/solothurn-migros-wird-mieterin-auf-dem-oeufi-areal\/#article","isPartOf":{"@id":"https:\/\/www.immobilienbusiness.ch\/buero\/2016-03-02\/solothurn-migros-wird-mieterin-auf-dem-oeufi-areal\/"},"author":{"name":"Redaktion","@id":"https:\/\/www.immobilienbusiness.ch\/#\/schema\/person\/aa2bace6c5c5aad60102004a50c4eb1c"},"headline":"Solothurn: Migros wird Mieterin auf dem \u00d6ufi-Areal","datePublished":"2016-03-02T09:20:38+00:00","mainEntityOfPage":{"@id":"https:\/\/www.immobilienbusiness.ch\/buero\/2016-03-02\/solothurn-migros-wird-mieterin-auf-dem-oeufi-areal\/"},"wordCount":198,"commentCount":0,"publisher":{"@id":"https:\/\/www.immobilienbusiness.ch\/#organization"},"image":{"@id":"https:\/\/www.immobilienbusiness.ch\/buero\/2016-03-02\/solothurn-migros-wird-mieterin-auf-dem-oeufi-areal\/#primaryimage"},"thumbnailUrl":"https:\/\/www.immobilienbusiness.ch\/wp-content\/uploads\/2016\/12\/Solothurn-Migros-wird-Mieterin-auf-dem-Oeufi-Areal-immobilien-business.jpg","keywords":["B\u00fcro","Espace Mittelland","Retail"],"articleSection":["B\u00dcRO","RETAIL"],"inLanguage":"it-IT"},{"@type":"WebPage","@id":"https:\/\/www.immobilienbusiness.ch\/buero\/2016-03-02\/solothurn-migros-wird-mieterin-auf-dem-oeufi-areal\/","url":"https:\/\/www.immobilienbusiness.ch\/buero\/2016-03-02\/solothurn-migros-wird-mieterin-auf-dem-oeufi-areal\/","name":"\u00d6ufi-Areal Solothurn: Migros wird neue Mieterin","isPartOf":{"@id":"https:\/\/www.immobilienbusiness.ch\/#website"},"primaryImageOfPage":{"@id":"https:\/\/www.immobilienbusiness.ch\/buero\/2016-03-02\/solothurn-migros-wird-mieterin-auf-dem-oeufi-areal\/#primaryimage"},"image":{"@id":"https:\/\/www.immobilienbusiness.ch\/buero\/2016-03-02\/solothurn-migros-wird-mieterin-auf-dem-oeufi-areal\/#primaryimage"},"thumbnailUrl":"https:\/\/www.immobilienbusiness.ch\/wp-content\/uploads\/2016\/12\/Solothurn-Migros-wird-Mieterin-auf-dem-Oeufi-Areal-immobilien-business.jpg","datePublished":"2016-03-02T09:20:38+00:00","description":"Angesichts der neuen Nutzung des \u00d6ufi-Areals in Solothurn best\u00e4tigt sich die Standortattraktivit\u00e4t f\u00fcr Retail und Dienstleistungen.","breadcrumb":{"@id":"https:\/\/www.immobilienbusiness.ch\/buero\/2016-03-02\/solothurn-migros-wird-mieterin-auf-dem-oeufi-areal\/#breadcrumb"},"inLanguage":"it-IT","potentialAction":[{"@type":"ReadAction","target":["https:\/\/www.immobilienbusiness.ch\/buero\/2016-03-02\/solothurn-migros-wird-mieterin-auf-dem-oeufi-areal\/"]}]},{"@type":"ImageObject","inLanguage":"it-IT","@id":"https:\/\/www.immobilienbusiness.ch\/buero\/2016-03-02\/solothurn-migros-wird-mieterin-auf-dem-oeufi-areal\/#primaryimage","url":"https:\/\/www.immobilienbusiness.ch\/wp-content\/uploads\/2016\/12\/Solothurn-Migros-wird-Mieterin-auf-dem-Oeufi-Areal-immobilien-business.jpg","contentUrl":"https:\/\/www.immobilienbusiness.ch\/wp-content\/uploads\/2016\/12\/Solothurn-Migros-wird-Mieterin-auf-dem-Oeufi-Areal-immobilien-business.jpg","width":2560,"height":1159,"caption":"Das neue Retail-, Dienstleistungs- und B\u00fcro-Center der Sasolim AG an der Bielstrasse in Solothurn (Bild: Privera AG)"},{"@type":"BreadcrumbList","@id":"https:\/\/www.immobilienbusiness.ch\/buero\/2016-03-02\/solothurn-migros-wird-mieterin-auf-dem-oeufi-areal\/#breadcrumb","itemListElement":[{"@type":"ListItem","position":1,"name":"Home","item":"https:\/\/www.immobilienbusiness.ch\/"},{"@type":"ListItem","position":2,"name":"Solothurn: Migros wird Mieterin auf dem \u00d6ufi-Areal"}]},{"@type":"WebSite","@id":"https:\/\/www.immobilienbusiness.ch\/#website","url":"https:\/\/www.immobilienbusiness.ch\/","name":"Affari immobiliari","description":"Rivista economica indipendente svizzera che si concentra sul settore immobiliare, l'architettura e la costruzione, nonch\u00e9 sugli investimenti e i finanziamenti.","publisher":{"@id":"https:\/\/www.immobilienbusiness.ch\/#organization"},"potentialAction":[{"@type":"SearchAction","target":{"@type":"EntryPoint","urlTemplate":"https:\/\/www.immobilienbusiness.ch\/?s={search_term_string}"},"query-input":{"@type":"PropertyValueSpecification","valueRequired":true,"valueName":"search_term_string"}}],"inLanguage":"it-IT"},{"@type":"Organization","@id":"https:\/\/www.immobilienbusiness.ch\/#organization","name":"Affari immobiliari","url":"https:\/\/www.immobilienbusiness.ch\/","logo":{"@type":"ImageObject","inLanguage":"it-IT","@id":"https:\/\/www.immobilienbusiness.ch\/#\/schema\/logo\/image\/","url":"https:\/\/www.immobilienbusiness.ch\/wp-content\/uploads\/2021\/07\/logo_ib.png","contentUrl":"https:\/\/www.immobilienbusiness.ch\/wp-content\/uploads\/2021\/07\/logo_ib.png","width":800,"height":181,"caption":"IMMOBILIEN Business"},"image":{"@id":"https:\/\/www.immobilienbusiness.ch\/#\/schema\/logo\/image\/"},"sameAs":["https:\/\/www.facebook.com\/immobilienbusiness\/"]},{"@type":"Person","@id":"https:\/\/www.immobilienbusiness.ch\/#\/schema\/person\/aa2bace6c5c5aad60102004a50c4eb1c","name":"Editoriale","image":{"@type":"ImageObject","inLanguage":"it-IT","@id":"https:\/\/secure.gravatar.com\/avatar\/ae2f4d718e6c49043e314ce431e7e645d646302a24a5ef5a8bc8e3f5a032e319?s=96&d=mm&r=g","url":"https:\/\/secure.gravatar.com\/avatar\/ae2f4d718e6c49043e314ce431e7e645d646302a24a5ef5a8bc8e3f5a032e319?s=96&d=mm&r=g","contentUrl":"https:\/\/secure.gravatar.com\/avatar\/ae2f4d718e6c49043e314ce431e7e645d646302a24a5ef5a8bc8e3f5a032e319?s=96&d=mm&r=g","caption":"Redaktion"},"sameAs":["http:\/\/develop.organisator.galledia.ch"],"url":"https:\/\/www.immobilienbusiness.ch\/it\/author\/admin\/"}]}},"_links":{"self":[{"href":"https:\/\/www.immobilienbusiness.ch\/it\/wp-json\/wp\/v2\/posts\/2427","targetHints":{"allow":["GET"]}}],"collection":[{"href":"https:\/\/www.immobilienbusiness.ch\/it\/wp-json\/wp\/v2\/posts"}],"about":[{"href":"https:\/\/www.immobilienbusiness.ch\/it\/wp-json\/wp\/v2\/types\/post"}],"author":[{"embeddable":true,"href":"https:\/\/www.immobilienbusiness.ch\/it\/wp-json\/wp\/v2\/users\/1"}],"replies":[{"embeddable":true,"href":"https:\/\/www.immobilienbusiness.ch\/it\/wp-json\/wp\/v2\/comments?post=2427"}],"version-history":[{"count":0,"href":"https:\/\/www.immobilienbusiness.ch\/it\/wp-json\/wp\/v2\/posts\/2427\/revisions"}],"wp:featuredmedia":[{"embeddable":true,"href":"https:\/\/www.immobilienbusiness.ch\/it\/wp-json\/wp\/v2\/media\/2429"}],"wp:attachment":[{"href":"https:\/\/www.immobilienbusiness.ch\/it\/wp-json\/wp\/v2\/media?parent=2427"}],"wp:term":[{"taxonomy":"category","embeddable":true,"href":"https:\/\/www.immobilienbusiness.ch\/it\/wp-json\/wp\/v2\/categories?post=2427"},{"taxonomy":"post_tag","embeddable":true,"href":"https:\/\/www.immobilienbusiness.ch\/it\/wp-json\/wp\/v2\/tags?post=2427"}],"curies":[{"name":"wp","href":"https:\/\/api.w.org\/{rel}","templated":true}]}}