{"id":24237,"date":"2021-05-25T09:55:26","date_gmt":"2021-05-25T07:55:26","guid":{"rendered":"https:\/\/www.immobilienbusiness.ch\/?p=24237"},"modified":"2021-05-25T09:55:26","modified_gmt":"2021-05-25T07:55:26","slug":"vonovia-will-deutsche-wohnen-uebernehmen","status":"publish","type":"post","link":"https:\/\/www.immobilienbusiness.ch\/it\/unternehmen\/2021-05-25\/vonovia-will-deutsche-wohnen-uebernehmen\/","title":{"rendered":"Vonovia vuole rilevare Deutsche Wohnen"},"content":{"rendered":"<figure id=\"attachment_24249\" aria-describedby=\"caption-attachment-24249\" style=\"width: 680px\" class=\"wp-caption alignnone\"><img loading=\"lazy\" decoding=\"async\" class=\"size-medium wp-image-24249\" src=\"https:\/\/www.immobilienbusiness.ch\/wp-content\/uploads\/2021\/05\/windows-1076116_1280.jpg\" alt=\"\" width=\"680\" height=\"454\" srcset=\"https:\/\/www.immobilienbusiness.ch\/wp-content\/uploads\/2021\/05\/windows-1076116_1280.jpg 1279w, https:\/\/www.immobilienbusiness.ch\/wp-content\/uploads\/2021\/05\/windows-1076116_1280-300x200.jpg 300w, https:\/\/www.immobilienbusiness.ch\/wp-content\/uploads\/2021\/05\/windows-1076116_1280-1024x683.jpg 1024w, https:\/\/www.immobilienbusiness.ch\/wp-content\/uploads\/2021\/05\/windows-1076116_1280-768x512.jpg 768w, https:\/\/www.immobilienbusiness.ch\/wp-content\/uploads\/2021\/05\/windows-1076116_1280-16x12.jpg 16w, https:\/\/www.immobilienbusiness.ch\/wp-content\/uploads\/2021\/05\/windows-1076116_1280-262x175.jpg 262w, https:\/\/www.immobilienbusiness.ch\/wp-content\/uploads\/2021\/05\/windows-1076116_1280-525x350.jpg 525w, https:\/\/www.immobilienbusiness.ch\/wp-content\/uploads\/2021\/05\/windows-1076116_1280-1200x800.jpg 1200w, https:\/\/www.immobilienbusiness.ch\/wp-content\/uploads\/2021\/05\/windows-1076116_1280-920x614.jpg 920w\" sizes=\"auto, (max-width: 680px) 100vw, 680px\" \/><figcaption id=\"caption-attachment-24249\" class=\"wp-caption-text\">Vonovia e Deutsche Wohnen intendono fondersi (Foto: Pixabay)<\/figcaption><\/figure>\n<p>La societ\u00e0 risultante dalla fusione, che sar\u00e0 commercializzata come Vonovia SE e avr\u00e0 sede a Bochum, avr\u00e0 un portafoglio di oltre 500.000 appartamenti con un valore immobiliare complessivo di quasi 90 miliardi di euro. Vonovia possiede circa 415.000 appartamenti principalmente in Germania, ma anche in Svezia e Austria. Il valore del portafoglio \u00e8 di circa 59 miliardi di euro. Deutsche Wohnen, con sede a Berlino, possiede poco meno di 157.500 unit\u00e0 abitative e commerciali, tre quarti delle quali si trovano a Berlino.<\/p>\n<p>Vonovia offre agli azionisti di Deutsche Wohnen un totale di 53,03 euro\/azione, che rappresenta un premio di quasi 18% rispetto al prezzo di chiusura delle azioni di Deutsche Wohnen il 21 maggio 2021 e di 25% in base al prezzo medio ponderato degli ultimi tre mesi. L'offerta valuta la societ\u00e0 immobiliare 18 miliardi di euro.<\/p>\n<p>\u00c8 la terza volta che Vonovia vuole rilevare Deutsche Wohnen. L'ultima volta \u00e8 stata cinque anni fa, quando un'acquisizione \u00e8 fallita a causa della resistenza di Deutsche Wohnen. Ora, per\u00f2, il Consiglio di amministrazione e il Consiglio di sorveglianza della societ\u00e0 immobiliare sostengono l'offerta. Michael Zahn, CEO di Deutsche Wohnen, sar\u00e0 nominato Vice Presidente del Consiglio di Amministrazione e Philip Grosse, CFO di Deutsche Wohnen, sar\u00e0 nominato Chief Financial Officer di Vonovia.<\/p>\n<h2>Le aziende vogliono vendere appartamenti al Land di Berlino<\/h2>\n<p>Deutsche Wohnen, ma anche Vonovia e altri grandi proprietari sono attualmente sotto pressione a Berlino: la petizione per un referendum \"Espropriate Deutsche Wohnen and Co.\" \u00e8 in corso nella capitale con l'obiettivo di nazionalizzare le societ\u00e0 che detengono pi\u00f9 di 3.000 appartamenti. Questo interesserebbe 200.000 appartamenti, la maggior parte dei quali appartiene a Deutsche Wohnen. L'iniziativa, che si batte contro il forte aumento degli affitti, ha riscosso un grande successo, <a href=\"https:\/\/www.immobilienbusiness.ch\/it\/deutschland-bundesverfassungsgericht-kippt-mietendeckel\/\">da quando la Corte costituzionale federale tedesca ha annullato il cosiddetto tetto massimo degli affitti.<\/a> Potrebbe esserci un referendum in autunno.<\/p>\n<p>Probabilmente \u00e8 anche in questo contesto che Vonovia e Deutsche Wohnen hanno annunciato la loro intenzione di assumersi \"la responsabilit\u00e0 di una politica abitativa sociale e sostenibile\". Come \"contributo all'espansione del parco immobiliare comunale\", le due societ\u00e0 vogliono vendere allo Stato di Berlino \"un numero significativo\" di appartamenti del loro portafoglio - circa 20.000 unit\u00e0. Altri piani includono la limitazione degli aumenti degli affitti fino al 2026, un maggior numero di nuove costruzioni e appartamenti scontati per le giovani famiglie.<\/p>\n<p>Secondo Vonovia, l'offerta di acquisizione dovrebbe essere completata entro la fine di agosto. \u00c8 soggetto a un tasso di accettazione minimo di 50%.<\/p>","protected":false},"excerpt":{"rendered":"<p>I gruppi immobiliari Vonovia e Deutsche Wohnen vogliono fondersi. La fusione creerebbe il pi\u00f9 grande gruppo immobiliare residenziale d'Europa, con una capitalizzazione di mercato di 45 miliardi di euro.<\/p>","protected":false},"author":3,"featured_media":24249,"comment_status":"closed","ping_status":"open","sticky":false,"template":"","format":"standard","meta":{"_acf_changed":false,"_yoast_wpseo_focuskw":"Vonovia","_yoast_wpseo_title":"","_yoast_wpseo_metadesc":"Die Immobilienkonzerne Vonovia und Deutsche Wohnen wollen fusionieren. Durch den Zusammenschluss w\u00fcrde Europas gr\u00f6sster Wohnimmobilienkonzern entstehen.","_yoast_wpseo_linkdex":71,"pgc_sgb_lightbox_settings":"","footnotes":""},"categories":[988],"tags":[1329,1892],"class_list":["post-24237","post","type-post","status-publish","format-standard","has-post-thumbnail","hentry","category-unternehmen","tag-immobilien-ag","tag-zusammenschluss"],"acf":[],"yoast_head":"<!-- This site is optimized with the Yoast SEO plugin v27.4 - https:\/\/yoast.com\/product\/yoast-seo-wordpress\/ -->\n<title>Vonovia will Deutsche Wohnen \u00fcbernehmen - IMMOBILIEN Business<\/title>\n<meta name=\"description\" content=\"Die Immobilienkonzerne Vonovia und Deutsche Wohnen wollen fusionieren. Durch den Zusammenschluss w\u00fcrde Europas gr\u00f6sster Wohnimmobilienkonzern entstehen.\" \/>\n<meta name=\"robots\" content=\"index, follow, max-snippet:-1, max-image-preview:large, max-video-preview:-1\" \/>\n<link rel=\"canonical\" href=\"https:\/\/www.immobilienbusiness.ch\/it\/unternehmen\/2021-05-25\/vonovia-will-deutsche-wohnen-uebernehmen\/\" \/>\n<meta property=\"og:locale\" content=\"it_IT\" \/>\n<meta property=\"og:type\" content=\"article\" \/>\n<meta property=\"og:title\" content=\"Vonovia will Deutsche Wohnen \u00fcbernehmen - IMMOBILIEN Business\" \/>\n<meta property=\"og:description\" content=\"Die Immobilienkonzerne Vonovia und Deutsche Wohnen wollen fusionieren. Durch den Zusammenschluss w\u00fcrde Europas gr\u00f6sster Wohnimmobilienkonzern entstehen.\" \/>\n<meta property=\"og:url\" content=\"https:\/\/www.immobilienbusiness.ch\/it\/unternehmen\/2021-05-25\/vonovia-will-deutsche-wohnen-uebernehmen\/\" \/>\n<meta property=\"og:site_name\" content=\"IMMOBILIEN Business\" \/>\n<meta property=\"article:publisher\" content=\"https:\/\/www.facebook.com\/immobilienbusiness\/\" \/>\n<meta property=\"article:published_time\" content=\"2021-05-25T07:55:26+00:00\" \/>\n<meta property=\"og:image\" content=\"https:\/\/www.immobilienbusiness.ch\/wp-content\/uploads\/2017\/01\/windows-1076116_1280.jpg\" \/>\n\t<meta property=\"og:image:width\" content=\"1280\" \/>\n\t<meta property=\"og:image:height\" content=\"1171\" \/>\n\t<meta property=\"og:image:type\" content=\"image\/jpeg\" \/>\n<meta name=\"author\" content=\"anja.hall\" \/>\n<meta name=\"twitter:card\" content=\"summary_large_image\" \/>\n<meta name=\"twitter:image\" content=\"https:\/\/www.immobilienbusiness.ch\/wp-content\/uploads\/2017\/01\/windows-1076116_1280.jpg\" \/>\n<script type=\"application\/ld+json\" class=\"yoast-schema-graph\">{\"@context\":\"https:\\\/\\\/schema.org\",\"@graph\":[{\"@type\":\"Article\",\"@id\":\"https:\\\/\\\/www.immobilienbusiness.ch\\\/unternehmen\\\/2021-05-25\\\/vonovia-will-deutsche-wohnen-uebernehmen\\\/#article\",\"isPartOf\":{\"@id\":\"https:\\\/\\\/www.immobilienbusiness.ch\\\/unternehmen\\\/2021-05-25\\\/vonovia-will-deutsche-wohnen-uebernehmen\\\/\"},\"author\":{\"name\":\"anja.hall\",\"@id\":\"https:\\\/\\\/www.immobilienbusiness.ch\\\/#\\\/schema\\\/person\\\/3fc036297b10b9f42d6db5ee932af8c8\"},\"headline\":\"Vonovia will Deutsche Wohnen \u00fcbernehmen\",\"datePublished\":\"2021-05-25T07:55:26+00:00\",\"mainEntityOfPage\":{\"@id\":\"https:\\\/\\\/www.immobilienbusiness.ch\\\/unternehmen\\\/2021-05-25\\\/vonovia-will-deutsche-wohnen-uebernehmen\\\/\"},\"wordCount\":388,\"publisher\":{\"@id\":\"https:\\\/\\\/www.immobilienbusiness.ch\\\/#organization\"},\"image\":{\"@id\":\"https:\\\/\\\/www.immobilienbusiness.ch\\\/unternehmen\\\/2021-05-25\\\/vonovia-will-deutsche-wohnen-uebernehmen\\\/#primaryimage\"},\"thumbnailUrl\":\"https:\\\/\\\/www.immobilienbusiness.ch\\\/wp-content\\\/uploads\\\/2021\\\/05\\\/windows-1076116_1280.jpg\",\"keywords\":[\"Immobilien-AG\",\"Zusammenschluss\"],\"articleSection\":[\"UNTERNEHMEN\"],\"inLanguage\":\"it-IT\"},{\"@type\":\"WebPage\",\"@id\":\"https:\\\/\\\/www.immobilienbusiness.ch\\\/unternehmen\\\/2021-05-25\\\/vonovia-will-deutsche-wohnen-uebernehmen\\\/\",\"url\":\"https:\\\/\\\/www.immobilienbusiness.ch\\\/unternehmen\\\/2021-05-25\\\/vonovia-will-deutsche-wohnen-uebernehmen\\\/\",\"name\":\"Vonovia will Deutsche Wohnen \u00fcbernehmen - IMMOBILIEN Business\",\"isPartOf\":{\"@id\":\"https:\\\/\\\/www.immobilienbusiness.ch\\\/#website\"},\"primaryImageOfPage\":{\"@id\":\"https:\\\/\\\/www.immobilienbusiness.ch\\\/unternehmen\\\/2021-05-25\\\/vonovia-will-deutsche-wohnen-uebernehmen\\\/#primaryimage\"},\"image\":{\"@id\":\"https:\\\/\\\/www.immobilienbusiness.ch\\\/unternehmen\\\/2021-05-25\\\/vonovia-will-deutsche-wohnen-uebernehmen\\\/#primaryimage\"},\"thumbnailUrl\":\"https:\\\/\\\/www.immobilienbusiness.ch\\\/wp-content\\\/uploads\\\/2021\\\/05\\\/windows-1076116_1280.jpg\",\"datePublished\":\"2021-05-25T07:55:26+00:00\",\"description\":\"Die Immobilienkonzerne Vonovia und Deutsche Wohnen wollen fusionieren. Durch den Zusammenschluss w\u00fcrde Europas gr\u00f6sster Wohnimmobilienkonzern entstehen.\",\"breadcrumb\":{\"@id\":\"https:\\\/\\\/www.immobilienbusiness.ch\\\/unternehmen\\\/2021-05-25\\\/vonovia-will-deutsche-wohnen-uebernehmen\\\/#breadcrumb\"},\"inLanguage\":\"it-IT\",\"potentialAction\":[{\"@type\":\"ReadAction\",\"target\":[\"https:\\\/\\\/www.immobilienbusiness.ch\\\/unternehmen\\\/2021-05-25\\\/vonovia-will-deutsche-wohnen-uebernehmen\\\/\"]}]},{\"@type\":\"ImageObject\",\"inLanguage\":\"it-IT\",\"@id\":\"https:\\\/\\\/www.immobilienbusiness.ch\\\/unternehmen\\\/2021-05-25\\\/vonovia-will-deutsche-wohnen-uebernehmen\\\/#primaryimage\",\"url\":\"https:\\\/\\\/www.immobilienbusiness.ch\\\/wp-content\\\/uploads\\\/2021\\\/05\\\/windows-1076116_1280.jpg\",\"contentUrl\":\"https:\\\/\\\/www.immobilienbusiness.ch\\\/wp-content\\\/uploads\\\/2021\\\/05\\\/windows-1076116_1280.jpg\",\"width\":1279,\"height\":853,\"caption\":\"Schweizer Wohnungen erfreuen sich bei derzeit \u00fcberaus grosser Beliebtheit (Symboldbild: Pixabay)\"},{\"@type\":\"BreadcrumbList\",\"@id\":\"https:\\\/\\\/www.immobilienbusiness.ch\\\/unternehmen\\\/2021-05-25\\\/vonovia-will-deutsche-wohnen-uebernehmen\\\/#breadcrumb\",\"itemListElement\":[{\"@type\":\"ListItem\",\"position\":1,\"name\":\"Home\",\"item\":\"https:\\\/\\\/www.immobilienbusiness.ch\\\/\"},{\"@type\":\"ListItem\",\"position\":2,\"name\":\"Vonovia will Deutsche Wohnen \u00fcbernehmen\"}]},{\"@type\":\"WebSite\",\"@id\":\"https:\\\/\\\/www.immobilienbusiness.ch\\\/#website\",\"url\":\"https:\\\/\\\/www.immobilienbusiness.ch\\\/\",\"name\":\"IMMOBILIEN Business\",\"description\":\"Unabh\u00e4ngiges Schweizer Wirtschaftsmagazin mit Fokus auf Immobilien, Architektur- und Bau sowie Investment- und Finanzierung.\",\"publisher\":{\"@id\":\"https:\\\/\\\/www.immobilienbusiness.ch\\\/#organization\"},\"potentialAction\":[{\"@type\":\"SearchAction\",\"target\":{\"@type\":\"EntryPoint\",\"urlTemplate\":\"https:\\\/\\\/www.immobilienbusiness.ch\\\/?s={search_term_string}\"},\"query-input\":{\"@type\":\"PropertyValueSpecification\",\"valueRequired\":true,\"valueName\":\"search_term_string\"}}],\"inLanguage\":\"it-IT\"},{\"@type\":\"Organization\",\"@id\":\"https:\\\/\\\/www.immobilienbusiness.ch\\\/#organization\",\"name\":\"IMMOBILIEN Business\",\"url\":\"https:\\\/\\\/www.immobilienbusiness.ch\\\/\",\"logo\":{\"@type\":\"ImageObject\",\"inLanguage\":\"it-IT\",\"@id\":\"https:\\\/\\\/www.immobilienbusiness.ch\\\/#\\\/schema\\\/logo\\\/image\\\/\",\"url\":\"https:\\\/\\\/www.immobilienbusiness.ch\\\/wp-content\\\/uploads\\\/2021\\\/07\\\/logo_ib.png\",\"contentUrl\":\"https:\\\/\\\/www.immobilienbusiness.ch\\\/wp-content\\\/uploads\\\/2021\\\/07\\\/logo_ib.png\",\"width\":800,\"height\":181,\"caption\":\"IMMOBILIEN Business\"},\"image\":{\"@id\":\"https:\\\/\\\/www.immobilienbusiness.ch\\\/#\\\/schema\\\/logo\\\/image\\\/\"},\"sameAs\":[\"https:\\\/\\\/www.facebook.com\\\/immobilienbusiness\\\/\"]},{\"@type\":\"Person\",\"@id\":\"https:\\\/\\\/www.immobilienbusiness.ch\\\/#\\\/schema\\\/person\\\/3fc036297b10b9f42d6db5ee932af8c8\",\"name\":\"anja.hall\",\"image\":{\"@type\":\"ImageObject\",\"inLanguage\":\"it-IT\",\"@id\":\"https:\\\/\\\/secure.gravatar.com\\\/avatar\\\/066b5a0d447013502c71a5782f4f3469f03cfe595cc2329fb94652fe47511bfb?s=96&d=mm&r=g\",\"url\":\"https:\\\/\\\/secure.gravatar.com\\\/avatar\\\/066b5a0d447013502c71a5782f4f3469f03cfe595cc2329fb94652fe47511bfb?s=96&d=mm&r=g\",\"contentUrl\":\"https:\\\/\\\/secure.gravatar.com\\\/avatar\\\/066b5a0d447013502c71a5782f4f3469f03cfe595cc2329fb94652fe47511bfb?s=96&d=mm&r=g\",\"caption\":\"anja.hall\"},\"url\":\"https:\\\/\\\/www.immobilienbusiness.ch\\\/it\\\/author\\\/anja-hall\\\/\"}]}<\/script>\n<!-- \/ Yoast SEO plugin. -->","yoast_head_json":{"title":"Vonovia vuole rilevare Deutsche Wohnen - IMMOBILIEN Business","description":"Die Immobilienkonzerne Vonovia und Deutsche Wohnen wollen fusionieren. Durch den Zusammenschluss w\u00fcrde Europas gr\u00f6sster Wohnimmobilienkonzern entstehen.","robots":{"index":"index","follow":"follow","max-snippet":"max-snippet:-1","max-image-preview":"max-image-preview:large","max-video-preview":"max-video-preview:-1"},"canonical":"https:\/\/www.immobilienbusiness.ch\/it\/unternehmen\/2021-05-25\/vonovia-will-deutsche-wohnen-uebernehmen\/","og_locale":"it_IT","og_type":"article","og_title":"Vonovia will Deutsche Wohnen \u00fcbernehmen - IMMOBILIEN Business","og_description":"Die Immobilienkonzerne Vonovia und Deutsche Wohnen wollen fusionieren. Durch den Zusammenschluss w\u00fcrde Europas gr\u00f6sster Wohnimmobilienkonzern entstehen.","og_url":"https:\/\/www.immobilienbusiness.ch\/it\/unternehmen\/2021-05-25\/vonovia-will-deutsche-wohnen-uebernehmen\/","og_site_name":"IMMOBILIEN Business","article_publisher":"https:\/\/www.facebook.com\/immobilienbusiness\/","article_published_time":"2021-05-25T07:55:26+00:00","og_image":[{"width":1280,"height":1171,"url":"https:\/\/www.immobilienbusiness.ch\/wp-content\/uploads\/2017\/01\/windows-1076116_1280.jpg","type":"image\/jpeg"}],"author":"anja.hall","twitter_card":"summary_large_image","twitter_image":"https:\/\/www.immobilienbusiness.ch\/wp-content\/uploads\/2017\/01\/windows-1076116_1280.jpg","schema":{"@context":"https:\/\/schema.org","@graph":[{"@type":"Article","@id":"https:\/\/www.immobilienbusiness.ch\/unternehmen\/2021-05-25\/vonovia-will-deutsche-wohnen-uebernehmen\/#article","isPartOf":{"@id":"https:\/\/www.immobilienbusiness.ch\/unternehmen\/2021-05-25\/vonovia-will-deutsche-wohnen-uebernehmen\/"},"author":{"name":"anja.hall","@id":"https:\/\/www.immobilienbusiness.ch\/#\/schema\/person\/3fc036297b10b9f42d6db5ee932af8c8"},"headline":"Vonovia will Deutsche Wohnen \u00fcbernehmen","datePublished":"2021-05-25T07:55:26+00:00","mainEntityOfPage":{"@id":"https:\/\/www.immobilienbusiness.ch\/unternehmen\/2021-05-25\/vonovia-will-deutsche-wohnen-uebernehmen\/"},"wordCount":388,"publisher":{"@id":"https:\/\/www.immobilienbusiness.ch\/#organization"},"image":{"@id":"https:\/\/www.immobilienbusiness.ch\/unternehmen\/2021-05-25\/vonovia-will-deutsche-wohnen-uebernehmen\/#primaryimage"},"thumbnailUrl":"https:\/\/www.immobilienbusiness.ch\/wp-content\/uploads\/2021\/05\/windows-1076116_1280.jpg","keywords":["Immobilien-AG","Zusammenschluss"],"articleSection":["UNTERNEHMEN"],"inLanguage":"it-IT"},{"@type":"WebPage","@id":"https:\/\/www.immobilienbusiness.ch\/unternehmen\/2021-05-25\/vonovia-will-deutsche-wohnen-uebernehmen\/","url":"https:\/\/www.immobilienbusiness.ch\/unternehmen\/2021-05-25\/vonovia-will-deutsche-wohnen-uebernehmen\/","name":"Vonovia vuole rilevare Deutsche Wohnen - IMMOBILIEN Business","isPartOf":{"@id":"https:\/\/www.immobilienbusiness.ch\/#website"},"primaryImageOfPage":{"@id":"https:\/\/www.immobilienbusiness.ch\/unternehmen\/2021-05-25\/vonovia-will-deutsche-wohnen-uebernehmen\/#primaryimage"},"image":{"@id":"https:\/\/www.immobilienbusiness.ch\/unternehmen\/2021-05-25\/vonovia-will-deutsche-wohnen-uebernehmen\/#primaryimage"},"thumbnailUrl":"https:\/\/www.immobilienbusiness.ch\/wp-content\/uploads\/2021\/05\/windows-1076116_1280.jpg","datePublished":"2021-05-25T07:55:26+00:00","description":"Die Immobilienkonzerne Vonovia und Deutsche Wohnen wollen fusionieren. Durch den Zusammenschluss w\u00fcrde Europas gr\u00f6sster Wohnimmobilienkonzern entstehen.","breadcrumb":{"@id":"https:\/\/www.immobilienbusiness.ch\/unternehmen\/2021-05-25\/vonovia-will-deutsche-wohnen-uebernehmen\/#breadcrumb"},"inLanguage":"it-IT","potentialAction":[{"@type":"ReadAction","target":["https:\/\/www.immobilienbusiness.ch\/unternehmen\/2021-05-25\/vonovia-will-deutsche-wohnen-uebernehmen\/"]}]},{"@type":"ImageObject","inLanguage":"it-IT","@id":"https:\/\/www.immobilienbusiness.ch\/unternehmen\/2021-05-25\/vonovia-will-deutsche-wohnen-uebernehmen\/#primaryimage","url":"https:\/\/www.immobilienbusiness.ch\/wp-content\/uploads\/2021\/05\/windows-1076116_1280.jpg","contentUrl":"https:\/\/www.immobilienbusiness.ch\/wp-content\/uploads\/2021\/05\/windows-1076116_1280.jpg","width":1279,"height":853,"caption":"Schweizer Wohnungen erfreuen sich bei derzeit \u00fcberaus grosser Beliebtheit (Symboldbild: Pixabay)"},{"@type":"BreadcrumbList","@id":"https:\/\/www.immobilienbusiness.ch\/unternehmen\/2021-05-25\/vonovia-will-deutsche-wohnen-uebernehmen\/#breadcrumb","itemListElement":[{"@type":"ListItem","position":1,"name":"Home","item":"https:\/\/www.immobilienbusiness.ch\/"},{"@type":"ListItem","position":2,"name":"Vonovia will Deutsche Wohnen \u00fcbernehmen"}]},{"@type":"WebSite","@id":"https:\/\/www.immobilienbusiness.ch\/#website","url":"https:\/\/www.immobilienbusiness.ch\/","name":"Affari immobiliari","description":"Rivista economica indipendente svizzera che si concentra sul settore immobiliare, l'architettura e la costruzione, nonch\u00e9 sugli investimenti e i finanziamenti.","publisher":{"@id":"https:\/\/www.immobilienbusiness.ch\/#organization"},"potentialAction":[{"@type":"SearchAction","target":{"@type":"EntryPoint","urlTemplate":"https:\/\/www.immobilienbusiness.ch\/?s={search_term_string}"},"query-input":{"@type":"PropertyValueSpecification","valueRequired":true,"valueName":"search_term_string"}}],"inLanguage":"it-IT"},{"@type":"Organization","@id":"https:\/\/www.immobilienbusiness.ch\/#organization","name":"Affari immobiliari","url":"https:\/\/www.immobilienbusiness.ch\/","logo":{"@type":"ImageObject","inLanguage":"it-IT","@id":"https:\/\/www.immobilienbusiness.ch\/#\/schema\/logo\/image\/","url":"https:\/\/www.immobilienbusiness.ch\/wp-content\/uploads\/2021\/07\/logo_ib.png","contentUrl":"https:\/\/www.immobilienbusiness.ch\/wp-content\/uploads\/2021\/07\/logo_ib.png","width":800,"height":181,"caption":"IMMOBILIEN Business"},"image":{"@id":"https:\/\/www.immobilienbusiness.ch\/#\/schema\/logo\/image\/"},"sameAs":["https:\/\/www.facebook.com\/immobilienbusiness\/"]},{"@type":"Person","@id":"https:\/\/www.immobilienbusiness.ch\/#\/schema\/person\/3fc036297b10b9f42d6db5ee932af8c8","name":"anja.hall","image":{"@type":"ImageObject","inLanguage":"it-IT","@id":"https:\/\/secure.gravatar.com\/avatar\/066b5a0d447013502c71a5782f4f3469f03cfe595cc2329fb94652fe47511bfb?s=96&d=mm&r=g","url":"https:\/\/secure.gravatar.com\/avatar\/066b5a0d447013502c71a5782f4f3469f03cfe595cc2329fb94652fe47511bfb?s=96&d=mm&r=g","contentUrl":"https:\/\/secure.gravatar.com\/avatar\/066b5a0d447013502c71a5782f4f3469f03cfe595cc2329fb94652fe47511bfb?s=96&d=mm&r=g","caption":"anja.hall"},"url":"https:\/\/www.immobilienbusiness.ch\/it\/author\/anja-hall\/"}]}},"_links":{"self":[{"href":"https:\/\/www.immobilienbusiness.ch\/it\/wp-json\/wp\/v2\/posts\/24237","targetHints":{"allow":["GET"]}}],"collection":[{"href":"https:\/\/www.immobilienbusiness.ch\/it\/wp-json\/wp\/v2\/posts"}],"about":[{"href":"https:\/\/www.immobilienbusiness.ch\/it\/wp-json\/wp\/v2\/types\/post"}],"author":[{"embeddable":true,"href":"https:\/\/www.immobilienbusiness.ch\/it\/wp-json\/wp\/v2\/users\/3"}],"replies":[{"embeddable":true,"href":"https:\/\/www.immobilienbusiness.ch\/it\/wp-json\/wp\/v2\/comments?post=24237"}],"version-history":[{"count":0,"href":"https:\/\/www.immobilienbusiness.ch\/it\/wp-json\/wp\/v2\/posts\/24237\/revisions"}],"wp:featuredmedia":[{"embeddable":true,"href":"https:\/\/www.immobilienbusiness.ch\/it\/wp-json\/wp\/v2\/media\/24249"}],"wp:attachment":[{"href":"https:\/\/www.immobilienbusiness.ch\/it\/wp-json\/wp\/v2\/media?parent=24237"}],"wp:term":[{"taxonomy":"category","embeddable":true,"href":"https:\/\/www.immobilienbusiness.ch\/it\/wp-json\/wp\/v2\/categories?post=24237"},{"taxonomy":"post_tag","embeddable":true,"href":"https:\/\/www.immobilienbusiness.ch\/it\/wp-json\/wp\/v2\/tags?post=24237"}],"curies":[{"name":"wp","href":"https:\/\/api.w.org\/{rel}","templated":true}]}}