{"id":24013,"date":"2021-04-23T08:53:23","date_gmt":"2021-04-23T06:53:23","guid":{"rendered":"https:\/\/www.immobilienbusiness.ch\/?p=24013"},"modified":"2021-04-23T08:53:23","modified_gmt":"2021-04-23T06:53:23","slug":"allreal-stellt-wohnueberbauung-in-zufikon-fertig","status":"publish","type":"post","link":"https:\/\/www.immobilienbusiness.ch\/it\/regionen\/2021-04-23\/allreal-stellt-wohnueberbauung-in-zufikon-fertig\/","title":{"rendered":"Allreal completa lo sviluppo residenziale a Zufikon"},"content":{"rendered":"<figure id=\"attachment_24014\" aria-describedby=\"caption-attachment-24014\" style=\"width: 680px\" class=\"wp-caption alignnone\"><img loading=\"lazy\" decoding=\"async\" class=\"size-medium wp-image-24014\" src=\"https:\/\/www.immobilienbusiness.ch\/wp-content\/uploads\/2021\/04\/Eigentumswohnungen_Zufikon_2.jpg\" alt=\"\" width=\"680\" height=\"453\" srcset=\"https:\/\/www.immobilienbusiness.ch\/wp-content\/uploads\/2021\/04\/Eigentumswohnungen_Zufikon_2.jpg 1000w, https:\/\/www.immobilienbusiness.ch\/wp-content\/uploads\/2021\/04\/Eigentumswohnungen_Zufikon_2-300x200.jpg 300w, https:\/\/www.immobilienbusiness.ch\/wp-content\/uploads\/2021\/04\/Eigentumswohnungen_Zufikon_2-768x511.jpg 768w, https:\/\/www.immobilienbusiness.ch\/wp-content\/uploads\/2021\/04\/Eigentumswohnungen_Zufikon_2-16x12.jpg 16w, https:\/\/www.immobilienbusiness.ch\/wp-content\/uploads\/2021\/04\/Eigentumswohnungen_Zufikon_2-263x175.jpg 263w, https:\/\/www.immobilienbusiness.ch\/wp-content\/uploads\/2021\/04\/Eigentumswohnungen_Zufikon_2-526x350.jpg 526w, https:\/\/www.immobilienbusiness.ch\/wp-content\/uploads\/2021\/04\/Eigentumswohnungen_Zufikon_2-920x613.jpg 920w\" sizes=\"auto, (max-width: 680px) 100vw, 680px\" \/><figcaption id=\"caption-attachment-24014\" class=\"wp-caption-text\">Il nuovo sviluppo residenziale a Zufikon (Immagine: Allreal)<\/figcaption><\/figure>\n<p>Lo sviluppo residenziale, costruito da Allreal tra il 2019 e il 2021, si trova su Am Alten Z\u00fcriweg a Zufikon e consiste in due case a terrazza interconnesse con un totale di 20 condomini.<\/p>\n<p>Gli appartamenti sono a uno e due piani, ognuno con 2,5-4,5 stanze, hanno grandi terrazze e sono direttamente accessibili da un garage sotterraneo condiviso con un totale di 30 posti auto. Secondo Allreal, tutti gli appartamenti sono stati venduti prima del completamento nel marzo di quest'anno e sono stati consegnati agli acquirenti a tappe da met\u00e0 aprile.<\/p>\n<p>L'intero sviluppo sul terreno di 3.800 metri quadrati \u00e8 stato costruito secondo lo standard Minergie-P. Il riscaldamento e l'acqua calda sono forniti da una pompa di calore con sonde geotermiche. Parte dell'elettricit\u00e0 \u00e8 generata dall'impianto fotovoltaico dell'edificio. Inoltre, ogni posto auto nel garage sotterraneo \u00e8 predisposto per l'installazione di una stazione di ricarica per veicoli elettrici.<\/p>\n<p>Allreal ha sviluppato, realizzato e commercializzato il progetto con un volume d'investimento di circa 17 milioni di CHF. <em>(ah)<\/em><\/p>","protected":false},"excerpt":{"rendered":"<p>Allreal ha costruito due palazzi con appartamenti liberi a Zufikon (AG), che ora vengono consegnati ai proprietari.<\/p>","protected":false},"author":3,"featured_media":24014,"comment_status":"closed","ping_status":"open","sticky":false,"template":"","format":"standard","meta":{"_acf_changed":false,"_yoast_wpseo_focuskw":"Zufikon","_yoast_wpseo_title":"","_yoast_wpseo_metadesc":"Allreal hat in Zufikon (AG) zwei Mehrfamilienh\u00e4user mit Eigentumswohnungen erstellt, die nun an die Eigent\u00fcmer \u00fcbergeben werden.","_yoast_wpseo_linkdex":56,"pgc_sgb_lightbox_settings":"","footnotes":""},"categories":[985],"tags":[1219,1395,1735],"class_list":["post-24013","post","type-post","status-publish","format-standard","has-post-thumbnail","hentry","category-regionen","tag-fertigstellung","tag-kanton-aargau","tag-stockwerkeigentum"],"acf":[],"yoast_head":"<!-- This site is optimized with the Yoast SEO plugin v27.4 - https:\/\/yoast.com\/product\/yoast-seo-wordpress\/ -->\n<title>Allreal stellt Wohn\u00fcberbauung in Zufikon fertig - IMMOBILIEN Business<\/title>\n<meta name=\"description\" content=\"Allreal hat in Zufikon (AG) zwei Mehrfamilienh\u00e4user mit Eigentumswohnungen erstellt, die nun an die Eigent\u00fcmer \u00fcbergeben werden.\" \/>\n<meta name=\"robots\" content=\"index, follow, max-snippet:-1, max-image-preview:large, max-video-preview:-1\" \/>\n<link rel=\"canonical\" href=\"https:\/\/www.immobilienbusiness.ch\/it\/regionen\/2021-04-23\/allreal-stellt-wohnueberbauung-in-zufikon-fertig\/\" \/>\n<meta property=\"og:locale\" content=\"it_IT\" \/>\n<meta property=\"og:type\" content=\"article\" \/>\n<meta property=\"og:title\" content=\"Allreal stellt Wohn\u00fcberbauung in Zufikon fertig - IMMOBILIEN Business\" \/>\n<meta property=\"og:description\" content=\"Allreal hat in Zufikon (AG) zwei Mehrfamilienh\u00e4user mit Eigentumswohnungen erstellt, die nun an die Eigent\u00fcmer \u00fcbergeben werden.\" \/>\n<meta property=\"og:url\" content=\"https:\/\/www.immobilienbusiness.ch\/it\/regionen\/2021-04-23\/allreal-stellt-wohnueberbauung-in-zufikon-fertig\/\" \/>\n<meta property=\"og:site_name\" content=\"IMMOBILIEN Business\" \/>\n<meta property=\"article:publisher\" content=\"https:\/\/www.facebook.com\/immobilienbusiness\/\" \/>\n<meta property=\"article:published_time\" content=\"2021-04-23T06:53:23+00:00\" \/>\n<meta property=\"og:image\" content=\"https:\/\/www.immobilienbusiness.ch\/wp-content\/uploads\/2021\/04\/Eigentumswohnungen_Zufikon_2.jpg\" \/>\n\t<meta property=\"og:image:width\" content=\"1000\" \/>\n\t<meta property=\"og:image:height\" content=\"666\" \/>\n\t<meta property=\"og:image:type\" content=\"image\/jpeg\" \/>\n<meta name=\"author\" content=\"anja.hall\" \/>\n<meta name=\"twitter:card\" content=\"summary_large_image\" \/>\n<meta name=\"twitter:image\" content=\"https:\/\/www.immobilienbusiness.ch\/wp-content\/uploads\/2021\/04\/Eigentumswohnungen_Zufikon_2.jpg\" \/>\n<script type=\"application\/ld+json\" class=\"yoast-schema-graph\">{\"@context\":\"https:\\\/\\\/schema.org\",\"@graph\":[{\"@type\":\"Article\",\"@id\":\"https:\\\/\\\/www.immobilienbusiness.ch\\\/de\\\/regionen\\\/2021-04-23\\\/allreal-stellt-wohnueberbauung-in-zufikon-fertig\\\/#article\",\"isPartOf\":{\"@id\":\"https:\\\/\\\/www.immobilienbusiness.ch\\\/de\\\/regionen\\\/2021-04-23\\\/allreal-stellt-wohnueberbauung-in-zufikon-fertig\\\/\"},\"author\":{\"name\":\"anja.hall\",\"@id\":\"https:\\\/\\\/www.immobilienbusiness.ch\\\/#\\\/schema\\\/person\\\/3fc036297b10b9f42d6db5ee932af8c8\"},\"headline\":\"Allreal stellt Wohn\u00fcberbauung in Zufikon fertig\",\"datePublished\":\"2021-04-23T06:53:23+00:00\",\"mainEntityOfPage\":{\"@id\":\"https:\\\/\\\/www.immobilienbusiness.ch\\\/de\\\/regionen\\\/2021-04-23\\\/allreal-stellt-wohnueberbauung-in-zufikon-fertig\\\/\"},\"wordCount\":177,\"publisher\":{\"@id\":\"https:\\\/\\\/www.immobilienbusiness.ch\\\/#organization\"},\"image\":{\"@id\":\"https:\\\/\\\/www.immobilienbusiness.ch\\\/de\\\/regionen\\\/2021-04-23\\\/allreal-stellt-wohnueberbauung-in-zufikon-fertig\\\/#primaryimage\"},\"thumbnailUrl\":\"https:\\\/\\\/www.immobilienbusiness.ch\\\/wp-content\\\/uploads\\\/2021\\\/04\\\/Eigentumswohnungen_Zufikon_2.jpg\",\"keywords\":[\"Fertigstellung\",\"Kanton Aargau\",\"Stockwerkeigentum\"],\"articleSection\":[\"REGIONEN\"],\"inLanguage\":\"it-IT\"},{\"@type\":\"WebPage\",\"@id\":\"https:\\\/\\\/www.immobilienbusiness.ch\\\/de\\\/regionen\\\/2021-04-23\\\/allreal-stellt-wohnueberbauung-in-zufikon-fertig\\\/\",\"url\":\"https:\\\/\\\/www.immobilienbusiness.ch\\\/de\\\/regionen\\\/2021-04-23\\\/allreal-stellt-wohnueberbauung-in-zufikon-fertig\\\/\",\"name\":\"Allreal stellt Wohn\u00fcberbauung in Zufikon fertig - IMMOBILIEN Business\",\"isPartOf\":{\"@id\":\"https:\\\/\\\/www.immobilienbusiness.ch\\\/#website\"},\"primaryImageOfPage\":{\"@id\":\"https:\\\/\\\/www.immobilienbusiness.ch\\\/de\\\/regionen\\\/2021-04-23\\\/allreal-stellt-wohnueberbauung-in-zufikon-fertig\\\/#primaryimage\"},\"image\":{\"@id\":\"https:\\\/\\\/www.immobilienbusiness.ch\\\/de\\\/regionen\\\/2021-04-23\\\/allreal-stellt-wohnueberbauung-in-zufikon-fertig\\\/#primaryimage\"},\"thumbnailUrl\":\"https:\\\/\\\/www.immobilienbusiness.ch\\\/wp-content\\\/uploads\\\/2021\\\/04\\\/Eigentumswohnungen_Zufikon_2.jpg\",\"datePublished\":\"2021-04-23T06:53:23+00:00\",\"description\":\"Allreal hat in Zufikon (AG) zwei Mehrfamilienh\u00e4user mit Eigentumswohnungen erstellt, die nun an die Eigent\u00fcmer \u00fcbergeben werden.\",\"breadcrumb\":{\"@id\":\"https:\\\/\\\/www.immobilienbusiness.ch\\\/de\\\/regionen\\\/2021-04-23\\\/allreal-stellt-wohnueberbauung-in-zufikon-fertig\\\/#breadcrumb\"},\"inLanguage\":\"it-IT\",\"potentialAction\":[{\"@type\":\"ReadAction\",\"target\":[\"https:\\\/\\\/www.immobilienbusiness.ch\\\/de\\\/regionen\\\/2021-04-23\\\/allreal-stellt-wohnueberbauung-in-zufikon-fertig\\\/\"]}]},{\"@type\":\"ImageObject\",\"inLanguage\":\"it-IT\",\"@id\":\"https:\\\/\\\/www.immobilienbusiness.ch\\\/de\\\/regionen\\\/2021-04-23\\\/allreal-stellt-wohnueberbauung-in-zufikon-fertig\\\/#primaryimage\",\"url\":\"https:\\\/\\\/www.immobilienbusiness.ch\\\/wp-content\\\/uploads\\\/2021\\\/04\\\/Eigentumswohnungen_Zufikon_2.jpg\",\"contentUrl\":\"https:\\\/\\\/www.immobilienbusiness.ch\\\/wp-content\\\/uploads\\\/2021\\\/04\\\/Eigentumswohnungen_Zufikon_2.jpg\",\"width\":1000,\"height\":666,\"caption\":\"Die neue Wohn\u00fcberbauung in Zufikon (Bild: Allreal)\"},{\"@type\":\"BreadcrumbList\",\"@id\":\"https:\\\/\\\/www.immobilienbusiness.ch\\\/de\\\/regionen\\\/2021-04-23\\\/allreal-stellt-wohnueberbauung-in-zufikon-fertig\\\/#breadcrumb\",\"itemListElement\":[{\"@type\":\"ListItem\",\"position\":1,\"name\":\"Home\",\"item\":\"https:\\\/\\\/www.immobilienbusiness.ch\\\/\"},{\"@type\":\"ListItem\",\"position\":2,\"name\":\"Allreal stellt Wohn\u00fcberbauung in Zufikon fertig\"}]},{\"@type\":\"WebSite\",\"@id\":\"https:\\\/\\\/www.immobilienbusiness.ch\\\/#website\",\"url\":\"https:\\\/\\\/www.immobilienbusiness.ch\\\/\",\"name\":\"IMMOBILIEN Business\",\"description\":\"Unabh\u00e4ngiges Schweizer Wirtschaftsmagazin mit Fokus auf Immobilien, Architektur- und Bau sowie Investment- und Finanzierung.\",\"publisher\":{\"@id\":\"https:\\\/\\\/www.immobilienbusiness.ch\\\/#organization\"},\"potentialAction\":[{\"@type\":\"SearchAction\",\"target\":{\"@type\":\"EntryPoint\",\"urlTemplate\":\"https:\\\/\\\/www.immobilienbusiness.ch\\\/?s={search_term_string}\"},\"query-input\":{\"@type\":\"PropertyValueSpecification\",\"valueRequired\":true,\"valueName\":\"search_term_string\"}}],\"inLanguage\":\"it-IT\"},{\"@type\":\"Organization\",\"@id\":\"https:\\\/\\\/www.immobilienbusiness.ch\\\/#organization\",\"name\":\"IMMOBILIEN Business\",\"url\":\"https:\\\/\\\/www.immobilienbusiness.ch\\\/\",\"logo\":{\"@type\":\"ImageObject\",\"inLanguage\":\"it-IT\",\"@id\":\"https:\\\/\\\/www.immobilienbusiness.ch\\\/#\\\/schema\\\/logo\\\/image\\\/\",\"url\":\"https:\\\/\\\/www.immobilienbusiness.ch\\\/wp-content\\\/uploads\\\/2021\\\/07\\\/logo_ib.png\",\"contentUrl\":\"https:\\\/\\\/www.immobilienbusiness.ch\\\/wp-content\\\/uploads\\\/2021\\\/07\\\/logo_ib.png\",\"width\":800,\"height\":181,\"caption\":\"IMMOBILIEN Business\"},\"image\":{\"@id\":\"https:\\\/\\\/www.immobilienbusiness.ch\\\/#\\\/schema\\\/logo\\\/image\\\/\"},\"sameAs\":[\"https:\\\/\\\/www.facebook.com\\\/immobilienbusiness\\\/\"]},{\"@type\":\"Person\",\"@id\":\"https:\\\/\\\/www.immobilienbusiness.ch\\\/#\\\/schema\\\/person\\\/3fc036297b10b9f42d6db5ee932af8c8\",\"name\":\"anja.hall\",\"image\":{\"@type\":\"ImageObject\",\"inLanguage\":\"it-IT\",\"@id\":\"https:\\\/\\\/secure.gravatar.com\\\/avatar\\\/066b5a0d447013502c71a5782f4f3469f03cfe595cc2329fb94652fe47511bfb?s=96&d=mm&r=g\",\"url\":\"https:\\\/\\\/secure.gravatar.com\\\/avatar\\\/066b5a0d447013502c71a5782f4f3469f03cfe595cc2329fb94652fe47511bfb?s=96&d=mm&r=g\",\"contentUrl\":\"https:\\\/\\\/secure.gravatar.com\\\/avatar\\\/066b5a0d447013502c71a5782f4f3469f03cfe595cc2329fb94652fe47511bfb?s=96&d=mm&r=g\",\"caption\":\"anja.hall\"},\"url\":\"https:\\\/\\\/www.immobilienbusiness.ch\\\/it\\\/author\\\/anja-hall\\\/\"}]}<\/script>\n<!-- \/ Yoast SEO plugin. -->","yoast_head_json":{"title":"Allreal stellt Wohn\u00fcberbauung in Zufikon fertig - IMMOBILIEN Business","description":"Allreal ha costruito due palazzi con appartamenti liberi a Zufikon (AG), che ora vengono consegnati ai proprietari.","robots":{"index":"index","follow":"follow","max-snippet":"max-snippet:-1","max-image-preview":"max-image-preview:large","max-video-preview":"max-video-preview:-1"},"canonical":"https:\/\/www.immobilienbusiness.ch\/it\/regionen\/2021-04-23\/allreal-stellt-wohnueberbauung-in-zufikon-fertig\/","og_locale":"it_IT","og_type":"article","og_title":"Allreal stellt Wohn\u00fcberbauung in Zufikon fertig - IMMOBILIEN Business","og_description":"Allreal hat in Zufikon (AG) zwei Mehrfamilienh\u00e4user mit Eigentumswohnungen erstellt, die nun an die Eigent\u00fcmer \u00fcbergeben werden.","og_url":"https:\/\/www.immobilienbusiness.ch\/it\/regionen\/2021-04-23\/allreal-stellt-wohnueberbauung-in-zufikon-fertig\/","og_site_name":"IMMOBILIEN Business","article_publisher":"https:\/\/www.facebook.com\/immobilienbusiness\/","article_published_time":"2021-04-23T06:53:23+00:00","og_image":[{"width":1000,"height":666,"url":"https:\/\/www.immobilienbusiness.ch\/wp-content\/uploads\/2021\/04\/Eigentumswohnungen_Zufikon_2.jpg","type":"image\/jpeg"}],"author":"anja.hall","twitter_card":"summary_large_image","twitter_image":"https:\/\/www.immobilienbusiness.ch\/wp-content\/uploads\/2021\/04\/Eigentumswohnungen_Zufikon_2.jpg","schema":{"@context":"https:\/\/schema.org","@graph":[{"@type":"Article","@id":"https:\/\/www.immobilienbusiness.ch\/de\/regionen\/2021-04-23\/allreal-stellt-wohnueberbauung-in-zufikon-fertig\/#article","isPartOf":{"@id":"https:\/\/www.immobilienbusiness.ch\/de\/regionen\/2021-04-23\/allreal-stellt-wohnueberbauung-in-zufikon-fertig\/"},"author":{"name":"anja.hall","@id":"https:\/\/www.immobilienbusiness.ch\/#\/schema\/person\/3fc036297b10b9f42d6db5ee932af8c8"},"headline":"Allreal stellt Wohn\u00fcberbauung in Zufikon fertig","datePublished":"2021-04-23T06:53:23+00:00","mainEntityOfPage":{"@id":"https:\/\/www.immobilienbusiness.ch\/de\/regionen\/2021-04-23\/allreal-stellt-wohnueberbauung-in-zufikon-fertig\/"},"wordCount":177,"publisher":{"@id":"https:\/\/www.immobilienbusiness.ch\/#organization"},"image":{"@id":"https:\/\/www.immobilienbusiness.ch\/de\/regionen\/2021-04-23\/allreal-stellt-wohnueberbauung-in-zufikon-fertig\/#primaryimage"},"thumbnailUrl":"https:\/\/www.immobilienbusiness.ch\/wp-content\/uploads\/2021\/04\/Eigentumswohnungen_Zufikon_2.jpg","keywords":["Fertigstellung","Kanton Aargau","Stockwerkeigentum"],"articleSection":["REGIONEN"],"inLanguage":"it-IT"},{"@type":"WebPage","@id":"https:\/\/www.immobilienbusiness.ch\/de\/regionen\/2021-04-23\/allreal-stellt-wohnueberbauung-in-zufikon-fertig\/","url":"https:\/\/www.immobilienbusiness.ch\/de\/regionen\/2021-04-23\/allreal-stellt-wohnueberbauung-in-zufikon-fertig\/","name":"Allreal stellt Wohn\u00fcberbauung in Zufikon fertig - IMMOBILIEN Business","isPartOf":{"@id":"https:\/\/www.immobilienbusiness.ch\/#website"},"primaryImageOfPage":{"@id":"https:\/\/www.immobilienbusiness.ch\/de\/regionen\/2021-04-23\/allreal-stellt-wohnueberbauung-in-zufikon-fertig\/#primaryimage"},"image":{"@id":"https:\/\/www.immobilienbusiness.ch\/de\/regionen\/2021-04-23\/allreal-stellt-wohnueberbauung-in-zufikon-fertig\/#primaryimage"},"thumbnailUrl":"https:\/\/www.immobilienbusiness.ch\/wp-content\/uploads\/2021\/04\/Eigentumswohnungen_Zufikon_2.jpg","datePublished":"2021-04-23T06:53:23+00:00","description":"Allreal ha costruito due palazzi con appartamenti liberi a Zufikon (AG), che ora vengono consegnati ai proprietari.","breadcrumb":{"@id":"https:\/\/www.immobilienbusiness.ch\/de\/regionen\/2021-04-23\/allreal-stellt-wohnueberbauung-in-zufikon-fertig\/#breadcrumb"},"inLanguage":"it-IT","potentialAction":[{"@type":"ReadAction","target":["https:\/\/www.immobilienbusiness.ch\/de\/regionen\/2021-04-23\/allreal-stellt-wohnueberbauung-in-zufikon-fertig\/"]}]},{"@type":"ImageObject","inLanguage":"it-IT","@id":"https:\/\/www.immobilienbusiness.ch\/de\/regionen\/2021-04-23\/allreal-stellt-wohnueberbauung-in-zufikon-fertig\/#primaryimage","url":"https:\/\/www.immobilienbusiness.ch\/wp-content\/uploads\/2021\/04\/Eigentumswohnungen_Zufikon_2.jpg","contentUrl":"https:\/\/www.immobilienbusiness.ch\/wp-content\/uploads\/2021\/04\/Eigentumswohnungen_Zufikon_2.jpg","width":1000,"height":666,"caption":"Die neue Wohn\u00fcberbauung in Zufikon (Bild: Allreal)"},{"@type":"BreadcrumbList","@id":"https:\/\/www.immobilienbusiness.ch\/de\/regionen\/2021-04-23\/allreal-stellt-wohnueberbauung-in-zufikon-fertig\/#breadcrumb","itemListElement":[{"@type":"ListItem","position":1,"name":"Home","item":"https:\/\/www.immobilienbusiness.ch\/"},{"@type":"ListItem","position":2,"name":"Allreal stellt Wohn\u00fcberbauung in Zufikon fertig"}]},{"@type":"WebSite","@id":"https:\/\/www.immobilienbusiness.ch\/#website","url":"https:\/\/www.immobilienbusiness.ch\/","name":"Affari immobiliari","description":"Rivista economica indipendente svizzera che si concentra sul settore immobiliare, l'architettura e la costruzione, nonch\u00e9 sugli investimenti e i finanziamenti.","publisher":{"@id":"https:\/\/www.immobilienbusiness.ch\/#organization"},"potentialAction":[{"@type":"SearchAction","target":{"@type":"EntryPoint","urlTemplate":"https:\/\/www.immobilienbusiness.ch\/?s={search_term_string}"},"query-input":{"@type":"PropertyValueSpecification","valueRequired":true,"valueName":"search_term_string"}}],"inLanguage":"it-IT"},{"@type":"Organization","@id":"https:\/\/www.immobilienbusiness.ch\/#organization","name":"Affari immobiliari","url":"https:\/\/www.immobilienbusiness.ch\/","logo":{"@type":"ImageObject","inLanguage":"it-IT","@id":"https:\/\/www.immobilienbusiness.ch\/#\/schema\/logo\/image\/","url":"https:\/\/www.immobilienbusiness.ch\/wp-content\/uploads\/2021\/07\/logo_ib.png","contentUrl":"https:\/\/www.immobilienbusiness.ch\/wp-content\/uploads\/2021\/07\/logo_ib.png","width":800,"height":181,"caption":"IMMOBILIEN Business"},"image":{"@id":"https:\/\/www.immobilienbusiness.ch\/#\/schema\/logo\/image\/"},"sameAs":["https:\/\/www.facebook.com\/immobilienbusiness\/"]},{"@type":"Person","@id":"https:\/\/www.immobilienbusiness.ch\/#\/schema\/person\/3fc036297b10b9f42d6db5ee932af8c8","name":"anja.hall","image":{"@type":"ImageObject","inLanguage":"it-IT","@id":"https:\/\/secure.gravatar.com\/avatar\/066b5a0d447013502c71a5782f4f3469f03cfe595cc2329fb94652fe47511bfb?s=96&d=mm&r=g","url":"https:\/\/secure.gravatar.com\/avatar\/066b5a0d447013502c71a5782f4f3469f03cfe595cc2329fb94652fe47511bfb?s=96&d=mm&r=g","contentUrl":"https:\/\/secure.gravatar.com\/avatar\/066b5a0d447013502c71a5782f4f3469f03cfe595cc2329fb94652fe47511bfb?s=96&d=mm&r=g","caption":"anja.hall"},"url":"https:\/\/www.immobilienbusiness.ch\/it\/author\/anja-hall\/"}]}},"_links":{"self":[{"href":"https:\/\/www.immobilienbusiness.ch\/it\/wp-json\/wp\/v2\/posts\/24013","targetHints":{"allow":["GET"]}}],"collection":[{"href":"https:\/\/www.immobilienbusiness.ch\/it\/wp-json\/wp\/v2\/posts"}],"about":[{"href":"https:\/\/www.immobilienbusiness.ch\/it\/wp-json\/wp\/v2\/types\/post"}],"author":[{"embeddable":true,"href":"https:\/\/www.immobilienbusiness.ch\/it\/wp-json\/wp\/v2\/users\/3"}],"replies":[{"embeddable":true,"href":"https:\/\/www.immobilienbusiness.ch\/it\/wp-json\/wp\/v2\/comments?post=24013"}],"version-history":[{"count":0,"href":"https:\/\/www.immobilienbusiness.ch\/it\/wp-json\/wp\/v2\/posts\/24013\/revisions"}],"wp:featuredmedia":[{"embeddable":true,"href":"https:\/\/www.immobilienbusiness.ch\/it\/wp-json\/wp\/v2\/media\/24014"}],"wp:attachment":[{"href":"https:\/\/www.immobilienbusiness.ch\/it\/wp-json\/wp\/v2\/media?parent=24013"}],"wp:term":[{"taxonomy":"category","embeddable":true,"href":"https:\/\/www.immobilienbusiness.ch\/it\/wp-json\/wp\/v2\/categories?post=24013"},{"taxonomy":"post_tag","embeddable":true,"href":"https:\/\/www.immobilienbusiness.ch\/it\/wp-json\/wp\/v2\/tags?post=24013"}],"curies":[{"name":"wp","href":"https:\/\/api.w.org\/{rel}","templated":true}]}}