{"id":23945,"date":"2021-04-14T08:03:32","date_gmt":"2021-04-14T06:03:32","guid":{"rendered":"https:\/\/www.immobilienbusiness.ch\/?p=23945"},"modified":"2023-08-09T19:21:30","modified_gmt":"2023-08-09T17:21:30","slug":"zuerich-dentaltechnik-firma-mietet-im-yond","status":"publish","type":"post","link":"https:\/\/www.immobilienbusiness.ch\/it\/regionen\/2021-04-14\/zuerich-dentaltechnik-firma-mietet-im-yond\/","title":{"rendered":"Zurigo: azienda di tecnologia dentale affitta a Yond"},"content":{"rendered":"<div class=\"quickedit-field\" data-quickedit-field-id=\"node\/4971\/field_content\/de\/full\">\n<div>\n<div class=\"paragraph paragraph--type--text paragraph--view-mode--default\" data-quickedit-entity-id=\"paragraph\/5133\" data-quickedit-entity-instance-id=\"0\">\n<div data-quickedit-field-id=\"paragraph\/5133\/field_text\/de\/default\">\n<figure id=\"attachment_23946\" aria-describedby=\"caption-attachment-23946\" style=\"width: 300px\" class=\"wp-caption alignnone\"><img loading=\"lazy\" decoding=\"async\" class=\"wp-image-23946 size-medium\" src=\"https:\/\/www.immobilienbusiness.ch\/wp-content\/uploads\/2021\/04\/MM_SPG-IC_Dentsply-Sirona-300x200.jpg\" alt=\"Yond\" width=\"300\" height=\"200\" srcset=\"https:\/\/www.immobilienbusiness.ch\/wp-content\/uploads\/2021\/04\/MM_SPG-IC_Dentsply-Sirona-300x200.jpg 300w, https:\/\/www.immobilienbusiness.ch\/wp-content\/uploads\/2021\/04\/MM_SPG-IC_Dentsply-Sirona-1024x682.jpg 1024w, https:\/\/www.immobilienbusiness.ch\/wp-content\/uploads\/2021\/04\/MM_SPG-IC_Dentsply-Sirona-768x511.jpg 768w, https:\/\/www.immobilienbusiness.ch\/wp-content\/uploads\/2021\/04\/MM_SPG-IC_Dentsply-Sirona-16x12.jpg 16w, https:\/\/www.immobilienbusiness.ch\/wp-content\/uploads\/2021\/04\/MM_SPG-IC_Dentsply-Sirona-263x175.jpg 263w, https:\/\/www.immobilienbusiness.ch\/wp-content\/uploads\/2021\/04\/MM_SPG-IC_Dentsply-Sirona-526x350.jpg 526w, https:\/\/www.immobilienbusiness.ch\/wp-content\/uploads\/2021\/04\/MM_SPG-IC_Dentsply-Sirona-1201x800.jpg 1201w, https:\/\/www.immobilienbusiness.ch\/wp-content\/uploads\/2021\/04\/MM_SPG-IC_Dentsply-Sirona-920x613.jpg 920w, https:\/\/www.immobilienbusiness.ch\/wp-content\/uploads\/2021\/04\/MM_SPG-IC_Dentsply-Sirona.jpg 1311w\" sizes=\"auto, (max-width: 300px) 100vw, 300px\" \/><figcaption id=\"caption-attachment-23946\" class=\"wp-caption-text\">La propriet\u00e0 commerciale Yond (Immagine: SPG Intercity Zurich)<\/figcaption><\/figure>\n<p>SPG Intercity Zurich ha mediato il nuovo spazio per uffici per Dentsply Sirona nell'immobile commerciale Yond in Albisriederstrasse 253 per conto dell'azienda di tecnologia dentale. L'inquilino si trasferir\u00e0 nella nuova sede nell'estate del 2021.<\/p>\n<p>L'edificio Yond \u00e8 un progetto di sviluppo del Swiss Prime Site Group (SPS). Realizzato tra la fine del 2017 e la fine del 2019, l'innovativo edificio di servizio e commerciale con una superficie totale di 15.200 mq offre agli inquilini spazi di lavoro flessibili e altezze di stanza fino a 5,5 metri, che possono essere progettati e suddivisi individualmente utilizzando un sistema modulare appositamente sviluppato. <em>(mr)<\/em><\/p>\n<\/div>\n<\/div>\n<\/div>\n<\/div>","protected":false},"excerpt":{"rendered":"<p>Dentsply Sirona, un produttore di prodotti dentali, affitta uno spazio di 1.000 mq nell'edificio SPS Yond a Zurigo-Albisrieden.<\/p>","protected":false},"author":3,"featured_media":23946,"comment_status":"closed","ping_status":"closed","sticky":false,"template":"","format":"standard","meta":{"_acf_changed":false,"_yoast_wpseo_focuskw":"Yond","_yoast_wpseo_title":"","_yoast_wpseo_metadesc":"Dentsply Sirona, ein Hersteller von zahnmedizinischen Produkten, mietet im SPS-Geb\u00e4ude Yond in Z\u00fcrich-Albisrieden eine 1.000 qm grosse B\u00fcrofl\u00e4che an.","_yoast_wpseo_linkdex":43,"pgc_sgb_lightbox_settings":"","footnotes":""},"categories":[985],"tags":[1119,1717,1760,1832,1888],"class_list":["post-23945","post","type-post","status-publish","format-standard","has-post-thumbnail","hentry","category-regionen","tag-bueroimmobilien","tag-spg-intercity","tag-swiss-prime-site","tag-vermietung","tag-zuerich"],"acf":[],"yoast_head":"<!-- This site is optimized with the Yoast SEO plugin v27.5 - https:\/\/yoast.com\/product\/yoast-seo-wordpress\/ -->\n<title>Z\u00fcrich: Dentaltechnik-Firma mietet im Yond - IMMOBILIEN Business<\/title>\n<meta name=\"description\" content=\"Dentsply Sirona, ein Hersteller von zahnmedizinischen Produkten, mietet im SPS-Geb\u00e4ude Yond in Z\u00fcrich-Albisrieden eine 1.000 qm grosse B\u00fcrofl\u00e4che an.\" \/>\n<meta name=\"robots\" content=\"index, follow, max-snippet:-1, max-image-preview:large, max-video-preview:-1\" \/>\n<link rel=\"canonical\" href=\"https:\/\/www.immobilienbusiness.ch\/it\/regionen\/2021-04-14\/zuerich-dentaltechnik-firma-mietet-im-yond\/\" \/>\n<meta property=\"og:locale\" content=\"it_IT\" \/>\n<meta property=\"og:type\" content=\"article\" \/>\n<meta property=\"og:title\" content=\"Z\u00fcrich: Dentaltechnik-Firma mietet im Yond - IMMOBILIEN Business\" \/>\n<meta property=\"og:description\" content=\"Dentsply Sirona, ein Hersteller von zahnmedizinischen Produkten, mietet im SPS-Geb\u00e4ude Yond in Z\u00fcrich-Albisrieden eine 1.000 qm grosse B\u00fcrofl\u00e4che an.\" \/>\n<meta property=\"og:url\" content=\"https:\/\/www.immobilienbusiness.ch\/it\/regionen\/2021-04-14\/zuerich-dentaltechnik-firma-mietet-im-yond\/\" \/>\n<meta property=\"og:site_name\" content=\"IMMOBILIEN Business\" \/>\n<meta property=\"article:publisher\" content=\"https:\/\/www.facebook.com\/immobilienbusiness\/\" \/>\n<meta property=\"article:published_time\" content=\"2021-04-14T06:03:32+00:00\" \/>\n<meta property=\"article:modified_time\" content=\"2023-08-09T17:21:30+00:00\" \/>\n<meta property=\"og:image\" content=\"https:\/\/www.immobilienbusiness.ch\/wp-content\/uploads\/2021\/04\/MM_SPG-IC_Dentsply-Sirona.jpg\" \/>\n\t<meta property=\"og:image:width\" content=\"1311\" \/>\n\t<meta property=\"og:image:height\" content=\"873\" \/>\n\t<meta property=\"og:image:type\" content=\"image\/jpeg\" \/>\n<meta name=\"author\" content=\"anja.hall\" \/>\n<meta name=\"twitter:card\" content=\"summary_large_image\" \/>\n<meta name=\"twitter:image\" content=\"https:\/\/www.immobilienbusiness.ch\/wp-content\/uploads\/2021\/04\/MM_SPG-IC_Dentsply-Sirona.jpg\" \/>\n<script type=\"application\/ld+json\" class=\"yoast-schema-graph\">{\"@context\":\"https:\\\/\\\/schema.org\",\"@graph\":[{\"@type\":\"Article\",\"@id\":\"https:\\\/\\\/www.immobilienbusiness.ch\\\/it\\\/regionen\\\/2021-04-14\\\/zuerich-dentaltechnik-firma-mietet-im-yond\\\/#article\",\"isPartOf\":{\"@id\":\"https:\\\/\\\/www.immobilienbusiness.ch\\\/it\\\/regionen\\\/2021-04-14\\\/zuerich-dentaltechnik-firma-mietet-im-yond\\\/\"},\"author\":{\"name\":\"anja.hall\",\"@id\":\"https:\\\/\\\/www.immobilienbusiness.ch\\\/#\\\/schema\\\/person\\\/3fc036297b10b9f42d6db5ee932af8c8\"},\"headline\":\"Z\u00fcrich: Dentaltechnik-Firma mietet im Yond\",\"datePublished\":\"2021-04-14T06:03:32+00:00\",\"dateModified\":\"2023-08-09T17:21:30+00:00\",\"mainEntityOfPage\":{\"@id\":\"https:\\\/\\\/www.immobilienbusiness.ch\\\/it\\\/regionen\\\/2021-04-14\\\/zuerich-dentaltechnik-firma-mietet-im-yond\\\/\"},\"wordCount\":114,\"publisher\":{\"@id\":\"https:\\\/\\\/www.immobilienbusiness.ch\\\/#organization\"},\"image\":{\"@id\":\"https:\\\/\\\/www.immobilienbusiness.ch\\\/it\\\/regionen\\\/2021-04-14\\\/zuerich-dentaltechnik-firma-mietet-im-yond\\\/#primaryimage\"},\"thumbnailUrl\":\"https:\\\/\\\/www.immobilienbusiness.ch\\\/wp-content\\\/uploads\\\/2021\\\/04\\\/MM_SPG-IC_Dentsply-Sirona.jpg\",\"keywords\":[\"B\u00fcroimmobilien\",\"SPG Intercity\",\"Swiss Prime Site\",\"Vermietung\",\"Z\u00fcrich\"],\"articleSection\":[\"REGIONEN\"],\"inLanguage\":\"it-IT\"},{\"@type\":\"WebPage\",\"@id\":\"https:\\\/\\\/www.immobilienbusiness.ch\\\/it\\\/regionen\\\/2021-04-14\\\/zuerich-dentaltechnik-firma-mietet-im-yond\\\/\",\"url\":\"https:\\\/\\\/www.immobilienbusiness.ch\\\/it\\\/regionen\\\/2021-04-14\\\/zuerich-dentaltechnik-firma-mietet-im-yond\\\/\",\"name\":\"Z\u00fcrich: Dentaltechnik-Firma mietet im Yond - IMMOBILIEN Business\",\"isPartOf\":{\"@id\":\"https:\\\/\\\/www.immobilienbusiness.ch\\\/#website\"},\"primaryImageOfPage\":{\"@id\":\"https:\\\/\\\/www.immobilienbusiness.ch\\\/it\\\/regionen\\\/2021-04-14\\\/zuerich-dentaltechnik-firma-mietet-im-yond\\\/#primaryimage\"},\"image\":{\"@id\":\"https:\\\/\\\/www.immobilienbusiness.ch\\\/it\\\/regionen\\\/2021-04-14\\\/zuerich-dentaltechnik-firma-mietet-im-yond\\\/#primaryimage\"},\"thumbnailUrl\":\"https:\\\/\\\/www.immobilienbusiness.ch\\\/wp-content\\\/uploads\\\/2021\\\/04\\\/MM_SPG-IC_Dentsply-Sirona.jpg\",\"datePublished\":\"2021-04-14T06:03:32+00:00\",\"dateModified\":\"2023-08-09T17:21:30+00:00\",\"description\":\"Dentsply Sirona, ein Hersteller von zahnmedizinischen Produkten, mietet im SPS-Geb\u00e4ude Yond in Z\u00fcrich-Albisrieden eine 1.000 qm grosse B\u00fcrofl\u00e4che an.\",\"breadcrumb\":{\"@id\":\"https:\\\/\\\/www.immobilienbusiness.ch\\\/it\\\/regionen\\\/2021-04-14\\\/zuerich-dentaltechnik-firma-mietet-im-yond\\\/#breadcrumb\"},\"inLanguage\":\"it-IT\",\"potentialAction\":[{\"@type\":\"ReadAction\",\"target\":[\"https:\\\/\\\/www.immobilienbusiness.ch\\\/it\\\/regionen\\\/2021-04-14\\\/zuerich-dentaltechnik-firma-mietet-im-yond\\\/\"]}]},{\"@type\":\"ImageObject\",\"inLanguage\":\"it-IT\",\"@id\":\"https:\\\/\\\/www.immobilienbusiness.ch\\\/it\\\/regionen\\\/2021-04-14\\\/zuerich-dentaltechnik-firma-mietet-im-yond\\\/#primaryimage\",\"url\":\"https:\\\/\\\/www.immobilienbusiness.ch\\\/wp-content\\\/uploads\\\/2021\\\/04\\\/MM_SPG-IC_Dentsply-Sirona.jpg\",\"contentUrl\":\"https:\\\/\\\/www.immobilienbusiness.ch\\\/wp-content\\\/uploads\\\/2021\\\/04\\\/MM_SPG-IC_Dentsply-Sirona.jpg\",\"width\":1311,\"height\":873,\"caption\":\"Die Gesch\u00e4ftsliegenschaf Yond (Bild: SPG Intercity Zurich)\"},{\"@type\":\"BreadcrumbList\",\"@id\":\"https:\\\/\\\/www.immobilienbusiness.ch\\\/it\\\/regionen\\\/2021-04-14\\\/zuerich-dentaltechnik-firma-mietet-im-yond\\\/#breadcrumb\",\"itemListElement\":[{\"@type\":\"ListItem\",\"position\":1,\"name\":\"Home\",\"item\":\"https:\\\/\\\/www.immobilienbusiness.ch\\\/\"},{\"@type\":\"ListItem\",\"position\":2,\"name\":\"Z\u00fcrich: Dentaltechnik-Firma mietet im Yond\"}]},{\"@type\":\"WebSite\",\"@id\":\"https:\\\/\\\/www.immobilienbusiness.ch\\\/#website\",\"url\":\"https:\\\/\\\/www.immobilienbusiness.ch\\\/\",\"name\":\"IMMOBILIEN Business\",\"description\":\"Unabh\u00e4ngiges Schweizer Wirtschaftsmagazin mit Fokus auf Immobilien, Architektur- und Bau sowie Investment- und Finanzierung.\",\"publisher\":{\"@id\":\"https:\\\/\\\/www.immobilienbusiness.ch\\\/#organization\"},\"potentialAction\":[{\"@type\":\"SearchAction\",\"target\":{\"@type\":\"EntryPoint\",\"urlTemplate\":\"https:\\\/\\\/www.immobilienbusiness.ch\\\/?s={search_term_string}\"},\"query-input\":{\"@type\":\"PropertyValueSpecification\",\"valueRequired\":true,\"valueName\":\"search_term_string\"}}],\"inLanguage\":\"it-IT\"},{\"@type\":\"Organization\",\"@id\":\"https:\\\/\\\/www.immobilienbusiness.ch\\\/#organization\",\"name\":\"IMMOBILIEN Business\",\"url\":\"https:\\\/\\\/www.immobilienbusiness.ch\\\/\",\"logo\":{\"@type\":\"ImageObject\",\"inLanguage\":\"it-IT\",\"@id\":\"https:\\\/\\\/www.immobilienbusiness.ch\\\/#\\\/schema\\\/logo\\\/image\\\/\",\"url\":\"https:\\\/\\\/www.immobilienbusiness.ch\\\/wp-content\\\/uploads\\\/2021\\\/07\\\/logo_ib.png\",\"contentUrl\":\"https:\\\/\\\/www.immobilienbusiness.ch\\\/wp-content\\\/uploads\\\/2021\\\/07\\\/logo_ib.png\",\"width\":800,\"height\":181,\"caption\":\"IMMOBILIEN Business\"},\"image\":{\"@id\":\"https:\\\/\\\/www.immobilienbusiness.ch\\\/#\\\/schema\\\/logo\\\/image\\\/\"},\"sameAs\":[\"https:\\\/\\\/www.facebook.com\\\/immobilienbusiness\\\/\"]},{\"@type\":\"Person\",\"@id\":\"https:\\\/\\\/www.immobilienbusiness.ch\\\/#\\\/schema\\\/person\\\/3fc036297b10b9f42d6db5ee932af8c8\",\"name\":\"anja.hall\",\"image\":{\"@type\":\"ImageObject\",\"inLanguage\":\"it-IT\",\"@id\":\"https:\\\/\\\/secure.gravatar.com\\\/avatar\\\/066b5a0d447013502c71a5782f4f3469f03cfe595cc2329fb94652fe47511bfb?s=96&d=mm&r=g\",\"url\":\"https:\\\/\\\/secure.gravatar.com\\\/avatar\\\/066b5a0d447013502c71a5782f4f3469f03cfe595cc2329fb94652fe47511bfb?s=96&d=mm&r=g\",\"contentUrl\":\"https:\\\/\\\/secure.gravatar.com\\\/avatar\\\/066b5a0d447013502c71a5782f4f3469f03cfe595cc2329fb94652fe47511bfb?s=96&d=mm&r=g\",\"caption\":\"anja.hall\"},\"url\":\"https:\\\/\\\/www.immobilienbusiness.ch\\\/it\\\/author\\\/anja-hall\\\/\"}]}<\/script>\n<!-- \/ Yoast SEO plugin. -->","yoast_head_json":{"title":"Zurigo: azienda di odontotecnica in affitto a Yond - IMMOBILIEN Business","description":"Dentsply Sirona, un produttore di prodotti dentali, affitta uno spazio di 1.000 mq nell'edificio SPS Yond a Zurigo-Albisrieden.","robots":{"index":"index","follow":"follow","max-snippet":"max-snippet:-1","max-image-preview":"max-image-preview:large","max-video-preview":"max-video-preview:-1"},"canonical":"https:\/\/www.immobilienbusiness.ch\/it\/regionen\/2021-04-14\/zuerich-dentaltechnik-firma-mietet-im-yond\/","og_locale":"it_IT","og_type":"article","og_title":"Z\u00fcrich: Dentaltechnik-Firma mietet im Yond - IMMOBILIEN Business","og_description":"Dentsply Sirona, ein Hersteller von zahnmedizinischen Produkten, mietet im SPS-Geb\u00e4ude Yond in Z\u00fcrich-Albisrieden eine 1.000 qm grosse B\u00fcrofl\u00e4che an.","og_url":"https:\/\/www.immobilienbusiness.ch\/it\/regionen\/2021-04-14\/zuerich-dentaltechnik-firma-mietet-im-yond\/","og_site_name":"IMMOBILIEN Business","article_publisher":"https:\/\/www.facebook.com\/immobilienbusiness\/","article_published_time":"2021-04-14T06:03:32+00:00","article_modified_time":"2023-08-09T17:21:30+00:00","og_image":[{"width":1311,"height":873,"url":"https:\/\/www.immobilienbusiness.ch\/wp-content\/uploads\/2021\/04\/MM_SPG-IC_Dentsply-Sirona.jpg","type":"image\/jpeg"}],"author":"anja.hall","twitter_card":"summary_large_image","twitter_image":"https:\/\/www.immobilienbusiness.ch\/wp-content\/uploads\/2021\/04\/MM_SPG-IC_Dentsply-Sirona.jpg","schema":{"@context":"https:\/\/schema.org","@graph":[{"@type":"Article","@id":"https:\/\/www.immobilienbusiness.ch\/it\/regionen\/2021-04-14\/zuerich-dentaltechnik-firma-mietet-im-yond\/#article","isPartOf":{"@id":"https:\/\/www.immobilienbusiness.ch\/it\/regionen\/2021-04-14\/zuerich-dentaltechnik-firma-mietet-im-yond\/"},"author":{"name":"anja.hall","@id":"https:\/\/www.immobilienbusiness.ch\/#\/schema\/person\/3fc036297b10b9f42d6db5ee932af8c8"},"headline":"Z\u00fcrich: Dentaltechnik-Firma mietet im Yond","datePublished":"2021-04-14T06:03:32+00:00","dateModified":"2023-08-09T17:21:30+00:00","mainEntityOfPage":{"@id":"https:\/\/www.immobilienbusiness.ch\/it\/regionen\/2021-04-14\/zuerich-dentaltechnik-firma-mietet-im-yond\/"},"wordCount":114,"publisher":{"@id":"https:\/\/www.immobilienbusiness.ch\/#organization"},"image":{"@id":"https:\/\/www.immobilienbusiness.ch\/it\/regionen\/2021-04-14\/zuerich-dentaltechnik-firma-mietet-im-yond\/#primaryimage"},"thumbnailUrl":"https:\/\/www.immobilienbusiness.ch\/wp-content\/uploads\/2021\/04\/MM_SPG-IC_Dentsply-Sirona.jpg","keywords":["B\u00fcroimmobilien","SPG Intercity","Swiss Prime Site","Vermietung","Z\u00fcrich"],"articleSection":["REGIONEN"],"inLanguage":"it-IT"},{"@type":"WebPage","@id":"https:\/\/www.immobilienbusiness.ch\/it\/regionen\/2021-04-14\/zuerich-dentaltechnik-firma-mietet-im-yond\/","url":"https:\/\/www.immobilienbusiness.ch\/it\/regionen\/2021-04-14\/zuerich-dentaltechnik-firma-mietet-im-yond\/","name":"Zurigo: azienda di odontotecnica in affitto a Yond - IMMOBILIEN Business","isPartOf":{"@id":"https:\/\/www.immobilienbusiness.ch\/#website"},"primaryImageOfPage":{"@id":"https:\/\/www.immobilienbusiness.ch\/it\/regionen\/2021-04-14\/zuerich-dentaltechnik-firma-mietet-im-yond\/#primaryimage"},"image":{"@id":"https:\/\/www.immobilienbusiness.ch\/it\/regionen\/2021-04-14\/zuerich-dentaltechnik-firma-mietet-im-yond\/#primaryimage"},"thumbnailUrl":"https:\/\/www.immobilienbusiness.ch\/wp-content\/uploads\/2021\/04\/MM_SPG-IC_Dentsply-Sirona.jpg","datePublished":"2021-04-14T06:03:32+00:00","dateModified":"2023-08-09T17:21:30+00:00","description":"Dentsply Sirona, un produttore di prodotti dentali, affitta uno spazio di 1.000 mq nell'edificio SPS Yond a Zurigo-Albisrieden.","breadcrumb":{"@id":"https:\/\/www.immobilienbusiness.ch\/it\/regionen\/2021-04-14\/zuerich-dentaltechnik-firma-mietet-im-yond\/#breadcrumb"},"inLanguage":"it-IT","potentialAction":[{"@type":"ReadAction","target":["https:\/\/www.immobilienbusiness.ch\/it\/regionen\/2021-04-14\/zuerich-dentaltechnik-firma-mietet-im-yond\/"]}]},{"@type":"ImageObject","inLanguage":"it-IT","@id":"https:\/\/www.immobilienbusiness.ch\/it\/regionen\/2021-04-14\/zuerich-dentaltechnik-firma-mietet-im-yond\/#primaryimage","url":"https:\/\/www.immobilienbusiness.ch\/wp-content\/uploads\/2021\/04\/MM_SPG-IC_Dentsply-Sirona.jpg","contentUrl":"https:\/\/www.immobilienbusiness.ch\/wp-content\/uploads\/2021\/04\/MM_SPG-IC_Dentsply-Sirona.jpg","width":1311,"height":873,"caption":"Die Gesch\u00e4ftsliegenschaf Yond (Bild: SPG Intercity Zurich)"},{"@type":"BreadcrumbList","@id":"https:\/\/www.immobilienbusiness.ch\/it\/regionen\/2021-04-14\/zuerich-dentaltechnik-firma-mietet-im-yond\/#breadcrumb","itemListElement":[{"@type":"ListItem","position":1,"name":"Home","item":"https:\/\/www.immobilienbusiness.ch\/"},{"@type":"ListItem","position":2,"name":"Z\u00fcrich: Dentaltechnik-Firma mietet im Yond"}]},{"@type":"WebSite","@id":"https:\/\/www.immobilienbusiness.ch\/#website","url":"https:\/\/www.immobilienbusiness.ch\/","name":"Affari immobiliari","description":"Rivista economica indipendente svizzera che si concentra sul settore immobiliare, l'architettura e la costruzione, nonch\u00e9 sugli investimenti e i finanziamenti.","publisher":{"@id":"https:\/\/www.immobilienbusiness.ch\/#organization"},"potentialAction":[{"@type":"SearchAction","target":{"@type":"EntryPoint","urlTemplate":"https:\/\/www.immobilienbusiness.ch\/?s={search_term_string}"},"query-input":{"@type":"PropertyValueSpecification","valueRequired":true,"valueName":"search_term_string"}}],"inLanguage":"it-IT"},{"@type":"Organization","@id":"https:\/\/www.immobilienbusiness.ch\/#organization","name":"Affari immobiliari","url":"https:\/\/www.immobilienbusiness.ch\/","logo":{"@type":"ImageObject","inLanguage":"it-IT","@id":"https:\/\/www.immobilienbusiness.ch\/#\/schema\/logo\/image\/","url":"https:\/\/www.immobilienbusiness.ch\/wp-content\/uploads\/2021\/07\/logo_ib.png","contentUrl":"https:\/\/www.immobilienbusiness.ch\/wp-content\/uploads\/2021\/07\/logo_ib.png","width":800,"height":181,"caption":"IMMOBILIEN Business"},"image":{"@id":"https:\/\/www.immobilienbusiness.ch\/#\/schema\/logo\/image\/"},"sameAs":["https:\/\/www.facebook.com\/immobilienbusiness\/"]},{"@type":"Person","@id":"https:\/\/www.immobilienbusiness.ch\/#\/schema\/person\/3fc036297b10b9f42d6db5ee932af8c8","name":"anja.hall","image":{"@type":"ImageObject","inLanguage":"it-IT","@id":"https:\/\/secure.gravatar.com\/avatar\/066b5a0d447013502c71a5782f4f3469f03cfe595cc2329fb94652fe47511bfb?s=96&d=mm&r=g","url":"https:\/\/secure.gravatar.com\/avatar\/066b5a0d447013502c71a5782f4f3469f03cfe595cc2329fb94652fe47511bfb?s=96&d=mm&r=g","contentUrl":"https:\/\/secure.gravatar.com\/avatar\/066b5a0d447013502c71a5782f4f3469f03cfe595cc2329fb94652fe47511bfb?s=96&d=mm&r=g","caption":"anja.hall"},"url":"https:\/\/www.immobilienbusiness.ch\/it\/author\/anja-hall\/"}]}},"_links":{"self":[{"href":"https:\/\/www.immobilienbusiness.ch\/it\/wp-json\/wp\/v2\/posts\/23945","targetHints":{"allow":["GET"]}}],"collection":[{"href":"https:\/\/www.immobilienbusiness.ch\/it\/wp-json\/wp\/v2\/posts"}],"about":[{"href":"https:\/\/www.immobilienbusiness.ch\/it\/wp-json\/wp\/v2\/types\/post"}],"author":[{"embeddable":true,"href":"https:\/\/www.immobilienbusiness.ch\/it\/wp-json\/wp\/v2\/users\/3"}],"replies":[{"embeddable":true,"href":"https:\/\/www.immobilienbusiness.ch\/it\/wp-json\/wp\/v2\/comments?post=23945"}],"version-history":[{"count":1,"href":"https:\/\/www.immobilienbusiness.ch\/it\/wp-json\/wp\/v2\/posts\/23945\/revisions"}],"predecessor-version":[{"id":51707,"href":"https:\/\/www.immobilienbusiness.ch\/it\/wp-json\/wp\/v2\/posts\/23945\/revisions\/51707"}],"wp:featuredmedia":[{"embeddable":true,"href":"https:\/\/www.immobilienbusiness.ch\/it\/wp-json\/wp\/v2\/media\/23946"}],"wp:attachment":[{"href":"https:\/\/www.immobilienbusiness.ch\/it\/wp-json\/wp\/v2\/media?parent=23945"}],"wp:term":[{"taxonomy":"category","embeddable":true,"href":"https:\/\/www.immobilienbusiness.ch\/it\/wp-json\/wp\/v2\/categories?post=23945"},{"taxonomy":"post_tag","embeddable":true,"href":"https:\/\/www.immobilienbusiness.ch\/it\/wp-json\/wp\/v2\/tags?post=23945"}],"curies":[{"name":"wp","href":"https:\/\/api.w.org\/{rel}","templated":true}]}}