{"id":2389,"date":"2016-02-26T07:00:11","date_gmt":"2016-02-26T06:00:11","guid":{"rendered":"http:\/\/dev.immobilienbusiness.ch\/?p=2389"},"modified":"2016-02-26T07:00:11","modified_gmt":"2016-02-26T06:00:11","slug":"fifa-museum-in-zuerich-wird-offiziell-eroeffnet","status":"publish","type":"post","link":"https:\/\/www.immobilienbusiness.ch\/it\/buero\/2016-02-26\/fifa-museum-in-zuerich-wird-offiziell-eroeffnet\/","title":{"rendered":"Il Museo della Fifa a Zurigo apre ufficialmente"},"content":{"rendered":"<figure id=\"attachment_2391\" aria-describedby=\"caption-attachment-2391\" style=\"width: 680px\" class=\"wp-caption alignnone\"><img loading=\"lazy\" decoding=\"async\" class=\"size-medium wp-image-2391\" src=\"https:\/\/immobilienbusiness.ch\/wp-content\/uploads\/2016\/02\/Fifa-Museum-in-Z\u00fcrich-wird-offiziell-er\u00f6ffnet-immobilien-business.jpg\" alt=\"Das Fifa-Museum er\u00f6ffnet im umgebauten und sanierten \u00abHaus zur Enge\u00bb in Z\u00fcrich (Foto: FIFA-Museum)\" width=\"680\" height=\"383\" \/><figcaption id=\"caption-attachment-2391\" class=\"wp-caption-text\">Il Museo della Fifa apre nella \"Haus zur Enge\" di Zurigo, ristrutturata e rinnovata (Foto: Museo della Fifa)<\/figcaption><\/figure>\n<p>Il museo, che comprende il negozio per i fan della Fifa, il bar dello sport, il bistrot e la sala banchetti, nonch\u00e9 il cinema interno, la caffetteria e la biblioteca, \u00e8 costato complessivamente 30 milioni di franchi svizzeri. A ci\u00f2 si aggiungono spazi per uffici su cinque piani per 140 posti di lavoro e 34 esclusivi appartamenti di lusso (di dimensioni comprese tra 64 e 125 metri quadrati) nel complesso di edifici rinnovati e rivitalizzati nel distretto 2. Il volume del progetto ammonta a 140 milioni di franchi svizzeri. Il 18 dicembre 2015, Fifa Museum AG, in qualit\u00e0 di gestore del museo, ha rilevato la rinnovata \"Haus zur Enge\" dall'appaltatore generale dell'edificio.<\/p>\n<p>\u00c8 stato stipulato un contratto di locazione di 40 anni con Swiss Life, proprietaria dell'edificio alto 37 metri e con una superficie di circa 24.000 metri quadrati fino al 2055. La Fifa si aspetta circa 250.000 visitatori all'anno per il museo di Tessinerplatz. L'ingresso per un adulto costa 24 franchi svizzeri. Saranno esposti pi\u00f9 di 1.000 reperti calcistici esclusivi, tra cui un'esposizione permanente del trofeo d'oro originale della Fifa World Cup al centro del museo. (mr)<\/p>","protected":false},"excerpt":{"rendered":"<p>Domenica prossima (28 febbraio 2016) \u00e8 arrivato il momento: dopo due anni di costruzione, il nuovo Museo della Fifa di fronte alla stazione ferroviaria Enge di Zurigo sar\u00e0 inaugurato ufficialmente alle 12.00. Su tre livelli, per un totale di oltre 3.000 metri quadrati di esposizione, l'organizzazione calcistica mondiale offrir\u00e0 ai visitatori giochi, divertimento e souvenir.<\/p>","protected":false},"author":1,"featured_media":2391,"comment_status":"open","ping_status":"open","sticky":false,"template":"","format":"standard","meta":{"_acf_changed":false,"_yoast_wpseo_focuskw":"Fifa-Museum","_yoast_wpseo_title":"","_yoast_wpseo_metadesc":"Nach zwei Jahren Bauzeit wird das neue Fifa-Museum gegen\u00fcber dem Z\u00fcrcher Bahnhof Enge um 12 Uhr mittags offiziell eingeweiht.","_yoast_wpseo_linkdex":72,"pgc_sgb_lightbox_settings":"","footnotes":""},"categories":[983,985,986,987],"tags":[1118,1629,1639,1643,1714,1862,1888],"class_list":["post-2389","post","type-post","status-publish","format-standard","has-post-thumbnail","hentry","category-buero","category-regionen","category-residential","category-retail","tag-buero","tag-regionen","tag-residential","tag-retail","tag-spezial-immobilien","tag-wohnen","tag-zuerich"],"acf":[],"yoast_head":"<!-- This site is optimized with the Yoast SEO plugin v27.5 - https:\/\/yoast.com\/product\/yoast-seo-wordpress\/ -->\n<title>Fifa-Museum in Z\u00fcrich wird offiziell er\u00f6ffnet - IMMOBILIEN Business<\/title>\n<meta name=\"description\" content=\"Nach zwei Jahren Bauzeit wird das neue Fifa-Museum gegen\u00fcber dem Z\u00fcrcher Bahnhof Enge um 12 Uhr mittags offiziell eingeweiht.\" \/>\n<meta name=\"robots\" content=\"index, follow, max-snippet:-1, max-image-preview:large, max-video-preview:-1\" \/>\n<link rel=\"canonical\" href=\"https:\/\/www.immobilienbusiness.ch\/it\/buero\/2016-02-26\/fifa-museum-in-zuerich-wird-offiziell-eroeffnet\/\" \/>\n<meta property=\"og:locale\" content=\"it_IT\" \/>\n<meta property=\"og:type\" content=\"article\" \/>\n<meta property=\"og:title\" content=\"Fifa-Museum in Z\u00fcrich wird offiziell er\u00f6ffnet\" \/>\n<meta property=\"og:description\" content=\"Am kommenden Sonntag (28. Februar 2016) ist es soweit: Nach zwei Jahren Bauzeit wird das neue Fifa-Museum gegen\u00fcber dem Z\u00fcrcher Bahnhof Enge um 12 Uhr mittags offiziell eingeweiht. Auf drei Ebenen mit zusammen \u00fcber 3.000 Quadratmeter Ausstellungsfl\u00e4che bietet die Weltfussballorganisation dort den Besuchern Spiel, Spass und Souvenirs.\" \/>\n<meta property=\"og:url\" content=\"https:\/\/www.immobilienbusiness.ch\/it\/buero\/2016-02-26\/fifa-museum-in-zuerich-wird-offiziell-eroeffnet\/\" \/>\n<meta property=\"og:site_name\" content=\"IMMOBILIEN Business\" \/>\n<meta property=\"article:publisher\" content=\"https:\/\/www.facebook.com\/immobilienbusiness\/\" \/>\n<meta property=\"article:published_time\" content=\"2016-02-26T06:00:11+00:00\" \/>\n<meta name=\"author\" content=\"Redaktion\" \/>\n<meta name=\"twitter:card\" content=\"summary_large_image\" \/>\n<meta name=\"twitter:image\" content=\"https:\/\/www.immobilienbusiness.ch\/wp-content\/uploads\/2016\/02\/Fifa-Museum-in-Zuerich-wird-offiziell-eroeffnet-immobilien-business.jpg\" \/>\n<script type=\"application\/ld+json\" class=\"yoast-schema-graph\">{\"@context\":\"https:\\\/\\\/schema.org\",\"@graph\":[{\"@type\":\"Article\",\"@id\":\"https:\\\/\\\/www.immobilienbusiness.ch\\\/buero\\\/2016-02-26\\\/fifa-museum-in-zuerich-wird-offiziell-eroeffnet\\\/#article\",\"isPartOf\":{\"@id\":\"https:\\\/\\\/www.immobilienbusiness.ch\\\/buero\\\/2016-02-26\\\/fifa-museum-in-zuerich-wird-offiziell-eroeffnet\\\/\"},\"author\":{\"name\":\"Redaktion\",\"@id\":\"https:\\\/\\\/www.immobilienbusiness.ch\\\/#\\\/schema\\\/person\\\/aa2bace6c5c5aad60102004a50c4eb1c\"},\"headline\":\"Fifa-Museum in Z\u00fcrich wird offiziell er\u00f6ffnet\",\"datePublished\":\"2016-02-26T06:00:11+00:00\",\"mainEntityOfPage\":{\"@id\":\"https:\\\/\\\/www.immobilienbusiness.ch\\\/buero\\\/2016-02-26\\\/fifa-museum-in-zuerich-wird-offiziell-eroeffnet\\\/\"},\"wordCount\":172,\"commentCount\":0,\"publisher\":{\"@id\":\"https:\\\/\\\/www.immobilienbusiness.ch\\\/#organization\"},\"image\":{\"@id\":\"https:\\\/\\\/www.immobilienbusiness.ch\\\/buero\\\/2016-02-26\\\/fifa-museum-in-zuerich-wird-offiziell-eroeffnet\\\/#primaryimage\"},\"thumbnailUrl\":\"https:\\\/\\\/www.immobilienbusiness.ch\\\/wp-content\\\/uploads\\\/2016\\\/02\\\/Fifa-Museum-in-Zuerich-wird-offiziell-eroeffnet-immobilien-business.jpg\",\"keywords\":[\"B\u00fcro\",\"Regionen\",\"Residential\",\"Retail\",\"Spezial Immobilien\",\"Wohnen\",\"Z\u00fcrich\"],\"articleSection\":[\"B\u00dcRO\",\"REGIONEN\",\"RESIDENTIAL\",\"RETAIL\"],\"inLanguage\":\"it-IT\"},{\"@type\":\"WebPage\",\"@id\":\"https:\\\/\\\/www.immobilienbusiness.ch\\\/buero\\\/2016-02-26\\\/fifa-museum-in-zuerich-wird-offiziell-eroeffnet\\\/\",\"url\":\"https:\\\/\\\/www.immobilienbusiness.ch\\\/buero\\\/2016-02-26\\\/fifa-museum-in-zuerich-wird-offiziell-eroeffnet\\\/\",\"name\":\"Fifa-Museum in Z\u00fcrich wird offiziell er\u00f6ffnet - IMMOBILIEN Business\",\"isPartOf\":{\"@id\":\"https:\\\/\\\/www.immobilienbusiness.ch\\\/#website\"},\"primaryImageOfPage\":{\"@id\":\"https:\\\/\\\/www.immobilienbusiness.ch\\\/buero\\\/2016-02-26\\\/fifa-museum-in-zuerich-wird-offiziell-eroeffnet\\\/#primaryimage\"},\"image\":{\"@id\":\"https:\\\/\\\/www.immobilienbusiness.ch\\\/buero\\\/2016-02-26\\\/fifa-museum-in-zuerich-wird-offiziell-eroeffnet\\\/#primaryimage\"},\"thumbnailUrl\":\"https:\\\/\\\/www.immobilienbusiness.ch\\\/wp-content\\\/uploads\\\/2016\\\/02\\\/Fifa-Museum-in-Zuerich-wird-offiziell-eroeffnet-immobilien-business.jpg\",\"datePublished\":\"2016-02-26T06:00:11+00:00\",\"description\":\"Nach zwei Jahren Bauzeit wird das neue Fifa-Museum gegen\u00fcber dem Z\u00fcrcher Bahnhof Enge um 12 Uhr mittags offiziell eingeweiht.\",\"breadcrumb\":{\"@id\":\"https:\\\/\\\/www.immobilienbusiness.ch\\\/buero\\\/2016-02-26\\\/fifa-museum-in-zuerich-wird-offiziell-eroeffnet\\\/#breadcrumb\"},\"inLanguage\":\"it-IT\",\"potentialAction\":[{\"@type\":\"ReadAction\",\"target\":[\"https:\\\/\\\/www.immobilienbusiness.ch\\\/buero\\\/2016-02-26\\\/fifa-museum-in-zuerich-wird-offiziell-eroeffnet\\\/\"]}]},{\"@type\":\"ImageObject\",\"inLanguage\":\"it-IT\",\"@id\":\"https:\\\/\\\/www.immobilienbusiness.ch\\\/buero\\\/2016-02-26\\\/fifa-museum-in-zuerich-wird-offiziell-eroeffnet\\\/#primaryimage\",\"url\":\"https:\\\/\\\/www.immobilienbusiness.ch\\\/wp-content\\\/uploads\\\/2016\\\/02\\\/Fifa-Museum-in-Zuerich-wird-offiziell-eroeffnet-immobilien-business.jpg\",\"contentUrl\":\"https:\\\/\\\/www.immobilienbusiness.ch\\\/wp-content\\\/uploads\\\/2016\\\/02\\\/Fifa-Museum-in-Zuerich-wird-offiziell-eroeffnet-immobilien-business.jpg\",\"width\":800,\"height\":450,\"caption\":\"Das Fifa-Museum er\u00f6ffnet im umgebauten und sanierten \u00abHaus zur Enge\u00bb in Z\u00fcrich (Foto: FIFA-Museum)\"},{\"@type\":\"BreadcrumbList\",\"@id\":\"https:\\\/\\\/www.immobilienbusiness.ch\\\/buero\\\/2016-02-26\\\/fifa-museum-in-zuerich-wird-offiziell-eroeffnet\\\/#breadcrumb\",\"itemListElement\":[{\"@type\":\"ListItem\",\"position\":1,\"name\":\"Home\",\"item\":\"https:\\\/\\\/www.immobilienbusiness.ch\\\/\"},{\"@type\":\"ListItem\",\"position\":2,\"name\":\"Fifa-Museum in Z\u00fcrich wird offiziell er\u00f6ffnet\"}]},{\"@type\":\"WebSite\",\"@id\":\"https:\\\/\\\/www.immobilienbusiness.ch\\\/#website\",\"url\":\"https:\\\/\\\/www.immobilienbusiness.ch\\\/\",\"name\":\"IMMOBILIEN Business\",\"description\":\"Unabh\u00e4ngiges Schweizer Wirtschaftsmagazin mit Fokus auf Immobilien, Architektur- und Bau sowie Investment- und Finanzierung.\",\"publisher\":{\"@id\":\"https:\\\/\\\/www.immobilienbusiness.ch\\\/#organization\"},\"potentialAction\":[{\"@type\":\"SearchAction\",\"target\":{\"@type\":\"EntryPoint\",\"urlTemplate\":\"https:\\\/\\\/www.immobilienbusiness.ch\\\/?s={search_term_string}\"},\"query-input\":{\"@type\":\"PropertyValueSpecification\",\"valueRequired\":true,\"valueName\":\"search_term_string\"}}],\"inLanguage\":\"it-IT\"},{\"@type\":\"Organization\",\"@id\":\"https:\\\/\\\/www.immobilienbusiness.ch\\\/#organization\",\"name\":\"IMMOBILIEN Business\",\"url\":\"https:\\\/\\\/www.immobilienbusiness.ch\\\/\",\"logo\":{\"@type\":\"ImageObject\",\"inLanguage\":\"it-IT\",\"@id\":\"https:\\\/\\\/www.immobilienbusiness.ch\\\/#\\\/schema\\\/logo\\\/image\\\/\",\"url\":\"https:\\\/\\\/www.immobilienbusiness.ch\\\/wp-content\\\/uploads\\\/2021\\\/07\\\/logo_ib.png\",\"contentUrl\":\"https:\\\/\\\/www.immobilienbusiness.ch\\\/wp-content\\\/uploads\\\/2021\\\/07\\\/logo_ib.png\",\"width\":800,\"height\":181,\"caption\":\"IMMOBILIEN Business\"},\"image\":{\"@id\":\"https:\\\/\\\/www.immobilienbusiness.ch\\\/#\\\/schema\\\/logo\\\/image\\\/\"},\"sameAs\":[\"https:\\\/\\\/www.facebook.com\\\/immobilienbusiness\\\/\"]},{\"@type\":\"Person\",\"@id\":\"https:\\\/\\\/www.immobilienbusiness.ch\\\/#\\\/schema\\\/person\\\/aa2bace6c5c5aad60102004a50c4eb1c\",\"name\":\"Redaktion\",\"image\":{\"@type\":\"ImageObject\",\"inLanguage\":\"it-IT\",\"@id\":\"https:\\\/\\\/secure.gravatar.com\\\/avatar\\\/ae2f4d718e6c49043e314ce431e7e645d646302a24a5ef5a8bc8e3f5a032e319?s=96&d=mm&r=g\",\"url\":\"https:\\\/\\\/secure.gravatar.com\\\/avatar\\\/ae2f4d718e6c49043e314ce431e7e645d646302a24a5ef5a8bc8e3f5a032e319?s=96&d=mm&r=g\",\"contentUrl\":\"https:\\\/\\\/secure.gravatar.com\\\/avatar\\\/ae2f4d718e6c49043e314ce431e7e645d646302a24a5ef5a8bc8e3f5a032e319?s=96&d=mm&r=g\",\"caption\":\"Redaktion\"},\"sameAs\":[\"http:\\\/\\\/develop.organisator.galledia.ch\"],\"url\":\"https:\\\/\\\/www.immobilienbusiness.ch\\\/it\\\/author\\\/admin\\\/\"}]}<\/script>\n<!-- \/ Yoast SEO plugin. -->","yoast_head_json":{"title":"Fifa-Museum in Z\u00fcrich wird offiziell er\u00f6ffnet - IMMOBILIEN Business","description":"Nach zwei Jahren Bauzeit wird das neue Fifa-Museum gegen\u00fcber dem Z\u00fcrcher Bahnhof Enge um 12 Uhr mittags offiziell eingeweiht.","robots":{"index":"index","follow":"follow","max-snippet":"max-snippet:-1","max-image-preview":"max-image-preview:large","max-video-preview":"max-video-preview:-1"},"canonical":"https:\/\/www.immobilienbusiness.ch\/it\/buero\/2016-02-26\/fifa-museum-in-zuerich-wird-offiziell-eroeffnet\/","og_locale":"it_IT","og_type":"article","og_title":"Fifa-Museum in Z\u00fcrich wird offiziell er\u00f6ffnet","og_description":"Am kommenden Sonntag (28. Februar 2016) ist es soweit: Nach zwei Jahren Bauzeit wird das neue Fifa-Museum gegen\u00fcber dem Z\u00fcrcher Bahnhof Enge um 12 Uhr mittags offiziell eingeweiht. Auf drei Ebenen mit zusammen \u00fcber 3.000 Quadratmeter Ausstellungsfl\u00e4che bietet die Weltfussballorganisation dort den Besuchern Spiel, Spass und Souvenirs.","og_url":"https:\/\/www.immobilienbusiness.ch\/it\/buero\/2016-02-26\/fifa-museum-in-zuerich-wird-offiziell-eroeffnet\/","og_site_name":"IMMOBILIEN Business","article_publisher":"https:\/\/www.facebook.com\/immobilienbusiness\/","article_published_time":"2016-02-26T06:00:11+00:00","author":"Redaktion","twitter_card":"summary_large_image","twitter_image":"https:\/\/www.immobilienbusiness.ch\/wp-content\/uploads\/2016\/02\/Fifa-Museum-in-Zuerich-wird-offiziell-eroeffnet-immobilien-business.jpg","schema":{"@context":"https:\/\/schema.org","@graph":[{"@type":"Article","@id":"https:\/\/www.immobilienbusiness.ch\/buero\/2016-02-26\/fifa-museum-in-zuerich-wird-offiziell-eroeffnet\/#article","isPartOf":{"@id":"https:\/\/www.immobilienbusiness.ch\/buero\/2016-02-26\/fifa-museum-in-zuerich-wird-offiziell-eroeffnet\/"},"author":{"name":"Redaktion","@id":"https:\/\/www.immobilienbusiness.ch\/#\/schema\/person\/aa2bace6c5c5aad60102004a50c4eb1c"},"headline":"Fifa-Museum in Z\u00fcrich wird offiziell er\u00f6ffnet","datePublished":"2016-02-26T06:00:11+00:00","mainEntityOfPage":{"@id":"https:\/\/www.immobilienbusiness.ch\/buero\/2016-02-26\/fifa-museum-in-zuerich-wird-offiziell-eroeffnet\/"},"wordCount":172,"commentCount":0,"publisher":{"@id":"https:\/\/www.immobilienbusiness.ch\/#organization"},"image":{"@id":"https:\/\/www.immobilienbusiness.ch\/buero\/2016-02-26\/fifa-museum-in-zuerich-wird-offiziell-eroeffnet\/#primaryimage"},"thumbnailUrl":"https:\/\/www.immobilienbusiness.ch\/wp-content\/uploads\/2016\/02\/Fifa-Museum-in-Zuerich-wird-offiziell-eroeffnet-immobilien-business.jpg","keywords":["B\u00fcro","Regionen","Residential","Retail","Spezial Immobilien","Wohnen","Z\u00fcrich"],"articleSection":["B\u00dcRO","REGIONEN","RESIDENTIAL","RETAIL"],"inLanguage":"it-IT"},{"@type":"WebPage","@id":"https:\/\/www.immobilienbusiness.ch\/buero\/2016-02-26\/fifa-museum-in-zuerich-wird-offiziell-eroeffnet\/","url":"https:\/\/www.immobilienbusiness.ch\/buero\/2016-02-26\/fifa-museum-in-zuerich-wird-offiziell-eroeffnet\/","name":"Fifa-Museum in Z\u00fcrich wird offiziell er\u00f6ffnet - IMMOBILIEN Business","isPartOf":{"@id":"https:\/\/www.immobilienbusiness.ch\/#website"},"primaryImageOfPage":{"@id":"https:\/\/www.immobilienbusiness.ch\/buero\/2016-02-26\/fifa-museum-in-zuerich-wird-offiziell-eroeffnet\/#primaryimage"},"image":{"@id":"https:\/\/www.immobilienbusiness.ch\/buero\/2016-02-26\/fifa-museum-in-zuerich-wird-offiziell-eroeffnet\/#primaryimage"},"thumbnailUrl":"https:\/\/www.immobilienbusiness.ch\/wp-content\/uploads\/2016\/02\/Fifa-Museum-in-Zuerich-wird-offiziell-eroeffnet-immobilien-business.jpg","datePublished":"2016-02-26T06:00:11+00:00","description":"Nach zwei Jahren Bauzeit wird das neue Fifa-Museum gegen\u00fcber dem Z\u00fcrcher Bahnhof Enge um 12 Uhr mittags offiziell eingeweiht.","breadcrumb":{"@id":"https:\/\/www.immobilienbusiness.ch\/buero\/2016-02-26\/fifa-museum-in-zuerich-wird-offiziell-eroeffnet\/#breadcrumb"},"inLanguage":"it-IT","potentialAction":[{"@type":"ReadAction","target":["https:\/\/www.immobilienbusiness.ch\/buero\/2016-02-26\/fifa-museum-in-zuerich-wird-offiziell-eroeffnet\/"]}]},{"@type":"ImageObject","inLanguage":"it-IT","@id":"https:\/\/www.immobilienbusiness.ch\/buero\/2016-02-26\/fifa-museum-in-zuerich-wird-offiziell-eroeffnet\/#primaryimage","url":"https:\/\/www.immobilienbusiness.ch\/wp-content\/uploads\/2016\/02\/Fifa-Museum-in-Zuerich-wird-offiziell-eroeffnet-immobilien-business.jpg","contentUrl":"https:\/\/www.immobilienbusiness.ch\/wp-content\/uploads\/2016\/02\/Fifa-Museum-in-Zuerich-wird-offiziell-eroeffnet-immobilien-business.jpg","width":800,"height":450,"caption":"Das Fifa-Museum er\u00f6ffnet im umgebauten und sanierten \u00abHaus zur Enge\u00bb in Z\u00fcrich (Foto: FIFA-Museum)"},{"@type":"BreadcrumbList","@id":"https:\/\/www.immobilienbusiness.ch\/buero\/2016-02-26\/fifa-museum-in-zuerich-wird-offiziell-eroeffnet\/#breadcrumb","itemListElement":[{"@type":"ListItem","position":1,"name":"Home","item":"https:\/\/www.immobilienbusiness.ch\/"},{"@type":"ListItem","position":2,"name":"Fifa-Museum in Z\u00fcrich wird offiziell er\u00f6ffnet"}]},{"@type":"WebSite","@id":"https:\/\/www.immobilienbusiness.ch\/#website","url":"https:\/\/www.immobilienbusiness.ch\/","name":"Affari immobiliari","description":"Rivista economica indipendente svizzera che si concentra sul settore immobiliare, l'architettura e la costruzione, nonch\u00e9 sugli investimenti e i finanziamenti.","publisher":{"@id":"https:\/\/www.immobilienbusiness.ch\/#organization"},"potentialAction":[{"@type":"SearchAction","target":{"@type":"EntryPoint","urlTemplate":"https:\/\/www.immobilienbusiness.ch\/?s={search_term_string}"},"query-input":{"@type":"PropertyValueSpecification","valueRequired":true,"valueName":"search_term_string"}}],"inLanguage":"it-IT"},{"@type":"Organization","@id":"https:\/\/www.immobilienbusiness.ch\/#organization","name":"Affari immobiliari","url":"https:\/\/www.immobilienbusiness.ch\/","logo":{"@type":"ImageObject","inLanguage":"it-IT","@id":"https:\/\/www.immobilienbusiness.ch\/#\/schema\/logo\/image\/","url":"https:\/\/www.immobilienbusiness.ch\/wp-content\/uploads\/2021\/07\/logo_ib.png","contentUrl":"https:\/\/www.immobilienbusiness.ch\/wp-content\/uploads\/2021\/07\/logo_ib.png","width":800,"height":181,"caption":"IMMOBILIEN Business"},"image":{"@id":"https:\/\/www.immobilienbusiness.ch\/#\/schema\/logo\/image\/"},"sameAs":["https:\/\/www.facebook.com\/immobilienbusiness\/"]},{"@type":"Person","@id":"https:\/\/www.immobilienbusiness.ch\/#\/schema\/person\/aa2bace6c5c5aad60102004a50c4eb1c","name":"Editoriale","image":{"@type":"ImageObject","inLanguage":"it-IT","@id":"https:\/\/secure.gravatar.com\/avatar\/ae2f4d718e6c49043e314ce431e7e645d646302a24a5ef5a8bc8e3f5a032e319?s=96&d=mm&r=g","url":"https:\/\/secure.gravatar.com\/avatar\/ae2f4d718e6c49043e314ce431e7e645d646302a24a5ef5a8bc8e3f5a032e319?s=96&d=mm&r=g","contentUrl":"https:\/\/secure.gravatar.com\/avatar\/ae2f4d718e6c49043e314ce431e7e645d646302a24a5ef5a8bc8e3f5a032e319?s=96&d=mm&r=g","caption":"Redaktion"},"sameAs":["http:\/\/develop.organisator.galledia.ch"],"url":"https:\/\/www.immobilienbusiness.ch\/it\/author\/admin\/"}]}},"_links":{"self":[{"href":"https:\/\/www.immobilienbusiness.ch\/it\/wp-json\/wp\/v2\/posts\/2389","targetHints":{"allow":["GET"]}}],"collection":[{"href":"https:\/\/www.immobilienbusiness.ch\/it\/wp-json\/wp\/v2\/posts"}],"about":[{"href":"https:\/\/www.immobilienbusiness.ch\/it\/wp-json\/wp\/v2\/types\/post"}],"author":[{"embeddable":true,"href":"https:\/\/www.immobilienbusiness.ch\/it\/wp-json\/wp\/v2\/users\/1"}],"replies":[{"embeddable":true,"href":"https:\/\/www.immobilienbusiness.ch\/it\/wp-json\/wp\/v2\/comments?post=2389"}],"version-history":[{"count":0,"href":"https:\/\/www.immobilienbusiness.ch\/it\/wp-json\/wp\/v2\/posts\/2389\/revisions"}],"wp:featuredmedia":[{"embeddable":true,"href":"https:\/\/www.immobilienbusiness.ch\/it\/wp-json\/wp\/v2\/media\/2391"}],"wp:attachment":[{"href":"https:\/\/www.immobilienbusiness.ch\/it\/wp-json\/wp\/v2\/media?parent=2389"}],"wp:term":[{"taxonomy":"category","embeddable":true,"href":"https:\/\/www.immobilienbusiness.ch\/it\/wp-json\/wp\/v2\/categories?post=2389"},{"taxonomy":"post_tag","embeddable":true,"href":"https:\/\/www.immobilienbusiness.ch\/it\/wp-json\/wp\/v2\/tags?post=2389"}],"curies":[{"name":"wp","href":"https:\/\/api.w.org\/{rel}","templated":true}]}}