{"id":23833,"date":"2021-03-30T09:06:47","date_gmt":"2021-03-30T07:06:47","guid":{"rendered":"https:\/\/www.immobilienbusiness.ch\/?p=23833"},"modified":"2021-03-30T09:06:47","modified_gmt":"2021-03-30T07:06:47","slug":"aarau-kasernenareal-sol-schrittweise-entwickelt-werden","status":"publish","type":"post","link":"https:\/\/www.immobilienbusiness.ch\/it\/regionen\/2021-03-30\/aarau-kasernenareal-sol-schrittweise-entwickelt-werden\/","title":{"rendered":"Aarau: l'area della caserma sar\u00e0 sviluppata passo dopo passo"},"content":{"rendered":"<figure id=\"attachment_23185\" aria-describedby=\"caption-attachment-23185\" style=\"width: 680px\" class=\"wp-caption alignnone\"><img loading=\"lazy\" decoding=\"async\" class=\"size-medium wp-image-23185\" src=\"https:\/\/www.immobilienbusiness.ch\/wp-content\/uploads\/2021\/01\/Aarau.jpg\" alt=\"\" width=\"680\" height=\"453\" srcset=\"https:\/\/www.immobilienbusiness.ch\/wp-content\/uploads\/2021\/01\/Aarau.jpg 2560w, https:\/\/www.immobilienbusiness.ch\/wp-content\/uploads\/2021\/01\/Aarau-300x200.jpg 300w, https:\/\/www.immobilienbusiness.ch\/wp-content\/uploads\/2021\/01\/Aarau-1024x682.jpg 1024w, https:\/\/www.immobilienbusiness.ch\/wp-content\/uploads\/2021\/01\/Aarau-768x512.jpg 768w, https:\/\/www.immobilienbusiness.ch\/wp-content\/uploads\/2021\/01\/Aarau-1536x1023.jpg 1536w, https:\/\/www.immobilienbusiness.ch\/wp-content\/uploads\/2021\/01\/Aarau-2048x1364.jpg 2048w, https:\/\/www.immobilienbusiness.ch\/wp-content\/uploads\/2021\/01\/Aarau-16x12.jpg 16w, https:\/\/www.immobilienbusiness.ch\/wp-content\/uploads\/2021\/01\/Aarau-263x175.jpg 263w, https:\/\/www.immobilienbusiness.ch\/wp-content\/uploads\/2021\/01\/Aarau-525x350.jpg 525w, https:\/\/www.immobilienbusiness.ch\/wp-content\/uploads\/2021\/01\/Aarau-1201x800.jpg 1201w, https:\/\/www.immobilienbusiness.ch\/wp-content\/uploads\/2021\/01\/Aarau-920x613.jpg 920w, https:\/\/www.immobilienbusiness.ch\/wp-content\/uploads\/2021\/01\/Aarau-1400x933.jpg 1400w\" sizes=\"auto, (max-width: 680px) 100vw, 680px\" \/><figcaption id=\"caption-attachment-23185\" class=\"wp-caption-text\">Aarau (Immagine: Freaktalius, CC BY-SA 4.0, Wikimedia Commons)<\/figcaption><\/figure>\n<p>L'area della caserma offre \"un potenziale di sviluppo unico nella posizione pi\u00f9 centrale\", dice la citt\u00e0 di Aarau in un comunicato. Il masterplan prevede l'apertura dell'area tra la stazione ferroviaria e la citt\u00e0 vecchia come un quartiere urbano poliedrico, fornendo accesso e un mix di usi. Questo deve essere raggiunto dopo il 2030 attraverso una graduale apertura e conversione delle aree per usi civili. \u00c8 chiaro, tuttavia, che l'area della caserma continuer\u00e0 ad essere utilizzata in parte per scopi militari: Il Dipartimento federale della difesa, della protezione civile e dello sport (DDPS) vuole continuare ad affittare parti della zona delle caserme oltre il 2030, secondo la citt\u00e0 di Aarau.<\/p>\n<p>Il perimetro di pianificazione copre l'area tra Laurenzenvorstadt, Kasinostrasse, Apfelhausenweg e Poststrasse. Il proprietario dell'area pi\u00f9 grande in questo perimetro \u00e8 il Cantone di Argovia, il secondo pi\u00f9 grande \u00e8 il DDPS.<\/p>\n<p>Gli usi predominanti nella fascia settentrionale sono il tribunale distrettuale e gli usi militari. Sono possibili anche usi civili degli edifici esistenti. Nella fascia intermedia, l'attenzione si concentrerebbe su usi misti con un'alta densit\u00e0 abitativa e lavorativa nel senso di una zona centrale.<\/p>\n<p>Secondo la citt\u00e0, gli usi previsti per la fascia sud includono cultura, educazione, servizi, gastronomia, hotel, luogo di incontro e il faro culturale Alte Reithalle. L'alloggio non \u00e8 escluso in luoghi adatti. Anche una piazza centrale e attraente con vari usi possibili deve essere situata in questa fascia, attraverso la quale il collegamento principale porter\u00e0 dalla stazione ferroviaria lungo la Reithalle alla Kasinostrasse.<\/p>\n<p>Ora, sulla base del piano generale e con il coinvolgimento del governo federale, del cantone e della citt\u00e0 di Aarau, si stanno sviluppando i concetti di sviluppo urbano e di mobilit\u00e0 e si sta esaminando la fattibilit\u00e0 economica. In seguito, la pianificazione del territorio sar\u00e0 adattata. <em>(ah)<\/em><\/p>","protected":false},"excerpt":{"rendered":"<p>L'area della caserma nel centro della citt\u00e0 di Aarau (AG) sar\u00e0 sviluppata in un quartiere diverso quando l'uso militare finir\u00e0 nel 2030. La citt\u00e0 e il cantone hanno deciso un piano generale per lo sviluppo della zona.<\/p>","protected":false},"author":3,"featured_media":23185,"comment_status":"closed","ping_status":"open","sticky":false,"template":"","format":"standard","meta":{"_acf_changed":false,"_yoast_wpseo_focuskw":"Kasernenareal","_yoast_wpseo_title":"","_yoast_wpseo_metadesc":"Das Kasernenareal im Stadtzentrum von Aarau (AG) soll zu einem vielf\u00e4ltigen Quartier entwickelt, wenn im Jahr 2030 die milit\u00e4rische Nutzung endet.","_yoast_wpseo_linkdex":51,"pgc_sgb_lightbox_settings":"","footnotes":""},"categories":[985],"tags":[992,1600,1724,1827],"class_list":["post-23833","post","type-post","status-publish","format-standard","has-post-thumbnail","hentry","category-regionen","tag-aarau","tag-projekt-in-planung","tag-stadtentwicklung","tag-verfuegbare-flaechen"],"acf":[],"yoast_head":"<!-- This site is optimized with the Yoast SEO plugin v27.5 - https:\/\/yoast.com\/product\/yoast-seo-wordpress\/ -->\n<title>Aarau: Kasernenareal soll schrittweise entwickelt werden - IMMOBILIEN Business<\/title>\n<meta name=\"description\" content=\"Das Kasernenareal im Stadtzentrum von Aarau (AG) soll zu einem vielf\u00e4ltigen Quartier entwickelt, wenn im Jahr 2030 die milit\u00e4rische Nutzung endet.\" \/>\n<meta name=\"robots\" content=\"index, follow, max-snippet:-1, max-image-preview:large, max-video-preview:-1\" \/>\n<link rel=\"canonical\" href=\"https:\/\/www.immobilienbusiness.ch\/it\/regionen\/2021-03-30\/aarau-kasernenareal-sol-schrittweise-entwickelt-werden\/\" \/>\n<meta property=\"og:locale\" content=\"it_IT\" \/>\n<meta property=\"og:type\" content=\"article\" \/>\n<meta property=\"og:title\" content=\"Aarau: Kasernenareal soll schrittweise entwickelt werden - IMMOBILIEN Business\" \/>\n<meta property=\"og:description\" content=\"Das Kasernenareal im Stadtzentrum von Aarau (AG) soll zu einem vielf\u00e4ltigen Quartier entwickelt, wenn im Jahr 2030 die milit\u00e4rische Nutzung endet.\" \/>\n<meta property=\"og:url\" content=\"https:\/\/www.immobilienbusiness.ch\/it\/regionen\/2021-03-30\/aarau-kasernenareal-sol-schrittweise-entwickelt-werden\/\" \/>\n<meta property=\"og:site_name\" content=\"IMMOBILIEN Business\" \/>\n<meta property=\"article:publisher\" content=\"https:\/\/www.facebook.com\/immobilienbusiness\/\" \/>\n<meta property=\"article:published_time\" content=\"2021-03-30T07:06:47+00:00\" \/>\n<meta property=\"og:image\" content=\"https:\/\/www.immobilienbusiness.ch\/wp-content\/uploads\/2021\/01\/Aarau-1024x682.jpg\" \/>\n\t<meta property=\"og:image:width\" content=\"1024\" \/>\n\t<meta property=\"og:image:height\" content=\"682\" \/>\n\t<meta property=\"og:image:type\" content=\"image\/jpeg\" \/>\n<meta name=\"author\" content=\"anja.hall\" \/>\n<meta name=\"twitter:card\" content=\"summary_large_image\" \/>\n<meta name=\"twitter:image\" content=\"https:\/\/www.immobilienbusiness.ch\/wp-content\/uploads\/2021\/01\/Aarau.jpg\" \/>\n<script type=\"application\/ld+json\" class=\"yoast-schema-graph\">{\"@context\":\"https:\\\/\\\/schema.org\",\"@graph\":[{\"@type\":\"Article\",\"@id\":\"https:\\\/\\\/www.immobilienbusiness.ch\\\/fr\\\/regionen\\\/2021-03-30\\\/aarau-kasernenareal-sol-schrittweise-entwickelt-werden\\\/#article\",\"isPartOf\":{\"@id\":\"https:\\\/\\\/www.immobilienbusiness.ch\\\/fr\\\/regionen\\\/2021-03-30\\\/aarau-kasernenareal-sol-schrittweise-entwickelt-werden\\\/\"},\"author\":{\"name\":\"anja.hall\",\"@id\":\"https:\\\/\\\/www.immobilienbusiness.ch\\\/#\\\/schema\\\/person\\\/3fc036297b10b9f42d6db5ee932af8c8\"},\"headline\":\"Aarau: Kasernenareal soll schrittweise entwickelt werden\",\"datePublished\":\"2021-03-30T07:06:47+00:00\",\"mainEntityOfPage\":{\"@id\":\"https:\\\/\\\/www.immobilienbusiness.ch\\\/fr\\\/regionen\\\/2021-03-30\\\/aarau-kasernenareal-sol-schrittweise-entwickelt-werden\\\/\"},\"wordCount\":279,\"publisher\":{\"@id\":\"https:\\\/\\\/www.immobilienbusiness.ch\\\/#organization\"},\"image\":{\"@id\":\"https:\\\/\\\/www.immobilienbusiness.ch\\\/fr\\\/regionen\\\/2021-03-30\\\/aarau-kasernenareal-sol-schrittweise-entwickelt-werden\\\/#primaryimage\"},\"thumbnailUrl\":\"https:\\\/\\\/www.immobilienbusiness.ch\\\/wp-content\\\/uploads\\\/2021\\\/01\\\/Aarau.jpg\",\"keywords\":[\"Aarau\",\"Projekt in Planung\",\"Stadtentwicklung\",\"Verf\u00fcgbare Fl\u00e4chen\"],\"articleSection\":[\"REGIONEN\"],\"inLanguage\":\"it-IT\"},{\"@type\":\"WebPage\",\"@id\":\"https:\\\/\\\/www.immobilienbusiness.ch\\\/fr\\\/regionen\\\/2021-03-30\\\/aarau-kasernenareal-sol-schrittweise-entwickelt-werden\\\/\",\"url\":\"https:\\\/\\\/www.immobilienbusiness.ch\\\/fr\\\/regionen\\\/2021-03-30\\\/aarau-kasernenareal-sol-schrittweise-entwickelt-werden\\\/\",\"name\":\"Aarau: Kasernenareal soll schrittweise entwickelt werden - IMMOBILIEN Business\",\"isPartOf\":{\"@id\":\"https:\\\/\\\/www.immobilienbusiness.ch\\\/#website\"},\"primaryImageOfPage\":{\"@id\":\"https:\\\/\\\/www.immobilienbusiness.ch\\\/fr\\\/regionen\\\/2021-03-30\\\/aarau-kasernenareal-sol-schrittweise-entwickelt-werden\\\/#primaryimage\"},\"image\":{\"@id\":\"https:\\\/\\\/www.immobilienbusiness.ch\\\/fr\\\/regionen\\\/2021-03-30\\\/aarau-kasernenareal-sol-schrittweise-entwickelt-werden\\\/#primaryimage\"},\"thumbnailUrl\":\"https:\\\/\\\/www.immobilienbusiness.ch\\\/wp-content\\\/uploads\\\/2021\\\/01\\\/Aarau.jpg\",\"datePublished\":\"2021-03-30T07:06:47+00:00\",\"description\":\"Das Kasernenareal im Stadtzentrum von Aarau (AG) soll zu einem vielf\u00e4ltigen Quartier entwickelt, wenn im Jahr 2030 die milit\u00e4rische Nutzung endet.\",\"breadcrumb\":{\"@id\":\"https:\\\/\\\/www.immobilienbusiness.ch\\\/fr\\\/regionen\\\/2021-03-30\\\/aarau-kasernenareal-sol-schrittweise-entwickelt-werden\\\/#breadcrumb\"},\"inLanguage\":\"it-IT\",\"potentialAction\":[{\"@type\":\"ReadAction\",\"target\":[\"https:\\\/\\\/www.immobilienbusiness.ch\\\/fr\\\/regionen\\\/2021-03-30\\\/aarau-kasernenareal-sol-schrittweise-entwickelt-werden\\\/\"]}]},{\"@type\":\"ImageObject\",\"inLanguage\":\"it-IT\",\"@id\":\"https:\\\/\\\/www.immobilienbusiness.ch\\\/fr\\\/regionen\\\/2021-03-30\\\/aarau-kasernenareal-sol-schrittweise-entwickelt-werden\\\/#primaryimage\",\"url\":\"https:\\\/\\\/www.immobilienbusiness.ch\\\/wp-content\\\/uploads\\\/2021\\\/01\\\/Aarau.jpg\",\"contentUrl\":\"https:\\\/\\\/www.immobilienbusiness.ch\\\/wp-content\\\/uploads\\\/2021\\\/01\\\/Aarau.jpg\",\"width\":2560,\"height\":1706,\"caption\":\"Aarau (Bild: Freaktalius, CC BY-SA 4.0, Wikimedia Commons)\"},{\"@type\":\"BreadcrumbList\",\"@id\":\"https:\\\/\\\/www.immobilienbusiness.ch\\\/fr\\\/regionen\\\/2021-03-30\\\/aarau-kasernenareal-sol-schrittweise-entwickelt-werden\\\/#breadcrumb\",\"itemListElement\":[{\"@type\":\"ListItem\",\"position\":1,\"name\":\"Home\",\"item\":\"https:\\\/\\\/www.immobilienbusiness.ch\\\/\"},{\"@type\":\"ListItem\",\"position\":2,\"name\":\"Aarau: Kasernenareal soll schrittweise entwickelt werden\"}]},{\"@type\":\"WebSite\",\"@id\":\"https:\\\/\\\/www.immobilienbusiness.ch\\\/#website\",\"url\":\"https:\\\/\\\/www.immobilienbusiness.ch\\\/\",\"name\":\"IMMOBILIEN Business\",\"description\":\"Unabh\u00e4ngiges Schweizer Wirtschaftsmagazin mit Fokus auf Immobilien, Architektur- und Bau sowie Investment- und Finanzierung.\",\"publisher\":{\"@id\":\"https:\\\/\\\/www.immobilienbusiness.ch\\\/#organization\"},\"potentialAction\":[{\"@type\":\"SearchAction\",\"target\":{\"@type\":\"EntryPoint\",\"urlTemplate\":\"https:\\\/\\\/www.immobilienbusiness.ch\\\/?s={search_term_string}\"},\"query-input\":{\"@type\":\"PropertyValueSpecification\",\"valueRequired\":true,\"valueName\":\"search_term_string\"}}],\"inLanguage\":\"it-IT\"},{\"@type\":\"Organization\",\"@id\":\"https:\\\/\\\/www.immobilienbusiness.ch\\\/#organization\",\"name\":\"IMMOBILIEN Business\",\"url\":\"https:\\\/\\\/www.immobilienbusiness.ch\\\/\",\"logo\":{\"@type\":\"ImageObject\",\"inLanguage\":\"it-IT\",\"@id\":\"https:\\\/\\\/www.immobilienbusiness.ch\\\/#\\\/schema\\\/logo\\\/image\\\/\",\"url\":\"https:\\\/\\\/www.immobilienbusiness.ch\\\/wp-content\\\/uploads\\\/2021\\\/07\\\/logo_ib.png\",\"contentUrl\":\"https:\\\/\\\/www.immobilienbusiness.ch\\\/wp-content\\\/uploads\\\/2021\\\/07\\\/logo_ib.png\",\"width\":800,\"height\":181,\"caption\":\"IMMOBILIEN Business\"},\"image\":{\"@id\":\"https:\\\/\\\/www.immobilienbusiness.ch\\\/#\\\/schema\\\/logo\\\/image\\\/\"},\"sameAs\":[\"https:\\\/\\\/www.facebook.com\\\/immobilienbusiness\\\/\"]},{\"@type\":\"Person\",\"@id\":\"https:\\\/\\\/www.immobilienbusiness.ch\\\/#\\\/schema\\\/person\\\/3fc036297b10b9f42d6db5ee932af8c8\",\"name\":\"anja.hall\",\"image\":{\"@type\":\"ImageObject\",\"inLanguage\":\"it-IT\",\"@id\":\"https:\\\/\\\/secure.gravatar.com\\\/avatar\\\/066b5a0d447013502c71a5782f4f3469f03cfe595cc2329fb94652fe47511bfb?s=96&d=mm&r=g\",\"url\":\"https:\\\/\\\/secure.gravatar.com\\\/avatar\\\/066b5a0d447013502c71a5782f4f3469f03cfe595cc2329fb94652fe47511bfb?s=96&d=mm&r=g\",\"contentUrl\":\"https:\\\/\\\/secure.gravatar.com\\\/avatar\\\/066b5a0d447013502c71a5782f4f3469f03cfe595cc2329fb94652fe47511bfb?s=96&d=mm&r=g\",\"caption\":\"anja.hall\"},\"url\":\"https:\\\/\\\/www.immobilienbusiness.ch\\\/it\\\/author\\\/anja-hall\\\/\"}]}<\/script>\n<!-- \/ Yoast SEO plugin. -->","yoast_head_json":{"title":"Aarau: il sito della caserma sar\u00e0 sviluppato passo dopo passo - IMMOBILIEN Business","description":"L'area della caserma nel centro di Aarau (AG) sar\u00e0 trasformata in un quartiere diversificato una volta terminato l'uso militare nel 2030.","robots":{"index":"index","follow":"follow","max-snippet":"max-snippet:-1","max-image-preview":"max-image-preview:large","max-video-preview":"max-video-preview:-1"},"canonical":"https:\/\/www.immobilienbusiness.ch\/it\/regionen\/2021-03-30\/aarau-kasernenareal-sol-schrittweise-entwickelt-werden\/","og_locale":"it_IT","og_type":"article","og_title":"Aarau: Kasernenareal soll schrittweise entwickelt werden - IMMOBILIEN Business","og_description":"Das Kasernenareal im Stadtzentrum von Aarau (AG) soll zu einem vielf\u00e4ltigen Quartier entwickelt, wenn im Jahr 2030 die milit\u00e4rische Nutzung endet.","og_url":"https:\/\/www.immobilienbusiness.ch\/it\/regionen\/2021-03-30\/aarau-kasernenareal-sol-schrittweise-entwickelt-werden\/","og_site_name":"IMMOBILIEN Business","article_publisher":"https:\/\/www.facebook.com\/immobilienbusiness\/","article_published_time":"2021-03-30T07:06:47+00:00","og_image":[{"width":1024,"height":682,"url":"https:\/\/www.immobilienbusiness.ch\/wp-content\/uploads\/2021\/01\/Aarau-1024x682.jpg","type":"image\/jpeg"}],"author":"anja.hall","twitter_card":"summary_large_image","twitter_image":"https:\/\/www.immobilienbusiness.ch\/wp-content\/uploads\/2021\/01\/Aarau.jpg","schema":{"@context":"https:\/\/schema.org","@graph":[{"@type":"Article","@id":"https:\/\/www.immobilienbusiness.ch\/fr\/regionen\/2021-03-30\/aarau-kasernenareal-sol-schrittweise-entwickelt-werden\/#article","isPartOf":{"@id":"https:\/\/www.immobilienbusiness.ch\/fr\/regionen\/2021-03-30\/aarau-kasernenareal-sol-schrittweise-entwickelt-werden\/"},"author":{"name":"anja.hall","@id":"https:\/\/www.immobilienbusiness.ch\/#\/schema\/person\/3fc036297b10b9f42d6db5ee932af8c8"},"headline":"Aarau: Kasernenareal soll schrittweise entwickelt werden","datePublished":"2021-03-30T07:06:47+00:00","mainEntityOfPage":{"@id":"https:\/\/www.immobilienbusiness.ch\/fr\/regionen\/2021-03-30\/aarau-kasernenareal-sol-schrittweise-entwickelt-werden\/"},"wordCount":279,"publisher":{"@id":"https:\/\/www.immobilienbusiness.ch\/#organization"},"image":{"@id":"https:\/\/www.immobilienbusiness.ch\/fr\/regionen\/2021-03-30\/aarau-kasernenareal-sol-schrittweise-entwickelt-werden\/#primaryimage"},"thumbnailUrl":"https:\/\/www.immobilienbusiness.ch\/wp-content\/uploads\/2021\/01\/Aarau.jpg","keywords":["Aarau","Projekt in Planung","Stadtentwicklung","Verf\u00fcgbare Fl\u00e4chen"],"articleSection":["REGIONEN"],"inLanguage":"it-IT"},{"@type":"WebPage","@id":"https:\/\/www.immobilienbusiness.ch\/fr\/regionen\/2021-03-30\/aarau-kasernenareal-sol-schrittweise-entwickelt-werden\/","url":"https:\/\/www.immobilienbusiness.ch\/fr\/regionen\/2021-03-30\/aarau-kasernenareal-sol-schrittweise-entwickelt-werden\/","name":"Aarau: il sito della caserma sar\u00e0 sviluppato passo dopo passo - IMMOBILIEN Business","isPartOf":{"@id":"https:\/\/www.immobilienbusiness.ch\/#website"},"primaryImageOfPage":{"@id":"https:\/\/www.immobilienbusiness.ch\/fr\/regionen\/2021-03-30\/aarau-kasernenareal-sol-schrittweise-entwickelt-werden\/#primaryimage"},"image":{"@id":"https:\/\/www.immobilienbusiness.ch\/fr\/regionen\/2021-03-30\/aarau-kasernenareal-sol-schrittweise-entwickelt-werden\/#primaryimage"},"thumbnailUrl":"https:\/\/www.immobilienbusiness.ch\/wp-content\/uploads\/2021\/01\/Aarau.jpg","datePublished":"2021-03-30T07:06:47+00:00","description":"L'area della caserma nel centro di Aarau (AG) sar\u00e0 trasformata in un quartiere diversificato una volta terminato l'uso militare nel 2030.","breadcrumb":{"@id":"https:\/\/www.immobilienbusiness.ch\/fr\/regionen\/2021-03-30\/aarau-kasernenareal-sol-schrittweise-entwickelt-werden\/#breadcrumb"},"inLanguage":"it-IT","potentialAction":[{"@type":"ReadAction","target":["https:\/\/www.immobilienbusiness.ch\/fr\/regionen\/2021-03-30\/aarau-kasernenareal-sol-schrittweise-entwickelt-werden\/"]}]},{"@type":"ImageObject","inLanguage":"it-IT","@id":"https:\/\/www.immobilienbusiness.ch\/fr\/regionen\/2021-03-30\/aarau-kasernenareal-sol-schrittweise-entwickelt-werden\/#primaryimage","url":"https:\/\/www.immobilienbusiness.ch\/wp-content\/uploads\/2021\/01\/Aarau.jpg","contentUrl":"https:\/\/www.immobilienbusiness.ch\/wp-content\/uploads\/2021\/01\/Aarau.jpg","width":2560,"height":1706,"caption":"Aarau (Bild: Freaktalius, CC BY-SA 4.0, Wikimedia Commons)"},{"@type":"BreadcrumbList","@id":"https:\/\/www.immobilienbusiness.ch\/fr\/regionen\/2021-03-30\/aarau-kasernenareal-sol-schrittweise-entwickelt-werden\/#breadcrumb","itemListElement":[{"@type":"ListItem","position":1,"name":"Home","item":"https:\/\/www.immobilienbusiness.ch\/"},{"@type":"ListItem","position":2,"name":"Aarau: Kasernenareal soll schrittweise entwickelt werden"}]},{"@type":"WebSite","@id":"https:\/\/www.immobilienbusiness.ch\/#website","url":"https:\/\/www.immobilienbusiness.ch\/","name":"Affari immobiliari","description":"Rivista economica indipendente svizzera che si concentra sul settore immobiliare, l'architettura e la costruzione, nonch\u00e9 sugli investimenti e i finanziamenti.","publisher":{"@id":"https:\/\/www.immobilienbusiness.ch\/#organization"},"potentialAction":[{"@type":"SearchAction","target":{"@type":"EntryPoint","urlTemplate":"https:\/\/www.immobilienbusiness.ch\/?s={search_term_string}"},"query-input":{"@type":"PropertyValueSpecification","valueRequired":true,"valueName":"search_term_string"}}],"inLanguage":"it-IT"},{"@type":"Organization","@id":"https:\/\/www.immobilienbusiness.ch\/#organization","name":"Affari immobiliari","url":"https:\/\/www.immobilienbusiness.ch\/","logo":{"@type":"ImageObject","inLanguage":"it-IT","@id":"https:\/\/www.immobilienbusiness.ch\/#\/schema\/logo\/image\/","url":"https:\/\/www.immobilienbusiness.ch\/wp-content\/uploads\/2021\/07\/logo_ib.png","contentUrl":"https:\/\/www.immobilienbusiness.ch\/wp-content\/uploads\/2021\/07\/logo_ib.png","width":800,"height":181,"caption":"IMMOBILIEN Business"},"image":{"@id":"https:\/\/www.immobilienbusiness.ch\/#\/schema\/logo\/image\/"},"sameAs":["https:\/\/www.facebook.com\/immobilienbusiness\/"]},{"@type":"Person","@id":"https:\/\/www.immobilienbusiness.ch\/#\/schema\/person\/3fc036297b10b9f42d6db5ee932af8c8","name":"anja.hall","image":{"@type":"ImageObject","inLanguage":"it-IT","@id":"https:\/\/secure.gravatar.com\/avatar\/066b5a0d447013502c71a5782f4f3469f03cfe595cc2329fb94652fe47511bfb?s=96&d=mm&r=g","url":"https:\/\/secure.gravatar.com\/avatar\/066b5a0d447013502c71a5782f4f3469f03cfe595cc2329fb94652fe47511bfb?s=96&d=mm&r=g","contentUrl":"https:\/\/secure.gravatar.com\/avatar\/066b5a0d447013502c71a5782f4f3469f03cfe595cc2329fb94652fe47511bfb?s=96&d=mm&r=g","caption":"anja.hall"},"url":"https:\/\/www.immobilienbusiness.ch\/it\/author\/anja-hall\/"}]}},"_links":{"self":[{"href":"https:\/\/www.immobilienbusiness.ch\/it\/wp-json\/wp\/v2\/posts\/23833","targetHints":{"allow":["GET"]}}],"collection":[{"href":"https:\/\/www.immobilienbusiness.ch\/it\/wp-json\/wp\/v2\/posts"}],"about":[{"href":"https:\/\/www.immobilienbusiness.ch\/it\/wp-json\/wp\/v2\/types\/post"}],"author":[{"embeddable":true,"href":"https:\/\/www.immobilienbusiness.ch\/it\/wp-json\/wp\/v2\/users\/3"}],"replies":[{"embeddable":true,"href":"https:\/\/www.immobilienbusiness.ch\/it\/wp-json\/wp\/v2\/comments?post=23833"}],"version-history":[{"count":0,"href":"https:\/\/www.immobilienbusiness.ch\/it\/wp-json\/wp\/v2\/posts\/23833\/revisions"}],"wp:featuredmedia":[{"embeddable":true,"href":"https:\/\/www.immobilienbusiness.ch\/it\/wp-json\/wp\/v2\/media\/23185"}],"wp:attachment":[{"href":"https:\/\/www.immobilienbusiness.ch\/it\/wp-json\/wp\/v2\/media?parent=23833"}],"wp:term":[{"taxonomy":"category","embeddable":true,"href":"https:\/\/www.immobilienbusiness.ch\/it\/wp-json\/wp\/v2\/categories?post=23833"},{"taxonomy":"post_tag","embeddable":true,"href":"https:\/\/www.immobilienbusiness.ch\/it\/wp-json\/wp\/v2\/tags?post=23833"}],"curies":[{"name":"wp","href":"https:\/\/api.w.org\/{rel}","templated":true}]}}