{"id":23831,"date":"2021-04-01T09:22:29","date_gmt":"2021-04-01T07:22:29","guid":{"rendered":"https:\/\/www.immobilienbusiness.ch\/?p=23831"},"modified":"2023-08-09T19:23:00","modified_gmt":"2023-08-09T17:23:00","slug":"thun-halter-plant-campus-fuer-die-empa","status":"publish","type":"post","link":"https:\/\/www.immobilienbusiness.ch\/it\/regionen\/2021-04-01\/thun-halter-plant-campus-fuer-die-empa\/","title":{"rendered":"Thun: Halter progetta un campus per l'Empa"},"content":{"rendered":"<figure id=\"attachment_23862\" aria-describedby=\"caption-attachment-23862\" style=\"width: 300px\" class=\"wp-caption alignnone\"><img loading=\"lazy\" decoding=\"async\" class=\"wp-image-23862 size-medium\" src=\"https:\/\/www.immobilienbusiness.ch\/wp-content\/uploads\/2021\/04\/B5_Campus_Visualisierung_Aspekt_SW___c__Raumgleiter-300x200.jpg\" alt=\"Thun\" width=\"300\" height=\"200\" srcset=\"https:\/\/www.immobilienbusiness.ch\/wp-content\/uploads\/2021\/04\/B5_Campus_Visualisierung_Aspekt_SW___c__Raumgleiter-300x200.jpg 300w, https:\/\/www.immobilienbusiness.ch\/wp-content\/uploads\/2021\/04\/B5_Campus_Visualisierung_Aspekt_SW___c__Raumgleiter-1024x683.jpg 1024w, https:\/\/www.immobilienbusiness.ch\/wp-content\/uploads\/2021\/04\/B5_Campus_Visualisierung_Aspekt_SW___c__Raumgleiter-768x512.jpg 768w, https:\/\/www.immobilienbusiness.ch\/wp-content\/uploads\/2021\/04\/B5_Campus_Visualisierung_Aspekt_SW___c__Raumgleiter-1536x1024.jpg 1536w, https:\/\/www.immobilienbusiness.ch\/wp-content\/uploads\/2021\/04\/B5_Campus_Visualisierung_Aspekt_SW___c__Raumgleiter-2048x1365.jpg 2048w, https:\/\/www.immobilienbusiness.ch\/wp-content\/uploads\/2021\/04\/B5_Campus_Visualisierung_Aspekt_SW___c__Raumgleiter-16x12.jpg 16w, https:\/\/www.immobilienbusiness.ch\/wp-content\/uploads\/2021\/04\/B5_Campus_Visualisierung_Aspekt_SW___c__Raumgleiter-263x175.jpg 263w, https:\/\/www.immobilienbusiness.ch\/wp-content\/uploads\/2021\/04\/B5_Campus_Visualisierung_Aspekt_SW___c__Raumgleiter-525x350.jpg 525w, https:\/\/www.immobilienbusiness.ch\/wp-content\/uploads\/2021\/04\/B5_Campus_Visualisierung_Aspekt_SW___c__Raumgleiter-1200x800.jpg 1200w, https:\/\/www.immobilienbusiness.ch\/wp-content\/uploads\/2021\/04\/B5_Campus_Visualisierung_Aspekt_SW___c__Raumgleiter-920x613.jpg 920w, https:\/\/www.immobilienbusiness.ch\/wp-content\/uploads\/2021\/04\/B5_Campus_Visualisierung_Aspekt_SW___c__Raumgleiter-1400x933.jpg 1400w\" sizes=\"auto, (max-width: 300px) 100vw, 300px\" \/><figcaption id=\"caption-attachment-23862\" class=\"wp-caption-text\">Il campus previsto a Thun (visualizzazione \u00a9 Raumgleiter)<\/figcaption><\/figure>\n<p class=\"bodytext\">Halter AG svilupper\u00e0 il \"B5 Campus\", uno sviluppo urbano di alta qualit\u00e0, sul sito di costruzione 5 del Thun North ESP. Il sito si trova all'incrocio della Allmendstrasse, di fronte all'impianto di incenerimento dei rifiuti e a pochi passi dalla prevista stazione della S-Bahn Thun Nord.<\/p>\n<p class=\"bodytext\">Secondo la citt\u00e0 di Thun, la trama \u00e8 centrale per innescare uno sviluppo di alta qualit\u00e0 nell'intero ESP Thun Nord. La citt\u00e0 ha rilevato il cantiere B5 dal proprietario del terreno Armasuisse in base al diritto edilizio, e c'\u00e8 un potenziale di insediamento di circa 50.000 metri quadrati di superficie lorda sul terreno. L'Empa \u00e8 gi\u00e0 stato confermato come inquilino principale. Con l'Empa, una \"combinazione attraente\" di usi commerciali e industriali e altri servizi \u00e8 possibile sul sito.<\/p>\n<p class=\"bodytext\">Per la realizzazione del progetto \u00e8 necessaria un'ordinanza di zonizzazione. I documenti saranno aperti al pubblico fino al 26 aprile 2021. Se tutto va secondo i piani, la costruzione della prima fase con il sito dell'Empa dovrebbe iniziare presto. Il nuovo edificio dovrebbe essere pronto per essere occupato entro la fine del 2023. <em>(ah)<\/em><\/p>","protected":false},"excerpt":{"rendered":"<p>Lo sviluppo \"B5 Campus\" sar\u00e0 costruito nel centro di sviluppo di ESP Thun Nord, che i Laboratori Federali Svizzeri per la Scienza e la Tecnologia dei Materiali (Empa) intendono utilizzare come inquilino principale. <\/p>","protected":false},"author":3,"featured_media":23862,"comment_status":"closed","ping_status":"closed","sticky":false,"template":"","format":"standard","meta":{"_acf_changed":false,"_yoast_wpseo_focuskw":"Thun","_yoast_wpseo_title":"","_yoast_wpseo_metadesc":"Im Entwicklungsschwerpunkt Thun Nord soll die \u00dcberbauung \u00abB5 Campus\u00bb entstehen, den die Materialpr\u00fcfungsanstalt Empa als Ankermieterin nutzen will.","_yoast_wpseo_linkdex":42,"pgc_sgb_lightbox_settings":"","footnotes":""},"categories":[985],"tags":[1119,1291,1600,1781],"class_list":["post-23831","post","type-post","status-publish","format-standard","has-post-thumbnail","hentry","category-regionen","tag-bueroimmobilien","tag-halter-ag","tag-projekt-in-planung","tag-thun"],"acf":[],"yoast_head":"<!-- This site is optimized with the Yoast SEO plugin v27.5 - https:\/\/yoast.com\/product\/yoast-seo-wordpress\/ -->\n<title>Thun: Halter plant Campus f\u00fcr die Empa - IMMOBILIEN Business<\/title>\n<meta name=\"description\" content=\"Im Entwicklungsschwerpunkt Thun Nord soll die \u00dcberbauung \u00abB5 Campus\u00bb entstehen, den die Materialpr\u00fcfungsanstalt Empa als Ankermieterin nutzen will.\" \/>\n<meta name=\"robots\" content=\"index, follow, max-snippet:-1, max-image-preview:large, max-video-preview:-1\" \/>\n<link rel=\"canonical\" href=\"https:\/\/www.immobilienbusiness.ch\/it\/regionen\/2021-04-01\/thun-halter-plant-campus-fuer-die-empa\/\" \/>\n<meta property=\"og:locale\" content=\"it_IT\" \/>\n<meta property=\"og:type\" content=\"article\" \/>\n<meta property=\"og:title\" content=\"Thun: Halter plant Campus f\u00fcr die Empa - IMMOBILIEN Business\" \/>\n<meta property=\"og:description\" content=\"Im Entwicklungsschwerpunkt Thun Nord soll die \u00dcberbauung \u00abB5 Campus\u00bb entstehen, den die Materialpr\u00fcfungsanstalt Empa als Ankermieterin nutzen will.\" \/>\n<meta property=\"og:url\" content=\"https:\/\/www.immobilienbusiness.ch\/it\/regionen\/2021-04-01\/thun-halter-plant-campus-fuer-die-empa\/\" \/>\n<meta property=\"og:site_name\" content=\"IMMOBILIEN Business\" \/>\n<meta property=\"article:publisher\" content=\"https:\/\/www.facebook.com\/immobilienbusiness\/\" \/>\n<meta property=\"article:published_time\" content=\"2021-04-01T07:22:29+00:00\" \/>\n<meta property=\"article:modified_time\" content=\"2023-08-09T17:23:00+00:00\" \/>\n<meta property=\"og:image\" content=\"https:\/\/www.immobilienbusiness.ch\/wp-content\/uploads\/2021\/04\/B5_Campus_Visualisierung_Aspekt_SW___c__Raumgleiter-1024x683.jpg\" \/>\n\t<meta property=\"og:image:width\" content=\"1024\" \/>\n\t<meta property=\"og:image:height\" content=\"683\" \/>\n\t<meta property=\"og:image:type\" content=\"image\/jpeg\" \/>\n<meta name=\"author\" content=\"anja.hall\" \/>\n<meta name=\"twitter:card\" content=\"summary_large_image\" \/>\n<meta name=\"twitter:image\" content=\"https:\/\/www.immobilienbusiness.ch\/wp-content\/uploads\/2021\/04\/B5_Campus_Visualisierung_Aspekt_SW___c__Raumgleiter.jpg\" \/>\n<script type=\"application\/ld+json\" class=\"yoast-schema-graph\">{\"@context\":\"https:\\\/\\\/schema.org\",\"@graph\":[{\"@type\":\"Article\",\"@id\":\"https:\\\/\\\/www.immobilienbusiness.ch\\\/de\\\/regionen\\\/2021-04-01\\\/thun-halter-plant-campus-fuer-die-empa\\\/#article\",\"isPartOf\":{\"@id\":\"https:\\\/\\\/www.immobilienbusiness.ch\\\/de\\\/regionen\\\/2021-04-01\\\/thun-halter-plant-campus-fuer-die-empa\\\/\"},\"author\":{\"name\":\"anja.hall\",\"@id\":\"https:\\\/\\\/www.immobilienbusiness.ch\\\/#\\\/schema\\\/person\\\/3fc036297b10b9f42d6db5ee932af8c8\"},\"headline\":\"Thun: Halter plant Campus f\u00fcr die Empa\",\"datePublished\":\"2021-04-01T07:22:29+00:00\",\"dateModified\":\"2023-08-09T17:23:00+00:00\",\"mainEntityOfPage\":{\"@id\":\"https:\\\/\\\/www.immobilienbusiness.ch\\\/de\\\/regionen\\\/2021-04-01\\\/thun-halter-plant-campus-fuer-die-empa\\\/\"},\"wordCount\":176,\"publisher\":{\"@id\":\"https:\\\/\\\/www.immobilienbusiness.ch\\\/#organization\"},\"image\":{\"@id\":\"https:\\\/\\\/www.immobilienbusiness.ch\\\/de\\\/regionen\\\/2021-04-01\\\/thun-halter-plant-campus-fuer-die-empa\\\/#primaryimage\"},\"thumbnailUrl\":\"https:\\\/\\\/www.immobilienbusiness.ch\\\/wp-content\\\/uploads\\\/2021\\\/04\\\/B5_Campus_Visualisierung_Aspekt_SW___c__Raumgleiter.jpg\",\"keywords\":[\"B\u00fcroimmobilien\",\"Halter AG\",\"Projekt in Planung\",\"Thun\"],\"articleSection\":[\"REGIONEN\"],\"inLanguage\":\"it-IT\"},{\"@type\":\"WebPage\",\"@id\":\"https:\\\/\\\/www.immobilienbusiness.ch\\\/de\\\/regionen\\\/2021-04-01\\\/thun-halter-plant-campus-fuer-die-empa\\\/\",\"url\":\"https:\\\/\\\/www.immobilienbusiness.ch\\\/de\\\/regionen\\\/2021-04-01\\\/thun-halter-plant-campus-fuer-die-empa\\\/\",\"name\":\"Thun: Halter plant Campus f\u00fcr die Empa - IMMOBILIEN Business\",\"isPartOf\":{\"@id\":\"https:\\\/\\\/www.immobilienbusiness.ch\\\/#website\"},\"primaryImageOfPage\":{\"@id\":\"https:\\\/\\\/www.immobilienbusiness.ch\\\/de\\\/regionen\\\/2021-04-01\\\/thun-halter-plant-campus-fuer-die-empa\\\/#primaryimage\"},\"image\":{\"@id\":\"https:\\\/\\\/www.immobilienbusiness.ch\\\/de\\\/regionen\\\/2021-04-01\\\/thun-halter-plant-campus-fuer-die-empa\\\/#primaryimage\"},\"thumbnailUrl\":\"https:\\\/\\\/www.immobilienbusiness.ch\\\/wp-content\\\/uploads\\\/2021\\\/04\\\/B5_Campus_Visualisierung_Aspekt_SW___c__Raumgleiter.jpg\",\"datePublished\":\"2021-04-01T07:22:29+00:00\",\"dateModified\":\"2023-08-09T17:23:00+00:00\",\"description\":\"Im Entwicklungsschwerpunkt Thun Nord soll die \u00dcberbauung \u00abB5 Campus\u00bb entstehen, den die Materialpr\u00fcfungsanstalt Empa als Ankermieterin nutzen will.\",\"breadcrumb\":{\"@id\":\"https:\\\/\\\/www.immobilienbusiness.ch\\\/de\\\/regionen\\\/2021-04-01\\\/thun-halter-plant-campus-fuer-die-empa\\\/#breadcrumb\"},\"inLanguage\":\"it-IT\",\"potentialAction\":[{\"@type\":\"ReadAction\",\"target\":[\"https:\\\/\\\/www.immobilienbusiness.ch\\\/de\\\/regionen\\\/2021-04-01\\\/thun-halter-plant-campus-fuer-die-empa\\\/\"]}]},{\"@type\":\"ImageObject\",\"inLanguage\":\"it-IT\",\"@id\":\"https:\\\/\\\/www.immobilienbusiness.ch\\\/de\\\/regionen\\\/2021-04-01\\\/thun-halter-plant-campus-fuer-die-empa\\\/#primaryimage\",\"url\":\"https:\\\/\\\/www.immobilienbusiness.ch\\\/wp-content\\\/uploads\\\/2021\\\/04\\\/B5_Campus_Visualisierung_Aspekt_SW___c__Raumgleiter.jpg\",\"contentUrl\":\"https:\\\/\\\/www.immobilienbusiness.ch\\\/wp-content\\\/uploads\\\/2021\\\/04\\\/B5_Campus_Visualisierung_Aspekt_SW___c__Raumgleiter.jpg\",\"width\":2560,\"height\":1706,\"caption\":\"Dies ist eine Visualisierung, die vor mehreren Jahren f\u00fcr den Campus der Empa in Thun pr\u00e4sentiert wurde (Visualisierung \u00a9 Raumgleiter)\"},{\"@type\":\"BreadcrumbList\",\"@id\":\"https:\\\/\\\/www.immobilienbusiness.ch\\\/de\\\/regionen\\\/2021-04-01\\\/thun-halter-plant-campus-fuer-die-empa\\\/#breadcrumb\",\"itemListElement\":[{\"@type\":\"ListItem\",\"position\":1,\"name\":\"Home\",\"item\":\"https:\\\/\\\/www.immobilienbusiness.ch\\\/\"},{\"@type\":\"ListItem\",\"position\":2,\"name\":\"Thun: Halter plant Campus f\u00fcr die Empa\"}]},{\"@type\":\"WebSite\",\"@id\":\"https:\\\/\\\/www.immobilienbusiness.ch\\\/#website\",\"url\":\"https:\\\/\\\/www.immobilienbusiness.ch\\\/\",\"name\":\"IMMOBILIEN Business\",\"description\":\"Unabh\u00e4ngiges Schweizer Wirtschaftsmagazin mit Fokus auf Immobilien, Architektur- und Bau sowie Investment- und Finanzierung.\",\"publisher\":{\"@id\":\"https:\\\/\\\/www.immobilienbusiness.ch\\\/#organization\"},\"potentialAction\":[{\"@type\":\"SearchAction\",\"target\":{\"@type\":\"EntryPoint\",\"urlTemplate\":\"https:\\\/\\\/www.immobilienbusiness.ch\\\/?s={search_term_string}\"},\"query-input\":{\"@type\":\"PropertyValueSpecification\",\"valueRequired\":true,\"valueName\":\"search_term_string\"}}],\"inLanguage\":\"it-IT\"},{\"@type\":\"Organization\",\"@id\":\"https:\\\/\\\/www.immobilienbusiness.ch\\\/#organization\",\"name\":\"IMMOBILIEN Business\",\"url\":\"https:\\\/\\\/www.immobilienbusiness.ch\\\/\",\"logo\":{\"@type\":\"ImageObject\",\"inLanguage\":\"it-IT\",\"@id\":\"https:\\\/\\\/www.immobilienbusiness.ch\\\/#\\\/schema\\\/logo\\\/image\\\/\",\"url\":\"https:\\\/\\\/www.immobilienbusiness.ch\\\/wp-content\\\/uploads\\\/2021\\\/07\\\/logo_ib.png\",\"contentUrl\":\"https:\\\/\\\/www.immobilienbusiness.ch\\\/wp-content\\\/uploads\\\/2021\\\/07\\\/logo_ib.png\",\"width\":800,\"height\":181,\"caption\":\"IMMOBILIEN Business\"},\"image\":{\"@id\":\"https:\\\/\\\/www.immobilienbusiness.ch\\\/#\\\/schema\\\/logo\\\/image\\\/\"},\"sameAs\":[\"https:\\\/\\\/www.facebook.com\\\/immobilienbusiness\\\/\"]},{\"@type\":\"Person\",\"@id\":\"https:\\\/\\\/www.immobilienbusiness.ch\\\/#\\\/schema\\\/person\\\/3fc036297b10b9f42d6db5ee932af8c8\",\"name\":\"anja.hall\",\"image\":{\"@type\":\"ImageObject\",\"inLanguage\":\"it-IT\",\"@id\":\"https:\\\/\\\/secure.gravatar.com\\\/avatar\\\/066b5a0d447013502c71a5782f4f3469f03cfe595cc2329fb94652fe47511bfb?s=96&d=mm&r=g\",\"url\":\"https:\\\/\\\/secure.gravatar.com\\\/avatar\\\/066b5a0d447013502c71a5782f4f3469f03cfe595cc2329fb94652fe47511bfb?s=96&d=mm&r=g\",\"contentUrl\":\"https:\\\/\\\/secure.gravatar.com\\\/avatar\\\/066b5a0d447013502c71a5782f4f3469f03cfe595cc2329fb94652fe47511bfb?s=96&d=mm&r=g\",\"caption\":\"anja.hall\"},\"url\":\"https:\\\/\\\/www.immobilienbusiness.ch\\\/it\\\/author\\\/anja-hall\\\/\"}]}<\/script>\n<!-- \/ Yoast SEO plugin. -->","yoast_head_json":{"title":"Thun: Halter progetta un campus per l'Empa - IMMOBILIEN Business","description":"Il \"Campus B5\" sar\u00e0 costruito nel centro di sviluppo di Thun Nord, che l'istituto di controllo dei materiali Empa intende utilizzare come anchor tenant.","robots":{"index":"index","follow":"follow","max-snippet":"max-snippet:-1","max-image-preview":"max-image-preview:large","max-video-preview":"max-video-preview:-1"},"canonical":"https:\/\/www.immobilienbusiness.ch\/it\/regionen\/2021-04-01\/thun-halter-plant-campus-fuer-die-empa\/","og_locale":"it_IT","og_type":"article","og_title":"Thun: Halter plant Campus f\u00fcr die Empa - IMMOBILIEN Business","og_description":"Im Entwicklungsschwerpunkt Thun Nord soll die \u00dcberbauung \u00abB5 Campus\u00bb entstehen, den die Materialpr\u00fcfungsanstalt Empa als Ankermieterin nutzen will.","og_url":"https:\/\/www.immobilienbusiness.ch\/it\/regionen\/2021-04-01\/thun-halter-plant-campus-fuer-die-empa\/","og_site_name":"IMMOBILIEN Business","article_publisher":"https:\/\/www.facebook.com\/immobilienbusiness\/","article_published_time":"2021-04-01T07:22:29+00:00","article_modified_time":"2023-08-09T17:23:00+00:00","og_image":[{"width":1024,"height":683,"url":"https:\/\/www.immobilienbusiness.ch\/wp-content\/uploads\/2021\/04\/B5_Campus_Visualisierung_Aspekt_SW___c__Raumgleiter-1024x683.jpg","type":"image\/jpeg"}],"author":"anja.hall","twitter_card":"summary_large_image","twitter_image":"https:\/\/www.immobilienbusiness.ch\/wp-content\/uploads\/2021\/04\/B5_Campus_Visualisierung_Aspekt_SW___c__Raumgleiter.jpg","schema":{"@context":"https:\/\/schema.org","@graph":[{"@type":"Article","@id":"https:\/\/www.immobilienbusiness.ch\/de\/regionen\/2021-04-01\/thun-halter-plant-campus-fuer-die-empa\/#article","isPartOf":{"@id":"https:\/\/www.immobilienbusiness.ch\/de\/regionen\/2021-04-01\/thun-halter-plant-campus-fuer-die-empa\/"},"author":{"name":"anja.hall","@id":"https:\/\/www.immobilienbusiness.ch\/#\/schema\/person\/3fc036297b10b9f42d6db5ee932af8c8"},"headline":"Thun: Halter plant Campus f\u00fcr die Empa","datePublished":"2021-04-01T07:22:29+00:00","dateModified":"2023-08-09T17:23:00+00:00","mainEntityOfPage":{"@id":"https:\/\/www.immobilienbusiness.ch\/de\/regionen\/2021-04-01\/thun-halter-plant-campus-fuer-die-empa\/"},"wordCount":176,"publisher":{"@id":"https:\/\/www.immobilienbusiness.ch\/#organization"},"image":{"@id":"https:\/\/www.immobilienbusiness.ch\/de\/regionen\/2021-04-01\/thun-halter-plant-campus-fuer-die-empa\/#primaryimage"},"thumbnailUrl":"https:\/\/www.immobilienbusiness.ch\/wp-content\/uploads\/2021\/04\/B5_Campus_Visualisierung_Aspekt_SW___c__Raumgleiter.jpg","keywords":["B\u00fcroimmobilien","Halter AG","Projekt in Planung","Thun"],"articleSection":["REGIONEN"],"inLanguage":"it-IT"},{"@type":"WebPage","@id":"https:\/\/www.immobilienbusiness.ch\/de\/regionen\/2021-04-01\/thun-halter-plant-campus-fuer-die-empa\/","url":"https:\/\/www.immobilienbusiness.ch\/de\/regionen\/2021-04-01\/thun-halter-plant-campus-fuer-die-empa\/","name":"Thun: Halter progetta un campus per l'Empa - IMMOBILIEN Business","isPartOf":{"@id":"https:\/\/www.immobilienbusiness.ch\/#website"},"primaryImageOfPage":{"@id":"https:\/\/www.immobilienbusiness.ch\/de\/regionen\/2021-04-01\/thun-halter-plant-campus-fuer-die-empa\/#primaryimage"},"image":{"@id":"https:\/\/www.immobilienbusiness.ch\/de\/regionen\/2021-04-01\/thun-halter-plant-campus-fuer-die-empa\/#primaryimage"},"thumbnailUrl":"https:\/\/www.immobilienbusiness.ch\/wp-content\/uploads\/2021\/04\/B5_Campus_Visualisierung_Aspekt_SW___c__Raumgleiter.jpg","datePublished":"2021-04-01T07:22:29+00:00","dateModified":"2023-08-09T17:23:00+00:00","description":"Il \"Campus B5\" sar\u00e0 costruito nel centro di sviluppo di Thun Nord, che l'istituto di controllo dei materiali Empa intende utilizzare come anchor tenant.","breadcrumb":{"@id":"https:\/\/www.immobilienbusiness.ch\/de\/regionen\/2021-04-01\/thun-halter-plant-campus-fuer-die-empa\/#breadcrumb"},"inLanguage":"it-IT","potentialAction":[{"@type":"ReadAction","target":["https:\/\/www.immobilienbusiness.ch\/de\/regionen\/2021-04-01\/thun-halter-plant-campus-fuer-die-empa\/"]}]},{"@type":"ImageObject","inLanguage":"it-IT","@id":"https:\/\/www.immobilienbusiness.ch\/de\/regionen\/2021-04-01\/thun-halter-plant-campus-fuer-die-empa\/#primaryimage","url":"https:\/\/www.immobilienbusiness.ch\/wp-content\/uploads\/2021\/04\/B5_Campus_Visualisierung_Aspekt_SW___c__Raumgleiter.jpg","contentUrl":"https:\/\/www.immobilienbusiness.ch\/wp-content\/uploads\/2021\/04\/B5_Campus_Visualisierung_Aspekt_SW___c__Raumgleiter.jpg","width":2560,"height":1706,"caption":"Dies ist eine Visualisierung, die vor mehreren Jahren f\u00fcr den Campus der Empa in Thun pr\u00e4sentiert wurde (Visualisierung \u00a9 Raumgleiter)"},{"@type":"BreadcrumbList","@id":"https:\/\/www.immobilienbusiness.ch\/de\/regionen\/2021-04-01\/thun-halter-plant-campus-fuer-die-empa\/#breadcrumb","itemListElement":[{"@type":"ListItem","position":1,"name":"Home","item":"https:\/\/www.immobilienbusiness.ch\/"},{"@type":"ListItem","position":2,"name":"Thun: Halter plant Campus f\u00fcr die Empa"}]},{"@type":"WebSite","@id":"https:\/\/www.immobilienbusiness.ch\/#website","url":"https:\/\/www.immobilienbusiness.ch\/","name":"Affari immobiliari","description":"Rivista economica indipendente svizzera che si concentra sul settore immobiliare, l'architettura e la costruzione, nonch\u00e9 sugli investimenti e i finanziamenti.","publisher":{"@id":"https:\/\/www.immobilienbusiness.ch\/#organization"},"potentialAction":[{"@type":"SearchAction","target":{"@type":"EntryPoint","urlTemplate":"https:\/\/www.immobilienbusiness.ch\/?s={search_term_string}"},"query-input":{"@type":"PropertyValueSpecification","valueRequired":true,"valueName":"search_term_string"}}],"inLanguage":"it-IT"},{"@type":"Organization","@id":"https:\/\/www.immobilienbusiness.ch\/#organization","name":"Affari immobiliari","url":"https:\/\/www.immobilienbusiness.ch\/","logo":{"@type":"ImageObject","inLanguage":"it-IT","@id":"https:\/\/www.immobilienbusiness.ch\/#\/schema\/logo\/image\/","url":"https:\/\/www.immobilienbusiness.ch\/wp-content\/uploads\/2021\/07\/logo_ib.png","contentUrl":"https:\/\/www.immobilienbusiness.ch\/wp-content\/uploads\/2021\/07\/logo_ib.png","width":800,"height":181,"caption":"IMMOBILIEN Business"},"image":{"@id":"https:\/\/www.immobilienbusiness.ch\/#\/schema\/logo\/image\/"},"sameAs":["https:\/\/www.facebook.com\/immobilienbusiness\/"]},{"@type":"Person","@id":"https:\/\/www.immobilienbusiness.ch\/#\/schema\/person\/3fc036297b10b9f42d6db5ee932af8c8","name":"anja.hall","image":{"@type":"ImageObject","inLanguage":"it-IT","@id":"https:\/\/secure.gravatar.com\/avatar\/066b5a0d447013502c71a5782f4f3469f03cfe595cc2329fb94652fe47511bfb?s=96&d=mm&r=g","url":"https:\/\/secure.gravatar.com\/avatar\/066b5a0d447013502c71a5782f4f3469f03cfe595cc2329fb94652fe47511bfb?s=96&d=mm&r=g","contentUrl":"https:\/\/secure.gravatar.com\/avatar\/066b5a0d447013502c71a5782f4f3469f03cfe595cc2329fb94652fe47511bfb?s=96&d=mm&r=g","caption":"anja.hall"},"url":"https:\/\/www.immobilienbusiness.ch\/it\/author\/anja-hall\/"}]}},"_links":{"self":[{"href":"https:\/\/www.immobilienbusiness.ch\/it\/wp-json\/wp\/v2\/posts\/23831","targetHints":{"allow":["GET"]}}],"collection":[{"href":"https:\/\/www.immobilienbusiness.ch\/it\/wp-json\/wp\/v2\/posts"}],"about":[{"href":"https:\/\/www.immobilienbusiness.ch\/it\/wp-json\/wp\/v2\/types\/post"}],"author":[{"embeddable":true,"href":"https:\/\/www.immobilienbusiness.ch\/it\/wp-json\/wp\/v2\/users\/3"}],"replies":[{"embeddable":true,"href":"https:\/\/www.immobilienbusiness.ch\/it\/wp-json\/wp\/v2\/comments?post=23831"}],"version-history":[{"count":1,"href":"https:\/\/www.immobilienbusiness.ch\/it\/wp-json\/wp\/v2\/posts\/23831\/revisions"}],"predecessor-version":[{"id":51711,"href":"https:\/\/www.immobilienbusiness.ch\/it\/wp-json\/wp\/v2\/posts\/23831\/revisions\/51711"}],"wp:featuredmedia":[{"embeddable":true,"href":"https:\/\/www.immobilienbusiness.ch\/it\/wp-json\/wp\/v2\/media\/23862"}],"wp:attachment":[{"href":"https:\/\/www.immobilienbusiness.ch\/it\/wp-json\/wp\/v2\/media?parent=23831"}],"wp:term":[{"taxonomy":"category","embeddable":true,"href":"https:\/\/www.immobilienbusiness.ch\/it\/wp-json\/wp\/v2\/categories?post=23831"},{"taxonomy":"post_tag","embeddable":true,"href":"https:\/\/www.immobilienbusiness.ch\/it\/wp-json\/wp\/v2\/tags?post=23831"}],"curies":[{"name":"wp","href":"https:\/\/api.w.org\/{rel}","templated":true}]}}