{"id":23698,"date":"2021-03-11T10:31:47","date_gmt":"2021-03-11T09:31:47","guid":{"rendered":"https:\/\/www.immobilienbusiness.ch\/?p=23698"},"modified":"2023-08-09T19:32:20","modified_gmt":"2023-08-09T17:32:20","slug":"implenia-claudio-rudolf-wird-leiter-real-estate-management","status":"publish","type":"post","link":"https:\/\/www.immobilienbusiness.ch\/it\/unternehmen\/2021-03-11\/implenia-claudio-rudolf-wird-leiter-real-estate-management\/","title":{"rendered":"Implenia: Claudio Rudolf nominato responsabile della gestione immobiliare"},"content":{"rendered":"<figure id=\"attachment_23699\" aria-describedby=\"caption-attachment-23699\" style=\"width: 300px\" class=\"wp-caption alignnone\"><img loading=\"lazy\" decoding=\"async\" class=\"wp-image-23699 size-medium\" src=\"https:\/\/www.immobilienbusiness.ch\/wp-content\/uploads\/2021\/03\/EY-Portraitbilder-2Y7A3427-300x200.jpg\" alt=\"Implenia\" width=\"300\" height=\"200\" srcset=\"https:\/\/www.immobilienbusiness.ch\/wp-content\/uploads\/2021\/03\/EY-Portraitbilder-2Y7A3427-300x200.jpg 300w, https:\/\/www.immobilienbusiness.ch\/wp-content\/uploads\/2021\/03\/EY-Portraitbilder-2Y7A3427-1024x682.jpg 1024w, https:\/\/www.immobilienbusiness.ch\/wp-content\/uploads\/2021\/03\/EY-Portraitbilder-2Y7A3427-768x512.jpg 768w, https:\/\/www.immobilienbusiness.ch\/wp-content\/uploads\/2021\/03\/EY-Portraitbilder-2Y7A3427-1536x1024.jpg 1536w, https:\/\/www.immobilienbusiness.ch\/wp-content\/uploads\/2021\/03\/EY-Portraitbilder-2Y7A3427-16x12.jpg 16w, https:\/\/www.immobilienbusiness.ch\/wp-content\/uploads\/2021\/03\/EY-Portraitbilder-2Y7A3427-263x175.jpg 263w, https:\/\/www.immobilienbusiness.ch\/wp-content\/uploads\/2021\/03\/EY-Portraitbilder-2Y7A3427-525x350.jpg 525w, https:\/\/www.immobilienbusiness.ch\/wp-content\/uploads\/2021\/03\/EY-Portraitbilder-2Y7A3427-1200x800.jpg 1200w, https:\/\/www.immobilienbusiness.ch\/wp-content\/uploads\/2021\/03\/EY-Portraitbilder-2Y7A3427-920x613.jpg 920w, https:\/\/www.immobilienbusiness.ch\/wp-content\/uploads\/2021\/03\/EY-Portraitbilder-2Y7A3427-1400x933.jpg 1400w, https:\/\/www.immobilienbusiness.ch\/wp-content\/uploads\/2021\/03\/EY-Portraitbilder-2Y7A3427.jpg 1619w\" sizes=\"auto, (max-width: 300px) 100vw, 300px\" \/><figcaption id=\"caption-attachment-23699\" class=\"wp-caption-text\">Claudio Rudolf (Immagine: zVg)<\/figcaption><\/figure>\n<p>La Divisione Sviluppo di Implenia ha ampliato significativamente il suo portafoglio di servizi e ora opera come Divisione Immobiliare. L'obiettivo \u00e8 quello di posizionarsi come fornitore di servizi immobiliari completi in Svizzera e Germania e di espandere ulteriormente il business immobiliare. Claudio Rudolf, FRICS, \u00e8 stato nominato Head of Real Estate Management e si unir\u00e0 al team di gestione esistente della divisione dal 1\u00b0 aprile 2021.<\/p>\n<p>Claudio Rudolf, architetto qualificato ETH\/SIA e manager immobiliare aziendale, ha una laurea in economia aziendale e la certificazione RICS. La sua esperienza nella gestione immobiliare comprende molti anni come Head Acquisition &amp; Sales nell'Executive Board of Real Estate Asset Management presso Credit Suisse e pi\u00f9 recentemente come Partner e Head Real Estate Switzerland presso la societ\u00e0 internazionale di revisione e consulenza Ernst &amp; Young. L\u00ec ha costruito un team di consulenza a Zurigo e Ginevra nelle aree di M&amp;A, valutazione e trasformazione\/digitalizzazione. <em>(bw)<\/em><\/p>","protected":false},"excerpt":{"rendered":"<p>La divisione immobiliare di Implenia ha nominato Claudio Rudolf FRICS come responsabile della gestione immobiliare. Assumer\u00e0 il suo incarico il 1\u00b0 aprile 2021.<\/p>","protected":false},"author":3,"featured_media":23699,"comment_status":"closed","ping_status":"closed","sticky":false,"template":"","format":"standard","meta":{"_acf_changed":false,"_yoast_wpseo_focuskw":"Implenia","_yoast_wpseo_title":"","_yoast_wpseo_metadesc":"Die Division Real Estate von Implenia hat Claudio Rudolf FRICS zum Leiter Real Estate Management berufen. Der Amtsantritt erfolgt zum 1. April 2021.","_yoast_wpseo_linkdex":48,"pgc_sgb_lightbox_settings":"","footnotes":""},"categories":[988],"tags":[1359,1563],"class_list":["post-23698","post","type-post","status-publish","format-standard","has-post-thumbnail","hentry","category-unternehmen","tag-implenia","tag-personalia"],"acf":[],"yoast_head":"<!-- This site is optimized with the Yoast SEO plugin v27.5 - https:\/\/yoast.com\/product\/yoast-seo-wordpress\/ -->\n<title>Implenia: Claudio Rudolf wird Leiter Real Estate Management - IMMOBILIEN Business<\/title>\n<meta name=\"description\" content=\"Die Division Real Estate von Implenia hat Claudio Rudolf FRICS zum Leiter Real Estate Management berufen. Der Amtsantritt erfolgt zum 1. April 2021.\" \/>\n<meta name=\"robots\" content=\"index, follow, max-snippet:-1, max-image-preview:large, max-video-preview:-1\" \/>\n<link rel=\"canonical\" href=\"https:\/\/www.immobilienbusiness.ch\/it\/unternehmen\/2021-03-11\/implenia-claudio-rudolf-wird-leiter-real-estate-management\/\" \/>\n<meta property=\"og:locale\" content=\"it_IT\" \/>\n<meta property=\"og:type\" content=\"article\" \/>\n<meta property=\"og:title\" content=\"Implenia: Claudio Rudolf wird Leiter Real Estate Management - IMMOBILIEN Business\" \/>\n<meta property=\"og:description\" content=\"Die Division Real Estate von Implenia hat Claudio Rudolf FRICS zum Leiter Real Estate Management berufen. Der Amtsantritt erfolgt zum 1. April 2021.\" \/>\n<meta property=\"og:url\" content=\"https:\/\/www.immobilienbusiness.ch\/it\/unternehmen\/2021-03-11\/implenia-claudio-rudolf-wird-leiter-real-estate-management\/\" \/>\n<meta property=\"og:site_name\" content=\"IMMOBILIEN Business\" \/>\n<meta property=\"article:publisher\" content=\"https:\/\/www.facebook.com\/immobilienbusiness\/\" \/>\n<meta property=\"article:published_time\" content=\"2021-03-11T09:31:47+00:00\" \/>\n<meta property=\"article:modified_time\" content=\"2023-08-09T17:32:20+00:00\" \/>\n<meta property=\"og:image\" content=\"https:\/\/www.immobilienbusiness.ch\/wp-content\/uploads\/2021\/03\/EY-Portraitbilder-2Y7A3427.jpg\" \/>\n\t<meta property=\"og:image:width\" content=\"1619\" \/>\n\t<meta property=\"og:image:height\" content=\"1079\" \/>\n\t<meta property=\"og:image:type\" content=\"image\/jpeg\" \/>\n<meta name=\"author\" content=\"anja.hall\" \/>\n<meta name=\"twitter:card\" content=\"summary_large_image\" \/>\n<meta name=\"twitter:image\" content=\"https:\/\/www.immobilienbusiness.ch\/wp-content\/uploads\/2021\/03\/EY-Portraitbilder-2Y7A3427.jpg\" \/>\n<script type=\"application\/ld+json\" class=\"yoast-schema-graph\">{\"@context\":\"https:\\\/\\\/schema.org\",\"@graph\":[{\"@type\":\"Article\",\"@id\":\"https:\\\/\\\/www.immobilienbusiness.ch\\\/de\\\/unternehmen\\\/2021-03-11\\\/implenia-claudio-rudolf-wird-leiter-real-estate-management\\\/#article\",\"isPartOf\":{\"@id\":\"https:\\\/\\\/www.immobilienbusiness.ch\\\/de\\\/unternehmen\\\/2021-03-11\\\/implenia-claudio-rudolf-wird-leiter-real-estate-management\\\/\"},\"author\":{\"name\":\"anja.hall\",\"@id\":\"https:\\\/\\\/www.immobilienbusiness.ch\\\/#\\\/schema\\\/person\\\/3fc036297b10b9f42d6db5ee932af8c8\"},\"headline\":\"Implenia: Claudio Rudolf wird Leiter Real Estate Management\",\"datePublished\":\"2021-03-11T09:31:47+00:00\",\"dateModified\":\"2023-08-09T17:32:20+00:00\",\"mainEntityOfPage\":{\"@id\":\"https:\\\/\\\/www.immobilienbusiness.ch\\\/de\\\/unternehmen\\\/2021-03-11\\\/implenia-claudio-rudolf-wird-leiter-real-estate-management\\\/\"},\"wordCount\":173,\"publisher\":{\"@id\":\"https:\\\/\\\/www.immobilienbusiness.ch\\\/#organization\"},\"image\":{\"@id\":\"https:\\\/\\\/www.immobilienbusiness.ch\\\/de\\\/unternehmen\\\/2021-03-11\\\/implenia-claudio-rudolf-wird-leiter-real-estate-management\\\/#primaryimage\"},\"thumbnailUrl\":\"https:\\\/\\\/www.immobilienbusiness.ch\\\/wp-content\\\/uploads\\\/2021\\\/03\\\/EY-Portraitbilder-2Y7A3427.jpg\",\"keywords\":[\"Implenia\",\"Personalia\"],\"articleSection\":[\"UNTERNEHMEN\"],\"inLanguage\":\"it-IT\"},{\"@type\":\"WebPage\",\"@id\":\"https:\\\/\\\/www.immobilienbusiness.ch\\\/de\\\/unternehmen\\\/2021-03-11\\\/implenia-claudio-rudolf-wird-leiter-real-estate-management\\\/\",\"url\":\"https:\\\/\\\/www.immobilienbusiness.ch\\\/de\\\/unternehmen\\\/2021-03-11\\\/implenia-claudio-rudolf-wird-leiter-real-estate-management\\\/\",\"name\":\"Implenia: Claudio Rudolf wird Leiter Real Estate Management - IMMOBILIEN Business\",\"isPartOf\":{\"@id\":\"https:\\\/\\\/www.immobilienbusiness.ch\\\/#website\"},\"primaryImageOfPage\":{\"@id\":\"https:\\\/\\\/www.immobilienbusiness.ch\\\/de\\\/unternehmen\\\/2021-03-11\\\/implenia-claudio-rudolf-wird-leiter-real-estate-management\\\/#primaryimage\"},\"image\":{\"@id\":\"https:\\\/\\\/www.immobilienbusiness.ch\\\/de\\\/unternehmen\\\/2021-03-11\\\/implenia-claudio-rudolf-wird-leiter-real-estate-management\\\/#primaryimage\"},\"thumbnailUrl\":\"https:\\\/\\\/www.immobilienbusiness.ch\\\/wp-content\\\/uploads\\\/2021\\\/03\\\/EY-Portraitbilder-2Y7A3427.jpg\",\"datePublished\":\"2021-03-11T09:31:47+00:00\",\"dateModified\":\"2023-08-09T17:32:20+00:00\",\"description\":\"Die Division Real Estate von Implenia hat Claudio Rudolf FRICS zum Leiter Real Estate Management berufen. Der Amtsantritt erfolgt zum 1. April 2021.\",\"breadcrumb\":{\"@id\":\"https:\\\/\\\/www.immobilienbusiness.ch\\\/de\\\/unternehmen\\\/2021-03-11\\\/implenia-claudio-rudolf-wird-leiter-real-estate-management\\\/#breadcrumb\"},\"inLanguage\":\"it-IT\",\"potentialAction\":[{\"@type\":\"ReadAction\",\"target\":[\"https:\\\/\\\/www.immobilienbusiness.ch\\\/de\\\/unternehmen\\\/2021-03-11\\\/implenia-claudio-rudolf-wird-leiter-real-estate-management\\\/\"]}]},{\"@type\":\"ImageObject\",\"inLanguage\":\"it-IT\",\"@id\":\"https:\\\/\\\/www.immobilienbusiness.ch\\\/de\\\/unternehmen\\\/2021-03-11\\\/implenia-claudio-rudolf-wird-leiter-real-estate-management\\\/#primaryimage\",\"url\":\"https:\\\/\\\/www.immobilienbusiness.ch\\\/wp-content\\\/uploads\\\/2021\\\/03\\\/EY-Portraitbilder-2Y7A3427.jpg\",\"contentUrl\":\"https:\\\/\\\/www.immobilienbusiness.ch\\\/wp-content\\\/uploads\\\/2021\\\/03\\\/EY-Portraitbilder-2Y7A3427.jpg\",\"width\":1619,\"height\":1079,\"caption\":\"Claudio Rudolf (Bild: zVg)\"},{\"@type\":\"BreadcrumbList\",\"@id\":\"https:\\\/\\\/www.immobilienbusiness.ch\\\/de\\\/unternehmen\\\/2021-03-11\\\/implenia-claudio-rudolf-wird-leiter-real-estate-management\\\/#breadcrumb\",\"itemListElement\":[{\"@type\":\"ListItem\",\"position\":1,\"name\":\"Home\",\"item\":\"https:\\\/\\\/www.immobilienbusiness.ch\\\/\"},{\"@type\":\"ListItem\",\"position\":2,\"name\":\"Implenia: Claudio Rudolf wird Leiter Real Estate Management\"}]},{\"@type\":\"WebSite\",\"@id\":\"https:\\\/\\\/www.immobilienbusiness.ch\\\/#website\",\"url\":\"https:\\\/\\\/www.immobilienbusiness.ch\\\/\",\"name\":\"IMMOBILIEN Business\",\"description\":\"Unabh\u00e4ngiges Schweizer Wirtschaftsmagazin mit Fokus auf Immobilien, Architektur- und Bau sowie Investment- und Finanzierung.\",\"publisher\":{\"@id\":\"https:\\\/\\\/www.immobilienbusiness.ch\\\/#organization\"},\"potentialAction\":[{\"@type\":\"SearchAction\",\"target\":{\"@type\":\"EntryPoint\",\"urlTemplate\":\"https:\\\/\\\/www.immobilienbusiness.ch\\\/?s={search_term_string}\"},\"query-input\":{\"@type\":\"PropertyValueSpecification\",\"valueRequired\":true,\"valueName\":\"search_term_string\"}}],\"inLanguage\":\"it-IT\"},{\"@type\":\"Organization\",\"@id\":\"https:\\\/\\\/www.immobilienbusiness.ch\\\/#organization\",\"name\":\"IMMOBILIEN Business\",\"url\":\"https:\\\/\\\/www.immobilienbusiness.ch\\\/\",\"logo\":{\"@type\":\"ImageObject\",\"inLanguage\":\"it-IT\",\"@id\":\"https:\\\/\\\/www.immobilienbusiness.ch\\\/#\\\/schema\\\/logo\\\/image\\\/\",\"url\":\"https:\\\/\\\/www.immobilienbusiness.ch\\\/wp-content\\\/uploads\\\/2021\\\/07\\\/logo_ib.png\",\"contentUrl\":\"https:\\\/\\\/www.immobilienbusiness.ch\\\/wp-content\\\/uploads\\\/2021\\\/07\\\/logo_ib.png\",\"width\":800,\"height\":181,\"caption\":\"IMMOBILIEN Business\"},\"image\":{\"@id\":\"https:\\\/\\\/www.immobilienbusiness.ch\\\/#\\\/schema\\\/logo\\\/image\\\/\"},\"sameAs\":[\"https:\\\/\\\/www.facebook.com\\\/immobilienbusiness\\\/\"]},{\"@type\":\"Person\",\"@id\":\"https:\\\/\\\/www.immobilienbusiness.ch\\\/#\\\/schema\\\/person\\\/3fc036297b10b9f42d6db5ee932af8c8\",\"name\":\"anja.hall\",\"image\":{\"@type\":\"ImageObject\",\"inLanguage\":\"it-IT\",\"@id\":\"https:\\\/\\\/secure.gravatar.com\\\/avatar\\\/066b5a0d447013502c71a5782f4f3469f03cfe595cc2329fb94652fe47511bfb?s=96&d=mm&r=g\",\"url\":\"https:\\\/\\\/secure.gravatar.com\\\/avatar\\\/066b5a0d447013502c71a5782f4f3469f03cfe595cc2329fb94652fe47511bfb?s=96&d=mm&r=g\",\"contentUrl\":\"https:\\\/\\\/secure.gravatar.com\\\/avatar\\\/066b5a0d447013502c71a5782f4f3469f03cfe595cc2329fb94652fe47511bfb?s=96&d=mm&r=g\",\"caption\":\"anja.hall\"},\"url\":\"https:\\\/\\\/www.immobilienbusiness.ch\\\/it\\\/author\\\/anja-hall\\\/\"}]}<\/script>\n<!-- \/ Yoast SEO plugin. -->","yoast_head_json":{"title":"Implenia: Claudio Rudolf wird Leiter Real Estate Management - IMMOBILIEN Business","description":"La divisione immobiliare di Implenia ha nominato Claudio Rudolf FRICS come responsabile della gestione immobiliare. Assumer\u00e0 il suo incarico il 1\u00b0 aprile 2021.","robots":{"index":"index","follow":"follow","max-snippet":"max-snippet:-1","max-image-preview":"max-image-preview:large","max-video-preview":"max-video-preview:-1"},"canonical":"https:\/\/www.immobilienbusiness.ch\/it\/unternehmen\/2021-03-11\/implenia-claudio-rudolf-wird-leiter-real-estate-management\/","og_locale":"it_IT","og_type":"article","og_title":"Implenia: Claudio Rudolf wird Leiter Real Estate Management - IMMOBILIEN Business","og_description":"Die Division Real Estate von Implenia hat Claudio Rudolf FRICS zum Leiter Real Estate Management berufen. Der Amtsantritt erfolgt zum 1. April 2021.","og_url":"https:\/\/www.immobilienbusiness.ch\/it\/unternehmen\/2021-03-11\/implenia-claudio-rudolf-wird-leiter-real-estate-management\/","og_site_name":"IMMOBILIEN Business","article_publisher":"https:\/\/www.facebook.com\/immobilienbusiness\/","article_published_time":"2021-03-11T09:31:47+00:00","article_modified_time":"2023-08-09T17:32:20+00:00","og_image":[{"width":1619,"height":1079,"url":"https:\/\/www.immobilienbusiness.ch\/wp-content\/uploads\/2021\/03\/EY-Portraitbilder-2Y7A3427.jpg","type":"image\/jpeg"}],"author":"anja.hall","twitter_card":"summary_large_image","twitter_image":"https:\/\/www.immobilienbusiness.ch\/wp-content\/uploads\/2021\/03\/EY-Portraitbilder-2Y7A3427.jpg","schema":{"@context":"https:\/\/schema.org","@graph":[{"@type":"Article","@id":"https:\/\/www.immobilienbusiness.ch\/de\/unternehmen\/2021-03-11\/implenia-claudio-rudolf-wird-leiter-real-estate-management\/#article","isPartOf":{"@id":"https:\/\/www.immobilienbusiness.ch\/de\/unternehmen\/2021-03-11\/implenia-claudio-rudolf-wird-leiter-real-estate-management\/"},"author":{"name":"anja.hall","@id":"https:\/\/www.immobilienbusiness.ch\/#\/schema\/person\/3fc036297b10b9f42d6db5ee932af8c8"},"headline":"Implenia: Claudio Rudolf wird Leiter Real Estate Management","datePublished":"2021-03-11T09:31:47+00:00","dateModified":"2023-08-09T17:32:20+00:00","mainEntityOfPage":{"@id":"https:\/\/www.immobilienbusiness.ch\/de\/unternehmen\/2021-03-11\/implenia-claudio-rudolf-wird-leiter-real-estate-management\/"},"wordCount":173,"publisher":{"@id":"https:\/\/www.immobilienbusiness.ch\/#organization"},"image":{"@id":"https:\/\/www.immobilienbusiness.ch\/de\/unternehmen\/2021-03-11\/implenia-claudio-rudolf-wird-leiter-real-estate-management\/#primaryimage"},"thumbnailUrl":"https:\/\/www.immobilienbusiness.ch\/wp-content\/uploads\/2021\/03\/EY-Portraitbilder-2Y7A3427.jpg","keywords":["Implenia","Personalia"],"articleSection":["UNTERNEHMEN"],"inLanguage":"it-IT"},{"@type":"WebPage","@id":"https:\/\/www.immobilienbusiness.ch\/de\/unternehmen\/2021-03-11\/implenia-claudio-rudolf-wird-leiter-real-estate-management\/","url":"https:\/\/www.immobilienbusiness.ch\/de\/unternehmen\/2021-03-11\/implenia-claudio-rudolf-wird-leiter-real-estate-management\/","name":"Implenia: Claudio Rudolf wird Leiter Real Estate Management - IMMOBILIEN Business","isPartOf":{"@id":"https:\/\/www.immobilienbusiness.ch\/#website"},"primaryImageOfPage":{"@id":"https:\/\/www.immobilienbusiness.ch\/de\/unternehmen\/2021-03-11\/implenia-claudio-rudolf-wird-leiter-real-estate-management\/#primaryimage"},"image":{"@id":"https:\/\/www.immobilienbusiness.ch\/de\/unternehmen\/2021-03-11\/implenia-claudio-rudolf-wird-leiter-real-estate-management\/#primaryimage"},"thumbnailUrl":"https:\/\/www.immobilienbusiness.ch\/wp-content\/uploads\/2021\/03\/EY-Portraitbilder-2Y7A3427.jpg","datePublished":"2021-03-11T09:31:47+00:00","dateModified":"2023-08-09T17:32:20+00:00","description":"La divisione immobiliare di Implenia ha nominato Claudio Rudolf FRICS come responsabile della gestione immobiliare. Assumer\u00e0 il suo incarico il 1\u00b0 aprile 2021.","breadcrumb":{"@id":"https:\/\/www.immobilienbusiness.ch\/de\/unternehmen\/2021-03-11\/implenia-claudio-rudolf-wird-leiter-real-estate-management\/#breadcrumb"},"inLanguage":"it-IT","potentialAction":[{"@type":"ReadAction","target":["https:\/\/www.immobilienbusiness.ch\/de\/unternehmen\/2021-03-11\/implenia-claudio-rudolf-wird-leiter-real-estate-management\/"]}]},{"@type":"ImageObject","inLanguage":"it-IT","@id":"https:\/\/www.immobilienbusiness.ch\/de\/unternehmen\/2021-03-11\/implenia-claudio-rudolf-wird-leiter-real-estate-management\/#primaryimage","url":"https:\/\/www.immobilienbusiness.ch\/wp-content\/uploads\/2021\/03\/EY-Portraitbilder-2Y7A3427.jpg","contentUrl":"https:\/\/www.immobilienbusiness.ch\/wp-content\/uploads\/2021\/03\/EY-Portraitbilder-2Y7A3427.jpg","width":1619,"height":1079,"caption":"Claudio Rudolf (Bild: zVg)"},{"@type":"BreadcrumbList","@id":"https:\/\/www.immobilienbusiness.ch\/de\/unternehmen\/2021-03-11\/implenia-claudio-rudolf-wird-leiter-real-estate-management\/#breadcrumb","itemListElement":[{"@type":"ListItem","position":1,"name":"Home","item":"https:\/\/www.immobilienbusiness.ch\/"},{"@type":"ListItem","position":2,"name":"Implenia: Claudio Rudolf wird Leiter Real Estate Management"}]},{"@type":"WebSite","@id":"https:\/\/www.immobilienbusiness.ch\/#website","url":"https:\/\/www.immobilienbusiness.ch\/","name":"Affari immobiliari","description":"Rivista economica indipendente svizzera che si concentra sul settore immobiliare, l'architettura e la costruzione, nonch\u00e9 sugli investimenti e i finanziamenti.","publisher":{"@id":"https:\/\/www.immobilienbusiness.ch\/#organization"},"potentialAction":[{"@type":"SearchAction","target":{"@type":"EntryPoint","urlTemplate":"https:\/\/www.immobilienbusiness.ch\/?s={search_term_string}"},"query-input":{"@type":"PropertyValueSpecification","valueRequired":true,"valueName":"search_term_string"}}],"inLanguage":"it-IT"},{"@type":"Organization","@id":"https:\/\/www.immobilienbusiness.ch\/#organization","name":"Affari immobiliari","url":"https:\/\/www.immobilienbusiness.ch\/","logo":{"@type":"ImageObject","inLanguage":"it-IT","@id":"https:\/\/www.immobilienbusiness.ch\/#\/schema\/logo\/image\/","url":"https:\/\/www.immobilienbusiness.ch\/wp-content\/uploads\/2021\/07\/logo_ib.png","contentUrl":"https:\/\/www.immobilienbusiness.ch\/wp-content\/uploads\/2021\/07\/logo_ib.png","width":800,"height":181,"caption":"IMMOBILIEN Business"},"image":{"@id":"https:\/\/www.immobilienbusiness.ch\/#\/schema\/logo\/image\/"},"sameAs":["https:\/\/www.facebook.com\/immobilienbusiness\/"]},{"@type":"Person","@id":"https:\/\/www.immobilienbusiness.ch\/#\/schema\/person\/3fc036297b10b9f42d6db5ee932af8c8","name":"anja.hall","image":{"@type":"ImageObject","inLanguage":"it-IT","@id":"https:\/\/secure.gravatar.com\/avatar\/066b5a0d447013502c71a5782f4f3469f03cfe595cc2329fb94652fe47511bfb?s=96&d=mm&r=g","url":"https:\/\/secure.gravatar.com\/avatar\/066b5a0d447013502c71a5782f4f3469f03cfe595cc2329fb94652fe47511bfb?s=96&d=mm&r=g","contentUrl":"https:\/\/secure.gravatar.com\/avatar\/066b5a0d447013502c71a5782f4f3469f03cfe595cc2329fb94652fe47511bfb?s=96&d=mm&r=g","caption":"anja.hall"},"url":"https:\/\/www.immobilienbusiness.ch\/it\/author\/anja-hall\/"}]}},"_links":{"self":[{"href":"https:\/\/www.immobilienbusiness.ch\/it\/wp-json\/wp\/v2\/posts\/23698","targetHints":{"allow":["GET"]}}],"collection":[{"href":"https:\/\/www.immobilienbusiness.ch\/it\/wp-json\/wp\/v2\/posts"}],"about":[{"href":"https:\/\/www.immobilienbusiness.ch\/it\/wp-json\/wp\/v2\/types\/post"}],"author":[{"embeddable":true,"href":"https:\/\/www.immobilienbusiness.ch\/it\/wp-json\/wp\/v2\/users\/3"}],"replies":[{"embeddable":true,"href":"https:\/\/www.immobilienbusiness.ch\/it\/wp-json\/wp\/v2\/comments?post=23698"}],"version-history":[{"count":1,"href":"https:\/\/www.immobilienbusiness.ch\/it\/wp-json\/wp\/v2\/posts\/23698\/revisions"}],"predecessor-version":[{"id":51719,"href":"https:\/\/www.immobilienbusiness.ch\/it\/wp-json\/wp\/v2\/posts\/23698\/revisions\/51719"}],"wp:featuredmedia":[{"embeddable":true,"href":"https:\/\/www.immobilienbusiness.ch\/it\/wp-json\/wp\/v2\/media\/23699"}],"wp:attachment":[{"href":"https:\/\/www.immobilienbusiness.ch\/it\/wp-json\/wp\/v2\/media?parent=23698"}],"wp:term":[{"taxonomy":"category","embeddable":true,"href":"https:\/\/www.immobilienbusiness.ch\/it\/wp-json\/wp\/v2\/categories?post=23698"},{"taxonomy":"post_tag","embeddable":true,"href":"https:\/\/www.immobilienbusiness.ch\/it\/wp-json\/wp\/v2\/tags?post=23698"}],"curies":[{"name":"wp","href":"https:\/\/api.w.org\/{rel}","templated":true}]}}