{"id":23602,"date":"2021-03-01T08:36:36","date_gmt":"2021-03-01T07:36:36","guid":{"rendered":"https:\/\/www.immobilienbusiness.ch\/?p=23602"},"modified":"2021-03-01T08:36:36","modified_gmt":"2021-03-01T07:36:36","slug":"zweite-emission-der-anlagegruppe-spa-living-europe","status":"publish","type":"post","link":"https:\/\/www.immobilienbusiness.ch\/it\/unternehmen\/2021-03-01\/zweite-emission-der-anlagegruppe-spa-living-europe\/","title":{"rendered":"Secondo numero del gruppo di investimento \"SPA Living+ Europe"},"content":{"rendered":"<figure id=\"attachment_15182\" aria-describedby=\"caption-attachment-15182\" style=\"width: 680px\" class=\"wp-caption alignnone\"><img loading=\"lazy\" decoding=\"async\" class=\"size-medium wp-image-15182\" src=\"https:\/\/www.immobilienbusiness.ch\/wp-content\/uploads\/2018\/12\/Depositphotos_80147336_m-2015.jpg\" alt=\"\" width=\"680\" height=\"454\" srcset=\"https:\/\/www.immobilienbusiness.ch\/wp-content\/uploads\/2018\/12\/Depositphotos_80147336_m-2015.jpg 999w, https:\/\/www.immobilienbusiness.ch\/wp-content\/uploads\/2018\/12\/Depositphotos_80147336_m-2015-300x200.jpg 300w, https:\/\/www.immobilienbusiness.ch\/wp-content\/uploads\/2018\/12\/Depositphotos_80147336_m-2015-768x513.jpg 768w, https:\/\/www.immobilienbusiness.ch\/wp-content\/uploads\/2018\/12\/Depositphotos_80147336_m-2015-16x12.jpg 16w, https:\/\/www.immobilienbusiness.ch\/wp-content\/uploads\/2018\/12\/Depositphotos_80147336_m-2015-262x175.jpg 262w, https:\/\/www.immobilienbusiness.ch\/wp-content\/uploads\/2018\/12\/Depositphotos_80147336_m-2015-524x350.jpg 524w, https:\/\/www.immobilienbusiness.ch\/wp-content\/uploads\/2018\/12\/Depositphotos_80147336_m-2015-920x614.jpg 920w\" sizes=\"auto, (max-width: 680px) 100vw, 680px\" \/><figcaption id=\"caption-attachment-15182\" class=\"wp-caption-text\">Seconda apertura del gruppo d'investimento SPA Living+ Europae (Immagine: stockasso - depositphotos)<\/figcaption><\/figure>\n<p>Il 1\u00b0 ottobre 2020 \u00e8 stato lanciato il nuovo gruppo d'investimento \"SPA Living+ Europe\", che investe in immobili europei con vari tipi di utilizzo residenziale. L'amministratore delegato e partner di emissione del gruppo d'investimento in Svizzera \u00e8 la Swiss Prime Site Solutions AG; Capital Bay \u00e8 stata incaricata della gestione patrimoniale nel mercato europeo. La prima emissione si \u00e8 conclusa con successo il 22 dicembre 2020 e l'afflusso di nuovi fondi dei clienti \u00e8 stato di 38,0 milioni di franchi. Il Consiglio di fondazione di Swiss Prime Investment Foundation ha deciso di aprire il gruppo d'investimento per un'altra emissione. Il periodo di sottoscrizione \u00e8 iniziato il 25 febbraio 2021 e termina il 9 aprile 2021.<\/p>\n<p>Con un portafoglio di residenze per anziani in Germania, il primo investimento sta per essere chiuso. Secondo la Swiss Prime Investment Foundation, il contratto dovrebbe essere firmato nelle prossime settimane. Il portafoglio consiste di otto strutture di pensionamento e cura a Berlino (2), Eberswalde, Cottbus, Dresda, Chemnitz, Gotha e Freudenstadt. Le strutture saranno gestite da due diversi specialisti. Il volume degli investimenti \u00e8 di circa 110 milioni di franchi svizzeri. L'obiettivo del rendimento netto da locazione \u00e8 stimato intorno al 4,7 per cento.<\/p>\n<p>L'ulteriore pipeline di transazioni comprende attualmente propriet\u00e0 per un valore di oltre 300 milioni di franchi, continua il comunicato. <em>(bw)<\/em><\/p>","protected":false},"excerpt":{"rendered":"<p>Il Consiglio di fondazione di Swiss Prime Investment Foundation ha deciso di aprire il gruppo d'investimento \"SPA Living+ Europe\" per un'ulteriore emissione.<\/p>","protected":false},"author":3,"featured_media":15182,"comment_status":"closed","ping_status":"open","sticky":false,"template":"","format":"standard","meta":{"_acf_changed":false,"_yoast_wpseo_focuskw":"SPA Living","_yoast_wpseo_title":"","_yoast_wpseo_metadesc":"Der Stiftungsrat der Swiss Prime Anlagestiftung hat beschlossen, die Anlagegruppe \u00abSPA Living+ Europe\u00bb f\u00fcr eine weitere Emission zu \u00f6ffnen.","_yoast_wpseo_linkdex":51,"pgc_sgb_lightbox_settings":"","footnotes":""},"categories":[988],"tags":[1028,1759],"class_list":["post-23602","post","type-post","status-publish","format-standard","has-post-thumbnail","hentry","category-unternehmen","tag-anlagegruppe","tag-swiss-prime-anlagestiftung"],"acf":[],"yoast_head":"<!-- This site is optimized with the Yoast SEO plugin v27.4 - https:\/\/yoast.com\/product\/yoast-seo-wordpress\/ -->\n<title>Zweite Emission der Anlagegruppe \u00abSPA Living+ Europe\u00bb - IMMOBILIEN Business<\/title>\n<meta name=\"description\" content=\"Der Stiftungsrat der Swiss Prime Anlagestiftung hat beschlossen, die Anlagegruppe \u00abSPA Living+ Europe\u00bb f\u00fcr eine weitere Emission zu \u00f6ffnen.\" \/>\n<meta name=\"robots\" content=\"index, follow, max-snippet:-1, max-image-preview:large, max-video-preview:-1\" \/>\n<link rel=\"canonical\" href=\"https:\/\/www.immobilienbusiness.ch\/it\/unternehmen\/2021-03-01\/zweite-emission-der-anlagegruppe-spa-living-europe\/\" \/>\n<meta property=\"og:locale\" content=\"it_IT\" \/>\n<meta property=\"og:type\" content=\"article\" \/>\n<meta property=\"og:title\" content=\"Zweite Emission der Anlagegruppe \u00abSPA Living+ Europe\u00bb - IMMOBILIEN Business\" \/>\n<meta property=\"og:description\" content=\"Der Stiftungsrat der Swiss Prime Anlagestiftung hat beschlossen, die Anlagegruppe \u00abSPA Living+ Europe\u00bb f\u00fcr eine weitere Emission zu \u00f6ffnen.\" \/>\n<meta property=\"og:url\" content=\"https:\/\/www.immobilienbusiness.ch\/it\/unternehmen\/2021-03-01\/zweite-emission-der-anlagegruppe-spa-living-europe\/\" \/>\n<meta property=\"og:site_name\" content=\"IMMOBILIEN Business\" \/>\n<meta property=\"article:publisher\" content=\"https:\/\/www.facebook.com\/immobilienbusiness\/\" \/>\n<meta property=\"article:published_time\" content=\"2021-03-01T07:36:36+00:00\" \/>\n<meta property=\"og:image\" content=\"https:\/\/www.immobilienbusiness.ch\/wp-content\/uploads\/2018\/12\/Depositphotos_80147336_m-2015.jpg\" \/>\n\t<meta property=\"og:image:width\" content=\"999\" \/>\n\t<meta property=\"og:image:height\" content=\"667\" \/>\n\t<meta property=\"og:image:type\" content=\"image\/jpeg\" \/>\n<meta name=\"author\" content=\"anja.hall\" \/>\n<meta name=\"twitter:card\" content=\"summary_large_image\" \/>\n<meta name=\"twitter:image\" content=\"https:\/\/www.immobilienbusiness.ch\/wp-content\/uploads\/2018\/12\/Depositphotos_80147336_m-2015.jpg\" \/>\n<script type=\"application\/ld+json\" class=\"yoast-schema-graph\">{\"@context\":\"https:\\\/\\\/schema.org\",\"@graph\":[{\"@type\":\"Article\",\"@id\":\"https:\\\/\\\/www.immobilienbusiness.ch\\\/unternehmen\\\/2021-03-01\\\/zweite-emission-der-anlagegruppe-spa-living-europe\\\/#article\",\"isPartOf\":{\"@id\":\"https:\\\/\\\/www.immobilienbusiness.ch\\\/unternehmen\\\/2021-03-01\\\/zweite-emission-der-anlagegruppe-spa-living-europe\\\/\"},\"author\":{\"name\":\"anja.hall\",\"@id\":\"https:\\\/\\\/www.immobilienbusiness.ch\\\/#\\\/schema\\\/person\\\/3fc036297b10b9f42d6db5ee932af8c8\"},\"headline\":\"Zweite Emission der Anlagegruppe \u00abSPA Living+ Europe\u00bb\",\"datePublished\":\"2021-03-01T07:36:36+00:00\",\"mainEntityOfPage\":{\"@id\":\"https:\\\/\\\/www.immobilienbusiness.ch\\\/unternehmen\\\/2021-03-01\\\/zweite-emission-der-anlagegruppe-spa-living-europe\\\/\"},\"wordCount\":199,\"publisher\":{\"@id\":\"https:\\\/\\\/www.immobilienbusiness.ch\\\/#organization\"},\"image\":{\"@id\":\"https:\\\/\\\/www.immobilienbusiness.ch\\\/unternehmen\\\/2021-03-01\\\/zweite-emission-der-anlagegruppe-spa-living-europe\\\/#primaryimage\"},\"thumbnailUrl\":\"https:\\\/\\\/www.immobilienbusiness.ch\\\/wp-content\\\/uploads\\\/2018\\\/12\\\/Depositphotos_80147336_m-2015.jpg\",\"keywords\":[\"Anlagegruppe\",\"Swiss Prime Anlagestiftung\"],\"articleSection\":[\"UNTERNEHMEN\"],\"inLanguage\":\"it-IT\"},{\"@type\":\"WebPage\",\"@id\":\"https:\\\/\\\/www.immobilienbusiness.ch\\\/unternehmen\\\/2021-03-01\\\/zweite-emission-der-anlagegruppe-spa-living-europe\\\/\",\"url\":\"https:\\\/\\\/www.immobilienbusiness.ch\\\/unternehmen\\\/2021-03-01\\\/zweite-emission-der-anlagegruppe-spa-living-europe\\\/\",\"name\":\"Zweite Emission der Anlagegruppe \u00abSPA Living+ Europe\u00bb - IMMOBILIEN Business\",\"isPartOf\":{\"@id\":\"https:\\\/\\\/www.immobilienbusiness.ch\\\/#website\"},\"primaryImageOfPage\":{\"@id\":\"https:\\\/\\\/www.immobilienbusiness.ch\\\/unternehmen\\\/2021-03-01\\\/zweite-emission-der-anlagegruppe-spa-living-europe\\\/#primaryimage\"},\"image\":{\"@id\":\"https:\\\/\\\/www.immobilienbusiness.ch\\\/unternehmen\\\/2021-03-01\\\/zweite-emission-der-anlagegruppe-spa-living-europe\\\/#primaryimage\"},\"thumbnailUrl\":\"https:\\\/\\\/www.immobilienbusiness.ch\\\/wp-content\\\/uploads\\\/2018\\\/12\\\/Depositphotos_80147336_m-2015.jpg\",\"datePublished\":\"2021-03-01T07:36:36+00:00\",\"description\":\"Der Stiftungsrat der Swiss Prime Anlagestiftung hat beschlossen, die Anlagegruppe \u00abSPA Living+ Europe\u00bb f\u00fcr eine weitere Emission zu \u00f6ffnen.\",\"breadcrumb\":{\"@id\":\"https:\\\/\\\/www.immobilienbusiness.ch\\\/unternehmen\\\/2021-03-01\\\/zweite-emission-der-anlagegruppe-spa-living-europe\\\/#breadcrumb\"},\"inLanguage\":\"it-IT\",\"potentialAction\":[{\"@type\":\"ReadAction\",\"target\":[\"https:\\\/\\\/www.immobilienbusiness.ch\\\/unternehmen\\\/2021-03-01\\\/zweite-emission-der-anlagegruppe-spa-living-europe\\\/\"]}]},{\"@type\":\"ImageObject\",\"inLanguage\":\"it-IT\",\"@id\":\"https:\\\/\\\/www.immobilienbusiness.ch\\\/unternehmen\\\/2021-03-01\\\/zweite-emission-der-anlagegruppe-spa-living-europe\\\/#primaryimage\",\"url\":\"https:\\\/\\\/www.immobilienbusiness.ch\\\/wp-content\\\/uploads\\\/2018\\\/12\\\/Depositphotos_80147336_m-2015.jpg\",\"contentUrl\":\"https:\\\/\\\/www.immobilienbusiness.ch\\\/wp-content\\\/uploads\\\/2018\\\/12\\\/Depositphotos_80147336_m-2015.jpg\",\"width\":999,\"height\":667,\"caption\":\"(Bild: stockasso - depositphotos)\"},{\"@type\":\"BreadcrumbList\",\"@id\":\"https:\\\/\\\/www.immobilienbusiness.ch\\\/unternehmen\\\/2021-03-01\\\/zweite-emission-der-anlagegruppe-spa-living-europe\\\/#breadcrumb\",\"itemListElement\":[{\"@type\":\"ListItem\",\"position\":1,\"name\":\"Home\",\"item\":\"https:\\\/\\\/www.immobilienbusiness.ch\\\/\"},{\"@type\":\"ListItem\",\"position\":2,\"name\":\"Zweite Emission der Anlagegruppe \u00abSPA Living+ Europe\u00bb\"}]},{\"@type\":\"WebSite\",\"@id\":\"https:\\\/\\\/www.immobilienbusiness.ch\\\/#website\",\"url\":\"https:\\\/\\\/www.immobilienbusiness.ch\\\/\",\"name\":\"IMMOBILIEN Business\",\"description\":\"Unabh\u00e4ngiges Schweizer Wirtschaftsmagazin mit Fokus auf Immobilien, Architektur- und Bau sowie Investment- und Finanzierung.\",\"publisher\":{\"@id\":\"https:\\\/\\\/www.immobilienbusiness.ch\\\/#organization\"},\"potentialAction\":[{\"@type\":\"SearchAction\",\"target\":{\"@type\":\"EntryPoint\",\"urlTemplate\":\"https:\\\/\\\/www.immobilienbusiness.ch\\\/?s={search_term_string}\"},\"query-input\":{\"@type\":\"PropertyValueSpecification\",\"valueRequired\":true,\"valueName\":\"search_term_string\"}}],\"inLanguage\":\"it-IT\"},{\"@type\":\"Organization\",\"@id\":\"https:\\\/\\\/www.immobilienbusiness.ch\\\/#organization\",\"name\":\"IMMOBILIEN Business\",\"url\":\"https:\\\/\\\/www.immobilienbusiness.ch\\\/\",\"logo\":{\"@type\":\"ImageObject\",\"inLanguage\":\"it-IT\",\"@id\":\"https:\\\/\\\/www.immobilienbusiness.ch\\\/#\\\/schema\\\/logo\\\/image\\\/\",\"url\":\"https:\\\/\\\/www.immobilienbusiness.ch\\\/wp-content\\\/uploads\\\/2021\\\/07\\\/logo_ib.png\",\"contentUrl\":\"https:\\\/\\\/www.immobilienbusiness.ch\\\/wp-content\\\/uploads\\\/2021\\\/07\\\/logo_ib.png\",\"width\":800,\"height\":181,\"caption\":\"IMMOBILIEN Business\"},\"image\":{\"@id\":\"https:\\\/\\\/www.immobilienbusiness.ch\\\/#\\\/schema\\\/logo\\\/image\\\/\"},\"sameAs\":[\"https:\\\/\\\/www.facebook.com\\\/immobilienbusiness\\\/\"]},{\"@type\":\"Person\",\"@id\":\"https:\\\/\\\/www.immobilienbusiness.ch\\\/#\\\/schema\\\/person\\\/3fc036297b10b9f42d6db5ee932af8c8\",\"name\":\"anja.hall\",\"image\":{\"@type\":\"ImageObject\",\"inLanguage\":\"it-IT\",\"@id\":\"https:\\\/\\\/secure.gravatar.com\\\/avatar\\\/066b5a0d447013502c71a5782f4f3469f03cfe595cc2329fb94652fe47511bfb?s=96&d=mm&r=g\",\"url\":\"https:\\\/\\\/secure.gravatar.com\\\/avatar\\\/066b5a0d447013502c71a5782f4f3469f03cfe595cc2329fb94652fe47511bfb?s=96&d=mm&r=g\",\"contentUrl\":\"https:\\\/\\\/secure.gravatar.com\\\/avatar\\\/066b5a0d447013502c71a5782f4f3469f03cfe595cc2329fb94652fe47511bfb?s=96&d=mm&r=g\",\"caption\":\"anja.hall\"},\"url\":\"https:\\\/\\\/www.immobilienbusiness.ch\\\/it\\\/author\\\/anja-hall\\\/\"}]}<\/script>\n<!-- \/ Yoast SEO plugin. -->","yoast_head_json":{"title":"Zweite Emission der Anlagegruppe \u00abSPA Living+ Europe\u00bb - IMMOBILIEN Business","description":"Il Consiglio di fondazione di Swiss Prime Investment Foundation ha deciso di aprire il gruppo d'investimento \"SPA Living+ Europe\" per un'ulteriore emissione.","robots":{"index":"index","follow":"follow","max-snippet":"max-snippet:-1","max-image-preview":"max-image-preview:large","max-video-preview":"max-video-preview:-1"},"canonical":"https:\/\/www.immobilienbusiness.ch\/it\/unternehmen\/2021-03-01\/zweite-emission-der-anlagegruppe-spa-living-europe\/","og_locale":"it_IT","og_type":"article","og_title":"Zweite Emission der Anlagegruppe \u00abSPA Living+ Europe\u00bb - IMMOBILIEN Business","og_description":"Der Stiftungsrat der Swiss Prime Anlagestiftung hat beschlossen, die Anlagegruppe \u00abSPA Living+ Europe\u00bb f\u00fcr eine weitere Emission zu \u00f6ffnen.","og_url":"https:\/\/www.immobilienbusiness.ch\/it\/unternehmen\/2021-03-01\/zweite-emission-der-anlagegruppe-spa-living-europe\/","og_site_name":"IMMOBILIEN Business","article_publisher":"https:\/\/www.facebook.com\/immobilienbusiness\/","article_published_time":"2021-03-01T07:36:36+00:00","og_image":[{"width":999,"height":667,"url":"https:\/\/www.immobilienbusiness.ch\/wp-content\/uploads\/2018\/12\/Depositphotos_80147336_m-2015.jpg","type":"image\/jpeg"}],"author":"anja.hall","twitter_card":"summary_large_image","twitter_image":"https:\/\/www.immobilienbusiness.ch\/wp-content\/uploads\/2018\/12\/Depositphotos_80147336_m-2015.jpg","schema":{"@context":"https:\/\/schema.org","@graph":[{"@type":"Article","@id":"https:\/\/www.immobilienbusiness.ch\/unternehmen\/2021-03-01\/zweite-emission-der-anlagegruppe-spa-living-europe\/#article","isPartOf":{"@id":"https:\/\/www.immobilienbusiness.ch\/unternehmen\/2021-03-01\/zweite-emission-der-anlagegruppe-spa-living-europe\/"},"author":{"name":"anja.hall","@id":"https:\/\/www.immobilienbusiness.ch\/#\/schema\/person\/3fc036297b10b9f42d6db5ee932af8c8"},"headline":"Zweite Emission der Anlagegruppe \u00abSPA Living+ Europe\u00bb","datePublished":"2021-03-01T07:36:36+00:00","mainEntityOfPage":{"@id":"https:\/\/www.immobilienbusiness.ch\/unternehmen\/2021-03-01\/zweite-emission-der-anlagegruppe-spa-living-europe\/"},"wordCount":199,"publisher":{"@id":"https:\/\/www.immobilienbusiness.ch\/#organization"},"image":{"@id":"https:\/\/www.immobilienbusiness.ch\/unternehmen\/2021-03-01\/zweite-emission-der-anlagegruppe-spa-living-europe\/#primaryimage"},"thumbnailUrl":"https:\/\/www.immobilienbusiness.ch\/wp-content\/uploads\/2018\/12\/Depositphotos_80147336_m-2015.jpg","keywords":["Anlagegruppe","Swiss Prime Anlagestiftung"],"articleSection":["UNTERNEHMEN"],"inLanguage":"it-IT"},{"@type":"WebPage","@id":"https:\/\/www.immobilienbusiness.ch\/unternehmen\/2021-03-01\/zweite-emission-der-anlagegruppe-spa-living-europe\/","url":"https:\/\/www.immobilienbusiness.ch\/unternehmen\/2021-03-01\/zweite-emission-der-anlagegruppe-spa-living-europe\/","name":"Zweite Emission der Anlagegruppe \u00abSPA Living+ Europe\u00bb - IMMOBILIEN Business","isPartOf":{"@id":"https:\/\/www.immobilienbusiness.ch\/#website"},"primaryImageOfPage":{"@id":"https:\/\/www.immobilienbusiness.ch\/unternehmen\/2021-03-01\/zweite-emission-der-anlagegruppe-spa-living-europe\/#primaryimage"},"image":{"@id":"https:\/\/www.immobilienbusiness.ch\/unternehmen\/2021-03-01\/zweite-emission-der-anlagegruppe-spa-living-europe\/#primaryimage"},"thumbnailUrl":"https:\/\/www.immobilienbusiness.ch\/wp-content\/uploads\/2018\/12\/Depositphotos_80147336_m-2015.jpg","datePublished":"2021-03-01T07:36:36+00:00","description":"Il Consiglio di fondazione di Swiss Prime Investment Foundation ha deciso di aprire il gruppo d'investimento \"SPA Living+ Europe\" per un'ulteriore emissione.","breadcrumb":{"@id":"https:\/\/www.immobilienbusiness.ch\/unternehmen\/2021-03-01\/zweite-emission-der-anlagegruppe-spa-living-europe\/#breadcrumb"},"inLanguage":"it-IT","potentialAction":[{"@type":"ReadAction","target":["https:\/\/www.immobilienbusiness.ch\/unternehmen\/2021-03-01\/zweite-emission-der-anlagegruppe-spa-living-europe\/"]}]},{"@type":"ImageObject","inLanguage":"it-IT","@id":"https:\/\/www.immobilienbusiness.ch\/unternehmen\/2021-03-01\/zweite-emission-der-anlagegruppe-spa-living-europe\/#primaryimage","url":"https:\/\/www.immobilienbusiness.ch\/wp-content\/uploads\/2018\/12\/Depositphotos_80147336_m-2015.jpg","contentUrl":"https:\/\/www.immobilienbusiness.ch\/wp-content\/uploads\/2018\/12\/Depositphotos_80147336_m-2015.jpg","width":999,"height":667,"caption":"(Bild: stockasso - depositphotos)"},{"@type":"BreadcrumbList","@id":"https:\/\/www.immobilienbusiness.ch\/unternehmen\/2021-03-01\/zweite-emission-der-anlagegruppe-spa-living-europe\/#breadcrumb","itemListElement":[{"@type":"ListItem","position":1,"name":"Home","item":"https:\/\/www.immobilienbusiness.ch\/"},{"@type":"ListItem","position":2,"name":"Zweite Emission der Anlagegruppe \u00abSPA Living+ Europe\u00bb"}]},{"@type":"WebSite","@id":"https:\/\/www.immobilienbusiness.ch\/#website","url":"https:\/\/www.immobilienbusiness.ch\/","name":"Affari immobiliari","description":"Rivista economica indipendente svizzera che si concentra sul settore immobiliare, l'architettura e la costruzione, nonch\u00e9 sugli investimenti e i finanziamenti.","publisher":{"@id":"https:\/\/www.immobilienbusiness.ch\/#organization"},"potentialAction":[{"@type":"SearchAction","target":{"@type":"EntryPoint","urlTemplate":"https:\/\/www.immobilienbusiness.ch\/?s={search_term_string}"},"query-input":{"@type":"PropertyValueSpecification","valueRequired":true,"valueName":"search_term_string"}}],"inLanguage":"it-IT"},{"@type":"Organization","@id":"https:\/\/www.immobilienbusiness.ch\/#organization","name":"Affari immobiliari","url":"https:\/\/www.immobilienbusiness.ch\/","logo":{"@type":"ImageObject","inLanguage":"it-IT","@id":"https:\/\/www.immobilienbusiness.ch\/#\/schema\/logo\/image\/","url":"https:\/\/www.immobilienbusiness.ch\/wp-content\/uploads\/2021\/07\/logo_ib.png","contentUrl":"https:\/\/www.immobilienbusiness.ch\/wp-content\/uploads\/2021\/07\/logo_ib.png","width":800,"height":181,"caption":"IMMOBILIEN Business"},"image":{"@id":"https:\/\/www.immobilienbusiness.ch\/#\/schema\/logo\/image\/"},"sameAs":["https:\/\/www.facebook.com\/immobilienbusiness\/"]},{"@type":"Person","@id":"https:\/\/www.immobilienbusiness.ch\/#\/schema\/person\/3fc036297b10b9f42d6db5ee932af8c8","name":"anja.hall","image":{"@type":"ImageObject","inLanguage":"it-IT","@id":"https:\/\/secure.gravatar.com\/avatar\/066b5a0d447013502c71a5782f4f3469f03cfe595cc2329fb94652fe47511bfb?s=96&d=mm&r=g","url":"https:\/\/secure.gravatar.com\/avatar\/066b5a0d447013502c71a5782f4f3469f03cfe595cc2329fb94652fe47511bfb?s=96&d=mm&r=g","contentUrl":"https:\/\/secure.gravatar.com\/avatar\/066b5a0d447013502c71a5782f4f3469f03cfe595cc2329fb94652fe47511bfb?s=96&d=mm&r=g","caption":"anja.hall"},"url":"https:\/\/www.immobilienbusiness.ch\/it\/author\/anja-hall\/"}]}},"_links":{"self":[{"href":"https:\/\/www.immobilienbusiness.ch\/it\/wp-json\/wp\/v2\/posts\/23602","targetHints":{"allow":["GET"]}}],"collection":[{"href":"https:\/\/www.immobilienbusiness.ch\/it\/wp-json\/wp\/v2\/posts"}],"about":[{"href":"https:\/\/www.immobilienbusiness.ch\/it\/wp-json\/wp\/v2\/types\/post"}],"author":[{"embeddable":true,"href":"https:\/\/www.immobilienbusiness.ch\/it\/wp-json\/wp\/v2\/users\/3"}],"replies":[{"embeddable":true,"href":"https:\/\/www.immobilienbusiness.ch\/it\/wp-json\/wp\/v2\/comments?post=23602"}],"version-history":[{"count":0,"href":"https:\/\/www.immobilienbusiness.ch\/it\/wp-json\/wp\/v2\/posts\/23602\/revisions"}],"wp:featuredmedia":[{"embeddable":true,"href":"https:\/\/www.immobilienbusiness.ch\/it\/wp-json\/wp\/v2\/media\/15182"}],"wp:attachment":[{"href":"https:\/\/www.immobilienbusiness.ch\/it\/wp-json\/wp\/v2\/media?parent=23602"}],"wp:term":[{"taxonomy":"category","embeddable":true,"href":"https:\/\/www.immobilienbusiness.ch\/it\/wp-json\/wp\/v2\/categories?post=23602"},{"taxonomy":"post_tag","embeddable":true,"href":"https:\/\/www.immobilienbusiness.ch\/it\/wp-json\/wp\/v2\/tags?post=23602"}],"curies":[{"name":"wp","href":"https:\/\/api.w.org\/{rel}","templated":true}]}}