{"id":23479,"date":"2021-02-15T07:58:30","date_gmt":"2021-02-15T06:58:30","guid":{"rendered":"https:\/\/www.immobilienbusiness.ch\/?p=23479"},"modified":"2021-02-15T07:58:30","modified_gmt":"2021-02-15T06:58:30","slug":"fundamenta-investiert-in-leipzig","status":"publish","type":"post","link":"https:\/\/www.immobilienbusiness.ch\/it\/unternehmen\/2021-02-15\/fundamenta-investiert-in-leipzig\/","title":{"rendered":"Fundamenta investe a Lipsia"},"content":{"rendered":"<figure id=\"attachment_23480\" aria-describedby=\"caption-attachment-23480\" style=\"width: 680px\" class=\"wp-caption alignnone\"><img loading=\"lazy\" decoding=\"async\" class=\"size-medium wp-image-23480\" src=\"https:\/\/www.immobilienbusiness.ch\/wp-content\/uploads\/2021\/02\/Leipzig_von_oben_Blick_gen_Sueden_Presse.jpg\" alt=\"\" width=\"680\" height=\"453\" srcset=\"https:\/\/www.immobilienbusiness.ch\/wp-content\/uploads\/2021\/02\/Leipzig_von_oben_Blick_gen_Sueden_Presse.jpg 2560w, https:\/\/www.immobilienbusiness.ch\/wp-content\/uploads\/2021\/02\/Leipzig_von_oben_Blick_gen_Sueden_Presse-300x200.jpg 300w, https:\/\/www.immobilienbusiness.ch\/wp-content\/uploads\/2021\/02\/Leipzig_von_oben_Blick_gen_Sueden_Presse-1024x683.jpg 1024w, https:\/\/www.immobilienbusiness.ch\/wp-content\/uploads\/2021\/02\/Leipzig_von_oben_Blick_gen_Sueden_Presse-768x512.jpg 768w, https:\/\/www.immobilienbusiness.ch\/wp-content\/uploads\/2021\/02\/Leipzig_von_oben_Blick_gen_Sueden_Presse-1536x1024.jpg 1536w, https:\/\/www.immobilienbusiness.ch\/wp-content\/uploads\/2021\/02\/Leipzig_von_oben_Blick_gen_Sueden_Presse-2048x1365.jpg 2048w, https:\/\/www.immobilienbusiness.ch\/wp-content\/uploads\/2021\/02\/Leipzig_von_oben_Blick_gen_Sueden_Presse-16x12.jpg 16w, https:\/\/www.immobilienbusiness.ch\/wp-content\/uploads\/2021\/02\/Leipzig_von_oben_Blick_gen_Sueden_Presse-263x175.jpg 263w, https:\/\/www.immobilienbusiness.ch\/wp-content\/uploads\/2021\/02\/Leipzig_von_oben_Blick_gen_Sueden_Presse-525x350.jpg 525w, https:\/\/www.immobilienbusiness.ch\/wp-content\/uploads\/2021\/02\/Leipzig_von_oben_Blick_gen_Sueden_Presse-1200x800.jpg 1200w, https:\/\/www.immobilienbusiness.ch\/wp-content\/uploads\/2021\/02\/Leipzig_von_oben_Blick_gen_Sueden_Presse-920x613.jpg 920w, https:\/\/www.immobilienbusiness.ch\/wp-content\/uploads\/2021\/02\/Leipzig_von_oben_Blick_gen_Sueden_Presse-1400x933.jpg 1400w\" sizes=\"auto, (max-width: 680px) 100vw, 680px\" \/><figcaption id=\"caption-attachment-23480\" class=\"wp-caption-text\">Vista dalla torre del Nuovo Municipio (\u00a9 Citt\u00e0 di Lipsia)<\/figcaption><\/figure>\n<p>Il progetto residenziale Becker\u00b3 si trova nella zona ovest di Lipsia. Lo sviluppatore del progetto, AOC Immobilien AG, costruir\u00e0 il complesso residenziale in tre parti, con un totale di 100 unit\u00e0 abitative su una superficie affittabile di circa 7.700 metri quadrati, oltre a 53 posti auto sotterranei e sei posti auto esterni, a partire dal primo trimestre del 2021. Il completamento \u00e8 previsto per il quarto trimestre del 2022. Secondo quanto riferito, il quartiere sar\u00e0 consegnato chiavi in mano e dotato di cucine di alta qualit\u00e0.<\/p>\n<p>Il fondo immobiliare FG Wohninvest Deutschland di Fundamenta Group Deutschland ha acquistato il progetto nell'ambito di un'operazione a termine. \"Il progetto Becker\u00b3, nel cuore del quartiere emergente di Neulindenau, \u00e8 una risposta alla domanda ancora enorme di spazi residenziali moderni nella pi\u00f9 grande citt\u00e0 della Germania orientale\", afferma Christian Paul, amministratore delegato di Fundamenta Group Deutschland.<\/p>\n<p>Le parti non hanno fornito informazioni sul prezzo di acquisto. <em>(ah)<\/em><\/p>","protected":false},"excerpt":{"rendered":"<p>Il Gruppo Fundamenta ha acquisito un progetto residenziale a Lipsia per il suo fondo FG Wohninvest. L'inizio della costruzione \u00e8 previsto per il primo trimestre.<\/p>","protected":false},"author":3,"featured_media":23480,"comment_status":"closed","ping_status":"open","sticky":false,"template":"","format":"standard","meta":{"_acf_changed":false,"_yoast_wpseo_focuskw":"Fundamenta","_yoast_wpseo_title":"","_yoast_wpseo_metadesc":"Die Fundamenta Group hat f\u00fcr ihren Fonds FG Wohninvest ein Wohnprojekt in Leipzig erworben. Der Bau soll noch im ersten Quartal beginnen.","_yoast_wpseo_linkdex":48,"pgc_sgb_lightbox_settings":"","footnotes":""},"categories":[988],"tags":[1166,1344,1601,1863],"class_list":["post-23479","post","type-post","status-publish","format-standard","has-post-thumbnail","hentry","category-unternehmen","tag-deutschland","tag-immobilienfonds","tag-projektentwicklung","tag-wohnimmobilien"],"acf":[],"yoast_head":"<!-- This site is optimized with the Yoast SEO plugin v27.4 - https:\/\/yoast.com\/product\/yoast-seo-wordpress\/ -->\n<title>Fundamenta investiert in Leipzig - IMMOBILIEN Business<\/title>\n<meta name=\"description\" content=\"Die Fundamenta Group hat f\u00fcr ihren Fonds FG Wohninvest ein Wohnprojekt in Leipzig erworben. Der Bau soll noch im ersten Quartal beginnen.\" \/>\n<meta name=\"robots\" content=\"index, follow, max-snippet:-1, max-image-preview:large, max-video-preview:-1\" \/>\n<link rel=\"canonical\" href=\"https:\/\/www.immobilienbusiness.ch\/it\/unternehmen\/2021-02-15\/fundamenta-investiert-in-leipzig\/\" \/>\n<meta property=\"og:locale\" content=\"it_IT\" \/>\n<meta property=\"og:type\" content=\"article\" \/>\n<meta property=\"og:title\" content=\"Fundamenta investiert in Leipzig - IMMOBILIEN Business\" \/>\n<meta property=\"og:description\" content=\"Die Fundamenta Group hat f\u00fcr ihren Fonds FG Wohninvest ein Wohnprojekt in Leipzig erworben. Der Bau soll noch im ersten Quartal beginnen.\" \/>\n<meta property=\"og:url\" content=\"https:\/\/www.immobilienbusiness.ch\/it\/unternehmen\/2021-02-15\/fundamenta-investiert-in-leipzig\/\" \/>\n<meta property=\"og:site_name\" content=\"IMMOBILIEN Business\" \/>\n<meta property=\"article:publisher\" content=\"https:\/\/www.facebook.com\/immobilienbusiness\/\" \/>\n<meta property=\"article:published_time\" content=\"2021-02-15T06:58:30+00:00\" \/>\n<meta property=\"og:image\" content=\"https:\/\/www.immobilienbusiness.ch\/wp-content\/uploads\/2021\/02\/Leipzig_von_oben_Blick_gen_Sueden_Presse.jpg\" \/>\n\t<meta property=\"og:image:width\" content=\"2560\" \/>\n\t<meta property=\"og:image:height\" content=\"1706\" \/>\n\t<meta property=\"og:image:type\" content=\"image\/jpeg\" \/>\n<meta name=\"author\" content=\"anja.hall\" \/>\n<meta name=\"twitter:card\" content=\"summary_large_image\" \/>\n<meta name=\"twitter:image\" content=\"https:\/\/www.immobilienbusiness.ch\/wp-content\/uploads\/2021\/02\/Leipzig_von_oben_Blick_gen_Sueden_Presse.jpg\" \/>\n<script type=\"application\/ld+json\" class=\"yoast-schema-graph\">{\"@context\":\"https:\\\/\\\/schema.org\",\"@graph\":[{\"@type\":\"Article\",\"@id\":\"https:\\\/\\\/www.immobilienbusiness.ch\\\/en\\\/unternehmen\\\/2021-02-15\\\/fundamenta-investiert-in-leipzig\\\/#article\",\"isPartOf\":{\"@id\":\"https:\\\/\\\/www.immobilienbusiness.ch\\\/en\\\/unternehmen\\\/2021-02-15\\\/fundamenta-investiert-in-leipzig\\\/\"},\"author\":{\"name\":\"anja.hall\",\"@id\":\"https:\\\/\\\/www.immobilienbusiness.ch\\\/#\\\/schema\\\/person\\\/3fc036297b10b9f42d6db5ee932af8c8\"},\"headline\":\"Fundamenta investiert in Leipzig\",\"datePublished\":\"2021-02-15T06:58:30+00:00\",\"mainEntityOfPage\":{\"@id\":\"https:\\\/\\\/www.immobilienbusiness.ch\\\/en\\\/unternehmen\\\/2021-02-15\\\/fundamenta-investiert-in-leipzig\\\/\"},\"wordCount\":142,\"publisher\":{\"@id\":\"https:\\\/\\\/www.immobilienbusiness.ch\\\/#organization\"},\"image\":{\"@id\":\"https:\\\/\\\/www.immobilienbusiness.ch\\\/en\\\/unternehmen\\\/2021-02-15\\\/fundamenta-investiert-in-leipzig\\\/#primaryimage\"},\"thumbnailUrl\":\"https:\\\/\\\/www.immobilienbusiness.ch\\\/wp-content\\\/uploads\\\/2021\\\/02\\\/Leipzig_von_oben_Blick_gen_Sueden_Presse.jpg\",\"keywords\":[\"Deutschland\",\"Immobilienfonds\",\"Projektentwicklung\",\"Wohnimmobilien\"],\"articleSection\":[\"UNTERNEHMEN\"],\"inLanguage\":\"it-IT\"},{\"@type\":\"WebPage\",\"@id\":\"https:\\\/\\\/www.immobilienbusiness.ch\\\/en\\\/unternehmen\\\/2021-02-15\\\/fundamenta-investiert-in-leipzig\\\/\",\"url\":\"https:\\\/\\\/www.immobilienbusiness.ch\\\/en\\\/unternehmen\\\/2021-02-15\\\/fundamenta-investiert-in-leipzig\\\/\",\"name\":\"Fundamenta investiert in Leipzig - IMMOBILIEN Business\",\"isPartOf\":{\"@id\":\"https:\\\/\\\/www.immobilienbusiness.ch\\\/#website\"},\"primaryImageOfPage\":{\"@id\":\"https:\\\/\\\/www.immobilienbusiness.ch\\\/en\\\/unternehmen\\\/2021-02-15\\\/fundamenta-investiert-in-leipzig\\\/#primaryimage\"},\"image\":{\"@id\":\"https:\\\/\\\/www.immobilienbusiness.ch\\\/en\\\/unternehmen\\\/2021-02-15\\\/fundamenta-investiert-in-leipzig\\\/#primaryimage\"},\"thumbnailUrl\":\"https:\\\/\\\/www.immobilienbusiness.ch\\\/wp-content\\\/uploads\\\/2021\\\/02\\\/Leipzig_von_oben_Blick_gen_Sueden_Presse.jpg\",\"datePublished\":\"2021-02-15T06:58:30+00:00\",\"description\":\"Die Fundamenta Group hat f\u00fcr ihren Fonds FG Wohninvest ein Wohnprojekt in Leipzig erworben. Der Bau soll noch im ersten Quartal beginnen.\",\"breadcrumb\":{\"@id\":\"https:\\\/\\\/www.immobilienbusiness.ch\\\/en\\\/unternehmen\\\/2021-02-15\\\/fundamenta-investiert-in-leipzig\\\/#breadcrumb\"},\"inLanguage\":\"it-IT\",\"potentialAction\":[{\"@type\":\"ReadAction\",\"target\":[\"https:\\\/\\\/www.immobilienbusiness.ch\\\/en\\\/unternehmen\\\/2021-02-15\\\/fundamenta-investiert-in-leipzig\\\/\"]}]},{\"@type\":\"ImageObject\",\"inLanguage\":\"it-IT\",\"@id\":\"https:\\\/\\\/www.immobilienbusiness.ch\\\/en\\\/unternehmen\\\/2021-02-15\\\/fundamenta-investiert-in-leipzig\\\/#primaryimage\",\"url\":\"https:\\\/\\\/www.immobilienbusiness.ch\\\/wp-content\\\/uploads\\\/2021\\\/02\\\/Leipzig_von_oben_Blick_gen_Sueden_Presse.jpg\",\"contentUrl\":\"https:\\\/\\\/www.immobilienbusiness.ch\\\/wp-content\\\/uploads\\\/2021\\\/02\\\/Leipzig_von_oben_Blick_gen_Sueden_Presse.jpg\",\"width\":2560,\"height\":1706,\"caption\":\"Blick vom Turm des Neuen Rathauses (\u00a9 Stadt Leipzig)\"},{\"@type\":\"BreadcrumbList\",\"@id\":\"https:\\\/\\\/www.immobilienbusiness.ch\\\/en\\\/unternehmen\\\/2021-02-15\\\/fundamenta-investiert-in-leipzig\\\/#breadcrumb\",\"itemListElement\":[{\"@type\":\"ListItem\",\"position\":1,\"name\":\"Home\",\"item\":\"https:\\\/\\\/www.immobilienbusiness.ch\\\/\"},{\"@type\":\"ListItem\",\"position\":2,\"name\":\"Fundamenta investiert in Leipzig\"}]},{\"@type\":\"WebSite\",\"@id\":\"https:\\\/\\\/www.immobilienbusiness.ch\\\/#website\",\"url\":\"https:\\\/\\\/www.immobilienbusiness.ch\\\/\",\"name\":\"IMMOBILIEN Business\",\"description\":\"Unabh\u00e4ngiges Schweizer Wirtschaftsmagazin mit Fokus auf Immobilien, Architektur- und Bau sowie Investment- und Finanzierung.\",\"publisher\":{\"@id\":\"https:\\\/\\\/www.immobilienbusiness.ch\\\/#organization\"},\"potentialAction\":[{\"@type\":\"SearchAction\",\"target\":{\"@type\":\"EntryPoint\",\"urlTemplate\":\"https:\\\/\\\/www.immobilienbusiness.ch\\\/?s={search_term_string}\"},\"query-input\":{\"@type\":\"PropertyValueSpecification\",\"valueRequired\":true,\"valueName\":\"search_term_string\"}}],\"inLanguage\":\"it-IT\"},{\"@type\":\"Organization\",\"@id\":\"https:\\\/\\\/www.immobilienbusiness.ch\\\/#organization\",\"name\":\"IMMOBILIEN Business\",\"url\":\"https:\\\/\\\/www.immobilienbusiness.ch\\\/\",\"logo\":{\"@type\":\"ImageObject\",\"inLanguage\":\"it-IT\",\"@id\":\"https:\\\/\\\/www.immobilienbusiness.ch\\\/#\\\/schema\\\/logo\\\/image\\\/\",\"url\":\"https:\\\/\\\/www.immobilienbusiness.ch\\\/wp-content\\\/uploads\\\/2021\\\/07\\\/logo_ib.png\",\"contentUrl\":\"https:\\\/\\\/www.immobilienbusiness.ch\\\/wp-content\\\/uploads\\\/2021\\\/07\\\/logo_ib.png\",\"width\":800,\"height\":181,\"caption\":\"IMMOBILIEN Business\"},\"image\":{\"@id\":\"https:\\\/\\\/www.immobilienbusiness.ch\\\/#\\\/schema\\\/logo\\\/image\\\/\"},\"sameAs\":[\"https:\\\/\\\/www.facebook.com\\\/immobilienbusiness\\\/\"]},{\"@type\":\"Person\",\"@id\":\"https:\\\/\\\/www.immobilienbusiness.ch\\\/#\\\/schema\\\/person\\\/3fc036297b10b9f42d6db5ee932af8c8\",\"name\":\"anja.hall\",\"image\":{\"@type\":\"ImageObject\",\"inLanguage\":\"it-IT\",\"@id\":\"https:\\\/\\\/secure.gravatar.com\\\/avatar\\\/066b5a0d447013502c71a5782f4f3469f03cfe595cc2329fb94652fe47511bfb?s=96&d=mm&r=g\",\"url\":\"https:\\\/\\\/secure.gravatar.com\\\/avatar\\\/066b5a0d447013502c71a5782f4f3469f03cfe595cc2329fb94652fe47511bfb?s=96&d=mm&r=g\",\"contentUrl\":\"https:\\\/\\\/secure.gravatar.com\\\/avatar\\\/066b5a0d447013502c71a5782f4f3469f03cfe595cc2329fb94652fe47511bfb?s=96&d=mm&r=g\",\"caption\":\"anja.hall\"},\"url\":\"https:\\\/\\\/www.immobilienbusiness.ch\\\/it\\\/author\\\/anja-hall\\\/\"}]}<\/script>\n<!-- \/ Yoast SEO plugin. -->","yoast_head_json":{"title":"Fundamenta investiert in Leipzig - IMMOBILIEN Business","description":"Il Gruppo Fundamenta ha acquisito un progetto residenziale a Lipsia per il suo fondo FG Wohninvest. L'inizio della costruzione \u00e8 previsto per il primo trimestre.","robots":{"index":"index","follow":"follow","max-snippet":"max-snippet:-1","max-image-preview":"max-image-preview:large","max-video-preview":"max-video-preview:-1"},"canonical":"https:\/\/www.immobilienbusiness.ch\/it\/unternehmen\/2021-02-15\/fundamenta-investiert-in-leipzig\/","og_locale":"it_IT","og_type":"article","og_title":"Fundamenta investiert in Leipzig - IMMOBILIEN Business","og_description":"Die Fundamenta Group hat f\u00fcr ihren Fonds FG Wohninvest ein Wohnprojekt in Leipzig erworben. Der Bau soll noch im ersten Quartal beginnen.","og_url":"https:\/\/www.immobilienbusiness.ch\/it\/unternehmen\/2021-02-15\/fundamenta-investiert-in-leipzig\/","og_site_name":"IMMOBILIEN Business","article_publisher":"https:\/\/www.facebook.com\/immobilienbusiness\/","article_published_time":"2021-02-15T06:58:30+00:00","og_image":[{"width":2560,"height":1706,"url":"https:\/\/www.immobilienbusiness.ch\/wp-content\/uploads\/2021\/02\/Leipzig_von_oben_Blick_gen_Sueden_Presse.jpg","type":"image\/jpeg"}],"author":"anja.hall","twitter_card":"summary_large_image","twitter_image":"https:\/\/www.immobilienbusiness.ch\/wp-content\/uploads\/2021\/02\/Leipzig_von_oben_Blick_gen_Sueden_Presse.jpg","schema":{"@context":"https:\/\/schema.org","@graph":[{"@type":"Article","@id":"https:\/\/www.immobilienbusiness.ch\/en\/unternehmen\/2021-02-15\/fundamenta-investiert-in-leipzig\/#article","isPartOf":{"@id":"https:\/\/www.immobilienbusiness.ch\/en\/unternehmen\/2021-02-15\/fundamenta-investiert-in-leipzig\/"},"author":{"name":"anja.hall","@id":"https:\/\/www.immobilienbusiness.ch\/#\/schema\/person\/3fc036297b10b9f42d6db5ee932af8c8"},"headline":"Fundamenta investiert in Leipzig","datePublished":"2021-02-15T06:58:30+00:00","mainEntityOfPage":{"@id":"https:\/\/www.immobilienbusiness.ch\/en\/unternehmen\/2021-02-15\/fundamenta-investiert-in-leipzig\/"},"wordCount":142,"publisher":{"@id":"https:\/\/www.immobilienbusiness.ch\/#organization"},"image":{"@id":"https:\/\/www.immobilienbusiness.ch\/en\/unternehmen\/2021-02-15\/fundamenta-investiert-in-leipzig\/#primaryimage"},"thumbnailUrl":"https:\/\/www.immobilienbusiness.ch\/wp-content\/uploads\/2021\/02\/Leipzig_von_oben_Blick_gen_Sueden_Presse.jpg","keywords":["Deutschland","Immobilienfonds","Projektentwicklung","Wohnimmobilien"],"articleSection":["UNTERNEHMEN"],"inLanguage":"it-IT"},{"@type":"WebPage","@id":"https:\/\/www.immobilienbusiness.ch\/en\/unternehmen\/2021-02-15\/fundamenta-investiert-in-leipzig\/","url":"https:\/\/www.immobilienbusiness.ch\/en\/unternehmen\/2021-02-15\/fundamenta-investiert-in-leipzig\/","name":"Fundamenta investiert in Leipzig - IMMOBILIEN Business","isPartOf":{"@id":"https:\/\/www.immobilienbusiness.ch\/#website"},"primaryImageOfPage":{"@id":"https:\/\/www.immobilienbusiness.ch\/en\/unternehmen\/2021-02-15\/fundamenta-investiert-in-leipzig\/#primaryimage"},"image":{"@id":"https:\/\/www.immobilienbusiness.ch\/en\/unternehmen\/2021-02-15\/fundamenta-investiert-in-leipzig\/#primaryimage"},"thumbnailUrl":"https:\/\/www.immobilienbusiness.ch\/wp-content\/uploads\/2021\/02\/Leipzig_von_oben_Blick_gen_Sueden_Presse.jpg","datePublished":"2021-02-15T06:58:30+00:00","description":"Il Gruppo Fundamenta ha acquisito un progetto residenziale a Lipsia per il suo fondo FG Wohninvest. L'inizio della costruzione \u00e8 previsto per il primo trimestre.","breadcrumb":{"@id":"https:\/\/www.immobilienbusiness.ch\/en\/unternehmen\/2021-02-15\/fundamenta-investiert-in-leipzig\/#breadcrumb"},"inLanguage":"it-IT","potentialAction":[{"@type":"ReadAction","target":["https:\/\/www.immobilienbusiness.ch\/en\/unternehmen\/2021-02-15\/fundamenta-investiert-in-leipzig\/"]}]},{"@type":"ImageObject","inLanguage":"it-IT","@id":"https:\/\/www.immobilienbusiness.ch\/en\/unternehmen\/2021-02-15\/fundamenta-investiert-in-leipzig\/#primaryimage","url":"https:\/\/www.immobilienbusiness.ch\/wp-content\/uploads\/2021\/02\/Leipzig_von_oben_Blick_gen_Sueden_Presse.jpg","contentUrl":"https:\/\/www.immobilienbusiness.ch\/wp-content\/uploads\/2021\/02\/Leipzig_von_oben_Blick_gen_Sueden_Presse.jpg","width":2560,"height":1706,"caption":"Blick vom Turm des Neuen Rathauses (\u00a9 Stadt Leipzig)"},{"@type":"BreadcrumbList","@id":"https:\/\/www.immobilienbusiness.ch\/en\/unternehmen\/2021-02-15\/fundamenta-investiert-in-leipzig\/#breadcrumb","itemListElement":[{"@type":"ListItem","position":1,"name":"Home","item":"https:\/\/www.immobilienbusiness.ch\/"},{"@type":"ListItem","position":2,"name":"Fundamenta investiert in Leipzig"}]},{"@type":"WebSite","@id":"https:\/\/www.immobilienbusiness.ch\/#website","url":"https:\/\/www.immobilienbusiness.ch\/","name":"Affari immobiliari","description":"Rivista economica indipendente svizzera che si concentra sul settore immobiliare, l'architettura e la costruzione, nonch\u00e9 sugli investimenti e i finanziamenti.","publisher":{"@id":"https:\/\/www.immobilienbusiness.ch\/#organization"},"potentialAction":[{"@type":"SearchAction","target":{"@type":"EntryPoint","urlTemplate":"https:\/\/www.immobilienbusiness.ch\/?s={search_term_string}"},"query-input":{"@type":"PropertyValueSpecification","valueRequired":true,"valueName":"search_term_string"}}],"inLanguage":"it-IT"},{"@type":"Organization","@id":"https:\/\/www.immobilienbusiness.ch\/#organization","name":"Affari immobiliari","url":"https:\/\/www.immobilienbusiness.ch\/","logo":{"@type":"ImageObject","inLanguage":"it-IT","@id":"https:\/\/www.immobilienbusiness.ch\/#\/schema\/logo\/image\/","url":"https:\/\/www.immobilienbusiness.ch\/wp-content\/uploads\/2021\/07\/logo_ib.png","contentUrl":"https:\/\/www.immobilienbusiness.ch\/wp-content\/uploads\/2021\/07\/logo_ib.png","width":800,"height":181,"caption":"IMMOBILIEN Business"},"image":{"@id":"https:\/\/www.immobilienbusiness.ch\/#\/schema\/logo\/image\/"},"sameAs":["https:\/\/www.facebook.com\/immobilienbusiness\/"]},{"@type":"Person","@id":"https:\/\/www.immobilienbusiness.ch\/#\/schema\/person\/3fc036297b10b9f42d6db5ee932af8c8","name":"anja.hall","image":{"@type":"ImageObject","inLanguage":"it-IT","@id":"https:\/\/secure.gravatar.com\/avatar\/066b5a0d447013502c71a5782f4f3469f03cfe595cc2329fb94652fe47511bfb?s=96&d=mm&r=g","url":"https:\/\/secure.gravatar.com\/avatar\/066b5a0d447013502c71a5782f4f3469f03cfe595cc2329fb94652fe47511bfb?s=96&d=mm&r=g","contentUrl":"https:\/\/secure.gravatar.com\/avatar\/066b5a0d447013502c71a5782f4f3469f03cfe595cc2329fb94652fe47511bfb?s=96&d=mm&r=g","caption":"anja.hall"},"url":"https:\/\/www.immobilienbusiness.ch\/it\/author\/anja-hall\/"}]}},"_links":{"self":[{"href":"https:\/\/www.immobilienbusiness.ch\/it\/wp-json\/wp\/v2\/posts\/23479","targetHints":{"allow":["GET"]}}],"collection":[{"href":"https:\/\/www.immobilienbusiness.ch\/it\/wp-json\/wp\/v2\/posts"}],"about":[{"href":"https:\/\/www.immobilienbusiness.ch\/it\/wp-json\/wp\/v2\/types\/post"}],"author":[{"embeddable":true,"href":"https:\/\/www.immobilienbusiness.ch\/it\/wp-json\/wp\/v2\/users\/3"}],"replies":[{"embeddable":true,"href":"https:\/\/www.immobilienbusiness.ch\/it\/wp-json\/wp\/v2\/comments?post=23479"}],"version-history":[{"count":0,"href":"https:\/\/www.immobilienbusiness.ch\/it\/wp-json\/wp\/v2\/posts\/23479\/revisions"}],"wp:featuredmedia":[{"embeddable":true,"href":"https:\/\/www.immobilienbusiness.ch\/it\/wp-json\/wp\/v2\/media\/23480"}],"wp:attachment":[{"href":"https:\/\/www.immobilienbusiness.ch\/it\/wp-json\/wp\/v2\/media?parent=23479"}],"wp:term":[{"taxonomy":"category","embeddable":true,"href":"https:\/\/www.immobilienbusiness.ch\/it\/wp-json\/wp\/v2\/categories?post=23479"},{"taxonomy":"post_tag","embeddable":true,"href":"https:\/\/www.immobilienbusiness.ch\/it\/wp-json\/wp\/v2\/tags?post=23479"}],"curies":[{"name":"wp","href":"https:\/\/api.w.org\/{rel}","templated":true}]}}