{"id":23468,"date":"2021-02-12T08:53:46","date_gmt":"2021-02-12T07:53:46","guid":{"rendered":"https:\/\/www.immobilienbusiness.ch\/?p=23468"},"modified":"2021-02-12T08:53:46","modified_gmt":"2021-02-12T07:53:46","slug":"crissier-seniorenresidenz-oassis-fertiggestellt","status":"publish","type":"post","link":"https:\/\/www.immobilienbusiness.ch\/it\/regionen\/2021-02-12\/crissier-seniorenresidenz-oassis-fertiggestellt\/","title":{"rendered":"Crissier: casa di riposo Oassis completata"},"content":{"rendered":"<figure id=\"attachment_22565\" aria-describedby=\"caption-attachment-22565\" style=\"width: 680px\" class=\"wp-caption alignnone\"><img loading=\"lazy\" decoding=\"async\" class=\"size-medium wp-image-22565\" src=\"https:\/\/www.immobilienbusiness.ch\/wp-content\/uploads\/2020\/10\/image001.jpg\" alt=\"\" width=\"680\" height=\"453\" srcset=\"https:\/\/www.immobilienbusiness.ch\/wp-content\/uploads\/2020\/10\/image001.jpg 1276w, https:\/\/www.immobilienbusiness.ch\/wp-content\/uploads\/2020\/10\/image001-300x200.jpg 300w, https:\/\/www.immobilienbusiness.ch\/wp-content\/uploads\/2020\/10\/image001-1024x682.jpg 1024w, https:\/\/www.immobilienbusiness.ch\/wp-content\/uploads\/2020\/10\/image001-768x512.jpg 768w, https:\/\/www.immobilienbusiness.ch\/wp-content\/uploads\/2020\/10\/image001-16x12.jpg 16w, https:\/\/www.immobilienbusiness.ch\/wp-content\/uploads\/2020\/10\/image001-263x175.jpg 263w, https:\/\/www.immobilienbusiness.ch\/wp-content\/uploads\/2020\/10\/image001-525x350.jpg 525w, https:\/\/www.immobilienbusiness.ch\/wp-content\/uploads\/2020\/10\/image001-1201x800.jpg 1201w, https:\/\/www.immobilienbusiness.ch\/wp-content\/uploads\/2020\/10\/image001-920x613.jpg 920w\" sizes=\"auto, (max-width: 680px) 100vw, 680px\" \/><figcaption id=\"caption-attachment-22565\" class=\"wp-caption-text\">Vista dello sviluppo di Oassis (Immagine: \u00a9 Tom Doan)<\/figcaption><\/figure>\n<p>La residenza per anziani fa parte del quartiere Oassis con 610 appartamenti in affitto, 56 condomini e 5.500 mq di spazio commerciale, tra cui negozi per le necessit\u00e0 quotidiane e ristorazione locale con vari ristoranti.<\/p>\n<p>La casa di riposo di 100 appartamenti \u00e8 composta da 95 appartamenti di 2,5 stanze (58 mq di superficie abitabile) e cinque appartamenti di 3,5 stanze (80 mq di superficie abitabile). Secondo Patrimonium, i primi appartamenti sono stati occupati alla fine di novembre. Il tasso di occupazione all'inizio di marzo 2021 \u00e8 75%.<\/p>\n<p><a href=\"https:\/\/www.immobilienbusiness.ch\/it\/quartier-oassis-in-crissier-ist-fertig-gestellt\/\">L'intero sviluppo residenziale e commerciale di Oassis \u00e8 stato costruito su un sito a Crissier ed \u00e8 considerato uno dei pi\u00f9 grandi sviluppi di siti nella Svizzera occidentale;<\/a> Sono stati investiti 320 milioni di franchi. L'immobile \u00e8 di propriet\u00e0 del Patrimonium Swiss Real Estate Fund, la Fondazione Patrimonium Investment e un veicolo per investitori attivi.<\/p>\n<p>La residenza per anziani con un volume d'investimento di oltre 50 milioni di CHF \u00e8 stata realizzata con la Losinger-Marazzi AG come appaltatore totale. Patrimonium Asset Management AG ha sviluppato il terreno dal 2012 per una terza parte, da cui il gruppo di investimento immobiliare sanitario ha rilevato il terreno con il nuovo progetto di costruzione nel 2017. <em>(tp)<\/em><\/p>","protected":false},"excerpt":{"rendered":"<p>La casa di riposo di Crissier (VD) \u00e8 stata completata. La propriet\u00e0 fa parte dello sviluppo del sito di Oassis realizzato da Patrimonium.<\/p>","protected":false},"author":3,"featured_media":22565,"comment_status":"closed","ping_status":"open","sticky":false,"template":"","format":"standard","meta":{"_acf_changed":false,"_yoast_wpseo_focuskw":"Oassis","_yoast_wpseo_title":"","_yoast_wpseo_metadesc":"Die Seniorenresidenz in Crissier (VD) ist fertiggestellt. Das Objekt ist Teil der von Patrimonium durchgef\u00fchrten Arealentwicklung Oassis.","_yoast_wpseo_linkdex":54,"pgc_sgb_lightbox_settings":"","footnotes":""},"categories":[985],"tags":[1219,1408,1556,1687],"class_list":["post-23468","post","type-post","status-publish","format-standard","has-post-thumbnail","hentry","category-regionen","tag-fertigstellung","tag-kanton-waadt","tag-patrimonium","tag-seniorenresidenz"],"acf":[],"yoast_head":"<!-- This site is optimized with the Yoast SEO plugin v27.5 - https:\/\/yoast.com\/product\/yoast-seo-wordpress\/ -->\n<title>Crissier: Seniorenresidenz Oassis fertiggestellt - IMMOBILIEN Business<\/title>\n<meta name=\"description\" content=\"Die Seniorenresidenz in Crissier (VD) ist fertiggestellt. Das Objekt ist Teil der von Patrimonium durchgef\u00fchrten Arealentwicklung Oassis.\" \/>\n<meta name=\"robots\" content=\"index, follow, max-snippet:-1, max-image-preview:large, max-video-preview:-1\" \/>\n<link rel=\"canonical\" href=\"https:\/\/www.immobilienbusiness.ch\/it\/regionen\/2021-02-12\/crissier-seniorenresidenz-oassis-fertiggestellt\/\" \/>\n<meta property=\"og:locale\" content=\"it_IT\" \/>\n<meta property=\"og:type\" content=\"article\" \/>\n<meta property=\"og:title\" content=\"Crissier: Seniorenresidenz Oassis fertiggestellt - IMMOBILIEN Business\" \/>\n<meta property=\"og:description\" content=\"Die Seniorenresidenz in Crissier (VD) ist fertiggestellt. Das Objekt ist Teil der von Patrimonium durchgef\u00fchrten Arealentwicklung Oassis.\" \/>\n<meta property=\"og:url\" content=\"https:\/\/www.immobilienbusiness.ch\/it\/regionen\/2021-02-12\/crissier-seniorenresidenz-oassis-fertiggestellt\/\" \/>\n<meta property=\"og:site_name\" content=\"IMMOBILIEN Business\" \/>\n<meta property=\"article:publisher\" content=\"https:\/\/www.facebook.com\/immobilienbusiness\/\" \/>\n<meta property=\"article:published_time\" content=\"2021-02-12T07:53:46+00:00\" \/>\n<meta property=\"og:image\" content=\"https:\/\/www.immobilienbusiness.ch\/wp-content\/uploads\/2020\/10\/image001.jpg\" \/>\n\t<meta property=\"og:image:width\" content=\"1276\" \/>\n\t<meta property=\"og:image:height\" content=\"850\" \/>\n\t<meta property=\"og:image:type\" content=\"image\/jpeg\" \/>\n<meta name=\"author\" content=\"anja.hall\" \/>\n<meta name=\"twitter:card\" content=\"summary_large_image\" \/>\n<meta name=\"twitter:image\" content=\"https:\/\/www.immobilienbusiness.ch\/wp-content\/uploads\/2020\/10\/image001.jpg\" \/>\n<script type=\"application\/ld+json\" class=\"yoast-schema-graph\">{\"@context\":\"https:\\\/\\\/schema.org\",\"@graph\":[{\"@type\":\"Article\",\"@id\":\"https:\\\/\\\/www.immobilienbusiness.ch\\\/regionen\\\/2021-02-12\\\/crissier-seniorenresidenz-oassis-fertiggestellt\\\/#article\",\"isPartOf\":{\"@id\":\"https:\\\/\\\/www.immobilienbusiness.ch\\\/regionen\\\/2021-02-12\\\/crissier-seniorenresidenz-oassis-fertiggestellt\\\/\"},\"author\":{\"name\":\"anja.hall\",\"@id\":\"https:\\\/\\\/www.immobilienbusiness.ch\\\/#\\\/schema\\\/person\\\/3fc036297b10b9f42d6db5ee932af8c8\"},\"headline\":\"Crissier: Seniorenresidenz Oassis fertiggestellt\",\"datePublished\":\"2021-02-12T07:53:46+00:00\",\"mainEntityOfPage\":{\"@id\":\"https:\\\/\\\/www.immobilienbusiness.ch\\\/regionen\\\/2021-02-12\\\/crissier-seniorenresidenz-oassis-fertiggestellt\\\/\"},\"wordCount\":174,\"publisher\":{\"@id\":\"https:\\\/\\\/www.immobilienbusiness.ch\\\/#organization\"},\"image\":{\"@id\":\"https:\\\/\\\/www.immobilienbusiness.ch\\\/regionen\\\/2021-02-12\\\/crissier-seniorenresidenz-oassis-fertiggestellt\\\/#primaryimage\"},\"thumbnailUrl\":\"https:\\\/\\\/www.immobilienbusiness.ch\\\/wp-content\\\/uploads\\\/2020\\\/10\\\/image001.jpg\",\"keywords\":[\"Fertigstellung\",\"Kanton Waadt\",\"Patrimonium\",\"Seniorenresidenz\"],\"articleSection\":[\"REGIONEN\"],\"inLanguage\":\"it-IT\"},{\"@type\":\"WebPage\",\"@id\":\"https:\\\/\\\/www.immobilienbusiness.ch\\\/regionen\\\/2021-02-12\\\/crissier-seniorenresidenz-oassis-fertiggestellt\\\/\",\"url\":\"https:\\\/\\\/www.immobilienbusiness.ch\\\/regionen\\\/2021-02-12\\\/crissier-seniorenresidenz-oassis-fertiggestellt\\\/\",\"name\":\"Crissier: Seniorenresidenz Oassis fertiggestellt - IMMOBILIEN Business\",\"isPartOf\":{\"@id\":\"https:\\\/\\\/www.immobilienbusiness.ch\\\/#website\"},\"primaryImageOfPage\":{\"@id\":\"https:\\\/\\\/www.immobilienbusiness.ch\\\/regionen\\\/2021-02-12\\\/crissier-seniorenresidenz-oassis-fertiggestellt\\\/#primaryimage\"},\"image\":{\"@id\":\"https:\\\/\\\/www.immobilienbusiness.ch\\\/regionen\\\/2021-02-12\\\/crissier-seniorenresidenz-oassis-fertiggestellt\\\/#primaryimage\"},\"thumbnailUrl\":\"https:\\\/\\\/www.immobilienbusiness.ch\\\/wp-content\\\/uploads\\\/2020\\\/10\\\/image001.jpg\",\"datePublished\":\"2021-02-12T07:53:46+00:00\",\"description\":\"Die Seniorenresidenz in Crissier (VD) ist fertiggestellt. Das Objekt ist Teil der von Patrimonium durchgef\u00fchrten Arealentwicklung Oassis.\",\"breadcrumb\":{\"@id\":\"https:\\\/\\\/www.immobilienbusiness.ch\\\/regionen\\\/2021-02-12\\\/crissier-seniorenresidenz-oassis-fertiggestellt\\\/#breadcrumb\"},\"inLanguage\":\"it-IT\",\"potentialAction\":[{\"@type\":\"ReadAction\",\"target\":[\"https:\\\/\\\/www.immobilienbusiness.ch\\\/regionen\\\/2021-02-12\\\/crissier-seniorenresidenz-oassis-fertiggestellt\\\/\"]}]},{\"@type\":\"ImageObject\",\"inLanguage\":\"it-IT\",\"@id\":\"https:\\\/\\\/www.immobilienbusiness.ch\\\/regionen\\\/2021-02-12\\\/crissier-seniorenresidenz-oassis-fertiggestellt\\\/#primaryimage\",\"url\":\"https:\\\/\\\/www.immobilienbusiness.ch\\\/wp-content\\\/uploads\\\/2020\\\/10\\\/image001.jpg\",\"contentUrl\":\"https:\\\/\\\/www.immobilienbusiness.ch\\\/wp-content\\\/uploads\\\/2020\\\/10\\\/image001.jpg\",\"width\":1276,\"height\":850,\"caption\":\"Blick auf die \u00dcberbauung Oassis (Bild: \u00a9 Tom Doan)\"},{\"@type\":\"BreadcrumbList\",\"@id\":\"https:\\\/\\\/www.immobilienbusiness.ch\\\/regionen\\\/2021-02-12\\\/crissier-seniorenresidenz-oassis-fertiggestellt\\\/#breadcrumb\",\"itemListElement\":[{\"@type\":\"ListItem\",\"position\":1,\"name\":\"Home\",\"item\":\"https:\\\/\\\/www.immobilienbusiness.ch\\\/\"},{\"@type\":\"ListItem\",\"position\":2,\"name\":\"Crissier: Seniorenresidenz Oassis fertiggestellt\"}]},{\"@type\":\"WebSite\",\"@id\":\"https:\\\/\\\/www.immobilienbusiness.ch\\\/#website\",\"url\":\"https:\\\/\\\/www.immobilienbusiness.ch\\\/\",\"name\":\"IMMOBILIEN Business\",\"description\":\"Unabh\u00e4ngiges Schweizer Wirtschaftsmagazin mit Fokus auf Immobilien, Architektur- und Bau sowie Investment- und Finanzierung.\",\"publisher\":{\"@id\":\"https:\\\/\\\/www.immobilienbusiness.ch\\\/#organization\"},\"potentialAction\":[{\"@type\":\"SearchAction\",\"target\":{\"@type\":\"EntryPoint\",\"urlTemplate\":\"https:\\\/\\\/www.immobilienbusiness.ch\\\/?s={search_term_string}\"},\"query-input\":{\"@type\":\"PropertyValueSpecification\",\"valueRequired\":true,\"valueName\":\"search_term_string\"}}],\"inLanguage\":\"it-IT\"},{\"@type\":\"Organization\",\"@id\":\"https:\\\/\\\/www.immobilienbusiness.ch\\\/#organization\",\"name\":\"IMMOBILIEN Business\",\"url\":\"https:\\\/\\\/www.immobilienbusiness.ch\\\/\",\"logo\":{\"@type\":\"ImageObject\",\"inLanguage\":\"it-IT\",\"@id\":\"https:\\\/\\\/www.immobilienbusiness.ch\\\/#\\\/schema\\\/logo\\\/image\\\/\",\"url\":\"https:\\\/\\\/www.immobilienbusiness.ch\\\/wp-content\\\/uploads\\\/2021\\\/07\\\/logo_ib.png\",\"contentUrl\":\"https:\\\/\\\/www.immobilienbusiness.ch\\\/wp-content\\\/uploads\\\/2021\\\/07\\\/logo_ib.png\",\"width\":800,\"height\":181,\"caption\":\"IMMOBILIEN Business\"},\"image\":{\"@id\":\"https:\\\/\\\/www.immobilienbusiness.ch\\\/#\\\/schema\\\/logo\\\/image\\\/\"},\"sameAs\":[\"https:\\\/\\\/www.facebook.com\\\/immobilienbusiness\\\/\"]},{\"@type\":\"Person\",\"@id\":\"https:\\\/\\\/www.immobilienbusiness.ch\\\/#\\\/schema\\\/person\\\/3fc036297b10b9f42d6db5ee932af8c8\",\"name\":\"anja.hall\",\"image\":{\"@type\":\"ImageObject\",\"inLanguage\":\"it-IT\",\"@id\":\"https:\\\/\\\/secure.gravatar.com\\\/avatar\\\/066b5a0d447013502c71a5782f4f3469f03cfe595cc2329fb94652fe47511bfb?s=96&d=mm&r=g\",\"url\":\"https:\\\/\\\/secure.gravatar.com\\\/avatar\\\/066b5a0d447013502c71a5782f4f3469f03cfe595cc2329fb94652fe47511bfb?s=96&d=mm&r=g\",\"contentUrl\":\"https:\\\/\\\/secure.gravatar.com\\\/avatar\\\/066b5a0d447013502c71a5782f4f3469f03cfe595cc2329fb94652fe47511bfb?s=96&d=mm&r=g\",\"caption\":\"anja.hall\"},\"url\":\"https:\\\/\\\/www.immobilienbusiness.ch\\\/it\\\/author\\\/anja-hall\\\/\"}]}<\/script>\n<!-- \/ Yoast SEO plugin. -->","yoast_head_json":{"title":"Crissier: completata la residenza per anziani Oassis - IMMOBILIEN Business","description":"La casa di riposo di Crissier (VD) \u00e8 stata completata. La propriet\u00e0 fa parte dello sviluppo del sito di Oassis realizzato da Patrimonium.","robots":{"index":"index","follow":"follow","max-snippet":"max-snippet:-1","max-image-preview":"max-image-preview:large","max-video-preview":"max-video-preview:-1"},"canonical":"https:\/\/www.immobilienbusiness.ch\/it\/regionen\/2021-02-12\/crissier-seniorenresidenz-oassis-fertiggestellt\/","og_locale":"it_IT","og_type":"article","og_title":"Crissier: Seniorenresidenz Oassis fertiggestellt - IMMOBILIEN Business","og_description":"Die Seniorenresidenz in Crissier (VD) ist fertiggestellt. Das Objekt ist Teil der von Patrimonium durchgef\u00fchrten Arealentwicklung Oassis.","og_url":"https:\/\/www.immobilienbusiness.ch\/it\/regionen\/2021-02-12\/crissier-seniorenresidenz-oassis-fertiggestellt\/","og_site_name":"IMMOBILIEN Business","article_publisher":"https:\/\/www.facebook.com\/immobilienbusiness\/","article_published_time":"2021-02-12T07:53:46+00:00","og_image":[{"width":1276,"height":850,"url":"https:\/\/www.immobilienbusiness.ch\/wp-content\/uploads\/2020\/10\/image001.jpg","type":"image\/jpeg"}],"author":"anja.hall","twitter_card":"summary_large_image","twitter_image":"https:\/\/www.immobilienbusiness.ch\/wp-content\/uploads\/2020\/10\/image001.jpg","schema":{"@context":"https:\/\/schema.org","@graph":[{"@type":"Article","@id":"https:\/\/www.immobilienbusiness.ch\/regionen\/2021-02-12\/crissier-seniorenresidenz-oassis-fertiggestellt\/#article","isPartOf":{"@id":"https:\/\/www.immobilienbusiness.ch\/regionen\/2021-02-12\/crissier-seniorenresidenz-oassis-fertiggestellt\/"},"author":{"name":"anja.hall","@id":"https:\/\/www.immobilienbusiness.ch\/#\/schema\/person\/3fc036297b10b9f42d6db5ee932af8c8"},"headline":"Crissier: Seniorenresidenz Oassis fertiggestellt","datePublished":"2021-02-12T07:53:46+00:00","mainEntityOfPage":{"@id":"https:\/\/www.immobilienbusiness.ch\/regionen\/2021-02-12\/crissier-seniorenresidenz-oassis-fertiggestellt\/"},"wordCount":174,"publisher":{"@id":"https:\/\/www.immobilienbusiness.ch\/#organization"},"image":{"@id":"https:\/\/www.immobilienbusiness.ch\/regionen\/2021-02-12\/crissier-seniorenresidenz-oassis-fertiggestellt\/#primaryimage"},"thumbnailUrl":"https:\/\/www.immobilienbusiness.ch\/wp-content\/uploads\/2020\/10\/image001.jpg","keywords":["Fertigstellung","Kanton Waadt","Patrimonium","Seniorenresidenz"],"articleSection":["REGIONEN"],"inLanguage":"it-IT"},{"@type":"WebPage","@id":"https:\/\/www.immobilienbusiness.ch\/regionen\/2021-02-12\/crissier-seniorenresidenz-oassis-fertiggestellt\/","url":"https:\/\/www.immobilienbusiness.ch\/regionen\/2021-02-12\/crissier-seniorenresidenz-oassis-fertiggestellt\/","name":"Crissier: completata la residenza per anziani Oassis - IMMOBILIEN Business","isPartOf":{"@id":"https:\/\/www.immobilienbusiness.ch\/#website"},"primaryImageOfPage":{"@id":"https:\/\/www.immobilienbusiness.ch\/regionen\/2021-02-12\/crissier-seniorenresidenz-oassis-fertiggestellt\/#primaryimage"},"image":{"@id":"https:\/\/www.immobilienbusiness.ch\/regionen\/2021-02-12\/crissier-seniorenresidenz-oassis-fertiggestellt\/#primaryimage"},"thumbnailUrl":"https:\/\/www.immobilienbusiness.ch\/wp-content\/uploads\/2020\/10\/image001.jpg","datePublished":"2021-02-12T07:53:46+00:00","description":"La casa di riposo di Crissier (VD) \u00e8 stata completata. La propriet\u00e0 fa parte dello sviluppo del sito di Oassis realizzato da Patrimonium.","breadcrumb":{"@id":"https:\/\/www.immobilienbusiness.ch\/regionen\/2021-02-12\/crissier-seniorenresidenz-oassis-fertiggestellt\/#breadcrumb"},"inLanguage":"it-IT","potentialAction":[{"@type":"ReadAction","target":["https:\/\/www.immobilienbusiness.ch\/regionen\/2021-02-12\/crissier-seniorenresidenz-oassis-fertiggestellt\/"]}]},{"@type":"ImageObject","inLanguage":"it-IT","@id":"https:\/\/www.immobilienbusiness.ch\/regionen\/2021-02-12\/crissier-seniorenresidenz-oassis-fertiggestellt\/#primaryimage","url":"https:\/\/www.immobilienbusiness.ch\/wp-content\/uploads\/2020\/10\/image001.jpg","contentUrl":"https:\/\/www.immobilienbusiness.ch\/wp-content\/uploads\/2020\/10\/image001.jpg","width":1276,"height":850,"caption":"Blick auf die \u00dcberbauung Oassis (Bild: \u00a9 Tom Doan)"},{"@type":"BreadcrumbList","@id":"https:\/\/www.immobilienbusiness.ch\/regionen\/2021-02-12\/crissier-seniorenresidenz-oassis-fertiggestellt\/#breadcrumb","itemListElement":[{"@type":"ListItem","position":1,"name":"Home","item":"https:\/\/www.immobilienbusiness.ch\/"},{"@type":"ListItem","position":2,"name":"Crissier: Seniorenresidenz Oassis fertiggestellt"}]},{"@type":"WebSite","@id":"https:\/\/www.immobilienbusiness.ch\/#website","url":"https:\/\/www.immobilienbusiness.ch\/","name":"Affari immobiliari","description":"Rivista economica indipendente svizzera che si concentra sul settore immobiliare, l'architettura e la costruzione, nonch\u00e9 sugli investimenti e i finanziamenti.","publisher":{"@id":"https:\/\/www.immobilienbusiness.ch\/#organization"},"potentialAction":[{"@type":"SearchAction","target":{"@type":"EntryPoint","urlTemplate":"https:\/\/www.immobilienbusiness.ch\/?s={search_term_string}"},"query-input":{"@type":"PropertyValueSpecification","valueRequired":true,"valueName":"search_term_string"}}],"inLanguage":"it-IT"},{"@type":"Organization","@id":"https:\/\/www.immobilienbusiness.ch\/#organization","name":"Affari immobiliari","url":"https:\/\/www.immobilienbusiness.ch\/","logo":{"@type":"ImageObject","inLanguage":"it-IT","@id":"https:\/\/www.immobilienbusiness.ch\/#\/schema\/logo\/image\/","url":"https:\/\/www.immobilienbusiness.ch\/wp-content\/uploads\/2021\/07\/logo_ib.png","contentUrl":"https:\/\/www.immobilienbusiness.ch\/wp-content\/uploads\/2021\/07\/logo_ib.png","width":800,"height":181,"caption":"IMMOBILIEN Business"},"image":{"@id":"https:\/\/www.immobilienbusiness.ch\/#\/schema\/logo\/image\/"},"sameAs":["https:\/\/www.facebook.com\/immobilienbusiness\/"]},{"@type":"Person","@id":"https:\/\/www.immobilienbusiness.ch\/#\/schema\/person\/3fc036297b10b9f42d6db5ee932af8c8","name":"anja.hall","image":{"@type":"ImageObject","inLanguage":"it-IT","@id":"https:\/\/secure.gravatar.com\/avatar\/066b5a0d447013502c71a5782f4f3469f03cfe595cc2329fb94652fe47511bfb?s=96&d=mm&r=g","url":"https:\/\/secure.gravatar.com\/avatar\/066b5a0d447013502c71a5782f4f3469f03cfe595cc2329fb94652fe47511bfb?s=96&d=mm&r=g","contentUrl":"https:\/\/secure.gravatar.com\/avatar\/066b5a0d447013502c71a5782f4f3469f03cfe595cc2329fb94652fe47511bfb?s=96&d=mm&r=g","caption":"anja.hall"},"url":"https:\/\/www.immobilienbusiness.ch\/it\/author\/anja-hall\/"}]}},"_links":{"self":[{"href":"https:\/\/www.immobilienbusiness.ch\/it\/wp-json\/wp\/v2\/posts\/23468","targetHints":{"allow":["GET"]}}],"collection":[{"href":"https:\/\/www.immobilienbusiness.ch\/it\/wp-json\/wp\/v2\/posts"}],"about":[{"href":"https:\/\/www.immobilienbusiness.ch\/it\/wp-json\/wp\/v2\/types\/post"}],"author":[{"embeddable":true,"href":"https:\/\/www.immobilienbusiness.ch\/it\/wp-json\/wp\/v2\/users\/3"}],"replies":[{"embeddable":true,"href":"https:\/\/www.immobilienbusiness.ch\/it\/wp-json\/wp\/v2\/comments?post=23468"}],"version-history":[{"count":0,"href":"https:\/\/www.immobilienbusiness.ch\/it\/wp-json\/wp\/v2\/posts\/23468\/revisions"}],"wp:featuredmedia":[{"embeddable":true,"href":"https:\/\/www.immobilienbusiness.ch\/it\/wp-json\/wp\/v2\/media\/22565"}],"wp:attachment":[{"href":"https:\/\/www.immobilienbusiness.ch\/it\/wp-json\/wp\/v2\/media?parent=23468"}],"wp:term":[{"taxonomy":"category","embeddable":true,"href":"https:\/\/www.immobilienbusiness.ch\/it\/wp-json\/wp\/v2\/categories?post=23468"},{"taxonomy":"post_tag","embeddable":true,"href":"https:\/\/www.immobilienbusiness.ch\/it\/wp-json\/wp\/v2\/tags?post=23468"}],"curies":[{"name":"wp","href":"https:\/\/api.w.org\/{rel}","templated":true}]}}