{"id":23331,"date":"2021-01-26T08:52:35","date_gmt":"2021-01-26T07:52:35","guid":{"rendered":"https:\/\/www.immobilienbusiness.ch\/?p=23331"},"modified":"2021-01-26T08:52:35","modified_gmt":"2021-01-26T07:52:35","slug":"neuer-praesident-fuer-st-galler-wohnbaustiftung-russen","status":"publish","type":"post","link":"https:\/\/www.immobilienbusiness.ch\/it\/unternehmen\/2021-01-26\/neuer-praesident-fuer-st-galler-wohnbaustiftung-russen\/","title":{"rendered":"Nuovo presidente della Fondazione per gli alloggi di San Gallo Russi"},"content":{"rendered":"<figure id=\"attachment_23332\" aria-describedby=\"caption-attachment-23332\" style=\"width: 680px\" class=\"wp-caption alignnone\"><img loading=\"lazy\" decoding=\"async\" class=\"size-medium wp-image-23332\" src=\"https:\/\/www.immobilienbusiness.ch\/wp-content\/uploads\/2021\/01\/Bild-Wohnbaustiftung-Russen.jpg\" alt=\"\" width=\"680\" height=\"453\" srcset=\"https:\/\/www.immobilienbusiness.ch\/wp-content\/uploads\/2021\/01\/Bild-Wohnbaustiftung-Russen.jpg 2560w, https:\/\/www.immobilienbusiness.ch\/wp-content\/uploads\/2021\/01\/Bild-Wohnbaustiftung-Russen-300x200.jpg 300w, https:\/\/www.immobilienbusiness.ch\/wp-content\/uploads\/2021\/01\/Bild-Wohnbaustiftung-Russen-1024x683.jpg 1024w, https:\/\/www.immobilienbusiness.ch\/wp-content\/uploads\/2021\/01\/Bild-Wohnbaustiftung-Russen-768x512.jpg 768w, https:\/\/www.immobilienbusiness.ch\/wp-content\/uploads\/2021\/01\/Bild-Wohnbaustiftung-Russen-1536x1024.jpg 1536w, https:\/\/www.immobilienbusiness.ch\/wp-content\/uploads\/2021\/01\/Bild-Wohnbaustiftung-Russen-2048x1365.jpg 2048w, https:\/\/www.immobilienbusiness.ch\/wp-content\/uploads\/2021\/01\/Bild-Wohnbaustiftung-Russen-16x12.jpg 16w, https:\/\/www.immobilienbusiness.ch\/wp-content\/uploads\/2021\/01\/Bild-Wohnbaustiftung-Russen-263x175.jpg 263w, https:\/\/www.immobilienbusiness.ch\/wp-content\/uploads\/2021\/01\/Bild-Wohnbaustiftung-Russen-525x350.jpg 525w, https:\/\/www.immobilienbusiness.ch\/wp-content\/uploads\/2021\/01\/Bild-Wohnbaustiftung-Russen-1200x800.jpg 1200w, https:\/\/www.immobilienbusiness.ch\/wp-content\/uploads\/2021\/01\/Bild-Wohnbaustiftung-Russen-920x613.jpg 920w, https:\/\/www.immobilienbusiness.ch\/wp-content\/uploads\/2021\/01\/Bild-Wohnbaustiftung-Russen-1400x933.jpg 1400w\" sizes=\"auto, (max-width: 680px) 100vw, 680px\" \/><figcaption id=\"caption-attachment-23332\" class=\"wp-caption-text\">Christoph Solenthaler e Remo Daguati (Immagine: Fondazione Russen per l'edilizia residenziale)<\/figcaption><\/figure>\n<p>La Fondazione Russen Housing \u00e8 stata fondata nel 1969 da aziende con sede a San Gallo Winkeln che volevano fornire ai propri dipendenti un alloggio a prezzi accessibili. Gli sponsor sono la citt\u00e0 (40%), l'Associazione industriale di Winkeln (30%) e l'Associazione per gli alloggi (30%). La fondazione possiede un totale di 286 appartamenti nel complesso residenziale \"Russen\" a Winkeln e \"Hof\" nella zona di Chr\u00e4zeren.<\/p>\n<p>Christoph Solenthaler ha guidato la Fondazione Russen per circa 21 anni; ora l'ex parlamentare comunale del PLR e presidente dell'HEV della citt\u00e0 di San Gallo vuole cedere le redini. Con Remo Daguati, un altro esponente del PLR assume la presidenza. Daguati e la sua LOC AG sono attivi da oltre cinque anni in settori quali la promozione delle localit\u00e0 e lo sviluppo dei siti. Ha annunciato l'intenzione di rimanere innovativo e di sperimentare nuove forme abitative. Nei prossimi anni, la propriet\u00e0 \"Hof\" sar\u00e0 ampliata e potenziata e la fondazione intende realizzare anche una terza propriet\u00e0 a lungo termine. <em>(ah)<\/em><\/p>","protected":false},"excerpt":{"rendered":"<p>Remo Daguati \u00e8 il nuovo Presidente della Fondazione Russen Housing di San Gallo. Succede a Christoph Solenthaler, che ha diretto la fondazione per oltre 20 anni.<\/p>","protected":false},"author":3,"featured_media":23332,"comment_status":"closed","ping_status":"open","sticky":false,"template":"","format":"standard","meta":{"_acf_changed":false,"_yoast_wpseo_focuskw":"Russen","_yoast_wpseo_title":"","_yoast_wpseo_metadesc":"Remo Daguati ist der neue Pr\u00e4sident der Wohnbaustiftung Russen in St. Gallen. Er folgt auf Christoph Solenthaler.","_yoast_wpseo_linkdex":51,"pgc_sgb_lightbox_settings":"","footnotes":""},"categories":[988],"tags":[1563,1722],"class_list":["post-23331","post","type-post","status-publish","format-standard","has-post-thumbnail","hentry","category-unternehmen","tag-personalia","tag-st-gallen"],"acf":[],"yoast_head":"<!-- This site is optimized with the Yoast SEO plugin v27.5 - https:\/\/yoast.com\/product\/yoast-seo-wordpress\/ -->\n<title>Neuer Pr\u00e4sident f\u00fcr St. Galler Wohnbaustiftung Russen - IMMOBILIEN Business<\/title>\n<meta name=\"description\" content=\"Remo Daguati ist der neue Pr\u00e4sident der Wohnbaustiftung Russen in St. Gallen. Er folgt auf Christoph Solenthaler.\" \/>\n<meta name=\"robots\" content=\"index, follow, max-snippet:-1, max-image-preview:large, max-video-preview:-1\" \/>\n<link rel=\"canonical\" href=\"https:\/\/www.immobilienbusiness.ch\/it\/unternehmen\/2021-01-26\/neuer-praesident-fuer-st-galler-wohnbaustiftung-russen\/\" \/>\n<meta property=\"og:locale\" content=\"it_IT\" \/>\n<meta property=\"og:type\" content=\"article\" \/>\n<meta property=\"og:title\" content=\"Neuer Pr\u00e4sident f\u00fcr St. Galler Wohnbaustiftung Russen - IMMOBILIEN Business\" \/>\n<meta property=\"og:description\" content=\"Remo Daguati ist der neue Pr\u00e4sident der Wohnbaustiftung Russen in St. Gallen. Er folgt auf Christoph Solenthaler.\" \/>\n<meta property=\"og:url\" content=\"https:\/\/www.immobilienbusiness.ch\/it\/unternehmen\/2021-01-26\/neuer-praesident-fuer-st-galler-wohnbaustiftung-russen\/\" \/>\n<meta property=\"og:site_name\" content=\"IMMOBILIEN Business\" \/>\n<meta property=\"article:publisher\" content=\"https:\/\/www.facebook.com\/immobilienbusiness\/\" \/>\n<meta property=\"article:published_time\" content=\"2021-01-26T07:52:35+00:00\" \/>\n<meta property=\"og:image\" content=\"https:\/\/www.immobilienbusiness.ch\/wp-content\/uploads\/2021\/01\/Bild-Wohnbaustiftung-Russen.jpg\" \/>\n\t<meta property=\"og:image:width\" content=\"2560\" \/>\n\t<meta property=\"og:image:height\" content=\"1706\" \/>\n\t<meta property=\"og:image:type\" content=\"image\/jpeg\" \/>\n<meta name=\"author\" content=\"anja.hall\" \/>\n<meta name=\"twitter:card\" content=\"summary_large_image\" \/>\n<meta name=\"twitter:image\" content=\"https:\/\/www.immobilienbusiness.ch\/wp-content\/uploads\/2021\/01\/Bild-Wohnbaustiftung-Russen.jpg\" \/>\n<script type=\"application\/ld+json\" class=\"yoast-schema-graph\">{\"@context\":\"https:\\\/\\\/schema.org\",\"@graph\":[{\"@type\":\"Article\",\"@id\":\"https:\\\/\\\/www.immobilienbusiness.ch\\\/unternehmen\\\/2021-01-26\\\/neuer-praesident-fuer-st-galler-wohnbaustiftung-russen\\\/#article\",\"isPartOf\":{\"@id\":\"https:\\\/\\\/www.immobilienbusiness.ch\\\/unternehmen\\\/2021-01-26\\\/neuer-praesident-fuer-st-galler-wohnbaustiftung-russen\\\/\"},\"author\":{\"name\":\"anja.hall\",\"@id\":\"https:\\\/\\\/www.immobilienbusiness.ch\\\/#\\\/schema\\\/person\\\/3fc036297b10b9f42d6db5ee932af8c8\"},\"headline\":\"Neuer Pr\u00e4sident f\u00fcr St. Galler Wohnbaustiftung Russen\",\"datePublished\":\"2021-01-26T07:52:35+00:00\",\"mainEntityOfPage\":{\"@id\":\"https:\\\/\\\/www.immobilienbusiness.ch\\\/unternehmen\\\/2021-01-26\\\/neuer-praesident-fuer-st-galler-wohnbaustiftung-russen\\\/\"},\"wordCount\":177,\"publisher\":{\"@id\":\"https:\\\/\\\/www.immobilienbusiness.ch\\\/#organization\"},\"image\":{\"@id\":\"https:\\\/\\\/www.immobilienbusiness.ch\\\/unternehmen\\\/2021-01-26\\\/neuer-praesident-fuer-st-galler-wohnbaustiftung-russen\\\/#primaryimage\"},\"thumbnailUrl\":\"https:\\\/\\\/www.immobilienbusiness.ch\\\/wp-content\\\/uploads\\\/2021\\\/01\\\/Bild-Wohnbaustiftung-Russen.jpg\",\"keywords\":[\"Personalia\",\"St. Gallen\"],\"articleSection\":[\"UNTERNEHMEN\"],\"inLanguage\":\"it-IT\"},{\"@type\":\"WebPage\",\"@id\":\"https:\\\/\\\/www.immobilienbusiness.ch\\\/unternehmen\\\/2021-01-26\\\/neuer-praesident-fuer-st-galler-wohnbaustiftung-russen\\\/\",\"url\":\"https:\\\/\\\/www.immobilienbusiness.ch\\\/unternehmen\\\/2021-01-26\\\/neuer-praesident-fuer-st-galler-wohnbaustiftung-russen\\\/\",\"name\":\"Neuer Pr\u00e4sident f\u00fcr St. Galler Wohnbaustiftung Russen - IMMOBILIEN Business\",\"isPartOf\":{\"@id\":\"https:\\\/\\\/www.immobilienbusiness.ch\\\/#website\"},\"primaryImageOfPage\":{\"@id\":\"https:\\\/\\\/www.immobilienbusiness.ch\\\/unternehmen\\\/2021-01-26\\\/neuer-praesident-fuer-st-galler-wohnbaustiftung-russen\\\/#primaryimage\"},\"image\":{\"@id\":\"https:\\\/\\\/www.immobilienbusiness.ch\\\/unternehmen\\\/2021-01-26\\\/neuer-praesident-fuer-st-galler-wohnbaustiftung-russen\\\/#primaryimage\"},\"thumbnailUrl\":\"https:\\\/\\\/www.immobilienbusiness.ch\\\/wp-content\\\/uploads\\\/2021\\\/01\\\/Bild-Wohnbaustiftung-Russen.jpg\",\"datePublished\":\"2021-01-26T07:52:35+00:00\",\"description\":\"Remo Daguati ist der neue Pr\u00e4sident der Wohnbaustiftung Russen in St. Gallen. Er folgt auf Christoph Solenthaler.\",\"breadcrumb\":{\"@id\":\"https:\\\/\\\/www.immobilienbusiness.ch\\\/unternehmen\\\/2021-01-26\\\/neuer-praesident-fuer-st-galler-wohnbaustiftung-russen\\\/#breadcrumb\"},\"inLanguage\":\"it-IT\",\"potentialAction\":[{\"@type\":\"ReadAction\",\"target\":[\"https:\\\/\\\/www.immobilienbusiness.ch\\\/unternehmen\\\/2021-01-26\\\/neuer-praesident-fuer-st-galler-wohnbaustiftung-russen\\\/\"]}]},{\"@type\":\"ImageObject\",\"inLanguage\":\"it-IT\",\"@id\":\"https:\\\/\\\/www.immobilienbusiness.ch\\\/unternehmen\\\/2021-01-26\\\/neuer-praesident-fuer-st-galler-wohnbaustiftung-russen\\\/#primaryimage\",\"url\":\"https:\\\/\\\/www.immobilienbusiness.ch\\\/wp-content\\\/uploads\\\/2021\\\/01\\\/Bild-Wohnbaustiftung-Russen.jpg\",\"contentUrl\":\"https:\\\/\\\/www.immobilienbusiness.ch\\\/wp-content\\\/uploads\\\/2021\\\/01\\\/Bild-Wohnbaustiftung-Russen.jpg\",\"width\":2560,\"height\":1706,\"caption\":\"Christoph Solenthaler und Remo Daguati (Bild: Wohnbaustiftung Russen)\"},{\"@type\":\"BreadcrumbList\",\"@id\":\"https:\\\/\\\/www.immobilienbusiness.ch\\\/unternehmen\\\/2021-01-26\\\/neuer-praesident-fuer-st-galler-wohnbaustiftung-russen\\\/#breadcrumb\",\"itemListElement\":[{\"@type\":\"ListItem\",\"position\":1,\"name\":\"Home\",\"item\":\"https:\\\/\\\/www.immobilienbusiness.ch\\\/\"},{\"@type\":\"ListItem\",\"position\":2,\"name\":\"Neuer Pr\u00e4sident f\u00fcr St. Galler Wohnbaustiftung Russen\"}]},{\"@type\":\"WebSite\",\"@id\":\"https:\\\/\\\/www.immobilienbusiness.ch\\\/#website\",\"url\":\"https:\\\/\\\/www.immobilienbusiness.ch\\\/\",\"name\":\"IMMOBILIEN Business\",\"description\":\"Unabh\u00e4ngiges Schweizer Wirtschaftsmagazin mit Fokus auf Immobilien, Architektur- und Bau sowie Investment- und Finanzierung.\",\"publisher\":{\"@id\":\"https:\\\/\\\/www.immobilienbusiness.ch\\\/#organization\"},\"potentialAction\":[{\"@type\":\"SearchAction\",\"target\":{\"@type\":\"EntryPoint\",\"urlTemplate\":\"https:\\\/\\\/www.immobilienbusiness.ch\\\/?s={search_term_string}\"},\"query-input\":{\"@type\":\"PropertyValueSpecification\",\"valueRequired\":true,\"valueName\":\"search_term_string\"}}],\"inLanguage\":\"it-IT\"},{\"@type\":\"Organization\",\"@id\":\"https:\\\/\\\/www.immobilienbusiness.ch\\\/#organization\",\"name\":\"IMMOBILIEN Business\",\"url\":\"https:\\\/\\\/www.immobilienbusiness.ch\\\/\",\"logo\":{\"@type\":\"ImageObject\",\"inLanguage\":\"it-IT\",\"@id\":\"https:\\\/\\\/www.immobilienbusiness.ch\\\/#\\\/schema\\\/logo\\\/image\\\/\",\"url\":\"https:\\\/\\\/www.immobilienbusiness.ch\\\/wp-content\\\/uploads\\\/2021\\\/07\\\/logo_ib.png\",\"contentUrl\":\"https:\\\/\\\/www.immobilienbusiness.ch\\\/wp-content\\\/uploads\\\/2021\\\/07\\\/logo_ib.png\",\"width\":800,\"height\":181,\"caption\":\"IMMOBILIEN Business\"},\"image\":{\"@id\":\"https:\\\/\\\/www.immobilienbusiness.ch\\\/#\\\/schema\\\/logo\\\/image\\\/\"},\"sameAs\":[\"https:\\\/\\\/www.facebook.com\\\/immobilienbusiness\\\/\"]},{\"@type\":\"Person\",\"@id\":\"https:\\\/\\\/www.immobilienbusiness.ch\\\/#\\\/schema\\\/person\\\/3fc036297b10b9f42d6db5ee932af8c8\",\"name\":\"anja.hall\",\"image\":{\"@type\":\"ImageObject\",\"inLanguage\":\"it-IT\",\"@id\":\"https:\\\/\\\/secure.gravatar.com\\\/avatar\\\/066b5a0d447013502c71a5782f4f3469f03cfe595cc2329fb94652fe47511bfb?s=96&d=mm&r=g\",\"url\":\"https:\\\/\\\/secure.gravatar.com\\\/avatar\\\/066b5a0d447013502c71a5782f4f3469f03cfe595cc2329fb94652fe47511bfb?s=96&d=mm&r=g\",\"contentUrl\":\"https:\\\/\\\/secure.gravatar.com\\\/avatar\\\/066b5a0d447013502c71a5782f4f3469f03cfe595cc2329fb94652fe47511bfb?s=96&d=mm&r=g\",\"caption\":\"anja.hall\"},\"url\":\"https:\\\/\\\/www.immobilienbusiness.ch\\\/it\\\/author\\\/anja-hall\\\/\"}]}<\/script>\n<!-- \/ Yoast SEO plugin. -->","yoast_head_json":{"title":"Neuer Pr\u00e4sident f\u00fcr St. Galler Wohnbaustiftung Russen - IMMOBILIEN Business","description":"Remo Daguati ist der neue Pr\u00e4sident der Wohnbaustiftung Russen in St. Gallen. Er folgt auf Christoph Solenthaler.","robots":{"index":"index","follow":"follow","max-snippet":"max-snippet:-1","max-image-preview":"max-image-preview:large","max-video-preview":"max-video-preview:-1"},"canonical":"https:\/\/www.immobilienbusiness.ch\/it\/unternehmen\/2021-01-26\/neuer-praesident-fuer-st-galler-wohnbaustiftung-russen\/","og_locale":"it_IT","og_type":"article","og_title":"Neuer Pr\u00e4sident f\u00fcr St. Galler Wohnbaustiftung Russen - IMMOBILIEN Business","og_description":"Remo Daguati ist der neue Pr\u00e4sident der Wohnbaustiftung Russen in St. Gallen. Er folgt auf Christoph Solenthaler.","og_url":"https:\/\/www.immobilienbusiness.ch\/it\/unternehmen\/2021-01-26\/neuer-praesident-fuer-st-galler-wohnbaustiftung-russen\/","og_site_name":"IMMOBILIEN Business","article_publisher":"https:\/\/www.facebook.com\/immobilienbusiness\/","article_published_time":"2021-01-26T07:52:35+00:00","og_image":[{"width":2560,"height":1706,"url":"https:\/\/www.immobilienbusiness.ch\/wp-content\/uploads\/2021\/01\/Bild-Wohnbaustiftung-Russen.jpg","type":"image\/jpeg"}],"author":"anja.hall","twitter_card":"summary_large_image","twitter_image":"https:\/\/www.immobilienbusiness.ch\/wp-content\/uploads\/2021\/01\/Bild-Wohnbaustiftung-Russen.jpg","schema":{"@context":"https:\/\/schema.org","@graph":[{"@type":"Article","@id":"https:\/\/www.immobilienbusiness.ch\/unternehmen\/2021-01-26\/neuer-praesident-fuer-st-galler-wohnbaustiftung-russen\/#article","isPartOf":{"@id":"https:\/\/www.immobilienbusiness.ch\/unternehmen\/2021-01-26\/neuer-praesident-fuer-st-galler-wohnbaustiftung-russen\/"},"author":{"name":"anja.hall","@id":"https:\/\/www.immobilienbusiness.ch\/#\/schema\/person\/3fc036297b10b9f42d6db5ee932af8c8"},"headline":"Neuer Pr\u00e4sident f\u00fcr St. Galler Wohnbaustiftung Russen","datePublished":"2021-01-26T07:52:35+00:00","mainEntityOfPage":{"@id":"https:\/\/www.immobilienbusiness.ch\/unternehmen\/2021-01-26\/neuer-praesident-fuer-st-galler-wohnbaustiftung-russen\/"},"wordCount":177,"publisher":{"@id":"https:\/\/www.immobilienbusiness.ch\/#organization"},"image":{"@id":"https:\/\/www.immobilienbusiness.ch\/unternehmen\/2021-01-26\/neuer-praesident-fuer-st-galler-wohnbaustiftung-russen\/#primaryimage"},"thumbnailUrl":"https:\/\/www.immobilienbusiness.ch\/wp-content\/uploads\/2021\/01\/Bild-Wohnbaustiftung-Russen.jpg","keywords":["Personalia","St. Gallen"],"articleSection":["UNTERNEHMEN"],"inLanguage":"it-IT"},{"@type":"WebPage","@id":"https:\/\/www.immobilienbusiness.ch\/unternehmen\/2021-01-26\/neuer-praesident-fuer-st-galler-wohnbaustiftung-russen\/","url":"https:\/\/www.immobilienbusiness.ch\/unternehmen\/2021-01-26\/neuer-praesident-fuer-st-galler-wohnbaustiftung-russen\/","name":"Neuer Pr\u00e4sident f\u00fcr St. Galler Wohnbaustiftung Russen - IMMOBILIEN Business","isPartOf":{"@id":"https:\/\/www.immobilienbusiness.ch\/#website"},"primaryImageOfPage":{"@id":"https:\/\/www.immobilienbusiness.ch\/unternehmen\/2021-01-26\/neuer-praesident-fuer-st-galler-wohnbaustiftung-russen\/#primaryimage"},"image":{"@id":"https:\/\/www.immobilienbusiness.ch\/unternehmen\/2021-01-26\/neuer-praesident-fuer-st-galler-wohnbaustiftung-russen\/#primaryimage"},"thumbnailUrl":"https:\/\/www.immobilienbusiness.ch\/wp-content\/uploads\/2021\/01\/Bild-Wohnbaustiftung-Russen.jpg","datePublished":"2021-01-26T07:52:35+00:00","description":"Remo Daguati ist der neue Pr\u00e4sident der Wohnbaustiftung Russen in St. Gallen. Er folgt auf Christoph Solenthaler.","breadcrumb":{"@id":"https:\/\/www.immobilienbusiness.ch\/unternehmen\/2021-01-26\/neuer-praesident-fuer-st-galler-wohnbaustiftung-russen\/#breadcrumb"},"inLanguage":"it-IT","potentialAction":[{"@type":"ReadAction","target":["https:\/\/www.immobilienbusiness.ch\/unternehmen\/2021-01-26\/neuer-praesident-fuer-st-galler-wohnbaustiftung-russen\/"]}]},{"@type":"ImageObject","inLanguage":"it-IT","@id":"https:\/\/www.immobilienbusiness.ch\/unternehmen\/2021-01-26\/neuer-praesident-fuer-st-galler-wohnbaustiftung-russen\/#primaryimage","url":"https:\/\/www.immobilienbusiness.ch\/wp-content\/uploads\/2021\/01\/Bild-Wohnbaustiftung-Russen.jpg","contentUrl":"https:\/\/www.immobilienbusiness.ch\/wp-content\/uploads\/2021\/01\/Bild-Wohnbaustiftung-Russen.jpg","width":2560,"height":1706,"caption":"Christoph Solenthaler und Remo Daguati (Bild: Wohnbaustiftung Russen)"},{"@type":"BreadcrumbList","@id":"https:\/\/www.immobilienbusiness.ch\/unternehmen\/2021-01-26\/neuer-praesident-fuer-st-galler-wohnbaustiftung-russen\/#breadcrumb","itemListElement":[{"@type":"ListItem","position":1,"name":"Home","item":"https:\/\/www.immobilienbusiness.ch\/"},{"@type":"ListItem","position":2,"name":"Neuer Pr\u00e4sident f\u00fcr St. Galler Wohnbaustiftung Russen"}]},{"@type":"WebSite","@id":"https:\/\/www.immobilienbusiness.ch\/#website","url":"https:\/\/www.immobilienbusiness.ch\/","name":"Affari immobiliari","description":"Rivista economica indipendente svizzera che si concentra sul settore immobiliare, l'architettura e la costruzione, nonch\u00e9 sugli investimenti e i finanziamenti.","publisher":{"@id":"https:\/\/www.immobilienbusiness.ch\/#organization"},"potentialAction":[{"@type":"SearchAction","target":{"@type":"EntryPoint","urlTemplate":"https:\/\/www.immobilienbusiness.ch\/?s={search_term_string}"},"query-input":{"@type":"PropertyValueSpecification","valueRequired":true,"valueName":"search_term_string"}}],"inLanguage":"it-IT"},{"@type":"Organization","@id":"https:\/\/www.immobilienbusiness.ch\/#organization","name":"Affari immobiliari","url":"https:\/\/www.immobilienbusiness.ch\/","logo":{"@type":"ImageObject","inLanguage":"it-IT","@id":"https:\/\/www.immobilienbusiness.ch\/#\/schema\/logo\/image\/","url":"https:\/\/www.immobilienbusiness.ch\/wp-content\/uploads\/2021\/07\/logo_ib.png","contentUrl":"https:\/\/www.immobilienbusiness.ch\/wp-content\/uploads\/2021\/07\/logo_ib.png","width":800,"height":181,"caption":"IMMOBILIEN Business"},"image":{"@id":"https:\/\/www.immobilienbusiness.ch\/#\/schema\/logo\/image\/"},"sameAs":["https:\/\/www.facebook.com\/immobilienbusiness\/"]},{"@type":"Person","@id":"https:\/\/www.immobilienbusiness.ch\/#\/schema\/person\/3fc036297b10b9f42d6db5ee932af8c8","name":"anja.hall","image":{"@type":"ImageObject","inLanguage":"it-IT","@id":"https:\/\/secure.gravatar.com\/avatar\/066b5a0d447013502c71a5782f4f3469f03cfe595cc2329fb94652fe47511bfb?s=96&d=mm&r=g","url":"https:\/\/secure.gravatar.com\/avatar\/066b5a0d447013502c71a5782f4f3469f03cfe595cc2329fb94652fe47511bfb?s=96&d=mm&r=g","contentUrl":"https:\/\/secure.gravatar.com\/avatar\/066b5a0d447013502c71a5782f4f3469f03cfe595cc2329fb94652fe47511bfb?s=96&d=mm&r=g","caption":"anja.hall"},"url":"https:\/\/www.immobilienbusiness.ch\/it\/author\/anja-hall\/"}]}},"_links":{"self":[{"href":"https:\/\/www.immobilienbusiness.ch\/it\/wp-json\/wp\/v2\/posts\/23331","targetHints":{"allow":["GET"]}}],"collection":[{"href":"https:\/\/www.immobilienbusiness.ch\/it\/wp-json\/wp\/v2\/posts"}],"about":[{"href":"https:\/\/www.immobilienbusiness.ch\/it\/wp-json\/wp\/v2\/types\/post"}],"author":[{"embeddable":true,"href":"https:\/\/www.immobilienbusiness.ch\/it\/wp-json\/wp\/v2\/users\/3"}],"replies":[{"embeddable":true,"href":"https:\/\/www.immobilienbusiness.ch\/it\/wp-json\/wp\/v2\/comments?post=23331"}],"version-history":[{"count":0,"href":"https:\/\/www.immobilienbusiness.ch\/it\/wp-json\/wp\/v2\/posts\/23331\/revisions"}],"wp:featuredmedia":[{"embeddable":true,"href":"https:\/\/www.immobilienbusiness.ch\/it\/wp-json\/wp\/v2\/media\/23332"}],"wp:attachment":[{"href":"https:\/\/www.immobilienbusiness.ch\/it\/wp-json\/wp\/v2\/media?parent=23331"}],"wp:term":[{"taxonomy":"category","embeddable":true,"href":"https:\/\/www.immobilienbusiness.ch\/it\/wp-json\/wp\/v2\/categories?post=23331"},{"taxonomy":"post_tag","embeddable":true,"href":"https:\/\/www.immobilienbusiness.ch\/it\/wp-json\/wp\/v2\/tags?post=23331"}],"curies":[{"name":"wp","href":"https:\/\/api.w.org\/{rel}","templated":true}]}}