{"id":23309,"date":"2021-01-22T08:45:13","date_gmt":"2021-01-22T07:45:13","guid":{"rendered":"https:\/\/www.immobilienbusiness.ch\/?p=23309"},"modified":"2021-01-22T08:45:13","modified_gmt":"2021-01-22T07:45:13","slug":"privera-schafft-neuen-bereich-vermarktung","status":"publish","type":"post","link":"https:\/\/www.immobilienbusiness.ch\/it\/unternehmen\/2021-01-22\/privera-schafft-neuen-bereich-vermarktung\/","title":{"rendered":"Privera crea una nuova divisione marketing"},"content":{"rendered":"<figure id=\"attachment_1833\" aria-describedby=\"caption-attachment-1833\" style=\"width: 680px\" class=\"wp-caption alignnone\"><img loading=\"lazy\" decoding=\"async\" class=\"size-medium wp-image-1833\" src=\"https:\/\/www.immobilienbusiness.ch\/wp-content\/uploads\/2016\/12\/Zug-regelt-Hochhaus-Neubauten-immobilien-business.jpg\" alt=\"\" width=\"680\" height=\"510\" srcset=\"https:\/\/www.immobilienbusiness.ch\/wp-content\/uploads\/2016\/12\/Zug-regelt-Hochhaus-Neubauten-immobilien-business.jpg 1280w, https:\/\/www.immobilienbusiness.ch\/wp-content\/uploads\/2016\/12\/Zug-regelt-Hochhaus-Neubauten-immobilien-business-300x225.jpg 300w, https:\/\/www.immobilienbusiness.ch\/wp-content\/uploads\/2016\/12\/Zug-regelt-Hochhaus-Neubauten-immobilien-business-1024x768.jpg 1024w, https:\/\/www.immobilienbusiness.ch\/wp-content\/uploads\/2016\/12\/Zug-regelt-Hochhaus-Neubauten-immobilien-business-768x576.jpg 768w, https:\/\/www.immobilienbusiness.ch\/wp-content\/uploads\/2016\/12\/Zug-regelt-Hochhaus-Neubauten-immobilien-business-16x12.jpg 16w, https:\/\/www.immobilienbusiness.ch\/wp-content\/uploads\/2016\/12\/Zug-regelt-Hochhaus-Neubauten-immobilien-business-233x175.jpg 233w, https:\/\/www.immobilienbusiness.ch\/wp-content\/uploads\/2016\/12\/Zug-regelt-Hochhaus-Neubauten-immobilien-business-467x350.jpg 467w, https:\/\/www.immobilienbusiness.ch\/wp-content\/uploads\/2016\/12\/Zug-regelt-Hochhaus-Neubauten-immobilien-business-1067x800.jpg 1067w, https:\/\/www.immobilienbusiness.ch\/wp-content\/uploads\/2016\/12\/Zug-regelt-Hochhaus-Neubauten-immobilien-business-920x690.jpg 920w\" sizes=\"auto, (max-width: 680px) 100vw, 680px\" \/><figcaption id=\"caption-attachment-1833\" class=\"wp-caption-text\">Privera fonda una nuova divisione per il marketing (Immagine: Pixabay)<\/figcaption><\/figure>\n<p>Nella nuova divisione Marketing Svizzera, Privera riunisce i due dipartimenti Rental Management e Trade; la nuova unit\u00e0 organizzativa \u00e8 diretta da Marcel Frick, finora responsabile di Rental Management Svizzera. Tuttavia, sia il Rental Management che il Trade continueranno ad operare come linee di servizio indipendenti, informa Privera.<\/p>\n<p>A gennaio, la divisione Center Management \u00e8 stata rinominata Retail &amp; Site Management. Secondo il fornitore di servizi immobiliari, questo \u00e8 destinato a riflettere i vari servizi della divisione, che vanno oltre la gestione dei centri commerciali e comprendono il marketing al dettaglio, il coordinamento delle associazioni di inquilini e la gestione di siti complessi. <em>(ah)<\/em><\/p>","protected":false},"excerpt":{"rendered":"<p>Il fornitore di servizi immobiliari Privera sta facendo cambiamenti organizzativi nel nuovo anno. C'\u00e8 una nuova divisione marketing e l'ex direzione del centro viene rinominata.<\/p>","protected":false},"author":3,"featured_media":1833,"comment_status":"closed","ping_status":"open","sticky":false,"template":"","format":"standard","meta":{"_acf_changed":false,"_yoast_wpseo_focuskw":"Privera","_yoast_wpseo_title":"","_yoast_wpseo_metadesc":"Beim Immobiliendienstleister Privera kommt es mit dem neuen Jahr zu organisatorischen Ver\u00e4nderungen. Neu gibt es den Bereich Vermarktung.","_yoast_wpseo_linkdex":41,"pgc_sgb_lightbox_settings":"","footnotes":""},"categories":[988],"tags":[1340,1596],"class_list":["post-23309","post","type-post","status-publish","format-standard","has-post-thumbnail","hentry","category-unternehmen","tag-immobiliendienstleister","tag-privera"],"acf":[],"yoast_head":"<!-- This site is optimized with the Yoast SEO plugin v27.5 - https:\/\/yoast.com\/product\/yoast-seo-wordpress\/ -->\n<title>Privera schafft neuen Bereich Vermarktung - IMMOBILIEN Business<\/title>\n<meta name=\"description\" content=\"Beim Immobiliendienstleister Privera kommt es mit dem neuen Jahr zu organisatorischen Ver\u00e4nderungen. Neu gibt es den Bereich Vermarktung.\" \/>\n<meta name=\"robots\" content=\"index, follow, max-snippet:-1, max-image-preview:large, max-video-preview:-1\" \/>\n<link rel=\"canonical\" href=\"https:\/\/www.immobilienbusiness.ch\/it\/unternehmen\/2021-01-22\/privera-schafft-neuen-bereich-vermarktung\/\" \/>\n<meta property=\"og:locale\" content=\"it_IT\" \/>\n<meta property=\"og:type\" content=\"article\" \/>\n<meta property=\"og:title\" content=\"Privera schafft neuen Bereich Vermarktung - IMMOBILIEN Business\" \/>\n<meta property=\"og:description\" content=\"Beim Immobiliendienstleister Privera kommt es mit dem neuen Jahr zu organisatorischen Ver\u00e4nderungen. Neu gibt es den Bereich Vermarktung.\" \/>\n<meta property=\"og:url\" content=\"https:\/\/www.immobilienbusiness.ch\/it\/unternehmen\/2021-01-22\/privera-schafft-neuen-bereich-vermarktung\/\" \/>\n<meta property=\"og:site_name\" content=\"IMMOBILIEN Business\" \/>\n<meta property=\"article:publisher\" content=\"https:\/\/www.facebook.com\/immobilienbusiness\/\" \/>\n<meta property=\"article:published_time\" content=\"2021-01-22T07:45:13+00:00\" \/>\n<meta property=\"og:image\" content=\"https:\/\/www.immobilienbusiness.ch\/wp-content\/uploads\/2016\/12\/Zug-regelt-Hochhaus-Neubauten-immobilien-business.jpg\" \/>\n\t<meta property=\"og:image:width\" content=\"1280\" \/>\n\t<meta property=\"og:image:height\" content=\"960\" \/>\n\t<meta property=\"og:image:type\" content=\"image\/jpeg\" \/>\n<meta name=\"author\" content=\"anja.hall\" \/>\n<meta name=\"twitter:card\" content=\"summary_large_image\" \/>\n<meta name=\"twitter:image\" content=\"https:\/\/www.immobilienbusiness.ch\/wp-content\/uploads\/2016\/12\/Zug-regelt-Hochhaus-Neubauten-immobilien-business.jpg\" \/>\n<script type=\"application\/ld+json\" class=\"yoast-schema-graph\">{\"@context\":\"https:\\\/\\\/schema.org\",\"@graph\":[{\"@type\":\"Article\",\"@id\":\"https:\\\/\\\/www.immobilienbusiness.ch\\\/de\\\/unternehmen\\\/2021-01-22\\\/privera-schafft-neuen-bereich-vermarktung\\\/#article\",\"isPartOf\":{\"@id\":\"https:\\\/\\\/www.immobilienbusiness.ch\\\/de\\\/unternehmen\\\/2021-01-22\\\/privera-schafft-neuen-bereich-vermarktung\\\/\"},\"author\":{\"name\":\"anja.hall\",\"@id\":\"https:\\\/\\\/www.immobilienbusiness.ch\\\/#\\\/schema\\\/person\\\/3fc036297b10b9f42d6db5ee932af8c8\"},\"headline\":\"Privera schafft neuen Bereich Vermarktung\",\"datePublished\":\"2021-01-22T07:45:13+00:00\",\"mainEntityOfPage\":{\"@id\":\"https:\\\/\\\/www.immobilienbusiness.ch\\\/de\\\/unternehmen\\\/2021-01-22\\\/privera-schafft-neuen-bereich-vermarktung\\\/\"},\"wordCount\":116,\"publisher\":{\"@id\":\"https:\\\/\\\/www.immobilienbusiness.ch\\\/#organization\"},\"image\":{\"@id\":\"https:\\\/\\\/www.immobilienbusiness.ch\\\/de\\\/unternehmen\\\/2021-01-22\\\/privera-schafft-neuen-bereich-vermarktung\\\/#primaryimage\"},\"thumbnailUrl\":\"https:\\\/\\\/www.immobilienbusiness.ch\\\/wp-content\\\/uploads\\\/2016\\\/12\\\/Zug-regelt-Hochhaus-Neubauten-immobilien-business.jpg\",\"keywords\":[\"Immobiliendienstleister\",\"Privera\"],\"articleSection\":[\"UNTERNEHMEN\"],\"inLanguage\":\"it-IT\"},{\"@type\":\"WebPage\",\"@id\":\"https:\\\/\\\/www.immobilienbusiness.ch\\\/de\\\/unternehmen\\\/2021-01-22\\\/privera-schafft-neuen-bereich-vermarktung\\\/\",\"url\":\"https:\\\/\\\/www.immobilienbusiness.ch\\\/de\\\/unternehmen\\\/2021-01-22\\\/privera-schafft-neuen-bereich-vermarktung\\\/\",\"name\":\"Privera schafft neuen Bereich Vermarktung - IMMOBILIEN Business\",\"isPartOf\":{\"@id\":\"https:\\\/\\\/www.immobilienbusiness.ch\\\/#website\"},\"primaryImageOfPage\":{\"@id\":\"https:\\\/\\\/www.immobilienbusiness.ch\\\/de\\\/unternehmen\\\/2021-01-22\\\/privera-schafft-neuen-bereich-vermarktung\\\/#primaryimage\"},\"image\":{\"@id\":\"https:\\\/\\\/www.immobilienbusiness.ch\\\/de\\\/unternehmen\\\/2021-01-22\\\/privera-schafft-neuen-bereich-vermarktung\\\/#primaryimage\"},\"thumbnailUrl\":\"https:\\\/\\\/www.immobilienbusiness.ch\\\/wp-content\\\/uploads\\\/2016\\\/12\\\/Zug-regelt-Hochhaus-Neubauten-immobilien-business.jpg\",\"datePublished\":\"2021-01-22T07:45:13+00:00\",\"description\":\"Beim Immobiliendienstleister Privera kommt es mit dem neuen Jahr zu organisatorischen Ver\u00e4nderungen. Neu gibt es den Bereich Vermarktung.\",\"breadcrumb\":{\"@id\":\"https:\\\/\\\/www.immobilienbusiness.ch\\\/de\\\/unternehmen\\\/2021-01-22\\\/privera-schafft-neuen-bereich-vermarktung\\\/#breadcrumb\"},\"inLanguage\":\"it-IT\",\"potentialAction\":[{\"@type\":\"ReadAction\",\"target\":[\"https:\\\/\\\/www.immobilienbusiness.ch\\\/de\\\/unternehmen\\\/2021-01-22\\\/privera-schafft-neuen-bereich-vermarktung\\\/\"]}]},{\"@type\":\"ImageObject\",\"inLanguage\":\"it-IT\",\"@id\":\"https:\\\/\\\/www.immobilienbusiness.ch\\\/de\\\/unternehmen\\\/2021-01-22\\\/privera-schafft-neuen-bereich-vermarktung\\\/#primaryimage\",\"url\":\"https:\\\/\\\/www.immobilienbusiness.ch\\\/wp-content\\\/uploads\\\/2016\\\/12\\\/Zug-regelt-Hochhaus-Neubauten-immobilien-business.jpg\",\"contentUrl\":\"https:\\\/\\\/www.immobilienbusiness.ch\\\/wp-content\\\/uploads\\\/2016\\\/12\\\/Zug-regelt-Hochhaus-Neubauten-immobilien-business.jpg\",\"width\":1280,\"height\":960,\"caption\":\"Die Stadt Zug l\u00e4sst Hochh\u00e4user k\u00fcnftig nur in vier Zonen zu (Foto: Pixabay)\"},{\"@type\":\"BreadcrumbList\",\"@id\":\"https:\\\/\\\/www.immobilienbusiness.ch\\\/de\\\/unternehmen\\\/2021-01-22\\\/privera-schafft-neuen-bereich-vermarktung\\\/#breadcrumb\",\"itemListElement\":[{\"@type\":\"ListItem\",\"position\":1,\"name\":\"Home\",\"item\":\"https:\\\/\\\/www.immobilienbusiness.ch\\\/\"},{\"@type\":\"ListItem\",\"position\":2,\"name\":\"Privera schafft neuen Bereich Vermarktung\"}]},{\"@type\":\"WebSite\",\"@id\":\"https:\\\/\\\/www.immobilienbusiness.ch\\\/#website\",\"url\":\"https:\\\/\\\/www.immobilienbusiness.ch\\\/\",\"name\":\"IMMOBILIEN Business\",\"description\":\"Unabh\u00e4ngiges Schweizer Wirtschaftsmagazin mit Fokus auf Immobilien, Architektur- und Bau sowie Investment- und Finanzierung.\",\"publisher\":{\"@id\":\"https:\\\/\\\/www.immobilienbusiness.ch\\\/#organization\"},\"potentialAction\":[{\"@type\":\"SearchAction\",\"target\":{\"@type\":\"EntryPoint\",\"urlTemplate\":\"https:\\\/\\\/www.immobilienbusiness.ch\\\/?s={search_term_string}\"},\"query-input\":{\"@type\":\"PropertyValueSpecification\",\"valueRequired\":true,\"valueName\":\"search_term_string\"}}],\"inLanguage\":\"it-IT\"},{\"@type\":\"Organization\",\"@id\":\"https:\\\/\\\/www.immobilienbusiness.ch\\\/#organization\",\"name\":\"IMMOBILIEN Business\",\"url\":\"https:\\\/\\\/www.immobilienbusiness.ch\\\/\",\"logo\":{\"@type\":\"ImageObject\",\"inLanguage\":\"it-IT\",\"@id\":\"https:\\\/\\\/www.immobilienbusiness.ch\\\/#\\\/schema\\\/logo\\\/image\\\/\",\"url\":\"https:\\\/\\\/www.immobilienbusiness.ch\\\/wp-content\\\/uploads\\\/2021\\\/07\\\/logo_ib.png\",\"contentUrl\":\"https:\\\/\\\/www.immobilienbusiness.ch\\\/wp-content\\\/uploads\\\/2021\\\/07\\\/logo_ib.png\",\"width\":800,\"height\":181,\"caption\":\"IMMOBILIEN Business\"},\"image\":{\"@id\":\"https:\\\/\\\/www.immobilienbusiness.ch\\\/#\\\/schema\\\/logo\\\/image\\\/\"},\"sameAs\":[\"https:\\\/\\\/www.facebook.com\\\/immobilienbusiness\\\/\"]},{\"@type\":\"Person\",\"@id\":\"https:\\\/\\\/www.immobilienbusiness.ch\\\/#\\\/schema\\\/person\\\/3fc036297b10b9f42d6db5ee932af8c8\",\"name\":\"anja.hall\",\"image\":{\"@type\":\"ImageObject\",\"inLanguage\":\"it-IT\",\"@id\":\"https:\\\/\\\/secure.gravatar.com\\\/avatar\\\/066b5a0d447013502c71a5782f4f3469f03cfe595cc2329fb94652fe47511bfb?s=96&d=mm&r=g\",\"url\":\"https:\\\/\\\/secure.gravatar.com\\\/avatar\\\/066b5a0d447013502c71a5782f4f3469f03cfe595cc2329fb94652fe47511bfb?s=96&d=mm&r=g\",\"contentUrl\":\"https:\\\/\\\/secure.gravatar.com\\\/avatar\\\/066b5a0d447013502c71a5782f4f3469f03cfe595cc2329fb94652fe47511bfb?s=96&d=mm&r=g\",\"caption\":\"anja.hall\"},\"url\":\"https:\\\/\\\/www.immobilienbusiness.ch\\\/it\\\/author\\\/anja-hall\\\/\"}]}<\/script>\n<!-- \/ Yoast SEO plugin. -->","yoast_head_json":{"title":"Privera schafft neuen Bereich Vermarktung - IMMOBILIEN Business","description":"Beim Immobiliendienstleister Privera kommt es mit dem neuen Jahr zu organisatorischen Ver\u00e4nderungen. Neu gibt es den Bereich Vermarktung.","robots":{"index":"index","follow":"follow","max-snippet":"max-snippet:-1","max-image-preview":"max-image-preview:large","max-video-preview":"max-video-preview:-1"},"canonical":"https:\/\/www.immobilienbusiness.ch\/it\/unternehmen\/2021-01-22\/privera-schafft-neuen-bereich-vermarktung\/","og_locale":"it_IT","og_type":"article","og_title":"Privera schafft neuen Bereich Vermarktung - IMMOBILIEN Business","og_description":"Beim Immobiliendienstleister Privera kommt es mit dem neuen Jahr zu organisatorischen Ver\u00e4nderungen. Neu gibt es den Bereich Vermarktung.","og_url":"https:\/\/www.immobilienbusiness.ch\/it\/unternehmen\/2021-01-22\/privera-schafft-neuen-bereich-vermarktung\/","og_site_name":"IMMOBILIEN Business","article_publisher":"https:\/\/www.facebook.com\/immobilienbusiness\/","article_published_time":"2021-01-22T07:45:13+00:00","og_image":[{"width":1280,"height":960,"url":"https:\/\/www.immobilienbusiness.ch\/wp-content\/uploads\/2016\/12\/Zug-regelt-Hochhaus-Neubauten-immobilien-business.jpg","type":"image\/jpeg"}],"author":"anja.hall","twitter_card":"summary_large_image","twitter_image":"https:\/\/www.immobilienbusiness.ch\/wp-content\/uploads\/2016\/12\/Zug-regelt-Hochhaus-Neubauten-immobilien-business.jpg","schema":{"@context":"https:\/\/schema.org","@graph":[{"@type":"Article","@id":"https:\/\/www.immobilienbusiness.ch\/de\/unternehmen\/2021-01-22\/privera-schafft-neuen-bereich-vermarktung\/#article","isPartOf":{"@id":"https:\/\/www.immobilienbusiness.ch\/de\/unternehmen\/2021-01-22\/privera-schafft-neuen-bereich-vermarktung\/"},"author":{"name":"anja.hall","@id":"https:\/\/www.immobilienbusiness.ch\/#\/schema\/person\/3fc036297b10b9f42d6db5ee932af8c8"},"headline":"Privera schafft neuen Bereich Vermarktung","datePublished":"2021-01-22T07:45:13+00:00","mainEntityOfPage":{"@id":"https:\/\/www.immobilienbusiness.ch\/de\/unternehmen\/2021-01-22\/privera-schafft-neuen-bereich-vermarktung\/"},"wordCount":116,"publisher":{"@id":"https:\/\/www.immobilienbusiness.ch\/#organization"},"image":{"@id":"https:\/\/www.immobilienbusiness.ch\/de\/unternehmen\/2021-01-22\/privera-schafft-neuen-bereich-vermarktung\/#primaryimage"},"thumbnailUrl":"https:\/\/www.immobilienbusiness.ch\/wp-content\/uploads\/2016\/12\/Zug-regelt-Hochhaus-Neubauten-immobilien-business.jpg","keywords":["Immobiliendienstleister","Privera"],"articleSection":["UNTERNEHMEN"],"inLanguage":"it-IT"},{"@type":"WebPage","@id":"https:\/\/www.immobilienbusiness.ch\/de\/unternehmen\/2021-01-22\/privera-schafft-neuen-bereich-vermarktung\/","url":"https:\/\/www.immobilienbusiness.ch\/de\/unternehmen\/2021-01-22\/privera-schafft-neuen-bereich-vermarktung\/","name":"Privera schafft neuen Bereich Vermarktung - IMMOBILIEN Business","isPartOf":{"@id":"https:\/\/www.immobilienbusiness.ch\/#website"},"primaryImageOfPage":{"@id":"https:\/\/www.immobilienbusiness.ch\/de\/unternehmen\/2021-01-22\/privera-schafft-neuen-bereich-vermarktung\/#primaryimage"},"image":{"@id":"https:\/\/www.immobilienbusiness.ch\/de\/unternehmen\/2021-01-22\/privera-schafft-neuen-bereich-vermarktung\/#primaryimage"},"thumbnailUrl":"https:\/\/www.immobilienbusiness.ch\/wp-content\/uploads\/2016\/12\/Zug-regelt-Hochhaus-Neubauten-immobilien-business.jpg","datePublished":"2021-01-22T07:45:13+00:00","description":"Beim Immobiliendienstleister Privera kommt es mit dem neuen Jahr zu organisatorischen Ver\u00e4nderungen. Neu gibt es den Bereich Vermarktung.","breadcrumb":{"@id":"https:\/\/www.immobilienbusiness.ch\/de\/unternehmen\/2021-01-22\/privera-schafft-neuen-bereich-vermarktung\/#breadcrumb"},"inLanguage":"it-IT","potentialAction":[{"@type":"ReadAction","target":["https:\/\/www.immobilienbusiness.ch\/de\/unternehmen\/2021-01-22\/privera-schafft-neuen-bereich-vermarktung\/"]}]},{"@type":"ImageObject","inLanguage":"it-IT","@id":"https:\/\/www.immobilienbusiness.ch\/de\/unternehmen\/2021-01-22\/privera-schafft-neuen-bereich-vermarktung\/#primaryimage","url":"https:\/\/www.immobilienbusiness.ch\/wp-content\/uploads\/2016\/12\/Zug-regelt-Hochhaus-Neubauten-immobilien-business.jpg","contentUrl":"https:\/\/www.immobilienbusiness.ch\/wp-content\/uploads\/2016\/12\/Zug-regelt-Hochhaus-Neubauten-immobilien-business.jpg","width":1280,"height":960,"caption":"Die Stadt Zug l\u00e4sst Hochh\u00e4user k\u00fcnftig nur in vier Zonen zu (Foto: Pixabay)"},{"@type":"BreadcrumbList","@id":"https:\/\/www.immobilienbusiness.ch\/de\/unternehmen\/2021-01-22\/privera-schafft-neuen-bereich-vermarktung\/#breadcrumb","itemListElement":[{"@type":"ListItem","position":1,"name":"Home","item":"https:\/\/www.immobilienbusiness.ch\/"},{"@type":"ListItem","position":2,"name":"Privera schafft neuen Bereich Vermarktung"}]},{"@type":"WebSite","@id":"https:\/\/www.immobilienbusiness.ch\/#website","url":"https:\/\/www.immobilienbusiness.ch\/","name":"Affari immobiliari","description":"Rivista economica indipendente svizzera che si concentra sul settore immobiliare, l'architettura e la costruzione, nonch\u00e9 sugli investimenti e i finanziamenti.","publisher":{"@id":"https:\/\/www.immobilienbusiness.ch\/#organization"},"potentialAction":[{"@type":"SearchAction","target":{"@type":"EntryPoint","urlTemplate":"https:\/\/www.immobilienbusiness.ch\/?s={search_term_string}"},"query-input":{"@type":"PropertyValueSpecification","valueRequired":true,"valueName":"search_term_string"}}],"inLanguage":"it-IT"},{"@type":"Organization","@id":"https:\/\/www.immobilienbusiness.ch\/#organization","name":"Affari immobiliari","url":"https:\/\/www.immobilienbusiness.ch\/","logo":{"@type":"ImageObject","inLanguage":"it-IT","@id":"https:\/\/www.immobilienbusiness.ch\/#\/schema\/logo\/image\/","url":"https:\/\/www.immobilienbusiness.ch\/wp-content\/uploads\/2021\/07\/logo_ib.png","contentUrl":"https:\/\/www.immobilienbusiness.ch\/wp-content\/uploads\/2021\/07\/logo_ib.png","width":800,"height":181,"caption":"IMMOBILIEN Business"},"image":{"@id":"https:\/\/www.immobilienbusiness.ch\/#\/schema\/logo\/image\/"},"sameAs":["https:\/\/www.facebook.com\/immobilienbusiness\/"]},{"@type":"Person","@id":"https:\/\/www.immobilienbusiness.ch\/#\/schema\/person\/3fc036297b10b9f42d6db5ee932af8c8","name":"anja.hall","image":{"@type":"ImageObject","inLanguage":"it-IT","@id":"https:\/\/secure.gravatar.com\/avatar\/066b5a0d447013502c71a5782f4f3469f03cfe595cc2329fb94652fe47511bfb?s=96&d=mm&r=g","url":"https:\/\/secure.gravatar.com\/avatar\/066b5a0d447013502c71a5782f4f3469f03cfe595cc2329fb94652fe47511bfb?s=96&d=mm&r=g","contentUrl":"https:\/\/secure.gravatar.com\/avatar\/066b5a0d447013502c71a5782f4f3469f03cfe595cc2329fb94652fe47511bfb?s=96&d=mm&r=g","caption":"anja.hall"},"url":"https:\/\/www.immobilienbusiness.ch\/it\/author\/anja-hall\/"}]}},"_links":{"self":[{"href":"https:\/\/www.immobilienbusiness.ch\/it\/wp-json\/wp\/v2\/posts\/23309","targetHints":{"allow":["GET"]}}],"collection":[{"href":"https:\/\/www.immobilienbusiness.ch\/it\/wp-json\/wp\/v2\/posts"}],"about":[{"href":"https:\/\/www.immobilienbusiness.ch\/it\/wp-json\/wp\/v2\/types\/post"}],"author":[{"embeddable":true,"href":"https:\/\/www.immobilienbusiness.ch\/it\/wp-json\/wp\/v2\/users\/3"}],"replies":[{"embeddable":true,"href":"https:\/\/www.immobilienbusiness.ch\/it\/wp-json\/wp\/v2\/comments?post=23309"}],"version-history":[{"count":0,"href":"https:\/\/www.immobilienbusiness.ch\/it\/wp-json\/wp\/v2\/posts\/23309\/revisions"}],"wp:featuredmedia":[{"embeddable":true,"href":"https:\/\/www.immobilienbusiness.ch\/it\/wp-json\/wp\/v2\/media\/1833"}],"wp:attachment":[{"href":"https:\/\/www.immobilienbusiness.ch\/it\/wp-json\/wp\/v2\/media?parent=23309"}],"wp:term":[{"taxonomy":"category","embeddable":true,"href":"https:\/\/www.immobilienbusiness.ch\/it\/wp-json\/wp\/v2\/categories?post=23309"},{"taxonomy":"post_tag","embeddable":true,"href":"https:\/\/www.immobilienbusiness.ch\/it\/wp-json\/wp\/v2\/tags?post=23309"}],"curies":[{"name":"wp","href":"https:\/\/api.w.org\/{rel}","templated":true}]}}