{"id":23207,"date":"2021-01-08T08:40:48","date_gmt":"2021-01-08T07:40:48","guid":{"rendered":"https:\/\/www.immobilienbusiness.ch\/?p=23207"},"modified":"2021-01-08T08:40:48","modified_gmt":"2021-01-08T07:40:48","slug":"digitec-galaxus-plant-logistikzentrum-in-utzenstorf","status":"publish","type":"post","link":"https:\/\/www.immobilienbusiness.ch\/it\/regionen\/2021-01-08\/digitec-galaxus-plant-logistikzentrum-in-utzenstorf\/","title":{"rendered":"Digitec Galaxus progetta un centro logistico a Utzenstorf"},"content":{"rendered":"<figure id=\"attachment_23208\" aria-describedby=\"caption-attachment-23208\" style=\"width: 680px\" class=\"wp-caption alignnone\"><img loading=\"lazy\" decoding=\"async\" class=\"size-medium wp-image-23208\" src=\"https:\/\/www.immobilienbusiness.ch\/wp-content\/uploads\/2021\/01\/Utzenstorf.jpg\" alt=\"\" width=\"680\" height=\"453\" srcset=\"https:\/\/www.immobilienbusiness.ch\/wp-content\/uploads\/2021\/01\/Utzenstorf.jpg 1297w, https:\/\/www.immobilienbusiness.ch\/wp-content\/uploads\/2021\/01\/Utzenstorf-300x200.jpg 300w, https:\/\/www.immobilienbusiness.ch\/wp-content\/uploads\/2021\/01\/Utzenstorf-1024x682.jpg 1024w, https:\/\/www.immobilienbusiness.ch\/wp-content\/uploads\/2021\/01\/Utzenstorf-768x512.jpg 768w, https:\/\/www.immobilienbusiness.ch\/wp-content\/uploads\/2021\/01\/Utzenstorf-16x12.jpg 16w, https:\/\/www.immobilienbusiness.ch\/wp-content\/uploads\/2021\/01\/Utzenstorf-263x175.jpg 263w, https:\/\/www.immobilienbusiness.ch\/wp-content\/uploads\/2021\/01\/Utzenstorf-525x350.jpg 525w, https:\/\/www.immobilienbusiness.ch\/wp-content\/uploads\/2021\/01\/Utzenstorf-1201x800.jpg 1201w, https:\/\/www.immobilienbusiness.ch\/wp-content\/uploads\/2021\/01\/Utzenstorf-920x613.jpg 920w\" sizes=\"auto, (max-width: 680px) 100vw, 680px\" \/><figcaption id=\"caption-attachment-23208\" class=\"wp-caption-text\">La prevista sede di Digitec Galaxus a Utzenstorf (immagine: Migros Aare)<\/figcaption><\/figure>\n<p>Come ha annunciato Migros Aare, il proprietario del sito, il secondo centro di distribuzione e servizio dopo Wohlen per la filiale online Digitec Galaxus sar\u00e0 costruito sul sito. Secondo la Migros, il commercio online in costante crescita, che nel 2020 \u00e8 nuovamente aumentato a un tasso superiore alla media a causa della pandemia di Corona, porta la sede di Wohlen ai suoi limiti di capacit\u00e0 prima del previsto. La necessit\u00e0 di una nuova e pi\u00f9 grande seconda sede esiste gi\u00e0 dal 2023.<\/p>\n<p>Fino ad allora, il proprietario dell'edificio Digitec Galaxus vuole mettere in funzione un nuovo centro a Utzenstorf. \u00c8 previsto un edificio centrale per le operazioni in cui gli articoli saranno trasportati tramite le merci in arrivo a uno dei quattro magazzini completamente automatizzati. Una volta ricevute le ordinazioni, queste saranno prelevate, imballate e trasferite al centro di smistamento pacchi della Posta, previsto anche nella sede di Migros Aare.<\/p>\n<p>La domanda di costruzione per la prevista nuova costruzione del centro pacchi della Posta deve essere presentata nella primavera del 2021. Dato che gli edifici hanno dimensioni e periodi di costruzione diversi, devono essere messi in funzione simultaneamente nel 2023. <em>(ah)<\/em><\/p>","protected":false},"excerpt":{"rendered":"<p>Sul sito dell'ex fabbrica di carta a Utzenstorf (BE), la filiale Migros Digitec Galaxus vuole costruire un nuovo locale commerciale. \u00c8 previsto anche un centro pacchi della Posta. <\/p>","protected":false},"author":3,"featured_media":23208,"comment_status":"closed","ping_status":"open","sticky":false,"template":"","format":"standard","meta":{"_acf_changed":false,"_yoast_wpseo_focuskw":"Utzenstorf","_yoast_wpseo_title":"","_yoast_wpseo_metadesc":"Auf dem Areal der ehemaligen Papierfabrik in Utzenstorf (BE) will die Migros-Tochter Digitec Galaxus ein neues Betriebsgeb\u00e4ude erstellen.","_yoast_wpseo_linkdex":46,"pgc_sgb_lightbox_settings":"","footnotes":""},"categories":[985],"tags":[1396,1452,1600],"class_list":["post-23207","post","type-post","status-publish","format-standard","has-post-thumbnail","hentry","category-regionen","tag-kanton-bern","tag-logistikimmobilien","tag-projekt-in-planung"],"acf":[],"yoast_head":"<!-- This site is optimized with the Yoast SEO plugin v27.4 - https:\/\/yoast.com\/product\/yoast-seo-wordpress\/ -->\n<title>Digitec Galaxus plant Logistikzentrum in Utzenstorf - IMMOBILIEN Business<\/title>\n<meta name=\"description\" content=\"Auf dem Areal der ehemaligen Papierfabrik in Utzenstorf (BE) will die Migros-Tochter Digitec Galaxus ein neues Betriebsgeb\u00e4ude erstellen.\" \/>\n<meta name=\"robots\" content=\"index, follow, max-snippet:-1, max-image-preview:large, max-video-preview:-1\" \/>\n<link rel=\"canonical\" href=\"https:\/\/www.immobilienbusiness.ch\/it\/regionen\/2021-01-08\/digitec-galaxus-plant-logistikzentrum-in-utzenstorf\/\" \/>\n<meta property=\"og:locale\" content=\"it_IT\" \/>\n<meta property=\"og:type\" content=\"article\" \/>\n<meta property=\"og:title\" content=\"Digitec Galaxus plant Logistikzentrum in Utzenstorf - IMMOBILIEN Business\" \/>\n<meta property=\"og:description\" content=\"Auf dem Areal der ehemaligen Papierfabrik in Utzenstorf (BE) will die Migros-Tochter Digitec Galaxus ein neues Betriebsgeb\u00e4ude erstellen.\" \/>\n<meta property=\"og:url\" content=\"https:\/\/www.immobilienbusiness.ch\/it\/regionen\/2021-01-08\/digitec-galaxus-plant-logistikzentrum-in-utzenstorf\/\" \/>\n<meta property=\"og:site_name\" content=\"IMMOBILIEN Business\" \/>\n<meta property=\"article:publisher\" content=\"https:\/\/www.facebook.com\/immobilienbusiness\/\" \/>\n<meta property=\"article:published_time\" content=\"2021-01-08T07:40:48+00:00\" \/>\n<meta property=\"og:image\" content=\"https:\/\/www.immobilienbusiness.ch\/wp-content\/uploads\/2021\/01\/Utzenstorf.jpg\" \/>\n\t<meta property=\"og:image:width\" content=\"1297\" \/>\n\t<meta property=\"og:image:height\" content=\"864\" \/>\n\t<meta property=\"og:image:type\" content=\"image\/jpeg\" \/>\n<meta name=\"author\" content=\"anja.hall\" \/>\n<meta name=\"twitter:card\" content=\"summary_large_image\" \/>\n<meta name=\"twitter:image\" content=\"https:\/\/www.immobilienbusiness.ch\/wp-content\/uploads\/2021\/01\/Utzenstorf.jpg\" \/>\n<script type=\"application\/ld+json\" class=\"yoast-schema-graph\">{\"@context\":\"https:\\\/\\\/schema.org\",\"@graph\":[{\"@type\":\"Article\",\"@id\":\"https:\\\/\\\/www.immobilienbusiness.ch\\\/it\\\/regionen\\\/2021-01-08\\\/digitec-galaxus-plant-logistikzentrum-in-utzenstorf\\\/#article\",\"isPartOf\":{\"@id\":\"https:\\\/\\\/www.immobilienbusiness.ch\\\/it\\\/regionen\\\/2021-01-08\\\/digitec-galaxus-plant-logistikzentrum-in-utzenstorf\\\/\"},\"author\":{\"name\":\"anja.hall\",\"@id\":\"https:\\\/\\\/www.immobilienbusiness.ch\\\/#\\\/schema\\\/person\\\/3fc036297b10b9f42d6db5ee932af8c8\"},\"headline\":\"Digitec Galaxus plant Logistikzentrum in Utzenstorf\",\"datePublished\":\"2021-01-08T07:40:48+00:00\",\"mainEntityOfPage\":{\"@id\":\"https:\\\/\\\/www.immobilienbusiness.ch\\\/it\\\/regionen\\\/2021-01-08\\\/digitec-galaxus-plant-logistikzentrum-in-utzenstorf\\\/\"},\"wordCount\":188,\"publisher\":{\"@id\":\"https:\\\/\\\/www.immobilienbusiness.ch\\\/#organization\"},\"image\":{\"@id\":\"https:\\\/\\\/www.immobilienbusiness.ch\\\/it\\\/regionen\\\/2021-01-08\\\/digitec-galaxus-plant-logistikzentrum-in-utzenstorf\\\/#primaryimage\"},\"thumbnailUrl\":\"https:\\\/\\\/www.immobilienbusiness.ch\\\/wp-content\\\/uploads\\\/2021\\\/01\\\/Utzenstorf.jpg\",\"keywords\":[\"Kanton Bern\",\"Logistikimmobilien\",\"Projekt in Planung\"],\"articleSection\":[\"REGIONEN\"],\"inLanguage\":\"it-IT\"},{\"@type\":\"WebPage\",\"@id\":\"https:\\\/\\\/www.immobilienbusiness.ch\\\/it\\\/regionen\\\/2021-01-08\\\/digitec-galaxus-plant-logistikzentrum-in-utzenstorf\\\/\",\"url\":\"https:\\\/\\\/www.immobilienbusiness.ch\\\/it\\\/regionen\\\/2021-01-08\\\/digitec-galaxus-plant-logistikzentrum-in-utzenstorf\\\/\",\"name\":\"Digitec Galaxus plant Logistikzentrum in Utzenstorf - IMMOBILIEN Business\",\"isPartOf\":{\"@id\":\"https:\\\/\\\/www.immobilienbusiness.ch\\\/#website\"},\"primaryImageOfPage\":{\"@id\":\"https:\\\/\\\/www.immobilienbusiness.ch\\\/it\\\/regionen\\\/2021-01-08\\\/digitec-galaxus-plant-logistikzentrum-in-utzenstorf\\\/#primaryimage\"},\"image\":{\"@id\":\"https:\\\/\\\/www.immobilienbusiness.ch\\\/it\\\/regionen\\\/2021-01-08\\\/digitec-galaxus-plant-logistikzentrum-in-utzenstorf\\\/#primaryimage\"},\"thumbnailUrl\":\"https:\\\/\\\/www.immobilienbusiness.ch\\\/wp-content\\\/uploads\\\/2021\\\/01\\\/Utzenstorf.jpg\",\"datePublished\":\"2021-01-08T07:40:48+00:00\",\"description\":\"Auf dem Areal der ehemaligen Papierfabrik in Utzenstorf (BE) will die Migros-Tochter Digitec Galaxus ein neues Betriebsgeb\u00e4ude erstellen.\",\"breadcrumb\":{\"@id\":\"https:\\\/\\\/www.immobilienbusiness.ch\\\/it\\\/regionen\\\/2021-01-08\\\/digitec-galaxus-plant-logistikzentrum-in-utzenstorf\\\/#breadcrumb\"},\"inLanguage\":\"it-IT\",\"potentialAction\":[{\"@type\":\"ReadAction\",\"target\":[\"https:\\\/\\\/www.immobilienbusiness.ch\\\/it\\\/regionen\\\/2021-01-08\\\/digitec-galaxus-plant-logistikzentrum-in-utzenstorf\\\/\"]}]},{\"@type\":\"ImageObject\",\"inLanguage\":\"it-IT\",\"@id\":\"https:\\\/\\\/www.immobilienbusiness.ch\\\/it\\\/regionen\\\/2021-01-08\\\/digitec-galaxus-plant-logistikzentrum-in-utzenstorf\\\/#primaryimage\",\"url\":\"https:\\\/\\\/www.immobilienbusiness.ch\\\/wp-content\\\/uploads\\\/2021\\\/01\\\/Utzenstorf.jpg\",\"contentUrl\":\"https:\\\/\\\/www.immobilienbusiness.ch\\\/wp-content\\\/uploads\\\/2021\\\/01\\\/Utzenstorf.jpg\",\"width\":1297,\"height\":864,\"caption\":\"Das geplante Betriebsgeb\u00e4ude von Digitec Galaxus in Utzenstorf (Bild: Migros Aare)\"},{\"@type\":\"BreadcrumbList\",\"@id\":\"https:\\\/\\\/www.immobilienbusiness.ch\\\/it\\\/regionen\\\/2021-01-08\\\/digitec-galaxus-plant-logistikzentrum-in-utzenstorf\\\/#breadcrumb\",\"itemListElement\":[{\"@type\":\"ListItem\",\"position\":1,\"name\":\"Home\",\"item\":\"https:\\\/\\\/www.immobilienbusiness.ch\\\/\"},{\"@type\":\"ListItem\",\"position\":2,\"name\":\"Digitec Galaxus plant Logistikzentrum in Utzenstorf\"}]},{\"@type\":\"WebSite\",\"@id\":\"https:\\\/\\\/www.immobilienbusiness.ch\\\/#website\",\"url\":\"https:\\\/\\\/www.immobilienbusiness.ch\\\/\",\"name\":\"IMMOBILIEN Business\",\"description\":\"Unabh\u00e4ngiges Schweizer Wirtschaftsmagazin mit Fokus auf Immobilien, Architektur- und Bau sowie Investment- und Finanzierung.\",\"publisher\":{\"@id\":\"https:\\\/\\\/www.immobilienbusiness.ch\\\/#organization\"},\"potentialAction\":[{\"@type\":\"SearchAction\",\"target\":{\"@type\":\"EntryPoint\",\"urlTemplate\":\"https:\\\/\\\/www.immobilienbusiness.ch\\\/?s={search_term_string}\"},\"query-input\":{\"@type\":\"PropertyValueSpecification\",\"valueRequired\":true,\"valueName\":\"search_term_string\"}}],\"inLanguage\":\"it-IT\"},{\"@type\":\"Organization\",\"@id\":\"https:\\\/\\\/www.immobilienbusiness.ch\\\/#organization\",\"name\":\"IMMOBILIEN Business\",\"url\":\"https:\\\/\\\/www.immobilienbusiness.ch\\\/\",\"logo\":{\"@type\":\"ImageObject\",\"inLanguage\":\"it-IT\",\"@id\":\"https:\\\/\\\/www.immobilienbusiness.ch\\\/#\\\/schema\\\/logo\\\/image\\\/\",\"url\":\"https:\\\/\\\/www.immobilienbusiness.ch\\\/wp-content\\\/uploads\\\/2021\\\/07\\\/logo_ib.png\",\"contentUrl\":\"https:\\\/\\\/www.immobilienbusiness.ch\\\/wp-content\\\/uploads\\\/2021\\\/07\\\/logo_ib.png\",\"width\":800,\"height\":181,\"caption\":\"IMMOBILIEN Business\"},\"image\":{\"@id\":\"https:\\\/\\\/www.immobilienbusiness.ch\\\/#\\\/schema\\\/logo\\\/image\\\/\"},\"sameAs\":[\"https:\\\/\\\/www.facebook.com\\\/immobilienbusiness\\\/\"]},{\"@type\":\"Person\",\"@id\":\"https:\\\/\\\/www.immobilienbusiness.ch\\\/#\\\/schema\\\/person\\\/3fc036297b10b9f42d6db5ee932af8c8\",\"name\":\"anja.hall\",\"image\":{\"@type\":\"ImageObject\",\"inLanguage\":\"it-IT\",\"@id\":\"https:\\\/\\\/secure.gravatar.com\\\/avatar\\\/066b5a0d447013502c71a5782f4f3469f03cfe595cc2329fb94652fe47511bfb?s=96&d=mm&r=g\",\"url\":\"https:\\\/\\\/secure.gravatar.com\\\/avatar\\\/066b5a0d447013502c71a5782f4f3469f03cfe595cc2329fb94652fe47511bfb?s=96&d=mm&r=g\",\"contentUrl\":\"https:\\\/\\\/secure.gravatar.com\\\/avatar\\\/066b5a0d447013502c71a5782f4f3469f03cfe595cc2329fb94652fe47511bfb?s=96&d=mm&r=g\",\"caption\":\"anja.hall\"},\"url\":\"https:\\\/\\\/www.immobilienbusiness.ch\\\/it\\\/author\\\/anja-hall\\\/\"}]}<\/script>\n<!-- \/ Yoast SEO plugin. -->","yoast_head_json":{"title":"Digitec Galaxus progetta un centro logistico a Utzenstorf - IMMOBILIEN Business","description":"La filiale di Migros Digitec Galaxus sta progettando la costruzione di un nuovo edificio aziendale sul sito dell'ex fabbrica di carta di Utzenstorf (BE).","robots":{"index":"index","follow":"follow","max-snippet":"max-snippet:-1","max-image-preview":"max-image-preview:large","max-video-preview":"max-video-preview:-1"},"canonical":"https:\/\/www.immobilienbusiness.ch\/it\/regionen\/2021-01-08\/digitec-galaxus-plant-logistikzentrum-in-utzenstorf\/","og_locale":"it_IT","og_type":"article","og_title":"Digitec Galaxus plant Logistikzentrum in Utzenstorf - IMMOBILIEN Business","og_description":"Auf dem Areal der ehemaligen Papierfabrik in Utzenstorf (BE) will die Migros-Tochter Digitec Galaxus ein neues Betriebsgeb\u00e4ude erstellen.","og_url":"https:\/\/www.immobilienbusiness.ch\/it\/regionen\/2021-01-08\/digitec-galaxus-plant-logistikzentrum-in-utzenstorf\/","og_site_name":"IMMOBILIEN Business","article_publisher":"https:\/\/www.facebook.com\/immobilienbusiness\/","article_published_time":"2021-01-08T07:40:48+00:00","og_image":[{"width":1297,"height":864,"url":"https:\/\/www.immobilienbusiness.ch\/wp-content\/uploads\/2021\/01\/Utzenstorf.jpg","type":"image\/jpeg"}],"author":"anja.hall","twitter_card":"summary_large_image","twitter_image":"https:\/\/www.immobilienbusiness.ch\/wp-content\/uploads\/2021\/01\/Utzenstorf.jpg","schema":{"@context":"https:\/\/schema.org","@graph":[{"@type":"Article","@id":"https:\/\/www.immobilienbusiness.ch\/it\/regionen\/2021-01-08\/digitec-galaxus-plant-logistikzentrum-in-utzenstorf\/#article","isPartOf":{"@id":"https:\/\/www.immobilienbusiness.ch\/it\/regionen\/2021-01-08\/digitec-galaxus-plant-logistikzentrum-in-utzenstorf\/"},"author":{"name":"anja.hall","@id":"https:\/\/www.immobilienbusiness.ch\/#\/schema\/person\/3fc036297b10b9f42d6db5ee932af8c8"},"headline":"Digitec Galaxus plant Logistikzentrum in Utzenstorf","datePublished":"2021-01-08T07:40:48+00:00","mainEntityOfPage":{"@id":"https:\/\/www.immobilienbusiness.ch\/it\/regionen\/2021-01-08\/digitec-galaxus-plant-logistikzentrum-in-utzenstorf\/"},"wordCount":188,"publisher":{"@id":"https:\/\/www.immobilienbusiness.ch\/#organization"},"image":{"@id":"https:\/\/www.immobilienbusiness.ch\/it\/regionen\/2021-01-08\/digitec-galaxus-plant-logistikzentrum-in-utzenstorf\/#primaryimage"},"thumbnailUrl":"https:\/\/www.immobilienbusiness.ch\/wp-content\/uploads\/2021\/01\/Utzenstorf.jpg","keywords":["Kanton Bern","Logistikimmobilien","Projekt in Planung"],"articleSection":["REGIONEN"],"inLanguage":"it-IT"},{"@type":"WebPage","@id":"https:\/\/www.immobilienbusiness.ch\/it\/regionen\/2021-01-08\/digitec-galaxus-plant-logistikzentrum-in-utzenstorf\/","url":"https:\/\/www.immobilienbusiness.ch\/it\/regionen\/2021-01-08\/digitec-galaxus-plant-logistikzentrum-in-utzenstorf\/","name":"Digitec Galaxus progetta un centro logistico a Utzenstorf - IMMOBILIEN Business","isPartOf":{"@id":"https:\/\/www.immobilienbusiness.ch\/#website"},"primaryImageOfPage":{"@id":"https:\/\/www.immobilienbusiness.ch\/it\/regionen\/2021-01-08\/digitec-galaxus-plant-logistikzentrum-in-utzenstorf\/#primaryimage"},"image":{"@id":"https:\/\/www.immobilienbusiness.ch\/it\/regionen\/2021-01-08\/digitec-galaxus-plant-logistikzentrum-in-utzenstorf\/#primaryimage"},"thumbnailUrl":"https:\/\/www.immobilienbusiness.ch\/wp-content\/uploads\/2021\/01\/Utzenstorf.jpg","datePublished":"2021-01-08T07:40:48+00:00","description":"La filiale di Migros Digitec Galaxus sta progettando la costruzione di un nuovo edificio aziendale sul sito dell'ex fabbrica di carta di Utzenstorf (BE).","breadcrumb":{"@id":"https:\/\/www.immobilienbusiness.ch\/it\/regionen\/2021-01-08\/digitec-galaxus-plant-logistikzentrum-in-utzenstorf\/#breadcrumb"},"inLanguage":"it-IT","potentialAction":[{"@type":"ReadAction","target":["https:\/\/www.immobilienbusiness.ch\/it\/regionen\/2021-01-08\/digitec-galaxus-plant-logistikzentrum-in-utzenstorf\/"]}]},{"@type":"ImageObject","inLanguage":"it-IT","@id":"https:\/\/www.immobilienbusiness.ch\/it\/regionen\/2021-01-08\/digitec-galaxus-plant-logistikzentrum-in-utzenstorf\/#primaryimage","url":"https:\/\/www.immobilienbusiness.ch\/wp-content\/uploads\/2021\/01\/Utzenstorf.jpg","contentUrl":"https:\/\/www.immobilienbusiness.ch\/wp-content\/uploads\/2021\/01\/Utzenstorf.jpg","width":1297,"height":864,"caption":"Das geplante Betriebsgeb\u00e4ude von Digitec Galaxus in Utzenstorf (Bild: Migros Aare)"},{"@type":"BreadcrumbList","@id":"https:\/\/www.immobilienbusiness.ch\/it\/regionen\/2021-01-08\/digitec-galaxus-plant-logistikzentrum-in-utzenstorf\/#breadcrumb","itemListElement":[{"@type":"ListItem","position":1,"name":"Home","item":"https:\/\/www.immobilienbusiness.ch\/"},{"@type":"ListItem","position":2,"name":"Digitec Galaxus plant Logistikzentrum in Utzenstorf"}]},{"@type":"WebSite","@id":"https:\/\/www.immobilienbusiness.ch\/#website","url":"https:\/\/www.immobilienbusiness.ch\/","name":"Affari immobiliari","description":"Rivista economica indipendente svizzera che si concentra sul settore immobiliare, l'architettura e la costruzione, nonch\u00e9 sugli investimenti e i finanziamenti.","publisher":{"@id":"https:\/\/www.immobilienbusiness.ch\/#organization"},"potentialAction":[{"@type":"SearchAction","target":{"@type":"EntryPoint","urlTemplate":"https:\/\/www.immobilienbusiness.ch\/?s={search_term_string}"},"query-input":{"@type":"PropertyValueSpecification","valueRequired":true,"valueName":"search_term_string"}}],"inLanguage":"it-IT"},{"@type":"Organization","@id":"https:\/\/www.immobilienbusiness.ch\/#organization","name":"Affari immobiliari","url":"https:\/\/www.immobilienbusiness.ch\/","logo":{"@type":"ImageObject","inLanguage":"it-IT","@id":"https:\/\/www.immobilienbusiness.ch\/#\/schema\/logo\/image\/","url":"https:\/\/www.immobilienbusiness.ch\/wp-content\/uploads\/2021\/07\/logo_ib.png","contentUrl":"https:\/\/www.immobilienbusiness.ch\/wp-content\/uploads\/2021\/07\/logo_ib.png","width":800,"height":181,"caption":"IMMOBILIEN Business"},"image":{"@id":"https:\/\/www.immobilienbusiness.ch\/#\/schema\/logo\/image\/"},"sameAs":["https:\/\/www.facebook.com\/immobilienbusiness\/"]},{"@type":"Person","@id":"https:\/\/www.immobilienbusiness.ch\/#\/schema\/person\/3fc036297b10b9f42d6db5ee932af8c8","name":"anja.hall","image":{"@type":"ImageObject","inLanguage":"it-IT","@id":"https:\/\/secure.gravatar.com\/avatar\/066b5a0d447013502c71a5782f4f3469f03cfe595cc2329fb94652fe47511bfb?s=96&d=mm&r=g","url":"https:\/\/secure.gravatar.com\/avatar\/066b5a0d447013502c71a5782f4f3469f03cfe595cc2329fb94652fe47511bfb?s=96&d=mm&r=g","contentUrl":"https:\/\/secure.gravatar.com\/avatar\/066b5a0d447013502c71a5782f4f3469f03cfe595cc2329fb94652fe47511bfb?s=96&d=mm&r=g","caption":"anja.hall"},"url":"https:\/\/www.immobilienbusiness.ch\/it\/author\/anja-hall\/"}]}},"_links":{"self":[{"href":"https:\/\/www.immobilienbusiness.ch\/it\/wp-json\/wp\/v2\/posts\/23207","targetHints":{"allow":["GET"]}}],"collection":[{"href":"https:\/\/www.immobilienbusiness.ch\/it\/wp-json\/wp\/v2\/posts"}],"about":[{"href":"https:\/\/www.immobilienbusiness.ch\/it\/wp-json\/wp\/v2\/types\/post"}],"author":[{"embeddable":true,"href":"https:\/\/www.immobilienbusiness.ch\/it\/wp-json\/wp\/v2\/users\/3"}],"replies":[{"embeddable":true,"href":"https:\/\/www.immobilienbusiness.ch\/it\/wp-json\/wp\/v2\/comments?post=23207"}],"version-history":[{"count":0,"href":"https:\/\/www.immobilienbusiness.ch\/it\/wp-json\/wp\/v2\/posts\/23207\/revisions"}],"wp:featuredmedia":[{"embeddable":true,"href":"https:\/\/www.immobilienbusiness.ch\/it\/wp-json\/wp\/v2\/media\/23208"}],"wp:attachment":[{"href":"https:\/\/www.immobilienbusiness.ch\/it\/wp-json\/wp\/v2\/media?parent=23207"}],"wp:term":[{"taxonomy":"category","embeddable":true,"href":"https:\/\/www.immobilienbusiness.ch\/it\/wp-json\/wp\/v2\/categories?post=23207"},{"taxonomy":"post_tag","embeddable":true,"href":"https:\/\/www.immobilienbusiness.ch\/it\/wp-json\/wp\/v2\/tags?post=23207"}],"curies":[{"name":"wp","href":"https:\/\/api.w.org\/{rel}","templated":true}]}}