{"id":22951,"date":"2020-11-30T08:24:09","date_gmt":"2020-11-30T07:24:09","guid":{"rendered":"https:\/\/www.immobilienbusiness.ch\/?p=22951"},"modified":"2020-11-30T08:24:09","modified_gmt":"2020-11-30T07:24:09","slug":"emmen-wohnueberbauung-am-bahnhof-emmenbruecke-geplant","status":"publish","type":"post","link":"https:\/\/www.immobilienbusiness.ch\/it\/regionen\/2020-11-30\/emmen-wohnueberbauung-am-bahnhof-emmenbruecke-geplant\/","title":{"rendered":"Emmen: Progetto di sviluppo residenziale alla stazione ferroviaria di Emmenbr\u00fccke"},"content":{"rendered":"<figure id=\"attachment_22952\" aria-describedby=\"caption-attachment-22952\" style=\"width: 680px\" class=\"wp-caption alignnone\"><img loading=\"lazy\" decoding=\"async\" class=\"size-medium wp-image-22952\" src=\"https:\/\/www.immobilienbusiness.ch\/wp-content\/uploads\/2020\/11\/Emmen.jpg\" alt=\"\" width=\"680\" height=\"454\" srcset=\"https:\/\/www.immobilienbusiness.ch\/wp-content\/uploads\/2020\/11\/Emmen.jpg 1484w, https:\/\/www.immobilienbusiness.ch\/wp-content\/uploads\/2020\/11\/Emmen-300x200.jpg 300w, https:\/\/www.immobilienbusiness.ch\/wp-content\/uploads\/2020\/11\/Emmen-1024x683.jpg 1024w, https:\/\/www.immobilienbusiness.ch\/wp-content\/uploads\/2020\/11\/Emmen-768x512.jpg 768w, https:\/\/www.immobilienbusiness.ch\/wp-content\/uploads\/2020\/11\/Emmen-16x12.jpg 16w, https:\/\/www.immobilienbusiness.ch\/wp-content\/uploads\/2020\/11\/Emmen-262x175.jpg 262w, https:\/\/www.immobilienbusiness.ch\/wp-content\/uploads\/2020\/11\/Emmen-525x350.jpg 525w, https:\/\/www.immobilienbusiness.ch\/wp-content\/uploads\/2020\/11\/Emmen-1199x800.jpg 1199w, https:\/\/www.immobilienbusiness.ch\/wp-content\/uploads\/2020\/11\/Emmen-920x614.jpg 920w, https:\/\/www.immobilienbusiness.ch\/wp-content\/uploads\/2020\/11\/Emmen-1400x934.jpg 1400w\" sizes=\"auto, (max-width: 680px) 100vw, 680px\" \/><figcaption id=\"caption-attachment-22952\" class=\"wp-caption-text\">Modello dello sviluppo previsto vicino alla stazione ferroviaria di Emmenbr\u00fccke (Immagine: Comune di Emmen)<\/figcaption><\/figure>\n<p>Il perimetro di Emmenbaum Nord appartiene a cinque proprietari terrieri che vogliono sviluppare l'area ad alto livello insieme al comune di Emmen. Per lo stretto triangolo tra la Bahnhofstrasse e la Gerliswilstrasse verr\u00e0 ora elaborato un piano di sviluppo sulla base di un progetto indicativo. La procedura \u00e8 stata avviata nel giugno di quest'anno e, secondo il comune, sar\u00e0 completata al pi\u00f9 presto nel 2022.<\/p>\n<p>Il progetto indicativo prevede sei edifici alti quasi 30 metri con una struttura simile a un vicolo nel loro centro. Circa 3.000 metri quadrati sono previsti per spazi commerciali e di servizio, e saranno costruiti anche circa 120 appartamenti. Lo sviluppo avr\u00e0 un parcheggio condiviso a cui si acceder\u00e0 dalla Bahnhofstrasse.<\/p>\n<p>A causa dell'alta densit\u00e0 urbana, gli spazi esterni saranno limitati; questo sar\u00e0 compensato da terrazze-giardino ai piani interrati che possono essere usate collettivamente. Ampie aree pedonali, file di alberi e usi al piano terra orientati al pubblico nello spazio stradale sono destinati ad aumentare la qualit\u00e0 del soggiorno nello sviluppo.<\/p>","protected":false},"excerpt":{"rendered":"<p>Nel sobborgo lucernese di Emmen, il quartiere Emmenbaum deve essere sviluppato e densificato. Sono previsti circa 3.000 mq di spazi commerciali e di servizio e circa 120 appartamenti. <\/p>","protected":false},"author":3,"featured_media":22952,"comment_status":"closed","ping_status":"open","sticky":false,"template":"","format":"standard","meta":{"_acf_changed":false,"_yoast_wpseo_focuskw":"Emmenbr\u00fccke","_yoast_wpseo_title":"","_yoast_wpseo_metadesc":"","_yoast_wpseo_linkdex":41,"pgc_sgb_lightbox_settings":"","footnotes":""},"categories":[985],"tags":[1400,1600],"class_list":["post-22951","post","type-post","status-publish","format-standard","has-post-thumbnail","hentry","category-regionen","tag-kanton-luzern","tag-projekt-in-planung"],"acf":[],"yoast_head":"<!-- This site is optimized with the Yoast SEO plugin v27.5 - https:\/\/yoast.com\/product\/yoast-seo-wordpress\/ -->\n<title>Emmen: Wohn\u00fcberbauung am Bahnhof Emmenbr\u00fccke geplant - IMMOBILIEN Business<\/title>\n<meta name=\"robots\" content=\"index, follow, max-snippet:-1, max-image-preview:large, max-video-preview:-1\" \/>\n<link rel=\"canonical\" href=\"https:\/\/www.immobilienbusiness.ch\/it\/regionen\/2020-11-30\/emmen-wohnueberbauung-am-bahnhof-emmenbruecke-geplant\/\" \/>\n<meta property=\"og:locale\" content=\"it_IT\" \/>\n<meta property=\"og:type\" content=\"article\" \/>\n<meta property=\"og:title\" content=\"Emmen: Wohn\u00fcberbauung am Bahnhof Emmenbr\u00fccke geplant - IMMOBILIEN Business\" \/>\n<meta property=\"og:description\" content=\"Im Luzerner Vorort Emmen soll das Quartier Emmenbaum entwickelt und verdichtet werden. Geplant sind rund 3.000 qm Gewerbe- und Dienstleistungsfl\u00e4chen sowie etwa 120 Wohnungen.\" \/>\n<meta property=\"og:url\" content=\"https:\/\/www.immobilienbusiness.ch\/it\/regionen\/2020-11-30\/emmen-wohnueberbauung-am-bahnhof-emmenbruecke-geplant\/\" \/>\n<meta property=\"og:site_name\" content=\"IMMOBILIEN Business\" \/>\n<meta property=\"article:publisher\" content=\"https:\/\/www.facebook.com\/immobilienbusiness\/\" \/>\n<meta property=\"article:published_time\" content=\"2020-11-30T07:24:09+00:00\" \/>\n<meta property=\"og:image\" content=\"https:\/\/www.immobilienbusiness.ch\/wp-content\/uploads\/2020\/11\/Emmen.jpg\" \/>\n\t<meta property=\"og:image:width\" content=\"1484\" \/>\n\t<meta property=\"og:image:height\" content=\"990\" \/>\n\t<meta property=\"og:image:type\" content=\"image\/jpeg\" \/>\n<meta name=\"author\" content=\"anja.hall\" \/>\n<meta name=\"twitter:card\" content=\"summary_large_image\" \/>\n<meta name=\"twitter:image\" content=\"https:\/\/www.immobilienbusiness.ch\/wp-content\/uploads\/2020\/11\/Emmen.jpg\" \/>\n<script type=\"application\/ld+json\" class=\"yoast-schema-graph\">{\"@context\":\"https:\\\/\\\/schema.org\",\"@graph\":[{\"@type\":\"Article\",\"@id\":\"https:\\\/\\\/www.immobilienbusiness.ch\\\/de\\\/regionen\\\/2020-11-30\\\/emmen-wohnueberbauung-am-bahnhof-emmenbruecke-geplant\\\/#article\",\"isPartOf\":{\"@id\":\"https:\\\/\\\/www.immobilienbusiness.ch\\\/de\\\/regionen\\\/2020-11-30\\\/emmen-wohnueberbauung-am-bahnhof-emmenbruecke-geplant\\\/\"},\"author\":{\"name\":\"anja.hall\",\"@id\":\"https:\\\/\\\/www.immobilienbusiness.ch\\\/#\\\/schema\\\/person\\\/3fc036297b10b9f42d6db5ee932af8c8\"},\"headline\":\"Emmen: Wohn\u00fcberbauung am Bahnhof Emmenbr\u00fccke geplant\",\"datePublished\":\"2020-11-30T07:24:09+00:00\",\"mainEntityOfPage\":{\"@id\":\"https:\\\/\\\/www.immobilienbusiness.ch\\\/de\\\/regionen\\\/2020-11-30\\\/emmen-wohnueberbauung-am-bahnhof-emmenbruecke-geplant\\\/\"},\"wordCount\":172,\"publisher\":{\"@id\":\"https:\\\/\\\/www.immobilienbusiness.ch\\\/#organization\"},\"image\":{\"@id\":\"https:\\\/\\\/www.immobilienbusiness.ch\\\/de\\\/regionen\\\/2020-11-30\\\/emmen-wohnueberbauung-am-bahnhof-emmenbruecke-geplant\\\/#primaryimage\"},\"thumbnailUrl\":\"https:\\\/\\\/www.immobilienbusiness.ch\\\/wp-content\\\/uploads\\\/2020\\\/11\\\/Emmen.jpg\",\"keywords\":[\"Kanton Luzern\",\"Projekt in Planung\"],\"articleSection\":[\"REGIONEN\"],\"inLanguage\":\"it-IT\"},{\"@type\":\"WebPage\",\"@id\":\"https:\\\/\\\/www.immobilienbusiness.ch\\\/de\\\/regionen\\\/2020-11-30\\\/emmen-wohnueberbauung-am-bahnhof-emmenbruecke-geplant\\\/\",\"url\":\"https:\\\/\\\/www.immobilienbusiness.ch\\\/de\\\/regionen\\\/2020-11-30\\\/emmen-wohnueberbauung-am-bahnhof-emmenbruecke-geplant\\\/\",\"name\":\"Emmen: Wohn\u00fcberbauung am Bahnhof Emmenbr\u00fccke geplant - IMMOBILIEN Business\",\"isPartOf\":{\"@id\":\"https:\\\/\\\/www.immobilienbusiness.ch\\\/#website\"},\"primaryImageOfPage\":{\"@id\":\"https:\\\/\\\/www.immobilienbusiness.ch\\\/de\\\/regionen\\\/2020-11-30\\\/emmen-wohnueberbauung-am-bahnhof-emmenbruecke-geplant\\\/#primaryimage\"},\"image\":{\"@id\":\"https:\\\/\\\/www.immobilienbusiness.ch\\\/de\\\/regionen\\\/2020-11-30\\\/emmen-wohnueberbauung-am-bahnhof-emmenbruecke-geplant\\\/#primaryimage\"},\"thumbnailUrl\":\"https:\\\/\\\/www.immobilienbusiness.ch\\\/wp-content\\\/uploads\\\/2020\\\/11\\\/Emmen.jpg\",\"datePublished\":\"2020-11-30T07:24:09+00:00\",\"breadcrumb\":{\"@id\":\"https:\\\/\\\/www.immobilienbusiness.ch\\\/de\\\/regionen\\\/2020-11-30\\\/emmen-wohnueberbauung-am-bahnhof-emmenbruecke-geplant\\\/#breadcrumb\"},\"inLanguage\":\"it-IT\",\"potentialAction\":[{\"@type\":\"ReadAction\",\"target\":[\"https:\\\/\\\/www.immobilienbusiness.ch\\\/de\\\/regionen\\\/2020-11-30\\\/emmen-wohnueberbauung-am-bahnhof-emmenbruecke-geplant\\\/\"]}]},{\"@type\":\"ImageObject\",\"inLanguage\":\"it-IT\",\"@id\":\"https:\\\/\\\/www.immobilienbusiness.ch\\\/de\\\/regionen\\\/2020-11-30\\\/emmen-wohnueberbauung-am-bahnhof-emmenbruecke-geplant\\\/#primaryimage\",\"url\":\"https:\\\/\\\/www.immobilienbusiness.ch\\\/wp-content\\\/uploads\\\/2020\\\/11\\\/Emmen.jpg\",\"contentUrl\":\"https:\\\/\\\/www.immobilienbusiness.ch\\\/wp-content\\\/uploads\\\/2020\\\/11\\\/Emmen.jpg\",\"width\":1484,\"height\":990,\"caption\":\"Modell der geplanten \u00dcberbauung beim Bahnhof Emmenbr\u00fccke (Bild: Gemeinde Emmen)\"},{\"@type\":\"BreadcrumbList\",\"@id\":\"https:\\\/\\\/www.immobilienbusiness.ch\\\/de\\\/regionen\\\/2020-11-30\\\/emmen-wohnueberbauung-am-bahnhof-emmenbruecke-geplant\\\/#breadcrumb\",\"itemListElement\":[{\"@type\":\"ListItem\",\"position\":1,\"name\":\"Home\",\"item\":\"https:\\\/\\\/www.immobilienbusiness.ch\\\/\"},{\"@type\":\"ListItem\",\"position\":2,\"name\":\"Emmen: Wohn\u00fcberbauung am Bahnhof Emmenbr\u00fccke geplant\"}]},{\"@type\":\"WebSite\",\"@id\":\"https:\\\/\\\/www.immobilienbusiness.ch\\\/#website\",\"url\":\"https:\\\/\\\/www.immobilienbusiness.ch\\\/\",\"name\":\"IMMOBILIEN Business\",\"description\":\"Unabh\u00e4ngiges Schweizer Wirtschaftsmagazin mit Fokus auf Immobilien, Architektur- und Bau sowie Investment- und Finanzierung.\",\"publisher\":{\"@id\":\"https:\\\/\\\/www.immobilienbusiness.ch\\\/#organization\"},\"potentialAction\":[{\"@type\":\"SearchAction\",\"target\":{\"@type\":\"EntryPoint\",\"urlTemplate\":\"https:\\\/\\\/www.immobilienbusiness.ch\\\/?s={search_term_string}\"},\"query-input\":{\"@type\":\"PropertyValueSpecification\",\"valueRequired\":true,\"valueName\":\"search_term_string\"}}],\"inLanguage\":\"it-IT\"},{\"@type\":\"Organization\",\"@id\":\"https:\\\/\\\/www.immobilienbusiness.ch\\\/#organization\",\"name\":\"IMMOBILIEN Business\",\"url\":\"https:\\\/\\\/www.immobilienbusiness.ch\\\/\",\"logo\":{\"@type\":\"ImageObject\",\"inLanguage\":\"it-IT\",\"@id\":\"https:\\\/\\\/www.immobilienbusiness.ch\\\/#\\\/schema\\\/logo\\\/image\\\/\",\"url\":\"https:\\\/\\\/www.immobilienbusiness.ch\\\/wp-content\\\/uploads\\\/2021\\\/07\\\/logo_ib.png\",\"contentUrl\":\"https:\\\/\\\/www.immobilienbusiness.ch\\\/wp-content\\\/uploads\\\/2021\\\/07\\\/logo_ib.png\",\"width\":800,\"height\":181,\"caption\":\"IMMOBILIEN Business\"},\"image\":{\"@id\":\"https:\\\/\\\/www.immobilienbusiness.ch\\\/#\\\/schema\\\/logo\\\/image\\\/\"},\"sameAs\":[\"https:\\\/\\\/www.facebook.com\\\/immobilienbusiness\\\/\"]},{\"@type\":\"Person\",\"@id\":\"https:\\\/\\\/www.immobilienbusiness.ch\\\/#\\\/schema\\\/person\\\/3fc036297b10b9f42d6db5ee932af8c8\",\"name\":\"anja.hall\",\"image\":{\"@type\":\"ImageObject\",\"inLanguage\":\"it-IT\",\"@id\":\"https:\\\/\\\/secure.gravatar.com\\\/avatar\\\/066b5a0d447013502c71a5782f4f3469f03cfe595cc2329fb94652fe47511bfb?s=96&d=mm&r=g\",\"url\":\"https:\\\/\\\/secure.gravatar.com\\\/avatar\\\/066b5a0d447013502c71a5782f4f3469f03cfe595cc2329fb94652fe47511bfb?s=96&d=mm&r=g\",\"contentUrl\":\"https:\\\/\\\/secure.gravatar.com\\\/avatar\\\/066b5a0d447013502c71a5782f4f3469f03cfe595cc2329fb94652fe47511bfb?s=96&d=mm&r=g\",\"caption\":\"anja.hall\"},\"url\":\"https:\\\/\\\/www.immobilienbusiness.ch\\\/it\\\/author\\\/anja-hall\\\/\"}]}<\/script>\n<!-- \/ Yoast SEO plugin. -->","yoast_head_json":{"title":"Emmen: Progetto di sviluppo residenziale presso la stazione ferroviaria di Emmenbr\u00fccke - IMMOBILIEN Business","robots":{"index":"index","follow":"follow","max-snippet":"max-snippet:-1","max-image-preview":"max-image-preview:large","max-video-preview":"max-video-preview:-1"},"canonical":"https:\/\/www.immobilienbusiness.ch\/it\/regionen\/2020-11-30\/emmen-wohnueberbauung-am-bahnhof-emmenbruecke-geplant\/","og_locale":"it_IT","og_type":"article","og_title":"Emmen: Wohn\u00fcberbauung am Bahnhof Emmenbr\u00fccke geplant - IMMOBILIEN Business","og_description":"Im Luzerner Vorort Emmen soll das Quartier Emmenbaum entwickelt und verdichtet werden. Geplant sind rund 3.000 qm Gewerbe- und Dienstleistungsfl\u00e4chen sowie etwa 120 Wohnungen.","og_url":"https:\/\/www.immobilienbusiness.ch\/it\/regionen\/2020-11-30\/emmen-wohnueberbauung-am-bahnhof-emmenbruecke-geplant\/","og_site_name":"IMMOBILIEN Business","article_publisher":"https:\/\/www.facebook.com\/immobilienbusiness\/","article_published_time":"2020-11-30T07:24:09+00:00","og_image":[{"width":1484,"height":990,"url":"https:\/\/www.immobilienbusiness.ch\/wp-content\/uploads\/2020\/11\/Emmen.jpg","type":"image\/jpeg"}],"author":"anja.hall","twitter_card":"summary_large_image","twitter_image":"https:\/\/www.immobilienbusiness.ch\/wp-content\/uploads\/2020\/11\/Emmen.jpg","schema":{"@context":"https:\/\/schema.org","@graph":[{"@type":"Article","@id":"https:\/\/www.immobilienbusiness.ch\/de\/regionen\/2020-11-30\/emmen-wohnueberbauung-am-bahnhof-emmenbruecke-geplant\/#article","isPartOf":{"@id":"https:\/\/www.immobilienbusiness.ch\/de\/regionen\/2020-11-30\/emmen-wohnueberbauung-am-bahnhof-emmenbruecke-geplant\/"},"author":{"name":"anja.hall","@id":"https:\/\/www.immobilienbusiness.ch\/#\/schema\/person\/3fc036297b10b9f42d6db5ee932af8c8"},"headline":"Emmen: Wohn\u00fcberbauung am Bahnhof Emmenbr\u00fccke geplant","datePublished":"2020-11-30T07:24:09+00:00","mainEntityOfPage":{"@id":"https:\/\/www.immobilienbusiness.ch\/de\/regionen\/2020-11-30\/emmen-wohnueberbauung-am-bahnhof-emmenbruecke-geplant\/"},"wordCount":172,"publisher":{"@id":"https:\/\/www.immobilienbusiness.ch\/#organization"},"image":{"@id":"https:\/\/www.immobilienbusiness.ch\/de\/regionen\/2020-11-30\/emmen-wohnueberbauung-am-bahnhof-emmenbruecke-geplant\/#primaryimage"},"thumbnailUrl":"https:\/\/www.immobilienbusiness.ch\/wp-content\/uploads\/2020\/11\/Emmen.jpg","keywords":["Kanton Luzern","Projekt in Planung"],"articleSection":["REGIONEN"],"inLanguage":"it-IT"},{"@type":"WebPage","@id":"https:\/\/www.immobilienbusiness.ch\/de\/regionen\/2020-11-30\/emmen-wohnueberbauung-am-bahnhof-emmenbruecke-geplant\/","url":"https:\/\/www.immobilienbusiness.ch\/de\/regionen\/2020-11-30\/emmen-wohnueberbauung-am-bahnhof-emmenbruecke-geplant\/","name":"Emmen: Progetto di sviluppo residenziale presso la stazione ferroviaria di Emmenbr\u00fccke - IMMOBILIEN Business","isPartOf":{"@id":"https:\/\/www.immobilienbusiness.ch\/#website"},"primaryImageOfPage":{"@id":"https:\/\/www.immobilienbusiness.ch\/de\/regionen\/2020-11-30\/emmen-wohnueberbauung-am-bahnhof-emmenbruecke-geplant\/#primaryimage"},"image":{"@id":"https:\/\/www.immobilienbusiness.ch\/de\/regionen\/2020-11-30\/emmen-wohnueberbauung-am-bahnhof-emmenbruecke-geplant\/#primaryimage"},"thumbnailUrl":"https:\/\/www.immobilienbusiness.ch\/wp-content\/uploads\/2020\/11\/Emmen.jpg","datePublished":"2020-11-30T07:24:09+00:00","breadcrumb":{"@id":"https:\/\/www.immobilienbusiness.ch\/de\/regionen\/2020-11-30\/emmen-wohnueberbauung-am-bahnhof-emmenbruecke-geplant\/#breadcrumb"},"inLanguage":"it-IT","potentialAction":[{"@type":"ReadAction","target":["https:\/\/www.immobilienbusiness.ch\/de\/regionen\/2020-11-30\/emmen-wohnueberbauung-am-bahnhof-emmenbruecke-geplant\/"]}]},{"@type":"ImageObject","inLanguage":"it-IT","@id":"https:\/\/www.immobilienbusiness.ch\/de\/regionen\/2020-11-30\/emmen-wohnueberbauung-am-bahnhof-emmenbruecke-geplant\/#primaryimage","url":"https:\/\/www.immobilienbusiness.ch\/wp-content\/uploads\/2020\/11\/Emmen.jpg","contentUrl":"https:\/\/www.immobilienbusiness.ch\/wp-content\/uploads\/2020\/11\/Emmen.jpg","width":1484,"height":990,"caption":"Modell der geplanten \u00dcberbauung beim Bahnhof Emmenbr\u00fccke (Bild: Gemeinde Emmen)"},{"@type":"BreadcrumbList","@id":"https:\/\/www.immobilienbusiness.ch\/de\/regionen\/2020-11-30\/emmen-wohnueberbauung-am-bahnhof-emmenbruecke-geplant\/#breadcrumb","itemListElement":[{"@type":"ListItem","position":1,"name":"Home","item":"https:\/\/www.immobilienbusiness.ch\/"},{"@type":"ListItem","position":2,"name":"Emmen: Wohn\u00fcberbauung am Bahnhof Emmenbr\u00fccke geplant"}]},{"@type":"WebSite","@id":"https:\/\/www.immobilienbusiness.ch\/#website","url":"https:\/\/www.immobilienbusiness.ch\/","name":"Affari immobiliari","description":"Rivista economica indipendente svizzera che si concentra sul settore immobiliare, l'architettura e la costruzione, nonch\u00e9 sugli investimenti e i finanziamenti.","publisher":{"@id":"https:\/\/www.immobilienbusiness.ch\/#organization"},"potentialAction":[{"@type":"SearchAction","target":{"@type":"EntryPoint","urlTemplate":"https:\/\/www.immobilienbusiness.ch\/?s={search_term_string}"},"query-input":{"@type":"PropertyValueSpecification","valueRequired":true,"valueName":"search_term_string"}}],"inLanguage":"it-IT"},{"@type":"Organization","@id":"https:\/\/www.immobilienbusiness.ch\/#organization","name":"Affari immobiliari","url":"https:\/\/www.immobilienbusiness.ch\/","logo":{"@type":"ImageObject","inLanguage":"it-IT","@id":"https:\/\/www.immobilienbusiness.ch\/#\/schema\/logo\/image\/","url":"https:\/\/www.immobilienbusiness.ch\/wp-content\/uploads\/2021\/07\/logo_ib.png","contentUrl":"https:\/\/www.immobilienbusiness.ch\/wp-content\/uploads\/2021\/07\/logo_ib.png","width":800,"height":181,"caption":"IMMOBILIEN Business"},"image":{"@id":"https:\/\/www.immobilienbusiness.ch\/#\/schema\/logo\/image\/"},"sameAs":["https:\/\/www.facebook.com\/immobilienbusiness\/"]},{"@type":"Person","@id":"https:\/\/www.immobilienbusiness.ch\/#\/schema\/person\/3fc036297b10b9f42d6db5ee932af8c8","name":"anja.hall","image":{"@type":"ImageObject","inLanguage":"it-IT","@id":"https:\/\/secure.gravatar.com\/avatar\/066b5a0d447013502c71a5782f4f3469f03cfe595cc2329fb94652fe47511bfb?s=96&d=mm&r=g","url":"https:\/\/secure.gravatar.com\/avatar\/066b5a0d447013502c71a5782f4f3469f03cfe595cc2329fb94652fe47511bfb?s=96&d=mm&r=g","contentUrl":"https:\/\/secure.gravatar.com\/avatar\/066b5a0d447013502c71a5782f4f3469f03cfe595cc2329fb94652fe47511bfb?s=96&d=mm&r=g","caption":"anja.hall"},"url":"https:\/\/www.immobilienbusiness.ch\/it\/author\/anja-hall\/"}]}},"_links":{"self":[{"href":"https:\/\/www.immobilienbusiness.ch\/it\/wp-json\/wp\/v2\/posts\/22951","targetHints":{"allow":["GET"]}}],"collection":[{"href":"https:\/\/www.immobilienbusiness.ch\/it\/wp-json\/wp\/v2\/posts"}],"about":[{"href":"https:\/\/www.immobilienbusiness.ch\/it\/wp-json\/wp\/v2\/types\/post"}],"author":[{"embeddable":true,"href":"https:\/\/www.immobilienbusiness.ch\/it\/wp-json\/wp\/v2\/users\/3"}],"replies":[{"embeddable":true,"href":"https:\/\/www.immobilienbusiness.ch\/it\/wp-json\/wp\/v2\/comments?post=22951"}],"version-history":[{"count":0,"href":"https:\/\/www.immobilienbusiness.ch\/it\/wp-json\/wp\/v2\/posts\/22951\/revisions"}],"wp:featuredmedia":[{"embeddable":true,"href":"https:\/\/www.immobilienbusiness.ch\/it\/wp-json\/wp\/v2\/media\/22952"}],"wp:attachment":[{"href":"https:\/\/www.immobilienbusiness.ch\/it\/wp-json\/wp\/v2\/media?parent=22951"}],"wp:term":[{"taxonomy":"category","embeddable":true,"href":"https:\/\/www.immobilienbusiness.ch\/it\/wp-json\/wp\/v2\/categories?post=22951"},{"taxonomy":"post_tag","embeddable":true,"href":"https:\/\/www.immobilienbusiness.ch\/it\/wp-json\/wp\/v2\/tags?post=22951"}],"curies":[{"name":"wp","href":"https:\/\/api.w.org\/{rel}","templated":true}]}}