{"id":22886,"date":"2020-11-19T07:56:57","date_gmt":"2020-11-19T06:56:57","guid":{"rendered":"https:\/\/www.immobilienbusiness.ch\/?p=22886"},"modified":"2020-11-19T07:56:57","modified_gmt":"2020-11-19T06:56:57","slug":"basel-und-weil-am-rhein-planen-gemeinsames-quartier","status":"publish","type":"post","link":"https:\/\/www.immobilienbusiness.ch\/it\/regionen\/2020-11-19\/basel-und-weil-am-rhein-planen-gemeinsames-quartier\/","title":{"rendered":"Basilea e Weil am Rhein progettano un quartiere comune"},"content":{"rendered":"<figure id=\"attachment_18531\" aria-describedby=\"caption-attachment-18531\" style=\"width: 680px\" class=\"wp-caption alignnone\"><img loading=\"lazy\" decoding=\"async\" class=\"size-medium wp-image-18531\" src=\"https:\/\/www.immobilienbusiness.ch\/wp-content\/uploads\/2019\/09\/Basel.jpg\" alt=\"\" width=\"680\" height=\"291\" srcset=\"https:\/\/www.immobilienbusiness.ch\/wp-content\/uploads\/2019\/09\/Basel.jpg 999w, https:\/\/www.immobilienbusiness.ch\/wp-content\/uploads\/2019\/09\/Basel-300x129.jpg 300w, https:\/\/www.immobilienbusiness.ch\/wp-content\/uploads\/2019\/09\/Basel-768x329.jpg 768w, https:\/\/www.immobilienbusiness.ch\/wp-content\/uploads\/2019\/09\/Basel-16x7.jpg 16w, https:\/\/www.immobilienbusiness.ch\/wp-content\/uploads\/2019\/09\/Basel-375x161.jpg 375w, https:\/\/www.immobilienbusiness.ch\/wp-content\/uploads\/2019\/09\/Basel-760x326.jpg 760w, https:\/\/www.immobilienbusiness.ch\/wp-content\/uploads\/2019\/09\/Basel-920x394.jpg 920w\" sizes=\"auto, (max-width: 680px) 100vw, 680px\" \/><figcaption id=\"caption-attachment-18531\" class=\"wp-caption-text\">Basilea (Immagine: bloodua - depositphotos)<\/figcaption><\/figure>\n<p>L'area di pianificazione \u00e8 di circa dieci ettari e si trova a sud del quartiere Otterbach di Weil, direttamente sul confine tra Germania e Svizzera. \u00c8 in gran parte di propriet\u00e0 del comune della citt\u00e0 di Basilea, mentre la sovranit\u00e0 di pianificazione e quindi la definizione urbanistica dell'uso \u00e8 della citt\u00e0 di Weil am Rhein. Attualmente, il sito \u00e8 designato come area commerciale, ma Basilea e Weil vogliono convertire l'area in un quartiere residenziale in cui possono essere collocati anche usi commerciali minori, le cosiddette imprese commerciali non distruttive.<\/p>\n<p>Immobilien Basel-Stadt ha tenuto un concorso per lo sviluppo del sito, in cui i lavori di Hosoya Schaefer Architects con Agence Ter.de Landschaftsarchitekten e pool Architekten con Maurus Schifferli Landschaftsarchitekten sono stati premiati e selezionati per ulteriori lavori. Nella fase finale di sviluppo, i due concetti possono ospitare tra circa 1.500 e 2.264 persone.<\/p>\n<p>Ora il consiglio comunale di Weil am Rhein si occuper\u00e0 dei due concetti. Per realizzare il progetto, il piano regolatore (che equivale all'incirca al piano strutturale cantonale) deve essere cambiato e deve essere elaborato un piano di sviluppo. Il concetto di sviluppo \u00e8 concepito per un periodo da otto a dieci anni.<em> (ah)<\/em><\/p>","protected":false},"excerpt":{"rendered":"<p>Basilea vuole creare un nuovo quartiere urbano insieme alla vicina citt\u00e0 tedesca di Weil am Rhein. Nella fase finale dello sviluppo, potrebbero essere creati spazi abitativi per un massimo di 2.200 persone.<\/p>","protected":false},"author":3,"featured_media":18531,"comment_status":"closed","ping_status":"open","sticky":false,"template":"","format":"standard","meta":{"_acf_changed":false,"_yoast_wpseo_focuskw":"Basel","_yoast_wpseo_title":"","_yoast_wpseo_metadesc":"Basel will gemeinsam mit der deutschen Nachbarstadt Weil am Rhein ein neues Stadtquartier erstellen. Es soll Wohnraum f\u00fcr bis zu 2.200 Menschen entstehen.","_yoast_wpseo_linkdex":48,"pgc_sgb_lightbox_settings":"","footnotes":""},"categories":[985],"tags":[1069,1600,1724,1863],"class_list":["post-22886","post","type-post","status-publish","format-standard","has-post-thumbnail","hentry","category-regionen","tag-basel","tag-projekt-in-planung","tag-stadtentwicklung","tag-wohnimmobilien"],"acf":[],"yoast_head":"<!-- This site is optimized with the Yoast SEO plugin v27.5 - https:\/\/yoast.com\/product\/yoast-seo-wordpress\/ -->\n<title>Basel und Weil am Rhein planen gemeinsames Quartier - IMMOBILIEN Business<\/title>\n<meta name=\"description\" content=\"Basel will gemeinsam mit der deutschen Nachbarstadt Weil am Rhein ein neues Stadtquartier erstellen. Es soll Wohnraum f\u00fcr bis zu 2.200 Menschen entstehen.\" \/>\n<meta name=\"robots\" content=\"index, follow, max-snippet:-1, max-image-preview:large, max-video-preview:-1\" \/>\n<link rel=\"canonical\" href=\"https:\/\/www.immobilienbusiness.ch\/it\/regionen\/2020-11-19\/basel-und-weil-am-rhein-planen-gemeinsames-quartier\/\" \/>\n<meta property=\"og:locale\" content=\"it_IT\" \/>\n<meta property=\"og:type\" content=\"article\" \/>\n<meta property=\"og:title\" content=\"Basel und Weil am Rhein planen gemeinsames Quartier - IMMOBILIEN Business\" \/>\n<meta property=\"og:description\" content=\"Basel will gemeinsam mit der deutschen Nachbarstadt Weil am Rhein ein neues Stadtquartier erstellen. Es soll Wohnraum f\u00fcr bis zu 2.200 Menschen entstehen.\" \/>\n<meta property=\"og:url\" content=\"https:\/\/www.immobilienbusiness.ch\/it\/regionen\/2020-11-19\/basel-und-weil-am-rhein-planen-gemeinsames-quartier\/\" \/>\n<meta property=\"og:site_name\" content=\"IMMOBILIEN Business\" \/>\n<meta property=\"article:publisher\" content=\"https:\/\/www.facebook.com\/immobilienbusiness\/\" \/>\n<meta property=\"article:published_time\" content=\"2020-11-19T06:56:57+00:00\" \/>\n<meta property=\"og:image\" content=\"https:\/\/www.immobilienbusiness.ch\/wp-content\/uploads\/2019\/09\/Basel.jpg\" \/>\n\t<meta property=\"og:image:width\" content=\"999\" \/>\n\t<meta property=\"og:image:height\" content=\"428\" \/>\n\t<meta property=\"og:image:type\" content=\"image\/jpeg\" \/>\n<meta name=\"author\" content=\"anja.hall\" \/>\n<meta name=\"twitter:card\" content=\"summary_large_image\" \/>\n<meta name=\"twitter:image\" content=\"https:\/\/www.immobilienbusiness.ch\/wp-content\/uploads\/2019\/09\/Basel.jpg\" \/>\n<script type=\"application\/ld+json\" class=\"yoast-schema-graph\">{\"@context\":\"https:\\\/\\\/schema.org\",\"@graph\":[{\"@type\":\"Article\",\"@id\":\"https:\\\/\\\/www.immobilienbusiness.ch\\\/regionen\\\/2020-11-19\\\/basel-und-weil-am-rhein-planen-gemeinsames-quartier\\\/#article\",\"isPartOf\":{\"@id\":\"https:\\\/\\\/www.immobilienbusiness.ch\\\/regionen\\\/2020-11-19\\\/basel-und-weil-am-rhein-planen-gemeinsames-quartier\\\/\"},\"author\":{\"name\":\"anja.hall\",\"@id\":\"https:\\\/\\\/www.immobilienbusiness.ch\\\/#\\\/schema\\\/person\\\/3fc036297b10b9f42d6db5ee932af8c8\"},\"headline\":\"Basel und Weil am Rhein planen gemeinsames Quartier\",\"datePublished\":\"2020-11-19T06:56:57+00:00\",\"mainEntityOfPage\":{\"@id\":\"https:\\\/\\\/www.immobilienbusiness.ch\\\/regionen\\\/2020-11-19\\\/basel-und-weil-am-rhein-planen-gemeinsames-quartier\\\/\"},\"wordCount\":217,\"publisher\":{\"@id\":\"https:\\\/\\\/www.immobilienbusiness.ch\\\/#organization\"},\"image\":{\"@id\":\"https:\\\/\\\/www.immobilienbusiness.ch\\\/regionen\\\/2020-11-19\\\/basel-und-weil-am-rhein-planen-gemeinsames-quartier\\\/#primaryimage\"},\"thumbnailUrl\":\"https:\\\/\\\/www.immobilienbusiness.ch\\\/wp-content\\\/uploads\\\/2019\\\/09\\\/Basel.jpg\",\"keywords\":[\"Basel\",\"Projekt in Planung\",\"Stadtentwicklung\",\"Wohnimmobilien\"],\"articleSection\":[\"REGIONEN\"],\"inLanguage\":\"it-IT\"},{\"@type\":\"WebPage\",\"@id\":\"https:\\\/\\\/www.immobilienbusiness.ch\\\/regionen\\\/2020-11-19\\\/basel-und-weil-am-rhein-planen-gemeinsames-quartier\\\/\",\"url\":\"https:\\\/\\\/www.immobilienbusiness.ch\\\/regionen\\\/2020-11-19\\\/basel-und-weil-am-rhein-planen-gemeinsames-quartier\\\/\",\"name\":\"Basel und Weil am Rhein planen gemeinsames Quartier - IMMOBILIEN Business\",\"isPartOf\":{\"@id\":\"https:\\\/\\\/www.immobilienbusiness.ch\\\/#website\"},\"primaryImageOfPage\":{\"@id\":\"https:\\\/\\\/www.immobilienbusiness.ch\\\/regionen\\\/2020-11-19\\\/basel-und-weil-am-rhein-planen-gemeinsames-quartier\\\/#primaryimage\"},\"image\":{\"@id\":\"https:\\\/\\\/www.immobilienbusiness.ch\\\/regionen\\\/2020-11-19\\\/basel-und-weil-am-rhein-planen-gemeinsames-quartier\\\/#primaryimage\"},\"thumbnailUrl\":\"https:\\\/\\\/www.immobilienbusiness.ch\\\/wp-content\\\/uploads\\\/2019\\\/09\\\/Basel.jpg\",\"datePublished\":\"2020-11-19T06:56:57+00:00\",\"description\":\"Basel will gemeinsam mit der deutschen Nachbarstadt Weil am Rhein ein neues Stadtquartier erstellen. Es soll Wohnraum f\u00fcr bis zu 2.200 Menschen entstehen.\",\"breadcrumb\":{\"@id\":\"https:\\\/\\\/www.immobilienbusiness.ch\\\/regionen\\\/2020-11-19\\\/basel-und-weil-am-rhein-planen-gemeinsames-quartier\\\/#breadcrumb\"},\"inLanguage\":\"it-IT\",\"potentialAction\":[{\"@type\":\"ReadAction\",\"target\":[\"https:\\\/\\\/www.immobilienbusiness.ch\\\/regionen\\\/2020-11-19\\\/basel-und-weil-am-rhein-planen-gemeinsames-quartier\\\/\"]}]},{\"@type\":\"ImageObject\",\"inLanguage\":\"it-IT\",\"@id\":\"https:\\\/\\\/www.immobilienbusiness.ch\\\/regionen\\\/2020-11-19\\\/basel-und-weil-am-rhein-planen-gemeinsames-quartier\\\/#primaryimage\",\"url\":\"https:\\\/\\\/www.immobilienbusiness.ch\\\/wp-content\\\/uploads\\\/2019\\\/09\\\/Basel.jpg\",\"contentUrl\":\"https:\\\/\\\/www.immobilienbusiness.ch\\\/wp-content\\\/uploads\\\/2019\\\/09\\\/Basel.jpg\",\"width\":999,\"height\":428,\"caption\":\"Basel (Bild: bloodua - depositphotos)\"},{\"@type\":\"BreadcrumbList\",\"@id\":\"https:\\\/\\\/www.immobilienbusiness.ch\\\/regionen\\\/2020-11-19\\\/basel-und-weil-am-rhein-planen-gemeinsames-quartier\\\/#breadcrumb\",\"itemListElement\":[{\"@type\":\"ListItem\",\"position\":1,\"name\":\"Home\",\"item\":\"https:\\\/\\\/www.immobilienbusiness.ch\\\/\"},{\"@type\":\"ListItem\",\"position\":2,\"name\":\"Basel und Weil am Rhein planen gemeinsames Quartier\"}]},{\"@type\":\"WebSite\",\"@id\":\"https:\\\/\\\/www.immobilienbusiness.ch\\\/#website\",\"url\":\"https:\\\/\\\/www.immobilienbusiness.ch\\\/\",\"name\":\"IMMOBILIEN Business\",\"description\":\"Unabh\u00e4ngiges Schweizer Wirtschaftsmagazin mit Fokus auf Immobilien, Architektur- und Bau sowie Investment- und Finanzierung.\",\"publisher\":{\"@id\":\"https:\\\/\\\/www.immobilienbusiness.ch\\\/#organization\"},\"potentialAction\":[{\"@type\":\"SearchAction\",\"target\":{\"@type\":\"EntryPoint\",\"urlTemplate\":\"https:\\\/\\\/www.immobilienbusiness.ch\\\/?s={search_term_string}\"},\"query-input\":{\"@type\":\"PropertyValueSpecification\",\"valueRequired\":true,\"valueName\":\"search_term_string\"}}],\"inLanguage\":\"it-IT\"},{\"@type\":\"Organization\",\"@id\":\"https:\\\/\\\/www.immobilienbusiness.ch\\\/#organization\",\"name\":\"IMMOBILIEN Business\",\"url\":\"https:\\\/\\\/www.immobilienbusiness.ch\\\/\",\"logo\":{\"@type\":\"ImageObject\",\"inLanguage\":\"it-IT\",\"@id\":\"https:\\\/\\\/www.immobilienbusiness.ch\\\/#\\\/schema\\\/logo\\\/image\\\/\",\"url\":\"https:\\\/\\\/www.immobilienbusiness.ch\\\/wp-content\\\/uploads\\\/2021\\\/07\\\/logo_ib.png\",\"contentUrl\":\"https:\\\/\\\/www.immobilienbusiness.ch\\\/wp-content\\\/uploads\\\/2021\\\/07\\\/logo_ib.png\",\"width\":800,\"height\":181,\"caption\":\"IMMOBILIEN Business\"},\"image\":{\"@id\":\"https:\\\/\\\/www.immobilienbusiness.ch\\\/#\\\/schema\\\/logo\\\/image\\\/\"},\"sameAs\":[\"https:\\\/\\\/www.facebook.com\\\/immobilienbusiness\\\/\"]},{\"@type\":\"Person\",\"@id\":\"https:\\\/\\\/www.immobilienbusiness.ch\\\/#\\\/schema\\\/person\\\/3fc036297b10b9f42d6db5ee932af8c8\",\"name\":\"anja.hall\",\"image\":{\"@type\":\"ImageObject\",\"inLanguage\":\"it-IT\",\"@id\":\"https:\\\/\\\/secure.gravatar.com\\\/avatar\\\/066b5a0d447013502c71a5782f4f3469f03cfe595cc2329fb94652fe47511bfb?s=96&d=mm&r=g\",\"url\":\"https:\\\/\\\/secure.gravatar.com\\\/avatar\\\/066b5a0d447013502c71a5782f4f3469f03cfe595cc2329fb94652fe47511bfb?s=96&d=mm&r=g\",\"contentUrl\":\"https:\\\/\\\/secure.gravatar.com\\\/avatar\\\/066b5a0d447013502c71a5782f4f3469f03cfe595cc2329fb94652fe47511bfb?s=96&d=mm&r=g\",\"caption\":\"anja.hall\"},\"url\":\"https:\\\/\\\/www.immobilienbusiness.ch\\\/it\\\/author\\\/anja-hall\\\/\"}]}<\/script>\n<!-- \/ Yoast SEO plugin. -->","yoast_head_json":{"title":"Basilea e Weil am Rhein progettano un quartiere comune - IMMOBILIEN Business","description":"Basilea vuole creare un nuovo quartiere urbano insieme alla vicina citt\u00e0 tedesca di Weil am Rhein. L'obiettivo \u00e8 creare uno spazio abitativo per un massimo di 2.200 persone.","robots":{"index":"index","follow":"follow","max-snippet":"max-snippet:-1","max-image-preview":"max-image-preview:large","max-video-preview":"max-video-preview:-1"},"canonical":"https:\/\/www.immobilienbusiness.ch\/it\/regionen\/2020-11-19\/basel-und-weil-am-rhein-planen-gemeinsames-quartier\/","og_locale":"it_IT","og_type":"article","og_title":"Basel und Weil am Rhein planen gemeinsames Quartier - IMMOBILIEN Business","og_description":"Basel will gemeinsam mit der deutschen Nachbarstadt Weil am Rhein ein neues Stadtquartier erstellen. Es soll Wohnraum f\u00fcr bis zu 2.200 Menschen entstehen.","og_url":"https:\/\/www.immobilienbusiness.ch\/it\/regionen\/2020-11-19\/basel-und-weil-am-rhein-planen-gemeinsames-quartier\/","og_site_name":"IMMOBILIEN Business","article_publisher":"https:\/\/www.facebook.com\/immobilienbusiness\/","article_published_time":"2020-11-19T06:56:57+00:00","og_image":[{"width":999,"height":428,"url":"https:\/\/www.immobilienbusiness.ch\/wp-content\/uploads\/2019\/09\/Basel.jpg","type":"image\/jpeg"}],"author":"anja.hall","twitter_card":"summary_large_image","twitter_image":"https:\/\/www.immobilienbusiness.ch\/wp-content\/uploads\/2019\/09\/Basel.jpg","schema":{"@context":"https:\/\/schema.org","@graph":[{"@type":"Article","@id":"https:\/\/www.immobilienbusiness.ch\/regionen\/2020-11-19\/basel-und-weil-am-rhein-planen-gemeinsames-quartier\/#article","isPartOf":{"@id":"https:\/\/www.immobilienbusiness.ch\/regionen\/2020-11-19\/basel-und-weil-am-rhein-planen-gemeinsames-quartier\/"},"author":{"name":"anja.hall","@id":"https:\/\/www.immobilienbusiness.ch\/#\/schema\/person\/3fc036297b10b9f42d6db5ee932af8c8"},"headline":"Basel und Weil am Rhein planen gemeinsames Quartier","datePublished":"2020-11-19T06:56:57+00:00","mainEntityOfPage":{"@id":"https:\/\/www.immobilienbusiness.ch\/regionen\/2020-11-19\/basel-und-weil-am-rhein-planen-gemeinsames-quartier\/"},"wordCount":217,"publisher":{"@id":"https:\/\/www.immobilienbusiness.ch\/#organization"},"image":{"@id":"https:\/\/www.immobilienbusiness.ch\/regionen\/2020-11-19\/basel-und-weil-am-rhein-planen-gemeinsames-quartier\/#primaryimage"},"thumbnailUrl":"https:\/\/www.immobilienbusiness.ch\/wp-content\/uploads\/2019\/09\/Basel.jpg","keywords":["Basel","Projekt in Planung","Stadtentwicklung","Wohnimmobilien"],"articleSection":["REGIONEN"],"inLanguage":"it-IT"},{"@type":"WebPage","@id":"https:\/\/www.immobilienbusiness.ch\/regionen\/2020-11-19\/basel-und-weil-am-rhein-planen-gemeinsames-quartier\/","url":"https:\/\/www.immobilienbusiness.ch\/regionen\/2020-11-19\/basel-und-weil-am-rhein-planen-gemeinsames-quartier\/","name":"Basilea e Weil am Rhein progettano un quartiere comune - IMMOBILIEN Business","isPartOf":{"@id":"https:\/\/www.immobilienbusiness.ch\/#website"},"primaryImageOfPage":{"@id":"https:\/\/www.immobilienbusiness.ch\/regionen\/2020-11-19\/basel-und-weil-am-rhein-planen-gemeinsames-quartier\/#primaryimage"},"image":{"@id":"https:\/\/www.immobilienbusiness.ch\/regionen\/2020-11-19\/basel-und-weil-am-rhein-planen-gemeinsames-quartier\/#primaryimage"},"thumbnailUrl":"https:\/\/www.immobilienbusiness.ch\/wp-content\/uploads\/2019\/09\/Basel.jpg","datePublished":"2020-11-19T06:56:57+00:00","description":"Basilea vuole creare un nuovo quartiere urbano insieme alla vicina citt\u00e0 tedesca di Weil am Rhein. L'obiettivo \u00e8 creare uno spazio abitativo per un massimo di 2.200 persone.","breadcrumb":{"@id":"https:\/\/www.immobilienbusiness.ch\/regionen\/2020-11-19\/basel-und-weil-am-rhein-planen-gemeinsames-quartier\/#breadcrumb"},"inLanguage":"it-IT","potentialAction":[{"@type":"ReadAction","target":["https:\/\/www.immobilienbusiness.ch\/regionen\/2020-11-19\/basel-und-weil-am-rhein-planen-gemeinsames-quartier\/"]}]},{"@type":"ImageObject","inLanguage":"it-IT","@id":"https:\/\/www.immobilienbusiness.ch\/regionen\/2020-11-19\/basel-und-weil-am-rhein-planen-gemeinsames-quartier\/#primaryimage","url":"https:\/\/www.immobilienbusiness.ch\/wp-content\/uploads\/2019\/09\/Basel.jpg","contentUrl":"https:\/\/www.immobilienbusiness.ch\/wp-content\/uploads\/2019\/09\/Basel.jpg","width":999,"height":428,"caption":"Basel (Bild: bloodua - depositphotos)"},{"@type":"BreadcrumbList","@id":"https:\/\/www.immobilienbusiness.ch\/regionen\/2020-11-19\/basel-und-weil-am-rhein-planen-gemeinsames-quartier\/#breadcrumb","itemListElement":[{"@type":"ListItem","position":1,"name":"Home","item":"https:\/\/www.immobilienbusiness.ch\/"},{"@type":"ListItem","position":2,"name":"Basel und Weil am Rhein planen gemeinsames Quartier"}]},{"@type":"WebSite","@id":"https:\/\/www.immobilienbusiness.ch\/#website","url":"https:\/\/www.immobilienbusiness.ch\/","name":"Affari immobiliari","description":"Rivista economica indipendente svizzera che si concentra sul settore immobiliare, l'architettura e la costruzione, nonch\u00e9 sugli investimenti e i finanziamenti.","publisher":{"@id":"https:\/\/www.immobilienbusiness.ch\/#organization"},"potentialAction":[{"@type":"SearchAction","target":{"@type":"EntryPoint","urlTemplate":"https:\/\/www.immobilienbusiness.ch\/?s={search_term_string}"},"query-input":{"@type":"PropertyValueSpecification","valueRequired":true,"valueName":"search_term_string"}}],"inLanguage":"it-IT"},{"@type":"Organization","@id":"https:\/\/www.immobilienbusiness.ch\/#organization","name":"Affari immobiliari","url":"https:\/\/www.immobilienbusiness.ch\/","logo":{"@type":"ImageObject","inLanguage":"it-IT","@id":"https:\/\/www.immobilienbusiness.ch\/#\/schema\/logo\/image\/","url":"https:\/\/www.immobilienbusiness.ch\/wp-content\/uploads\/2021\/07\/logo_ib.png","contentUrl":"https:\/\/www.immobilienbusiness.ch\/wp-content\/uploads\/2021\/07\/logo_ib.png","width":800,"height":181,"caption":"IMMOBILIEN Business"},"image":{"@id":"https:\/\/www.immobilienbusiness.ch\/#\/schema\/logo\/image\/"},"sameAs":["https:\/\/www.facebook.com\/immobilienbusiness\/"]},{"@type":"Person","@id":"https:\/\/www.immobilienbusiness.ch\/#\/schema\/person\/3fc036297b10b9f42d6db5ee932af8c8","name":"anja.hall","image":{"@type":"ImageObject","inLanguage":"it-IT","@id":"https:\/\/secure.gravatar.com\/avatar\/066b5a0d447013502c71a5782f4f3469f03cfe595cc2329fb94652fe47511bfb?s=96&d=mm&r=g","url":"https:\/\/secure.gravatar.com\/avatar\/066b5a0d447013502c71a5782f4f3469f03cfe595cc2329fb94652fe47511bfb?s=96&d=mm&r=g","contentUrl":"https:\/\/secure.gravatar.com\/avatar\/066b5a0d447013502c71a5782f4f3469f03cfe595cc2329fb94652fe47511bfb?s=96&d=mm&r=g","caption":"anja.hall"},"url":"https:\/\/www.immobilienbusiness.ch\/it\/author\/anja-hall\/"}]}},"_links":{"self":[{"href":"https:\/\/www.immobilienbusiness.ch\/it\/wp-json\/wp\/v2\/posts\/22886","targetHints":{"allow":["GET"]}}],"collection":[{"href":"https:\/\/www.immobilienbusiness.ch\/it\/wp-json\/wp\/v2\/posts"}],"about":[{"href":"https:\/\/www.immobilienbusiness.ch\/it\/wp-json\/wp\/v2\/types\/post"}],"author":[{"embeddable":true,"href":"https:\/\/www.immobilienbusiness.ch\/it\/wp-json\/wp\/v2\/users\/3"}],"replies":[{"embeddable":true,"href":"https:\/\/www.immobilienbusiness.ch\/it\/wp-json\/wp\/v2\/comments?post=22886"}],"version-history":[{"count":0,"href":"https:\/\/www.immobilienbusiness.ch\/it\/wp-json\/wp\/v2\/posts\/22886\/revisions"}],"wp:featuredmedia":[{"embeddable":true,"href":"https:\/\/www.immobilienbusiness.ch\/it\/wp-json\/wp\/v2\/media\/18531"}],"wp:attachment":[{"href":"https:\/\/www.immobilienbusiness.ch\/it\/wp-json\/wp\/v2\/media?parent=22886"}],"wp:term":[{"taxonomy":"category","embeddable":true,"href":"https:\/\/www.immobilienbusiness.ch\/it\/wp-json\/wp\/v2\/categories?post=22886"},{"taxonomy":"post_tag","embeddable":true,"href":"https:\/\/www.immobilienbusiness.ch\/it\/wp-json\/wp\/v2\/tags?post=22886"}],"curies":[{"name":"wp","href":"https:\/\/api.w.org\/{rel}","templated":true}]}}