{"id":22778,"date":"2020-11-05T07:54:45","date_gmt":"2020-11-05T06:54:45","guid":{"rendered":"https:\/\/www.immobilienbusiness.ch\/?p=22778"},"modified":"2020-11-05T07:54:45","modified_gmt":"2020-11-05T06:54:45","slug":"neuer-ceo-fuer-allianz-suisse-immobilien","status":"publish","type":"post","link":"https:\/\/www.immobilienbusiness.ch\/it\/unternehmen\/2020-11-05\/neuer-ceo-fuer-allianz-suisse-immobilien\/","title":{"rendered":"Nuovo CEO per Allianz Suisse Real Estate"},"content":{"rendered":"<figure id=\"attachment_22779\" aria-describedby=\"caption-attachment-22779\" style=\"width: 680px\" class=\"wp-caption alignnone\"><img loading=\"lazy\" decoding=\"async\" class=\"size-medium wp-image-22779\" src=\"https:\/\/www.immobilienbusiness.ch\/wp-content\/uploads\/2020\/11\/HendrikDavid.jpg\" alt=\"\" width=\"680\" height=\"679\" srcset=\"https:\/\/www.immobilienbusiness.ch\/wp-content\/uploads\/2020\/11\/HendrikDavid.jpg 682w, https:\/\/www.immobilienbusiness.ch\/wp-content\/uploads\/2020\/11\/HendrikDavid-300x300.jpg 300w, https:\/\/www.immobilienbusiness.ch\/wp-content\/uploads\/2020\/11\/HendrikDavid-150x150.jpg 150w, https:\/\/www.immobilienbusiness.ch\/wp-content\/uploads\/2020\/11\/HendrikDavid-12x12.jpg 12w, https:\/\/www.immobilienbusiness.ch\/wp-content\/uploads\/2020\/11\/HendrikDavid-175x175.jpg 175w, https:\/\/www.immobilienbusiness.ch\/wp-content\/uploads\/2020\/11\/HendrikDavid-351x350.jpg 351w, https:\/\/www.immobilienbusiness.ch\/wp-content\/uploads\/2020\/11\/HendrikDavid-250x250.jpg 250w, https:\/\/www.immobilienbusiness.ch\/wp-content\/uploads\/2020\/11\/HendrikDavid-100x100.jpg 100w\" sizes=\"auto, (max-width: 680px) 100vw, 680px\" \/><figcaption id=\"caption-attachment-22779\" class=\"wp-caption-text\">Hendrik David (Immagine: Allianz Suisse Immobilien AG)<\/figcaption><\/figure>\n<p>Cambio al vertice di Allianz Suisse Immobilien AG: il 1\u00b0 febbraio 2021 Hendrik David prender\u00e0 il timone della filiale di Allianz Suisse come nuovo amministratore delegato (CEO). Il suo predecessore Martin Kaleja diventer\u00e0 CEO della societ\u00e0 immobiliare Swiss Prime Site Immobilien.<\/p>\n<p>Hendrik David (45), con doppia cittadinanza svizzero-tedesca, dal 2015 \u00e8 responsabile del settore immobiliare Svizzera presso AFIAA Real Estate Investment AG ed \u00e8 anche membro della direzione. Dal 2011 al 2015 \u00e8 stato vice capo del team di acquisto\/vendita presso Swisscanto Asset Management AG Svizzera, e prima ancora \u00e8 stato responsabile dello sviluppo dei progetti per \"The Circle\" presso Flughafen Z\u00fcrich AG e Associate Manager presso PwC Corporate Finance Real Estate. David si \u00e8 laureato in architettura all'ETH di Zurigo e ha conseguito un Master in Contabilit\u00e0 e Finanza all'Universit\u00e0 di San Gallo.<\/p>\n<p>\"Con Hendrik David siamo riusciti a reclutare un esperto immobiliare e finanziario di comprovata esperienza per questa importante posizione\", afferma Stefan Rapp, presidente del consiglio di amministrazione di Allianz Suisse Immobilien AG. Soprattutto nell'attuale contesto di bassi tassi d'interesse, gli \"immobili con rendimenti interessanti\" sono una parte importante della strategia d'investimento di Allianz. Secondo le sue stesse informazioni, la societ\u00e0 immobiliare gestisce attualmente un portafoglio immobiliare del valore di oltre 5 miliardi di CHF. <em>(bw)<\/em><\/p>","protected":false},"excerpt":{"rendered":"<p>Allianz Suisse Immobilien AG ha nominato Hendrik David, responsabile del settore immobiliare Svizzera presso l'AFIAA, come CEO dal 1\u00b0 febbraio 2021. David succede a Martin Kaleja, che si trasferisce a Swiss Prime Site Immobilien AG come CEO.<\/p>","protected":false},"author":3,"featured_media":22779,"comment_status":"closed","ping_status":"open","sticky":false,"template":"","format":"standard","meta":{"_acf_changed":false,"_yoast_wpseo_focuskw":"Allianz Suisse Immobilien","_yoast_wpseo_title":"","_yoast_wpseo_metadesc":"Die Allianz Suisse Immobilien AG hat Hendrik David, Leiter Immobilien Schweiz der AFIAA, per 1. Febuar 2021 zum CEO bestellt.","_yoast_wpseo_linkdex":56,"pgc_sgb_lightbox_settings":"","footnotes":""},"categories":[988],"tags":[1008,1012,1563],"class_list":["post-22778","post","type-post","status-publish","format-standard","has-post-thumbnail","hentry","category-unternehmen","tag-afiaa","tag-allianz-suisse","tag-personalia"],"acf":[],"yoast_head":"<!-- This site is optimized with the Yoast SEO plugin v27.4 - https:\/\/yoast.com\/product\/yoast-seo-wordpress\/ -->\n<title>Neuer CEO f\u00fcr Allianz Suisse Immobilien - IMMOBILIEN Business<\/title>\n<meta name=\"description\" content=\"Die Allianz Suisse Immobilien AG hat Hendrik David, Leiter Immobilien Schweiz der AFIAA, per 1. Febuar 2021 zum CEO bestellt.\" \/>\n<meta name=\"robots\" content=\"index, follow, max-snippet:-1, max-image-preview:large, max-video-preview:-1\" \/>\n<link rel=\"canonical\" href=\"https:\/\/www.immobilienbusiness.ch\/it\/unternehmen\/2020-11-05\/neuer-ceo-fuer-allianz-suisse-immobilien\/\" \/>\n<meta property=\"og:locale\" content=\"it_IT\" \/>\n<meta property=\"og:type\" content=\"article\" \/>\n<meta property=\"og:title\" content=\"Neuer CEO f\u00fcr Allianz Suisse Immobilien - IMMOBILIEN Business\" \/>\n<meta property=\"og:description\" content=\"Die Allianz Suisse Immobilien AG hat Hendrik David, Leiter Immobilien Schweiz der AFIAA, per 1. Febuar 2021 zum CEO bestellt.\" \/>\n<meta property=\"og:url\" content=\"https:\/\/www.immobilienbusiness.ch\/it\/unternehmen\/2020-11-05\/neuer-ceo-fuer-allianz-suisse-immobilien\/\" \/>\n<meta property=\"og:site_name\" content=\"IMMOBILIEN Business\" \/>\n<meta property=\"article:publisher\" content=\"https:\/\/www.facebook.com\/immobilienbusiness\/\" \/>\n<meta property=\"article:published_time\" content=\"2020-11-05T06:54:45+00:00\" \/>\n<meta property=\"og:image\" content=\"https:\/\/www.immobilienbusiness.ch\/wp-content\/uploads\/2020\/11\/HendrikDavid.jpg\" \/>\n\t<meta property=\"og:image:width\" content=\"682\" \/>\n\t<meta property=\"og:image:height\" content=\"681\" \/>\n\t<meta property=\"og:image:type\" content=\"image\/jpeg\" \/>\n<meta name=\"author\" content=\"anja.hall\" \/>\n<meta name=\"twitter:card\" content=\"summary_large_image\" \/>\n<meta name=\"twitter:image\" content=\"https:\/\/www.immobilienbusiness.ch\/wp-content\/uploads\/2020\/11\/HendrikDavid.jpg\" \/>\n<script type=\"application\/ld+json\" class=\"yoast-schema-graph\">{\"@context\":\"https:\\\/\\\/schema.org\",\"@graph\":[{\"@type\":\"Article\",\"@id\":\"https:\\\/\\\/www.immobilienbusiness.ch\\\/de\\\/unternehmen\\\/2020-11-05\\\/neuer-ceo-fuer-allianz-suisse-immobilien\\\/#article\",\"isPartOf\":{\"@id\":\"https:\\\/\\\/www.immobilienbusiness.ch\\\/de\\\/unternehmen\\\/2020-11-05\\\/neuer-ceo-fuer-allianz-suisse-immobilien\\\/\"},\"author\":{\"name\":\"anja.hall\",\"@id\":\"https:\\\/\\\/www.immobilienbusiness.ch\\\/#\\\/schema\\\/person\\\/3fc036297b10b9f42d6db5ee932af8c8\"},\"headline\":\"Neuer CEO f\u00fcr Allianz Suisse Immobilien\",\"datePublished\":\"2020-11-05T06:54:45+00:00\",\"mainEntityOfPage\":{\"@id\":\"https:\\\/\\\/www.immobilienbusiness.ch\\\/de\\\/unternehmen\\\/2020-11-05\\\/neuer-ceo-fuer-allianz-suisse-immobilien\\\/\"},\"wordCount\":215,\"publisher\":{\"@id\":\"https:\\\/\\\/www.immobilienbusiness.ch\\\/#organization\"},\"image\":{\"@id\":\"https:\\\/\\\/www.immobilienbusiness.ch\\\/de\\\/unternehmen\\\/2020-11-05\\\/neuer-ceo-fuer-allianz-suisse-immobilien\\\/#primaryimage\"},\"thumbnailUrl\":\"https:\\\/\\\/www.immobilienbusiness.ch\\\/wp-content\\\/uploads\\\/2020\\\/11\\\/HendrikDavid.jpg\",\"keywords\":[\"AFIAA\",\"Allianz Suisse\",\"Personalia\"],\"articleSection\":[\"UNTERNEHMEN\"],\"inLanguage\":\"it-IT\"},{\"@type\":\"WebPage\",\"@id\":\"https:\\\/\\\/www.immobilienbusiness.ch\\\/de\\\/unternehmen\\\/2020-11-05\\\/neuer-ceo-fuer-allianz-suisse-immobilien\\\/\",\"url\":\"https:\\\/\\\/www.immobilienbusiness.ch\\\/de\\\/unternehmen\\\/2020-11-05\\\/neuer-ceo-fuer-allianz-suisse-immobilien\\\/\",\"name\":\"Neuer CEO f\u00fcr Allianz Suisse Immobilien - IMMOBILIEN Business\",\"isPartOf\":{\"@id\":\"https:\\\/\\\/www.immobilienbusiness.ch\\\/#website\"},\"primaryImageOfPage\":{\"@id\":\"https:\\\/\\\/www.immobilienbusiness.ch\\\/de\\\/unternehmen\\\/2020-11-05\\\/neuer-ceo-fuer-allianz-suisse-immobilien\\\/#primaryimage\"},\"image\":{\"@id\":\"https:\\\/\\\/www.immobilienbusiness.ch\\\/de\\\/unternehmen\\\/2020-11-05\\\/neuer-ceo-fuer-allianz-suisse-immobilien\\\/#primaryimage\"},\"thumbnailUrl\":\"https:\\\/\\\/www.immobilienbusiness.ch\\\/wp-content\\\/uploads\\\/2020\\\/11\\\/HendrikDavid.jpg\",\"datePublished\":\"2020-11-05T06:54:45+00:00\",\"description\":\"Die Allianz Suisse Immobilien AG hat Hendrik David, Leiter Immobilien Schweiz der AFIAA, per 1. Febuar 2021 zum CEO bestellt.\",\"breadcrumb\":{\"@id\":\"https:\\\/\\\/www.immobilienbusiness.ch\\\/de\\\/unternehmen\\\/2020-11-05\\\/neuer-ceo-fuer-allianz-suisse-immobilien\\\/#breadcrumb\"},\"inLanguage\":\"it-IT\",\"potentialAction\":[{\"@type\":\"ReadAction\",\"target\":[\"https:\\\/\\\/www.immobilienbusiness.ch\\\/de\\\/unternehmen\\\/2020-11-05\\\/neuer-ceo-fuer-allianz-suisse-immobilien\\\/\"]}]},{\"@type\":\"ImageObject\",\"inLanguage\":\"it-IT\",\"@id\":\"https:\\\/\\\/www.immobilienbusiness.ch\\\/de\\\/unternehmen\\\/2020-11-05\\\/neuer-ceo-fuer-allianz-suisse-immobilien\\\/#primaryimage\",\"url\":\"https:\\\/\\\/www.immobilienbusiness.ch\\\/wp-content\\\/uploads\\\/2020\\\/11\\\/HendrikDavid.jpg\",\"contentUrl\":\"https:\\\/\\\/www.immobilienbusiness.ch\\\/wp-content\\\/uploads\\\/2020\\\/11\\\/HendrikDavid.jpg\",\"width\":682,\"height\":681,\"caption\":\"Hendrik David (Bild: Allianz Suisse Immobilien AG)\"},{\"@type\":\"BreadcrumbList\",\"@id\":\"https:\\\/\\\/www.immobilienbusiness.ch\\\/de\\\/unternehmen\\\/2020-11-05\\\/neuer-ceo-fuer-allianz-suisse-immobilien\\\/#breadcrumb\",\"itemListElement\":[{\"@type\":\"ListItem\",\"position\":1,\"name\":\"Home\",\"item\":\"https:\\\/\\\/www.immobilienbusiness.ch\\\/\"},{\"@type\":\"ListItem\",\"position\":2,\"name\":\"Neuer CEO f\u00fcr Allianz Suisse Immobilien\"}]},{\"@type\":\"WebSite\",\"@id\":\"https:\\\/\\\/www.immobilienbusiness.ch\\\/#website\",\"url\":\"https:\\\/\\\/www.immobilienbusiness.ch\\\/\",\"name\":\"IMMOBILIEN Business\",\"description\":\"Unabh\u00e4ngiges Schweizer Wirtschaftsmagazin mit Fokus auf Immobilien, Architektur- und Bau sowie Investment- und Finanzierung.\",\"publisher\":{\"@id\":\"https:\\\/\\\/www.immobilienbusiness.ch\\\/#organization\"},\"potentialAction\":[{\"@type\":\"SearchAction\",\"target\":{\"@type\":\"EntryPoint\",\"urlTemplate\":\"https:\\\/\\\/www.immobilienbusiness.ch\\\/?s={search_term_string}\"},\"query-input\":{\"@type\":\"PropertyValueSpecification\",\"valueRequired\":true,\"valueName\":\"search_term_string\"}}],\"inLanguage\":\"it-IT\"},{\"@type\":\"Organization\",\"@id\":\"https:\\\/\\\/www.immobilienbusiness.ch\\\/#organization\",\"name\":\"IMMOBILIEN Business\",\"url\":\"https:\\\/\\\/www.immobilienbusiness.ch\\\/\",\"logo\":{\"@type\":\"ImageObject\",\"inLanguage\":\"it-IT\",\"@id\":\"https:\\\/\\\/www.immobilienbusiness.ch\\\/#\\\/schema\\\/logo\\\/image\\\/\",\"url\":\"https:\\\/\\\/www.immobilienbusiness.ch\\\/wp-content\\\/uploads\\\/2021\\\/07\\\/logo_ib.png\",\"contentUrl\":\"https:\\\/\\\/www.immobilienbusiness.ch\\\/wp-content\\\/uploads\\\/2021\\\/07\\\/logo_ib.png\",\"width\":800,\"height\":181,\"caption\":\"IMMOBILIEN Business\"},\"image\":{\"@id\":\"https:\\\/\\\/www.immobilienbusiness.ch\\\/#\\\/schema\\\/logo\\\/image\\\/\"},\"sameAs\":[\"https:\\\/\\\/www.facebook.com\\\/immobilienbusiness\\\/\"]},{\"@type\":\"Person\",\"@id\":\"https:\\\/\\\/www.immobilienbusiness.ch\\\/#\\\/schema\\\/person\\\/3fc036297b10b9f42d6db5ee932af8c8\",\"name\":\"anja.hall\",\"image\":{\"@type\":\"ImageObject\",\"inLanguage\":\"it-IT\",\"@id\":\"https:\\\/\\\/secure.gravatar.com\\\/avatar\\\/066b5a0d447013502c71a5782f4f3469f03cfe595cc2329fb94652fe47511bfb?s=96&d=mm&r=g\",\"url\":\"https:\\\/\\\/secure.gravatar.com\\\/avatar\\\/066b5a0d447013502c71a5782f4f3469f03cfe595cc2329fb94652fe47511bfb?s=96&d=mm&r=g\",\"contentUrl\":\"https:\\\/\\\/secure.gravatar.com\\\/avatar\\\/066b5a0d447013502c71a5782f4f3469f03cfe595cc2329fb94652fe47511bfb?s=96&d=mm&r=g\",\"caption\":\"anja.hall\"},\"url\":\"https:\\\/\\\/www.immobilienbusiness.ch\\\/it\\\/author\\\/anja-hall\\\/\"}]}<\/script>\n<!-- \/ Yoast SEO plugin. -->","yoast_head_json":{"title":"Nuovo CEO per Allianz Suisse Real Estate - IMMOBILIEN Business","description":"Allianz Suisse Immobilien AG ha nominato Hendrik David, responsabile di Real Estate Switzerland di AFIAA, come CEO con effetto dal 1\u00b0 febbraio 2021.","robots":{"index":"index","follow":"follow","max-snippet":"max-snippet:-1","max-image-preview":"max-image-preview:large","max-video-preview":"max-video-preview:-1"},"canonical":"https:\/\/www.immobilienbusiness.ch\/it\/unternehmen\/2020-11-05\/neuer-ceo-fuer-allianz-suisse-immobilien\/","og_locale":"it_IT","og_type":"article","og_title":"Neuer CEO f\u00fcr Allianz Suisse Immobilien - IMMOBILIEN Business","og_description":"Die Allianz Suisse Immobilien AG hat Hendrik David, Leiter Immobilien Schweiz der AFIAA, per 1. Febuar 2021 zum CEO bestellt.","og_url":"https:\/\/www.immobilienbusiness.ch\/it\/unternehmen\/2020-11-05\/neuer-ceo-fuer-allianz-suisse-immobilien\/","og_site_name":"IMMOBILIEN Business","article_publisher":"https:\/\/www.facebook.com\/immobilienbusiness\/","article_published_time":"2020-11-05T06:54:45+00:00","og_image":[{"width":682,"height":681,"url":"https:\/\/www.immobilienbusiness.ch\/wp-content\/uploads\/2020\/11\/HendrikDavid.jpg","type":"image\/jpeg"}],"author":"anja.hall","twitter_card":"summary_large_image","twitter_image":"https:\/\/www.immobilienbusiness.ch\/wp-content\/uploads\/2020\/11\/HendrikDavid.jpg","schema":{"@context":"https:\/\/schema.org","@graph":[{"@type":"Article","@id":"https:\/\/www.immobilienbusiness.ch\/de\/unternehmen\/2020-11-05\/neuer-ceo-fuer-allianz-suisse-immobilien\/#article","isPartOf":{"@id":"https:\/\/www.immobilienbusiness.ch\/de\/unternehmen\/2020-11-05\/neuer-ceo-fuer-allianz-suisse-immobilien\/"},"author":{"name":"anja.hall","@id":"https:\/\/www.immobilienbusiness.ch\/#\/schema\/person\/3fc036297b10b9f42d6db5ee932af8c8"},"headline":"Neuer CEO f\u00fcr Allianz Suisse Immobilien","datePublished":"2020-11-05T06:54:45+00:00","mainEntityOfPage":{"@id":"https:\/\/www.immobilienbusiness.ch\/de\/unternehmen\/2020-11-05\/neuer-ceo-fuer-allianz-suisse-immobilien\/"},"wordCount":215,"publisher":{"@id":"https:\/\/www.immobilienbusiness.ch\/#organization"},"image":{"@id":"https:\/\/www.immobilienbusiness.ch\/de\/unternehmen\/2020-11-05\/neuer-ceo-fuer-allianz-suisse-immobilien\/#primaryimage"},"thumbnailUrl":"https:\/\/www.immobilienbusiness.ch\/wp-content\/uploads\/2020\/11\/HendrikDavid.jpg","keywords":["AFIAA","Allianz Suisse","Personalia"],"articleSection":["UNTERNEHMEN"],"inLanguage":"it-IT"},{"@type":"WebPage","@id":"https:\/\/www.immobilienbusiness.ch\/de\/unternehmen\/2020-11-05\/neuer-ceo-fuer-allianz-suisse-immobilien\/","url":"https:\/\/www.immobilienbusiness.ch\/de\/unternehmen\/2020-11-05\/neuer-ceo-fuer-allianz-suisse-immobilien\/","name":"Nuovo CEO per Allianz Suisse Real Estate - IMMOBILIEN Business","isPartOf":{"@id":"https:\/\/www.immobilienbusiness.ch\/#website"},"primaryImageOfPage":{"@id":"https:\/\/www.immobilienbusiness.ch\/de\/unternehmen\/2020-11-05\/neuer-ceo-fuer-allianz-suisse-immobilien\/#primaryimage"},"image":{"@id":"https:\/\/www.immobilienbusiness.ch\/de\/unternehmen\/2020-11-05\/neuer-ceo-fuer-allianz-suisse-immobilien\/#primaryimage"},"thumbnailUrl":"https:\/\/www.immobilienbusiness.ch\/wp-content\/uploads\/2020\/11\/HendrikDavid.jpg","datePublished":"2020-11-05T06:54:45+00:00","description":"Allianz Suisse Immobilien AG ha nominato Hendrik David, responsabile di Real Estate Switzerland di AFIAA, come CEO con effetto dal 1\u00b0 febbraio 2021.","breadcrumb":{"@id":"https:\/\/www.immobilienbusiness.ch\/de\/unternehmen\/2020-11-05\/neuer-ceo-fuer-allianz-suisse-immobilien\/#breadcrumb"},"inLanguage":"it-IT","potentialAction":[{"@type":"ReadAction","target":["https:\/\/www.immobilienbusiness.ch\/de\/unternehmen\/2020-11-05\/neuer-ceo-fuer-allianz-suisse-immobilien\/"]}]},{"@type":"ImageObject","inLanguage":"it-IT","@id":"https:\/\/www.immobilienbusiness.ch\/de\/unternehmen\/2020-11-05\/neuer-ceo-fuer-allianz-suisse-immobilien\/#primaryimage","url":"https:\/\/www.immobilienbusiness.ch\/wp-content\/uploads\/2020\/11\/HendrikDavid.jpg","contentUrl":"https:\/\/www.immobilienbusiness.ch\/wp-content\/uploads\/2020\/11\/HendrikDavid.jpg","width":682,"height":681,"caption":"Hendrik David (Bild: Allianz Suisse Immobilien AG)"},{"@type":"BreadcrumbList","@id":"https:\/\/www.immobilienbusiness.ch\/de\/unternehmen\/2020-11-05\/neuer-ceo-fuer-allianz-suisse-immobilien\/#breadcrumb","itemListElement":[{"@type":"ListItem","position":1,"name":"Home","item":"https:\/\/www.immobilienbusiness.ch\/"},{"@type":"ListItem","position":2,"name":"Neuer CEO f\u00fcr Allianz Suisse Immobilien"}]},{"@type":"WebSite","@id":"https:\/\/www.immobilienbusiness.ch\/#website","url":"https:\/\/www.immobilienbusiness.ch\/","name":"Affari immobiliari","description":"Rivista economica indipendente svizzera che si concentra sul settore immobiliare, l'architettura e la costruzione, nonch\u00e9 sugli investimenti e i finanziamenti.","publisher":{"@id":"https:\/\/www.immobilienbusiness.ch\/#organization"},"potentialAction":[{"@type":"SearchAction","target":{"@type":"EntryPoint","urlTemplate":"https:\/\/www.immobilienbusiness.ch\/?s={search_term_string}"},"query-input":{"@type":"PropertyValueSpecification","valueRequired":true,"valueName":"search_term_string"}}],"inLanguage":"it-IT"},{"@type":"Organization","@id":"https:\/\/www.immobilienbusiness.ch\/#organization","name":"Affari immobiliari","url":"https:\/\/www.immobilienbusiness.ch\/","logo":{"@type":"ImageObject","inLanguage":"it-IT","@id":"https:\/\/www.immobilienbusiness.ch\/#\/schema\/logo\/image\/","url":"https:\/\/www.immobilienbusiness.ch\/wp-content\/uploads\/2021\/07\/logo_ib.png","contentUrl":"https:\/\/www.immobilienbusiness.ch\/wp-content\/uploads\/2021\/07\/logo_ib.png","width":800,"height":181,"caption":"IMMOBILIEN Business"},"image":{"@id":"https:\/\/www.immobilienbusiness.ch\/#\/schema\/logo\/image\/"},"sameAs":["https:\/\/www.facebook.com\/immobilienbusiness\/"]},{"@type":"Person","@id":"https:\/\/www.immobilienbusiness.ch\/#\/schema\/person\/3fc036297b10b9f42d6db5ee932af8c8","name":"anja.hall","image":{"@type":"ImageObject","inLanguage":"it-IT","@id":"https:\/\/secure.gravatar.com\/avatar\/066b5a0d447013502c71a5782f4f3469f03cfe595cc2329fb94652fe47511bfb?s=96&d=mm&r=g","url":"https:\/\/secure.gravatar.com\/avatar\/066b5a0d447013502c71a5782f4f3469f03cfe595cc2329fb94652fe47511bfb?s=96&d=mm&r=g","contentUrl":"https:\/\/secure.gravatar.com\/avatar\/066b5a0d447013502c71a5782f4f3469f03cfe595cc2329fb94652fe47511bfb?s=96&d=mm&r=g","caption":"anja.hall"},"url":"https:\/\/www.immobilienbusiness.ch\/it\/author\/anja-hall\/"}]}},"_links":{"self":[{"href":"https:\/\/www.immobilienbusiness.ch\/it\/wp-json\/wp\/v2\/posts\/22778","targetHints":{"allow":["GET"]}}],"collection":[{"href":"https:\/\/www.immobilienbusiness.ch\/it\/wp-json\/wp\/v2\/posts"}],"about":[{"href":"https:\/\/www.immobilienbusiness.ch\/it\/wp-json\/wp\/v2\/types\/post"}],"author":[{"embeddable":true,"href":"https:\/\/www.immobilienbusiness.ch\/it\/wp-json\/wp\/v2\/users\/3"}],"replies":[{"embeddable":true,"href":"https:\/\/www.immobilienbusiness.ch\/it\/wp-json\/wp\/v2\/comments?post=22778"}],"version-history":[{"count":0,"href":"https:\/\/www.immobilienbusiness.ch\/it\/wp-json\/wp\/v2\/posts\/22778\/revisions"}],"wp:featuredmedia":[{"embeddable":true,"href":"https:\/\/www.immobilienbusiness.ch\/it\/wp-json\/wp\/v2\/media\/22779"}],"wp:attachment":[{"href":"https:\/\/www.immobilienbusiness.ch\/it\/wp-json\/wp\/v2\/media?parent=22778"}],"wp:term":[{"taxonomy":"category","embeddable":true,"href":"https:\/\/www.immobilienbusiness.ch\/it\/wp-json\/wp\/v2\/categories?post=22778"},{"taxonomy":"post_tag","embeddable":true,"href":"https:\/\/www.immobilienbusiness.ch\/it\/wp-json\/wp\/v2\/tags?post=22778"}],"curies":[{"name":"wp","href":"https:\/\/api.w.org\/{rel}","templated":true}]}}