{"id":22714,"date":"2020-10-28T08:06:21","date_gmt":"2020-10-28T07:06:21","guid":{"rendered":"https:\/\/www.immobilienbusiness.ch\/?p=22714"},"modified":"2020-10-28T08:06:21","modified_gmt":"2020-10-28T07:06:21","slug":"neue-nutzung-fuer-die-hauptpost-in-basel","status":"publish","type":"post","link":"https:\/\/www.immobilienbusiness.ch\/it\/regionen\/2020-10-28\/neue-nutzung-fuer-die-hauptpost-in-basel\/","title":{"rendered":"Nuovo uso per l'ufficio postale principale di Basilea"},"content":{"rendered":"<figure id=\"attachment_22722\" aria-describedby=\"caption-attachment-22722\" style=\"width: 680px\" class=\"wp-caption alignnone\"><img loading=\"lazy\" decoding=\"async\" class=\"size-medium wp-image-22722\" src=\"https:\/\/www.immobilienbusiness.ch\/wp-content\/uploads\/2020\/10\/Basel-Hauptpost-Filiale-soll-schliessen-immobilien-business-1024x1024.jpg\" alt=\"\" width=\"680\" height=\"454\" \/><figcaption id=\"caption-attachment-22722\" class=\"wp-caption-text\">L'ufficio postale principale di Basilea (Immagine: Ralf Roletschek, Opera propria, FAL, Wikimedia Commons)<\/figcaption><\/figure>\n<p>Alla fine del 2021 la Posta chiuder\u00e0 la filiale nello storico edificio di Freie Strasse 12\/Gerbergasse 13. Si cerca anche una soluzione di successione con gli altri inquilini, secondo la fondazione d'investimento Axa. Il suggestivo edificio sar\u00e0 poi destinato a un nuovo uso.<\/p>\n<p>Gli architetti di Basilea Herzog &amp; de Meuron sono stati incaricati della progettazione di un riposizionamento. La struttura dell'edificio deve essere rafforzata e, a seconda del concetto, sono previste anche modifiche all'interno dell'edificio. L'obiettivo generale \u00e8 quello di migliorare l'accessibilit\u00e0 e la permeabilit\u00e0 dell'edificio e di permettere vari usi, come negozi, uffici, punti di servizio, ristoranti o anche un ufficio postale. Secondo Axa, l'aspetto dell'edificio protetto non sar\u00e0 significativamente cambiato.<\/p>\n<p>Herzog &amp; de Meuron devono ora elaborare proposte per un riposizionamento, un concetto e una ristrutturazione; secondo Axa, una domanda di costruzione \u00e8 prevista per l'estate 2021. L'inizio dei primi lavori di ristrutturazione \u00e8 previsto per la met\u00e0 del 2022. Quanto tempo ci vorr\u00e0 per la ristrutturazione pu\u00f2 essere detto solo una volta che il nuovo concetto per l'edificio \u00e8 stato determinato, secondo Axa. <em>(ah)<\/em><\/p>","protected":false},"excerpt":{"rendered":"<p>L'ufficio postale principale di Basilea, posto sotto tutela, sar\u00e0 rinnovato e riposizionato. Il proprietario dell'edificio \u00e8 la Axa Investment Foundation.<\/p>","protected":false},"author":3,"featured_media":22722,"comment_status":"closed","ping_status":"open","sticky":false,"template":"","format":"standard","meta":{"_acf_changed":false,"_yoast_wpseo_focuskw":"Hauptpost","_yoast_wpseo_title":"","_yoast_wpseo_metadesc":"Die denkmalgesch\u00fctzte Hauptpost in Basel soll saniert und neu positioniert werden. Eigent\u00fcmerin des Geb\u00e4udes ist die Axa Anlagestiftung.","_yoast_wpseo_linkdex":52,"pgc_sgb_lightbox_settings":"","footnotes":""},"categories":[985],"tags":[1057,1069,1600,1800],"class_list":["post-22714","post","type-post","status-publish","format-standard","has-post-thumbnail","hentry","category-regionen","tag-axa","tag-basel","tag-projekt-in-planung","tag-umnutzung"],"acf":[],"yoast_head":"<!-- This site is optimized with the Yoast SEO plugin v27.5 - https:\/\/yoast.com\/product\/yoast-seo-wordpress\/ -->\n<title>Neue Nutzung f\u00fcr die Hauptpost in Basel - IMMOBILIEN Business<\/title>\n<meta name=\"description\" content=\"Die denkmalgesch\u00fctzte Hauptpost in Basel soll saniert und neu positioniert werden. Eigent\u00fcmerin des Geb\u00e4udes ist die Axa Anlagestiftung.\" \/>\n<meta name=\"robots\" content=\"index, follow, max-snippet:-1, max-image-preview:large, max-video-preview:-1\" \/>\n<link rel=\"canonical\" href=\"https:\/\/www.immobilienbusiness.ch\/it\/regionen\/2020-10-28\/neue-nutzung-fuer-die-hauptpost-in-basel\/\" \/>\n<meta property=\"og:locale\" content=\"it_IT\" \/>\n<meta property=\"og:type\" content=\"article\" \/>\n<meta property=\"og:title\" content=\"Neue Nutzung f\u00fcr die Hauptpost in Basel - IMMOBILIEN Business\" \/>\n<meta property=\"og:description\" content=\"Die denkmalgesch\u00fctzte Hauptpost in Basel soll saniert und neu positioniert werden. Eigent\u00fcmerin des Geb\u00e4udes ist die Axa Anlagestiftung.\" \/>\n<meta property=\"og:url\" content=\"https:\/\/www.immobilienbusiness.ch\/it\/regionen\/2020-10-28\/neue-nutzung-fuer-die-hauptpost-in-basel\/\" \/>\n<meta property=\"og:site_name\" content=\"IMMOBILIEN Business\" \/>\n<meta property=\"article:publisher\" content=\"https:\/\/www.facebook.com\/immobilienbusiness\/\" \/>\n<meta property=\"article:published_time\" content=\"2020-10-28T07:06:21+00:00\" \/>\n<meta property=\"og:image\" content=\"https:\/\/www.immobilienbusiness.ch\/wp-content\/uploads\/2016\/12\/Basel-Hauptpost-Filiale-soll-schliessen-immobilien-business-1024x1024.jpg\" \/>\n\t<meta property=\"og:image:width\" content=\"1024\" \/>\n\t<meta property=\"og:image:height\" content=\"1024\" \/>\n\t<meta property=\"og:image:type\" content=\"image\/jpeg\" \/>\n<meta name=\"author\" content=\"anja.hall\" \/>\n<meta name=\"twitter:card\" content=\"summary_large_image\" \/>\n<meta name=\"twitter:image\" content=\"https:\/\/www.immobilienbusiness.ch\/wp-content\/uploads\/2016\/12\/Basel-Hauptpost-Filiale-soll-schliessen-immobilien-business.jpg\" \/>\n<script type=\"application\/ld+json\" class=\"yoast-schema-graph\">{\"@context\":\"https:\\\/\\\/schema.org\",\"@graph\":[{\"@type\":\"Article\",\"@id\":\"https:\\\/\\\/www.immobilienbusiness.ch\\\/de\\\/regionen\\\/2020-10-28\\\/neue-nutzung-fuer-die-hauptpost-in-basel\\\/#article\",\"isPartOf\":{\"@id\":\"https:\\\/\\\/www.immobilienbusiness.ch\\\/de\\\/regionen\\\/2020-10-28\\\/neue-nutzung-fuer-die-hauptpost-in-basel\\\/\"},\"author\":{\"name\":\"anja.hall\",\"@id\":\"https:\\\/\\\/www.immobilienbusiness.ch\\\/#\\\/schema\\\/person\\\/3fc036297b10b9f42d6db5ee932af8c8\"},\"headline\":\"Neue Nutzung f\u00fcr die Hauptpost in Basel\",\"datePublished\":\"2020-10-28T07:06:21+00:00\",\"mainEntityOfPage\":{\"@id\":\"https:\\\/\\\/www.immobilienbusiness.ch\\\/de\\\/regionen\\\/2020-10-28\\\/neue-nutzung-fuer-die-hauptpost-in-basel\\\/\"},\"wordCount\":216,\"publisher\":{\"@id\":\"https:\\\/\\\/www.immobilienbusiness.ch\\\/#organization\"},\"image\":{\"@id\":\"https:\\\/\\\/www.immobilienbusiness.ch\\\/de\\\/regionen\\\/2020-10-28\\\/neue-nutzung-fuer-die-hauptpost-in-basel\\\/#primaryimage\"},\"thumbnailUrl\":\"https:\\\/\\\/www.immobilienbusiness.ch\\\/wp-content\\\/uploads\\\/2020\\\/10\\\/Basel-Hauptpost-Filiale-soll-schliessen-immobilien-business-1024x1024-1.jpg\",\"keywords\":[\"Axa\",\"Basel\",\"Projekt in Planung\",\"Umnutzung\"],\"articleSection\":[\"REGIONEN\"],\"inLanguage\":\"it-IT\"},{\"@type\":\"WebPage\",\"@id\":\"https:\\\/\\\/www.immobilienbusiness.ch\\\/de\\\/regionen\\\/2020-10-28\\\/neue-nutzung-fuer-die-hauptpost-in-basel\\\/\",\"url\":\"https:\\\/\\\/www.immobilienbusiness.ch\\\/de\\\/regionen\\\/2020-10-28\\\/neue-nutzung-fuer-die-hauptpost-in-basel\\\/\",\"name\":\"Neue Nutzung f\u00fcr die Hauptpost in Basel - IMMOBILIEN Business\",\"isPartOf\":{\"@id\":\"https:\\\/\\\/www.immobilienbusiness.ch\\\/#website\"},\"primaryImageOfPage\":{\"@id\":\"https:\\\/\\\/www.immobilienbusiness.ch\\\/de\\\/regionen\\\/2020-10-28\\\/neue-nutzung-fuer-die-hauptpost-in-basel\\\/#primaryimage\"},\"image\":{\"@id\":\"https:\\\/\\\/www.immobilienbusiness.ch\\\/de\\\/regionen\\\/2020-10-28\\\/neue-nutzung-fuer-die-hauptpost-in-basel\\\/#primaryimage\"},\"thumbnailUrl\":\"https:\\\/\\\/www.immobilienbusiness.ch\\\/wp-content\\\/uploads\\\/2020\\\/10\\\/Basel-Hauptpost-Filiale-soll-schliessen-immobilien-business-1024x1024-1.jpg\",\"datePublished\":\"2020-10-28T07:06:21+00:00\",\"description\":\"Die denkmalgesch\u00fctzte Hauptpost in Basel soll saniert und neu positioniert werden. Eigent\u00fcmerin des Geb\u00e4udes ist die Axa Anlagestiftung.\",\"breadcrumb\":{\"@id\":\"https:\\\/\\\/www.immobilienbusiness.ch\\\/de\\\/regionen\\\/2020-10-28\\\/neue-nutzung-fuer-die-hauptpost-in-basel\\\/#breadcrumb\"},\"inLanguage\":\"it-IT\",\"potentialAction\":[{\"@type\":\"ReadAction\",\"target\":[\"https:\\\/\\\/www.immobilienbusiness.ch\\\/de\\\/regionen\\\/2020-10-28\\\/neue-nutzung-fuer-die-hauptpost-in-basel\\\/\"]}]},{\"@type\":\"ImageObject\",\"inLanguage\":\"it-IT\",\"@id\":\"https:\\\/\\\/www.immobilienbusiness.ch\\\/de\\\/regionen\\\/2020-10-28\\\/neue-nutzung-fuer-die-hauptpost-in-basel\\\/#primaryimage\",\"url\":\"https:\\\/\\\/www.immobilienbusiness.ch\\\/wp-content\\\/uploads\\\/2020\\\/10\\\/Basel-Hauptpost-Filiale-soll-schliessen-immobilien-business-1024x1024-1.jpg\",\"contentUrl\":\"https:\\\/\\\/www.immobilienbusiness.ch\\\/wp-content\\\/uploads\\\/2020\\\/10\\\/Basel-Hauptpost-Filiale-soll-schliessen-immobilien-business-1024x1024-1.jpg\",\"width\":1024,\"height\":683,\"caption\":\"Die Hauptpost in Basel (Bild: Ralf Roletschek, Eigenes Werk, FAL, Wikimedia Commons)\"},{\"@type\":\"BreadcrumbList\",\"@id\":\"https:\\\/\\\/www.immobilienbusiness.ch\\\/de\\\/regionen\\\/2020-10-28\\\/neue-nutzung-fuer-die-hauptpost-in-basel\\\/#breadcrumb\",\"itemListElement\":[{\"@type\":\"ListItem\",\"position\":1,\"name\":\"Home\",\"item\":\"https:\\\/\\\/www.immobilienbusiness.ch\\\/\"},{\"@type\":\"ListItem\",\"position\":2,\"name\":\"Neue Nutzung f\u00fcr die Hauptpost in Basel\"}]},{\"@type\":\"WebSite\",\"@id\":\"https:\\\/\\\/www.immobilienbusiness.ch\\\/#website\",\"url\":\"https:\\\/\\\/www.immobilienbusiness.ch\\\/\",\"name\":\"IMMOBILIEN Business\",\"description\":\"Unabh\u00e4ngiges Schweizer Wirtschaftsmagazin mit Fokus auf Immobilien, Architektur- und Bau sowie Investment- und Finanzierung.\",\"publisher\":{\"@id\":\"https:\\\/\\\/www.immobilienbusiness.ch\\\/#organization\"},\"potentialAction\":[{\"@type\":\"SearchAction\",\"target\":{\"@type\":\"EntryPoint\",\"urlTemplate\":\"https:\\\/\\\/www.immobilienbusiness.ch\\\/?s={search_term_string}\"},\"query-input\":{\"@type\":\"PropertyValueSpecification\",\"valueRequired\":true,\"valueName\":\"search_term_string\"}}],\"inLanguage\":\"it-IT\"},{\"@type\":\"Organization\",\"@id\":\"https:\\\/\\\/www.immobilienbusiness.ch\\\/#organization\",\"name\":\"IMMOBILIEN Business\",\"url\":\"https:\\\/\\\/www.immobilienbusiness.ch\\\/\",\"logo\":{\"@type\":\"ImageObject\",\"inLanguage\":\"it-IT\",\"@id\":\"https:\\\/\\\/www.immobilienbusiness.ch\\\/#\\\/schema\\\/logo\\\/image\\\/\",\"url\":\"https:\\\/\\\/www.immobilienbusiness.ch\\\/wp-content\\\/uploads\\\/2021\\\/07\\\/logo_ib.png\",\"contentUrl\":\"https:\\\/\\\/www.immobilienbusiness.ch\\\/wp-content\\\/uploads\\\/2021\\\/07\\\/logo_ib.png\",\"width\":800,\"height\":181,\"caption\":\"IMMOBILIEN Business\"},\"image\":{\"@id\":\"https:\\\/\\\/www.immobilienbusiness.ch\\\/#\\\/schema\\\/logo\\\/image\\\/\"},\"sameAs\":[\"https:\\\/\\\/www.facebook.com\\\/immobilienbusiness\\\/\"]},{\"@type\":\"Person\",\"@id\":\"https:\\\/\\\/www.immobilienbusiness.ch\\\/#\\\/schema\\\/person\\\/3fc036297b10b9f42d6db5ee932af8c8\",\"name\":\"anja.hall\",\"image\":{\"@type\":\"ImageObject\",\"inLanguage\":\"it-IT\",\"@id\":\"https:\\\/\\\/secure.gravatar.com\\\/avatar\\\/066b5a0d447013502c71a5782f4f3469f03cfe595cc2329fb94652fe47511bfb?s=96&d=mm&r=g\",\"url\":\"https:\\\/\\\/secure.gravatar.com\\\/avatar\\\/066b5a0d447013502c71a5782f4f3469f03cfe595cc2329fb94652fe47511bfb?s=96&d=mm&r=g\",\"contentUrl\":\"https:\\\/\\\/secure.gravatar.com\\\/avatar\\\/066b5a0d447013502c71a5782f4f3469f03cfe595cc2329fb94652fe47511bfb?s=96&d=mm&r=g\",\"caption\":\"anja.hall\"},\"url\":\"https:\\\/\\\/www.immobilienbusiness.ch\\\/it\\\/author\\\/anja-hall\\\/\"}]}<\/script>\n<!-- \/ Yoast SEO plugin. -->","yoast_head_json":{"title":"Neue Nutzung f\u00fcr die Hauptpost in Basel - IMMOBILIEN Business","description":"L'ufficio postale principale di Basilea, posto sotto tutela, sar\u00e0 rinnovato e riposizionato. Il proprietario dell'edificio \u00e8 la Axa Investment Foundation.","robots":{"index":"index","follow":"follow","max-snippet":"max-snippet:-1","max-image-preview":"max-image-preview:large","max-video-preview":"max-video-preview:-1"},"canonical":"https:\/\/www.immobilienbusiness.ch\/it\/regionen\/2020-10-28\/neue-nutzung-fuer-die-hauptpost-in-basel\/","og_locale":"it_IT","og_type":"article","og_title":"Neue Nutzung f\u00fcr die Hauptpost in Basel - IMMOBILIEN Business","og_description":"Die denkmalgesch\u00fctzte Hauptpost in Basel soll saniert und neu positioniert werden. Eigent\u00fcmerin des Geb\u00e4udes ist die Axa Anlagestiftung.","og_url":"https:\/\/www.immobilienbusiness.ch\/it\/regionen\/2020-10-28\/neue-nutzung-fuer-die-hauptpost-in-basel\/","og_site_name":"IMMOBILIEN Business","article_publisher":"https:\/\/www.facebook.com\/immobilienbusiness\/","article_published_time":"2020-10-28T07:06:21+00:00","og_image":[{"width":1024,"height":1024,"url":"https:\/\/www.immobilienbusiness.ch\/wp-content\/uploads\/2016\/12\/Basel-Hauptpost-Filiale-soll-schliessen-immobilien-business-1024x1024.jpg","type":"image\/jpeg"}],"author":"anja.hall","twitter_card":"summary_large_image","twitter_image":"https:\/\/www.immobilienbusiness.ch\/wp-content\/uploads\/2016\/12\/Basel-Hauptpost-Filiale-soll-schliessen-immobilien-business.jpg","schema":{"@context":"https:\/\/schema.org","@graph":[{"@type":"Article","@id":"https:\/\/www.immobilienbusiness.ch\/de\/regionen\/2020-10-28\/neue-nutzung-fuer-die-hauptpost-in-basel\/#article","isPartOf":{"@id":"https:\/\/www.immobilienbusiness.ch\/de\/regionen\/2020-10-28\/neue-nutzung-fuer-die-hauptpost-in-basel\/"},"author":{"name":"anja.hall","@id":"https:\/\/www.immobilienbusiness.ch\/#\/schema\/person\/3fc036297b10b9f42d6db5ee932af8c8"},"headline":"Neue Nutzung f\u00fcr die Hauptpost in Basel","datePublished":"2020-10-28T07:06:21+00:00","mainEntityOfPage":{"@id":"https:\/\/www.immobilienbusiness.ch\/de\/regionen\/2020-10-28\/neue-nutzung-fuer-die-hauptpost-in-basel\/"},"wordCount":216,"publisher":{"@id":"https:\/\/www.immobilienbusiness.ch\/#organization"},"image":{"@id":"https:\/\/www.immobilienbusiness.ch\/de\/regionen\/2020-10-28\/neue-nutzung-fuer-die-hauptpost-in-basel\/#primaryimage"},"thumbnailUrl":"https:\/\/www.immobilienbusiness.ch\/wp-content\/uploads\/2020\/10\/Basel-Hauptpost-Filiale-soll-schliessen-immobilien-business-1024x1024-1.jpg","keywords":["Axa","Basel","Projekt in Planung","Umnutzung"],"articleSection":["REGIONEN"],"inLanguage":"it-IT"},{"@type":"WebPage","@id":"https:\/\/www.immobilienbusiness.ch\/de\/regionen\/2020-10-28\/neue-nutzung-fuer-die-hauptpost-in-basel\/","url":"https:\/\/www.immobilienbusiness.ch\/de\/regionen\/2020-10-28\/neue-nutzung-fuer-die-hauptpost-in-basel\/","name":"Neue Nutzung f\u00fcr die Hauptpost in Basel - IMMOBILIEN Business","isPartOf":{"@id":"https:\/\/www.immobilienbusiness.ch\/#website"},"primaryImageOfPage":{"@id":"https:\/\/www.immobilienbusiness.ch\/de\/regionen\/2020-10-28\/neue-nutzung-fuer-die-hauptpost-in-basel\/#primaryimage"},"image":{"@id":"https:\/\/www.immobilienbusiness.ch\/de\/regionen\/2020-10-28\/neue-nutzung-fuer-die-hauptpost-in-basel\/#primaryimage"},"thumbnailUrl":"https:\/\/www.immobilienbusiness.ch\/wp-content\/uploads\/2020\/10\/Basel-Hauptpost-Filiale-soll-schliessen-immobilien-business-1024x1024-1.jpg","datePublished":"2020-10-28T07:06:21+00:00","description":"L'ufficio postale principale di Basilea, posto sotto tutela, sar\u00e0 rinnovato e riposizionato. Il proprietario dell'edificio \u00e8 la Axa Investment Foundation.","breadcrumb":{"@id":"https:\/\/www.immobilienbusiness.ch\/de\/regionen\/2020-10-28\/neue-nutzung-fuer-die-hauptpost-in-basel\/#breadcrumb"},"inLanguage":"it-IT","potentialAction":[{"@type":"ReadAction","target":["https:\/\/www.immobilienbusiness.ch\/de\/regionen\/2020-10-28\/neue-nutzung-fuer-die-hauptpost-in-basel\/"]}]},{"@type":"ImageObject","inLanguage":"it-IT","@id":"https:\/\/www.immobilienbusiness.ch\/de\/regionen\/2020-10-28\/neue-nutzung-fuer-die-hauptpost-in-basel\/#primaryimage","url":"https:\/\/www.immobilienbusiness.ch\/wp-content\/uploads\/2020\/10\/Basel-Hauptpost-Filiale-soll-schliessen-immobilien-business-1024x1024-1.jpg","contentUrl":"https:\/\/www.immobilienbusiness.ch\/wp-content\/uploads\/2020\/10\/Basel-Hauptpost-Filiale-soll-schliessen-immobilien-business-1024x1024-1.jpg","width":1024,"height":683,"caption":"Die Hauptpost in Basel (Bild: Ralf Roletschek, Eigenes Werk, FAL, Wikimedia Commons)"},{"@type":"BreadcrumbList","@id":"https:\/\/www.immobilienbusiness.ch\/de\/regionen\/2020-10-28\/neue-nutzung-fuer-die-hauptpost-in-basel\/#breadcrumb","itemListElement":[{"@type":"ListItem","position":1,"name":"Home","item":"https:\/\/www.immobilienbusiness.ch\/"},{"@type":"ListItem","position":2,"name":"Neue Nutzung f\u00fcr die Hauptpost in Basel"}]},{"@type":"WebSite","@id":"https:\/\/www.immobilienbusiness.ch\/#website","url":"https:\/\/www.immobilienbusiness.ch\/","name":"Affari immobiliari","description":"Rivista economica indipendente svizzera che si concentra sul settore immobiliare, l'architettura e la costruzione, nonch\u00e9 sugli investimenti e i finanziamenti.","publisher":{"@id":"https:\/\/www.immobilienbusiness.ch\/#organization"},"potentialAction":[{"@type":"SearchAction","target":{"@type":"EntryPoint","urlTemplate":"https:\/\/www.immobilienbusiness.ch\/?s={search_term_string}"},"query-input":{"@type":"PropertyValueSpecification","valueRequired":true,"valueName":"search_term_string"}}],"inLanguage":"it-IT"},{"@type":"Organization","@id":"https:\/\/www.immobilienbusiness.ch\/#organization","name":"Affari immobiliari","url":"https:\/\/www.immobilienbusiness.ch\/","logo":{"@type":"ImageObject","inLanguage":"it-IT","@id":"https:\/\/www.immobilienbusiness.ch\/#\/schema\/logo\/image\/","url":"https:\/\/www.immobilienbusiness.ch\/wp-content\/uploads\/2021\/07\/logo_ib.png","contentUrl":"https:\/\/www.immobilienbusiness.ch\/wp-content\/uploads\/2021\/07\/logo_ib.png","width":800,"height":181,"caption":"IMMOBILIEN Business"},"image":{"@id":"https:\/\/www.immobilienbusiness.ch\/#\/schema\/logo\/image\/"},"sameAs":["https:\/\/www.facebook.com\/immobilienbusiness\/"]},{"@type":"Person","@id":"https:\/\/www.immobilienbusiness.ch\/#\/schema\/person\/3fc036297b10b9f42d6db5ee932af8c8","name":"anja.hall","image":{"@type":"ImageObject","inLanguage":"it-IT","@id":"https:\/\/secure.gravatar.com\/avatar\/066b5a0d447013502c71a5782f4f3469f03cfe595cc2329fb94652fe47511bfb?s=96&d=mm&r=g","url":"https:\/\/secure.gravatar.com\/avatar\/066b5a0d447013502c71a5782f4f3469f03cfe595cc2329fb94652fe47511bfb?s=96&d=mm&r=g","contentUrl":"https:\/\/secure.gravatar.com\/avatar\/066b5a0d447013502c71a5782f4f3469f03cfe595cc2329fb94652fe47511bfb?s=96&d=mm&r=g","caption":"anja.hall"},"url":"https:\/\/www.immobilienbusiness.ch\/it\/author\/anja-hall\/"}]}},"_links":{"self":[{"href":"https:\/\/www.immobilienbusiness.ch\/it\/wp-json\/wp\/v2\/posts\/22714","targetHints":{"allow":["GET"]}}],"collection":[{"href":"https:\/\/www.immobilienbusiness.ch\/it\/wp-json\/wp\/v2\/posts"}],"about":[{"href":"https:\/\/www.immobilienbusiness.ch\/it\/wp-json\/wp\/v2\/types\/post"}],"author":[{"embeddable":true,"href":"https:\/\/www.immobilienbusiness.ch\/it\/wp-json\/wp\/v2\/users\/3"}],"replies":[{"embeddable":true,"href":"https:\/\/www.immobilienbusiness.ch\/it\/wp-json\/wp\/v2\/comments?post=22714"}],"version-history":[{"count":0,"href":"https:\/\/www.immobilienbusiness.ch\/it\/wp-json\/wp\/v2\/posts\/22714\/revisions"}],"wp:featuredmedia":[{"embeddable":true,"href":"https:\/\/www.immobilienbusiness.ch\/it\/wp-json\/wp\/v2\/media\/22722"}],"wp:attachment":[{"href":"https:\/\/www.immobilienbusiness.ch\/it\/wp-json\/wp\/v2\/media?parent=22714"}],"wp:term":[{"taxonomy":"category","embeddable":true,"href":"https:\/\/www.immobilienbusiness.ch\/it\/wp-json\/wp\/v2\/categories?post=22714"},{"taxonomy":"post_tag","embeddable":true,"href":"https:\/\/www.immobilienbusiness.ch\/it\/wp-json\/wp\/v2\/tags?post=22714"}],"curies":[{"name":"wp","href":"https:\/\/api.w.org\/{rel}","templated":true}]}}